{"id":215253,"date":"2019-12-29T10:17:56","date_gmt":"2019-12-29T13:17:56","guid":{"rendered":"https:\/\/franciscanos.org.br\/noticias\/?p=215253"},"modified":"2023-01-10T08:55:41","modified_gmt":"2023-01-10T11:55:41","slug":"frades-menores-partem-de-amparo-mas-deixam-o-legado-franciscano","status":"publish","type":"post","link":"https:\/\/franciscanos.org.br\/noticias\/frades-menores-partem-de-amparo-mas-deixam-o-legado-franciscano.html","title":{"rendered":"Frades Menores partem de Amparo mas deixam o legado franciscano"},"content":{"rendered":"<p><img loading=\"lazy\" class=\"alignnone size-full wp-image-215254\" src=\"https:\/\/franciscanos.org.br\/noticias\/wp-content\/uploads\/2019\/12\/amparo_2912_7.jpg\" alt=\"\" width=\"890\" height=\"503\" srcset=\"https:\/\/franciscanos.org.br\/noticias\/wp-content\/uploads\/2019\/12\/amparo_2912_7.jpg 890w, https:\/\/franciscanos.org.br\/noticias\/wp-content\/uploads\/2019\/12\/amparo_2912_7-450x254.jpg 450w, https:\/\/franciscanos.org.br\/noticias\/wp-content\/uploads\/2019\/12\/amparo_2912_7-768x434.jpg 768w, https:\/\/franciscanos.org.br\/noticias\/wp-content\/uploads\/2019\/12\/amparo_2912_7-150x85.jpg 150w\" sizes=\"(max-width: 890px) 100vw, 890px\" \/><\/p>\n<p><strong>\u00a0<\/strong><strong>S\u00e3o Paulo (SP)<\/strong> &#8211; Depois de 108 anos de presen\u00e7a franciscana, os frades da Prov\u00edncia Franciscana da Imaculada Concei\u00e7\u00e3o passaram o cuidado pastoral da Par\u00f3quia S\u00e3o Benedito de Amparo (SP), neste s\u00e1bado (28\/12), \u00e0 Diocese desta cidade. A Celebra\u00e7\u00e3o Eucar\u00edstica, \u00e0s 19 horas, presidida pelo bispo diocesano Dom Luiz Gonzaga Fechio e concelebrada pelo Ministro Provincial Frei C\u00e9sar K\u00fclkamp, por frades da Prov\u00edncia (o Definidor Frei M\u00e1rio Tagliari, Frei Jo\u00e3o Manoel Zechinato, natural da cidade, assim como o postulante Vin\u00edcius de Oliveira Betim) e sacerdotes da Diocese, marcou este momento que j\u00e1 vinha sendo preparado antes no campo jur\u00eddico e can\u00f4nico entre as duas entidades e que faz parte do processo de redimensionamento reafirmado pela Prov\u00edncia no \u00faltimo Cap\u00edtulo Provincial (2018).<\/p>\n<p>Os paroquianos e lideran\u00e7as de diferentes pastorais e movimentos demonstraram toda a gratid\u00e3o ao trabalho evangelizador franciscano e aplaudiram demoradamente os frades em v\u00e1rios momentos da celebra\u00e7\u00e3o, mesmo com todo do clima de tristeza que acompanhou a celebra\u00e7\u00e3o, tendo como tema da liturgia a fuga para o Egito da Sagrada Fam\u00edlia.<\/p>\n<p>Dom Luiz partiu de um pensamento do fil\u00f3sofo Ant\u00edstenes de Atenas &#8211; &#8220;A gratid\u00e3o \u00e9 a mem\u00f3ria do cora\u00e7\u00e3o&#8221; &#8211; para resumir este momento. &#8220;Com essa frase, a gente reconhece muito o que Deus fez na vida de tanta gente que n\u00e3o est\u00e1 mais aqui atrav\u00e9s desses irm\u00e3os padres, mas antes de padres, freis. E cada um tem os nomes de muitos guardados em seu cora\u00e7\u00e3o. N\u00f3s agradecemos muito&#8221;, disse.<\/p>\n<p><img loading=\"lazy\" class=\"alignnone size-full wp-image-215256\" src=\"https:\/\/franciscanos.org.br\/noticias\/wp-content\/uploads\/2019\/12\/amparo_2912_2.jpg\" alt=\"\" width=\"890\" height=\"619\" srcset=\"https:\/\/franciscanos.org.br\/noticias\/wp-content\/uploads\/2019\/12\/amparo_2912_2.jpg 890w, https:\/\/franciscanos.org.br\/noticias\/wp-content\/uploads\/2019\/12\/amparo_2912_2-450x313.jpg 450w, https:\/\/franciscanos.org.br\/noticias\/wp-content\/uploads\/2019\/12\/amparo_2912_2-768x534.jpg 768w, https:\/\/franciscanos.org.br\/noticias\/wp-content\/uploads\/2019\/12\/amparo_2912_2-150x104.jpg 150w\" sizes=\"(max-width: 890px) 100vw, 890px\" \/><\/p>\n<p>O bispo usou as express\u00f5es &#8220;Que bom e que pena!&#8221; no seu agradecimento. &#8220;Que bom porque n\u00f3s tivemos a presen\u00e7a religiosa franciscana por mais de 100 anos e quando eles chegaram n\u00e3o tinha ningu\u00e9m que est\u00e1 aqui. E quanta coisa bonita, com certeza, para nossas fam\u00edlias Deus fez por meio desses nossos irm\u00e3os! Que pena, justamente, por causa disso. Que pena que eles t\u00eam que deixar aqui para outras miss\u00f5es, para outras frentes mission\u00e1rias de a\u00e7\u00e3o pastoral evangelizadora! Que esse legado dos franciscanos, dos Frades Menores, possa ficar entre n\u00f3s!&#8221;, desejou.<\/p>\n<p>&#8220;Eu comecei a homilia dizendo como todos n\u00f3s gostamos muito de usar essa express\u00e3o de &#8216;Paz e Bem&#8217;. Ent\u00e3o, continuemos. N\u00e3o \u00e9 porque os freis v\u00e3o embora que estamos proibidos de falar. Mas tamb\u00e9m n\u00e3o \u00e9 s\u00f3 falar. Justamente pelo legado dessas comunidades que vamos trazer essa sauda\u00e7\u00e3o franciscana para a nossa vida, para o nosso cora\u00e7\u00e3o, de uma maneira que a gente transmita, que a gente comunique, que a gente fa\u00e7a a pessoa acreditar no que n\u00f3s estamos falando&#8221;, pediu. Segundo ele, isso vai ser sempre um desafio neste mundo e dentro da pr\u00f3pria Igreja ou dentro da comunidade.<\/p>\n<p><img loading=\"lazy\" class=\"alignnone size-full wp-image-215257\" src=\"https:\/\/franciscanos.org.br\/noticias\/wp-content\/uploads\/2019\/12\/amparo_2912_4.jpg\" alt=\"\" width=\"890\" height=\"668\" srcset=\"https:\/\/franciscanos.org.br\/noticias\/wp-content\/uploads\/2019\/12\/amparo_2912_4.jpg 890w, https:\/\/franciscanos.org.br\/noticias\/wp-content\/uploads\/2019\/12\/amparo_2912_4-450x338.jpg 450w, https:\/\/franciscanos.org.br\/noticias\/wp-content\/uploads\/2019\/12\/amparo_2912_4-768x576.jpg 768w, https:\/\/franciscanos.org.br\/noticias\/wp-content\/uploads\/2019\/12\/amparo_2912_4-150x113.jpg 150w, https:\/\/franciscanos.org.br\/noticias\/wp-content\/uploads\/2019\/12\/amparo_2912_4-600x450.jpg 600w\" sizes=\"(max-width: 890px) 100vw, 890px\" \/><\/p>\n<p>&#8220;Ent\u00e3o, mais uma vez, muito obrigado aos freis por essa presen\u00e7a que guardamos na mem\u00f3ria do nosso cora\u00e7\u00e3o. Certamente, onde estiverem v\u00e3o se lembrar de n\u00f3s e n\u00f3s vamos nos lembrar deles. E dentro dessa grande fam\u00edlia que todos n\u00f3s somos &#8211; agora n\u00e3o estou falando de uma, de tipo de sangue ou de sobrenome &#8211; vamos trazer mais belamente esse esp\u00edrito de Francisco, esse jeito de Francisco na nossa vida, com nosso querido Papa Francisco, para que avancemos em \u00e1guas mais profundas na nossa miss\u00e3o, na nossa a\u00e7\u00e3o evangelizadora. Que Maria e Jos\u00e9, com esse Menino de Bel\u00e9m, interceda por n\u00f3s para que a gente viva melhor essa salva\u00e7\u00e3o que verdadeiramente Ele nos trouxe. E quando a gente contemplar o pres\u00e9pio, n\u00e3o tem como n\u00e3o se lembrar de Francisco. Vamos colocar isso no cora\u00e7\u00e3o de uma maneira que a gente possa continuar em frente sabendo que o Senhor vai \u00e0 nossa frente&#8221;, completou o bispo.<\/p>\n<p><img loading=\"lazy\" class=\"alignnone size-full wp-image-215258\" src=\"https:\/\/franciscanos.org.br\/noticias\/wp-content\/uploads\/2019\/12\/amparo_2912_3.jpg\" alt=\"\" width=\"890\" height=\"668\" srcset=\"https:\/\/franciscanos.org.br\/noticias\/wp-content\/uploads\/2019\/12\/amparo_2912_3.jpg 890w, https:\/\/franciscanos.org.br\/noticias\/wp-content\/uploads\/2019\/12\/amparo_2912_3-450x338.jpg 450w, https:\/\/franciscanos.org.br\/noticias\/wp-content\/uploads\/2019\/12\/amparo_2912_3-768x576.jpg 768w, https:\/\/franciscanos.org.br\/noticias\/wp-content\/uploads\/2019\/12\/amparo_2912_3-150x113.jpg 150w, https:\/\/franciscanos.org.br\/noticias\/wp-content\/uploads\/2019\/12\/amparo_2912_3-600x450.jpg 600w\" sizes=\"(max-width: 890px) 100vw, 890px\" \/><\/p>\n<p><strong>O TRABALHO INCANS\u00c1VEL DE SEMEAR A PALAVRA<\/strong><\/p>\n<p>O Ministro Provincial destacou o grande trabalho evangelizador que os frades fizeram em 108 anos na cidade e na regi\u00e3o. &#8220;Muitos s\u00e3o bem lembrados, outros deixaram a sua contribui\u00e7\u00e3o, mas o tempo se encarregou tamb\u00e9m de deixar permanecer aquilo que \u00e9 mais importante e essencial, que \u00e9 exatamente o trabalho de semear a Palavra de Deus&#8221;, enfatizou.<\/p>\n<p>&#8220;Esse foi o trabalho incans\u00e1vel. Se a gente pega os livros das cr\u00f4nicas, do hist\u00f3rico da presen\u00e7a dos frades, vamos perceber que desde o in\u00edcio eles aqui vieram com um projeto muito claro de anunciar essa palavra de Deus, de &#8216;salvar almas&#8217;, como escreviam bem no in\u00edcio. E, por isso, tamb\u00e9m essa casa n\u00e3o foi apenas um lugar de atendimento, mas a partir daqui os frades puderam ter uma atua\u00e7\u00e3o em toda a regi\u00e3o. Iam com os meios de locomo\u00e7\u00e3o daquele tempo, chegavam a cidades bem mais distantes, estabeleceram-se em algumas delas, mas fizeram esse grande trabalho de levar a Palavra de Deus e semear o bem onde eles pudessem chegar com as condi\u00e7\u00f5es de cada tempo&#8221;, assinalou.<\/p>\n<p><img loading=\"lazy\" class=\"alignnone size-full wp-image-215259\" src=\"https:\/\/franciscanos.org.br\/noticias\/wp-content\/uploads\/2019\/12\/amparo_2912_9.jpg\" alt=\"\" width=\"890\" height=\"668\" srcset=\"https:\/\/franciscanos.org.br\/noticias\/wp-content\/uploads\/2019\/12\/amparo_2912_9.jpg 890w, https:\/\/franciscanos.org.br\/noticias\/wp-content\/uploads\/2019\/12\/amparo_2912_9-450x338.jpg 450w, https:\/\/franciscanos.org.br\/noticias\/wp-content\/uploads\/2019\/12\/amparo_2912_9-768x576.jpg 768w, https:\/\/franciscanos.org.br\/noticias\/wp-content\/uploads\/2019\/12\/amparo_2912_9-150x113.jpg 150w, https:\/\/franciscanos.org.br\/noticias\/wp-content\/uploads\/2019\/12\/amparo_2912_9-600x450.jpg 600w\" sizes=\"(max-width: 890px) 100vw, 890px\" \/><\/p>\n<p>Segundo ele, o sentimento dos frades \u00e9 bastante parecido com o que disse Dom Luiz. &#8220;Gratid\u00e3o&#8221;. Frei C\u00e9sar tamb\u00e9m explicou que pela tradi\u00e7\u00e3o franciscana, de itiner\u00e2ncia, esse \u00e9 o momento de partir. &#8220;A gente d\u00e1 a nossa contribui\u00e7\u00e3o a um projeto que \u00e9 maior, como disse Dom Luiz, n\u00e3o por nosso m\u00e9rito, mas pela gra\u00e7a de Deus. Ent\u00e3o, tudo que os frades puderam fazer nesse tempo, tamb\u00e9m foi a gra\u00e7a de Deus. Essa gra\u00e7a continua aqui presente. A gente faz aquilo que nossos esfor\u00e7os permitem, que a nossa qualidade, os nossos defeitos tamb\u00e9m permitem, mas essa \u00e9 a nossa contribui\u00e7\u00e3o. A nossa miss\u00e3o \u00e9 de seguir adiante. Para outros lugares, onde o Esp\u00edrito nos manda. E n\u00f3s, franciscanos, temos diferentes trabalhos. Voc\u00eas sabem, voc\u00eas que participaram mais da vida dos frades aqui em \u00e1reas de miss\u00e3o. Angola \u00e9 uma miss\u00e3o priorit\u00e1ria para os frades, mas tamb\u00e9m outros lugares no mundo e outras realidades do Brasil, como nas frentes do trabalho social, da educa\u00e7\u00e3o, da comunica\u00e7\u00e3o e tamb\u00e9m de uma grande presen\u00e7a em par\u00f3quias e santu\u00e1rios&#8221;, detalhou Frei C\u00e9sar, lembrando tamb\u00e9m que hoje n\u00e3o h\u00e1 frades suficientes para assumir tantos trabalhos. &#8220;N\u00f3s n\u00e3o temos mais for\u00e7as para estar em todos os lugares. Ent\u00e3o, a gente coloca na conta de Deus cada lugar. \u00c9 ele que vai nos conduzindo e nos favorecendo para que as coisas aconte\u00e7am de acordo com a vontade de Deus&#8221;, disse.<\/p>\n<p>Segundo Frei C\u00e9sar, S\u00e3o Francisco enviou os frades para o mundo inteiro para que evangelizassem, constitu\u00edssem as comunidades, mas n\u00e3o lan\u00e7assem ra\u00edzes. &#8220;Essas ra\u00edzes precisam ser arrancadas e plantadas em outros lugares. Essa \u00e9 a nossa voca\u00e7\u00e3o franciscana&#8221;, ressaltou.<\/p>\n<p><img loading=\"lazy\" class=\"alignnone size-full wp-image-215260\" src=\"https:\/\/franciscanos.org.br\/noticias\/wp-content\/uploads\/2019\/12\/amparo_2912_5.jpg\" alt=\"\" width=\"890\" height=\"668\" srcset=\"https:\/\/franciscanos.org.br\/noticias\/wp-content\/uploads\/2019\/12\/amparo_2912_5.jpg 890w, https:\/\/franciscanos.org.br\/noticias\/wp-content\/uploads\/2019\/12\/amparo_2912_5-450x338.jpg 450w, https:\/\/franciscanos.org.br\/noticias\/wp-content\/uploads\/2019\/12\/amparo_2912_5-768x576.jpg 768w, https:\/\/franciscanos.org.br\/noticias\/wp-content\/uploads\/2019\/12\/amparo_2912_5-150x113.jpg 150w, https:\/\/franciscanos.org.br\/noticias\/wp-content\/uploads\/2019\/12\/amparo_2912_5-600x450.jpg 600w\" sizes=\"(max-width: 890px) 100vw, 890px\" \/><\/p>\n<p>\u00c0<em> direita: Cl\u00e1udio Luiz\u00a0 e Maria Jos\u00e9 Pace, que faz o discurso.<\/em><\/p>\n<p>Para ele, na alegria e generosidade os frades v\u00e3o adiante, mas reconheceu o sofrimento dos que ficam depois de 108 anos de conviv\u00eancia com os frades. &#8220;A gente sabe que muitos de voc\u00eas sofrem e j\u00e1 tiveram cada qual a sua rea\u00e7\u00e3o. Muitos de nossos frades sofrem tamb\u00e9m. A Igreja de Amparo &#8211; Dom Luiz j\u00e1 nos falou &#8211; sofre tamb\u00e9m por essa nossa partida, mas aquilo que \u00e9 mais importante permanece, que \u00e9 a gra\u00e7a de Deus, que \u00e9 a semente da sua Palavra, do seu an\u00fancio que permanece em cada cora\u00e7\u00e3o. N\u00f3s temos certeza que n\u00e3o s\u00f3 esse trabalho mas tamb\u00e9m o carisma franciscano permanecem muito firmes aqui nessa terra, em tantas congrega\u00e7\u00f5es franciscanas, tamb\u00e9m com a Ordem Franciscana Secular (OFS), com a Irmandade S\u00e3o Benedito, com a Pia Uni\u00e3o de Santo Ant\u00f4nio, mas principalmente em cada pessoa que tem esse cora\u00e7\u00e3o franciscano&#8221;, consolou.<\/p>\n<p>Frei C\u00e9sar encerrou sua fala agradecendo \u00e0 Igreja de Amparo na pessoa do seu pastor pela acolhida dos frades nesses 108 anos: &#8220;\u00c9 a Igreja que entregou a igreja de S\u00e3o Benedito, que j\u00e1 existia, aos cuidados dos frades e possibilitou a constru\u00e7\u00e3o do Convento, do Externato e dos trabalhos que aqui fizeram. Que Deus aben\u00e7oe a caminhada desta Igreja e aben\u00e7oe abundantemente o seu minist\u00e9rio e todo o clero de Amparo!&#8221;.<\/p>\n<p><img loading=\"lazy\" class=\"alignnone size-full wp-image-215255\" src=\"https:\/\/franciscanos.org.br\/noticias\/wp-content\/uploads\/2019\/12\/amparo_2912.jpg\" alt=\"\" width=\"890\" height=\"649\" srcset=\"https:\/\/franciscanos.org.br\/noticias\/wp-content\/uploads\/2019\/12\/amparo_2912.jpg 890w, https:\/\/franciscanos.org.br\/noticias\/wp-content\/uploads\/2019\/12\/amparo_2912-450x328.jpg 450w, https:\/\/franciscanos.org.br\/noticias\/wp-content\/uploads\/2019\/12\/amparo_2912-768x560.jpg 768w, https:\/\/franciscanos.org.br\/noticias\/wp-content\/uploads\/2019\/12\/amparo_2912-150x109.jpg 150w\" sizes=\"(max-width: 890px) 100vw, 890px\" \/><\/p>\n<p><img loading=\"lazy\" class=\"alignnone size-full wp-image-215296\" src=\"https:\/\/franciscanos.org.br\/noticias\/wp-content\/uploads\/2019\/12\/amparo_2912_10-scaled.jpg\" alt=\"\" width=\"1920\" height=\"1300\" srcset=\"https:\/\/franciscanos.org.br\/noticias\/wp-content\/uploads\/2019\/12\/amparo_2912_10-scaled.jpg 1595w, https:\/\/franciscanos.org.br\/noticias\/wp-content\/uploads\/2019\/12\/amparo_2912_10-450x305.jpg 450w, https:\/\/franciscanos.org.br\/noticias\/wp-content\/uploads\/2019\/12\/amparo_2912_10-1024x693.jpg 1024w, https:\/\/franciscanos.org.br\/noticias\/wp-content\/uploads\/2019\/12\/amparo_2912_10-768x520.jpg 768w, https:\/\/franciscanos.org.br\/noticias\/wp-content\/uploads\/2019\/12\/amparo_2912_10-1536x1040.jpg 1536w, https:\/\/franciscanos.org.br\/noticias\/wp-content\/uploads\/2019\/12\/amparo_2912_10-2048x1387.jpg 2048w, https:\/\/franciscanos.org.br\/noticias\/wp-content\/uploads\/2019\/12\/amparo_2912_10-150x102.jpg 150w, https:\/\/franciscanos.org.br\/noticias\/wp-content\/uploads\/2019\/12\/amparo_2912_10-scaled-1200x813.jpg 1200w\" sizes=\"(max-width: 1920px) 100vw, 1920px\" \/><\/p>\n<p><em>Antes da b\u00ean\u00e7\u00e3o final, Cl\u00e1udio Luiz homenageia os frades e faz agradecimento<\/em><\/p>\n<p>Teve tamb\u00e9m uma palavra de agradecimento aos frades desta \u00faltima Fraternidade: Frei Vanilton Aparecido Leme, Frei Alberto Eckel e Frei Jos\u00e9 Lorenz F\u00fchr. &#8220;Na pessoa de voc\u00eas, quero lembrar de todas as Fraternidades ao longo dos anos&#8221;, observou. Agradeceu \u00e0 Fraternidade pela condu\u00e7\u00e3o do processo de entrega desta presen\u00e7a, transparente com a Igreja de Amparo, com o povo. &#8220;Esse patrim\u00f4nio que existe aqui, n\u00f3s sempre compreendemos que pertence ao povo, \u00e0 sua Igreja viva. E por isso tamb\u00e9m, tudo que existe foi colocado no invent\u00e1rio entregue \u00e0 Diocese, entregue aos novos padres. Tudo aquilo que tamb\u00e9m poderia estar no nome dos frades, dos franciscanos, foi passado gratuitamente, como deve ser, porque pertence ao povo, pertence \u00e0 Igreja. E n\u00f3s chegamos sem nada e partimos sem nada para outras regi\u00f5es onde a gra\u00e7a de Deus nos pode permitir&#8221;, explicou.<\/p>\n<p>E, por fim, dirigiu-se ao povo, que chamou de querido pela abertura que sempre tiveram aos frades desde o in\u00edcio, pela escuta dos mesmos, pelo cuidado de cada frade, pela partilha fraterna com eles, tanto desse projeto de Igreja, desse cumprimento da vontade de Deus, como tamb\u00e9m por partilharem a vida e o carisma franciscano. &#8220;Os frades precisam se retirar, como j\u00e1 falamos, mas outros irm\u00e3os franciscanos continuam e queremos agradecer bastante a voc\u00eas, Irm\u00e3s Franciscanas Mission\u00e1rias do Cora\u00e7\u00e3o Imaculado de Maria, Irm\u00e3s Franciscanas do Cora\u00e7\u00e3o de Maria, a Ordem Franciscana Secular, a Irmandade de S\u00e3o Benedito, a Pia Uni\u00e3o de Santo Ant\u00f4nio, as Irm\u00e3s Dominicanas, que partilham o carisma da mendic\u00e2ncia, da fraternidade, e da proximidade com os frades, e de modo muito especial o cora\u00e7\u00e3o franciscano desse povo a quem n\u00f3s procuramos servir. Pe\u00e7o tamb\u00e9m as b\u00ean\u00e7\u00e3os de Deus para os novos padres, o p\u00e1roco Pe. N\u00e9lson Ant\u00f4nio e o vig\u00e1rio Pe. Benedito Val\u00e9rio, que aqui ir\u00e3o servir. E a cada um de voc\u00eas, quero pedir perd\u00e3o por todas as nossas falhas, por n\u00f3s causarmos esse sofrimento de retirada, mas, acima de tudo, um muito obrigado por tudo, pedindo todas as b\u00ean\u00e7\u00e3os sobre voc\u00eas, pedindo a intercess\u00e3o de S\u00e3o Francisco, de Santa Clara e de S\u00e3o Benedito&#8221;, completou Frei C\u00e9sar.<\/p>\n<p>Frei Vanilton, em nome da Fraternidade, citou a &#8220;Carta a toda Ordem&#8221; de S\u00e3o Francisco para falar dessa partida. &#8220;Ele diz assim: &#8216;Nada de v\u00f3s retenhais para v\u00f3s mesmos, para que totalmente vos receba quem totalmente se vos d\u00e1&#8217;. Se queremos fazer a vontade de Deus, n\u00e3o podemos nos apropriar de nada. Eu penso que essa frase pode nos ajudar nesse momento de sofrimento e ajudar a continuarmos em frente, para que Deus seja o autor de toda a obra&#8221;, disse.<\/p>\n<p><img loading=\"lazy\" class=\"alignnone size-full wp-image-215261\" src=\"https:\/\/franciscanos.org.br\/noticias\/wp-content\/uploads\/2019\/12\/amparo_2912_6.jpg\" alt=\"\" width=\"890\" height=\"1303\" srcset=\"https:\/\/franciscanos.org.br\/noticias\/wp-content\/uploads\/2019\/12\/amparo_2912_6.jpg 890w, https:\/\/franciscanos.org.br\/noticias\/wp-content\/uploads\/2019\/12\/amparo_2912_6-307x450.jpg 307w, https:\/\/franciscanos.org.br\/noticias\/wp-content\/uploads\/2019\/12\/amparo_2912_6-699x1024.jpg 699w, https:\/\/franciscanos.org.br\/noticias\/wp-content\/uploads\/2019\/12\/amparo_2912_6-768x1124.jpg 768w, https:\/\/franciscanos.org.br\/noticias\/wp-content\/uploads\/2019\/12\/amparo_2912_6-150x220.jpg 150w\" sizes=\"(max-width: 890px) 100vw, 890px\" \/><\/p>\n<p>Maria Jos\u00e9 Pace, falando em nome da Ordem Franciscana Secular e da Comunidade, lembrou que as a\u00e7\u00f5es dos frades se fazem presentes at\u00e9 hoje. &#8220;Cada cantinho de nossa Par\u00f3quia S\u00e3o Benedito deixa em evid\u00eancia marcas de in\u00fameros freis queridos que por aqui passaram&#8221;. Segundo ela, os frades foram como as \u00e1guas de um rio que alimentaram as plantinhas que depois floresceram. &#8220;A todos saciaram ao passar por elas com seu encanto e carisma franciscano&#8221;, disse. &#8220;Hoje, nosso cora\u00e7\u00e3o sofre um sentimento de perda, pois sabemos que j\u00e1 n\u00e3o teremos mais os freis na Par\u00f3quia. Mas, temos certeza de que as l\u00e1grimas que caem, no momento, em nosso cora\u00e7\u00e3o, fortalecer\u00e3o o esp\u00edrito franciscano enraizado em n\u00f3s pelos amados frades. Chegou a hora de colocar em pr\u00e1tica o que aprendemos: a perfeita alegria. Vamos dar continuidade \u00e0 espiritualidade franciscana! Nossa sauda\u00e7\u00e3o continuar\u00e1 a ser &#8216;Paz e Bem&#8217; da alma franciscana&#8221;, prometeu.<\/p>\n<p>O paroquiano Cl\u00e1udio Luiz Pinto pediu a todos que estendessem as m\u00e3os sobre Frei Vanilton, Frei Jos\u00e9 e Frei Alberto para fazer uma prece, agradecendo pelo dom da vida deles, por todas as afli\u00e7\u00f5es que &#8220;juntos conseguimos superar&#8221;, por todas as gra\u00e7as que &#8220;juntos conseguimos alcan\u00e7ar&#8221;. &#8220;Que a Sant\u00edssima Trindade ilumine os vossos passos. A Nossa M\u00e3e do Amparo, com seu manto, vos proteja e vos guarde!&#8221;, pediu.<\/p>\n<p><em>Comunica\u00e7\u00e3o da Prov\u00edncia da Imaculada Concei\u00e7\u00e3o<\/em><\/p>\n<hr \/>\n<p>MAIS IMAGENS DA CELEBRA\u00c7\u00c3O EUCAR\u00cdSTICA<\/p>\n\n\t\t<style type=\"text\/css\">\n\t\t\t#gallery-1 {\n\t\t\t\tmargin: auto;\n\t\t\t}\n\t\t\t#gallery-1 .gallery-item {\n\t\t\t\tfloat: left;\n\t\t\t\tmargin-top: 10px;\n\t\t\t\ttext-align: center;\n\t\t\t\twidth: 25%;\n\t\t\t}\n\t\t\t#gallery-1 img {\n\t\t\t\tborder: 2px solid #cfcfcf;\n\t\t\t}\n\t\t\t#gallery-1 .gallery-caption {\n\t\t\t\tmargin-left: 0;\n\t\t\t}\n\t\t\t\/* see gallery_shortcode() in wp-includes\/media.php *\/\n\t\t<\/style>\n\t\t<div id='gallery-1' class='gallery galleryid-215253 gallery-columns-4 gallery-size-thumbnail'><dl class='gallery-item'>\n\t\t\t<dt class='gallery-icon landscape'>\n\t\t\t\t<a href='https:\/\/franciscanos.org.br\/noticias\/wp-content\/uploads\/2019\/12\/amparo-1.jpg'><img width=\"300\" height=\"300\" src=\"https:\/\/franciscanos.org.br\/noticias\/wp-content\/uploads\/2019\/12\/amparo-1-300x300.jpg\" class=\"attachment-thumbnail size-thumbnail\" alt=\"\" loading=\"lazy\" srcset=\"https:\/\/franciscanos.org.br\/noticias\/wp-content\/uploads\/2019\/12\/amparo-1-300x300.jpg 300w, https:\/\/franciscanos.org.br\/noticias\/wp-content\/uploads\/2019\/12\/amparo-1-100x100.jpg 100w, https:\/\/franciscanos.org.br\/noticias\/wp-content\/uploads\/2019\/12\/amparo-1-400x400.jpg 400w\" sizes=\"(max-width: 300px) 100vw, 300px\" \/><\/a>\n\t\t\t<\/dt><\/dl><dl class='gallery-item'>\n\t\t\t<dt class='gallery-icon landscape'>\n\t\t\t\t<a href='https:\/\/franciscanos.org.br\/noticias\/wp-content\/uploads\/2019\/12\/amparo-2.jpg'><img width=\"300\" height=\"300\" src=\"https:\/\/franciscanos.org.br\/noticias\/wp-content\/uploads\/2019\/12\/amparo-2-300x300.jpg\" class=\"attachment-thumbnail size-thumbnail\" alt=\"\" loading=\"lazy\" srcset=\"https:\/\/franciscanos.org.br\/noticias\/wp-content\/uploads\/2019\/12\/amparo-2-300x300.jpg 300w, https:\/\/franciscanos.org.br\/noticias\/wp-content\/uploads\/2019\/12\/amparo-2-100x100.jpg 100w, https:\/\/franciscanos.org.br\/noticias\/wp-content\/uploads\/2019\/12\/amparo-2-400x400.jpg 400w\" sizes=\"(max-width: 300px) 100vw, 300px\" \/><\/a>\n\t\t\t<\/dt><\/dl><dl class='gallery-item'>\n\t\t\t<dt class='gallery-icon landscape'>\n\t\t\t\t<a href='https:\/\/franciscanos.org.br\/noticias\/wp-content\/uploads\/2019\/12\/amparo-3.jpg'><img width=\"300\" height=\"300\" src=\"https:\/\/franciscanos.org.br\/noticias\/wp-content\/uploads\/2019\/12\/amparo-3-300x300.jpg\" class=\"attachment-thumbnail size-thumbnail\" alt=\"\" loading=\"lazy\" srcset=\"https:\/\/franciscanos.org.br\/noticias\/wp-content\/uploads\/2019\/12\/amparo-3-300x300.jpg 300w, https:\/\/franciscanos.org.br\/noticias\/wp-content\/uploads\/2019\/12\/amparo-3-100x100.jpg 100w, https:\/\/franciscanos.org.br\/noticias\/wp-content\/uploads\/2019\/12\/amparo-3-400x400.jpg 400w\" sizes=\"(max-width: 300px) 100vw, 300px\" \/><\/a>\n\t\t\t<\/dt><\/dl><dl class='gallery-item'>\n\t\t\t<dt class='gallery-icon portrait'>\n\t\t\t\t<a href='https:\/\/franciscanos.org.br\/noticias\/wp-content\/uploads\/2019\/12\/amparo-4.jpg'><img width=\"300\" height=\"300\" src=\"https:\/\/franciscanos.org.br\/noticias\/wp-content\/uploads\/2019\/12\/amparo-4-300x300.jpg\" class=\"attachment-thumbnail size-thumbnail\" alt=\"\" loading=\"lazy\" srcset=\"https:\/\/franciscanos.org.br\/noticias\/wp-content\/uploads\/2019\/12\/amparo-4-300x300.jpg 300w, https:\/\/franciscanos.org.br\/noticias\/wp-content\/uploads\/2019\/12\/amparo-4-100x100.jpg 100w, https:\/\/franciscanos.org.br\/noticias\/wp-content\/uploads\/2019\/12\/amparo-4-400x400.jpg 400w\" sizes=\"(max-width: 300px) 100vw, 300px\" \/><\/a>\n\t\t\t<\/dt><\/dl><br style=\"clear: both\" \/><dl class='gallery-item'>\n\t\t\t<dt class='gallery-icon landscape'>\n\t\t\t\t<a href='https:\/\/franciscanos.org.br\/noticias\/wp-content\/uploads\/2019\/12\/amparo-5.jpg'><img width=\"300\" height=\"300\" src=\"https:\/\/franciscanos.org.br\/noticias\/wp-content\/uploads\/2019\/12\/amparo-5-300x300.jpg\" class=\"attachment-thumbnail size-thumbnail\" alt=\"\" loading=\"lazy\" srcset=\"https:\/\/franciscanos.org.br\/noticias\/wp-content\/uploads\/2019\/12\/amparo-5-300x300.jpg 300w, https:\/\/franciscanos.org.br\/noticias\/wp-content\/uploads\/2019\/12\/amparo-5-100x100.jpg 100w, https:\/\/franciscanos.org.br\/noticias\/wp-content\/uploads\/2019\/12\/amparo-5-400x400.jpg 400w\" sizes=\"(max-width: 300px) 100vw, 300px\" \/><\/a>\n\t\t\t<\/dt><\/dl><dl class='gallery-item'>\n\t\t\t<dt class='gallery-icon landscape'>\n\t\t\t\t<a href='https:\/\/franciscanos.org.br\/noticias\/wp-content\/uploads\/2019\/12\/amparo-6.jpg'><img width=\"300\" height=\"300\" src=\"https:\/\/franciscanos.org.br\/noticias\/wp-content\/uploads\/2019\/12\/amparo-6-300x300.jpg\" class=\"attachment-thumbnail size-thumbnail\" alt=\"\" loading=\"lazy\" srcset=\"https:\/\/franciscanos.org.br\/noticias\/wp-content\/uploads\/2019\/12\/amparo-6-300x300.jpg 300w, https:\/\/franciscanos.org.br\/noticias\/wp-content\/uploads\/2019\/12\/amparo-6-100x100.jpg 100w, https:\/\/franciscanos.org.br\/noticias\/wp-content\/uploads\/2019\/12\/amparo-6-400x400.jpg 400w\" sizes=\"(max-width: 300px) 100vw, 300px\" \/><\/a>\n\t\t\t<\/dt><\/dl><dl class='gallery-item'>\n\t\t\t<dt class='gallery-icon landscape'>\n\t\t\t\t<a href='https:\/\/franciscanos.org.br\/noticias\/wp-content\/uploads\/2019\/12\/amparo-7.jpg'><img width=\"300\" height=\"300\" src=\"https:\/\/franciscanos.org.br\/noticias\/wp-content\/uploads\/2019\/12\/amparo-7-300x300.jpg\" class=\"attachment-thumbnail size-thumbnail\" alt=\"\" loading=\"lazy\" srcset=\"https:\/\/franciscanos.org.br\/noticias\/wp-content\/uploads\/2019\/12\/amparo-7-300x300.jpg 300w, https:\/\/franciscanos.org.br\/noticias\/wp-content\/uploads\/2019\/12\/amparo-7-100x100.jpg 100w, https:\/\/franciscanos.org.br\/noticias\/wp-content\/uploads\/2019\/12\/amparo-7-400x400.jpg 400w\" sizes=\"(max-width: 300px) 100vw, 300px\" \/><\/a>\n\t\t\t<\/dt><\/dl><dl class='gallery-item'>\n\t\t\t<dt class='gallery-icon landscape'>\n\t\t\t\t<a href='https:\/\/franciscanos.org.br\/noticias\/wp-content\/uploads\/2019\/12\/amparo-8.jpg'><img width=\"300\" height=\"300\" src=\"https:\/\/franciscanos.org.br\/noticias\/wp-content\/uploads\/2019\/12\/amparo-8-300x300.jpg\" class=\"attachment-thumbnail size-thumbnail\" alt=\"\" loading=\"lazy\" srcset=\"https:\/\/franciscanos.org.br\/noticias\/wp-content\/uploads\/2019\/12\/amparo-8-300x300.jpg 300w, https:\/\/franciscanos.org.br\/noticias\/wp-content\/uploads\/2019\/12\/amparo-8-100x100.jpg 100w, https:\/\/franciscanos.org.br\/noticias\/wp-content\/uploads\/2019\/12\/amparo-8-400x400.jpg 400w\" sizes=\"(max-width: 300px) 100vw, 300px\" \/><\/a>\n\t\t\t<\/dt><\/dl><br style=\"clear: both\" \/><dl class='gallery-item'>\n\t\t\t<dt class='gallery-icon portrait'>\n\t\t\t\t<a href='https:\/\/franciscanos.org.br\/noticias\/wp-content\/uploads\/2019\/12\/amparo-9.jpg'><img width=\"300\" height=\"300\" src=\"https:\/\/franciscanos.org.br\/noticias\/wp-content\/uploads\/2019\/12\/amparo-9-300x300.jpg\" class=\"attachment-thumbnail size-thumbnail\" alt=\"\" loading=\"lazy\" srcset=\"https:\/\/franciscanos.org.br\/noticias\/wp-content\/uploads\/2019\/12\/amparo-9-300x300.jpg 300w, https:\/\/franciscanos.org.br\/noticias\/wp-content\/uploads\/2019\/12\/amparo-9-100x100.jpg 100w, https:\/\/franciscanos.org.br\/noticias\/wp-content\/uploads\/2019\/12\/amparo-9-400x400.jpg 400w\" sizes=\"(max-width: 300px) 100vw, 300px\" \/><\/a>\n\t\t\t<\/dt><\/dl><dl class='gallery-item'>\n\t\t\t<dt class='gallery-icon landscape'>\n\t\t\t\t<a href='https:\/\/franciscanos.org.br\/noticias\/wp-content\/uploads\/2019\/12\/amparo-11.jpg'><img width=\"300\" height=\"300\" src=\"https:\/\/franciscanos.org.br\/noticias\/wp-content\/uploads\/2019\/12\/amparo-11-300x300.jpg\" class=\"attachment-thumbnail size-thumbnail\" alt=\"\" loading=\"lazy\" srcset=\"https:\/\/franciscanos.org.br\/noticias\/wp-content\/uploads\/2019\/12\/amparo-11-300x300.jpg 300w, https:\/\/franciscanos.org.br\/noticias\/wp-content\/uploads\/2019\/12\/amparo-11-100x100.jpg 100w, https:\/\/franciscanos.org.br\/noticias\/wp-content\/uploads\/2019\/12\/amparo-11-400x400.jpg 400w\" sizes=\"(max-width: 300px) 100vw, 300px\" \/><\/a>\n\t\t\t<\/dt><\/dl><dl class='gallery-item'>\n\t\t\t<dt class='gallery-icon landscape'>\n\t\t\t\t<a href='https:\/\/franciscanos.org.br\/noticias\/wp-content\/uploads\/2019\/12\/amparo-12.jpg'><img width=\"300\" height=\"300\" src=\"https:\/\/franciscanos.org.br\/noticias\/wp-content\/uploads\/2019\/12\/amparo-12-300x300.jpg\" class=\"attachment-thumbnail size-thumbnail\" alt=\"\" loading=\"lazy\" srcset=\"https:\/\/franciscanos.org.br\/noticias\/wp-content\/uploads\/2019\/12\/amparo-12-300x300.jpg 300w, https:\/\/franciscanos.org.br\/noticias\/wp-content\/uploads\/2019\/12\/amparo-12-100x100.jpg 100w, https:\/\/franciscanos.org.br\/noticias\/wp-content\/uploads\/2019\/12\/amparo-12-400x400.jpg 400w\" sizes=\"(max-width: 300px) 100vw, 300px\" \/><\/a>\n\t\t\t<\/dt><\/dl><dl class='gallery-item'>\n\t\t\t<dt class='gallery-icon landscape'>\n\t\t\t\t<a href='https:\/\/franciscanos.org.br\/noticias\/wp-content\/uploads\/2019\/12\/amparo-13.jpg'><img width=\"300\" height=\"300\" src=\"https:\/\/franciscanos.org.br\/noticias\/wp-content\/uploads\/2019\/12\/amparo-13-300x300.jpg\" class=\"attachment-thumbnail size-thumbnail\" alt=\"\" loading=\"lazy\" srcset=\"https:\/\/franciscanos.org.br\/noticias\/wp-content\/uploads\/2019\/12\/amparo-13-300x300.jpg 300w, https:\/\/franciscanos.org.br\/noticias\/wp-content\/uploads\/2019\/12\/amparo-13-100x100.jpg 100w, https:\/\/franciscanos.org.br\/noticias\/wp-content\/uploads\/2019\/12\/amparo-13-400x400.jpg 400w\" sizes=\"(max-width: 300px) 100vw, 300px\" \/><\/a>\n\t\t\t<\/dt><\/dl><br style=\"clear: both\" \/><dl class='gallery-item'>\n\t\t\t<dt class='gallery-icon landscape'>\n\t\t\t\t<a href='https:\/\/franciscanos.org.br\/noticias\/wp-content\/uploads\/2019\/12\/amparo-14.jpg'><img width=\"300\" height=\"300\" src=\"https:\/\/franciscanos.org.br\/noticias\/wp-content\/uploads\/2019\/12\/amparo-14-300x300.jpg\" class=\"attachment-thumbnail size-thumbnail\" alt=\"\" loading=\"lazy\" srcset=\"https:\/\/franciscanos.org.br\/noticias\/wp-content\/uploads\/2019\/12\/amparo-14-300x300.jpg 300w, https:\/\/franciscanos.org.br\/noticias\/wp-content\/uploads\/2019\/12\/amparo-14-100x100.jpg 100w, https:\/\/franciscanos.org.br\/noticias\/wp-content\/uploads\/2019\/12\/amparo-14-400x400.jpg 400w\" sizes=\"(max-width: 300px) 100vw, 300px\" \/><\/a>\n\t\t\t<\/dt><\/dl><dl class='gallery-item'>\n\t\t\t<dt class='gallery-icon landscape'>\n\t\t\t\t<a href='https:\/\/franciscanos.org.br\/noticias\/wp-content\/uploads\/2019\/12\/amparo-15.jpg'><img width=\"300\" height=\"300\" src=\"https:\/\/franciscanos.org.br\/noticias\/wp-content\/uploads\/2019\/12\/amparo-15-300x300.jpg\" class=\"attachment-thumbnail size-thumbnail\" alt=\"\" loading=\"lazy\" srcset=\"https:\/\/franciscanos.org.br\/noticias\/wp-content\/uploads\/2019\/12\/amparo-15-300x300.jpg 300w, https:\/\/franciscanos.org.br\/noticias\/wp-content\/uploads\/2019\/12\/amparo-15-100x100.jpg 100w, https:\/\/franciscanos.org.br\/noticias\/wp-content\/uploads\/2019\/12\/amparo-15-400x400.jpg 400w\" sizes=\"(max-width: 300px) 100vw, 300px\" \/><\/a>\n\t\t\t<\/dt><\/dl><dl class='gallery-item'>\n\t\t\t<dt class='gallery-icon landscape'>\n\t\t\t\t<a href='https:\/\/franciscanos.org.br\/noticias\/wp-content\/uploads\/2019\/12\/amparo-16.jpg'><img width=\"300\" height=\"300\" src=\"https:\/\/franciscanos.org.br\/noticias\/wp-content\/uploads\/2019\/12\/amparo-16-300x300.jpg\" class=\"attachment-thumbnail size-thumbnail\" alt=\"\" loading=\"lazy\" srcset=\"https:\/\/franciscanos.org.br\/noticias\/wp-content\/uploads\/2019\/12\/amparo-16-300x300.jpg 300w, https:\/\/franciscanos.org.br\/noticias\/wp-content\/uploads\/2019\/12\/amparo-16-100x100.jpg 100w, https:\/\/franciscanos.org.br\/noticias\/wp-content\/uploads\/2019\/12\/amparo-16-400x400.jpg 400w\" sizes=\"(max-width: 300px) 100vw, 300px\" \/><\/a>\n\t\t\t<\/dt><\/dl><dl class='gallery-item'>\n\t\t\t<dt class='gallery-icon landscape'>\n\t\t\t\t<a href='https:\/\/franciscanos.org.br\/noticias\/wp-content\/uploads\/2019\/12\/amparo-17.jpg'><img width=\"300\" height=\"300\" src=\"https:\/\/franciscanos.org.br\/noticias\/wp-content\/uploads\/2019\/12\/amparo-17-300x300.jpg\" class=\"attachment-thumbnail size-thumbnail\" alt=\"\" loading=\"lazy\" srcset=\"https:\/\/franciscanos.org.br\/noticias\/wp-content\/uploads\/2019\/12\/amparo-17-300x300.jpg 300w, https:\/\/franciscanos.org.br\/noticias\/wp-content\/uploads\/2019\/12\/amparo-17-100x100.jpg 100w, https:\/\/franciscanos.org.br\/noticias\/wp-content\/uploads\/2019\/12\/amparo-17-400x400.jpg 400w\" sizes=\"(max-width: 300px) 100vw, 300px\" \/><\/a>\n\t\t\t<\/dt><\/dl><br style=\"clear: both\" \/><dl class='gallery-item'>\n\t\t\t<dt class='gallery-icon landscape'>\n\t\t\t\t<a href='https:\/\/franciscanos.org.br\/noticias\/wp-content\/uploads\/2019\/12\/amparo-18.jpg'><img width=\"300\" height=\"300\" src=\"https:\/\/franciscanos.org.br\/noticias\/wp-content\/uploads\/2019\/12\/amparo-18-300x300.jpg\" class=\"attachment-thumbnail size-thumbnail\" alt=\"\" loading=\"lazy\" srcset=\"https:\/\/franciscanos.org.br\/noticias\/wp-content\/uploads\/2019\/12\/amparo-18-300x300.jpg 300w, https:\/\/franciscanos.org.br\/noticias\/wp-content\/uploads\/2019\/12\/amparo-18-100x100.jpg 100w, https:\/\/franciscanos.org.br\/noticias\/wp-content\/uploads\/2019\/12\/amparo-18-400x400.jpg 400w\" sizes=\"(max-width: 300px) 100vw, 300px\" \/><\/a>\n\t\t\t<\/dt><\/dl><dl class='gallery-item'>\n\t\t\t<dt class='gallery-icon landscape'>\n\t\t\t\t<a href='https:\/\/franciscanos.org.br\/noticias\/wp-content\/uploads\/2019\/12\/amparo-19.jpg'><img width=\"300\" height=\"300\" src=\"https:\/\/franciscanos.org.br\/noticias\/wp-content\/uploads\/2019\/12\/amparo-19-300x300.jpg\" class=\"attachment-thumbnail size-thumbnail\" alt=\"\" loading=\"lazy\" srcset=\"https:\/\/franciscanos.org.br\/noticias\/wp-content\/uploads\/2019\/12\/amparo-19-300x300.jpg 300w, https:\/\/franciscanos.org.br\/noticias\/wp-content\/uploads\/2019\/12\/amparo-19-100x100.jpg 100w, https:\/\/franciscanos.org.br\/noticias\/wp-content\/uploads\/2019\/12\/amparo-19-400x400.jpg 400w\" sizes=\"(max-width: 300px) 100vw, 300px\" \/><\/a>\n\t\t\t<\/dt><\/dl><dl class='gallery-item'>\n\t\t\t<dt class='gallery-icon landscape'>\n\t\t\t\t<a href='https:\/\/franciscanos.org.br\/noticias\/wp-content\/uploads\/2019\/12\/amparo-20.jpg'><img width=\"300\" height=\"300\" src=\"https:\/\/franciscanos.org.br\/noticias\/wp-content\/uploads\/2019\/12\/amparo-20-300x300.jpg\" class=\"attachment-thumbnail size-thumbnail\" alt=\"\" loading=\"lazy\" srcset=\"https:\/\/franciscanos.org.br\/noticias\/wp-content\/uploads\/2019\/12\/amparo-20-300x300.jpg 300w, https:\/\/franciscanos.org.br\/noticias\/wp-content\/uploads\/2019\/12\/amparo-20-100x100.jpg 100w, https:\/\/franciscanos.org.br\/noticias\/wp-content\/uploads\/2019\/12\/amparo-20-400x400.jpg 400w\" sizes=\"(max-width: 300px) 100vw, 300px\" \/><\/a>\n\t\t\t<\/dt><\/dl><dl class='gallery-item'>\n\t\t\t<dt class='gallery-icon landscape'>\n\t\t\t\t<a href='https:\/\/franciscanos.org.br\/noticias\/wp-content\/uploads\/2019\/12\/amparo-21.jpg'><img width=\"300\" height=\"300\" src=\"https:\/\/franciscanos.org.br\/noticias\/wp-content\/uploads\/2019\/12\/amparo-21-300x300.jpg\" class=\"attachment-thumbnail size-thumbnail\" alt=\"\" loading=\"lazy\" srcset=\"https:\/\/franciscanos.org.br\/noticias\/wp-content\/uploads\/2019\/12\/amparo-21-300x300.jpg 300w, https:\/\/franciscanos.org.br\/noticias\/wp-content\/uploads\/2019\/12\/amparo-21-100x100.jpg 100w, https:\/\/franciscanos.org.br\/noticias\/wp-content\/uploads\/2019\/12\/amparo-21-400x400.jpg 400w\" sizes=\"(max-width: 300px) 100vw, 300px\" \/><\/a>\n\t\t\t<\/dt><\/dl><br style=\"clear: both\" \/><dl class='gallery-item'>\n\t\t\t<dt class='gallery-icon landscape'>\n\t\t\t\t<a href='https:\/\/franciscanos.org.br\/noticias\/wp-content\/uploads\/2019\/12\/amparo-22.jpg'><img width=\"300\" height=\"300\" src=\"https:\/\/franciscanos.org.br\/noticias\/wp-content\/uploads\/2019\/12\/amparo-22-300x300.jpg\" class=\"attachment-thumbnail size-thumbnail\" alt=\"\" loading=\"lazy\" srcset=\"https:\/\/franciscanos.org.br\/noticias\/wp-content\/uploads\/2019\/12\/amparo-22-300x300.jpg 300w, https:\/\/franciscanos.org.br\/noticias\/wp-content\/uploads\/2019\/12\/amparo-22-100x100.jpg 100w, https:\/\/franciscanos.org.br\/noticias\/wp-content\/uploads\/2019\/12\/amparo-22-400x400.jpg 400w\" sizes=\"(max-width: 300px) 100vw, 300px\" \/><\/a>\n\t\t\t<\/dt><\/dl><dl class='gallery-item'>\n\t\t\t<dt class='gallery-icon landscape'>\n\t\t\t\t<a href='https:\/\/franciscanos.org.br\/noticias\/wp-content\/uploads\/2019\/12\/amparo-23.jpg'><img width=\"300\" height=\"300\" src=\"https:\/\/franciscanos.org.br\/noticias\/wp-content\/uploads\/2019\/12\/amparo-23-300x300.jpg\" class=\"attachment-thumbnail size-thumbnail\" alt=\"\" loading=\"lazy\" srcset=\"https:\/\/franciscanos.org.br\/noticias\/wp-content\/uploads\/2019\/12\/amparo-23-300x300.jpg 300w, https:\/\/franciscanos.org.br\/noticias\/wp-content\/uploads\/2019\/12\/amparo-23-100x100.jpg 100w, https:\/\/franciscanos.org.br\/noticias\/wp-content\/uploads\/2019\/12\/amparo-23-400x400.jpg 400w\" sizes=\"(max-width: 300px) 100vw, 300px\" \/><\/a>\n\t\t\t<\/dt><\/dl><dl class='gallery-item'>\n\t\t\t<dt class='gallery-icon landscape'>\n\t\t\t\t<a href='https:\/\/franciscanos.org.br\/noticias\/wp-content\/uploads\/2019\/12\/amparo-24.jpg'><img width=\"300\" height=\"300\" src=\"https:\/\/franciscanos.org.br\/noticias\/wp-content\/uploads\/2019\/12\/amparo-24-300x300.jpg\" class=\"attachment-thumbnail size-thumbnail\" alt=\"\" loading=\"lazy\" srcset=\"https:\/\/franciscanos.org.br\/noticias\/wp-content\/uploads\/2019\/12\/amparo-24-300x300.jpg 300w, https:\/\/franciscanos.org.br\/noticias\/wp-content\/uploads\/2019\/12\/amparo-24-100x100.jpg 100w, https:\/\/franciscanos.org.br\/noticias\/wp-content\/uploads\/2019\/12\/amparo-24-400x400.jpg 400w\" sizes=\"(max-width: 300px) 100vw, 300px\" \/><\/a>\n\t\t\t<\/dt><\/dl><dl class='gallery-item'>\n\t\t\t<dt class='gallery-icon landscape'>\n\t\t\t\t<a href='https:\/\/franciscanos.org.br\/noticias\/wp-content\/uploads\/2019\/12\/amparo-25.jpg'><img width=\"300\" height=\"300\" src=\"https:\/\/franciscanos.org.br\/noticias\/wp-content\/uploads\/2019\/12\/amparo-25-300x300.jpg\" class=\"attachment-thumbnail size-thumbnail\" alt=\"\" loading=\"lazy\" srcset=\"https:\/\/franciscanos.org.br\/noticias\/wp-content\/uploads\/2019\/12\/amparo-25-300x300.jpg 300w, https:\/\/franciscanos.org.br\/noticias\/wp-content\/uploads\/2019\/12\/amparo-25-100x100.jpg 100w, https:\/\/franciscanos.org.br\/noticias\/wp-content\/uploads\/2019\/12\/amparo-25-400x400.jpg 400w\" sizes=\"(max-width: 300px) 100vw, 300px\" \/><\/a>\n\t\t\t<\/dt><\/dl><br style=\"clear: both\" \/><dl class='gallery-item'>\n\t\t\t<dt class='gallery-icon landscape'>\n\t\t\t\t<a href='https:\/\/franciscanos.org.br\/noticias\/wp-content\/uploads\/2019\/12\/amparo-26.jpg'><img width=\"300\" height=\"300\" src=\"https:\/\/franciscanos.org.br\/noticias\/wp-content\/uploads\/2019\/12\/amparo-26-300x300.jpg\" class=\"attachment-thumbnail size-thumbnail\" alt=\"\" loading=\"lazy\" srcset=\"https:\/\/franciscanos.org.br\/noticias\/wp-content\/uploads\/2019\/12\/amparo-26-300x300.jpg 300w, https:\/\/franciscanos.org.br\/noticias\/wp-content\/uploads\/2019\/12\/amparo-26-100x100.jpg 100w, https:\/\/franciscanos.org.br\/noticias\/wp-content\/uploads\/2019\/12\/amparo-26-400x400.jpg 400w\" sizes=\"(max-width: 300px) 100vw, 300px\" \/><\/a>\n\t\t\t<\/dt><\/dl><dl class='gallery-item'>\n\t\t\t<dt class='gallery-icon landscape'>\n\t\t\t\t<a href='https:\/\/franciscanos.org.br\/noticias\/wp-content\/uploads\/2019\/12\/amparo-27.jpg'><img width=\"300\" height=\"300\" src=\"https:\/\/franciscanos.org.br\/noticias\/wp-content\/uploads\/2019\/12\/amparo-27-300x300.jpg\" class=\"attachment-thumbnail size-thumbnail\" alt=\"\" loading=\"lazy\" srcset=\"https:\/\/franciscanos.org.br\/noticias\/wp-content\/uploads\/2019\/12\/amparo-27-300x300.jpg 300w, https:\/\/franciscanos.org.br\/noticias\/wp-content\/uploads\/2019\/12\/amparo-27-100x100.jpg 100w, https:\/\/franciscanos.org.br\/noticias\/wp-content\/uploads\/2019\/12\/amparo-27-400x400.jpg 400w\" sizes=\"(max-width: 300px) 100vw, 300px\" \/><\/a>\n\t\t\t<\/dt><\/dl><dl class='gallery-item'>\n\t\t\t<dt class='gallery-icon landscape'>\n\t\t\t\t<a href='https:\/\/franciscanos.org.br\/noticias\/wp-content\/uploads\/2019\/12\/amparo-28.jpg'><img width=\"300\" height=\"300\" src=\"https:\/\/franciscanos.org.br\/noticias\/wp-content\/uploads\/2019\/12\/amparo-28-300x300.jpg\" class=\"attachment-thumbnail size-thumbnail\" alt=\"\" loading=\"lazy\" srcset=\"https:\/\/franciscanos.org.br\/noticias\/wp-content\/uploads\/2019\/12\/amparo-28-300x300.jpg 300w, https:\/\/franciscanos.org.br\/noticias\/wp-content\/uploads\/2019\/12\/amparo-28-100x100.jpg 100w, https:\/\/franciscanos.org.br\/noticias\/wp-content\/uploads\/2019\/12\/amparo-28-400x400.jpg 400w\" sizes=\"(max-width: 300px) 100vw, 300px\" \/><\/a>\n\t\t\t<\/dt><\/dl><dl class='gallery-item'>\n\t\t\t<dt class='gallery-icon landscape'>\n\t\t\t\t<a href='https:\/\/franciscanos.org.br\/noticias\/wp-content\/uploads\/2019\/12\/amparo-29.jpg'><img width=\"300\" height=\"300\" src=\"https:\/\/franciscanos.org.br\/noticias\/wp-content\/uploads\/2019\/12\/amparo-29-300x300.jpg\" class=\"attachment-thumbnail size-thumbnail\" alt=\"\" loading=\"lazy\" srcset=\"https:\/\/franciscanos.org.br\/noticias\/wp-content\/uploads\/2019\/12\/amparo-29-300x300.jpg 300w, https:\/\/franciscanos.org.br\/noticias\/wp-content\/uploads\/2019\/12\/amparo-29-100x100.jpg 100w, https:\/\/franciscanos.org.br\/noticias\/wp-content\/uploads\/2019\/12\/amparo-29-400x400.jpg 400w\" sizes=\"(max-width: 300px) 100vw, 300px\" \/><\/a>\n\t\t\t<\/dt><\/dl><br style=\"clear: both\" \/><dl class='gallery-item'>\n\t\t\t<dt class='gallery-icon landscape'>\n\t\t\t\t<a href='https:\/\/franciscanos.org.br\/noticias\/wp-content\/uploads\/2019\/12\/amparo-30.jpg'><img width=\"300\" height=\"300\" src=\"https:\/\/franciscanos.org.br\/noticias\/wp-content\/uploads\/2019\/12\/amparo-30-300x300.jpg\" class=\"attachment-thumbnail size-thumbnail\" alt=\"\" loading=\"lazy\" srcset=\"https:\/\/franciscanos.org.br\/noticias\/wp-content\/uploads\/2019\/12\/amparo-30-300x300.jpg 300w, https:\/\/franciscanos.org.br\/noticias\/wp-content\/uploads\/2019\/12\/amparo-30-100x100.jpg 100w, https:\/\/franciscanos.org.br\/noticias\/wp-content\/uploads\/2019\/12\/amparo-30-400x400.jpg 400w\" sizes=\"(max-width: 300px) 100vw, 300px\" \/><\/a>\n\t\t\t<\/dt><\/dl><dl class='gallery-item'>\n\t\t\t<dt class='gallery-icon landscape'>\n\t\t\t\t<a href='https:\/\/franciscanos.org.br\/noticias\/wp-content\/uploads\/2019\/12\/amparo-31.jpg'><img width=\"300\" height=\"300\" src=\"https:\/\/franciscanos.org.br\/noticias\/wp-content\/uploads\/2019\/12\/amparo-31-300x300.jpg\" class=\"attachment-thumbnail size-thumbnail\" alt=\"\" loading=\"lazy\" srcset=\"https:\/\/franciscanos.org.br\/noticias\/wp-content\/uploads\/2019\/12\/amparo-31-300x300.jpg 300w, https:\/\/franciscanos.org.br\/noticias\/wp-content\/uploads\/2019\/12\/amparo-31-100x100.jpg 100w, https:\/\/franciscanos.org.br\/noticias\/wp-content\/uploads\/2019\/12\/amparo-31-400x400.jpg 400w\" sizes=\"(max-width: 300px) 100vw, 300px\" \/><\/a>\n\t\t\t<\/dt><\/dl><dl class='gallery-item'>\n\t\t\t<dt class='gallery-icon landscape'>\n\t\t\t\t<a href='https:\/\/franciscanos.org.br\/noticias\/wp-content\/uploads\/2019\/12\/amparo-32.jpg'><img width=\"300\" height=\"300\" src=\"https:\/\/franciscanos.org.br\/noticias\/wp-content\/uploads\/2019\/12\/amparo-32-300x300.jpg\" class=\"attachment-thumbnail size-thumbnail\" alt=\"\" loading=\"lazy\" srcset=\"https:\/\/franciscanos.org.br\/noticias\/wp-content\/uploads\/2019\/12\/amparo-32-300x300.jpg 300w, https:\/\/franciscanos.org.br\/noticias\/wp-content\/uploads\/2019\/12\/amparo-32-100x100.jpg 100w, https:\/\/franciscanos.org.br\/noticias\/wp-content\/uploads\/2019\/12\/amparo-32-400x400.jpg 400w\" sizes=\"(max-width: 300px) 100vw, 300px\" \/><\/a>\n\t\t\t<\/dt><\/dl><dl class='gallery-item'>\n\t\t\t<dt class='gallery-icon landscape'>\n\t\t\t\t<a href='https:\/\/franciscanos.org.br\/noticias\/wp-content\/uploads\/2019\/12\/amparo-33.jpg'><img width=\"300\" height=\"300\" src=\"https:\/\/franciscanos.org.br\/noticias\/wp-content\/uploads\/2019\/12\/amparo-33-300x300.jpg\" class=\"attachment-thumbnail size-thumbnail\" alt=\"\" loading=\"lazy\" srcset=\"https:\/\/franciscanos.org.br\/noticias\/wp-content\/uploads\/2019\/12\/amparo-33-300x300.jpg 300w, https:\/\/franciscanos.org.br\/noticias\/wp-content\/uploads\/2019\/12\/amparo-33-100x100.jpg 100w, https:\/\/franciscanos.org.br\/noticias\/wp-content\/uploads\/2019\/12\/amparo-33-400x400.jpg 400w\" sizes=\"(max-width: 300px) 100vw, 300px\" \/><\/a>\n\t\t\t<\/dt><\/dl><br style=\"clear: both\" \/>\n\t\t<\/div>\n\n<p>&nbsp;<\/p>\n","protected":false},"excerpt":{"rendered":"<p>Amparo: Prov\u00edncia entrega \u00e0 Diocese cuidado pastoral da Par\u00f3quia S\u00e3o Benedito<\/p>\n","protected":false},"author":3,"featured_media":215295,"comment_status":"open","ping_status":"open","sticky":false,"template":"","format":"standard","meta":[],"categories":[1],"tags":[1145,1572],"acf":[],"yoast_head":"<!-- This site is optimized with the Yoast SEO plugin v19.2 - https:\/\/yoast.com\/wordpress\/plugins\/seo\/ -->\n<title>Frades Menores partem de Amparo mas deixam o legado franciscano - Not\u00edcias - Franciscanos<\/title>\n<meta name=\"robots\" content=\"index, follow, max-snippet:-1, max-image-preview:large, max-video-preview:-1\" \/>\n<link rel=\"canonical\" href=\"https:\/\/franciscanos.org.br\/noticias\/frades-menores-partem-de-amparo-mas-deixam-o-legado-franciscano.html\" \/>\n<meta property=\"og:locale\" content=\"pt_BR\" \/>\n<meta property=\"og:type\" content=\"article\" \/>\n<meta property=\"og:title\" content=\"Frades Menores partem de Amparo mas deixam o legado franciscano - Not\u00edcias - Franciscanos\" \/>\n<meta property=\"og:description\" content=\"Amparo: Prov\u00edncia entrega \u00e0 Diocese cuidado pastoral da Par\u00f3quia S\u00e3o Benedito\" \/>\n<meta property=\"og:url\" content=\"https:\/\/franciscanos.org.br\/noticias\/frades-menores-partem-de-amparo-mas-deixam-o-legado-franciscano.html\" \/>\n<meta property=\"og:site_name\" content=\"Not\u00edcias - Franciscanos\" \/>\n<meta property=\"article:published_time\" content=\"2019-12-29T13:17:56+00:00\" \/>\n<meta property=\"article:modified_time\" content=\"2023-01-10T11:55:41+00:00\" \/>\n<meta property=\"og:image\" content=\"https:\/\/franciscanos.org.br\/noticias\/wp-content\/uploads\/2019\/12\/amparo_2912_d2.jpg\" \/>\n\t<meta property=\"og:image:width\" content=\"273\" \/>\n\t<meta property=\"og:image:height\" content=\"181\" \/>\n\t<meta property=\"og:image:type\" content=\"image\/jpeg\" \/>\n<meta name=\"author\" content=\"moacir\" \/>\n<meta name=\"twitter:card\" content=\"summary_large_image\" \/>\n<meta name=\"twitter:label1\" content=\"Escrito por\" \/>\n\t<meta name=\"twitter:data1\" content=\"moacir\" \/>\n\t<meta name=\"twitter:label2\" content=\"Est. tempo de leitura\" \/>\n\t<meta name=\"twitter:data2\" content=\"11 minutos\" \/>\n<script type=\"application\/ld+json\" class=\"yoast-schema-graph\">{\"@context\":\"https:\/\/schema.org\",\"@graph\":[{\"@type\":\"WebSite\",\"@id\":\"https:\/\/franciscanos.org.br\/noticias\/#website\",\"url\":\"https:\/\/franciscanos.org.br\/noticias\/\",\"name\":\"Not\u00edcias - Franciscanos\",\"description\":\"Prov\u00edncia Franciscana da Imaculada Concei\u00e7\u00e3o do Brasil - Ordem dos Frades Menores - OFM\",\"potentialAction\":[{\"@type\":\"SearchAction\",\"target\":{\"@type\":\"EntryPoint\",\"urlTemplate\":\"https:\/\/franciscanos.org.br\/noticias\/?s={search_term_string}\"},\"query-input\":\"required name=search_term_string\"}],\"inLanguage\":\"pt-BR\"},{\"@type\":\"ImageObject\",\"inLanguage\":\"pt-BR\",\"@id\":\"https:\/\/franciscanos.org.br\/noticias\/frades-menores-partem-de-amparo-mas-deixam-o-legado-franciscano.html#primaryimage\",\"url\":\"https:\/\/franciscanos.org.br\/noticias\/wp-content\/uploads\/2019\/12\/amparo_2912_d2.jpg\",\"contentUrl\":\"https:\/\/franciscanos.org.br\/noticias\/wp-content\/uploads\/2019\/12\/amparo_2912_d2.jpg\",\"width\":273,\"height\":181},{\"@type\":\"WebPage\",\"@id\":\"https:\/\/franciscanos.org.br\/noticias\/frades-menores-partem-de-amparo-mas-deixam-o-legado-franciscano.html#webpage\",\"url\":\"https:\/\/franciscanos.org.br\/noticias\/frades-menores-partem-de-amparo-mas-deixam-o-legado-franciscano.html\",\"name\":\"Frades Menores partem de Amparo mas deixam o legado franciscano - Not\u00edcias - Franciscanos\",\"isPartOf\":{\"@id\":\"https:\/\/franciscanos.org.br\/noticias\/#website\"},\"primaryImageOfPage\":{\"@id\":\"https:\/\/franciscanos.org.br\/noticias\/frades-menores-partem-de-amparo-mas-deixam-o-legado-franciscano.html#primaryimage\"},\"datePublished\":\"2019-12-29T13:17:56+00:00\",\"dateModified\":\"2023-01-10T11:55:41+00:00\",\"author\":{\"@id\":\"https:\/\/franciscanos.org.br\/noticias\/#\/schema\/person\/b5c8cba458c330ccff548b056e95a5d4\"},\"breadcrumb\":{\"@id\":\"https:\/\/franciscanos.org.br\/noticias\/frades-menores-partem-de-amparo-mas-deixam-o-legado-franciscano.html#breadcrumb\"},\"inLanguage\":\"pt-BR\",\"potentialAction\":[{\"@type\":\"ReadAction\",\"target\":[\"https:\/\/franciscanos.org.br\/noticias\/frades-menores-partem-de-amparo-mas-deixam-o-legado-franciscano.html\"]}]},{\"@type\":\"BreadcrumbList\",\"@id\":\"https:\/\/franciscanos.org.br\/noticias\/frades-menores-partem-de-amparo-mas-deixam-o-legado-franciscano.html#breadcrumb\",\"itemListElement\":[{\"@type\":\"ListItem\",\"position\":1,\"name\":\"Home\",\"item\":\"https:\/\/franciscanos.org.br\/noticias\"},{\"@type\":\"ListItem\",\"position\":2,\"name\":\"Frades Menores partem de Amparo mas deixam o legado franciscano\"}]},{\"@type\":\"Person\",\"@id\":\"https:\/\/franciscanos.org.br\/noticias\/#\/schema\/person\/b5c8cba458c330ccff548b056e95a5d4\",\"name\":\"moacir\",\"image\":{\"@type\":\"ImageObject\",\"inLanguage\":\"pt-BR\",\"@id\":\"https:\/\/franciscanos.org.br\/noticias\/#\/schema\/person\/image\/\",\"url\":\"https:\/\/secure.gravatar.com\/avatar\/d08aa2ce4c8dd416d4479aa8536fcf64?s=96&d=mm&r=g\",\"contentUrl\":\"https:\/\/secure.gravatar.com\/avatar\/d08aa2ce4c8dd416d4479aa8536fcf64?s=96&d=mm&r=g\",\"caption\":\"moacir\"},\"url\":\"https:\/\/franciscanos.org.br\/noticias\/author\/moacir\"}]}<\/script>\n<!-- \/ Yoast SEO plugin. -->","yoast_head_json":{"title":"Frades Menores partem de Amparo mas deixam o legado franciscano - Not\u00edcias - Franciscanos","robots":{"index":"index","follow":"follow","max-snippet":"max-snippet:-1","max-image-preview":"max-image-preview:large","max-video-preview":"max-video-preview:-1"},"canonical":"https:\/\/franciscanos.org.br\/noticias\/frades-menores-partem-de-amparo-mas-deixam-o-legado-franciscano.html","og_locale":"pt_BR","og_type":"article","og_title":"Frades Menores partem de Amparo mas deixam o legado franciscano - Not\u00edcias - Franciscanos","og_description":"Amparo: Prov\u00edncia entrega \u00e0 Diocese cuidado pastoral da Par\u00f3quia S\u00e3o Benedito","og_url":"https:\/\/franciscanos.org.br\/noticias\/frades-menores-partem-de-amparo-mas-deixam-o-legado-franciscano.html","og_site_name":"Not\u00edcias - Franciscanos","article_published_time":"2019-12-29T13:17:56+00:00","article_modified_time":"2023-01-10T11:55:41+00:00","og_image":[{"width":273,"height":181,"url":"https:\/\/franciscanos.org.br\/noticias\/wp-content\/uploads\/2019\/12\/amparo_2912_d2.jpg","type":"image\/jpeg"}],"author":"moacir","twitter_card":"summary_large_image","twitter_misc":{"Escrito por":"moacir","Est. tempo de leitura":"11 minutos"},"schema":{"@context":"https:\/\/schema.org","@graph":[{"@type":"WebSite","@id":"https:\/\/franciscanos.org.br\/noticias\/#website","url":"https:\/\/franciscanos.org.br\/noticias\/","name":"Not\u00edcias - Franciscanos","description":"Prov\u00edncia Franciscana da Imaculada Concei\u00e7\u00e3o do Brasil - Ordem dos Frades Menores - OFM","potentialAction":[{"@type":"SearchAction","target":{"@type":"EntryPoint","urlTemplate":"https:\/\/franciscanos.org.br\/noticias\/?s={search_term_string}"},"query-input":"required name=search_term_string"}],"inLanguage":"pt-BR"},{"@type":"ImageObject","inLanguage":"pt-BR","@id":"https:\/\/franciscanos.org.br\/noticias\/frades-menores-partem-de-amparo-mas-deixam-o-legado-franciscano.html#primaryimage","url":"https:\/\/franciscanos.org.br\/noticias\/wp-content\/uploads\/2019\/12\/amparo_2912_d2.jpg","contentUrl":"https:\/\/franciscanos.org.br\/noticias\/wp-content\/uploads\/2019\/12\/amparo_2912_d2.jpg","width":273,"height":181},{"@type":"WebPage","@id":"https:\/\/franciscanos.org.br\/noticias\/frades-menores-partem-de-amparo-mas-deixam-o-legado-franciscano.html#webpage","url":"https:\/\/franciscanos.org.br\/noticias\/frades-menores-partem-de-amparo-mas-deixam-o-legado-franciscano.html","name":"Frades Menores partem de Amparo mas deixam o legado franciscano - Not\u00edcias - Franciscanos","isPartOf":{"@id":"https:\/\/franciscanos.org.br\/noticias\/#website"},"primaryImageOfPage":{"@id":"https:\/\/franciscanos.org.br\/noticias\/frades-menores-partem-de-amparo-mas-deixam-o-legado-franciscano.html#primaryimage"},"datePublished":"2019-12-29T13:17:56+00:00","dateModified":"2023-01-10T11:55:41+00:00","author":{"@id":"https:\/\/franciscanos.org.br\/noticias\/#\/schema\/person\/b5c8cba458c330ccff548b056e95a5d4"},"breadcrumb":{"@id":"https:\/\/franciscanos.org.br\/noticias\/frades-menores-partem-de-amparo-mas-deixam-o-legado-franciscano.html#breadcrumb"},"inLanguage":"pt-BR","potentialAction":[{"@type":"ReadAction","target":["https:\/\/franciscanos.org.br\/noticias\/frades-menores-partem-de-amparo-mas-deixam-o-legado-franciscano.html"]}]},{"@type":"BreadcrumbList","@id":"https:\/\/franciscanos.org.br\/noticias\/frades-menores-partem-de-amparo-mas-deixam-o-legado-franciscano.html#breadcrumb","itemListElement":[{"@type":"ListItem","position":1,"name":"Home","item":"https:\/\/franciscanos.org.br\/noticias"},{"@type":"ListItem","position":2,"name":"Frades Menores partem de Amparo mas deixam o legado franciscano"}]},{"@type":"Person","@id":"https:\/\/franciscanos.org.br\/noticias\/#\/schema\/person\/b5c8cba458c330ccff548b056e95a5d4","name":"moacir","image":{"@type":"ImageObject","inLanguage":"pt-BR","@id":"https:\/\/franciscanos.org.br\/noticias\/#\/schema\/person\/image\/","url":"https:\/\/secure.gravatar.com\/avatar\/d08aa2ce4c8dd416d4479aa8536fcf64?s=96&d=mm&r=g","contentUrl":"https:\/\/secure.gravatar.com\/avatar\/d08aa2ce4c8dd416d4479aa8536fcf64?s=96&d=mm&r=g","caption":"moacir"},"url":"https:\/\/franciscanos.org.br\/noticias\/author\/moacir"}]}},"_links":{"self":[{"href":"https:\/\/franciscanos.org.br\/noticias\/wp-json\/wp\/v2\/posts\/215253"}],"collection":[{"href":"https:\/\/franciscanos.org.br\/noticias\/wp-json\/wp\/v2\/posts"}],"about":[{"href":"https:\/\/franciscanos.org.br\/noticias\/wp-json\/wp\/v2\/types\/post"}],"author":[{"embeddable":true,"href":"https:\/\/franciscanos.org.br\/noticias\/wp-json\/wp\/v2\/users\/3"}],"replies":[{"embeddable":true,"href":"https:\/\/franciscanos.org.br\/noticias\/wp-json\/wp\/v2\/comments?post=215253"}],"version-history":[{"count":1,"href":"https:\/\/franciscanos.org.br\/noticias\/wp-json\/wp\/v2\/posts\/215253\/revisions"}],"predecessor-version":[{"id":241638,"href":"https:\/\/franciscanos.org.br\/noticias\/wp-json\/wp\/v2\/posts\/215253\/revisions\/241638"}],"wp:featuredmedia":[{"embeddable":true,"href":"https:\/\/franciscanos.org.br\/noticias\/wp-json\/wp\/v2\/media\/215295"}],"wp:attachment":[{"href":"https:\/\/franciscanos.org.br\/noticias\/wp-json\/wp\/v2\/media?parent=215253"}],"wp:term":[{"taxonomy":"category","embeddable":true,"href":"https:\/\/franciscanos.org.br\/noticias\/wp-json\/wp\/v2\/categories?post=215253"},{"taxonomy":"post_tag","embeddable":true,"href":"https:\/\/franciscanos.org.br\/noticias\/wp-json\/wp\/v2\/tags?post=215253"}],"curies":[{"name":"wp","href":"https:\/\/api.w.org\/{rel}","templated":true}]}}