{"id":215249,"date":"2019-12-29T09:56:43","date_gmt":"2019-12-29T12:56:43","guid":{"rendered":"https:\/\/franciscanos.org.br\/noticias\/?p=215249"},"modified":"2020-06-06T08:39:04","modified_gmt":"2020-06-06T11:39:04","slug":"papa-convida-a-retomar-a-comunicacao-em-familia-um-tesouro-precioso","status":"publish","type":"post","link":"https:\/\/franciscanos.org.br\/noticias\/papa-convida-a-retomar-a-comunicacao-em-familia-um-tesouro-precioso.html","title":{"rendered":"Papa convida a retomar a comunica\u00e7\u00e3o em fam\u00edlia, um tesouro precioso"},"content":{"rendered":"<p><img loading=\"lazy\" class=\"alignnone wp-image-215250 size-full\" src=\"https:\/\/franciscanos.org.br\/noticias\/wp-content\/uploads\/2019\/12\/angelus_2912.jpg\" alt=\"\" width=\"890\" height=\"500\" srcset=\"https:\/\/franciscanos.org.br\/noticias\/wp-content\/uploads\/2019\/12\/angelus_2912.jpg 890w, https:\/\/franciscanos.org.br\/noticias\/wp-content\/uploads\/2019\/12\/angelus_2912-450x253.jpg 450w, https:\/\/franciscanos.org.br\/noticias\/wp-content\/uploads\/2019\/12\/angelus_2912-768x431.jpg 768w, https:\/\/franciscanos.org.br\/noticias\/wp-content\/uploads\/2019\/12\/angelus_2912-150x84.jpg 150w\" sizes=\"(max-width: 890px) 100vw, 890px\" \/><\/p>\n<p><strong>Cidade do Vaticano<\/strong> &#8211; A fam\u00edlia \u00e9 um tesouro precioso que precisa ser apoiado e tutelado, disse o Papa neste domingo, 29, Festa da Sagrada Fam\u00edlia, quando deu uma tarefa: retomar a comunica\u00e7\u00e3o em fam\u00edlia: os pais, os pais com os filhos, com os av\u00f3s, os irm\u00e3os entre eles.<\/p>\n<p>No \u00faltimo Angelus do ano de 2019, Francisco prop\u00f4s a Sagrada Fam\u00edlia de Nazar\u00e9 como modelo para nossas fam\u00edlias. \u201cO termo &#8220;sagrada&#8221; &#8211; come\u00e7ou explicando &#8211; insere essa fam\u00edlia no \u00e2mbito de santidade que \u00e9 dom de Deus mas, ao mesmo tempo, \u00e9 uma ades\u00e3o livre e respons\u00e1vel ao projeto de Deus. Assim foi para a fam\u00edlia de Nazar\u00e9: foi totalmente dispon\u00edvel \u00e0 vontade de Deus.\u201d<\/p>\n<p>Falando aos milhares de peregrinos e turistas presentes na Pra\u00e7a S\u00e3o Pedro em um domingo ensolarado, com a temperatura por volta dos 9\u00ba C, Francisco chamou a aten\u00e7\u00e3o para o fato de que \u201cos tr\u00eas componentes da Fam\u00edlia de Nazar\u00e9, ajudam-se um ao outro a descobrir e realizar o plano de Deus\u201d, e explicou brevemente o papel desempenhado por cada um nesta miss\u00e3o divina, a come\u00e7ar por Maria: \u201cComo n\u00e3o ficar maravilhados, por exemplo, com a docilidade de Maria \u00e0 a\u00e7\u00e3o do Esp\u00edrito Santo, que pede a ela para se tornar m\u00e3e do Messias?\u201d<\/p>\n<p>Maria, como toda jovem do seu tempo, estava para concretizar seu projeto de vida, isto \u00e9, casar-se com Jos\u00e9. Mas quando percebe que Deus a chama para uma miss\u00e3o particular, n\u00e3o hesita em proclamar-se como &#8220;serva\u201d.<\/p>\n<p>O Papa explica que Jesus exaltar\u00e1 a grandeza de Maria n\u00e3o tanto por seu papel de m\u00e3e, mas por sua obedi\u00eancia a Deus: &#8220;Bem-aventurados os que ouvem a palavra de Deus e a p\u00f5e em pr\u00e1tica!, como Maria&#8221;: \u201cE quando n\u00e3o compreende bem os eventos que a envolvem, Maria medita no sil\u00eancio, reflete e adora a iniciativa divina. A sua presen\u00e7a aos p\u00e9s da cruz consagra essa total disponibilidade\u201d.<\/p>\n<p><strong>Jos\u00e9, homem do sil\u00eancio e da obedi\u00eancia<\/strong><\/p>\n<p>Quanto a Jos\u00e9, ele \u201cn\u00e3o fala, mas age obedecendo\u201d, \u201c\u00e9 o homem do sil\u00eancio, o homem da obedi\u00eancia\u201d &#8211; ressalta Francisco &#8211; sob a condu\u00e7\u00e3o de Deus, representada pelo anjo: A p\u00e1gina do Evangelho de hoje recorda tr\u00eas vezes essa obedi\u00eancia do justo Jos\u00e9, relacionada \u00e0 fuga para o Egito e ao retorno \u00e0 terra de Israel. Sob a guia de Deus, representada pelo anjo, Jos\u00e9 distancia sua fam\u00edlia das amea\u00e7as de Herodes, e a salva. A Sagrada Fam\u00edlia solidariza assim com todas as fam\u00edlias do mundo for\u00e7adas ao ex\u00edlio, solidariza com todos aqueles que s\u00e3o for\u00e7ados a abandonar a pr\u00f3pria terra por causa da repress\u00e3o, da viol\u00eancia, da guerra.<\/p>\n<p><strong>Jesus, a vontade do Pai<\/strong><\/p>\n<p>Por fim Jesus, a terceira pessoa da Sagrada Fam\u00edlia, Jesus, em quem \u2013 explica o Papa &#8211; houve somente \u201csim\u201d, o que \u00e9 manifestado em tantos momentos de sua vida terrena, citando o epis\u00f3dio em que seus pais aflitos o acharam no templo pregando aos doutores da lei, sua ora\u00e7\u00e3o de entrega ao Pai no Jardim das Oliveiras, todos eventos que s\u00e3o a perfeita realiza\u00e7\u00e3o das pr\u00f3prias palavras de Cristo que diz: \u201cN\u00e3o quiseste sacrif\u00edcio nem obla\u00e7\u00e3o [&#8230;]. Ent\u00e3o disse: &#8220;Eis que eu venho [&#8230;] fazer vossa vontade, Meu Deus&#8221;.<\/p>\n<p><strong>Uma tarefa: retomar a comunica\u00e7\u00e3o em fam\u00edlia<\/strong><\/p>\n<p>Assim, disse Francisco, \u201cMaria, Jos\u00e9 e Jesus, a Fam\u00edlia de Nazar\u00e9, representa uma resposta un\u00edssona \u00e0 vontade do Pai. Os tr\u00eas componentes dessa fam\u00edlia singular se ajudam reciprocamente a descobrir e realizar o plano de Deus. Eles rezavam, trabalhavam, se comunicavam\u201d. E o Papa se pergunta: Tu, em tua fam\u00edlia, sabes te comunicar, ou \u00e9s como aqueles jovens na mesa, cada um com um telefone celular, [que] est\u00e3o [trocando mensagens] em chats? Naquela mesa parece um sil\u00eancio, como se estivessem na Missa &#8230; Mas n\u00e3o se comunicam. Devemos retomar a comunica\u00e7\u00e3o em fam\u00edlia: os pais, os pais com os filhos, com os av\u00f3s, mas comunicar-se, com os irm\u00e3os, entre eles&#8230; Esta \u00e9 uma tarefa a ser feita hoje, precisamente no dia da Sagrada Fam\u00edlia.<\/p>\n<p>\u201cDevemos retomar a comunica\u00e7\u00e3o em fam\u00edlia: os pais, os pais com os filhos, com os av\u00f3s, mas comunicar-se, com os irm\u00e3os, entre eles&#8230; Esta \u00e9 uma tarefa a ser feita hoje, precisamente no dia da Sagrada Fam\u00edlia\u201d<\/p>\n<p><strong>Sagrada Fam\u00edlia, modelo para as fam\u00edlias<\/strong><\/p>\n<p>\u201cQue a Sagrada Fam\u00edlia possa ser modelo para nossas fam\u00edlias, para que pais e filhos reciprocamente na ades\u00e3o ao Evangelho, fundamento da santidade da fam\u00edlia.\u201d<\/p>\n<p>Confiemos a Maria &#8220;Rainha da fam\u00edlia&#8221; \u2013 disse o Papa ao concluir &#8211; todas as fam\u00edlias do mundo, especialmente aquelas provadas pelo sofrimento, e invoquemos sobre elas a sua materna prote\u00e7\u00e3o.<\/p>\n<p><strong>Fam\u00edlia, um tesouro a ser protegido<\/strong><\/p>\n<p>Ao saudar os peregrinos e turistas presentes na Pra\u00e7a S\u00e3o Pedro, o Papa dirigiu uma sauda\u00e7\u00e3o \u00e0s fam\u00edlias:<\/p>\n<p>\u201cHoje dirijo uma sauda\u00e7\u00e3o especial \u00e0s fam\u00edlias aqui presentes e \u00e0quelas que participam de casa atrav\u00e9s da televis\u00e3o e do r\u00e1dio. A fam\u00edlia \u00e9 um tesouro precioso: \u00e9 preciso sempre apoi\u00e1-la, proteg\u00ea-la: em frente!\u201d<\/p>\n<p><strong>Acabar o ano com paz no cora\u00e7\u00e3o<\/strong><\/p>\n<p>Antes de despedir-se com o tradicional bom domingo, bom almo\u00e7o e n\u00e3o se esque\u00e7am de rezar por mim, o Papa fez votos de que todos terminem o ano em paz:\u00a0Sa\u00fado a todos, e a todos desejo um bom domingo e um final de ano sereno. Terminemos o ano em paz, paz de cora\u00e7\u00e3o: esses s\u00e3o meus votos a voc\u00eas. E em fam\u00edlia, se comunicando. Agrade\u00e7o novamente a voc\u00eas pelas felicita\u00e7\u00f5es (de Natal) e pelas ora\u00e7\u00f5es. E por favor continue rezando por mim. Bom almo\u00e7o e at\u00e9 logo!<\/p>\n<hr \/>\n<p><em>Fonte: Vatican News<\/em><\/p>\n","protected":false},"excerpt":{"rendered":"<p>Angelus<\/p>\n","protected":false},"author":3,"featured_media":215251,"comment_status":"open","ping_status":"open","sticky":false,"template":"","format":"standard","meta":[],"categories":[1428],"tags":[403],"acf":[],"yoast_head":"<!-- This site is optimized with the Yoast SEO plugin v19.2 - https:\/\/yoast.com\/wordpress\/plugins\/seo\/ -->\n<title>Papa convida a retomar a comunica\u00e7\u00e3o em fam\u00edlia, um tesouro precioso - Not\u00edcias - Franciscanos<\/title>\n<meta name=\"robots\" content=\"index, follow, max-snippet:-1, max-image-preview:large, max-video-preview:-1\" \/>\n<link rel=\"canonical\" href=\"https:\/\/franciscanos.org.br\/noticias\/papa-convida-a-retomar-a-comunicacao-em-familia-um-tesouro-precioso.html\" \/>\n<meta property=\"og:locale\" content=\"pt_BR\" \/>\n<meta property=\"og:type\" content=\"article\" \/>\n<meta property=\"og:title\" content=\"Papa convida a retomar a comunica\u00e7\u00e3o em fam\u00edlia, um tesouro precioso - Not\u00edcias - Franciscanos\" \/>\n<meta property=\"og:description\" content=\"Angelus\" \/>\n<meta property=\"og:url\" content=\"https:\/\/franciscanos.org.br\/noticias\/papa-convida-a-retomar-a-comunicacao-em-familia-um-tesouro-precioso.html\" \/>\n<meta property=\"og:site_name\" content=\"Not\u00edcias - Franciscanos\" \/>\n<meta property=\"article:published_time\" content=\"2019-12-29T12:56:43+00:00\" \/>\n<meta property=\"article:modified_time\" content=\"2020-06-06T11:39:04+00:00\" \/>\n<meta property=\"og:image\" content=\"https:\/\/franciscanos.org.br\/noticias\/wp-content\/uploads\/2019\/12\/angelus_2912d.jpg\" \/>\n\t<meta property=\"og:image:width\" content=\"273\" \/>\n\t<meta property=\"og:image:height\" content=\"181\" \/>\n\t<meta property=\"og:image:type\" content=\"image\/jpeg\" \/>\n<meta name=\"author\" content=\"moacir\" \/>\n<meta name=\"twitter:card\" content=\"summary_large_image\" \/>\n<meta name=\"twitter:label1\" content=\"Escrito por\" \/>\n\t<meta name=\"twitter:data1\" content=\"moacir\" \/>\n\t<meta name=\"twitter:label2\" content=\"Est. tempo de leitura\" \/>\n\t<meta name=\"twitter:data2\" content=\"5 minutos\" \/>\n<script type=\"application\/ld+json\" class=\"yoast-schema-graph\">{\"@context\":\"https:\/\/schema.org\",\"@graph\":[{\"@type\":\"WebSite\",\"@id\":\"https:\/\/franciscanos.org.br\/noticias\/#website\",\"url\":\"https:\/\/franciscanos.org.br\/noticias\/\",\"name\":\"Not\u00edcias - Franciscanos\",\"description\":\"Prov\u00edncia Franciscana da Imaculada Concei\u00e7\u00e3o do Brasil - Ordem dos Frades Menores - OFM\",\"potentialAction\":[{\"@type\":\"SearchAction\",\"target\":{\"@type\":\"EntryPoint\",\"urlTemplate\":\"https:\/\/franciscanos.org.br\/noticias\/?s={search_term_string}\"},\"query-input\":\"required name=search_term_string\"}],\"inLanguage\":\"pt-BR\"},{\"@type\":\"ImageObject\",\"inLanguage\":\"pt-BR\",\"@id\":\"https:\/\/franciscanos.org.br\/noticias\/papa-convida-a-retomar-a-comunicacao-em-familia-um-tesouro-precioso.html#primaryimage\",\"url\":\"https:\/\/franciscanos.org.br\/noticias\/wp-content\/uploads\/2019\/12\/angelus_2912d.jpg\",\"contentUrl\":\"https:\/\/franciscanos.org.br\/noticias\/wp-content\/uploads\/2019\/12\/angelus_2912d.jpg\",\"width\":273,\"height\":181},{\"@type\":\"WebPage\",\"@id\":\"https:\/\/franciscanos.org.br\/noticias\/papa-convida-a-retomar-a-comunicacao-em-familia-um-tesouro-precioso.html#webpage\",\"url\":\"https:\/\/franciscanos.org.br\/noticias\/papa-convida-a-retomar-a-comunicacao-em-familia-um-tesouro-precioso.html\",\"name\":\"Papa convida a retomar a comunica\u00e7\u00e3o em fam\u00edlia, um tesouro precioso - Not\u00edcias - Franciscanos\",\"isPartOf\":{\"@id\":\"https:\/\/franciscanos.org.br\/noticias\/#website\"},\"primaryImageOfPage\":{\"@id\":\"https:\/\/franciscanos.org.br\/noticias\/papa-convida-a-retomar-a-comunicacao-em-familia-um-tesouro-precioso.html#primaryimage\"},\"datePublished\":\"2019-12-29T12:56:43+00:00\",\"dateModified\":\"2020-06-06T11:39:04+00:00\",\"author\":{\"@id\":\"https:\/\/franciscanos.org.br\/noticias\/#\/schema\/person\/b5c8cba458c330ccff548b056e95a5d4\"},\"breadcrumb\":{\"@id\":\"https:\/\/franciscanos.org.br\/noticias\/papa-convida-a-retomar-a-comunicacao-em-familia-um-tesouro-precioso.html#breadcrumb\"},\"inLanguage\":\"pt-BR\",\"potentialAction\":[{\"@type\":\"ReadAction\",\"target\":[\"https:\/\/franciscanos.org.br\/noticias\/papa-convida-a-retomar-a-comunicacao-em-familia-um-tesouro-precioso.html\"]}]},{\"@type\":\"BreadcrumbList\",\"@id\":\"https:\/\/franciscanos.org.br\/noticias\/papa-convida-a-retomar-a-comunicacao-em-familia-um-tesouro-precioso.html#breadcrumb\",\"itemListElement\":[{\"@type\":\"ListItem\",\"position\":1,\"name\":\"Home\",\"item\":\"https:\/\/franciscanos.org.br\/noticias\"},{\"@type\":\"ListItem\",\"position\":2,\"name\":\"Papa convida a retomar a comunica\u00e7\u00e3o em fam\u00edlia, um tesouro precioso\"}]},{\"@type\":\"Person\",\"@id\":\"https:\/\/franciscanos.org.br\/noticias\/#\/schema\/person\/b5c8cba458c330ccff548b056e95a5d4\",\"name\":\"moacir\",\"image\":{\"@type\":\"ImageObject\",\"inLanguage\":\"pt-BR\",\"@id\":\"https:\/\/franciscanos.org.br\/noticias\/#\/schema\/person\/image\/\",\"url\":\"https:\/\/secure.gravatar.com\/avatar\/d08aa2ce4c8dd416d4479aa8536fcf64?s=96&d=mm&r=g\",\"contentUrl\":\"https:\/\/secure.gravatar.com\/avatar\/d08aa2ce4c8dd416d4479aa8536fcf64?s=96&d=mm&r=g\",\"caption\":\"moacir\"},\"url\":\"https:\/\/franciscanos.org.br\/noticias\/author\/moacir\"}]}<\/script>\n<!-- \/ Yoast SEO plugin. -->","yoast_head_json":{"title":"Papa convida a retomar a comunica\u00e7\u00e3o em fam\u00edlia, um tesouro precioso - Not\u00edcias - Franciscanos","robots":{"index":"index","follow":"follow","max-snippet":"max-snippet:-1","max-image-preview":"max-image-preview:large","max-video-preview":"max-video-preview:-1"},"canonical":"https:\/\/franciscanos.org.br\/noticias\/papa-convida-a-retomar-a-comunicacao-em-familia-um-tesouro-precioso.html","og_locale":"pt_BR","og_type":"article","og_title":"Papa convida a retomar a comunica\u00e7\u00e3o em fam\u00edlia, um tesouro precioso - Not\u00edcias - Franciscanos","og_description":"Angelus","og_url":"https:\/\/franciscanos.org.br\/noticias\/papa-convida-a-retomar-a-comunicacao-em-familia-um-tesouro-precioso.html","og_site_name":"Not\u00edcias - Franciscanos","article_published_time":"2019-12-29T12:56:43+00:00","article_modified_time":"2020-06-06T11:39:04+00:00","og_image":[{"width":273,"height":181,"url":"https:\/\/franciscanos.org.br\/noticias\/wp-content\/uploads\/2019\/12\/angelus_2912d.jpg","type":"image\/jpeg"}],"author":"moacir","twitter_card":"summary_large_image","twitter_misc":{"Escrito por":"moacir","Est. tempo de leitura":"5 minutos"},"schema":{"@context":"https:\/\/schema.org","@graph":[{"@type":"WebSite","@id":"https:\/\/franciscanos.org.br\/noticias\/#website","url":"https:\/\/franciscanos.org.br\/noticias\/","name":"Not\u00edcias - Franciscanos","description":"Prov\u00edncia Franciscana da Imaculada Concei\u00e7\u00e3o do Brasil - Ordem dos Frades Menores - OFM","potentialAction":[{"@type":"SearchAction","target":{"@type":"EntryPoint","urlTemplate":"https:\/\/franciscanos.org.br\/noticias\/?s={search_term_string}"},"query-input":"required name=search_term_string"}],"inLanguage":"pt-BR"},{"@type":"ImageObject","inLanguage":"pt-BR","@id":"https:\/\/franciscanos.org.br\/noticias\/papa-convida-a-retomar-a-comunicacao-em-familia-um-tesouro-precioso.html#primaryimage","url":"https:\/\/franciscanos.org.br\/noticias\/wp-content\/uploads\/2019\/12\/angelus_2912d.jpg","contentUrl":"https:\/\/franciscanos.org.br\/noticias\/wp-content\/uploads\/2019\/12\/angelus_2912d.jpg","width":273,"height":181},{"@type":"WebPage","@id":"https:\/\/franciscanos.org.br\/noticias\/papa-convida-a-retomar-a-comunicacao-em-familia-um-tesouro-precioso.html#webpage","url":"https:\/\/franciscanos.org.br\/noticias\/papa-convida-a-retomar-a-comunicacao-em-familia-um-tesouro-precioso.html","name":"Papa convida a retomar a comunica\u00e7\u00e3o em fam\u00edlia, um tesouro precioso - Not\u00edcias - Franciscanos","isPartOf":{"@id":"https:\/\/franciscanos.org.br\/noticias\/#website"},"primaryImageOfPage":{"@id":"https:\/\/franciscanos.org.br\/noticias\/papa-convida-a-retomar-a-comunicacao-em-familia-um-tesouro-precioso.html#primaryimage"},"datePublished":"2019-12-29T12:56:43+00:00","dateModified":"2020-06-06T11:39:04+00:00","author":{"@id":"https:\/\/franciscanos.org.br\/noticias\/#\/schema\/person\/b5c8cba458c330ccff548b056e95a5d4"},"breadcrumb":{"@id":"https:\/\/franciscanos.org.br\/noticias\/papa-convida-a-retomar-a-comunicacao-em-familia-um-tesouro-precioso.html#breadcrumb"},"inLanguage":"pt-BR","potentialAction":[{"@type":"ReadAction","target":["https:\/\/franciscanos.org.br\/noticias\/papa-convida-a-retomar-a-comunicacao-em-familia-um-tesouro-precioso.html"]}]},{"@type":"BreadcrumbList","@id":"https:\/\/franciscanos.org.br\/noticias\/papa-convida-a-retomar-a-comunicacao-em-familia-um-tesouro-precioso.html#breadcrumb","itemListElement":[{"@type":"ListItem","position":1,"name":"Home","item":"https:\/\/franciscanos.org.br\/noticias"},{"@type":"ListItem","position":2,"name":"Papa convida a retomar a comunica\u00e7\u00e3o em fam\u00edlia, um tesouro precioso"}]},{"@type":"Person","@id":"https:\/\/franciscanos.org.br\/noticias\/#\/schema\/person\/b5c8cba458c330ccff548b056e95a5d4","name":"moacir","image":{"@type":"ImageObject","inLanguage":"pt-BR","@id":"https:\/\/franciscanos.org.br\/noticias\/#\/schema\/person\/image\/","url":"https:\/\/secure.gravatar.com\/avatar\/d08aa2ce4c8dd416d4479aa8536fcf64?s=96&d=mm&r=g","contentUrl":"https:\/\/secure.gravatar.com\/avatar\/d08aa2ce4c8dd416d4479aa8536fcf64?s=96&d=mm&r=g","caption":"moacir"},"url":"https:\/\/franciscanos.org.br\/noticias\/author\/moacir"}]}},"_links":{"self":[{"href":"https:\/\/franciscanos.org.br\/noticias\/wp-json\/wp\/v2\/posts\/215249"}],"collection":[{"href":"https:\/\/franciscanos.org.br\/noticias\/wp-json\/wp\/v2\/posts"}],"about":[{"href":"https:\/\/franciscanos.org.br\/noticias\/wp-json\/wp\/v2\/types\/post"}],"author":[{"embeddable":true,"href":"https:\/\/franciscanos.org.br\/noticias\/wp-json\/wp\/v2\/users\/3"}],"replies":[{"embeddable":true,"href":"https:\/\/franciscanos.org.br\/noticias\/wp-json\/wp\/v2\/comments?post=215249"}],"version-history":[{"count":1,"href":"https:\/\/franciscanos.org.br\/noticias\/wp-json\/wp\/v2\/posts\/215249\/revisions"}],"predecessor-version":[{"id":224473,"href":"https:\/\/franciscanos.org.br\/noticias\/wp-json\/wp\/v2\/posts\/215249\/revisions\/224473"}],"wp:featuredmedia":[{"embeddable":true,"href":"https:\/\/franciscanos.org.br\/noticias\/wp-json\/wp\/v2\/media\/215251"}],"wp:attachment":[{"href":"https:\/\/franciscanos.org.br\/noticias\/wp-json\/wp\/v2\/media?parent=215249"}],"wp:term":[{"taxonomy":"category","embeddable":true,"href":"https:\/\/franciscanos.org.br\/noticias\/wp-json\/wp\/v2\/categories?post=215249"},{"taxonomy":"post_tag","embeddable":true,"href":"https:\/\/franciscanos.org.br\/noticias\/wp-json\/wp\/v2\/tags?post=215249"}],"curies":[{"name":"wp","href":"https:\/\/api.w.org\/{rel}","templated":true}]}}