{"id":215245,"date":"2019-12-28T13:36:13","date_gmt":"2019-12-28T16:36:13","guid":{"rendered":"https:\/\/franciscanos.org.br\/noticias\/?p=215245"},"modified":"2020-06-06T08:41:41","modified_gmt":"2020-06-06T11:41:41","slug":"o-2019-do-papa-francisco-a-certeza-da-fe-e-a-luta-contra-as-idolatrias","status":"publish","type":"post","link":"https:\/\/franciscanos.org.br\/noticias\/o-2019-do-papa-francisco-a-certeza-da-fe-e-a-luta-contra-as-idolatrias.html","title":{"rendered":"O 2019 do Papa Francisco: a certeza da f\u00e9 e a luta contra as idolatrias"},"content":{"rendered":"<p>&nbsp;<\/p>\n<p><img loading=\"lazy\" class=\"alignnone wp-image-224474 size-full\" src=\"https:\/\/franciscanos.org.br\/noticias\/wp-content\/uploads\/2019\/12\/papa_060620.jpg\" alt=\"\" width=\"890\" height=\"501\" srcset=\"https:\/\/franciscanos.org.br\/noticias\/wp-content\/uploads\/2019\/12\/papa_060620.jpg 890w, https:\/\/franciscanos.org.br\/noticias\/wp-content\/uploads\/2019\/12\/papa_060620-450x253.jpg 450w, https:\/\/franciscanos.org.br\/noticias\/wp-content\/uploads\/2019\/12\/papa_060620-768x432.jpg 768w, https:\/\/franciscanos.org.br\/noticias\/wp-content\/uploads\/2019\/12\/papa_060620-150x84.jpg 150w\" sizes=\"(max-width: 890px) 100vw, 890px\" \/><\/p>\n<p><strong>Cidade do Vaticano<\/strong> &#8211; Tamb\u00e9m neste ano, o Papa Francisco nos presenteou com uma catequese simples, para todos, sobre o amor de Deus. A miss\u00e3o mais importante \u00e9 anunciar o Evangelho, disse ele, e neste 2019 ele o fez com as 41 Audi\u00eancias Gerais (com os ciclos sobre o Pai Nosso e sobre os Atos dos Ap\u00f3stolos, este \u00faltimo em andamento), 56 Angelus e Regina Caeli, mais de 60 homilias em celebra\u00e7\u00f5es p\u00fablicas, 44 homilias na Santa Marta (isto sem falar nas mensagens, cartas, documentos, entrevistas que se tornaram livros e cerca de 260 discursos p\u00fablicos).<\/p>\n<p><strong>Certezas, n\u00e3o confus\u00e3o<\/strong><\/p>\n<p>Francisco recorda a todos que, na base da nossa vida, h\u00e1 uma certeza consoladora: Deus nos ama e em Jesus deu a vida por n\u00f3s. Trata-se da mensagem central de toda a sua miss\u00e3o (Evangelii gaudium, texto program\u00e1tico do Pontificado de Francisco). Convida a recordar a &#8220;f\u00e9 simples e robusta&#8221; das m\u00e3es e av\u00f3s, que &#8220;dava a elas for\u00e7a e perseveran\u00e7a para seguir em frente e n\u00e3o deixar cair os bra\u00e7os&#8221;, \u201cuma f\u00e9 caseira, que passa despercebida, mas que constr\u00f3i pouco a pouco o reino de Deus\u201d. Uma f\u00e9 que n\u00e3o se deixa confundir, porque se baseia nos fundamentos do Evangelho.<\/p>\n<p><strong>F\u00e9 e idolatria<\/strong><\/p>\n<p>Francisco exorta a adorar o \u00fanico verdadeiro Deus, Uno e Trino, em uma sociedade que se torna cada vez mais pag\u00e3. &#8220;A idolatria &#8211; disse ele &#8211; n\u00e3o \u00e9 somente ir a um templo pag\u00e3o e adorar uma est\u00e1tua. N\u00e3o, idolatria \u00e9 uma atitude do cora\u00e7\u00e3o&#8221;, \u00e9 quando se prefere algo porque \u00e9 mais c\u00f4modo para si e se esquece do Senhor. Os \u00eddolos mudaram de nome, mas est\u00e3o mais presentes do que nunca: o \u00eddolo do dinheiro, do sucesso, da carreira, da auto realiza\u00e7\u00e3o, do prazer e todos aqueles \u00eddolos que prometem felicidade, mas que n\u00e3o a d\u00e3o, antes pelo contr\u00e1rio, escravizam, nos roubam o amor. Os \u00eddolos prometem vida, mas a tiram &#8211; disse o Papa em uma bela catequese no ano passado &#8211; enquanto o verdadeiro Deus n\u00e3o pede a vida, mas a d\u00e1.<\/p>\n<p><strong>O fariseu dentro de n\u00f3s n\u00e3o quer ser corrigido<\/strong><\/p>\n<p>\u00c0s vezes, as palavras do Papa s\u00e3o fortes, como sabia fazer Jesus. No fundo \u00e9 o seu Vig\u00e1rio. Como ele, adverte em particular para o comportamento farisaico daqueles que se consideram justos, mais ortodoxos, melhores que os outros. \u00c9 &#8220;a religi\u00e3o do eu&#8221;, com seus ritos e suas ora\u00e7\u00f5es, daqueles que &#8220;se confessam cat\u00f3licos, mas esqueceram de ser crist\u00e3os e humanos&#8221;, esqueceram de prestar o &#8220;verdadeiro culto a Deus, que sempre passa pelo amor ao pr\u00f3ximo&#8221;.<\/p>\n<p>Francisco prop\u00f5e o caminho da autoacusa\u00e7\u00e3o: em todos n\u00f3s &#8211; observa \u2013 ressurge sempre &#8220;o fariseu&#8221;, presun\u00e7oso, campe\u00e3o em justificar-se. O caminho da f\u00e9 \u00e9 sempre o de ter a humildade de deixar-se corrigir.<\/p>\n<p><strong>Mansid\u00e3o diante dos ataques<\/strong><\/p>\n<p>Como as palavras fortes de Jesus, tamb\u00e9m as do Papa t\u00eam um duplo efeito: ou se sai convertidos ou ainda mais endurecidos. Disto as resist\u00eancias internas e os ataques. Francisco n\u00e3o teme um cisma, disse no voo de volta da \u00c1frica.<\/p>\n<p>&#8220;Hoje &#8211; observa &#8211; temos tantas escolas de rigidez dentro da Igreja, que n\u00e3o s\u00e3o cismas, mas s\u00e3o caminhos crist\u00e3os pseudocism\u00e1ticos, que terminar\u00e3o mal&#8221;, porque por tr\u00e1s desse comportamento r\u00edgido &#8220;n\u00e3o h\u00e1 santidade do Evangelho&#8221;.<\/p>\n<p>O Papa convida a responder ao mal com o bem, a &#8220;ser mansos com as pessoas que s\u00e3o tentadas a fazer esses ataques&#8221;, porque &#8220;est\u00e3o passando por algum problema&#8221; e devem ser acompanhadas &#8220;com mansid\u00e3o&#8221;.<\/p>\n<p>Eles temem que a Igreja de hoje n\u00e3o seja mais cat\u00f3lica, colocando palavras nunca ditas na boca do Pont\u00edfice: mas n\u00e3o mudou nenhum dogma, h\u00e1 somente um passo adiante na acolhida e na miseric\u00f3rdia; n\u00e3o foram canceladas devo\u00e7\u00f5es, h\u00e1 somente o convite para viv\u00ea-las com o cora\u00e7\u00e3o. Com a exorta\u00e7\u00e3o para caminhar unidos como povo, para que o desenvolvimento da doutrina esteja sempre unido \u00e0 verdadeira Tradi\u00e7\u00e3o. E fica uma pergunta: os crist\u00e3os conseguir\u00e3o ser misericordiosos entre eles?<\/p>\n<p><strong>S\u00ednodo para a Amaz\u00f4nia: convers\u00e3o a Jesus, Ele \u00e9 o centro<\/strong><\/p>\n<p>Em outubro passado realizou-se o S\u00ednodo para a regi\u00e3o Pan-Amaz\u00f4nica. O Papa repetiu muitas vezes a palavra &#8220;convers\u00e3o&#8221;, que \u00e9 o conceito que encontrou seu lugar no Documento final como a principal exorta\u00e7\u00e3o da assembleia. O S\u00ednodo pede uma convers\u00e3o qu\u00e1drupla: sinodal, porque a Igreja deve ser cada vez mais um caminhar juntos e n\u00e3o dividida ou sozinha; cultural, porque \u00e9 necess\u00e1rio saber falar com as diferentes culturas; ecol\u00f3gica, porque a explora\u00e7\u00e3o ego\u00edsta do meio ambiente leva \u00e0 destrui\u00e7\u00e3o dos povos; pastoral, porque o an\u00fancio do Evangelho \u00e9 urgente.<\/p>\n<p>Na base dessas quatro convers\u00f5es h\u00e1 a \u00fanica convers\u00e3o ao Evangelho vivo, que \u00e9 Jesus. A verdadeira convers\u00e3o \u00e9 colocar-se de lado &#8211; diz Francisco \u2013 sair do centro, colocar Cristo no centro e deixar que o Esp\u00edrito Santo seja o protagonista de nossa vida.<\/p>\n<p><strong>Lutar contra os abusos, dentro e fora da Igreja<\/strong><\/p>\n<p>Pode-se definir como hist\u00f3rico o encontro realizado em fevereiro no Vaticano: os respons\u00e1veis das Igrejas de todos os continentes trataram do flagelo dos abusos de menores, cometidos na esfera eclesial, e fizeram isso diante do mundo inteiro com coragem e transpar\u00eancia.<\/p>\n<p>No discurso de encerramento do encontro, Francisco recorda, citando dados, que a maior parte dos abusos s\u00e3o cometidos por familiares e educadores, portanto no \u00e2mbito dom\u00e9stico, escolar, esportivo e eclesial, sem mencionar o flagelo do turismo sexual e outras viol\u00eancias.<\/p>\n<p>O fato de ser &#8220;um problema universal e transversal que infelizmente se encontra em toda parte&#8221; \u2013 precisa o Pont\u00edfice &#8211; &#8220;n\u00e3o diminui sua monstruosidade dentro da Igreja&#8221;, onde se torna ainda mais grave e escandaloso\u201d, porque em contraste com sua autoridade moral e sua credibilidade \u00e9tica&#8221;.<\/p>\n<p>Com o <em>Motu proprio<\/em> <em>Vos estis lux mundi<\/em>, o Papa estabelece novos procedimentos para denunciar abusos, mol\u00e9stias e viol\u00eancias, e assegurar que os bispos e superiores religiosos respondam por seu agir. \u200b\u200b<\/p>\n<p>\u00c9 introduzida a obriga\u00e7\u00e3o para cl\u00e9rigos e religiosos de denunciar os abusos. Cada diocese deve criar um sistema facilmente acess\u00edvel ao p\u00fablico para receber den\u00fancias. Francisco tamb\u00e9m abole o segredo pontif\u00edcio para esses casos e altera a norma relativa ao delito de pornografia infantil, incluindo na categoria &#8220;delicta graviora&#8221; &#8211; os delitos mais graves &#8211; a posse e a dissemina\u00e7\u00e3o de imagens pornogr\u00e1ficas envolvendo menores de 18 anos.<\/p>\n<p><strong>Reforma: mais estruturas mission\u00e1rias<\/strong><\/p>\n<p>Tiveram continuidade os trabalhos do Conselho de Cardeais (C6) para a reforma da C\u00faria Romana, para que todas as estruturas da Igreja sejam mais mission\u00e1rias.<\/p>\n<p>Est\u00e1 sendo finalizado o exame do esbo\u00e7o da nova Constitui\u00e7\u00e3o Apost\u00f3lica, cujo t\u00edtulo provis\u00f3rio \u00e9 &#8220;Praedicate evangelium\u201d, para significar que o principal servi\u00e7o que a Santa S\u00e9 deve prestar \u00e9 o do an\u00fancio do Evangelho.<\/p>\n<p>O Papa altera, enquanto isso, o papel do Decano do Col\u00e9gio Cardinal\u00edcio: aceita a ren\u00fancia do cardeal Sodano, no cargo desde 2005, e com um Motu proprio fixa um tempo determinado para esta miss\u00e3o: cinco anos, eventualmente renov\u00e1veis.<\/p>\n<p><strong>Que o dinheiro seja para servir ao Evangelho e aos pobres<\/strong><\/p>\n<p>Prossegue tamb\u00e9m a reforma financeira, especialmente nos quesitos transpar\u00eancia e conten\u00e7\u00e3o de custos. O Papa Francisco renovou o Estatuto do IOR: \u00e9 introduzida de forma permanente a figura do Auditor externo para a verifica\u00e7\u00e3o das contas, segundo os padr\u00f5es internacionais.<\/p>\n<p>Os princ\u00edpios cat\u00f3licos subjacentes \u00e0 miss\u00e3o do IOR s\u00e3o especificados, para que a institui\u00e7\u00e3o seja mais fiel \u00e0 sua miss\u00e3o original.<\/p>\n<p>O jesu\u00edta Juan Antonio Guerrero Alves \u00e9 nomeado prefeito da Secretaria para a Economia. O Papa autoriza uma investiga\u00e7\u00e3o da magistratura vaticana em rela\u00e7\u00e3o a v\u00e1rias pessoas que servem \u00e0 Santa S\u00e9, no \u00e2mbito de algumas transa\u00e7\u00f5es financeiras.<\/p>\n<p>E a Prop\u00f3sito do \u00d3bolo de S\u00e3o Pedro, o Pont\u00edfice ressalta que \u00e9 uma boa administra\u00e7\u00e3o fazer o dinheiro recebido render, e n\u00e3o deix\u00e1-lo parado, guardado na gaveta. Mas o investimento deve sempre ser &#8220;moral&#8221;, porque o dinheiro est\u00e1 a servi\u00e7o da evangeliza\u00e7\u00e3o e dos pobres.<\/p>\n<p><strong>Redescobrir a Palavra de Deus para conhecer Jesus<\/strong><\/p>\n<p>Com a Carta Apost\u00f3lica &#8220;Aperuit illis&#8221;, de 30 de setembro, o Papa institui o Domingo da Palavra de Deus, um dia especial para exortar todos os fi\u00e9is a ler e meditar a B\u00edblia, porque &#8211; como dizia S\u00e3o Jer\u00f4nimo \u2013 a &#8220;ignor\u00e2ncia das Escrituras \u00e9 ignor\u00e2ncia de Cristo.&#8221;<\/p>\n<p>\u00c9 preciso redescobrir a import\u00e2ncia fundamental de uma Palavra que transforma concretamente a vida. A data solene foi estabelecida, todos os anos, no terceiro domingo do Tempo Ordin\u00e1rio (em 2020, ser\u00e1 em 26 de janeiro).<\/p>\n<p><strong>Que n\u00e3o falte a bela tradi\u00e7\u00e3o do Pres\u00e9pio<\/strong><\/p>\n<p>Em 1\u00ba de dezembro, Francisco assina em Greccio a Carta Apost\u00f3lica Admirabile signum, na qual exorta a se redescobrir e revitalizar a bela tradi\u00e7\u00e3o do pres\u00e9pio.<\/p>\n<p>&#8220;Representar o evento do nascimento de Jesus &#8211; escreve &#8211; \u00e9 equivalente a anunciar o mist\u00e9rio da Encarna\u00e7\u00e3o do Filho de Deus com simplicidade e alegria&#8221;. \u00c9 um ato de evangeliza\u00e7\u00e3o, bonito de se ver &#8220;nos locais de trabalho, nas escolas, nos hospitais, nas pris\u00f5es, nas pra\u00e7as&#8221;.<\/p>\n<p><strong>Crist\u00e3os perseguidos, hoje mais do que nos primeiros tempos<\/strong><\/p>\n<p>Francisco nunca se cansa de denunciar as persegui\u00e7\u00f5es anticrist\u00e3s. Hoje &#8211; repete &#8211; h\u00e1 mais m\u00e1rtires do que nos primeiros tempos do cristianismo.<\/p>\n<p>Em janeiro, a Suprema Corte do Paquist\u00e3o absolveu definitivamente Asia Bibi, da acusa\u00e7\u00e3o injusta de blasf\u00eamia, pela qual havia sido condenada \u00e0 morte. Esta mulher cat\u00f3lica, m\u00e3e de 5 filhos, estava presa desde 2009. Ela deixou o pa\u00eds com sua fam\u00edlia. Tanto Bento XVI quanto o Papa Francisco haviam acompanhado o desenrolar de sua hist\u00f3ria com grande discri\u00e7\u00e3o, por raz\u00f5es de seguran\u00e7a.<\/p>\n<p>Uma das filhas, Eisham, havia encontrado Francisco no ano passado, trazendo a ele um beijo de sua m\u00e3e. O Papa disse a ela: &#8220;Penso seguidamente em sua m\u00e3e e rezo por ela&#8221;. E a define como &#8220;maravilhosa mulher m\u00e1rtir&#8221;.<\/p>\n<p>21 de abril \u00e9 P\u00e1scoa: um ataque de extremistas isl\u00e2micos contra igrejas crist\u00e3s no Sri Lanka provoca a morte de mais de 250 pessoas enquanto rezavam. O apelo do Papa chega no mesmo dia. Mas Francisco n\u00e3o deixa de denunciar tamb\u00e9m ataques contra outras religi\u00f5es, como aquele contra a mesquitas em Christchurch, Nova Zel\u00e2ndia, em 15 de mar\u00e7o, que provocou mais de 50 v\u00edtimas fatais.<\/p>\n<p><strong>Defender a fam\u00edlia e a vida, toda vida<\/strong><\/p>\n<p>O Papa, em 25 de mar\u00e7o em Loreto, reitera que, em particular no mundo de hoje, &#8220;a fam\u00edlia fundada no casamento entre um homem e uma mulher assume uma import\u00e2ncia e uma miss\u00e3o essenciais&#8221;, e seu representante na ONU, o arcebispo Bernardito Auza, recorda suas palavras sobre a ideologia de g\u00eanero: \u00e9 um &#8220;passo atr\u00e1s&#8221; para a humanidade.<\/p>\n<p>Francisco defende a vida desde a concep\u00e7\u00e3o at\u00e9 seu fim natural. Ele interv\u00e9m diretamente em favor de Vincent Lambert, o enfermeiro franc\u00eas de 42 anos, em estado de consci\u00eancia m\u00ednima, que faleceu em julho do ano passado: \u201cN\u00e3o constru\u00edmos \u2013 foi sua advert\u00eancia &#8211; uma civiliza\u00e7\u00e3o que elimina pessoas cuja vida acreditamos n\u00e3o vale mais a pena ser vivida: toda vida tem valor, sempre\u201d.<\/p>\n<p>O olhar do Papa \u00e9 de 360\u200b\u200b\u00b0: a vida, os direitos e a dignidade devem ser sempre defendidos, desde os nascituros \u00e0queles que sofrem de fome ou sofrem viol\u00eancias, dos doentes e dos anci\u00e3os aos migrantes que correm o risco de morrer em busca de um futuro melhor. A justi\u00e7a n\u00e3o \u00e9 seletiva, n\u00e3o \u00e9 para algumas categorias humanas e outras n\u00e3o, \u00e9 universal.<\/p>\n<p><strong>Aos jovens: descubram o amor de Deus e caminhem contra a corrente<\/strong><\/p>\n<p>Este ano o Papa publicou a Exorta\u00e7\u00e3o Apost\u00f3lica &#8220;Christus vivit&#8221;, fruto do S\u00ednodo sobre os jovens realizado no Vaticano em outubro de 2018. Este \u00e9 o incipit: &#8220;Cristo vive. Ele \u00e9 a nossa esperan\u00e7a e a juventude mais bonita deste mundo. (&#8230;) Por isso, as primeiras palavras que quero dirigir a cada jovem crist\u00e3o s\u00e3o: Ele vive e quer voc\u00ea vivo!\u201d.<\/p>\n<p>O Papa escreve: \u201cPe\u00e7amos ao Senhor que liberte a Igreja daqueles que querem envelhec\u00ea-la, fix\u00e1-la no passado, fre\u00e1-la, torn\u00e1-la im\u00f3vel. Pe\u00e7amos tamb\u00e9m que a liberte de outra tenta\u00e7\u00e3o: acreditar que \u00e9 jovem porque cede a tudo o que o mundo lhe oferece,&#8221; mimetizando-se com os outros. \u201cN\u00e3o! Ela \u00e9 jovem quando \u00e9 ela mesma.&#8221;<\/p>\n<p>Francisco prop\u00f5e &#8220;caminhos de fraternidade&#8221; para viver a f\u00e9, evitando correr &#8220;o risco de fechar-se em pequenos grupos&#8221;. Convida os jovens a viver o compromisso social em contato com os pobres e a serem protagonistas da mudan\u00e7a para uma civiliza\u00e7\u00e3o mais justa e fraterna. Por fim, exorta-os a se tornarem &#8220;mission\u00e1rios corajosos&#8221;, testemunhando o Evangelho em todos os lugares com suas pr\u00f3prias vidas, indo tamb\u00e9m contra a corrente, especialmente contra as chamadas coloniza\u00e7\u00f5es ideol\u00f3gicas.<\/p>\n<p><strong>Viagens internacionais: paz para o mundo, porque somos irm\u00e3os<\/strong><\/p>\n<p>Neste 2019, Francisco realizou 7 viagens internacionais, visitando 11 pa\u00edses em 4 continentes, um ano recorde para suas miss\u00f5es fora da It\u00e1lia. Anuncia o Evangelho da alegria no Panam\u00e1 para a Jornada Mundial da Juventude; nos Emirados \u00c1rabes Unidos assina o hist\u00f3rico documento sobre a Fraternidade humana com o Gr\u00e3o Imame de al- Azhar; no Marrocos reitera a import\u00e2ncia do di\u00e1logo inter-religioso; na Bulg\u00e1ria, Maced\u00f4nia do Norte e Rom\u00eania, fala da unidade dos crist\u00e3os; em Mo\u00e7ambique, Madagascar e Maur\u00edcio, levanta sua voz em defesa dos pobres e da Cria\u00e7\u00e3o; na Tail\u00e2ndia, apela \u00e0 promo\u00e7\u00e3o dos direitos das mulheres e das crian\u00e7as, e no Jap\u00e3o, uma viagem centrada na paz, repete que n\u00e3o apenas o uso, mas tamb\u00e9m a posse de armas nucleares \u00e9 imoral.<\/p>\n<p><strong>Santos e Beatos: m\u00e1rtires, leigos e com a p\u00farpura<\/strong><\/p>\n<p>Tamb\u00e9m neste ano houve in\u00fameras canoniza\u00e7\u00f5es e beatifica\u00e7\u00f5es. Muitos m\u00e1rtires de todos os continentes e de todas as ideologias: muitos foram mortos por \u00f3dio \u00e0 f\u00e9 durante a guerra civil espanhola, mortos perdoando seus assassinos; outros, como os sete bispos da Igreja Greco-cat\u00f3lica na Rom\u00eania beatificados por Francisco em Blaj, s\u00e3o m\u00e1rtires do regime comunista; outros ainda, como o bispo argentino Enrique Angel Angelelli e seus companheiros, foram v\u00edtimas de ditadura de direita.<\/p>\n<p>Mas h\u00e1 tamb\u00e9m os santos leigos, como a su\u00ed\u00e7a Margherita Bays, santos da &#8220;porta ao lado&#8221; que viveram sua voca\u00e7\u00e3o em fam\u00edlia, em meio a mil dificuldades. E h\u00e1 tantos santos cardeais, como John Henry Newman, um convertido anglicano \u00e0 f\u00e9 cat\u00f3lica.<\/p>\n<p><strong>Sacerdote h\u00e1 cinquenta anos, pela miseric\u00f3rdia de Deus<\/strong><\/p>\n<p>Em 2019, o Papa celebrou 50 anos de sacerd\u00f3cio. Sua voca\u00e7\u00e3o remonta a 21 de setembro de 1953, mem\u00f3ria de S\u00e3o Mateus, o cobrador de impostos convertido por Jesus: durante uma confiss\u00e3o, ele tem uma profunda experi\u00eancia da miseric\u00f3rdia de Deus. \u00c9 uma imensa alegria que o leva a tomar uma decis\u00e3o &#8220;para sempre&#8221;: tornar-se sacerdote para dar aos outros a miseric\u00f3rdia recebida.<\/p>\n<p>O padre, afirma Francisco, vive entre as pessoas com o cora\u00e7\u00e3o misericordioso de Jesus. Hoje \u00e9 o tempo da miseric\u00f3rdia. A Igreja compreende isso cada vez mais em sua caminhada na hist\u00f3ria: com Jo\u00e3o XXIII, ela d\u00e1 um importante passo nessa dire\u00e7\u00e3o, continuado por todos os seus sucessores, em particular por Jo\u00e3o Paulo II, que institui o Domingo da Divina Miseric\u00f3rdia, inspirado por Santa Faustina Kowalska. Um dia, todos sem distin\u00e7\u00e3o, invocaremos o excesso de miseric\u00f3rdia de Deus que talvez aqui n\u00e3o tenhamos entendido.<\/p>\n<hr \/>\n<p><strong>Sergio Centofanti<\/strong>, <em>Vatican News<\/em><\/p>\n","protected":false},"excerpt":{"rendered":"<p>Retrospectiva &#8211; O Ano do Papa<\/p>\n","protected":false},"author":3,"featured_media":0,"comment_status":"open","ping_status":"open","sticky":false,"template":"","format":"standard","meta":[],"categories":[1428],"tags":[55],"acf":[],"yoast_head":"<!-- This site is optimized with the Yoast SEO plugin v19.2 - https:\/\/yoast.com\/wordpress\/plugins\/seo\/ -->\n<title>O 2019 do Papa Francisco: a certeza da f\u00e9 e a luta contra as idolatrias - Not\u00edcias - Franciscanos<\/title>\n<meta name=\"robots\" content=\"index, follow, max-snippet:-1, max-image-preview:large, max-video-preview:-1\" \/>\n<link rel=\"canonical\" href=\"https:\/\/franciscanos.org.br\/noticias\/o-2019-do-papa-francisco-a-certeza-da-fe-e-a-luta-contra-as-idolatrias.html\" \/>\n<meta property=\"og:locale\" content=\"pt_BR\" \/>\n<meta property=\"og:type\" content=\"article\" \/>\n<meta property=\"og:title\" content=\"O 2019 do Papa Francisco: a certeza da f\u00e9 e a luta contra as idolatrias - Not\u00edcias - Franciscanos\" \/>\n<meta property=\"og:description\" content=\"Retrospectiva - O Ano do Papa\" \/>\n<meta property=\"og:url\" content=\"https:\/\/franciscanos.org.br\/noticias\/o-2019-do-papa-francisco-a-certeza-da-fe-e-a-luta-contra-as-idolatrias.html\" \/>\n<meta property=\"og:site_name\" content=\"Not\u00edcias - Franciscanos\" \/>\n<meta property=\"article:published_time\" content=\"2019-12-28T16:36:13+00:00\" \/>\n<meta property=\"article:modified_time\" content=\"2020-06-06T11:41:41+00:00\" \/>\n<meta property=\"og:image\" content=\"https:\/\/franciscanos.org.br\/noticias\/wp-content\/uploads\/2019\/12\/papa_060620.jpg\" \/>\n<meta name=\"author\" content=\"moacir\" \/>\n<meta name=\"twitter:card\" content=\"summary_large_image\" \/>\n<meta name=\"twitter:label1\" content=\"Escrito por\" \/>\n\t<meta name=\"twitter:data1\" content=\"moacir\" \/>\n\t<meta name=\"twitter:label2\" content=\"Est. tempo de leitura\" \/>\n\t<meta name=\"twitter:data2\" content=\"13 minutos\" \/>\n<script type=\"application\/ld+json\" class=\"yoast-schema-graph\">{\"@context\":\"https:\/\/schema.org\",\"@graph\":[{\"@type\":\"WebSite\",\"@id\":\"https:\/\/franciscanos.org.br\/noticias\/#website\",\"url\":\"https:\/\/franciscanos.org.br\/noticias\/\",\"name\":\"Not\u00edcias - Franciscanos\",\"description\":\"Prov\u00edncia Franciscana da Imaculada Concei\u00e7\u00e3o do Brasil - Ordem dos Frades Menores - OFM\",\"potentialAction\":[{\"@type\":\"SearchAction\",\"target\":{\"@type\":\"EntryPoint\",\"urlTemplate\":\"https:\/\/franciscanos.org.br\/noticias\/?s={search_term_string}\"},\"query-input\":\"required name=search_term_string\"}],\"inLanguage\":\"pt-BR\"},{\"@type\":\"ImageObject\",\"inLanguage\":\"pt-BR\",\"@id\":\"https:\/\/franciscanos.org.br\/noticias\/o-2019-do-papa-francisco-a-certeza-da-fe-e-a-luta-contra-as-idolatrias.html#primaryimage\",\"url\":\"https:\/\/franciscanos.org.br\/noticias\/wp-content\/uploads\/2019\/12\/papa_060620.jpg\",\"contentUrl\":\"https:\/\/franciscanos.org.br\/noticias\/wp-content\/uploads\/2019\/12\/papa_060620.jpg\",\"width\":890,\"height\":501},{\"@type\":\"WebPage\",\"@id\":\"https:\/\/franciscanos.org.br\/noticias\/o-2019-do-papa-francisco-a-certeza-da-fe-e-a-luta-contra-as-idolatrias.html#webpage\",\"url\":\"https:\/\/franciscanos.org.br\/noticias\/o-2019-do-papa-francisco-a-certeza-da-fe-e-a-luta-contra-as-idolatrias.html\",\"name\":\"O 2019 do Papa Francisco: a certeza da f\u00e9 e a luta contra as idolatrias - Not\u00edcias - Franciscanos\",\"isPartOf\":{\"@id\":\"https:\/\/franciscanos.org.br\/noticias\/#website\"},\"primaryImageOfPage\":{\"@id\":\"https:\/\/franciscanos.org.br\/noticias\/o-2019-do-papa-francisco-a-certeza-da-fe-e-a-luta-contra-as-idolatrias.html#primaryimage\"},\"datePublished\":\"2019-12-28T16:36:13+00:00\",\"dateModified\":\"2020-06-06T11:41:41+00:00\",\"author\":{\"@id\":\"https:\/\/franciscanos.org.br\/noticias\/#\/schema\/person\/b5c8cba458c330ccff548b056e95a5d4\"},\"breadcrumb\":{\"@id\":\"https:\/\/franciscanos.org.br\/noticias\/o-2019-do-papa-francisco-a-certeza-da-fe-e-a-luta-contra-as-idolatrias.html#breadcrumb\"},\"inLanguage\":\"pt-BR\",\"potentialAction\":[{\"@type\":\"ReadAction\",\"target\":[\"https:\/\/franciscanos.org.br\/noticias\/o-2019-do-papa-francisco-a-certeza-da-fe-e-a-luta-contra-as-idolatrias.html\"]}]},{\"@type\":\"BreadcrumbList\",\"@id\":\"https:\/\/franciscanos.org.br\/noticias\/o-2019-do-papa-francisco-a-certeza-da-fe-e-a-luta-contra-as-idolatrias.html#breadcrumb\",\"itemListElement\":[{\"@type\":\"ListItem\",\"position\":1,\"name\":\"Home\",\"item\":\"https:\/\/franciscanos.org.br\/noticias\"},{\"@type\":\"ListItem\",\"position\":2,\"name\":\"O 2019 do Papa Francisco: a certeza da f\u00e9 e a luta contra as idolatrias\"}]},{\"@type\":\"Person\",\"@id\":\"https:\/\/franciscanos.org.br\/noticias\/#\/schema\/person\/b5c8cba458c330ccff548b056e95a5d4\",\"name\":\"moacir\",\"image\":{\"@type\":\"ImageObject\",\"inLanguage\":\"pt-BR\",\"@id\":\"https:\/\/franciscanos.org.br\/noticias\/#\/schema\/person\/image\/\",\"url\":\"https:\/\/secure.gravatar.com\/avatar\/d08aa2ce4c8dd416d4479aa8536fcf64?s=96&d=mm&r=g\",\"contentUrl\":\"https:\/\/secure.gravatar.com\/avatar\/d08aa2ce4c8dd416d4479aa8536fcf64?s=96&d=mm&r=g\",\"caption\":\"moacir\"},\"url\":\"https:\/\/franciscanos.org.br\/noticias\/author\/moacir\"}]}<\/script>\n<!-- \/ Yoast SEO plugin. -->","yoast_head_json":{"title":"O 2019 do Papa Francisco: a certeza da f\u00e9 e a luta contra as idolatrias - Not\u00edcias - Franciscanos","robots":{"index":"index","follow":"follow","max-snippet":"max-snippet:-1","max-image-preview":"max-image-preview:large","max-video-preview":"max-video-preview:-1"},"canonical":"https:\/\/franciscanos.org.br\/noticias\/o-2019-do-papa-francisco-a-certeza-da-fe-e-a-luta-contra-as-idolatrias.html","og_locale":"pt_BR","og_type":"article","og_title":"O 2019 do Papa Francisco: a certeza da f\u00e9 e a luta contra as idolatrias - Not\u00edcias - Franciscanos","og_description":"Retrospectiva - O Ano do Papa","og_url":"https:\/\/franciscanos.org.br\/noticias\/o-2019-do-papa-francisco-a-certeza-da-fe-e-a-luta-contra-as-idolatrias.html","og_site_name":"Not\u00edcias - Franciscanos","article_published_time":"2019-12-28T16:36:13+00:00","article_modified_time":"2020-06-06T11:41:41+00:00","og_image":[{"url":"https:\/\/franciscanos.org.br\/noticias\/wp-content\/uploads\/2019\/12\/papa_060620.jpg"}],"author":"moacir","twitter_card":"summary_large_image","twitter_misc":{"Escrito por":"moacir","Est. tempo de leitura":"13 minutos"},"schema":{"@context":"https:\/\/schema.org","@graph":[{"@type":"WebSite","@id":"https:\/\/franciscanos.org.br\/noticias\/#website","url":"https:\/\/franciscanos.org.br\/noticias\/","name":"Not\u00edcias - Franciscanos","description":"Prov\u00edncia Franciscana da Imaculada Concei\u00e7\u00e3o do Brasil - Ordem dos Frades Menores - OFM","potentialAction":[{"@type":"SearchAction","target":{"@type":"EntryPoint","urlTemplate":"https:\/\/franciscanos.org.br\/noticias\/?s={search_term_string}"},"query-input":"required name=search_term_string"}],"inLanguage":"pt-BR"},{"@type":"ImageObject","inLanguage":"pt-BR","@id":"https:\/\/franciscanos.org.br\/noticias\/o-2019-do-papa-francisco-a-certeza-da-fe-e-a-luta-contra-as-idolatrias.html#primaryimage","url":"https:\/\/franciscanos.org.br\/noticias\/wp-content\/uploads\/2019\/12\/papa_060620.jpg","contentUrl":"https:\/\/franciscanos.org.br\/noticias\/wp-content\/uploads\/2019\/12\/papa_060620.jpg","width":890,"height":501},{"@type":"WebPage","@id":"https:\/\/franciscanos.org.br\/noticias\/o-2019-do-papa-francisco-a-certeza-da-fe-e-a-luta-contra-as-idolatrias.html#webpage","url":"https:\/\/franciscanos.org.br\/noticias\/o-2019-do-papa-francisco-a-certeza-da-fe-e-a-luta-contra-as-idolatrias.html","name":"O 2019 do Papa Francisco: a certeza da f\u00e9 e a luta contra as idolatrias - Not\u00edcias - Franciscanos","isPartOf":{"@id":"https:\/\/franciscanos.org.br\/noticias\/#website"},"primaryImageOfPage":{"@id":"https:\/\/franciscanos.org.br\/noticias\/o-2019-do-papa-francisco-a-certeza-da-fe-e-a-luta-contra-as-idolatrias.html#primaryimage"},"datePublished":"2019-12-28T16:36:13+00:00","dateModified":"2020-06-06T11:41:41+00:00","author":{"@id":"https:\/\/franciscanos.org.br\/noticias\/#\/schema\/person\/b5c8cba458c330ccff548b056e95a5d4"},"breadcrumb":{"@id":"https:\/\/franciscanos.org.br\/noticias\/o-2019-do-papa-francisco-a-certeza-da-fe-e-a-luta-contra-as-idolatrias.html#breadcrumb"},"inLanguage":"pt-BR","potentialAction":[{"@type":"ReadAction","target":["https:\/\/franciscanos.org.br\/noticias\/o-2019-do-papa-francisco-a-certeza-da-fe-e-a-luta-contra-as-idolatrias.html"]}]},{"@type":"BreadcrumbList","@id":"https:\/\/franciscanos.org.br\/noticias\/o-2019-do-papa-francisco-a-certeza-da-fe-e-a-luta-contra-as-idolatrias.html#breadcrumb","itemListElement":[{"@type":"ListItem","position":1,"name":"Home","item":"https:\/\/franciscanos.org.br\/noticias"},{"@type":"ListItem","position":2,"name":"O 2019 do Papa Francisco: a certeza da f\u00e9 e a luta contra as idolatrias"}]},{"@type":"Person","@id":"https:\/\/franciscanos.org.br\/noticias\/#\/schema\/person\/b5c8cba458c330ccff548b056e95a5d4","name":"moacir","image":{"@type":"ImageObject","inLanguage":"pt-BR","@id":"https:\/\/franciscanos.org.br\/noticias\/#\/schema\/person\/image\/","url":"https:\/\/secure.gravatar.com\/avatar\/d08aa2ce4c8dd416d4479aa8536fcf64?s=96&d=mm&r=g","contentUrl":"https:\/\/secure.gravatar.com\/avatar\/d08aa2ce4c8dd416d4479aa8536fcf64?s=96&d=mm&r=g","caption":"moacir"},"url":"https:\/\/franciscanos.org.br\/noticias\/author\/moacir"}]}},"_links":{"self":[{"href":"https:\/\/franciscanos.org.br\/noticias\/wp-json\/wp\/v2\/posts\/215245"}],"collection":[{"href":"https:\/\/franciscanos.org.br\/noticias\/wp-json\/wp\/v2\/posts"}],"about":[{"href":"https:\/\/franciscanos.org.br\/noticias\/wp-json\/wp\/v2\/types\/post"}],"author":[{"embeddable":true,"href":"https:\/\/franciscanos.org.br\/noticias\/wp-json\/wp\/v2\/users\/3"}],"replies":[{"embeddable":true,"href":"https:\/\/franciscanos.org.br\/noticias\/wp-json\/wp\/v2\/comments?post=215245"}],"version-history":[{"count":1,"href":"https:\/\/franciscanos.org.br\/noticias\/wp-json\/wp\/v2\/posts\/215245\/revisions"}],"predecessor-version":[{"id":224475,"href":"https:\/\/franciscanos.org.br\/noticias\/wp-json\/wp\/v2\/posts\/215245\/revisions\/224475"}],"wp:attachment":[{"href":"https:\/\/franciscanos.org.br\/noticias\/wp-json\/wp\/v2\/media?parent=215245"}],"wp:term":[{"taxonomy":"category","embeddable":true,"href":"https:\/\/franciscanos.org.br\/noticias\/wp-json\/wp\/v2\/categories?post=215245"},{"taxonomy":"post_tag","embeddable":true,"href":"https:\/\/franciscanos.org.br\/noticias\/wp-json\/wp\/v2\/tags?post=215245"}],"curies":[{"name":"wp","href":"https:\/\/api.w.org\/{rel}","templated":true}]}}