{"id":215227,"date":"2019-12-25T20:45:33","date_gmt":"2019-12-25T23:45:33","guid":{"rendered":"https:\/\/franciscanos.org.br\/noticias\/?p=215227"},"modified":"2020-06-06T08:14:37","modified_gmt":"2020-06-06T11:14:37","slug":"bencao-urbi-et-orbi-que-o-emmanuel-seja-luz-para-toda-a-humanidade-ferida","status":"publish","type":"post","link":"https:\/\/franciscanos.org.br\/noticias\/bencao-urbi-et-orbi-que-o-emmanuel-seja-luz-para-toda-a-humanidade-ferida.html","title":{"rendered":"B\u00ean\u00e7\u00e3o Urbi et Orbi: &#8220;Que o Emmanuel seja luz para toda a humanidade ferida&#8221;"},"content":{"rendered":"<p><img loading=\"lazy\" class=\"alignnone size-full wp-image-215232\" src=\"https:\/\/franciscanos.org.br\/noticias\/wp-content\/uploads\/2019\/12\/urbiorb_251219-1.jpg\" alt=\"\" width=\"890\" height=\"500\" srcset=\"https:\/\/franciscanos.org.br\/noticias\/wp-content\/uploads\/2019\/12\/urbiorb_251219-1.jpg 890w, https:\/\/franciscanos.org.br\/noticias\/wp-content\/uploads\/2019\/12\/urbiorb_251219-1-450x253.jpg 450w, https:\/\/franciscanos.org.br\/noticias\/wp-content\/uploads\/2019\/12\/urbiorb_251219-1-768x431.jpg 768w, https:\/\/franciscanos.org.br\/noticias\/wp-content\/uploads\/2019\/12\/urbiorb_251219-1-150x84.jpg 150w\" sizes=\"(max-width: 890px) 100vw, 890px\" \/><\/p>\n<p><strong>Cidade do Vaticano &#8211;<\/strong> S\u00edria, L\u00edbano, I\u00eamen, Iraque, Venezuela e na\u00e7\u00f5es do continente americano, Ucr\u00e2nia, Rep\u00fablica Democr\u00e1tica do Congo, Burkina Faso, Mali, N\u00edger e Nig\u00e9ria. Regi\u00f5es da humanidade onde h\u00e1 dor e sofrimento provocados pelas trevas nos cora\u00e7\u00f5es humanos, nas rela\u00e7\u00f5es pessoais, familiares, sociais, nos conflitos econ\u00f4micos, geopol\u00edticos e ecol\u00f3gicos, receberam a aten\u00e7\u00e3o do Santo Padre em sua mensagem Urbi et Orbi neste dia de Natal: &#8220;Mas a luz de Cristo \u00e9 maior&#8221;, reiterou.<\/p>\n<p><em>Eis a mensagem\u00a0 na \u00edntegra:\u00a0<\/em><\/p>\n<h2><strong>\u00abO povo que andava nas trevas viu uma grande luz\u00bb (Is\u00a09,1).<\/strong><\/h2>\n<p>Queridos irm\u00e3os e irm\u00e3s, feliz Natal!<\/p>\n<p>Nesta noite, do ventre da m\u00e3e Igreja, nasceu de novo o Filho de Deus feito homem. O seu nome \u00e9 Jesus, que significa Deus salva. O Pai, Amor eterno e infinito, enviou-O ao mundo, n\u00e3o para condenar o mundo, mas para o salvar (cf.\u00a0<i>Jo<\/i>\u00a03, 17). O Pai no-Lo deu, com imensa miseric\u00f3rdia; deu-O para todos; deu-O para sempre. E Ele nasceu como uma chamazinha acesa na escurid\u00e3o e no frio da noite.<\/p>\n<p>Aquele Menino, nascido da Virgem Maria, \u00e9 a Palavra de Deus que Se fez carne; a Palavra que guiou o cora\u00e7\u00e3o e os passos de Abra\u00e3o rumo \u00e0 terra prometida, e continua a atrair aqueles que confiam nas promessas de Deus; a Palavra que guiou os judeus no caminho desde a escravid\u00e3o \u00e0 liberdade, e continua a chamar os escravos de todos os tempos, incluindo os de hoje, para sairem das suas pris\u00f5es. \u00c9 Palavra mais luminosa do que o sol, encarnada num pequenino filho de homem, Jesus, luz do mundo.<\/p>\n<p>Por isso, o profeta exclama: \u00abO povo que andava nas trevas viu uma grande luz\u00bb (<i>Is<\/i>\u00a09,1). \u00c9 verdade que h\u00e1 trevas nos cora\u00e7\u00f5es humanos, mas \u00e9 maior a luz de Cristo; h\u00e1 trevas nas rela\u00e7\u00f5es pessoais, familiares, sociais, mas \u00e9 maior a luz de Cristo; h\u00e1 trevas nos conflitos econ\u00f3micos, geopol\u00edticos e ecol\u00f3gicos, mas \u00e9 maior a luz de Cristo.<\/p>\n<p>Que Jesus Cristo seja luz para tantas crian\u00e7as que padecem a guerra e os conflitos no M\u00e9dio Oriente e em v\u00e1rios pa\u00edses do mundo; seja conforto para o amado povo s\u00edrio, ainda sem o fim \u00e0 vista das hostilidades que dilaceraram o pa\u00eds nesta d\u00e9cada; sacuda as consci\u00eancias dos homens de boa vontade; inspire os governantes e a comunidade internacional, para encontrar solu\u00e7\u00f5es que garantam a seguran\u00e7a e a conviv\u00eancia pac\u00edfica dos povos da Regi\u00e3o e ponham termo aos seus sofrimentos; seja sustent\u00e1culo para o povo liban\u00eas, para poder sair da crise atual e redescobrir a sua voca\u00e7\u00e3o de ser mensagem de liberdade e coexist\u00eancia harmoniosa para todos.<\/p>\n<p>Que o Senhor Jesus seja luz para a Terra Santa, onde Ele nasceu, Salvador do homem, e onde continua a expectativa de tantos que, apesar de cansados mas sem se perder de \u00e2nimo, aguardam dias de paz, seguran\u00e7a e prosperidade; seja consola\u00e7\u00e3o para o Iraque, atravessado por tens\u00f5es sociais, e para o I\u00e9men, provado por uma grave crise humanit\u00e1ria.<\/p>\n<p>Que o Menino pequerrucho de Bel\u00e9m seja esperan\u00e7a para todo o continente americano, onde v\u00e1rias na\u00e7\u00f5es est\u00e3o a atravessar um per\u00edodo de convuls\u00f5es sociais e pol\u00edticas; revigore o querido povo venezuelano, longamente provado por tens\u00f5es pol\u00edticas e sociais, e n\u00e3o lhe deixe faltar a ajuda de que precisa; aben\u00e7oe os esfor\u00e7os de quantos se empenham em favorecer a justi\u00e7a e a reconcilia\u00e7\u00e3o e trabalham para superar as v\u00e1rias crises e as in\u00fameras formas de pobreza que ofendem a dignidade de cada pessoa.<\/p>\n<p>&nbsp;<\/p>\n<p><img loading=\"lazy\" class=\"alignnone size-full wp-image-224451\" src=\"https:\/\/franciscanos.org.br\/noticias\/wp-content\/uploads\/2019\/12\/urbi_06.jpg\" alt=\"\" width=\"1366\" height=\"768\" srcset=\"https:\/\/franciscanos.org.br\/noticias\/wp-content\/uploads\/2019\/12\/urbi_06.jpg 1366w, https:\/\/franciscanos.org.br\/noticias\/wp-content\/uploads\/2019\/12\/urbi_06-450x253.jpg 450w, https:\/\/franciscanos.org.br\/noticias\/wp-content\/uploads\/2019\/12\/urbi_06-1024x576.jpg 1024w, https:\/\/franciscanos.org.br\/noticias\/wp-content\/uploads\/2019\/12\/urbi_06-768x432.jpg 768w, https:\/\/franciscanos.org.br\/noticias\/wp-content\/uploads\/2019\/12\/urbi_06-150x84.jpg 150w\" sizes=\"(max-width: 1366px) 100vw, 1366px\" \/><\/p>\n<p>Que o Redentor do mundo seja luz para a querida Ucr\u00e2nia, que aspira por solu\u00e7\u00f5es concretas para uma paz duradoura.<\/p>\n<p>Que o Senhor rec\u00e9m-nascido seja luz para os povos da \u00c1frica, onde perduram situa\u00e7\u00f5es sociais e pol\u00edticas que, frequentemente, obrigam as pessoas a emigrar, privando-as duma casa e duma fam\u00edlia; haja paz para a popula\u00e7\u00e3o que vive nas regi\u00f5es orientais da Rep\u00fablica Democr\u00e1tica do Congo, martirizada por conflitos persistentes; seja conforto para quantos padecem por causa das viol\u00eancias, calamidades naturais ou emerg\u00eancias sanit\u00e1rias; d\u00ea consola\u00e7\u00e3o a todos os perseguidos por causa da sua f\u00e9 religiosa, especialmente os mission\u00e1rios e os fi\u00e9is sequestrados, e para quantos s\u00e3o v\u00edtimas de ataques de grupos extremistas, sobretudo no Burkina Faso, Mali, N\u00edger e Nig\u00e9ria.<\/p>\n<p>Que o Filho de Deus, descido do C\u00e9u \u00e0 terra, seja defesa e amparo para todos aqueles que, por causa destas e outras injusti\u00e7as, devem emigrar na esperan\u00e7a duma vida segura. \u00c9 a injusti\u00e7a que os obriga a atravessar desertos e mares, transformados em cemit\u00e9rios; \u00e9 a injusti\u00e7a que os obriga a suportar abusos indescrit\u00edveis, escravid\u00f5es de todo o g\u00e9nero e torturas em campos de deten\u00e7\u00e3o desumanos; \u00e9 a injusti\u00e7a que os repele de lugares onde poderiam ter a esperan\u00e7a duma vida digna e lhes faz encontrar muros de indiferen\u00e7a.<\/p>\n<p>Que o Emmanuel seja luz para toda a humanidade ferida. Enterne\u00e7a o nosso cora\u00e7\u00e3o frequentemente endurecido e ego\u00edsta e nos torne instrumentos do seu amor. Atrav\u00e9s dos nossos pobres rostos, d\u00ea o seu sorriso \u00e0s crian\u00e7as de todo o mundo: \u00e0s crian\u00e7as abandonadas e a quantas sofreram viol\u00eancias. Atrav\u00e9s das nossas fr\u00e1geis m\u00e3os, vista os pobres que n\u00e3o t\u00eam nada para se cobrir, d\u00ea o p\u00e3o aos famintos, cuide dos enfermos. Pela nossa fr\u00e1gil companhia, esteja pr\u00f3ximo das pessoas idosas e de quantas vivem sozinhas, dos migrantes e dos marginalizados. Neste dia de festa, d\u00ea a todos a sua ternura e ilumine as trevas deste mundo.<\/p>\n<hr \/>\n<p><em>Fonte: Vatican News<\/em><\/p>\n","protected":false},"excerpt":{"rendered":"<p>A Mensagem e a B\u00ean\u00e7\u00e3o Urbi et Orbi do Santo Padre o Papa Francisco<\/p>\n","protected":false},"author":3,"featured_media":224454,"comment_status":"open","ping_status":"open","sticky":false,"template":"","format":"standard","meta":[],"categories":[1428],"tags":[1544,55],"acf":[],"yoast_head":"<!-- This site is optimized with the Yoast SEO plugin v19.2 - https:\/\/yoast.com\/wordpress\/plugins\/seo\/ -->\n<title>B\u00ean\u00e7\u00e3o Urbi et Orbi: &quot;Que o Emmanuel seja luz para toda a humanidade ferida&quot; - Not\u00edcias - Franciscanos<\/title>\n<meta name=\"robots\" content=\"index, follow, max-snippet:-1, max-image-preview:large, max-video-preview:-1\" \/>\n<link rel=\"canonical\" href=\"https:\/\/franciscanos.org.br\/noticias\/bencao-urbi-et-orbi-que-o-emmanuel-seja-luz-para-toda-a-humanidade-ferida.html\" \/>\n<meta property=\"og:locale\" content=\"pt_BR\" \/>\n<meta property=\"og:type\" content=\"article\" \/>\n<meta property=\"og:title\" content=\"B\u00ean\u00e7\u00e3o Urbi et Orbi: &quot;Que o Emmanuel seja luz para toda a humanidade ferida&quot; - Not\u00edcias - Franciscanos\" \/>\n<meta property=\"og:description\" content=\"A Mensagem e a B\u00ean\u00e7\u00e3o Urbi et Orbi do Santo Padre o Papa Francisco\" \/>\n<meta property=\"og:url\" content=\"https:\/\/franciscanos.org.br\/noticias\/bencao-urbi-et-orbi-que-o-emmanuel-seja-luz-para-toda-a-humanidade-ferida.html\" \/>\n<meta property=\"og:site_name\" content=\"Not\u00edcias - Franciscanos\" \/>\n<meta property=\"article:published_time\" content=\"2019-12-25T23:45:33+00:00\" \/>\n<meta property=\"article:modified_time\" content=\"2020-06-06T11:14:37+00:00\" \/>\n<meta property=\"og:image\" content=\"https:\/\/franciscanos.org.br\/noticias\/wp-content\/uploads\/2019\/12\/urbi_09d.jpg\" \/>\n\t<meta property=\"og:image:width\" content=\"800\" \/>\n\t<meta property=\"og:image:height\" content=\"600\" \/>\n\t<meta property=\"og:image:type\" content=\"image\/jpeg\" \/>\n<meta name=\"author\" content=\"moacir\" \/>\n<meta name=\"twitter:card\" content=\"summary_large_image\" \/>\n<meta name=\"twitter:label1\" content=\"Escrito por\" \/>\n\t<meta name=\"twitter:data1\" content=\"moacir\" \/>\n\t<meta name=\"twitter:label2\" content=\"Est. tempo de leitura\" \/>\n\t<meta name=\"twitter:data2\" content=\"5 minutos\" \/>\n<script type=\"application\/ld+json\" class=\"yoast-schema-graph\">{\"@context\":\"https:\/\/schema.org\",\"@graph\":[{\"@type\":\"WebSite\",\"@id\":\"https:\/\/franciscanos.org.br\/noticias\/#website\",\"url\":\"https:\/\/franciscanos.org.br\/noticias\/\",\"name\":\"Not\u00edcias - Franciscanos\",\"description\":\"Prov\u00edncia Franciscana da Imaculada Concei\u00e7\u00e3o do Brasil - Ordem dos Frades Menores - OFM\",\"potentialAction\":[{\"@type\":\"SearchAction\",\"target\":{\"@type\":\"EntryPoint\",\"urlTemplate\":\"https:\/\/franciscanos.org.br\/noticias\/?s={search_term_string}\"},\"query-input\":\"required name=search_term_string\"}],\"inLanguage\":\"pt-BR\"},{\"@type\":\"ImageObject\",\"inLanguage\":\"pt-BR\",\"@id\":\"https:\/\/franciscanos.org.br\/noticias\/bencao-urbi-et-orbi-que-o-emmanuel-seja-luz-para-toda-a-humanidade-ferida.html#primaryimage\",\"url\":\"https:\/\/franciscanos.org.br\/noticias\/wp-content\/uploads\/2019\/12\/urbi_09d.jpg\",\"contentUrl\":\"https:\/\/franciscanos.org.br\/noticias\/wp-content\/uploads\/2019\/12\/urbi_09d.jpg\",\"width\":800,\"height\":600},{\"@type\":\"WebPage\",\"@id\":\"https:\/\/franciscanos.org.br\/noticias\/bencao-urbi-et-orbi-que-o-emmanuel-seja-luz-para-toda-a-humanidade-ferida.html#webpage\",\"url\":\"https:\/\/franciscanos.org.br\/noticias\/bencao-urbi-et-orbi-que-o-emmanuel-seja-luz-para-toda-a-humanidade-ferida.html\",\"name\":\"B\u00ean\u00e7\u00e3o Urbi et Orbi: \\\"Que o Emmanuel seja luz para toda a humanidade ferida\\\" - Not\u00edcias - Franciscanos\",\"isPartOf\":{\"@id\":\"https:\/\/franciscanos.org.br\/noticias\/#website\"},\"primaryImageOfPage\":{\"@id\":\"https:\/\/franciscanos.org.br\/noticias\/bencao-urbi-et-orbi-que-o-emmanuel-seja-luz-para-toda-a-humanidade-ferida.html#primaryimage\"},\"datePublished\":\"2019-12-25T23:45:33+00:00\",\"dateModified\":\"2020-06-06T11:14:37+00:00\",\"author\":{\"@id\":\"https:\/\/franciscanos.org.br\/noticias\/#\/schema\/person\/b5c8cba458c330ccff548b056e95a5d4\"},\"breadcrumb\":{\"@id\":\"https:\/\/franciscanos.org.br\/noticias\/bencao-urbi-et-orbi-que-o-emmanuel-seja-luz-para-toda-a-humanidade-ferida.html#breadcrumb\"},\"inLanguage\":\"pt-BR\",\"potentialAction\":[{\"@type\":\"ReadAction\",\"target\":[\"https:\/\/franciscanos.org.br\/noticias\/bencao-urbi-et-orbi-que-o-emmanuel-seja-luz-para-toda-a-humanidade-ferida.html\"]}]},{\"@type\":\"BreadcrumbList\",\"@id\":\"https:\/\/franciscanos.org.br\/noticias\/bencao-urbi-et-orbi-que-o-emmanuel-seja-luz-para-toda-a-humanidade-ferida.html#breadcrumb\",\"itemListElement\":[{\"@type\":\"ListItem\",\"position\":1,\"name\":\"Home\",\"item\":\"https:\/\/franciscanos.org.br\/noticias\"},{\"@type\":\"ListItem\",\"position\":2,\"name\":\"B\u00ean\u00e7\u00e3o Urbi et Orbi: &#8220;Que o Emmanuel seja luz para toda a humanidade ferida&#8221;\"}]},{\"@type\":\"Person\",\"@id\":\"https:\/\/franciscanos.org.br\/noticias\/#\/schema\/person\/b5c8cba458c330ccff548b056e95a5d4\",\"name\":\"moacir\",\"image\":{\"@type\":\"ImageObject\",\"inLanguage\":\"pt-BR\",\"@id\":\"https:\/\/franciscanos.org.br\/noticias\/#\/schema\/person\/image\/\",\"url\":\"https:\/\/secure.gravatar.com\/avatar\/d08aa2ce4c8dd416d4479aa8536fcf64?s=96&d=mm&r=g\",\"contentUrl\":\"https:\/\/secure.gravatar.com\/avatar\/d08aa2ce4c8dd416d4479aa8536fcf64?s=96&d=mm&r=g\",\"caption\":\"moacir\"},\"url\":\"https:\/\/franciscanos.org.br\/noticias\/author\/moacir\"}]}<\/script>\n<!-- \/ Yoast SEO plugin. -->","yoast_head_json":{"title":"B\u00ean\u00e7\u00e3o Urbi et Orbi: \"Que o Emmanuel seja luz para toda a humanidade ferida\" - Not\u00edcias - Franciscanos","robots":{"index":"index","follow":"follow","max-snippet":"max-snippet:-1","max-image-preview":"max-image-preview:large","max-video-preview":"max-video-preview:-1"},"canonical":"https:\/\/franciscanos.org.br\/noticias\/bencao-urbi-et-orbi-que-o-emmanuel-seja-luz-para-toda-a-humanidade-ferida.html","og_locale":"pt_BR","og_type":"article","og_title":"B\u00ean\u00e7\u00e3o Urbi et Orbi: \"Que o Emmanuel seja luz para toda a humanidade ferida\" - Not\u00edcias - Franciscanos","og_description":"A Mensagem e a B\u00ean\u00e7\u00e3o Urbi et Orbi do Santo Padre o Papa Francisco","og_url":"https:\/\/franciscanos.org.br\/noticias\/bencao-urbi-et-orbi-que-o-emmanuel-seja-luz-para-toda-a-humanidade-ferida.html","og_site_name":"Not\u00edcias - Franciscanos","article_published_time":"2019-12-25T23:45:33+00:00","article_modified_time":"2020-06-06T11:14:37+00:00","og_image":[{"width":800,"height":600,"url":"https:\/\/franciscanos.org.br\/noticias\/wp-content\/uploads\/2019\/12\/urbi_09d.jpg","type":"image\/jpeg"}],"author":"moacir","twitter_card":"summary_large_image","twitter_misc":{"Escrito por":"moacir","Est. tempo de leitura":"5 minutos"},"schema":{"@context":"https:\/\/schema.org","@graph":[{"@type":"WebSite","@id":"https:\/\/franciscanos.org.br\/noticias\/#website","url":"https:\/\/franciscanos.org.br\/noticias\/","name":"Not\u00edcias - Franciscanos","description":"Prov\u00edncia Franciscana da Imaculada Concei\u00e7\u00e3o do Brasil - Ordem dos Frades Menores - OFM","potentialAction":[{"@type":"SearchAction","target":{"@type":"EntryPoint","urlTemplate":"https:\/\/franciscanos.org.br\/noticias\/?s={search_term_string}"},"query-input":"required name=search_term_string"}],"inLanguage":"pt-BR"},{"@type":"ImageObject","inLanguage":"pt-BR","@id":"https:\/\/franciscanos.org.br\/noticias\/bencao-urbi-et-orbi-que-o-emmanuel-seja-luz-para-toda-a-humanidade-ferida.html#primaryimage","url":"https:\/\/franciscanos.org.br\/noticias\/wp-content\/uploads\/2019\/12\/urbi_09d.jpg","contentUrl":"https:\/\/franciscanos.org.br\/noticias\/wp-content\/uploads\/2019\/12\/urbi_09d.jpg","width":800,"height":600},{"@type":"WebPage","@id":"https:\/\/franciscanos.org.br\/noticias\/bencao-urbi-et-orbi-que-o-emmanuel-seja-luz-para-toda-a-humanidade-ferida.html#webpage","url":"https:\/\/franciscanos.org.br\/noticias\/bencao-urbi-et-orbi-que-o-emmanuel-seja-luz-para-toda-a-humanidade-ferida.html","name":"B\u00ean\u00e7\u00e3o Urbi et Orbi: \"Que o Emmanuel seja luz para toda a humanidade ferida\" - Not\u00edcias - Franciscanos","isPartOf":{"@id":"https:\/\/franciscanos.org.br\/noticias\/#website"},"primaryImageOfPage":{"@id":"https:\/\/franciscanos.org.br\/noticias\/bencao-urbi-et-orbi-que-o-emmanuel-seja-luz-para-toda-a-humanidade-ferida.html#primaryimage"},"datePublished":"2019-12-25T23:45:33+00:00","dateModified":"2020-06-06T11:14:37+00:00","author":{"@id":"https:\/\/franciscanos.org.br\/noticias\/#\/schema\/person\/b5c8cba458c330ccff548b056e95a5d4"},"breadcrumb":{"@id":"https:\/\/franciscanos.org.br\/noticias\/bencao-urbi-et-orbi-que-o-emmanuel-seja-luz-para-toda-a-humanidade-ferida.html#breadcrumb"},"inLanguage":"pt-BR","potentialAction":[{"@type":"ReadAction","target":["https:\/\/franciscanos.org.br\/noticias\/bencao-urbi-et-orbi-que-o-emmanuel-seja-luz-para-toda-a-humanidade-ferida.html"]}]},{"@type":"BreadcrumbList","@id":"https:\/\/franciscanos.org.br\/noticias\/bencao-urbi-et-orbi-que-o-emmanuel-seja-luz-para-toda-a-humanidade-ferida.html#breadcrumb","itemListElement":[{"@type":"ListItem","position":1,"name":"Home","item":"https:\/\/franciscanos.org.br\/noticias"},{"@type":"ListItem","position":2,"name":"B\u00ean\u00e7\u00e3o Urbi et Orbi: &#8220;Que o Emmanuel seja luz para toda a humanidade ferida&#8221;"}]},{"@type":"Person","@id":"https:\/\/franciscanos.org.br\/noticias\/#\/schema\/person\/b5c8cba458c330ccff548b056e95a5d4","name":"moacir","image":{"@type":"ImageObject","inLanguage":"pt-BR","@id":"https:\/\/franciscanos.org.br\/noticias\/#\/schema\/person\/image\/","url":"https:\/\/secure.gravatar.com\/avatar\/d08aa2ce4c8dd416d4479aa8536fcf64?s=96&d=mm&r=g","contentUrl":"https:\/\/secure.gravatar.com\/avatar\/d08aa2ce4c8dd416d4479aa8536fcf64?s=96&d=mm&r=g","caption":"moacir"},"url":"https:\/\/franciscanos.org.br\/noticias\/author\/moacir"}]}},"_links":{"self":[{"href":"https:\/\/franciscanos.org.br\/noticias\/wp-json\/wp\/v2\/posts\/215227"}],"collection":[{"href":"https:\/\/franciscanos.org.br\/noticias\/wp-json\/wp\/v2\/posts"}],"about":[{"href":"https:\/\/franciscanos.org.br\/noticias\/wp-json\/wp\/v2\/types\/post"}],"author":[{"embeddable":true,"href":"https:\/\/franciscanos.org.br\/noticias\/wp-json\/wp\/v2\/users\/3"}],"replies":[{"embeddable":true,"href":"https:\/\/franciscanos.org.br\/noticias\/wp-json\/wp\/v2\/comments?post=215227"}],"version-history":[{"count":3,"href":"https:\/\/franciscanos.org.br\/noticias\/wp-json\/wp\/v2\/posts\/215227\/revisions"}],"predecessor-version":[{"id":224453,"href":"https:\/\/franciscanos.org.br\/noticias\/wp-json\/wp\/v2\/posts\/215227\/revisions\/224453"}],"wp:featuredmedia":[{"embeddable":true,"href":"https:\/\/franciscanos.org.br\/noticias\/wp-json\/wp\/v2\/media\/224454"}],"wp:attachment":[{"href":"https:\/\/franciscanos.org.br\/noticias\/wp-json\/wp\/v2\/media?parent=215227"}],"wp:term":[{"taxonomy":"category","embeddable":true,"href":"https:\/\/franciscanos.org.br\/noticias\/wp-json\/wp\/v2\/categories?post=215227"},{"taxonomy":"post_tag","embeddable":true,"href":"https:\/\/franciscanos.org.br\/noticias\/wp-json\/wp\/v2\/tags?post=215227"}],"curies":[{"name":"wp","href":"https:\/\/api.w.org\/{rel}","templated":true}]}}