{"id":215220,"date":"2019-12-25T09:28:02","date_gmt":"2019-12-25T12:28:02","guid":{"rendered":"https:\/\/franciscanos.org.br\/noticias\/?p=215220"},"modified":"2020-06-06T08:16:21","modified_gmt":"2020-06-06T11:16:21","slug":"missa-do-galo-amar-nao-e-tempo-perdido","status":"publish","type":"post","link":"https:\/\/franciscanos.org.br\/noticias\/missa-do-galo-amar-nao-e-tempo-perdido.html","title":{"rendered":"Missa do Galo: &#8220;Amar n\u00e3o \u00e9 tempo perdido&#8221;"},"content":{"rendered":"<p><img loading=\"lazy\" class=\"alignnone size-full wp-image-215224\" src=\"https:\/\/franciscanos.org.br\/noticias\/wp-content\/uploads\/2019\/12\/papa_251219_3.jpg\" alt=\"\" width=\"890\" height=\"500\" srcset=\"https:\/\/franciscanos.org.br\/noticias\/wp-content\/uploads\/2019\/12\/papa_251219_3.jpg 890w, https:\/\/franciscanos.org.br\/noticias\/wp-content\/uploads\/2019\/12\/papa_251219_3-450x253.jpg 450w, https:\/\/franciscanos.org.br\/noticias\/wp-content\/uploads\/2019\/12\/papa_251219_3-768x431.jpg 768w, https:\/\/franciscanos.org.br\/noticias\/wp-content\/uploads\/2019\/12\/papa_251219_3-150x84.jpg 150w\" sizes=\"(max-width: 890px) 100vw, 890px\" \/><\/p>\n<p><strong>Cidade do Vaticano &#8211;\u00a0<\/strong>Um pensamento todo centralizado sobre a \u201cgra\u00e7a de Deus\u201d: assim foi a homilia do Papa Francisco na missa da noite de Natal. Na Bas\u00edlica de S\u00e3o Pedro, repleta de fi\u00e9is, ressoaram as palavras do profeta Isa\u00edas: \u201cHabitavam numa terra de sombras, mas uma luz brilhou sobre eles\u201d. Esta luz que se manifestou na escurid\u00e3o \u00e9 a gra\u00e7a de Deus, disse o Papa, explicando: \u201c\u00e9 o amor divino, o amor que transforma a vida, renova a hist\u00f3ria, liberta do mal, infunde paz e alegria\u201d. Esta luz \u00e9 Jesus.<\/p>\n<p><strong>O dom da gra\u00e7a<\/strong><br \/>\nO Ap\u00f3stolo Paulo a chama de \u201cgra\u00e7a\u201d porque \u00e9 completamente gratuita: \u201cEnquanto aqui, na terra, tudo parece seguir a l\u00f3gica do dar para receber, Deus chega de gra\u00e7a. O seu amor ultrapassa qualquer possibilidade de neg\u00f3cio: nada fizemos para o merecer, e nunca poderemos retribu\u00ed-lo\u201d.<\/p>\n<p><img loading=\"lazy\" class=\"alignnone size-full wp-image-215223\" src=\"https:\/\/franciscanos.org.br\/noticias\/wp-content\/uploads\/2019\/12\/papa_251219_2.jpg\" alt=\"\" width=\"890\" height=\"500\" srcset=\"https:\/\/franciscanos.org.br\/noticias\/wp-content\/uploads\/2019\/12\/papa_251219_2.jpg 890w, https:\/\/franciscanos.org.br\/noticias\/wp-content\/uploads\/2019\/12\/papa_251219_2-450x253.jpg 450w, https:\/\/franciscanos.org.br\/noticias\/wp-content\/uploads\/2019\/12\/papa_251219_2-768x431.jpg 768w, https:\/\/franciscanos.org.br\/noticias\/wp-content\/uploads\/2019\/12\/papa_251219_2-150x84.jpg 150w\" sizes=\"(max-width: 890px) 100vw, 890px\" \/><\/p>\n<p>Por n\u00e3o estamos \u00e0 Sua altura, Ele desce at\u00e9 n\u00f3s: \u201cO Natal nos lembra que Deus continua a amar todo o homem, mesmo o pior\u201d. Este amor independe de nossas obras, boas ou ruins. \u201cO seu amor \u00e9 incondicional.\u201d Mesmo nos nossos pecados, Ele continua a nos amar. Esta \u00e9 a mensagem que o Papa Francisco repetiu com veem\u00eancia mais de uma vez. Jesus nasce pobre de tudo, para nos conquistar com a riqueza do seu amor.<\/p>\n<p>Coragem, afirmou o Pont\u00edfice aos fi\u00e9is, \u201cn\u00e3o perder a esperan\u00e7a, n\u00e3o pensar que amar seja tempo perdido\u201d. Esta noite o amor venceu o medo, a luz gentil de Deus venceu as trevas da arrog\u00e2ncia humana. \u201cHumanidade\u201d, clamou o Papa.<\/p>\n<p><strong>Acolher o dom<\/strong><br \/>\nDiante desta gra\u00e7a de Deus, n\u00e3o nos resta que acolher este dom entregando-se a Ele. N\u00e3o h\u00e1 desculpas: os problemas da vida, os erros da Igreja, o mal que existe no mundo. Tudo passa em segundo plano diante do amor de Jesus por n\u00f3s. Ent\u00e3o, afirmou Francisco, a quest\u00e3o do Natal \u00e9 esta: \u201cDeixo-me amar por Deus? Abandono-me ao seu amor que vem me salvar?\u201d<\/p>\n<p><img loading=\"lazy\" class=\"alignnone size-full wp-image-215222\" src=\"https:\/\/franciscanos.org.br\/noticias\/wp-content\/uploads\/2019\/12\/papa_251219_1.jpg\" alt=\"\" width=\"890\" height=\"500\" srcset=\"https:\/\/franciscanos.org.br\/noticias\/wp-content\/uploads\/2019\/12\/papa_251219_1.jpg 890w, https:\/\/franciscanos.org.br\/noticias\/wp-content\/uploads\/2019\/12\/papa_251219_1-450x253.jpg 450w, https:\/\/franciscanos.org.br\/noticias\/wp-content\/uploads\/2019\/12\/papa_251219_1-768x431.jpg 768w, https:\/\/franciscanos.org.br\/noticias\/wp-content\/uploads\/2019\/12\/papa_251219_1-150x84.jpg 150w\" sizes=\"(max-width: 890px) 100vw, 890px\" \/><\/p>\n<p><strong>Acolher com gratid\u00e3o<\/strong><br \/>\nAcolher a gra\u00e7a \u00e9 saber agradecer, prosseguiu o Pont\u00edfice. \u201cFrequentemente, por\u00e9m, as nossas vidas transcorrem alheias \u00e0 gratid\u00e3o. Hoje \u00e9 o dia justo para nos aproximarmos do sacr\u00e1rio, do pres\u00e9pio, da manjedoura, e dizermos obrigado\u201d<\/p>\n<p>Acolher o dom que \u00e9 Jesus para depois se tornar dom como Jesus e, assim, dar sentido \u00e0 pr\u00f3pria vida. \u00c9 dando sentido a ela que podemos mudar mundo e toda a realidade que nos circunda: \u201cN\u00e3o esperemos que o pr\u00f3ximo se torne bom para lhe fazermos bem, que a Igreja seja perfeita para a amarmos, que os outros tenham considera\u00e7\u00e3o por n\u00f3s para os servirmos. Comecemos n\u00f3s. Isto \u00e9 acolher o dom da gra\u00e7a.\u201d<\/p>\n<p>Francisco concluiu a homilia citando um epis\u00f3dio que se narra sobre um dos pastores que, pobre, sem nada a oferecer, segura nos bra\u00e7os o Menino Jesus: \u201cQuerido irm\u00e3o, querida irm\u00e3, se as suas m\u00e3os lhe parecem vazias, se v\u00ea o seu cora\u00e7\u00e3o pobre de amor, esta \u00e9 a sua noite. Manifestou-se a gra\u00e7a de Deus, para resplandecer na sua vida. Acolha-a e brilhar\u00e1 em voc\u00ea a luz do Natal.\u201d<\/p>\n<p><img loading=\"lazy\" class=\"alignnone size-full wp-image-215221\" src=\"https:\/\/franciscanos.org.br\/noticias\/wp-content\/uploads\/2019\/12\/papa_251219.jpg\" alt=\"\" width=\"890\" height=\"500\" srcset=\"https:\/\/franciscanos.org.br\/noticias\/wp-content\/uploads\/2019\/12\/papa_251219.jpg 890w, https:\/\/franciscanos.org.br\/noticias\/wp-content\/uploads\/2019\/12\/papa_251219-450x253.jpg 450w, https:\/\/franciscanos.org.br\/noticias\/wp-content\/uploads\/2019\/12\/papa_251219-768x431.jpg 768w, https:\/\/franciscanos.org.br\/noticias\/wp-content\/uploads\/2019\/12\/papa_251219-150x84.jpg 150w\" sizes=\"(max-width: 890px) 100vw, 890px\" \/><\/p>\n<hr \/>\n<p><em>Fonte: Vatican News (https:\/\/www.vaticannews.va\/pt\/papa\/news\/2019-12\/papa-francisco-noite-natal-amar-nao-e-tempo-perdido.html)<\/em><\/p>\n","protected":false},"excerpt":{"rendered":"<p>Missa do Galo do Papa Francisco<\/p>\n","protected":false},"author":3,"featured_media":215225,"comment_status":"open","ping_status":"open","sticky":false,"template":"","format":"standard","meta":[],"categories":[1428],"tags":[1570,78,55],"acf":[],"yoast_head":"<!-- This site is optimized with the Yoast SEO plugin v19.2 - https:\/\/yoast.com\/wordpress\/plugins\/seo\/ -->\n<title>Missa do Galo: &quot;Amar n\u00e3o \u00e9 tempo perdido&quot; - Not\u00edcias - Franciscanos<\/title>\n<meta name=\"robots\" content=\"index, follow, max-snippet:-1, max-image-preview:large, max-video-preview:-1\" \/>\n<link rel=\"canonical\" href=\"https:\/\/franciscanos.org.br\/noticias\/missa-do-galo-amar-nao-e-tempo-perdido.html\" \/>\n<meta property=\"og:locale\" content=\"pt_BR\" \/>\n<meta property=\"og:type\" content=\"article\" \/>\n<meta property=\"og:title\" content=\"Missa do Galo: &quot;Amar n\u00e3o \u00e9 tempo perdido&quot; - Not\u00edcias - Franciscanos\" \/>\n<meta property=\"og:description\" content=\"Missa do Galo do Papa Francisco\" \/>\n<meta property=\"og:url\" content=\"https:\/\/franciscanos.org.br\/noticias\/missa-do-galo-amar-nao-e-tempo-perdido.html\" \/>\n<meta property=\"og:site_name\" content=\"Not\u00edcias - Franciscanos\" \/>\n<meta property=\"article:published_time\" content=\"2019-12-25T12:28:02+00:00\" \/>\n<meta property=\"article:modified_time\" content=\"2020-06-06T11:16:21+00:00\" \/>\n<meta property=\"og:image\" content=\"https:\/\/franciscanos.org.br\/noticias\/wp-content\/uploads\/2019\/12\/papa_251219_4.jpg\" \/>\n\t<meta property=\"og:image:width\" content=\"273\" \/>\n\t<meta property=\"og:image:height\" content=\"181\" \/>\n\t<meta property=\"og:image:type\" content=\"image\/jpeg\" \/>\n<meta name=\"author\" content=\"moacir\" \/>\n<meta name=\"twitter:card\" content=\"summary_large_image\" \/>\n<meta name=\"twitter:label1\" content=\"Escrito por\" \/>\n\t<meta name=\"twitter:data1\" content=\"moacir\" \/>\n\t<meta name=\"twitter:label2\" content=\"Est. tempo de leitura\" \/>\n\t<meta name=\"twitter:data2\" content=\"3 minutos\" \/>\n<script type=\"application\/ld+json\" class=\"yoast-schema-graph\">{\"@context\":\"https:\/\/schema.org\",\"@graph\":[{\"@type\":\"WebSite\",\"@id\":\"https:\/\/franciscanos.org.br\/noticias\/#website\",\"url\":\"https:\/\/franciscanos.org.br\/noticias\/\",\"name\":\"Not\u00edcias - Franciscanos\",\"description\":\"Prov\u00edncia Franciscana da Imaculada Concei\u00e7\u00e3o do Brasil - Ordem dos Frades Menores - OFM\",\"potentialAction\":[{\"@type\":\"SearchAction\",\"target\":{\"@type\":\"EntryPoint\",\"urlTemplate\":\"https:\/\/franciscanos.org.br\/noticias\/?s={search_term_string}\"},\"query-input\":\"required name=search_term_string\"}],\"inLanguage\":\"pt-BR\"},{\"@type\":\"ImageObject\",\"inLanguage\":\"pt-BR\",\"@id\":\"https:\/\/franciscanos.org.br\/noticias\/missa-do-galo-amar-nao-e-tempo-perdido.html#primaryimage\",\"url\":\"https:\/\/franciscanos.org.br\/noticias\/wp-content\/uploads\/2019\/12\/papa_251219_4.jpg\",\"contentUrl\":\"https:\/\/franciscanos.org.br\/noticias\/wp-content\/uploads\/2019\/12\/papa_251219_4.jpg\",\"width\":273,\"height\":181},{\"@type\":\"WebPage\",\"@id\":\"https:\/\/franciscanos.org.br\/noticias\/missa-do-galo-amar-nao-e-tempo-perdido.html#webpage\",\"url\":\"https:\/\/franciscanos.org.br\/noticias\/missa-do-galo-amar-nao-e-tempo-perdido.html\",\"name\":\"Missa do Galo: \\\"Amar n\u00e3o \u00e9 tempo perdido\\\" - Not\u00edcias - Franciscanos\",\"isPartOf\":{\"@id\":\"https:\/\/franciscanos.org.br\/noticias\/#website\"},\"primaryImageOfPage\":{\"@id\":\"https:\/\/franciscanos.org.br\/noticias\/missa-do-galo-amar-nao-e-tempo-perdido.html#primaryimage\"},\"datePublished\":\"2019-12-25T12:28:02+00:00\",\"dateModified\":\"2020-06-06T11:16:21+00:00\",\"author\":{\"@id\":\"https:\/\/franciscanos.org.br\/noticias\/#\/schema\/person\/b5c8cba458c330ccff548b056e95a5d4\"},\"breadcrumb\":{\"@id\":\"https:\/\/franciscanos.org.br\/noticias\/missa-do-galo-amar-nao-e-tempo-perdido.html#breadcrumb\"},\"inLanguage\":\"pt-BR\",\"potentialAction\":[{\"@type\":\"ReadAction\",\"target\":[\"https:\/\/franciscanos.org.br\/noticias\/missa-do-galo-amar-nao-e-tempo-perdido.html\"]}]},{\"@type\":\"BreadcrumbList\",\"@id\":\"https:\/\/franciscanos.org.br\/noticias\/missa-do-galo-amar-nao-e-tempo-perdido.html#breadcrumb\",\"itemListElement\":[{\"@type\":\"ListItem\",\"position\":1,\"name\":\"Home\",\"item\":\"https:\/\/franciscanos.org.br\/noticias\"},{\"@type\":\"ListItem\",\"position\":2,\"name\":\"Missa do Galo: &#8220;Amar n\u00e3o \u00e9 tempo perdido&#8221;\"}]},{\"@type\":\"Person\",\"@id\":\"https:\/\/franciscanos.org.br\/noticias\/#\/schema\/person\/b5c8cba458c330ccff548b056e95a5d4\",\"name\":\"moacir\",\"image\":{\"@type\":\"ImageObject\",\"inLanguage\":\"pt-BR\",\"@id\":\"https:\/\/franciscanos.org.br\/noticias\/#\/schema\/person\/image\/\",\"url\":\"https:\/\/secure.gravatar.com\/avatar\/d08aa2ce4c8dd416d4479aa8536fcf64?s=96&d=mm&r=g\",\"contentUrl\":\"https:\/\/secure.gravatar.com\/avatar\/d08aa2ce4c8dd416d4479aa8536fcf64?s=96&d=mm&r=g\",\"caption\":\"moacir\"},\"url\":\"https:\/\/franciscanos.org.br\/noticias\/author\/moacir\"}]}<\/script>\n<!-- \/ Yoast SEO plugin. -->","yoast_head_json":{"title":"Missa do Galo: \"Amar n\u00e3o \u00e9 tempo perdido\" - Not\u00edcias - Franciscanos","robots":{"index":"index","follow":"follow","max-snippet":"max-snippet:-1","max-image-preview":"max-image-preview:large","max-video-preview":"max-video-preview:-1"},"canonical":"https:\/\/franciscanos.org.br\/noticias\/missa-do-galo-amar-nao-e-tempo-perdido.html","og_locale":"pt_BR","og_type":"article","og_title":"Missa do Galo: \"Amar n\u00e3o \u00e9 tempo perdido\" - Not\u00edcias - Franciscanos","og_description":"Missa do Galo do Papa Francisco","og_url":"https:\/\/franciscanos.org.br\/noticias\/missa-do-galo-amar-nao-e-tempo-perdido.html","og_site_name":"Not\u00edcias - Franciscanos","article_published_time":"2019-12-25T12:28:02+00:00","article_modified_time":"2020-06-06T11:16:21+00:00","og_image":[{"width":273,"height":181,"url":"https:\/\/franciscanos.org.br\/noticias\/wp-content\/uploads\/2019\/12\/papa_251219_4.jpg","type":"image\/jpeg"}],"author":"moacir","twitter_card":"summary_large_image","twitter_misc":{"Escrito por":"moacir","Est. tempo de leitura":"3 minutos"},"schema":{"@context":"https:\/\/schema.org","@graph":[{"@type":"WebSite","@id":"https:\/\/franciscanos.org.br\/noticias\/#website","url":"https:\/\/franciscanos.org.br\/noticias\/","name":"Not\u00edcias - Franciscanos","description":"Prov\u00edncia Franciscana da Imaculada Concei\u00e7\u00e3o do Brasil - Ordem dos Frades Menores - OFM","potentialAction":[{"@type":"SearchAction","target":{"@type":"EntryPoint","urlTemplate":"https:\/\/franciscanos.org.br\/noticias\/?s={search_term_string}"},"query-input":"required name=search_term_string"}],"inLanguage":"pt-BR"},{"@type":"ImageObject","inLanguage":"pt-BR","@id":"https:\/\/franciscanos.org.br\/noticias\/missa-do-galo-amar-nao-e-tempo-perdido.html#primaryimage","url":"https:\/\/franciscanos.org.br\/noticias\/wp-content\/uploads\/2019\/12\/papa_251219_4.jpg","contentUrl":"https:\/\/franciscanos.org.br\/noticias\/wp-content\/uploads\/2019\/12\/papa_251219_4.jpg","width":273,"height":181},{"@type":"WebPage","@id":"https:\/\/franciscanos.org.br\/noticias\/missa-do-galo-amar-nao-e-tempo-perdido.html#webpage","url":"https:\/\/franciscanos.org.br\/noticias\/missa-do-galo-amar-nao-e-tempo-perdido.html","name":"Missa do Galo: \"Amar n\u00e3o \u00e9 tempo perdido\" - Not\u00edcias - Franciscanos","isPartOf":{"@id":"https:\/\/franciscanos.org.br\/noticias\/#website"},"primaryImageOfPage":{"@id":"https:\/\/franciscanos.org.br\/noticias\/missa-do-galo-amar-nao-e-tempo-perdido.html#primaryimage"},"datePublished":"2019-12-25T12:28:02+00:00","dateModified":"2020-06-06T11:16:21+00:00","author":{"@id":"https:\/\/franciscanos.org.br\/noticias\/#\/schema\/person\/b5c8cba458c330ccff548b056e95a5d4"},"breadcrumb":{"@id":"https:\/\/franciscanos.org.br\/noticias\/missa-do-galo-amar-nao-e-tempo-perdido.html#breadcrumb"},"inLanguage":"pt-BR","potentialAction":[{"@type":"ReadAction","target":["https:\/\/franciscanos.org.br\/noticias\/missa-do-galo-amar-nao-e-tempo-perdido.html"]}]},{"@type":"BreadcrumbList","@id":"https:\/\/franciscanos.org.br\/noticias\/missa-do-galo-amar-nao-e-tempo-perdido.html#breadcrumb","itemListElement":[{"@type":"ListItem","position":1,"name":"Home","item":"https:\/\/franciscanos.org.br\/noticias"},{"@type":"ListItem","position":2,"name":"Missa do Galo: &#8220;Amar n\u00e3o \u00e9 tempo perdido&#8221;"}]},{"@type":"Person","@id":"https:\/\/franciscanos.org.br\/noticias\/#\/schema\/person\/b5c8cba458c330ccff548b056e95a5d4","name":"moacir","image":{"@type":"ImageObject","inLanguage":"pt-BR","@id":"https:\/\/franciscanos.org.br\/noticias\/#\/schema\/person\/image\/","url":"https:\/\/secure.gravatar.com\/avatar\/d08aa2ce4c8dd416d4479aa8536fcf64?s=96&d=mm&r=g","contentUrl":"https:\/\/secure.gravatar.com\/avatar\/d08aa2ce4c8dd416d4479aa8536fcf64?s=96&d=mm&r=g","caption":"moacir"},"url":"https:\/\/franciscanos.org.br\/noticias\/author\/moacir"}]}},"_links":{"self":[{"href":"https:\/\/franciscanos.org.br\/noticias\/wp-json\/wp\/v2\/posts\/215220"}],"collection":[{"href":"https:\/\/franciscanos.org.br\/noticias\/wp-json\/wp\/v2\/posts"}],"about":[{"href":"https:\/\/franciscanos.org.br\/noticias\/wp-json\/wp\/v2\/types\/post"}],"author":[{"embeddable":true,"href":"https:\/\/franciscanos.org.br\/noticias\/wp-json\/wp\/v2\/users\/3"}],"replies":[{"embeddable":true,"href":"https:\/\/franciscanos.org.br\/noticias\/wp-json\/wp\/v2\/comments?post=215220"}],"version-history":[{"count":2,"href":"https:\/\/franciscanos.org.br\/noticias\/wp-json\/wp\/v2\/posts\/215220\/revisions"}],"predecessor-version":[{"id":224456,"href":"https:\/\/franciscanos.org.br\/noticias\/wp-json\/wp\/v2\/posts\/215220\/revisions\/224456"}],"wp:featuredmedia":[{"embeddable":true,"href":"https:\/\/franciscanos.org.br\/noticias\/wp-json\/wp\/v2\/media\/215225"}],"wp:attachment":[{"href":"https:\/\/franciscanos.org.br\/noticias\/wp-json\/wp\/v2\/media?parent=215220"}],"wp:term":[{"taxonomy":"category","embeddable":true,"href":"https:\/\/franciscanos.org.br\/noticias\/wp-json\/wp\/v2\/categories?post=215220"},{"taxonomy":"post_tag","embeddable":true,"href":"https:\/\/franciscanos.org.br\/noticias\/wp-json\/wp\/v2\/tags?post=215220"}],"curies":[{"name":"wp","href":"https:\/\/api.w.org\/{rel}","templated":true}]}}