{"id":215183,"date":"2019-12-20T16:06:19","date_gmt":"2019-12-20T19:06:19","guid":{"rendered":"https:\/\/franciscanos.org.br\/noticias\/?p=215183"},"modified":"2019-12-20T16:06:19","modified_gmt":"2019-12-20T19:06:19","slug":"frei-estevao-jubileu-sacerdotal-missionario-e-franciscano","status":"publish","type":"post","link":"https:\/\/franciscanos.org.br\/noticias\/frei-estevao-jubileu-sacerdotal-missionario-e-franciscano.html","title":{"rendered":"Frei Est\u00eav\u00e3o: jubileu sacerdotal, mission\u00e1rio e franciscano"},"content":{"rendered":"<p><img loading=\"lazy\" class=\"alignnone wp-image-215184 size-full\" src=\"https:\/\/franciscanos.org.br\/noticias\/wp-content\/uploads\/2019\/12\/estev\u00e3o_2012_3.jpg\" alt=\"\" width=\"890\" height=\"544\" srcset=\"https:\/\/franciscanos.org.br\/noticias\/wp-content\/uploads\/2019\/12\/estev\u00e3o_2012_3.jpg 890w, https:\/\/franciscanos.org.br\/noticias\/wp-content\/uploads\/2019\/12\/estev\u00e3o_2012_3-450x275.jpg 450w, https:\/\/franciscanos.org.br\/noticias\/wp-content\/uploads\/2019\/12\/estev\u00e3o_2012_3-768x469.jpg 768w, https:\/\/franciscanos.org.br\/noticias\/wp-content\/uploads\/2019\/12\/estev\u00e3o_2012_3-150x92.jpg 150w\" sizes=\"(max-width: 890px) 100vw, 890px\" \/><\/p>\n<p><strong>Frei Gilberto da Silva<\/strong><\/p>\n<p><strong>Roma (It\u00e1lia)<\/strong> &#8211; Depois de se encontrar com os seus confrades jubilados na Celebra\u00e7\u00e3o Provincial, ocorrida em Petr\u00f3polis, de 4 a 6 de dezembro de 2019, o atual guardi\u00e3o da Fraternidade Internacional Santo Ant\u00f4nio (<em>Antonianum<\/em>), em Roma, Frei Est\u00eav\u00e3o Ottenbreit, comemorou o seu Jubileu de 50 anos de Ordena\u00e7\u00e3o sacerdotal na Alemanha, com seus amigos e familiares, e, em Roma, com sua Fraternidade. Frei Est\u00eav\u00e3o \u00e9 natural de Grosswallstadt, Alemanha, onde nasceu no dia 6 de setembro de 1942. Quando era jovem, deixou a Alemanha para ser mission\u00e1rio no Brasil. Tamb\u00e9m celebrando 50 anos de vida sacerdotal, est\u00e3o seus confrades alem\u00e3es Freis Conrado Lindmeier, Marcos Hollmann, G\u00fcnther Max Walzer e o brasileiro Frei Domingos B. Hellmann.<\/p>\n<p><img loading=\"lazy\" class=\"wp-image-215186 alignright\" src=\"https:\/\/franciscanos.org.br\/noticias\/wp-content\/uploads\/2019\/12\/estev\u00e3o_2012_1-450x417.jpg\" alt=\"\" width=\"304\" height=\"282\" srcset=\"https:\/\/franciscanos.org.br\/noticias\/wp-content\/uploads\/2019\/12\/estev\u00e3o_2012_1-450x417.jpg 450w, https:\/\/franciscanos.org.br\/noticias\/wp-content\/uploads\/2019\/12\/estev\u00e3o_2012_1-150x139.jpg 150w, https:\/\/franciscanos.org.br\/noticias\/wp-content\/uploads\/2019\/12\/estev\u00e3o_2012_1.jpg 621w\" sizes=\"(max-width: 304px) 100vw, 304px\" \/>Esta celebra\u00e7\u00e3o na sua terra foi realizada no dia 14 de dezembro de 2019, quando o jubilando se reuniu no convento de Kreuzberg, Bischofsheim, em Rh\u00f6n, com seus familiares, amigos, e seus confrades Freis Gilberto da Silva e Frei Jos\u00e9 Ant\u00f4nio dos Santos, estudantes da Prov\u00edncia residentes no <em>Antoninaum<\/em> em Roma.<\/p>\n<p>O local para a celebra\u00e7\u00e3o do jubileu tamb\u00e9m foi escolhido por ser um local de peregrina\u00e7\u00e3o franciscana. O convento de Kreuzberg se localiza aproximadamente 127 km de Frankfurt, na montanha de Rh\u00f6n, conhecida como \u201ca montanha sagrada dos Francos\u201d. As primeiras peregrina\u00e7\u00f5es ao local s\u00e3o datadas em 686. A Ordem dos Frades Menores est\u00e1 presente no local a partir de 1614. O convento tamb\u00e9m \u00e9 conhecido para al\u00e9m de suas atividades religiosas e fraternas, por abrigar a cervejaria \u201cFranziskaner Klosterbetriebe\u201d, restaurante e hotel.<\/p>\n<p>A celebra\u00e7\u00e3o do Jubileu ocorreu com a recep\u00e7\u00e3o dos convidados para um caf\u00e9 no sal\u00e3o Santo Ant\u00f4nio, a partir das 15 horas. A celebra\u00e7\u00e3o lit\u00fargica iniciou-se as 17h45, com os cantos preparados pela fam\u00edlia Ottenbreit. Klaus, irm\u00e3o do jubilado foi o organista, sua esposa, filhos, netos e sobrinhos formaram um verdadeiro coral alem\u00e3o.<\/p>\n<p><img loading=\"lazy\" class=\"alignnone wp-image-215187 size-full\" src=\"https:\/\/franciscanos.org.br\/noticias\/wp-content\/uploads\/2019\/12\/estev\u00e3o_2012.jpg\" alt=\"\" width=\"890\" height=\"421\" srcset=\"https:\/\/franciscanos.org.br\/noticias\/wp-content\/uploads\/2019\/12\/estev\u00e3o_2012.jpg 890w, https:\/\/franciscanos.org.br\/noticias\/wp-content\/uploads\/2019\/12\/estev\u00e3o_2012-450x213.jpg 450w, https:\/\/franciscanos.org.br\/noticias\/wp-content\/uploads\/2019\/12\/estev\u00e3o_2012-768x363.jpg 768w, https:\/\/franciscanos.org.br\/noticias\/wp-content\/uploads\/2019\/12\/estev\u00e3o_2012-150x71.jpg 150w\" sizes=\"(max-width: 890px) 100vw, 890px\" \/><\/p>\n<p>Frei Est\u00eav\u00e3o presidiu a Missa do terceiro domingo do Advento. Na homilia, recordou o tempo forte em prepara\u00e7\u00e3o para o natal e tamb\u00e9m agradeceu a cada grupo de amigos pelo nome e por longo tempo de caminhada. Dirigiu uma palavra tamb\u00e9m aos seus familiares pelo carinho e afeto. Frei Est\u00eav\u00e3o tamb\u00e9m recordou o jubileu de Frei Jos\u00e9 Ant\u00f4nio dos Santos, que completou 25 anos de vida religiosa franciscana, e fez uma prece por ele e seus familiares.<\/p>\n<p>Ap\u00f3s a Missa houve o jantar no sal\u00e3o Santo Ant\u00f4nio, onde os convidados puderam cumprimentar Frei Est\u00eav\u00e3o e recordar os acontecimentos do passado, como por exemplo, o discurso do seu amigo Peter Ohren e o v\u00eddeo preparado por Christoph Heeb, sobre sua trajet\u00f3ria.<\/p>\n<p>Alegria de celebrar o jubileu foi marcada tamb\u00e9m pela presen\u00e7a do inverno europeu, que nos agraciou com tr\u00eas dias de muita neve, chuva e frio. Entretanto, para compensar o fator clim\u00e1tico, estiveram presentes nas comemora\u00e7\u00f5es os tr\u00eas confrades que residem no convento de Kreuzberg, que, com um calor fraterno, repartiram conosco a alegria do Evangelho e a boa cerveja franciscana.<\/p>\n<p><img loading=\"lazy\" class=\"alignnone size-full wp-image-215188\" src=\"https:\/\/franciscanos.org.br\/noticias\/wp-content\/uploads\/2019\/12\/estev\u00e3o_2012_2.jpg\" alt=\"\" width=\"890\" height=\"579\" srcset=\"https:\/\/franciscanos.org.br\/noticias\/wp-content\/uploads\/2019\/12\/estev\u00e3o_2012_2.jpg 890w, https:\/\/franciscanos.org.br\/noticias\/wp-content\/uploads\/2019\/12\/estev\u00e3o_2012_2-450x293.jpg 450w, https:\/\/franciscanos.org.br\/noticias\/wp-content\/uploads\/2019\/12\/estev\u00e3o_2012_2-768x500.jpg 768w, https:\/\/franciscanos.org.br\/noticias\/wp-content\/uploads\/2019\/12\/estev\u00e3o_2012_2-150x98.jpg 150w\" sizes=\"(max-width: 890px) 100vw, 890px\" \/><\/p>\n<p>Frei Est\u00eav\u00e3o vestiu o h\u00e1bito franciscano em 19 de dezembro de 1963 e professou solenemente na Ordem em 3 de outubro de 1968. Foi ordenado presb\u00edtero em 13 de dezembro de 1969. J\u00e1 em 1981 foi eleito Definidor e vice-provincial em 1982. Foi eleito Provincial em 28 de novembro de 1982 e reeleito em 20 de novembro de 1991. Nesses dois mandatos, n\u00e3o poupou esfor\u00e7os para ver a Miss\u00e3o de Angola se tornar uma realidade, mesmo em meio \u00e0s enormes dificuldades, especialmente no per\u00edodo da guerra. Em 1995 foi eleito delegado da Miss\u00e3o de Angola e, em 1997, foi eleito Vig\u00e1rio Geral da Ordem dos Frades Menores (sex\u00eanio 1997-2003). Em 2003 foi designado como gerente geral da <em>Missionszentrale<\/em>, em Bonn, na Alemanha.<br \/>\nEm 2009, foi eleito Vig\u00e1rio Provincial para o sex\u00eanio 2010-2015. Atualmente \u00e9 o guardi\u00e3o da fraternidade internacional Santo Ant\u00f4nio (<em>Antonianum<\/em>), em Roma.<\/p>\n<hr \/>\n<p><img loading=\"lazy\" class=\"alignnone size-full wp-image-215189\" src=\"https:\/\/franciscanos.org.br\/noticias\/wp-content\/uploads\/2019\/12\/estev\u00e3o_2012_4.jpg\" alt=\"\" width=\"890\" height=\"593\" srcset=\"https:\/\/franciscanos.org.br\/noticias\/wp-content\/uploads\/2019\/12\/estev\u00e3o_2012_4.jpg 890w, https:\/\/franciscanos.org.br\/noticias\/wp-content\/uploads\/2019\/12\/estev\u00e3o_2012_4-450x300.jpg 450w, https:\/\/franciscanos.org.br\/noticias\/wp-content\/uploads\/2019\/12\/estev\u00e3o_2012_4-768x512.jpg 768w, https:\/\/franciscanos.org.br\/noticias\/wp-content\/uploads\/2019\/12\/estev\u00e3o_2012_4-150x100.jpg 150w\" sizes=\"(max-width: 890px) 100vw, 890px\" \/><\/p>\n<h3>O Jubileu em Roma<\/h3>\n<p>A Fraternidade Internacional Santo Ant\u00f4nio (<em>Antonianum<\/em>), em Roma, tamb\u00e9m se reuniu ao redor do Altar do Senhor para reder gra\u00e7as pelos 50 anos de Ordena\u00e7\u00e3o Sacerdotal do seu guardi\u00e3o. A celebra\u00e7\u00e3o ocorreu \u00e0s 19 horas, no dia 19 de dezembro, na Bas\u00edlica do convento. Estiveram presentes muitos confrades, que prestam servi\u00e7os a C\u00faria Geral, e as casas dependentes da C\u00faria, frades professores e um grande n\u00famero dos frades estudantes.<\/p>\n<p>Durante a celebra\u00e7\u00e3o lit\u00fargica, na homilia, o Vig\u00e1rio Geral Frei Julio Bunader, dirigiu algumas palavras de \u00e2nimo e esperan\u00e7a aos frades residentes no <em>Antonianum<\/em> por ocasi\u00e3o do santo Natal. A Frei Est\u00eav\u00e3o, o Vig\u00e1rio agradeceu por sua voca\u00e7\u00e3o franciscana, sua dedica\u00e7\u00e3o aos trabalhos na sua Prov\u00edncia de origem e, sobretudo, na Ordem dos Frades Menores, como Visitador Geral em v\u00e1rias ocasi\u00f5es, Vig\u00e1rio Geral, Provincial, Vice-Provincial e Guardi\u00e3o da Fraternidade do Col\u00e9gio Internacional Santo Ant\u00f4nio.<\/p>\n<p><img loading=\"lazy\" class=\"alignnone size-full wp-image-215190\" src=\"https:\/\/franciscanos.org.br\/noticias\/wp-content\/uploads\/2019\/12\/estev\u00e3o_2012_5.jpg\" alt=\"\" width=\"890\" height=\"593\" srcset=\"https:\/\/franciscanos.org.br\/noticias\/wp-content\/uploads\/2019\/12\/estev\u00e3o_2012_5.jpg 890w, https:\/\/franciscanos.org.br\/noticias\/wp-content\/uploads\/2019\/12\/estev\u00e3o_2012_5-450x300.jpg 450w, https:\/\/franciscanos.org.br\/noticias\/wp-content\/uploads\/2019\/12\/estev\u00e3o_2012_5-768x512.jpg 768w, https:\/\/franciscanos.org.br\/noticias\/wp-content\/uploads\/2019\/12\/estev\u00e3o_2012_5-150x100.jpg 150w\" sizes=\"(max-width: 890px) 100vw, 890px\" \/><\/p>\n<p>Ao final da Missa, Frei J\u00falio entregou aos Freis Est\u00eav\u00e3o e Jos\u00e9 Ant\u00f4nio um pergaminho comemorativo. A festa teve sua conclus\u00e3o com uma celebra\u00e7\u00e3o de Natal no refeit\u00f3rio, com a presen\u00e7a de alguns membros do Definit\u00f3rio Geral, da Fraternidade do <em>Antoninaum<\/em>, e de algumas Irm\u00e3s Ap\u00f3stolas do Sagrado Cora\u00e7\u00e3o de Jesus, que cantaram na celebra\u00e7\u00e3o Eucar\u00edstica e entoaram alguns cantos de Natal no refeit\u00f3rio. Esteve presente tamb\u00e9m a brasileira Ir. Salete V. Dal Mago, que estuda Teologia Dogm\u00e1tica no <em>Antonianum<\/em> e pertence \u00e0 Congrega\u00e7\u00e3o das Irm\u00e3s Franciscanas de Nossa Senhora Aparecida.<\/p>\n<p>Aos jubilados, desejamos as b\u00ean\u00e7\u00e3os de c\u00e9us, paz e for\u00e7a para continuarem o trabalho pelo Reino!<\/p>\n<p>E para a concluir os festejos, alguns frades estudantes residentes no <em>Antonianum<\/em>, enviaram a Frei Est\u00eav\u00e3o algumas felicita\u00e7\u00f5es nas suas diversas l\u00ednguas, confira:<\/p>\n<p><strong>Frei Est\u00eav\u00e3o &#8211; Bodas de Ouro Sacerdotais<\/strong><\/p>\n<p>Neste momento de ac\u00e7\u00e3o de gra\u00e7as pelos 50 anos de sacerd\u00f3cio do Frei Est\u00eav\u00e3o Ottenbreit, guardi\u00e3o do Col\u00e9gio Internacional Santo Ant\u00f3nio aqui em Roma, uno-me com todas as vozes que d\u00e3o gra\u00e7as ao Senhor por este dom precioso. Na verdade o Frei Est\u00eav\u00e3o \u00e9 irm\u00e3os sacerdote que nos une todos n\u00f3s da casa, provenientes de v\u00e1rios cantos do mundo. Pe\u00e7o ao Senhor que continue sempre a derramar as suas gra\u00e7as na vida do Frei Est\u00eav\u00e3o, na vida da sua prov\u00edncia de Imaculada do Brasil e na vida de todos os seus familiares que direta ou indiretamente o ajudam a ser um bom frade e sacerdote. Bem haja Frei Est\u00eav\u00e3o.<\/p>\n<p><em>Frei Ev\u00f3dio Jo\u00e3o \u2013 Mo\u00e7ambique<\/em><\/p>\n<hr \/>\n<p>Fray Esteban<\/p>\n<p>Estimado hermano Guardian. Que el Se\u00f1or le bendiga, por cuanto usted le ha permitido hacer, en todos estos a\u00f1os por medio de tan sagrado ministerio. Que la gracia recibida y compartida le de la dicha gozosa de ser parte de sus trabajadores, por su reino de amor y justicia ya en este mundo. Muchas gracias por su servicio y testimonio. Que san Francisco le siga inspirando su forma de vida.<\/p>\n<p><em>\u00a0Fray Omar Duran &#8211; El Salvador<\/em><\/p>\n<hr \/>\n<p><img loading=\"lazy\" class=\"alignnone size-full wp-image-215192\" src=\"https:\/\/franciscanos.org.br\/noticias\/wp-content\/uploads\/2019\/12\/depoimento.jpg\" alt=\"\" width=\"641\" height=\"503\" srcset=\"https:\/\/franciscanos.org.br\/noticias\/wp-content\/uploads\/2019\/12\/depoimento.jpg 641w, https:\/\/franciscanos.org.br\/noticias\/wp-content\/uploads\/2019\/12\/depoimento-450x353.jpg 450w, https:\/\/franciscanos.org.br\/noticias\/wp-content\/uploads\/2019\/12\/depoimento-150x118.jpg 150w\" sizes=\"(max-width: 641px) 100vw, 641px\" \/><\/p>\n<p><em>Fr. Gabriel P. Turkiewicz &#8211; Pol\u00f4nia<\/em><\/p>\n<p><img loading=\"lazy\" class=\"alignnone size-full wp-image-215191\" src=\"https:\/\/franciscanos.org.br\/noticias\/wp-content\/uploads\/2019\/12\/estevao_2012.jpg\" alt=\"\" width=\"890\" height=\"1249\" srcset=\"https:\/\/franciscanos.org.br\/noticias\/wp-content\/uploads\/2019\/12\/estevao_2012.jpg 770w, https:\/\/franciscanos.org.br\/noticias\/wp-content\/uploads\/2019\/12\/estevao_2012-321x450.jpg 321w, https:\/\/franciscanos.org.br\/noticias\/wp-content\/uploads\/2019\/12\/estevao_2012-730x1024.jpg 730w, https:\/\/franciscanos.org.br\/noticias\/wp-content\/uploads\/2019\/12\/estevao_2012-768x1078.jpg 768w, https:\/\/franciscanos.org.br\/noticias\/wp-content\/uploads\/2019\/12\/estevao_2012-150x211.jpg 150w\" sizes=\"(max-width: 890px) 100vw, 890px\" \/><\/p>\n<p><img loading=\"lazy\" class=\"alignnone size-full wp-image-215193\" src=\"https:\/\/franciscanos.org.br\/noticias\/wp-content\/uploads\/2019\/12\/depoimentos_2.jpg\" alt=\"\" width=\"890\" height=\"553\" srcset=\"https:\/\/franciscanos.org.br\/noticias\/wp-content\/uploads\/2019\/12\/depoimentos_2.jpg 890w, https:\/\/franciscanos.org.br\/noticias\/wp-content\/uploads\/2019\/12\/depoimentos_2-450x280.jpg 450w, https:\/\/franciscanos.org.br\/noticias\/wp-content\/uploads\/2019\/12\/depoimentos_2-768x477.jpg 768w, https:\/\/franciscanos.org.br\/noticias\/wp-content\/uploads\/2019\/12\/depoimentos_2-150x93.jpg 150w\" sizes=\"(max-width: 890px) 100vw, 890px\" \/><\/p>\n","protected":false},"excerpt":{"rendered":"<p>Jubileu sacerdotal de Frei Est\u00eav\u00e3o Ottenbreit<\/p>\n","protected":false},"author":3,"featured_media":215185,"comment_status":"open","ping_status":"open","sticky":false,"template":"","format":"standard","meta":[],"categories":[1],"tags":[332],"acf":[],"yoast_head":"<!-- This site is optimized with the Yoast SEO plugin v19.2 - https:\/\/yoast.com\/wordpress\/plugins\/seo\/ -->\n<title>Frei Est\u00eav\u00e3o: jubileu sacerdotal, mission\u00e1rio e franciscano - Not\u00edcias - Franciscanos<\/title>\n<meta name=\"robots\" content=\"index, follow, max-snippet:-1, max-image-preview:large, max-video-preview:-1\" \/>\n<link rel=\"canonical\" href=\"https:\/\/franciscanos.org.br\/noticias\/frei-estevao-jubileu-sacerdotal-missionario-e-franciscano.html\" \/>\n<meta property=\"og:locale\" content=\"pt_BR\" \/>\n<meta property=\"og:type\" content=\"article\" \/>\n<meta property=\"og:title\" content=\"Frei Est\u00eav\u00e3o: jubileu sacerdotal, mission\u00e1rio e franciscano - Not\u00edcias - Franciscanos\" \/>\n<meta property=\"og:description\" content=\"Jubileu sacerdotal de Frei Est\u00eav\u00e3o Ottenbreit\" \/>\n<meta property=\"og:url\" content=\"https:\/\/franciscanos.org.br\/noticias\/frei-estevao-jubileu-sacerdotal-missionario-e-franciscano.html\" \/>\n<meta property=\"og:site_name\" content=\"Not\u00edcias - Franciscanos\" \/>\n<meta property=\"article:published_time\" content=\"2019-12-20T19:06:19+00:00\" \/>\n<meta property=\"og:image\" content=\"https:\/\/franciscanos.org.br\/noticias\/wp-content\/uploads\/2019\/12\/estev\u00e3o_2012_d.jpg\" \/>\n\t<meta property=\"og:image:width\" content=\"273\" \/>\n\t<meta property=\"og:image:height\" content=\"181\" \/>\n\t<meta property=\"og:image:type\" content=\"image\/jpeg\" \/>\n<meta name=\"author\" content=\"moacir\" \/>\n<meta name=\"twitter:card\" content=\"summary_large_image\" \/>\n<meta name=\"twitter:label1\" content=\"Escrito por\" \/>\n\t<meta name=\"twitter:data1\" content=\"moacir\" \/>\n\t<meta name=\"twitter:label2\" content=\"Est. tempo de leitura\" \/>\n\t<meta name=\"twitter:data2\" content=\"6 minutos\" \/>\n<script type=\"application\/ld+json\" class=\"yoast-schema-graph\">{\"@context\":\"https:\/\/schema.org\",\"@graph\":[{\"@type\":\"WebSite\",\"@id\":\"https:\/\/franciscanos.org.br\/noticias\/#website\",\"url\":\"https:\/\/franciscanos.org.br\/noticias\/\",\"name\":\"Not\u00edcias - Franciscanos\",\"description\":\"Prov\u00edncia Franciscana da Imaculada Concei\u00e7\u00e3o do Brasil - Ordem dos Frades Menores - OFM\",\"potentialAction\":[{\"@type\":\"SearchAction\",\"target\":{\"@type\":\"EntryPoint\",\"urlTemplate\":\"https:\/\/franciscanos.org.br\/noticias\/?s={search_term_string}\"},\"query-input\":\"required name=search_term_string\"}],\"inLanguage\":\"pt-BR\"},{\"@type\":\"ImageObject\",\"inLanguage\":\"pt-BR\",\"@id\":\"https:\/\/franciscanos.org.br\/noticias\/frei-estevao-jubileu-sacerdotal-missionario-e-franciscano.html#primaryimage\",\"url\":\"https:\/\/franciscanos.org.br\/noticias\/wp-content\/uploads\/2019\/12\/estev\u00e3o_2012_d.jpg\",\"contentUrl\":\"https:\/\/franciscanos.org.br\/noticias\/wp-content\/uploads\/2019\/12\/estev\u00e3o_2012_d.jpg\",\"width\":273,\"height\":181},{\"@type\":\"WebPage\",\"@id\":\"https:\/\/franciscanos.org.br\/noticias\/frei-estevao-jubileu-sacerdotal-missionario-e-franciscano.html#webpage\",\"url\":\"https:\/\/franciscanos.org.br\/noticias\/frei-estevao-jubileu-sacerdotal-missionario-e-franciscano.html\",\"name\":\"Frei Est\u00eav\u00e3o: jubileu sacerdotal, mission\u00e1rio e franciscano - Not\u00edcias - Franciscanos\",\"isPartOf\":{\"@id\":\"https:\/\/franciscanos.org.br\/noticias\/#website\"},\"primaryImageOfPage\":{\"@id\":\"https:\/\/franciscanos.org.br\/noticias\/frei-estevao-jubileu-sacerdotal-missionario-e-franciscano.html#primaryimage\"},\"datePublished\":\"2019-12-20T19:06:19+00:00\",\"dateModified\":\"2019-12-20T19:06:19+00:00\",\"author\":{\"@id\":\"https:\/\/franciscanos.org.br\/noticias\/#\/schema\/person\/b5c8cba458c330ccff548b056e95a5d4\"},\"breadcrumb\":{\"@id\":\"https:\/\/franciscanos.org.br\/noticias\/frei-estevao-jubileu-sacerdotal-missionario-e-franciscano.html#breadcrumb\"},\"inLanguage\":\"pt-BR\",\"potentialAction\":[{\"@type\":\"ReadAction\",\"target\":[\"https:\/\/franciscanos.org.br\/noticias\/frei-estevao-jubileu-sacerdotal-missionario-e-franciscano.html\"]}]},{\"@type\":\"BreadcrumbList\",\"@id\":\"https:\/\/franciscanos.org.br\/noticias\/frei-estevao-jubileu-sacerdotal-missionario-e-franciscano.html#breadcrumb\",\"itemListElement\":[{\"@type\":\"ListItem\",\"position\":1,\"name\":\"Home\",\"item\":\"https:\/\/franciscanos.org.br\/noticias\"},{\"@type\":\"ListItem\",\"position\":2,\"name\":\"Frei Est\u00eav\u00e3o: jubileu sacerdotal, mission\u00e1rio e franciscano\"}]},{\"@type\":\"Person\",\"@id\":\"https:\/\/franciscanos.org.br\/noticias\/#\/schema\/person\/b5c8cba458c330ccff548b056e95a5d4\",\"name\":\"moacir\",\"image\":{\"@type\":\"ImageObject\",\"inLanguage\":\"pt-BR\",\"@id\":\"https:\/\/franciscanos.org.br\/noticias\/#\/schema\/person\/image\/\",\"url\":\"https:\/\/secure.gravatar.com\/avatar\/d08aa2ce4c8dd416d4479aa8536fcf64?s=96&d=mm&r=g\",\"contentUrl\":\"https:\/\/secure.gravatar.com\/avatar\/d08aa2ce4c8dd416d4479aa8536fcf64?s=96&d=mm&r=g\",\"caption\":\"moacir\"},\"url\":\"https:\/\/franciscanos.org.br\/noticias\/author\/moacir\"}]}<\/script>\n<!-- \/ Yoast SEO plugin. -->","yoast_head_json":{"title":"Frei Est\u00eav\u00e3o: jubileu sacerdotal, mission\u00e1rio e franciscano - Not\u00edcias - Franciscanos","robots":{"index":"index","follow":"follow","max-snippet":"max-snippet:-1","max-image-preview":"max-image-preview:large","max-video-preview":"max-video-preview:-1"},"canonical":"https:\/\/franciscanos.org.br\/noticias\/frei-estevao-jubileu-sacerdotal-missionario-e-franciscano.html","og_locale":"pt_BR","og_type":"article","og_title":"Frei Est\u00eav\u00e3o: jubileu sacerdotal, mission\u00e1rio e franciscano - Not\u00edcias - Franciscanos","og_description":"Jubileu sacerdotal de Frei Est\u00eav\u00e3o Ottenbreit","og_url":"https:\/\/franciscanos.org.br\/noticias\/frei-estevao-jubileu-sacerdotal-missionario-e-franciscano.html","og_site_name":"Not\u00edcias - Franciscanos","article_published_time":"2019-12-20T19:06:19+00:00","og_image":[{"width":273,"height":181,"url":"https:\/\/franciscanos.org.br\/noticias\/wp-content\/uploads\/2019\/12\/estev\u00e3o_2012_d.jpg","type":"image\/jpeg"}],"author":"moacir","twitter_card":"summary_large_image","twitter_misc":{"Escrito por":"moacir","Est. tempo de leitura":"6 minutos"},"schema":{"@context":"https:\/\/schema.org","@graph":[{"@type":"WebSite","@id":"https:\/\/franciscanos.org.br\/noticias\/#website","url":"https:\/\/franciscanos.org.br\/noticias\/","name":"Not\u00edcias - Franciscanos","description":"Prov\u00edncia Franciscana da Imaculada Concei\u00e7\u00e3o do Brasil - Ordem dos Frades Menores - OFM","potentialAction":[{"@type":"SearchAction","target":{"@type":"EntryPoint","urlTemplate":"https:\/\/franciscanos.org.br\/noticias\/?s={search_term_string}"},"query-input":"required name=search_term_string"}],"inLanguage":"pt-BR"},{"@type":"ImageObject","inLanguage":"pt-BR","@id":"https:\/\/franciscanos.org.br\/noticias\/frei-estevao-jubileu-sacerdotal-missionario-e-franciscano.html#primaryimage","url":"https:\/\/franciscanos.org.br\/noticias\/wp-content\/uploads\/2019\/12\/estev\u00e3o_2012_d.jpg","contentUrl":"https:\/\/franciscanos.org.br\/noticias\/wp-content\/uploads\/2019\/12\/estev\u00e3o_2012_d.jpg","width":273,"height":181},{"@type":"WebPage","@id":"https:\/\/franciscanos.org.br\/noticias\/frei-estevao-jubileu-sacerdotal-missionario-e-franciscano.html#webpage","url":"https:\/\/franciscanos.org.br\/noticias\/frei-estevao-jubileu-sacerdotal-missionario-e-franciscano.html","name":"Frei Est\u00eav\u00e3o: jubileu sacerdotal, mission\u00e1rio e franciscano - Not\u00edcias - Franciscanos","isPartOf":{"@id":"https:\/\/franciscanos.org.br\/noticias\/#website"},"primaryImageOfPage":{"@id":"https:\/\/franciscanos.org.br\/noticias\/frei-estevao-jubileu-sacerdotal-missionario-e-franciscano.html#primaryimage"},"datePublished":"2019-12-20T19:06:19+00:00","dateModified":"2019-12-20T19:06:19+00:00","author":{"@id":"https:\/\/franciscanos.org.br\/noticias\/#\/schema\/person\/b5c8cba458c330ccff548b056e95a5d4"},"breadcrumb":{"@id":"https:\/\/franciscanos.org.br\/noticias\/frei-estevao-jubileu-sacerdotal-missionario-e-franciscano.html#breadcrumb"},"inLanguage":"pt-BR","potentialAction":[{"@type":"ReadAction","target":["https:\/\/franciscanos.org.br\/noticias\/frei-estevao-jubileu-sacerdotal-missionario-e-franciscano.html"]}]},{"@type":"BreadcrumbList","@id":"https:\/\/franciscanos.org.br\/noticias\/frei-estevao-jubileu-sacerdotal-missionario-e-franciscano.html#breadcrumb","itemListElement":[{"@type":"ListItem","position":1,"name":"Home","item":"https:\/\/franciscanos.org.br\/noticias"},{"@type":"ListItem","position":2,"name":"Frei Est\u00eav\u00e3o: jubileu sacerdotal, mission\u00e1rio e franciscano"}]},{"@type":"Person","@id":"https:\/\/franciscanos.org.br\/noticias\/#\/schema\/person\/b5c8cba458c330ccff548b056e95a5d4","name":"moacir","image":{"@type":"ImageObject","inLanguage":"pt-BR","@id":"https:\/\/franciscanos.org.br\/noticias\/#\/schema\/person\/image\/","url":"https:\/\/secure.gravatar.com\/avatar\/d08aa2ce4c8dd416d4479aa8536fcf64?s=96&d=mm&r=g","contentUrl":"https:\/\/secure.gravatar.com\/avatar\/d08aa2ce4c8dd416d4479aa8536fcf64?s=96&d=mm&r=g","caption":"moacir"},"url":"https:\/\/franciscanos.org.br\/noticias\/author\/moacir"}]}},"_links":{"self":[{"href":"https:\/\/franciscanos.org.br\/noticias\/wp-json\/wp\/v2\/posts\/215183"}],"collection":[{"href":"https:\/\/franciscanos.org.br\/noticias\/wp-json\/wp\/v2\/posts"}],"about":[{"href":"https:\/\/franciscanos.org.br\/noticias\/wp-json\/wp\/v2\/types\/post"}],"author":[{"embeddable":true,"href":"https:\/\/franciscanos.org.br\/noticias\/wp-json\/wp\/v2\/users\/3"}],"replies":[{"embeddable":true,"href":"https:\/\/franciscanos.org.br\/noticias\/wp-json\/wp\/v2\/comments?post=215183"}],"version-history":[{"count":0,"href":"https:\/\/franciscanos.org.br\/noticias\/wp-json\/wp\/v2\/posts\/215183\/revisions"}],"wp:featuredmedia":[{"embeddable":true,"href":"https:\/\/franciscanos.org.br\/noticias\/wp-json\/wp\/v2\/media\/215185"}],"wp:attachment":[{"href":"https:\/\/franciscanos.org.br\/noticias\/wp-json\/wp\/v2\/media?parent=215183"}],"wp:term":[{"taxonomy":"category","embeddable":true,"href":"https:\/\/franciscanos.org.br\/noticias\/wp-json\/wp\/v2\/categories?post=215183"},{"taxonomy":"post_tag","embeddable":true,"href":"https:\/\/franciscanos.org.br\/noticias\/wp-json\/wp\/v2\/tags?post=215183"}],"curies":[{"name":"wp","href":"https:\/\/api.w.org\/{rel}","templated":true}]}}