{"id":215175,"date":"2019-12-20T11:28:51","date_gmt":"2019-12-20T14:28:51","guid":{"rendered":"https:\/\/franciscanos.org.br\/noticias\/?p=215175"},"modified":"2019-12-26T07:14:19","modified_gmt":"2019-12-26T10:14:19","slug":"mensagem-do-ministro-provincial-para-o-natal-2","status":"publish","type":"post","link":"https:\/\/franciscanos.org.br\/noticias\/mensagem-do-ministro-provincial-para-o-natal-2.html","title":{"rendered":"Boas Festas: Mensagem do Ministro Provincial"},"content":{"rendered":"<p><img loading=\"lazy\" class=\"alignnone size-full wp-image-215176\" src=\"https:\/\/franciscanos.org.br\/noticias\/wp-content\/uploads\/2019\/12\/Mensagem_2012.jpg\" alt=\"\" width=\"890\" height=\"488\" srcset=\"https:\/\/franciscanos.org.br\/noticias\/wp-content\/uploads\/2019\/12\/Mensagem_2012.jpg 890w, https:\/\/franciscanos.org.br\/noticias\/wp-content\/uploads\/2019\/12\/Mensagem_2012-450x247.jpg 450w, https:\/\/franciscanos.org.br\/noticias\/wp-content\/uploads\/2019\/12\/Mensagem_2012-768x421.jpg 768w, https:\/\/franciscanos.org.br\/noticias\/wp-content\/uploads\/2019\/12\/Mensagem_2012-150x82.jpg 150w\" sizes=\"(max-width: 890px) 100vw, 890px\" \/><\/p>\n<p style=\"padding-left: 40px;\"><em>Caros irm\u00e3os de todas as fraternidades da Prov\u00edncia da Imaculada Concei\u00e7\u00e3o, tamb\u00e9m de toda a Confer\u00eancia dos frades menores do Brasil e das demais obedi\u00eancias franciscanas;queridas irm\u00e3s Clarissas e Concepcionistas, religiosas e religiosos franciscanos, irm\u00e3s e irm\u00e3os da Ordem franciscana Secular, juventude franciscana; e os tantos irm\u00e3os e irm\u00e3s que participam de nossa miss\u00e3o evangelizadora da Prov\u00edncia, na proximidade com o carisma franciscano ou com a vida de nossas fraternidades, a todos voc\u00eas,<\/em><\/p>\n<p style=\"padding-left: 40px;\"><em>Paz e Bem!<\/em><\/p>\n<p><iframe loading=\"lazy\" src=\"https:\/\/www.youtube.com\/embed\/oA6MQm37Wsw\" width=\"890\" height=\"415\" frameborder=\"0\" allowfullscreen=\"allowfullscreen\"><\/iframe><\/p>\n<p>Neste ano de 2019 tivemos a gra\u00e7a de comemorar o OITAVO CENTEN\u00c1RIO do encontro hist\u00f3rico entre S\u00e3o Francisco e o sult\u00e3o, em Damieta, no Egito. O di\u00e1logo e o encontro estiveram entre as palavras mais citadas e celebradas no decorrer de nossa caminhada provincial. Foram muitas as iniciativas em nossos diferentes lugares de presen\u00e7a e nas Frentes de Evangeliza\u00e7\u00e3o que serviram para marcar o anivers\u00e1rio deste encontro que nos leva \u00e0s ra\u00edzes da tradi\u00e7\u00e3o franciscana. O mesmo aconteceu por todo o Brasil, nas mais diversas institui\u00e7\u00f5es.<\/p>\n<p>Foram diversas celebra\u00e7\u00f5es e iniciativas em comum, onde tivemos a alegria de viver bonitas experi\u00eancias de encontro e comunh\u00e3o com os nossos irm\u00e3os mu\u00e7ulmanos e de outras tradi\u00e7\u00f5es religiosas.<\/p>\n<p>Fomos impulsionados pelo Papa Francisco, que tomou a dianteira deste grande movimento pela paz, indo ao encontro dos irm\u00e3os isl\u00e2micos nos Emirados \u00c1rabes e em Marrocos, encontrando-se com personalidades desta tradi\u00e7\u00e3o religiosa e que tamb\u00e9m sonham um mundo mais fraterno, com o di\u00e1logo j\u00e1 vividos por Francisco de Assis e o Sult\u00e3o Al-Malek Al-Kamil h\u00e1 800 anos.<\/p>\n<p>Percebemos que o caminho do respeito, da gentileza e da solidariedade \u00e9 aquele que nos torna mais pr\u00f3ximos de Deus.<\/p>\n<p>A proximidade entre Deus e a humanidade, ali\u00e1s, \u00e9 chave que nos permite compreender a grandeza do Mist\u00e9rio do Natal.<\/p>\n<p>Olhando para a hist\u00f3ria do Nascimento de Jesus e tendo como base a verdade teol\u00f3gica expressa pelo Evangelista S\u00e3o Jo\u00e3o, quando diz que \u201cO Verbo se fez carne\u201d, temos a gra\u00e7a de afirmar, com palavras e atitudes que, em Jesus Cristo, o Verbo tamb\u00e9m \u201cse fez, e se faz, di\u00e1logo\u201d. Ele vem ao nosso encontro!<\/p>\n<p>Esta certeza nos leva a perder o medo de ir ao encontro do diferente, de partilhar a vida com quem pensa de maneira diversa de n\u00f3s, de quem viveu e cresceu no seio de uma cultura que n\u00e3o seja a nossa.<\/p>\n<p>Outro momento muito forte deste ano foi a viv\u00eancia do S\u00ednodo para a Amaz\u00f4nia. Mais uma vez, o nosso querido Papa Francisco, vem nos provocar \u00e0 abertura, como j\u00e1 o fez com o Documento <em>Laudato S\u00ed,<\/em> que traz uma vis\u00e3o franciscana de toda a cria\u00e7\u00e3o. Vivemos numa \u201ccasa comum\u201d. N\u00e3o \u00e9 saud\u00e1vel nem vi\u00e1vel viver numa mesma casa com brigas, desencontros e interesses destrutivos. Se a casa ruir, todos pereceremos!<\/p>\n<p>O S\u00ednodo nos chama \u00e0 acolhida dos s\u00e1bios e urgentes ensinamentos que os povos origin\u00e1rios da Amaz\u00f4nia t\u00eam a nos oferecer. Empenhar-se numa Evangeliza\u00e7\u00e3o mais disposta a ouvir do que falar, a aprender do que ensinar, \u00e9 tamb\u00e9m uma op\u00e7\u00e3o que exige compromisso empenhado com a disposi\u00e7\u00e3o para dialogar. A Amaz\u00f4nia \u00e9 de todos n\u00f3s! Tamb\u00e9m \u00e9 nosso dever crist\u00e3o defend\u00ea-la!<\/p>\n<p>Em nome de todos os irm\u00e3os e irm\u00e3s que s\u00e3o a vida da Prov\u00edncia, deixo a todos, de cora\u00e7\u00e3o, sinceros votos de um Natal Santo e muito Feliz.<\/p>\n<p>A todos aqueles que se empenharam na promo\u00e7\u00e3o e na organiza\u00e7\u00e3o destes dois grandes momentos celebrativos, nos mais diversos ambientes, deixo nosso profundo agradecimento.<\/p>\n<p>Aos irm\u00e3os mu\u00e7ulmanos, que nos deram preciosa li\u00e7\u00e3o de acolhimento, minha sincera sauda\u00e7\u00e3o de <strong>Assalam Aleikum!<\/strong><\/p>\n<p>Que Deus, o clemente e misericordioso, aben\u00e7oe-nos hoje e sempre. Paz e Bem!<\/p>\n<p><strong>Frei C\u00e9sar K\u00fclkamp,<\/strong><\/p>\n<p><em>Ministro Provincial e presidente da Confer\u00eancia dos Frades Menores do Brasil (CFMB)<\/em><\/p>\n","protected":false},"excerpt":{"rendered":"<p>Mensagem de Frei C\u00e9sar K\u00fclkamp<\/p>\n","protected":false},"author":3,"featured_media":215177,"comment_status":"open","ping_status":"open","sticky":false,"template":"","format":"standard","meta":[],"categories":[1],"tags":[],"acf":[],"yoast_head":"<!-- This site is optimized with the Yoast SEO plugin v19.2 - https:\/\/yoast.com\/wordpress\/plugins\/seo\/ -->\n<title>Boas Festas: Mensagem do Ministro Provincial - Not\u00edcias - Franciscanos<\/title>\n<meta name=\"robots\" content=\"index, follow, max-snippet:-1, max-image-preview:large, max-video-preview:-1\" \/>\n<link rel=\"canonical\" href=\"https:\/\/franciscanos.org.br\/noticias\/mensagem-do-ministro-provincial-para-o-natal-2.html\" \/>\n<meta property=\"og:locale\" content=\"pt_BR\" \/>\n<meta property=\"og:type\" content=\"article\" \/>\n<meta property=\"og:title\" content=\"Boas Festas: Mensagem do Ministro Provincial - Not\u00edcias - Franciscanos\" \/>\n<meta property=\"og:description\" content=\"Mensagem de Frei C\u00e9sar K\u00fclkamp\" \/>\n<meta property=\"og:url\" content=\"https:\/\/franciscanos.org.br\/noticias\/mensagem-do-ministro-provincial-para-o-natal-2.html\" \/>\n<meta property=\"og:site_name\" content=\"Not\u00edcias - Franciscanos\" \/>\n<meta property=\"article:published_time\" content=\"2019-12-20T14:28:51+00:00\" \/>\n<meta property=\"article:modified_time\" content=\"2019-12-26T10:14:19+00:00\" \/>\n<meta property=\"og:image\" content=\"https:\/\/franciscanos.org.br\/noticias\/wp-content\/uploads\/2019\/12\/Mensagem_2012d.jpg\" \/>\n\t<meta property=\"og:image:width\" content=\"273\" \/>\n\t<meta property=\"og:image:height\" content=\"181\" \/>\n\t<meta property=\"og:image:type\" content=\"image\/jpeg\" \/>\n<meta name=\"author\" content=\"moacir\" \/>\n<meta name=\"twitter:card\" content=\"summary_large_image\" \/>\n<meta name=\"twitter:label1\" content=\"Escrito por\" \/>\n\t<meta name=\"twitter:data1\" content=\"moacir\" \/>\n\t<meta name=\"twitter:label2\" content=\"Est. tempo de leitura\" \/>\n\t<meta name=\"twitter:data2\" content=\"3 minutos\" \/>\n<script type=\"application\/ld+json\" class=\"yoast-schema-graph\">{\"@context\":\"https:\/\/schema.org\",\"@graph\":[{\"@type\":\"WebSite\",\"@id\":\"https:\/\/franciscanos.org.br\/noticias\/#website\",\"url\":\"https:\/\/franciscanos.org.br\/noticias\/\",\"name\":\"Not\u00edcias - Franciscanos\",\"description\":\"Prov\u00edncia Franciscana da Imaculada Concei\u00e7\u00e3o do Brasil - Ordem dos Frades Menores - OFM\",\"potentialAction\":[{\"@type\":\"SearchAction\",\"target\":{\"@type\":\"EntryPoint\",\"urlTemplate\":\"https:\/\/franciscanos.org.br\/noticias\/?s={search_term_string}\"},\"query-input\":\"required name=search_term_string\"}],\"inLanguage\":\"pt-BR\"},{\"@type\":\"ImageObject\",\"inLanguage\":\"pt-BR\",\"@id\":\"https:\/\/franciscanos.org.br\/noticias\/mensagem-do-ministro-provincial-para-o-natal-2.html#primaryimage\",\"url\":\"https:\/\/franciscanos.org.br\/noticias\/wp-content\/uploads\/2019\/12\/Mensagem_2012d.jpg\",\"contentUrl\":\"https:\/\/franciscanos.org.br\/noticias\/wp-content\/uploads\/2019\/12\/Mensagem_2012d.jpg\",\"width\":273,\"height\":181},{\"@type\":\"WebPage\",\"@id\":\"https:\/\/franciscanos.org.br\/noticias\/mensagem-do-ministro-provincial-para-o-natal-2.html#webpage\",\"url\":\"https:\/\/franciscanos.org.br\/noticias\/mensagem-do-ministro-provincial-para-o-natal-2.html\",\"name\":\"Boas Festas: Mensagem do Ministro Provincial - Not\u00edcias - Franciscanos\",\"isPartOf\":{\"@id\":\"https:\/\/franciscanos.org.br\/noticias\/#website\"},\"primaryImageOfPage\":{\"@id\":\"https:\/\/franciscanos.org.br\/noticias\/mensagem-do-ministro-provincial-para-o-natal-2.html#primaryimage\"},\"datePublished\":\"2019-12-20T14:28:51+00:00\",\"dateModified\":\"2019-12-26T10:14:19+00:00\",\"author\":{\"@id\":\"https:\/\/franciscanos.org.br\/noticias\/#\/schema\/person\/b5c8cba458c330ccff548b056e95a5d4\"},\"breadcrumb\":{\"@id\":\"https:\/\/franciscanos.org.br\/noticias\/mensagem-do-ministro-provincial-para-o-natal-2.html#breadcrumb\"},\"inLanguage\":\"pt-BR\",\"potentialAction\":[{\"@type\":\"ReadAction\",\"target\":[\"https:\/\/franciscanos.org.br\/noticias\/mensagem-do-ministro-provincial-para-o-natal-2.html\"]}]},{\"@type\":\"BreadcrumbList\",\"@id\":\"https:\/\/franciscanos.org.br\/noticias\/mensagem-do-ministro-provincial-para-o-natal-2.html#breadcrumb\",\"itemListElement\":[{\"@type\":\"ListItem\",\"position\":1,\"name\":\"Home\",\"item\":\"https:\/\/franciscanos.org.br\/noticias\"},{\"@type\":\"ListItem\",\"position\":2,\"name\":\"Boas Festas: Mensagem do Ministro Provincial\"}]},{\"@type\":\"Person\",\"@id\":\"https:\/\/franciscanos.org.br\/noticias\/#\/schema\/person\/b5c8cba458c330ccff548b056e95a5d4\",\"name\":\"moacir\",\"image\":{\"@type\":\"ImageObject\",\"inLanguage\":\"pt-BR\",\"@id\":\"https:\/\/franciscanos.org.br\/noticias\/#\/schema\/person\/image\/\",\"url\":\"https:\/\/secure.gravatar.com\/avatar\/d08aa2ce4c8dd416d4479aa8536fcf64?s=96&d=mm&r=g\",\"contentUrl\":\"https:\/\/secure.gravatar.com\/avatar\/d08aa2ce4c8dd416d4479aa8536fcf64?s=96&d=mm&r=g\",\"caption\":\"moacir\"},\"url\":\"https:\/\/franciscanos.org.br\/noticias\/author\/moacir\"}]}<\/script>\n<!-- \/ Yoast SEO plugin. -->","yoast_head_json":{"title":"Boas Festas: Mensagem do Ministro Provincial - Not\u00edcias - Franciscanos","robots":{"index":"index","follow":"follow","max-snippet":"max-snippet:-1","max-image-preview":"max-image-preview:large","max-video-preview":"max-video-preview:-1"},"canonical":"https:\/\/franciscanos.org.br\/noticias\/mensagem-do-ministro-provincial-para-o-natal-2.html","og_locale":"pt_BR","og_type":"article","og_title":"Boas Festas: Mensagem do Ministro Provincial - Not\u00edcias - Franciscanos","og_description":"Mensagem de Frei C\u00e9sar K\u00fclkamp","og_url":"https:\/\/franciscanos.org.br\/noticias\/mensagem-do-ministro-provincial-para-o-natal-2.html","og_site_name":"Not\u00edcias - Franciscanos","article_published_time":"2019-12-20T14:28:51+00:00","article_modified_time":"2019-12-26T10:14:19+00:00","og_image":[{"width":273,"height":181,"url":"https:\/\/franciscanos.org.br\/noticias\/wp-content\/uploads\/2019\/12\/Mensagem_2012d.jpg","type":"image\/jpeg"}],"author":"moacir","twitter_card":"summary_large_image","twitter_misc":{"Escrito por":"moacir","Est. tempo de leitura":"3 minutos"},"schema":{"@context":"https:\/\/schema.org","@graph":[{"@type":"WebSite","@id":"https:\/\/franciscanos.org.br\/noticias\/#website","url":"https:\/\/franciscanos.org.br\/noticias\/","name":"Not\u00edcias - Franciscanos","description":"Prov\u00edncia Franciscana da Imaculada Concei\u00e7\u00e3o do Brasil - Ordem dos Frades Menores - OFM","potentialAction":[{"@type":"SearchAction","target":{"@type":"EntryPoint","urlTemplate":"https:\/\/franciscanos.org.br\/noticias\/?s={search_term_string}"},"query-input":"required name=search_term_string"}],"inLanguage":"pt-BR"},{"@type":"ImageObject","inLanguage":"pt-BR","@id":"https:\/\/franciscanos.org.br\/noticias\/mensagem-do-ministro-provincial-para-o-natal-2.html#primaryimage","url":"https:\/\/franciscanos.org.br\/noticias\/wp-content\/uploads\/2019\/12\/Mensagem_2012d.jpg","contentUrl":"https:\/\/franciscanos.org.br\/noticias\/wp-content\/uploads\/2019\/12\/Mensagem_2012d.jpg","width":273,"height":181},{"@type":"WebPage","@id":"https:\/\/franciscanos.org.br\/noticias\/mensagem-do-ministro-provincial-para-o-natal-2.html#webpage","url":"https:\/\/franciscanos.org.br\/noticias\/mensagem-do-ministro-provincial-para-o-natal-2.html","name":"Boas Festas: Mensagem do Ministro Provincial - Not\u00edcias - Franciscanos","isPartOf":{"@id":"https:\/\/franciscanos.org.br\/noticias\/#website"},"primaryImageOfPage":{"@id":"https:\/\/franciscanos.org.br\/noticias\/mensagem-do-ministro-provincial-para-o-natal-2.html#primaryimage"},"datePublished":"2019-12-20T14:28:51+00:00","dateModified":"2019-12-26T10:14:19+00:00","author":{"@id":"https:\/\/franciscanos.org.br\/noticias\/#\/schema\/person\/b5c8cba458c330ccff548b056e95a5d4"},"breadcrumb":{"@id":"https:\/\/franciscanos.org.br\/noticias\/mensagem-do-ministro-provincial-para-o-natal-2.html#breadcrumb"},"inLanguage":"pt-BR","potentialAction":[{"@type":"ReadAction","target":["https:\/\/franciscanos.org.br\/noticias\/mensagem-do-ministro-provincial-para-o-natal-2.html"]}]},{"@type":"BreadcrumbList","@id":"https:\/\/franciscanos.org.br\/noticias\/mensagem-do-ministro-provincial-para-o-natal-2.html#breadcrumb","itemListElement":[{"@type":"ListItem","position":1,"name":"Home","item":"https:\/\/franciscanos.org.br\/noticias"},{"@type":"ListItem","position":2,"name":"Boas Festas: Mensagem do Ministro Provincial"}]},{"@type":"Person","@id":"https:\/\/franciscanos.org.br\/noticias\/#\/schema\/person\/b5c8cba458c330ccff548b056e95a5d4","name":"moacir","image":{"@type":"ImageObject","inLanguage":"pt-BR","@id":"https:\/\/franciscanos.org.br\/noticias\/#\/schema\/person\/image\/","url":"https:\/\/secure.gravatar.com\/avatar\/d08aa2ce4c8dd416d4479aa8536fcf64?s=96&d=mm&r=g","contentUrl":"https:\/\/secure.gravatar.com\/avatar\/d08aa2ce4c8dd416d4479aa8536fcf64?s=96&d=mm&r=g","caption":"moacir"},"url":"https:\/\/franciscanos.org.br\/noticias\/author\/moacir"}]}},"_links":{"self":[{"href":"https:\/\/franciscanos.org.br\/noticias\/wp-json\/wp\/v2\/posts\/215175"}],"collection":[{"href":"https:\/\/franciscanos.org.br\/noticias\/wp-json\/wp\/v2\/posts"}],"about":[{"href":"https:\/\/franciscanos.org.br\/noticias\/wp-json\/wp\/v2\/types\/post"}],"author":[{"embeddable":true,"href":"https:\/\/franciscanos.org.br\/noticias\/wp-json\/wp\/v2\/users\/3"}],"replies":[{"embeddable":true,"href":"https:\/\/franciscanos.org.br\/noticias\/wp-json\/wp\/v2\/comments?post=215175"}],"version-history":[{"count":0,"href":"https:\/\/franciscanos.org.br\/noticias\/wp-json\/wp\/v2\/posts\/215175\/revisions"}],"wp:featuredmedia":[{"embeddable":true,"href":"https:\/\/franciscanos.org.br\/noticias\/wp-json\/wp\/v2\/media\/215177"}],"wp:attachment":[{"href":"https:\/\/franciscanos.org.br\/noticias\/wp-json\/wp\/v2\/media?parent=215175"}],"wp:term":[{"taxonomy":"category","embeddable":true,"href":"https:\/\/franciscanos.org.br\/noticias\/wp-json\/wp\/v2\/categories?post=215175"},{"taxonomy":"post_tag","embeddable":true,"href":"https:\/\/franciscanos.org.br\/noticias\/wp-json\/wp\/v2\/tags?post=215175"}],"curies":[{"name":"wp","href":"https:\/\/api.w.org\/{rel}","templated":true}]}}