{"id":21517,"date":"2008-04-03T15:28:58","date_gmt":"2008-04-03T18:28:58","guid":{"rendered":"http:\/\/new.franciscanos.org.br\/?p=21517"},"modified":"2019-02-01T14:40:23","modified_gmt":"2019-02-01T16:40:23","slug":"adavio-o-primeiro-missionario-leigo-na-missao-franciscana-de-angola","status":"publish","type":"post","link":"https:\/\/franciscanos.org.br\/noticias\/adavio-o-primeiro-missionario-leigo-na-missao-franciscana-de-angola.html","title":{"rendered":"Ad\u00e1vio, o primeiro mission\u00e1rio leigo na Miss\u00e3o Franciscana de Angola"},"content":{"rendered":"<p>&nbsp;<\/p>\n<p><img loading=\"lazy\" class=\"alignnone size-full wp-image-199245\" src=\"https:\/\/franciscanos.org.br\/noticias\/wp-content\/uploads\/2008\/04\/adavio.jpg\" alt=\"\" width=\"890\" height=\"967\" srcset=\"https:\/\/franciscanos.org.br\/noticias\/wp-content\/uploads\/2008\/04\/adavio.jpg 890w, https:\/\/franciscanos.org.br\/noticias\/wp-content\/uploads\/2008\/04\/adavio-414x450.jpg 414w, https:\/\/franciscanos.org.br\/noticias\/wp-content\/uploads\/2008\/04\/adavio-768x834.jpg 768w, https:\/\/franciscanos.org.br\/noticias\/wp-content\/uploads\/2008\/04\/adavio-150x163.jpg 150w\" sizes=\"(max-width: 890px) 100vw, 890px\" \/><\/p>\n<p><strong>Moacir Beggo<\/strong><\/p>\n<p>O pr\u00f3ximo dia 15 de abril ser\u00e1 hist\u00f3rico na vida do cearense Ad\u00e1vio Afonso Ribeiro e na caminhada da nova Funda\u00e7\u00e3o Franciscana M\u00e3e de Deus de Angola. Aos 54 anos, o professo da Ordem Terceira Secular (OFS) ser\u00e1 o primeiro leigo a ser enviado para este trabalho mission\u00e1rio da Prov\u00edncia da Imaculada Concei\u00e7\u00e3o.<\/p>\n<p>Sobram motiva\u00e7\u00f5es para Ad\u00e1vio encarar este novo desafio em sua vida. &#8220;Sou uma pessoa que vivi em prol da minha fam\u00edlia, em primeiro lugar. Sempre trabalhando para ajud\u00e1-la. Mas n\u00e3o \u00e9 s\u00f3 a fam\u00edlia que a gente precisa ajudar. Tamb\u00e9m precisamos ajudar nossos semelhantes. Quando me tornei volunt\u00e1rio, h\u00e1 13 anos, no Servi\u00e7o Franciscano de Solidariedade, o Sefras, fui trabalhar na Comunidade Mission\u00e1ria dos Sofredores de Rua. A\u00ed foi uma grande experi\u00eancia para mim neste servi\u00e7o de voluntariado. E quando voc\u00ea come\u00e7a a fazer algo que gosta, voc\u00ea quer ir sempre mais longe&#8221;, explica o cearense da regi\u00e3o de Cariri.<\/p>\n<p>O que deixa tamb\u00e9m Ad\u00e1vio muito \u00e0 vontade para enfrentar o novo desafio \u00e9 o fato de ter feito uma experi\u00eancia de trabalho no Iraque, exatamente em 86, quando o pa\u00eds estava em guerra com o Ir\u00e3. &#8220;A gente sempre ouve not\u00edcias sobre a \u00c1frica, que sofre e pede ajuda. Ent\u00e3o, isso me motivou muito. Eu gosto de ajudar as pessoas. Isso est\u00e1 no meu sangue, porque ningu\u00e9m vive sozinho neste mundo. \u00c9 muito gratificante viver e ajudar nosso semelhante. Ningu\u00e9m se salva sozinho e para voc\u00ea se salvar \u00e9 preciso ajudar algu\u00e9m a se salvar&#8221;, acrescenta.<\/p>\n<p>Ad\u00e1vio diz que est\u00e1 consciente das dificuldades num pa\u00eds que est\u00e1 em reconstru\u00e7\u00e3o depois de uma guerra que vitimou pessoas em mais de duas d\u00e9cadas. &#8220;Se n\u00e3o estiver pronto, \u00e9 melhor ficar aqui, que tem um clima mais ameno. Quando estive no Iraque, enfrentei temperaturas altas, clima de deserto, mas sei que o ser humano pode se adaptar em qualquer lugar. Al\u00e9m disso, nasci num lugar muito dif\u00edcil, no Nordeste brasileiro. As coisas no Nordeste n\u00e3o s\u00e3o t\u00e3o diferentes de Angola. O que tem de diferente foi a guerra, mas o clima, a pobreza e as car\u00eancias de estrutura s\u00e3o as mesmas&#8221;, observa.<\/p>\n<p><img loading=\"lazy\" class=\"alignnone size-full wp-image-199246\" src=\"https:\/\/franciscanos.org.br\/noticias\/wp-content\/uploads\/2008\/04\/adavio_2.jpg\" alt=\"\" width=\"890\" height=\"668\" srcset=\"https:\/\/franciscanos.org.br\/noticias\/wp-content\/uploads\/2008\/04\/adavio_2.jpg 890w, https:\/\/franciscanos.org.br\/noticias\/wp-content\/uploads\/2008\/04\/adavio_2-450x338.jpg 450w, https:\/\/franciscanos.org.br\/noticias\/wp-content\/uploads\/2008\/04\/adavio_2-768x576.jpg 768w, https:\/\/franciscanos.org.br\/noticias\/wp-content\/uploads\/2008\/04\/adavio_2-150x113.jpg 150w\" sizes=\"(max-width: 890px) 100vw, 890px\" \/><\/p>\n<p>Para o novo mission\u00e1rio, outra experi\u00eancia que fez em 2005 e 2006 foi durante as miss\u00f5es com os franciscanos da Prov\u00edncia do Sant\u00edssimo Nome de Jesus, de Goi\u00e1s. &#8220;As coisas l\u00e1 tamb\u00e9m n\u00e3o s\u00e3o f\u00e1ceis. O calor \u00e9 muito grande, as pessoas s\u00e3o muito pobres. Eles sempre olham para voc\u00ea com uma esperan\u00e7a muito grande. Aquela esperan\u00e7a que os judeus tinham quando vinham at\u00e9 Jesus para libert\u00e1-los do jugo romano. Assim tamb\u00e9m eles olham para voc\u00ea, como se fosse um salvador, que vai levar comida e o que falta a eles. N\u00e3o \u00e9 bem isso que vamos levar. A gente vai tentar amenizar o fardo que carregam, na medida do poss\u00edvel, mesmo que seja com um palavra amiga e acolhedora.<\/p>\n<p>Ad\u00e1vio fez a profiss\u00e3o na OFS em 2006 e conta que muito pesou para a sua decis\u00e3o quando conheceu o Santu\u00e1rio de S\u00e3o Francisco das Chagas, em Canind\u00e9, no Cear\u00e1. &#8220;S\u00f3 conheci este lugar depois que me aposentei&#8221;, conta. A partir da\u00ed e do trabalho no Sefras, Ad\u00e1vio se interessou mais pelos estudos do franciscanismo, que fez na OFS. \u00c9 com essa espiritualidade que ele vai a Angola. &#8220;A gente tem de ser a presen\u00e7a de Deus naquele lugar. Estando ali, vivendo com eles, sofrendo e passando as mesmas dificuldades deles. N\u00e3o vamos mudar a cultura deles. N\u00f3s temos um exemplo aqui, quando os primeiros franciscanos espanh\u00f3is vieram para o M\u00e9xico e fizeram uma a\u00e7\u00e3o desastrosa, porque queriam mudar tudo e impor uma cultura europ\u00e9ia para uma civiliza\u00e7\u00e3o ind\u00edgena. A gente estuda isso e, como mission\u00e1rio, tira o exemplo: &#8216;Eu n\u00e3o posso cometer este mesmo erro!&#8217; Como mission\u00e1rio, tenho de saber que estou l\u00e1 para me inserir na cultura deles. Tenho que aprender com eles alguma coisa&#8221;, ensina.<\/p>\n<p>A sede da Funda\u00e7\u00e3o M\u00e3e de Deus fica em Luanda, no bairro de Palanka, mas h\u00e1 ainda as fraternidades de Viana, onde funciona o p\u00f3s-noviciado; e duas fraternidades em Malange, onde funcionam o Aspirantado S\u00e3o Dami\u00e3o e o Postulantado no Semin\u00e1rio Monte Alverne. Ad\u00e1vio ainda n\u00e3o sabe qual ser\u00e1 o seu destino no territ\u00f3rio da miss\u00e3o. &#8220;Eu n\u00e3o sei onde vou ficar e o que vou fazer. Vou ficar onde precisam e fazer o que precisam&#8221;, acrescentou, animado pelo fato de que vai para um pa\u00eds que fala a l\u00edngua portuguesa.<\/p>\n<h5>QUASE DUAS D\u00c9CADAS EM ANGOLA<\/h5>\n<p>No in\u00edcio da d\u00e9cada de 90, diante do apelo do Papa Jo\u00e3o Paulo 2\u00ba para ajudar a \u00c1frica, um pa\u00eds \u201cmachucado\u201d, como disse ent\u00e3o, o Ministro Geral refor\u00e7ou o pedido \u00e0 Ordem dos Frades Menores e, em setembro de 1990, os primeiros franciscanos da Prov\u00edncia da Imaculada chegavam a Angola para fundar a Miss\u00e3o. Foram tempos dif\u00edceis para esses mission\u00e1rios que sofreram e n\u00e3o abandonaram a miss\u00e3o durante a guerra.<\/p>\n<p>A Miss\u00e3o de Angola foi elevada \u00e0 condi\u00e7\u00e3o de Funda\u00e7\u00e3o, com o nome de Imaculada M\u00e3e de Deus, no dia 26 de maio de 1998. Hoje, a Funda\u00e7\u00e3o tem tr\u00eas fraternidades: S\u00e3o Francisco de Assis, a casa-m\u00e3e que fica em Palanka, e onde nasceu a Par\u00f3quia de S\u00e3o Lucas (2000); e a Porci\u00fancula, que fica em Viana (p\u00f3s-Noviciado), as duas em Luanda, na capital angolana. Em Malange \u2013 a 430 quil\u00f4metros da capital -, funciona o Aspirantado (aberto em 96) e o Postulantado (aberto em 97), no bairro de Katepa. Mas neste territ\u00f3rio da Miss\u00e3o, de 600 quil\u00f4metros para o Sul, h\u00e1 cerca de 600 aldeias.<\/p>\n<p>Depois de 18 anos, a Miss\u00e3o tem um angolano professo solene e dois professos simples: Frei Jo\u00e3o Major Serrote, Frei Ant\u00f3nio Boaventura Zovo Baza, e Frei Afonso Katchekele Quissongo.<br \/>\nDo Projeto Mission\u00e1rio da Prov\u00edncia faz parte a integra\u00e7\u00e3o com a 2\u00aa Ordem das Irm\u00e3s Clarissas e Ordem Franciscana Secular (OFS), al\u00e9m das irm\u00e3s franciscanas de outras congrega\u00e7\u00f5es.<\/p>\n","protected":false},"excerpt":{"rendered":"<p>Miss\u00e3o em Angola<\/p>\n","protected":false},"author":1,"featured_media":199248,"comment_status":"closed","ping_status":"closed","sticky":false,"template":"","format":"standard","meta":[],"categories":[1],"tags":[360],"acf":[],"yoast_head":"<!-- This site is optimized with the Yoast SEO plugin v19.2 - https:\/\/yoast.com\/wordpress\/plugins\/seo\/ -->\n<title>Ad\u00e1vio, o primeiro mission\u00e1rio leigo na Miss\u00e3o Franciscana de Angola - Not\u00edcias - Franciscanos<\/title>\n<meta name=\"robots\" content=\"index, follow, max-snippet:-1, max-image-preview:large, max-video-preview:-1\" \/>\n<link rel=\"canonical\" href=\"https:\/\/franciscanos.org.br\/noticias\/adavio-o-primeiro-missionario-leigo-na-missao-franciscana-de-angola.html\" \/>\n<meta property=\"og:locale\" content=\"pt_BR\" \/>\n<meta property=\"og:type\" content=\"article\" \/>\n<meta property=\"og:title\" content=\"Ad\u00e1vio, o primeiro mission\u00e1rio leigo na Miss\u00e3o Franciscana de Angola - Not\u00edcias - Franciscanos\" \/>\n<meta property=\"og:description\" content=\"Miss\u00e3o em Angola\" \/>\n<meta property=\"og:url\" content=\"https:\/\/franciscanos.org.br\/noticias\/adavio-o-primeiro-missionario-leigo-na-missao-franciscana-de-angola.html\" \/>\n<meta property=\"og:site_name\" content=\"Not\u00edcias - Franciscanos\" \/>\n<meta property=\"article:published_time\" content=\"2008-04-03T18:28:58+00:00\" \/>\n<meta property=\"article:modified_time\" content=\"2019-02-01T16:40:23+00:00\" \/>\n<meta property=\"og:image\" content=\"https:\/\/franciscanos.org.br\/noticias\/wp-content\/uploads\/2008\/04\/adavio-003.jpg\" \/>\n\t<meta property=\"og:image:width\" content=\"273\" \/>\n\t<meta property=\"og:image:height\" content=\"181\" \/>\n\t<meta property=\"og:image:type\" content=\"image\/jpeg\" \/>\n<meta name=\"author\" content=\"admin\" \/>\n<meta name=\"twitter:card\" content=\"summary_large_image\" \/>\n<meta name=\"twitter:label1\" content=\"Escrito por\" \/>\n\t<meta name=\"twitter:data1\" content=\"admin\" \/>\n\t<meta name=\"twitter:label2\" content=\"Est. tempo de leitura\" \/>\n\t<meta name=\"twitter:data2\" content=\"5 minutos\" \/>\n<script type=\"application\/ld+json\" class=\"yoast-schema-graph\">{\"@context\":\"https:\/\/schema.org\",\"@graph\":[{\"@type\":\"WebSite\",\"@id\":\"https:\/\/franciscanos.org.br\/noticias\/#website\",\"url\":\"https:\/\/franciscanos.org.br\/noticias\/\",\"name\":\"Not\u00edcias - Franciscanos\",\"description\":\"Prov\u00edncia Franciscana da Imaculada Concei\u00e7\u00e3o do Brasil - Ordem dos Frades Menores - OFM\",\"potentialAction\":[{\"@type\":\"SearchAction\",\"target\":{\"@type\":\"EntryPoint\",\"urlTemplate\":\"https:\/\/franciscanos.org.br\/noticias\/?s={search_term_string}\"},\"query-input\":\"required name=search_term_string\"}],\"inLanguage\":\"pt-BR\"},{\"@type\":\"ImageObject\",\"inLanguage\":\"pt-BR\",\"@id\":\"https:\/\/franciscanos.org.br\/noticias\/adavio-o-primeiro-missionario-leigo-na-missao-franciscana-de-angola.html#primaryimage\",\"url\":\"https:\/\/franciscanos.org.br\/noticias\/wp-content\/uploads\/2008\/04\/adavio-003.jpg\",\"contentUrl\":\"https:\/\/franciscanos.org.br\/noticias\/wp-content\/uploads\/2008\/04\/adavio-003.jpg\",\"width\":273,\"height\":181},{\"@type\":\"WebPage\",\"@id\":\"https:\/\/franciscanos.org.br\/noticias\/adavio-o-primeiro-missionario-leigo-na-missao-franciscana-de-angola.html#webpage\",\"url\":\"https:\/\/franciscanos.org.br\/noticias\/adavio-o-primeiro-missionario-leigo-na-missao-franciscana-de-angola.html\",\"name\":\"Ad\u00e1vio, o primeiro mission\u00e1rio leigo na Miss\u00e3o Franciscana de Angola - Not\u00edcias - Franciscanos\",\"isPartOf\":{\"@id\":\"https:\/\/franciscanos.org.br\/noticias\/#website\"},\"primaryImageOfPage\":{\"@id\":\"https:\/\/franciscanos.org.br\/noticias\/adavio-o-primeiro-missionario-leigo-na-missao-franciscana-de-angola.html#primaryimage\"},\"datePublished\":\"2008-04-03T18:28:58+00:00\",\"dateModified\":\"2019-02-01T16:40:23+00:00\",\"author\":{\"@id\":\"https:\/\/franciscanos.org.br\/noticias\/#\/schema\/person\/b38fbf43118f02820bd932f2e4b14ad3\"},\"breadcrumb\":{\"@id\":\"https:\/\/franciscanos.org.br\/noticias\/adavio-o-primeiro-missionario-leigo-na-missao-franciscana-de-angola.html#breadcrumb\"},\"inLanguage\":\"pt-BR\",\"potentialAction\":[{\"@type\":\"ReadAction\",\"target\":[\"https:\/\/franciscanos.org.br\/noticias\/adavio-o-primeiro-missionario-leigo-na-missao-franciscana-de-angola.html\"]}]},{\"@type\":\"BreadcrumbList\",\"@id\":\"https:\/\/franciscanos.org.br\/noticias\/adavio-o-primeiro-missionario-leigo-na-missao-franciscana-de-angola.html#breadcrumb\",\"itemListElement\":[{\"@type\":\"ListItem\",\"position\":1,\"name\":\"Home\",\"item\":\"https:\/\/franciscanos.org.br\/noticias\"},{\"@type\":\"ListItem\",\"position\":2,\"name\":\"Ad\u00e1vio, o primeiro mission\u00e1rio leigo na Miss\u00e3o Franciscana de Angola\"}]},{\"@type\":\"Person\",\"@id\":\"https:\/\/franciscanos.org.br\/noticias\/#\/schema\/person\/b38fbf43118f02820bd932f2e4b14ad3\",\"name\":\"admin\",\"image\":{\"@type\":\"ImageObject\",\"inLanguage\":\"pt-BR\",\"@id\":\"https:\/\/franciscanos.org.br\/noticias\/#\/schema\/person\/image\/\",\"url\":\"https:\/\/secure.gravatar.com\/avatar\/e8495742d34d0ba6448ea1c628263b3e?s=96&d=mm&r=g\",\"contentUrl\":\"https:\/\/secure.gravatar.com\/avatar\/e8495742d34d0ba6448ea1c628263b3e?s=96&d=mm&r=g\",\"caption\":\"admin\"},\"url\":\"https:\/\/franciscanos.org.br\/noticias\/author\/admin\"}]}<\/script>\n<!-- \/ Yoast SEO plugin. -->","yoast_head_json":{"title":"Ad\u00e1vio, o primeiro mission\u00e1rio leigo na Miss\u00e3o Franciscana de Angola - Not\u00edcias - Franciscanos","robots":{"index":"index","follow":"follow","max-snippet":"max-snippet:-1","max-image-preview":"max-image-preview:large","max-video-preview":"max-video-preview:-1"},"canonical":"https:\/\/franciscanos.org.br\/noticias\/adavio-o-primeiro-missionario-leigo-na-missao-franciscana-de-angola.html","og_locale":"pt_BR","og_type":"article","og_title":"Ad\u00e1vio, o primeiro mission\u00e1rio leigo na Miss\u00e3o Franciscana de Angola - Not\u00edcias - Franciscanos","og_description":"Miss\u00e3o em Angola","og_url":"https:\/\/franciscanos.org.br\/noticias\/adavio-o-primeiro-missionario-leigo-na-missao-franciscana-de-angola.html","og_site_name":"Not\u00edcias - Franciscanos","article_published_time":"2008-04-03T18:28:58+00:00","article_modified_time":"2019-02-01T16:40:23+00:00","og_image":[{"width":273,"height":181,"url":"https:\/\/franciscanos.org.br\/noticias\/wp-content\/uploads\/2008\/04\/adavio-003.jpg","type":"image\/jpeg"}],"author":"admin","twitter_card":"summary_large_image","twitter_misc":{"Escrito por":"admin","Est. tempo de leitura":"5 minutos"},"schema":{"@context":"https:\/\/schema.org","@graph":[{"@type":"WebSite","@id":"https:\/\/franciscanos.org.br\/noticias\/#website","url":"https:\/\/franciscanos.org.br\/noticias\/","name":"Not\u00edcias - Franciscanos","description":"Prov\u00edncia Franciscana da Imaculada Concei\u00e7\u00e3o do Brasil - Ordem dos Frades Menores - OFM","potentialAction":[{"@type":"SearchAction","target":{"@type":"EntryPoint","urlTemplate":"https:\/\/franciscanos.org.br\/noticias\/?s={search_term_string}"},"query-input":"required name=search_term_string"}],"inLanguage":"pt-BR"},{"@type":"ImageObject","inLanguage":"pt-BR","@id":"https:\/\/franciscanos.org.br\/noticias\/adavio-o-primeiro-missionario-leigo-na-missao-franciscana-de-angola.html#primaryimage","url":"https:\/\/franciscanos.org.br\/noticias\/wp-content\/uploads\/2008\/04\/adavio-003.jpg","contentUrl":"https:\/\/franciscanos.org.br\/noticias\/wp-content\/uploads\/2008\/04\/adavio-003.jpg","width":273,"height":181},{"@type":"WebPage","@id":"https:\/\/franciscanos.org.br\/noticias\/adavio-o-primeiro-missionario-leigo-na-missao-franciscana-de-angola.html#webpage","url":"https:\/\/franciscanos.org.br\/noticias\/adavio-o-primeiro-missionario-leigo-na-missao-franciscana-de-angola.html","name":"Ad\u00e1vio, o primeiro mission\u00e1rio leigo na Miss\u00e3o Franciscana de Angola - Not\u00edcias - Franciscanos","isPartOf":{"@id":"https:\/\/franciscanos.org.br\/noticias\/#website"},"primaryImageOfPage":{"@id":"https:\/\/franciscanos.org.br\/noticias\/adavio-o-primeiro-missionario-leigo-na-missao-franciscana-de-angola.html#primaryimage"},"datePublished":"2008-04-03T18:28:58+00:00","dateModified":"2019-02-01T16:40:23+00:00","author":{"@id":"https:\/\/franciscanos.org.br\/noticias\/#\/schema\/person\/b38fbf43118f02820bd932f2e4b14ad3"},"breadcrumb":{"@id":"https:\/\/franciscanos.org.br\/noticias\/adavio-o-primeiro-missionario-leigo-na-missao-franciscana-de-angola.html#breadcrumb"},"inLanguage":"pt-BR","potentialAction":[{"@type":"ReadAction","target":["https:\/\/franciscanos.org.br\/noticias\/adavio-o-primeiro-missionario-leigo-na-missao-franciscana-de-angola.html"]}]},{"@type":"BreadcrumbList","@id":"https:\/\/franciscanos.org.br\/noticias\/adavio-o-primeiro-missionario-leigo-na-missao-franciscana-de-angola.html#breadcrumb","itemListElement":[{"@type":"ListItem","position":1,"name":"Home","item":"https:\/\/franciscanos.org.br\/noticias"},{"@type":"ListItem","position":2,"name":"Ad\u00e1vio, o primeiro mission\u00e1rio leigo na Miss\u00e3o Franciscana de Angola"}]},{"@type":"Person","@id":"https:\/\/franciscanos.org.br\/noticias\/#\/schema\/person\/b38fbf43118f02820bd932f2e4b14ad3","name":"admin","image":{"@type":"ImageObject","inLanguage":"pt-BR","@id":"https:\/\/franciscanos.org.br\/noticias\/#\/schema\/person\/image\/","url":"https:\/\/secure.gravatar.com\/avatar\/e8495742d34d0ba6448ea1c628263b3e?s=96&d=mm&r=g","contentUrl":"https:\/\/secure.gravatar.com\/avatar\/e8495742d34d0ba6448ea1c628263b3e?s=96&d=mm&r=g","caption":"admin"},"url":"https:\/\/franciscanos.org.br\/noticias\/author\/admin"}]}},"_links":{"self":[{"href":"https:\/\/franciscanos.org.br\/noticias\/wp-json\/wp\/v2\/posts\/21517"}],"collection":[{"href":"https:\/\/franciscanos.org.br\/noticias\/wp-json\/wp\/v2\/posts"}],"about":[{"href":"https:\/\/franciscanos.org.br\/noticias\/wp-json\/wp\/v2\/types\/post"}],"author":[{"embeddable":true,"href":"https:\/\/franciscanos.org.br\/noticias\/wp-json\/wp\/v2\/users\/1"}],"replies":[{"embeddable":true,"href":"https:\/\/franciscanos.org.br\/noticias\/wp-json\/wp\/v2\/comments?post=21517"}],"version-history":[{"count":0,"href":"https:\/\/franciscanos.org.br\/noticias\/wp-json\/wp\/v2\/posts\/21517\/revisions"}],"wp:featuredmedia":[{"embeddable":true,"href":"https:\/\/franciscanos.org.br\/noticias\/wp-json\/wp\/v2\/media\/199248"}],"wp:attachment":[{"href":"https:\/\/franciscanos.org.br\/noticias\/wp-json\/wp\/v2\/media?parent=21517"}],"wp:term":[{"taxonomy":"category","embeddable":true,"href":"https:\/\/franciscanos.org.br\/noticias\/wp-json\/wp\/v2\/categories?post=21517"},{"taxonomy":"post_tag","embeddable":true,"href":"https:\/\/franciscanos.org.br\/noticias\/wp-json\/wp\/v2\/tags?post=21517"}],"curies":[{"name":"wp","href":"https:\/\/api.w.org\/{rel}","templated":true}]}}