{"id":215166,"date":"2019-12-19T12:46:54","date_gmt":"2019-12-19T15:46:54","guid":{"rendered":"https:\/\/franciscanos.org.br\/noticias\/?p=215166"},"modified":"2019-12-19T12:46:54","modified_gmt":"2019-12-19T15:46:54","slug":"corais-dos-canarinhos-realizam-tradicional-concerto-de-natal-neste-sabado","status":"publish","type":"post","link":"https:\/\/franciscanos.org.br\/noticias\/corais-dos-canarinhos-realizam-tradicional-concerto-de-natal-neste-sabado.html","title":{"rendered":"Corais dos Canarinhos realizam tradicional Concerto de Natal neste s\u00e1bado"},"content":{"rendered":"<p><img loading=\"lazy\" class=\"alignnone size-full wp-image-215167\" src=\"https:\/\/franciscanos.org.br\/noticias\/wp-content\/uploads\/2019\/12\/canarinhos_1912.jpg\" alt=\"\" width=\"890\" height=\"590\" srcset=\"https:\/\/franciscanos.org.br\/noticias\/wp-content\/uploads\/2019\/12\/canarinhos_1912.jpg 890w, https:\/\/franciscanos.org.br\/noticias\/wp-content\/uploads\/2019\/12\/canarinhos_1912-450x298.jpg 450w, https:\/\/franciscanos.org.br\/noticias\/wp-content\/uploads\/2019\/12\/canarinhos_1912-768x509.jpg 768w, https:\/\/franciscanos.org.br\/noticias\/wp-content\/uploads\/2019\/12\/canarinhos_1912-150x99.jpg 150w\" sizes=\"(max-width: 890px) 100vw, 890px\" \/><\/p>\n<p>Neste s\u00e1bado, dia 21, cerca de 200 vozes v\u00e3o se unir em uma linda apresenta\u00e7\u00e3o na Igreja do Sagrado Cora\u00e7\u00e3o de Jesus. O tradicional Concerto de Natal do Instituto dos Meninos Cantores de Petr\u00f3polis vai reunir quatro coros para um momento de reflex\u00e3o sobre o esp\u00edrito do Natal. A apresenta\u00e7\u00e3o ser\u00e1 \u00e0s 20h e a entrada \u00e9 gratuita.<\/p>\n<p>\u201cO nosso concerto de Natal promove um momento de ora\u00e7\u00e3o e de prepara\u00e7\u00e3o para a festa que se aproxima. Nesse momento t\u00e3o importante para n\u00f3s crist\u00e3os que \u00e9 o nascimento de Jesus, esse concerto t\u00e3o tradicional na cidade tamb\u00e9m coroa o ano de trabalho dos corais do instituto\u201d, comentou frei Marcos, que espera a presen\u00e7a de toda a comunidade no evento.<\/p>\n<p>A apresenta\u00e7\u00e3o contar\u00e1 com a presen\u00e7a do Coral dos Canarinhos, das Meninas dos Canarinhos, dos alunos do Curso de Aprendizes e do Coral Mirim do Col\u00e9gio Bom Jesus. O concerto ser\u00e1 dividido em quatro partes. A primeira ser\u00e1 com o coro feminino, regido pelo maestro Marcelo Vizani, que trar\u00e1 um programa com obras como \u201cMary sings a lullaby\u201d, de Leanne Daharja Veitch; \u201cAngel\u2019s Carol\u201d, de John Rutter; e \u201cO Magnum mysterium\u201d, de Cristobal de Morales. O Coral dos Canarinhos ter\u00e1 reg\u00eancia do maestro Marco Aur\u00e9lio Lischt e far\u00e1 a segunda parte do concerto. Entre as can\u00e7\u00f5es estar\u00e3o \u201cFreu Dich, Erd und Sternenzelt\u201d, com arranjos de Karl Riedel; \u201cTu scendi dalle Stelle\u201d, de Santo Afonso de Liguori; e \u201cChristus est natus\u201d, de Damijan Mo\u010dnik.<\/p>\n<p>Na terceira parte do programa, a entrada da imagem do Menino Jesus ser\u00e1 embalada pela composi\u00e7\u00e3o \u201cEl nacimiento\u201d, de Ariel Ramirez. Na quarta parte, os corais dos Canarinhos e das Meninas dos Canarinhos se unem aos alunos do Curso de Aprendizes e ao Coral Mirim do Col\u00e9gio Bom Jesus, sob reg\u00eancia de Rebeca Kappaun Henaut e o maestro Marco Aur\u00e9lio Lischt ao piano. Os quatro corais cantar\u00e3o \u201cNatal, Natal das crian\u00e7as\u201d, de Ot\u00e1vio Henrique de Oliveira\/ A. Gast\u00e3o; \u201cBate o sino\u201d, de James Pierpoint\/ A. Gast\u00e3o; \u201cNoite Feliz\u201d, de Franz Gruber\/ A. Gast\u00e3o; e \u201cBoas festas\u201d, de Assis Valente\/ A. Gast\u00e3o.<\/p>\n<p>\u201cO Natal \u00e9 um tempo de paz, harmonia e amor. O Deus menino nos traz sempre esta esperan\u00e7a de dias melhores. Que o nosso concerto de Natal seja tamb\u00e9m uma mensagem de paz, harmonia e amor para todas as fam\u00edlias, principalmente \u00e0s mais necessitadas\u201d, comentou o maestro Marco Aur\u00e9lio Lischt.<\/p>\n<hr \/>\n<p><em>Mais informa\u00e7\u00f5es podem ser consultadas pelo telefone do Instituto dos Meninos Cantores de Petr\u00f3polis: (24) 2104-4141 ou no site www.canarinhos.com.br .<\/em><\/p>\n","protected":false},"excerpt":{"rendered":"<p>Instituto Meninos Cantores de Petr\u00f3polis<\/p>\n","protected":false},"author":3,"featured_media":215168,"comment_status":"open","ping_status":"open","sticky":false,"template":"","format":"standard","meta":[],"categories":[1],"tags":[1378],"acf":[],"yoast_head":"<!-- This site is optimized with the Yoast SEO plugin v19.2 - https:\/\/yoast.com\/wordpress\/plugins\/seo\/ -->\n<title>Corais dos Canarinhos realizam tradicional Concerto de Natal neste s\u00e1bado - Not\u00edcias - Franciscanos<\/title>\n<meta name=\"robots\" content=\"index, follow, max-snippet:-1, max-image-preview:large, max-video-preview:-1\" \/>\n<link rel=\"canonical\" href=\"https:\/\/franciscanos.org.br\/noticias\/corais-dos-canarinhos-realizam-tradicional-concerto-de-natal-neste-sabado.html\" \/>\n<meta property=\"og:locale\" content=\"pt_BR\" \/>\n<meta property=\"og:type\" content=\"article\" \/>\n<meta property=\"og:title\" content=\"Corais dos Canarinhos realizam tradicional Concerto de Natal neste s\u00e1bado - Not\u00edcias - Franciscanos\" \/>\n<meta property=\"og:description\" content=\"Instituto Meninos Cantores de Petr\u00f3polis\" \/>\n<meta property=\"og:url\" content=\"https:\/\/franciscanos.org.br\/noticias\/corais-dos-canarinhos-realizam-tradicional-concerto-de-natal-neste-sabado.html\" \/>\n<meta property=\"og:site_name\" content=\"Not\u00edcias - Franciscanos\" \/>\n<meta property=\"article:published_time\" content=\"2019-12-19T15:46:54+00:00\" \/>\n<meta property=\"og:image\" content=\"https:\/\/franciscanos.org.br\/noticias\/wp-content\/uploads\/2019\/12\/canarinhos_1912d.jpg\" \/>\n\t<meta property=\"og:image:width\" content=\"273\" \/>\n\t<meta property=\"og:image:height\" content=\"181\" \/>\n\t<meta property=\"og:image:type\" content=\"image\/jpeg\" \/>\n<meta name=\"author\" content=\"moacir\" \/>\n<meta name=\"twitter:card\" content=\"summary_large_image\" \/>\n<meta name=\"twitter:label1\" content=\"Escrito por\" \/>\n\t<meta name=\"twitter:data1\" content=\"moacir\" \/>\n\t<meta name=\"twitter:label2\" content=\"Est. tempo de leitura\" \/>\n\t<meta name=\"twitter:data2\" content=\"2 minutos\" \/>\n<script type=\"application\/ld+json\" class=\"yoast-schema-graph\">{\"@context\":\"https:\/\/schema.org\",\"@graph\":[{\"@type\":\"WebSite\",\"@id\":\"https:\/\/franciscanos.org.br\/noticias\/#website\",\"url\":\"https:\/\/franciscanos.org.br\/noticias\/\",\"name\":\"Not\u00edcias - Franciscanos\",\"description\":\"Prov\u00edncia Franciscana da Imaculada Concei\u00e7\u00e3o do Brasil - Ordem dos Frades Menores - OFM\",\"potentialAction\":[{\"@type\":\"SearchAction\",\"target\":{\"@type\":\"EntryPoint\",\"urlTemplate\":\"https:\/\/franciscanos.org.br\/noticias\/?s={search_term_string}\"},\"query-input\":\"required name=search_term_string\"}],\"inLanguage\":\"pt-BR\"},{\"@type\":\"ImageObject\",\"inLanguage\":\"pt-BR\",\"@id\":\"https:\/\/franciscanos.org.br\/noticias\/corais-dos-canarinhos-realizam-tradicional-concerto-de-natal-neste-sabado.html#primaryimage\",\"url\":\"https:\/\/franciscanos.org.br\/noticias\/wp-content\/uploads\/2019\/12\/canarinhos_1912d.jpg\",\"contentUrl\":\"https:\/\/franciscanos.org.br\/noticias\/wp-content\/uploads\/2019\/12\/canarinhos_1912d.jpg\",\"width\":273,\"height\":181},{\"@type\":\"WebPage\",\"@id\":\"https:\/\/franciscanos.org.br\/noticias\/corais-dos-canarinhos-realizam-tradicional-concerto-de-natal-neste-sabado.html#webpage\",\"url\":\"https:\/\/franciscanos.org.br\/noticias\/corais-dos-canarinhos-realizam-tradicional-concerto-de-natal-neste-sabado.html\",\"name\":\"Corais dos Canarinhos realizam tradicional Concerto de Natal neste s\u00e1bado - Not\u00edcias - Franciscanos\",\"isPartOf\":{\"@id\":\"https:\/\/franciscanos.org.br\/noticias\/#website\"},\"primaryImageOfPage\":{\"@id\":\"https:\/\/franciscanos.org.br\/noticias\/corais-dos-canarinhos-realizam-tradicional-concerto-de-natal-neste-sabado.html#primaryimage\"},\"datePublished\":\"2019-12-19T15:46:54+00:00\",\"dateModified\":\"2019-12-19T15:46:54+00:00\",\"author\":{\"@id\":\"https:\/\/franciscanos.org.br\/noticias\/#\/schema\/person\/b5c8cba458c330ccff548b056e95a5d4\"},\"breadcrumb\":{\"@id\":\"https:\/\/franciscanos.org.br\/noticias\/corais-dos-canarinhos-realizam-tradicional-concerto-de-natal-neste-sabado.html#breadcrumb\"},\"inLanguage\":\"pt-BR\",\"potentialAction\":[{\"@type\":\"ReadAction\",\"target\":[\"https:\/\/franciscanos.org.br\/noticias\/corais-dos-canarinhos-realizam-tradicional-concerto-de-natal-neste-sabado.html\"]}]},{\"@type\":\"BreadcrumbList\",\"@id\":\"https:\/\/franciscanos.org.br\/noticias\/corais-dos-canarinhos-realizam-tradicional-concerto-de-natal-neste-sabado.html#breadcrumb\",\"itemListElement\":[{\"@type\":\"ListItem\",\"position\":1,\"name\":\"Home\",\"item\":\"https:\/\/franciscanos.org.br\/noticias\"},{\"@type\":\"ListItem\",\"position\":2,\"name\":\"Corais dos Canarinhos realizam tradicional Concerto de Natal neste s\u00e1bado\"}]},{\"@type\":\"Person\",\"@id\":\"https:\/\/franciscanos.org.br\/noticias\/#\/schema\/person\/b5c8cba458c330ccff548b056e95a5d4\",\"name\":\"moacir\",\"image\":{\"@type\":\"ImageObject\",\"inLanguage\":\"pt-BR\",\"@id\":\"https:\/\/franciscanos.org.br\/noticias\/#\/schema\/person\/image\/\",\"url\":\"https:\/\/secure.gravatar.com\/avatar\/d08aa2ce4c8dd416d4479aa8536fcf64?s=96&d=mm&r=g\",\"contentUrl\":\"https:\/\/secure.gravatar.com\/avatar\/d08aa2ce4c8dd416d4479aa8536fcf64?s=96&d=mm&r=g\",\"caption\":\"moacir\"},\"url\":\"https:\/\/franciscanos.org.br\/noticias\/author\/moacir\"}]}<\/script>\n<!-- \/ Yoast SEO plugin. -->","yoast_head_json":{"title":"Corais dos Canarinhos realizam tradicional Concerto de Natal neste s\u00e1bado - Not\u00edcias - Franciscanos","robots":{"index":"index","follow":"follow","max-snippet":"max-snippet:-1","max-image-preview":"max-image-preview:large","max-video-preview":"max-video-preview:-1"},"canonical":"https:\/\/franciscanos.org.br\/noticias\/corais-dos-canarinhos-realizam-tradicional-concerto-de-natal-neste-sabado.html","og_locale":"pt_BR","og_type":"article","og_title":"Corais dos Canarinhos realizam tradicional Concerto de Natal neste s\u00e1bado - Not\u00edcias - Franciscanos","og_description":"Instituto Meninos Cantores de Petr\u00f3polis","og_url":"https:\/\/franciscanos.org.br\/noticias\/corais-dos-canarinhos-realizam-tradicional-concerto-de-natal-neste-sabado.html","og_site_name":"Not\u00edcias - Franciscanos","article_published_time":"2019-12-19T15:46:54+00:00","og_image":[{"width":273,"height":181,"url":"https:\/\/franciscanos.org.br\/noticias\/wp-content\/uploads\/2019\/12\/canarinhos_1912d.jpg","type":"image\/jpeg"}],"author":"moacir","twitter_card":"summary_large_image","twitter_misc":{"Escrito por":"moacir","Est. tempo de leitura":"2 minutos"},"schema":{"@context":"https:\/\/schema.org","@graph":[{"@type":"WebSite","@id":"https:\/\/franciscanos.org.br\/noticias\/#website","url":"https:\/\/franciscanos.org.br\/noticias\/","name":"Not\u00edcias - Franciscanos","description":"Prov\u00edncia Franciscana da Imaculada Concei\u00e7\u00e3o do Brasil - Ordem dos Frades Menores - OFM","potentialAction":[{"@type":"SearchAction","target":{"@type":"EntryPoint","urlTemplate":"https:\/\/franciscanos.org.br\/noticias\/?s={search_term_string}"},"query-input":"required name=search_term_string"}],"inLanguage":"pt-BR"},{"@type":"ImageObject","inLanguage":"pt-BR","@id":"https:\/\/franciscanos.org.br\/noticias\/corais-dos-canarinhos-realizam-tradicional-concerto-de-natal-neste-sabado.html#primaryimage","url":"https:\/\/franciscanos.org.br\/noticias\/wp-content\/uploads\/2019\/12\/canarinhos_1912d.jpg","contentUrl":"https:\/\/franciscanos.org.br\/noticias\/wp-content\/uploads\/2019\/12\/canarinhos_1912d.jpg","width":273,"height":181},{"@type":"WebPage","@id":"https:\/\/franciscanos.org.br\/noticias\/corais-dos-canarinhos-realizam-tradicional-concerto-de-natal-neste-sabado.html#webpage","url":"https:\/\/franciscanos.org.br\/noticias\/corais-dos-canarinhos-realizam-tradicional-concerto-de-natal-neste-sabado.html","name":"Corais dos Canarinhos realizam tradicional Concerto de Natal neste s\u00e1bado - Not\u00edcias - Franciscanos","isPartOf":{"@id":"https:\/\/franciscanos.org.br\/noticias\/#website"},"primaryImageOfPage":{"@id":"https:\/\/franciscanos.org.br\/noticias\/corais-dos-canarinhos-realizam-tradicional-concerto-de-natal-neste-sabado.html#primaryimage"},"datePublished":"2019-12-19T15:46:54+00:00","dateModified":"2019-12-19T15:46:54+00:00","author":{"@id":"https:\/\/franciscanos.org.br\/noticias\/#\/schema\/person\/b5c8cba458c330ccff548b056e95a5d4"},"breadcrumb":{"@id":"https:\/\/franciscanos.org.br\/noticias\/corais-dos-canarinhos-realizam-tradicional-concerto-de-natal-neste-sabado.html#breadcrumb"},"inLanguage":"pt-BR","potentialAction":[{"@type":"ReadAction","target":["https:\/\/franciscanos.org.br\/noticias\/corais-dos-canarinhos-realizam-tradicional-concerto-de-natal-neste-sabado.html"]}]},{"@type":"BreadcrumbList","@id":"https:\/\/franciscanos.org.br\/noticias\/corais-dos-canarinhos-realizam-tradicional-concerto-de-natal-neste-sabado.html#breadcrumb","itemListElement":[{"@type":"ListItem","position":1,"name":"Home","item":"https:\/\/franciscanos.org.br\/noticias"},{"@type":"ListItem","position":2,"name":"Corais dos Canarinhos realizam tradicional Concerto de Natal neste s\u00e1bado"}]},{"@type":"Person","@id":"https:\/\/franciscanos.org.br\/noticias\/#\/schema\/person\/b5c8cba458c330ccff548b056e95a5d4","name":"moacir","image":{"@type":"ImageObject","inLanguage":"pt-BR","@id":"https:\/\/franciscanos.org.br\/noticias\/#\/schema\/person\/image\/","url":"https:\/\/secure.gravatar.com\/avatar\/d08aa2ce4c8dd416d4479aa8536fcf64?s=96&d=mm&r=g","contentUrl":"https:\/\/secure.gravatar.com\/avatar\/d08aa2ce4c8dd416d4479aa8536fcf64?s=96&d=mm&r=g","caption":"moacir"},"url":"https:\/\/franciscanos.org.br\/noticias\/author\/moacir"}]}},"_links":{"self":[{"href":"https:\/\/franciscanos.org.br\/noticias\/wp-json\/wp\/v2\/posts\/215166"}],"collection":[{"href":"https:\/\/franciscanos.org.br\/noticias\/wp-json\/wp\/v2\/posts"}],"about":[{"href":"https:\/\/franciscanos.org.br\/noticias\/wp-json\/wp\/v2\/types\/post"}],"author":[{"embeddable":true,"href":"https:\/\/franciscanos.org.br\/noticias\/wp-json\/wp\/v2\/users\/3"}],"replies":[{"embeddable":true,"href":"https:\/\/franciscanos.org.br\/noticias\/wp-json\/wp\/v2\/comments?post=215166"}],"version-history":[{"count":0,"href":"https:\/\/franciscanos.org.br\/noticias\/wp-json\/wp\/v2\/posts\/215166\/revisions"}],"wp:featuredmedia":[{"embeddable":true,"href":"https:\/\/franciscanos.org.br\/noticias\/wp-json\/wp\/v2\/media\/215168"}],"wp:attachment":[{"href":"https:\/\/franciscanos.org.br\/noticias\/wp-json\/wp\/v2\/media?parent=215166"}],"wp:term":[{"taxonomy":"category","embeddable":true,"href":"https:\/\/franciscanos.org.br\/noticias\/wp-json\/wp\/v2\/categories?post=215166"},{"taxonomy":"post_tag","embeddable":true,"href":"https:\/\/franciscanos.org.br\/noticias\/wp-json\/wp\/v2\/tags?post=215166"}],"curies":[{"name":"wp","href":"https:\/\/api.w.org\/{rel}","templated":true}]}}