{"id":215159,"date":"2019-12-19T12:26:30","date_gmt":"2019-12-19T15:26:30","guid":{"rendered":"https:\/\/franciscanos.org.br\/noticias\/?p=215159"},"modified":"2020-06-06T08:26:44","modified_gmt":"2020-06-06T11:26:44","slug":"papa-o-senhor-faz-florescer-o-deserto-e-a-gratuidade-da-salvacao","status":"publish","type":"post","link":"https:\/\/franciscanos.org.br\/noticias\/papa-o-senhor-faz-florescer-o-deserto-e-a-gratuidade-da-salvacao.html","title":{"rendered":"Papa: o Senhor faz florescer o deserto, \u00e9 a gratuidade da salva\u00e7\u00e3o"},"content":{"rendered":"<p><img loading=\"lazy\" class=\"alignnone size-full wp-image-215160\" src=\"https:\/\/franciscanos.org.br\/noticias\/wp-content\/uploads\/2019\/12\/marta_1912.jpg\" alt=\"\" width=\"890\" height=\"386\" srcset=\"https:\/\/franciscanos.org.br\/noticias\/wp-content\/uploads\/2019\/12\/marta_1912.jpg 890w, https:\/\/franciscanos.org.br\/noticias\/wp-content\/uploads\/2019\/12\/marta_1912-450x195.jpg 450w, https:\/\/franciscanos.org.br\/noticias\/wp-content\/uploads\/2019\/12\/marta_1912-768x333.jpg 768w, https:\/\/franciscanos.org.br\/noticias\/wp-content\/uploads\/2019\/12\/marta_1912-150x65.jpg 150w\" sizes=\"(max-width: 890px) 100vw, 890px\" \/><\/p>\n<p><strong>Cidade do Vaticano<\/strong> &#8211; O deserto florescer\u00e1. Na Missa da manh\u00e3 na Casa Santa Marta, o Papa Francisco usa essa imagem, referindo-se ao Profeta Isa\u00edas, para recordar que Deus \u00e9 capaz de mudar tudo, gratuitamente, porque esse florescimento parece imposs\u00edvel para o deserto feito de areia seca. O convite do Papa, portanto, \u00e9 para salvaguardar essa gratuidade: o pecado \u00e9 o desejo de querer se redimir a si mesmo.<\/p>\n<p>Sua reflex\u00e3o parte da liturgia de hoje, \u00e0 espera do Natal, que &#8220;nos coloca diante de dois desertos&#8221;, ou seja, de duas mulheres est\u00e9reis: Isabel e a m\u00e3e de Sans\u00e3o. No Evangelho, a hist\u00f3ria de Isabel faz pensar depois na hist\u00f3ria de Abra\u00e3o e Sara. &#8220;A esterilidade \u00e9 um deserto&#8221;, enfatiza o Papa &#8220;porque&#8221; uma mulher est\u00e9ril termina ali, sem descend\u00eancia&#8221;. No entanto, ambas s\u00e3o &#8220;mulheres de f\u00e9&#8221; e confiam no Senhor:<\/p>\n<p>E o Senhor faz o deserto florescer. Ambas as mulheres concebem e d\u00e3o \u00e0 luz. \u201cPadre, isso \u00e9 um milagre?\u201d N\u00e3o, \u00e9 mais do que um milagre: \u00e9 a base, \u00e9 precisamente o fundamento da nossa f\u00e9. Ambas concebem porque Deus \u00e9 capaz de mudar tudo, mesmo as leis da natureza; \u00e9 capaz de abrir caminho para sua Palavra. Os dons de Deus s\u00e3o gratuidade. E essa vida de ambas as mulheres \u00e9 a express\u00e3o da gratuidade de Deus.<\/p>\n<p><strong>S\u00e3o Jo\u00e3o Batista e Sans\u00e3o, s\u00edmbolos da gratuidade da salva\u00e7\u00e3o<\/strong><\/p>\n<p>Quer Jo\u00e3o Batista como Sans\u00e3o s\u00e3o, portanto, &#8220;gratuidade de Deus&#8221;. Antes ainda, &#8220;s\u00e3o o s\u00edmbolo &#8211; digamos assim &#8211; da gratuidade em nossa salva\u00e7\u00e3o&#8221;, afirma o Papa, porque &#8220;ningu\u00e9m pode salvar a si mesmo&#8221;. &#8220;O \u00fanico que salva \u00e9 o Senhor&#8221;, o \u00fanico capaz de nos salvar de nossas mis\u00e9rias e brutalidades, e &#8220;se voc\u00ea n\u00e3o confiar na gratuidade da salva\u00e7\u00e3o do Senhor, n\u00e3o ser\u00e1 salvo&#8221;, sublinha. \u00c9 preciso, portanto, ter f\u00e9, que tamb\u00e9m \u00e9 um dom de Deus.<\/p>\n<p><strong>Somos est\u00e9reis, tudo \u00e9 gra\u00e7a<\/strong><\/p>\n<p>Precisamente para enfatizar o sentido da gra\u00e7a, Francisco se refere a Santo Agostinho, exortando a abrir o cora\u00e7\u00e3o \u00e0 gratuidade:<\/p>\n<p>Ningu\u00e9m de n\u00f3s merece salva\u00e7\u00e3o. Ningu\u00e9m! &#8220;Mas eu rezo, jejuo &#8230;&#8221;. Sim, isso far\u00e1 bem a voc\u00ea, mas se n\u00e3o houver essa gratuidade no in\u00edcio de tudo isso, n\u00e3o existe a possibilidade. N\u00f3s somos est\u00e9reis. Todos. Est\u00e9reis para a vida de gra\u00e7a, est\u00e9reis para ir para o c\u00e9u, est\u00e9reis para conceber a santidade. Somente, a gratuidade. E por isso n\u00f3s n\u00e3o podemos nos vangloriar de ser justos. &#8220;Padre, sou cat\u00f3lico, sou cat\u00f3lica, vou \u00e0 Missa no domingo, perten\u00e7o a essa associa\u00e7\u00e3o, a essa, a essa, \u00e0quela &#8230;&#8221; &#8211; &#8220;E me diga: voc\u00ea est\u00e1 comprando sua salva\u00e7\u00e3o assim? Voc\u00ea acredita que isso vai te salvar?&#8221;. Somente ajudar\u00e1 voc\u00ea a ser salvo se acreditar na gratuidade do dom de Deus. Tudo \u00e9 gra\u00e7a.<\/p>\n<p>\u00c9 por isso que somos chamados a adorar o Senhor e agradec\u00ea-lo por &#8220;tanta gra\u00e7a&#8221;.<\/p>\n<p><strong>Louvar o Senhor por tudo o que Ele nos d\u00e1 gratuitamente<\/strong><\/p>\n<p>Estas duas mulheres, depois, ent\u00e3o, \u00e0 luz a filhos que ser\u00e3o grandes na hist\u00f3ria, destaca o Papa, concentrando-se em particular na hist\u00f3ria de Sans\u00e3o que, grande lutador e homem forte, depois de ter salvo o povo dos filisteus, \u201ctalvez n\u00e3o tenha cuidado da gratuidade do dom recebido&#8221;, cometeu um erro, caindo nas m\u00e3os de uma mulher que o vendeu aos filisteus. Por\u00e9m depois se recomp\u00f4s.<\/p>\n<p>O Papa recorda sua hist\u00f3ria precisamente para lembrar que &#8220;somos todos pecadores e o pecado \u00e9 n\u00e3o custodiar a gratuidade&#8221;: Mas, tenho consci\u00eancia de que o pecado \u00e9 n\u00e3o custodiar a gratuidade? E quando vou confessar, o que fa\u00e7o? Conto os pecados como um papagaio ou os conto porque sinto que arrisquei o dom da gratuidade para ter algo meu? Custodiar a gratuidade e pensar em Sans\u00e3o: eleito, bom, que no final de sua vida teve um deslize, depois se recomp\u00f4s. Mas n\u00f3s podemos, n\u00f3s podemos escorregar e acreditarmo-nos redentores de n\u00f3s mesmos. O pecado \u00e9 isso. O pecado \u00e9 o desejo de redimir a n\u00f3s mesmos. Nestes dias antes do Natal, louvemos ao Senhor pela gratuidade da salva\u00e7\u00e3o, pela gratuidade da vida, por tudo o que nos d\u00e1 de gra\u00e7a. Tudo \u00e9 gra\u00e7a.<br \/>\nO convite final \u00e9, portanto, refletir sobre se custodiamos esta gratuidade ou a colocamos em risco com nossos pecados.<\/p>\n<hr \/>\n<p><em>Fonte: Vatican News<\/em><\/p>\n","protected":false},"excerpt":{"rendered":"<p>Missa em Santa Marta<\/p>\n","protected":false},"author":3,"featured_media":215163,"comment_status":"open","ping_status":"open","sticky":false,"template":"","format":"standard","meta":[],"categories":[1428],"tags":[829],"acf":[],"yoast_head":"<!-- This site is optimized with the Yoast SEO plugin v19.2 - https:\/\/yoast.com\/wordpress\/plugins\/seo\/ -->\n<title>Papa: o Senhor faz florescer o deserto, \u00e9 a gratuidade da salva\u00e7\u00e3o - Not\u00edcias - Franciscanos<\/title>\n<meta name=\"robots\" content=\"index, follow, max-snippet:-1, max-image-preview:large, max-video-preview:-1\" \/>\n<link rel=\"canonical\" href=\"https:\/\/franciscanos.org.br\/noticias\/papa-o-senhor-faz-florescer-o-deserto-e-a-gratuidade-da-salvacao.html\" \/>\n<meta property=\"og:locale\" content=\"pt_BR\" \/>\n<meta property=\"og:type\" content=\"article\" \/>\n<meta property=\"og:title\" content=\"Papa: o Senhor faz florescer o deserto, \u00e9 a gratuidade da salva\u00e7\u00e3o - Not\u00edcias - Franciscanos\" \/>\n<meta property=\"og:description\" content=\"Missa em Santa Marta\" \/>\n<meta property=\"og:url\" content=\"https:\/\/franciscanos.org.br\/noticias\/papa-o-senhor-faz-florescer-o-deserto-e-a-gratuidade-da-salvacao.html\" \/>\n<meta property=\"og:site_name\" content=\"Not\u00edcias - Franciscanos\" \/>\n<meta property=\"article:published_time\" content=\"2019-12-19T15:26:30+00:00\" \/>\n<meta property=\"article:modified_time\" content=\"2020-06-06T11:26:44+00:00\" \/>\n<meta property=\"og:image\" content=\"https:\/\/franciscanos.org.br\/noticias\/wp-content\/uploads\/2019\/12\/marta_1912d.jpg\" \/>\n\t<meta property=\"og:image:width\" content=\"273\" \/>\n\t<meta property=\"og:image:height\" content=\"181\" \/>\n\t<meta property=\"og:image:type\" content=\"image\/jpeg\" \/>\n<meta name=\"author\" content=\"moacir\" \/>\n<meta name=\"twitter:card\" content=\"summary_large_image\" \/>\n<meta name=\"twitter:label1\" content=\"Escrito por\" \/>\n\t<meta name=\"twitter:data1\" content=\"moacir\" \/>\n\t<meta name=\"twitter:label2\" content=\"Est. tempo de leitura\" \/>\n\t<meta name=\"twitter:data2\" content=\"4 minutos\" \/>\n<script type=\"application\/ld+json\" class=\"yoast-schema-graph\">{\"@context\":\"https:\/\/schema.org\",\"@graph\":[{\"@type\":\"WebSite\",\"@id\":\"https:\/\/franciscanos.org.br\/noticias\/#website\",\"url\":\"https:\/\/franciscanos.org.br\/noticias\/\",\"name\":\"Not\u00edcias - Franciscanos\",\"description\":\"Prov\u00edncia Franciscana da Imaculada Concei\u00e7\u00e3o do Brasil - Ordem dos Frades Menores - OFM\",\"potentialAction\":[{\"@type\":\"SearchAction\",\"target\":{\"@type\":\"EntryPoint\",\"urlTemplate\":\"https:\/\/franciscanos.org.br\/noticias\/?s={search_term_string}\"},\"query-input\":\"required name=search_term_string\"}],\"inLanguage\":\"pt-BR\"},{\"@type\":\"ImageObject\",\"inLanguage\":\"pt-BR\",\"@id\":\"https:\/\/franciscanos.org.br\/noticias\/papa-o-senhor-faz-florescer-o-deserto-e-a-gratuidade-da-salvacao.html#primaryimage\",\"url\":\"https:\/\/franciscanos.org.br\/noticias\/wp-content\/uploads\/2019\/12\/marta_1912d.jpg\",\"contentUrl\":\"https:\/\/franciscanos.org.br\/noticias\/wp-content\/uploads\/2019\/12\/marta_1912d.jpg\",\"width\":273,\"height\":181},{\"@type\":\"WebPage\",\"@id\":\"https:\/\/franciscanos.org.br\/noticias\/papa-o-senhor-faz-florescer-o-deserto-e-a-gratuidade-da-salvacao.html#webpage\",\"url\":\"https:\/\/franciscanos.org.br\/noticias\/papa-o-senhor-faz-florescer-o-deserto-e-a-gratuidade-da-salvacao.html\",\"name\":\"Papa: o Senhor faz florescer o deserto, \u00e9 a gratuidade da salva\u00e7\u00e3o - Not\u00edcias - Franciscanos\",\"isPartOf\":{\"@id\":\"https:\/\/franciscanos.org.br\/noticias\/#website\"},\"primaryImageOfPage\":{\"@id\":\"https:\/\/franciscanos.org.br\/noticias\/papa-o-senhor-faz-florescer-o-deserto-e-a-gratuidade-da-salvacao.html#primaryimage\"},\"datePublished\":\"2019-12-19T15:26:30+00:00\",\"dateModified\":\"2020-06-06T11:26:44+00:00\",\"author\":{\"@id\":\"https:\/\/franciscanos.org.br\/noticias\/#\/schema\/person\/b5c8cba458c330ccff548b056e95a5d4\"},\"breadcrumb\":{\"@id\":\"https:\/\/franciscanos.org.br\/noticias\/papa-o-senhor-faz-florescer-o-deserto-e-a-gratuidade-da-salvacao.html#breadcrumb\"},\"inLanguage\":\"pt-BR\",\"potentialAction\":[{\"@type\":\"ReadAction\",\"target\":[\"https:\/\/franciscanos.org.br\/noticias\/papa-o-senhor-faz-florescer-o-deserto-e-a-gratuidade-da-salvacao.html\"]}]},{\"@type\":\"BreadcrumbList\",\"@id\":\"https:\/\/franciscanos.org.br\/noticias\/papa-o-senhor-faz-florescer-o-deserto-e-a-gratuidade-da-salvacao.html#breadcrumb\",\"itemListElement\":[{\"@type\":\"ListItem\",\"position\":1,\"name\":\"Home\",\"item\":\"https:\/\/franciscanos.org.br\/noticias\"},{\"@type\":\"ListItem\",\"position\":2,\"name\":\"Papa: o Senhor faz florescer o deserto, \u00e9 a gratuidade da salva\u00e7\u00e3o\"}]},{\"@type\":\"Person\",\"@id\":\"https:\/\/franciscanos.org.br\/noticias\/#\/schema\/person\/b5c8cba458c330ccff548b056e95a5d4\",\"name\":\"moacir\",\"image\":{\"@type\":\"ImageObject\",\"inLanguage\":\"pt-BR\",\"@id\":\"https:\/\/franciscanos.org.br\/noticias\/#\/schema\/person\/image\/\",\"url\":\"https:\/\/secure.gravatar.com\/avatar\/d08aa2ce4c8dd416d4479aa8536fcf64?s=96&d=mm&r=g\",\"contentUrl\":\"https:\/\/secure.gravatar.com\/avatar\/d08aa2ce4c8dd416d4479aa8536fcf64?s=96&d=mm&r=g\",\"caption\":\"moacir\"},\"url\":\"https:\/\/franciscanos.org.br\/noticias\/author\/moacir\"}]}<\/script>\n<!-- \/ Yoast SEO plugin. -->","yoast_head_json":{"title":"Papa: o Senhor faz florescer o deserto, \u00e9 a gratuidade da salva\u00e7\u00e3o - Not\u00edcias - Franciscanos","robots":{"index":"index","follow":"follow","max-snippet":"max-snippet:-1","max-image-preview":"max-image-preview:large","max-video-preview":"max-video-preview:-1"},"canonical":"https:\/\/franciscanos.org.br\/noticias\/papa-o-senhor-faz-florescer-o-deserto-e-a-gratuidade-da-salvacao.html","og_locale":"pt_BR","og_type":"article","og_title":"Papa: o Senhor faz florescer o deserto, \u00e9 a gratuidade da salva\u00e7\u00e3o - Not\u00edcias - Franciscanos","og_description":"Missa em Santa Marta","og_url":"https:\/\/franciscanos.org.br\/noticias\/papa-o-senhor-faz-florescer-o-deserto-e-a-gratuidade-da-salvacao.html","og_site_name":"Not\u00edcias - Franciscanos","article_published_time":"2019-12-19T15:26:30+00:00","article_modified_time":"2020-06-06T11:26:44+00:00","og_image":[{"width":273,"height":181,"url":"https:\/\/franciscanos.org.br\/noticias\/wp-content\/uploads\/2019\/12\/marta_1912d.jpg","type":"image\/jpeg"}],"author":"moacir","twitter_card":"summary_large_image","twitter_misc":{"Escrito por":"moacir","Est. tempo de leitura":"4 minutos"},"schema":{"@context":"https:\/\/schema.org","@graph":[{"@type":"WebSite","@id":"https:\/\/franciscanos.org.br\/noticias\/#website","url":"https:\/\/franciscanos.org.br\/noticias\/","name":"Not\u00edcias - Franciscanos","description":"Prov\u00edncia Franciscana da Imaculada Concei\u00e7\u00e3o do Brasil - Ordem dos Frades Menores - OFM","potentialAction":[{"@type":"SearchAction","target":{"@type":"EntryPoint","urlTemplate":"https:\/\/franciscanos.org.br\/noticias\/?s={search_term_string}"},"query-input":"required name=search_term_string"}],"inLanguage":"pt-BR"},{"@type":"ImageObject","inLanguage":"pt-BR","@id":"https:\/\/franciscanos.org.br\/noticias\/papa-o-senhor-faz-florescer-o-deserto-e-a-gratuidade-da-salvacao.html#primaryimage","url":"https:\/\/franciscanos.org.br\/noticias\/wp-content\/uploads\/2019\/12\/marta_1912d.jpg","contentUrl":"https:\/\/franciscanos.org.br\/noticias\/wp-content\/uploads\/2019\/12\/marta_1912d.jpg","width":273,"height":181},{"@type":"WebPage","@id":"https:\/\/franciscanos.org.br\/noticias\/papa-o-senhor-faz-florescer-o-deserto-e-a-gratuidade-da-salvacao.html#webpage","url":"https:\/\/franciscanos.org.br\/noticias\/papa-o-senhor-faz-florescer-o-deserto-e-a-gratuidade-da-salvacao.html","name":"Papa: o Senhor faz florescer o deserto, \u00e9 a gratuidade da salva\u00e7\u00e3o - Not\u00edcias - Franciscanos","isPartOf":{"@id":"https:\/\/franciscanos.org.br\/noticias\/#website"},"primaryImageOfPage":{"@id":"https:\/\/franciscanos.org.br\/noticias\/papa-o-senhor-faz-florescer-o-deserto-e-a-gratuidade-da-salvacao.html#primaryimage"},"datePublished":"2019-12-19T15:26:30+00:00","dateModified":"2020-06-06T11:26:44+00:00","author":{"@id":"https:\/\/franciscanos.org.br\/noticias\/#\/schema\/person\/b5c8cba458c330ccff548b056e95a5d4"},"breadcrumb":{"@id":"https:\/\/franciscanos.org.br\/noticias\/papa-o-senhor-faz-florescer-o-deserto-e-a-gratuidade-da-salvacao.html#breadcrumb"},"inLanguage":"pt-BR","potentialAction":[{"@type":"ReadAction","target":["https:\/\/franciscanos.org.br\/noticias\/papa-o-senhor-faz-florescer-o-deserto-e-a-gratuidade-da-salvacao.html"]}]},{"@type":"BreadcrumbList","@id":"https:\/\/franciscanos.org.br\/noticias\/papa-o-senhor-faz-florescer-o-deserto-e-a-gratuidade-da-salvacao.html#breadcrumb","itemListElement":[{"@type":"ListItem","position":1,"name":"Home","item":"https:\/\/franciscanos.org.br\/noticias"},{"@type":"ListItem","position":2,"name":"Papa: o Senhor faz florescer o deserto, \u00e9 a gratuidade da salva\u00e7\u00e3o"}]},{"@type":"Person","@id":"https:\/\/franciscanos.org.br\/noticias\/#\/schema\/person\/b5c8cba458c330ccff548b056e95a5d4","name":"moacir","image":{"@type":"ImageObject","inLanguage":"pt-BR","@id":"https:\/\/franciscanos.org.br\/noticias\/#\/schema\/person\/image\/","url":"https:\/\/secure.gravatar.com\/avatar\/d08aa2ce4c8dd416d4479aa8536fcf64?s=96&d=mm&r=g","contentUrl":"https:\/\/secure.gravatar.com\/avatar\/d08aa2ce4c8dd416d4479aa8536fcf64?s=96&d=mm&r=g","caption":"moacir"},"url":"https:\/\/franciscanos.org.br\/noticias\/author\/moacir"}]}},"_links":{"self":[{"href":"https:\/\/franciscanos.org.br\/noticias\/wp-json\/wp\/v2\/posts\/215159"}],"collection":[{"href":"https:\/\/franciscanos.org.br\/noticias\/wp-json\/wp\/v2\/posts"}],"about":[{"href":"https:\/\/franciscanos.org.br\/noticias\/wp-json\/wp\/v2\/types\/post"}],"author":[{"embeddable":true,"href":"https:\/\/franciscanos.org.br\/noticias\/wp-json\/wp\/v2\/users\/3"}],"replies":[{"embeddable":true,"href":"https:\/\/franciscanos.org.br\/noticias\/wp-json\/wp\/v2\/comments?post=215159"}],"version-history":[{"count":1,"href":"https:\/\/franciscanos.org.br\/noticias\/wp-json\/wp\/v2\/posts\/215159\/revisions"}],"predecessor-version":[{"id":224460,"href":"https:\/\/franciscanos.org.br\/noticias\/wp-json\/wp\/v2\/posts\/215159\/revisions\/224460"}],"wp:featuredmedia":[{"embeddable":true,"href":"https:\/\/franciscanos.org.br\/noticias\/wp-json\/wp\/v2\/media\/215163"}],"wp:attachment":[{"href":"https:\/\/franciscanos.org.br\/noticias\/wp-json\/wp\/v2\/media?parent=215159"}],"wp:term":[{"taxonomy":"category","embeddable":true,"href":"https:\/\/franciscanos.org.br\/noticias\/wp-json\/wp\/v2\/categories?post=215159"},{"taxonomy":"post_tag","embeddable":true,"href":"https:\/\/franciscanos.org.br\/noticias\/wp-json\/wp\/v2\/tags?post=215159"}],"curies":[{"name":"wp","href":"https:\/\/api.w.org\/{rel}","templated":true}]}}