{"id":215140,"date":"2020-01-10T23:30:11","date_gmt":"2020-01-11T02:30:11","guid":{"rendered":"https:\/\/franciscanos.org.br\/noticias\/?p=215140"},"modified":"2020-01-27T18:05:21","modified_gmt":"2020-01-27T21:05:21","slug":"xaxim-abraca-a-juventude-da-provincia","status":"publish","type":"post","link":"https:\/\/franciscanos.org.br\/noticias\/xaxim-abraca-a-juventude-da-provincia.html","title":{"rendered":"Xaxim abra\u00e7a a  juventude da Prov\u00edncia"},"content":{"rendered":"<p><img loading=\"lazy\" src=\"https:\/\/franciscanos.org.br\/noticias\/wp-content\/uploads\/2019\/12\/xaxim-840-a.jpg\" alt=\"\" width=\"840\" height=\"473\" \/><\/p>\n<p><strong>Moacir Beggo<\/strong><\/p>\n<p><img loading=\"lazy\" class=\"size-full wp-image-215143 alignright\" src=\"https:\/\/franciscanos.org.br\/noticias\/wp-content\/uploads\/2019\/12\/xaxim-igreja-450.jpg\" alt=\"\" width=\"450\" height=\"800\" srcset=\"https:\/\/franciscanos.org.br\/noticias\/wp-content\/uploads\/2019\/12\/xaxim-igreja-450.jpg 450w, https:\/\/franciscanos.org.br\/noticias\/wp-content\/uploads\/2019\/12\/xaxim-igreja-450-253x450.jpg 253w, https:\/\/franciscanos.org.br\/noticias\/wp-content\/uploads\/2019\/12\/xaxim-igreja-450-150x267.jpg 150w\" sizes=\"(max-width: 450px) 100vw, 450px\" \/>Na cidade com o nome de uma das esp\u00e9cies vegetais que leva at\u00e9 100 anos para atingir a idade adulta, a juventude da Prov\u00edncia Franciscana da Imaculada Concei\u00e7\u00e3o vai se encontrar em casa. De 29 de janeiro a 2 de fevereiro, Xaxim sediar\u00e1 a s\u00e9tima edi\u00e7\u00e3o das Miss\u00f5es Franciscanas da Juventude, um evento que se tornou internacional ao sediar conjuntamente a Serata Laudato Si\u2019, evento cultural da Ordem dos Frades Menores que promove a mensagem da Enc\u00edclica Laudato Si\u2019 sobre o cuidado da Casa Comum, escrita pelo Papa Francisco. N\u00e3o bastasse isso para uma introdu\u00e7\u00e3o, o evento tamb\u00e9m ficar\u00e1 ainda mais grandioso com as festividades do Ano Jubilar da Par\u00f3quia S\u00e3o Luiz Gonzaga, a anfitri\u00e3 que foi criada h\u00e1 80 anos.<\/p>\n<p>Mais de 700 jovens, oriundos de todo o territ\u00f3rio da Prov\u00edncia (de Santa Catarina ao Esp\u00edrito Santo), viver\u00e3o grandes emo\u00e7\u00f5es neste evento evangelizador, formativo e celebrativo. In\u00fameras oficinas abordar\u00e3o quest\u00f5es relativas ao servi\u00e7o de Justi\u00e7a, Paz e Integridade da Cria\u00e7\u00e3o, de modo que estas Miss\u00f5es ser\u00e3o fortemente marcadas pelas quest\u00f5es da ecologia, da justi\u00e7a, da migra\u00e7\u00e3o, do respeito \u00e0 natureza, do bem viver e da simplicidade, valores t\u00e3o pr\u00f3prios do carisma franciscano e t\u00e3o urgentes e necess\u00e1rios para os nossos tempos.<\/p>\n<p>Esse evento re\u00fane dois momentos marcantes do Pontificado do Papa Francisco: a Igreja em sa\u00edda e o cuidado da Casa Comum. Por isso, o tema e o lema ser\u00e3o: \u201cE Deus viu que tudo era muito bom\u201d e \u201cGuardi\u00f5es das rela\u00e7\u00f5es com Deus, com o pr\u00f3ximo e com a casa comum\u201d. Para o coordenador do Servi\u00e7o de Anima\u00e7\u00e3o Vocacional da Prov\u00edncia, Frei Diego Melo, que tamb\u00e9m \u00e9 respons\u00e1vel pelo servi\u00e7o provincial de Justi\u00e7a, Paz e Integridade da Cria\u00e7\u00e3o (JPIC), uma das grandes expectativas \u00e9 quanto \u00e0 tem\u00e1tica e o aprofundamento da Enc\u00edclica Laudato Si\u2019. \u201cNossos jovens j\u00e1 est\u00e3o se aprofundando, atrav\u00e9s da leitura e estudo em grupos desse documento, de modo que a Miss\u00e3o ser\u00e1 a coroa\u00e7\u00e3o de uma caminhada feita ao longo desse semestre nas bases e nos grupos de jovens\u201d, adianta o frade.<\/p>\n<p>A juventude da regi\u00e3o Oeste de Santa Catarina promete fazer um evento \u00e0 altura do que aconteceu no Rio de Janeiro e que superou todas as expectativas nos \u00faltimos anos. De uma coisa os jovens n\u00e3o poder\u00e3o reclamar: ter\u00e3o uma forma\u00e7\u00e3o franciscana e ecol\u00f3gica de melhor qualidade. A primeira palestra ter\u00e1 o Coordenador do Justi\u00e7a, Paz e Integridade da Cria\u00e7\u00e3o da Ordem Frades Menores, Frei Jaime Campos, que vir\u00e1 de Roma para ajudar nossa juventude a entender a import\u00e2ncia desse servi\u00e7o para a nossa Igreja e sociedade. A segunda palestra \u00e9 de ningu\u00e9m menos do que a antrop\u00f3loga e leiga franciscana, Moema Miranda, que acabou de retornar do S\u00ednodo em Roma. Ela vai abordar o tema Laudato Si\u2019 para os nossos dias, bem como as suas consequ\u00eancias pr\u00e1ticas em nossas vidas. A terceira palestra, j\u00e1 no dia seguinte (30\/01), ter\u00e1 Igor Bastos, que \u00e9 o coordenador no Brasil do Movimento Cat\u00f3lico Global pelo Clima e tamb\u00e9m \u00e9 da Jufra (Juventude Franciscana), para falar sobre a import\u00e2ncia de os jovens assumirem o protagonismo na evangeliza\u00e7\u00e3o.<\/p>\n<p><img loading=\"lazy\" src=\"https:\/\/franciscanos.org.br\/noticias\/wp-content\/uploads\/2019\/12\/xaxim-840-carinha.jpg\" alt=\"\" width=\"840\" height=\"226\" \/><\/p>\n<p>\u201cNossos assessores (palestrantes) s\u00e3o nomes de refer\u00eancia nacional e internacional, o que qualificar\u00e1 ainda mais a profundidade das discuss\u00f5es e reflex\u00f5es\u201d, comemora Frei Diego. \u201cAssim, a grande novidade dessa Miss\u00e3o \u00e9 exatamente colocarmos em pauta, de modo mais enf\u00e1tico, a discuss\u00e3o sobre essa dimens\u00e3o evangelizadora de nossa f\u00e9 e que nem sempre \u00e9 t\u00e3o valorizada em nossas igrejas e comunidades. Evidentemente que, por se tratar de uma Miss\u00e3o Juvenil, essas tem\u00e1ticas tamb\u00e9m ser\u00e3o abordadas atrav\u00e9s da m\u00fasica, da dan\u00e7a, do teatro, das m\u00edsticas e de tantas outras atividades, de modo que tudo seja transmitido de modo atrativo, interativo e jovial. E aqui se insere a Serata Laudato Si\u2019, que \u00e9 um evento promovido pela C\u00faria Geral da Ordem dos Frades Menores\u201d, explica Frei Diego.<\/p>\n<p>O autor e diretor do musical \u201cFrancisco de Assis\u201d, Ciro Barcelos, conhecido nacional e internacionalmente, vai apresentar em Xaxim o \u201cAuto de S\u00e3o Francisco\u201d. Nessa pe\u00e7a, ele retomar\u00e1 e adaptar\u00e1 partes do seu musical \u201cFrancisco de Assis\u201d e do \u201cEco-Show\u201d.<\/p>\n<p><img loading=\"lazy\" class=\" wp-image-215146 alignright\" src=\"https:\/\/franciscanos.org.br\/noticias\/wp-content\/uploads\/2019\/12\/xaxim-logo.jpg\" alt=\"\" width=\"332\" height=\"972\" srcset=\"https:\/\/franciscanos.org.br\/noticias\/wp-content\/uploads\/2019\/12\/xaxim-logo.jpg 369w, https:\/\/franciscanos.org.br\/noticias\/wp-content\/uploads\/2019\/12\/xaxim-logo-154x450.jpg 154w, https:\/\/franciscanos.org.br\/noticias\/wp-content\/uploads\/2019\/12\/xaxim-logo-350x1024.jpg 350w, https:\/\/franciscanos.org.br\/noticias\/wp-content\/uploads\/2019\/12\/xaxim-logo-150x439.jpg 150w\" sizes=\"(max-width: 332px) 100vw, 332px\" \/>\u201cCreio que a presen\u00e7a do Ciro Barcelos na MFJ, al\u00e9m de ser o coroamento da Serata Laudato Si\u2019, mostrar\u00e1 aos jovens que \u00e9 poss\u00edvel, a partir das diferentes profiss\u00f5es e caminhos, viver e divulgar o carisma franciscano. Certamente, ser\u00e1 um bonito testemunho do trabalho de evangeliza\u00e7\u00e3o realizado com qualidade e profissionalismo\u201d, acredita Frei Diego.<\/p>\n<p>Segundo Frei Diego, sediar esse evento internacional, mostrar\u00e1 aos nossos jovens e \u00e0 nossa Prov\u00edncia que estamos em sintonia com um grupo muito grande de pessoas de todo o mundo que acreditam e lutam pelos mesmos valores. \u201cEm tempos de divis\u00f5es e polariza\u00e7\u00f5es, reafirmar a unidade e a parceria torna-se um ato prof\u00e9tico e necess\u00e1rio\u201d, ressalta o frade.<\/p>\n<p><strong>SERATA LAUDATO SI\u2019<\/strong><\/p>\n<p>A \u201cSerata Laudato Si\u2019\u201d, a que Frei Diego se refere, \u00e9 um evento cultural que promove a mensagem da Enc\u00edclica Laudato Si\u2019, sobre o cuidado da Casa Comum, escrita pelo Papa Francisco. Ela ir\u00e1 acontecer pela terceira vez depois do lan\u00e7amento da Enc\u00edlica Laudato Si\u2019. A primeira foi em Roma e a segunda na Cidade do Panam\u00e1. O objetivo \u00e9 conscientizar sobre a crise clim\u00e1tica, atrav\u00e9s da arte, da cultura e da m\u00fasica, bem como proporcionar um espa\u00e7o de convers\u00e3o ecol\u00f3gica em favor das gera\u00e7\u00f5es futuras.<\/p>\n<p>A terceira edi\u00e7\u00e3o da \u201cSerata Laudato Si\u2019\u201d ser\u00e1 organizada conjuntamente com as Miss\u00f5es Franciscanas da Juventude e o departamento de Justi\u00e7a, Paz e Integridade da Cria\u00e7\u00e3o (JPIC) da Ordem dos Frades Menores. A promo\u00e7\u00e3o e a viv\u00eancia dos valores da Enc\u00edclica Laudato Si\u2019 \u00e9 o que tem fortalecido essas organiza\u00e7\u00f5es em um trabalho conjunto para organizar essa nova vers\u00e3o da \u201cSerata Laudato Si\u2019\u201d.<\/p>\n<p>As Miss\u00f5es Franciscanas da Juventude \u00e9 um evento promovido pela Prov\u00edncia Franciscana da Imaculada Concei\u00e7\u00e3o do Brasil, voltado para jovens que desejam vivenciar um tempo forte de ora\u00e7\u00e3o, reflex\u00e3o e miss\u00e3o de solidariedade e encontro com as mais variadas periferias geogr\u00e1ficas e existenciais.<\/p>\n<p>A Justi\u00e7a, Paz e Integridade da Cria\u00e7\u00e3o (JPIC) \u00e9 um departamento da Ordem dos Frades Menores que se empenha para que estes valores mencionados sejam parte da vida e miss\u00e3o dos franciscanos. Por meio da op\u00e7\u00e3o pelo cuidado da cria\u00e7\u00e3o, promovem diversas a\u00e7\u00f5es e contribui\u00e7\u00f5es com subs\u00eddios para a Fam\u00edlia Franciscana, para Igreja e para a sociedade civil.<\/p>\n<p>\u00c9 poss\u00edvel necessitar de pouco e viver muito, sobretudo quando se \u00e9 capaz de dar espa\u00e7o a outros prazeres, encontrando satisfa\u00e7\u00e3o nos encontros fraternos, no servi\u00e7o, na frutifica\u00e7\u00e3o dos pr\u00f3prios carismas, na m\u00fasica e na arte, no contato com a natureza, na ora\u00e7\u00e3o. A felicidade exige saber limitar algumas necessidades que nos entorpecem, permanecendo assim dispon\u00edveis para as m\u00faltiplas possibilidades que a vida oferece\u201d. (LS 223)<\/p>\n<p><strong>PRONTOS PARA A ACOLHIDA<\/strong><\/p>\n<p>Para Suzana Cuprinski, da equipe de Coordena\u00e7\u00e3o das Miss\u00f5es, a expectativa \u00e9 que tudo ocorra dentro do que est\u00e1 sendo planejado. \u201cQue nossos mission\u00e1rios se sintam \u00e0 vontade e bem acolhidos pelas nossas comunidades e que, ao final, dessa miss\u00e3o possam dizer: \u2018Que bom que eu vim participar, valeu a pena cada segundo!\u2019. E que S\u00e3o Luiz Gonzaga, Padroeiro da Juventude e de nossa Par\u00f3quia, nos ilumine!\u201d<\/p>\n<p>Cleci Sorgatto Mendo, que tamb\u00e9m \u00e9 da coordena\u00e7\u00e3o, espera que essas miss\u00f5es renovem a juventude espiritualmente. \u201cQue esse evento ajude a surgir pessoas mais engajadas na f\u00e9 e no compromisso com nossa Igreja e com o Reino de Deus. E que todos que aqui vierem saiam renovados como aconteceu nas outras miss\u00f5es. Ansiosos aguardamos muitos jovens, pois estamos nos preparando para bem acolher a todos\u201d, garante.<\/p>\n<p>Para Leonor Cuprinski, o sentimento \u00e9 de felicidade. \u201cTemos a certeza que os jovens vir\u00e3o para trazer um novo \u00e2nimo para todos n\u00f3s. E a caminhada est\u00e1 bonita. Cada evento que fazemos em prol da organiza\u00e7\u00e3o das Miss\u00f5es temos tido uma \u00f3tima participa\u00e7\u00e3o da comunidade. O desejo \u00e9 que todos que vierem a Xaxim, e tamb\u00e9m todas as pessoas de nossa comunidade, sintam-se muito bem durante as Miss\u00f5es e que possam ao final delas sa\u00edrem renovados e com o esp\u00edrito alegre para continuar a caminhada\u201d, deseja.<\/p>\n<h2>Xaxim, o cora\u00e7\u00e3o verde do Oeste<\/h2>\n<p><img loading=\"lazy\" class=\"alignnone wp-image-216224 size-full\" src=\"https:\/\/franciscanos.org.br\/noticias\/wp-content\/uploads\/2020\/01\/portal_230120.jpg\" alt=\"\" width=\"1200\" height=\"630\" srcset=\"https:\/\/franciscanos.org.br\/noticias\/wp-content\/uploads\/2020\/01\/portal_230120.jpg 1200w, https:\/\/franciscanos.org.br\/noticias\/wp-content\/uploads\/2020\/01\/portal_230120-450x236.jpg 450w, https:\/\/franciscanos.org.br\/noticias\/wp-content\/uploads\/2020\/01\/portal_230120-1024x538.jpg 1024w, https:\/\/franciscanos.org.br\/noticias\/wp-content\/uploads\/2020\/01\/portal_230120-768x403.jpg 768w, https:\/\/franciscanos.org.br\/noticias\/wp-content\/uploads\/2020\/01\/portal_230120-150x79.jpg 150w\" sizes=\"(max-width: 1200px) 100vw, 1200px\" \/><\/p>\n<p>Conhecida como Cora\u00e7\u00e3o Verde do Oeste, Xaxim preza pela preserva\u00e7\u00e3o ambiental e a sadia qualidade de vida. Ruas arborizadas, pra\u00e7as e \u00e1reas verdes d\u00e3o o sustento ao verde da esperan\u00e7a alicer\u00e7ado na consci\u00eancia de preserva\u00e7\u00e3o propagada entre mun\u00edcipes. Seu povo, com cerca de 30 mil habitantes, \u00e9 hospitaleiro, alegre e entusiasta. O munic\u00edpio possui uma \u00e1rea de 294,715 km\u00b2.<\/p>\n<p>Quem chega na cidade surpreende-se com a majestosa Matriz S\u00e3o Luiz Gonzaga. O seu Padroeiro \u00e9 festejado em junho, mas quem anda roubando a festa \u00e9 um frade franciscano que nem chegou \u00e0 gl\u00f3ria dos c\u00e9us segundo os c\u00e2nones do Vaticano, mas que j\u00e1 ganhou os cora\u00e7\u00f5es dos xaxienses e catarinenses: Frei Bruno Linden. Tanto que hoje a maior festa da Par\u00f3quia \u00e9 de Frei Bruno, que neste ano ser\u00e1 celebrada no dia 15 de fevereiro. Duas imagens de Frei Bruno &#8211; uma pra\u00e7a e outra na lateral externa da igreja &#8211; s\u00e3o procuradas pelos fi\u00e9is para suas devo\u00e7\u00f5es. Neste ano, o povo far\u00e1 uma grande festa para seu novo Padroeiro durante a 30\u00ba Romaria Frei Bruno, que acontece em Joa\u00e7aba, no segundo domingo da Quaresma.<\/p>\n<p>Em 1941, Frei Pl\u00e1cido lan\u00e7ou a ideia de construir uma igreja maior, de alvenaria. A planta foi feita pelo sr. Ticiano Betanin, de Guapor\u00e9 (RS) e, no ano de 1947, com o lan\u00e7amento da pedra fundamental se concretiza mais um ideal comunit\u00e1rio. Frei Bruno era o vig\u00e1rio da \u00e9poca, mas foi Frei M\u00e1rio Kneipp quem coordenou a constru\u00e7\u00e3o, realizada gra\u00e7as \u00e0s doa\u00e7\u00f5es e mutir\u00f5es que os paroquianos fizeram. No dia 6 de janeiro de 1951, a igreja foi inaugurada, com a presen\u00e7a do bispo e crisma.<\/p>\n<p>Outro orgulho da cidade \u00e9 a Sociedade Ecol\u00f3gica e do Meio Ambiente de Xaxim, Semax, organiza\u00e7\u00e3o n\u00e3o-governamental ambientalista e sem fins lucrativos fundada em maio de 1988 e que tem como objetivo a defesa do meio ambiente, promovendo atividades de preserva\u00e7\u00e3o e recupera\u00e7\u00e3o dos recursos naturais. Criada e administrada por moradores do munic\u00edpio, a Semax tem se destacado como uma das entidades ecol\u00f3gicas mais atuantes do Estado, integrando a rede de ONGs do Mercosul.<\/p>\n<p>Outro destaque da natureza s\u00e3o as cinco grutas naturais em meio a mata nativa na propriedade da fam\u00edlia Pavan.<\/p>\n<p>A Par\u00f3quia S\u00e3o Luiz Gonzaga abrange quatro munic\u00edpios: Xaxim, Lageado Grande, Marema e Entre Rios. A Fraternidade Franciscana composta por quatro frades &#8211; Frei Vanderlei da Silva Neves, guardi\u00e3o; Frei Gilson Kammer, p\u00e1roco; Frei Evaldo Ludwig, que ser\u00e1 ordenado presb\u00edtero dia 16 de fevereiro; e Frei Jacir Antonio Zolet, vig\u00e1rio paroquial &#8211; atende a 64 comunidades. Outra marca deixada pelos franciscanos na evangeliza\u00e7\u00e3o \u00e9 o Coral Arautos do Grande Rei, que foi criado por Frei Afonso Vogel.<\/p>\n<p><strong>O NOME<\/strong><\/p>\n<p>Ao longo do tempo, muitos nomes precederam \u201cXaxim\u201d. \u201cChachi\u201d, por ter sido ocupada demograficamente pelos Kaigangs que viviam do extrativismo vegetal; Bandas dos Xaxim, Passo do Xaxim, Pouso do Xaxim, devido \u00e0 ocupa\u00e7\u00e3o pelos caboclos que viviam do tropeirismo, extrativismo, agricultura e pecu\u00e1ria de subsist\u00eancia. A origem do nome tem muitas hip\u00f3teses. Uns dizem que, no munic\u00edpio existia grande quantidade de \u00e1rvores \u201cxaxim\u201d e os tropeiros chamavam de \u201cbandas de xaxim\u201d. Outros dizem que a palavra Xaxim tem origem da l\u00edngua tupi-guarani. Perto do local do pouso dos tropeiros havia uma pequena queda d\u2019\u00e1gua. X\u00e1 = pequena, Xim = queda d\u2019\u00e1gua. Juntando, ficou Xaxim. H\u00e1 tamb\u00e9m uma vers\u00e3o de que um velho kaigang, ao passar por aqui, se deparou com o t\u00e9rmino do sal que possu\u00eda. Assim, ele disse em sua l\u00edngua aos \u00edndios que o acompanhavam, \u201cx\u00e1 xi\u201d, que significa pouco, pequeno, originando assim, o nome Xaxim. Outra vers\u00e3o \u00e9 a que conta sobre o negro africano chamado Josezinho Xaxim. Este lugar, em sua homenagem, teria ganhado o nome Xaxim.<\/p>\n<p><strong>Oficinas e seus respectivos respons\u00e1veis<\/strong><\/p>\n<p>1. Experi\u00eancias Mission\u00e1rias na Angola e Amaz\u00f4nia: Frei At\u00edlio Battistuz e Frei Samuel Ferreira de Lima<br \/>\n2. Juventude e o Movimento Cat\u00f3lico Global pelo clima &#8211; Igor Bastos<br \/>\n3. Pastoral Indigenista: Jackson Ant\u00f4nio L. Santana e Irm\u00e3 Diva Nascimento Barbosa<br \/>\n4. Teatro como revolu\u00e7\u00e3o cultural a servi\u00e7o da Casa comum \u2013 Alejandro Abdala<br \/>\n5. Dan\u00e7as urbanas: a vida como express\u00e3o corporal na casa comum \u2013 Felipe Roveda Tavares<br \/>\n6. Juventudes nas par\u00f3quias &#8211; Mariana Rogoski<br \/>\n7. Masculinidade T\u00f3xica: da fragilidade \u00e0 estrutura\u00e7\u00e3o do machismo. Tha\u00eds de Oliveira e Carlos Neto<br \/>\n8. Depress\u00e3o, traumas e dramas psicol\u00f3gicos juvenis \u2013 Denise Barcelos da Silva<br \/>\n9. O ator e o movimento &#8211; despertando a energia corporal &#8211; Ciro Barcelos<br \/>\n10. Discernimento Vocacional &#8211; vida religiosa e sacerdotal \u2013 Frei Alisson Zanetti<br \/>\n11. Jufra &#8211; Juventude Franciscana \u2013 Gabriela Consolaro (Floripa)<br \/>\n12. Juventude e conflitos familiares \u2013 Ariane e Leandro Lucietto<br \/>\n13. Cultura e Dan\u00e7as ga\u00fachas \u2013 Algacir Pagnoncelli e Laurete Mella<br \/>\n14. Quais as propostas do S\u00ednodo da Amaz\u00f4nia? &#8211; Moema Miranda<br \/>\n15. Construindo um estilo de vida respons\u00e1vel e fraterno com a cria\u00e7\u00e3o &#8211; Frei Jaime Campos<br \/>\n16. Fundamentos para um engajamento social franciscano &#8211; Rafael Correa<br \/>\n17. Plantas Medicinais, guardi\u00e3s das sementes crioulas e produ\u00e7\u00e3o de alimentos org\u00e2nicos \u2013 Iraci Lopes<br \/>\n18. Cooperativismo e preserva\u00e7\u00e3o ambiental \u2013 CooperAlfa \u2013<br \/>\n19. Conhecendo a realidade dos imigrantes Haitianos \u2013 Lorenci Maria Guollo Zambenedetti<br \/>\n20. Ditadura da moda e da beleza: revendo o conceito de biotipo ideal e enfrentando os desafios e preconceitos. Tais Maximo Jasper<\/p>\n<hr \/>\n<h3><strong>Programa\u00e7\u00e3o:<\/strong><\/h3>\n<p>Quarta-feira, 29 de janeiro<br \/>\n7h \u00e0s 9h \u2013 Chegada<br \/>\n9h15 \u2013 Ora\u00e7\u00e3o Inicial (Igreja)<br \/>\n10h \u2013 Abertura oficial<br \/>\n12h \u2013 Almo\u00e7o<br \/>\n13h &#8211; Forma\u00e7\u00e3o para os guardi\u00e3es<br \/>\n13h30 \u2013 Anima\u00e7\u00e3o<br \/>\n14h \u2013 Teatro (Concurso Serata Laudato Si\u2019)<br \/>\n14h30 &#8211; 1\u00aa palestra \u2013 Frei Jaime Campos \u2013 O compromisso franciscano com a Justi\u00e7a, Paz e Integridade da Cria\u00e7\u00e3o<br \/>\n15h45 \u2013 Cantos de Anima\u00e7\u00e3o<br \/>\n16h30 &#8211; 2\u00aa Palestra \u2013 (Gin\u00e1sio) \u2013 Moema Miranda: Qual a import\u00e2ncia da Laudato Si\u2019 para os dias de hoje? Quais compromissos podemos assumir?<br \/>\n16h45 &#8211; Partilha em grupos<br \/>\n20h \u2013 M\u00edstica (Gin\u00e1sio)<\/p>\n<p>Quinta-feira, 30 de janeiro<br \/>\n8h &#8211; Ora\u00e7\u00e3o da Manh\u00e3<br \/>\n8h30 \u2013 Apresenta\u00e7\u00e3o (Concurso Serata Laudato Si\u2019)<br \/>\n9h \u2013 3\u00aa palestra \u2013 Gin\u00e1sio \u2013 Igor Bastos: Juventude e o Movimento Cat\u00f3lico Global pelo clima<br \/>\n10h30 &#8211; Oficinas<br \/>\n14h \u2013 Orienta\u00e7\u00f5es e encaminhamentos (Itiner\u00e1rio, Miss\u00e3o Angola, Caminhada Assis etc \u2013 Frei Diego)<\/p>\n<p>15h30 \u2013 Missa de Envio &#8211; Igreja<br \/>\n18h30 \u2013 Apresenta\u00e7\u00e3o teatral \u201cO Auto de S\u00e3o Francisco\u201d, de Ciro Barcelos<br \/>\n20h30 \u2013 Envio para as comunidades<\/p>\n<p>Sexta-feira e S\u00e1bado (30\/01 e 1\/2)<br \/>\nPrograma\u00e7\u00e3o de cada comunidade: valorizar a integra\u00e7\u00e3o com a rotina de cada fam\u00edlia, acolhida, interc\u00e2mbio de cultura, miss\u00f5es, visitas aos doentes, trilha ecol\u00f3gica, cuidado com o meio-ambiente.<\/p>\n<p>Domingo, 02 de fevereiro<br \/>\n8h30 &#8211; Acolhida<br \/>\n9h \u2013 Missa de encerramento (Pra\u00e7a)<br \/>\n10h30 \u2013 Agradecimentos, testemunhos, an\u00fancio da pr\u00f3xima MFJ<br \/>\n12h \u2013 Avalia\u00e7\u00e3o em grupos<br \/>\n15h &#8211; Encerramento<\/p>\n<p>&nbsp;<\/p>\n","protected":false},"excerpt":{"rendered":"<p>Miss\u00f5es Franciscanas da Juventude<\/p>\n","protected":false},"author":7,"featured_media":215141,"comment_status":"open","ping_status":"open","sticky":false,"template":"","format":"standard","meta":[],"categories":[1],"tags":[1466,1206],"acf":[],"yoast_head":"<!-- This site is optimized with the Yoast SEO plugin v19.2 - https:\/\/yoast.com\/wordpress\/plugins\/seo\/ -->\n<title>Xaxim abra\u00e7a a juventude da Prov\u00edncia - Not\u00edcias - Franciscanos<\/title>\n<meta name=\"robots\" content=\"index, follow, max-snippet:-1, max-image-preview:large, max-video-preview:-1\" \/>\n<link rel=\"canonical\" href=\"https:\/\/franciscanos.org.br\/noticias\/xaxim-abraca-a-juventude-da-provincia.html\" \/>\n<meta property=\"og:locale\" content=\"pt_BR\" \/>\n<meta property=\"og:type\" content=\"article\" \/>\n<meta property=\"og:title\" content=\"Xaxim abra\u00e7a a juventude da Prov\u00edncia - Not\u00edcias - Franciscanos\" \/>\n<meta property=\"og:description\" content=\"Miss\u00f5es Franciscanas da Juventude\" \/>\n<meta property=\"og:url\" content=\"https:\/\/franciscanos.org.br\/noticias\/xaxim-abraca-a-juventude-da-provincia.html\" \/>\n<meta property=\"og:site_name\" content=\"Not\u00edcias - Franciscanos\" \/>\n<meta property=\"article:published_time\" content=\"2020-01-11T02:30:11+00:00\" \/>\n<meta property=\"article:modified_time\" content=\"2020-01-27T21:05:21+00:00\" \/>\n<meta property=\"og:image\" content=\"https:\/\/franciscanos.org.br\/noticias\/wp-content\/uploads\/2019\/12\/Xaxim-273.jpg\" \/>\n\t<meta property=\"og:image:width\" content=\"273\" \/>\n\t<meta property=\"og:image:height\" content=\"181\" \/>\n\t<meta property=\"og:image:type\" content=\"image\/jpeg\" \/>\n<meta name=\"author\" content=\"jovenal\" \/>\n<meta name=\"twitter:card\" content=\"summary_large_image\" \/>\n<meta name=\"twitter:label1\" content=\"Escrito por\" \/>\n\t<meta name=\"twitter:data1\" content=\"jovenal\" \/>\n\t<meta name=\"twitter:label2\" content=\"Est. tempo de leitura\" \/>\n\t<meta name=\"twitter:data2\" content=\"13 minutos\" \/>\n<script type=\"application\/ld+json\" class=\"yoast-schema-graph\">{\"@context\":\"https:\/\/schema.org\",\"@graph\":[{\"@type\":\"WebSite\",\"@id\":\"https:\/\/franciscanos.org.br\/noticias\/#website\",\"url\":\"https:\/\/franciscanos.org.br\/noticias\/\",\"name\":\"Not\u00edcias - Franciscanos\",\"description\":\"Prov\u00edncia Franciscana da Imaculada Concei\u00e7\u00e3o do Brasil - Ordem dos Frades Menores - OFM\",\"potentialAction\":[{\"@type\":\"SearchAction\",\"target\":{\"@type\":\"EntryPoint\",\"urlTemplate\":\"https:\/\/franciscanos.org.br\/noticias\/?s={search_term_string}\"},\"query-input\":\"required name=search_term_string\"}],\"inLanguage\":\"pt-BR\"},{\"@type\":\"ImageObject\",\"inLanguage\":\"pt-BR\",\"@id\":\"https:\/\/franciscanos.org.br\/noticias\/xaxim-abraca-a-juventude-da-provincia.html#primaryimage\",\"url\":\"https:\/\/franciscanos.org.br\/noticias\/wp-content\/uploads\/2019\/12\/Xaxim-273.jpg\",\"contentUrl\":\"https:\/\/franciscanos.org.br\/noticias\/wp-content\/uploads\/2019\/12\/Xaxim-273.jpg\",\"width\":273,\"height\":181},{\"@type\":\"WebPage\",\"@id\":\"https:\/\/franciscanos.org.br\/noticias\/xaxim-abraca-a-juventude-da-provincia.html#webpage\",\"url\":\"https:\/\/franciscanos.org.br\/noticias\/xaxim-abraca-a-juventude-da-provincia.html\",\"name\":\"Xaxim abra\u00e7a a juventude da Prov\u00edncia - Not\u00edcias - Franciscanos\",\"isPartOf\":{\"@id\":\"https:\/\/franciscanos.org.br\/noticias\/#website\"},\"primaryImageOfPage\":{\"@id\":\"https:\/\/franciscanos.org.br\/noticias\/xaxim-abraca-a-juventude-da-provincia.html#primaryimage\"},\"datePublished\":\"2020-01-11T02:30:11+00:00\",\"dateModified\":\"2020-01-27T21:05:21+00:00\",\"author\":{\"@id\":\"https:\/\/franciscanos.org.br\/noticias\/#\/schema\/person\/c3a26b08313dd1772495ce300ab257cc\"},\"breadcrumb\":{\"@id\":\"https:\/\/franciscanos.org.br\/noticias\/xaxim-abraca-a-juventude-da-provincia.html#breadcrumb\"},\"inLanguage\":\"pt-BR\",\"potentialAction\":[{\"@type\":\"ReadAction\",\"target\":[\"https:\/\/franciscanos.org.br\/noticias\/xaxim-abraca-a-juventude-da-provincia.html\"]}]},{\"@type\":\"BreadcrumbList\",\"@id\":\"https:\/\/franciscanos.org.br\/noticias\/xaxim-abraca-a-juventude-da-provincia.html#breadcrumb\",\"itemListElement\":[{\"@type\":\"ListItem\",\"position\":1,\"name\":\"Home\",\"item\":\"https:\/\/franciscanos.org.br\/noticias\"},{\"@type\":\"ListItem\",\"position\":2,\"name\":\"Xaxim abra\u00e7a a juventude da Prov\u00edncia\"}]},{\"@type\":\"Person\",\"@id\":\"https:\/\/franciscanos.org.br\/noticias\/#\/schema\/person\/c3a26b08313dd1772495ce300ab257cc\",\"name\":\"jovenal\",\"image\":{\"@type\":\"ImageObject\",\"inLanguage\":\"pt-BR\",\"@id\":\"https:\/\/franciscanos.org.br\/noticias\/#\/schema\/person\/image\/\",\"url\":\"https:\/\/secure.gravatar.com\/avatar\/e94509f531086e2eaf97e72f29ea00f9?s=96&d=mm&r=g\",\"contentUrl\":\"https:\/\/secure.gravatar.com\/avatar\/e94509f531086e2eaf97e72f29ea00f9?s=96&d=mm&r=g\",\"caption\":\"jovenal\"},\"url\":\"https:\/\/franciscanos.org.br\/noticias\/author\/jovenal\"}]}<\/script>\n<!-- \/ Yoast SEO plugin. -->","yoast_head_json":{"title":"Xaxim abra\u00e7a a juventude da Prov\u00edncia - Not\u00edcias - Franciscanos","robots":{"index":"index","follow":"follow","max-snippet":"max-snippet:-1","max-image-preview":"max-image-preview:large","max-video-preview":"max-video-preview:-1"},"canonical":"https:\/\/franciscanos.org.br\/noticias\/xaxim-abraca-a-juventude-da-provincia.html","og_locale":"pt_BR","og_type":"article","og_title":"Xaxim abra\u00e7a a juventude da Prov\u00edncia - Not\u00edcias - Franciscanos","og_description":"Miss\u00f5es Franciscanas da Juventude","og_url":"https:\/\/franciscanos.org.br\/noticias\/xaxim-abraca-a-juventude-da-provincia.html","og_site_name":"Not\u00edcias - Franciscanos","article_published_time":"2020-01-11T02:30:11+00:00","article_modified_time":"2020-01-27T21:05:21+00:00","og_image":[{"width":273,"height":181,"url":"https:\/\/franciscanos.org.br\/noticias\/wp-content\/uploads\/2019\/12\/Xaxim-273.jpg","type":"image\/jpeg"}],"author":"jovenal","twitter_card":"summary_large_image","twitter_misc":{"Escrito por":"jovenal","Est. tempo de leitura":"13 minutos"},"schema":{"@context":"https:\/\/schema.org","@graph":[{"@type":"WebSite","@id":"https:\/\/franciscanos.org.br\/noticias\/#website","url":"https:\/\/franciscanos.org.br\/noticias\/","name":"Not\u00edcias - Franciscanos","description":"Prov\u00edncia Franciscana da Imaculada Concei\u00e7\u00e3o do Brasil - Ordem dos Frades Menores - OFM","potentialAction":[{"@type":"SearchAction","target":{"@type":"EntryPoint","urlTemplate":"https:\/\/franciscanos.org.br\/noticias\/?s={search_term_string}"},"query-input":"required name=search_term_string"}],"inLanguage":"pt-BR"},{"@type":"ImageObject","inLanguage":"pt-BR","@id":"https:\/\/franciscanos.org.br\/noticias\/xaxim-abraca-a-juventude-da-provincia.html#primaryimage","url":"https:\/\/franciscanos.org.br\/noticias\/wp-content\/uploads\/2019\/12\/Xaxim-273.jpg","contentUrl":"https:\/\/franciscanos.org.br\/noticias\/wp-content\/uploads\/2019\/12\/Xaxim-273.jpg","width":273,"height":181},{"@type":"WebPage","@id":"https:\/\/franciscanos.org.br\/noticias\/xaxim-abraca-a-juventude-da-provincia.html#webpage","url":"https:\/\/franciscanos.org.br\/noticias\/xaxim-abraca-a-juventude-da-provincia.html","name":"Xaxim abra\u00e7a a juventude da Prov\u00edncia - Not\u00edcias - Franciscanos","isPartOf":{"@id":"https:\/\/franciscanos.org.br\/noticias\/#website"},"primaryImageOfPage":{"@id":"https:\/\/franciscanos.org.br\/noticias\/xaxim-abraca-a-juventude-da-provincia.html#primaryimage"},"datePublished":"2020-01-11T02:30:11+00:00","dateModified":"2020-01-27T21:05:21+00:00","author":{"@id":"https:\/\/franciscanos.org.br\/noticias\/#\/schema\/person\/c3a26b08313dd1772495ce300ab257cc"},"breadcrumb":{"@id":"https:\/\/franciscanos.org.br\/noticias\/xaxim-abraca-a-juventude-da-provincia.html#breadcrumb"},"inLanguage":"pt-BR","potentialAction":[{"@type":"ReadAction","target":["https:\/\/franciscanos.org.br\/noticias\/xaxim-abraca-a-juventude-da-provincia.html"]}]},{"@type":"BreadcrumbList","@id":"https:\/\/franciscanos.org.br\/noticias\/xaxim-abraca-a-juventude-da-provincia.html#breadcrumb","itemListElement":[{"@type":"ListItem","position":1,"name":"Home","item":"https:\/\/franciscanos.org.br\/noticias"},{"@type":"ListItem","position":2,"name":"Xaxim abra\u00e7a a juventude da Prov\u00edncia"}]},{"@type":"Person","@id":"https:\/\/franciscanos.org.br\/noticias\/#\/schema\/person\/c3a26b08313dd1772495ce300ab257cc","name":"jovenal","image":{"@type":"ImageObject","inLanguage":"pt-BR","@id":"https:\/\/franciscanos.org.br\/noticias\/#\/schema\/person\/image\/","url":"https:\/\/secure.gravatar.com\/avatar\/e94509f531086e2eaf97e72f29ea00f9?s=96&d=mm&r=g","contentUrl":"https:\/\/secure.gravatar.com\/avatar\/e94509f531086e2eaf97e72f29ea00f9?s=96&d=mm&r=g","caption":"jovenal"},"url":"https:\/\/franciscanos.org.br\/noticias\/author\/jovenal"}]}},"_links":{"self":[{"href":"https:\/\/franciscanos.org.br\/noticias\/wp-json\/wp\/v2\/posts\/215140"}],"collection":[{"href":"https:\/\/franciscanos.org.br\/noticias\/wp-json\/wp\/v2\/posts"}],"about":[{"href":"https:\/\/franciscanos.org.br\/noticias\/wp-json\/wp\/v2\/types\/post"}],"author":[{"embeddable":true,"href":"https:\/\/franciscanos.org.br\/noticias\/wp-json\/wp\/v2\/users\/7"}],"replies":[{"embeddable":true,"href":"https:\/\/franciscanos.org.br\/noticias\/wp-json\/wp\/v2\/comments?post=215140"}],"version-history":[{"count":0,"href":"https:\/\/franciscanos.org.br\/noticias\/wp-json\/wp\/v2\/posts\/215140\/revisions"}],"wp:featuredmedia":[{"embeddable":true,"href":"https:\/\/franciscanos.org.br\/noticias\/wp-json\/wp\/v2\/media\/215141"}],"wp:attachment":[{"href":"https:\/\/franciscanos.org.br\/noticias\/wp-json\/wp\/v2\/media?parent=215140"}],"wp:term":[{"taxonomy":"category","embeddable":true,"href":"https:\/\/franciscanos.org.br\/noticias\/wp-json\/wp\/v2\/categories?post=215140"},{"taxonomy":"post_tag","embeddable":true,"href":"https:\/\/franciscanos.org.br\/noticias\/wp-json\/wp\/v2\/tags?post=215140"}],"curies":[{"name":"wp","href":"https:\/\/api.w.org\/{rel}","templated":true}]}}