{"id":215126,"date":"2020-01-02T09:08:27","date_gmt":"2020-01-02T12:08:27","guid":{"rendered":"https:\/\/franciscanos.org.br\/noticias\/?p=215126"},"modified":"2020-01-02T09:11:13","modified_gmt":"2020-01-02T12:11:13","slug":"noviciado-de-quibala-em-festa-no-dia-11-de-janeiro","status":"publish","type":"post","link":"https:\/\/franciscanos.org.br\/noticias\/noviciado-de-quibala-em-festa-no-dia-11-de-janeiro.html","title":{"rendered":"Noviciado de Quibala em festa no dia 11 de janeiro"},"content":{"rendered":"<p><img loading=\"lazy\" class=\"alignnone size-full wp-image-215322\" src=\"https:\/\/franciscanos.org.br\/noticias\/wp-content\/uploads\/2019\/12\/kibala_0201.jpg\" alt=\"\" width=\"890\" height=\"405\" srcset=\"https:\/\/franciscanos.org.br\/noticias\/wp-content\/uploads\/2019\/12\/kibala_0201.jpg 890w, https:\/\/franciscanos.org.br\/noticias\/wp-content\/uploads\/2019\/12\/kibala_0201-450x205.jpg 450w, https:\/\/franciscanos.org.br\/noticias\/wp-content\/uploads\/2019\/12\/kibala_0201-768x349.jpg 768w, https:\/\/franciscanos.org.br\/noticias\/wp-content\/uploads\/2019\/12\/kibala_0201-150x68.jpg 150w\" sizes=\"(max-width: 890px) 100vw, 890px\" \/><\/p>\n<p><strong>Quibala (Angola) &#8211;<\/strong> A Fraternidade Santo Ant\u00f4nio, Noviciado S\u00e3o Jos\u00e9, em Quibala, aos poucos j\u00e1 estamos chegando ao fim do primeiro ano de Noviciado na Funda\u00e7\u00e3o Imaculada M\u00e3e de Deus (FIMDA), que neste ano celebra 30 anos de funda\u00e7\u00e3o. Nesta perspectiva, dos dias 9 a 13 de dezembro, os novi\u00e7os estiveram em retiro e fizeram uma experi\u00eancia de deserto (despojamento de si, encontro pessoal com Deus), firmando desse modo o prop\u00f3sito que os conduziu no decorrer deste ano e, consolidando este tempo do Noviciado como um des\u00edgnio que dever\u00e1 nortear o todo de sua vida como frade menor, ao colocarem-se nas m\u00e3os de Deus, isto \u00e9, \u201cSenhor, que queres que eu fa\u00e7a?\u201d.<\/p>\n<p>E, nesta esperan\u00e7a, tendo passado as festas natalinas, no dia 5 de janeiro os postulantes estar\u00e3o chegando \u00e0 nossa Fraternidade do Noviciado. E, com eles, no dia 8 estar\u00e3o tamb\u00e9m chegando os familiares dos nossos confrades novi\u00e7os. Ser\u00e1 uma semana intensa e plena de alegria franciscana. Enquanto os postulantes se integram e se preparam para a sua admiss\u00e3o ao Noviciado, com os familiares dos novi\u00e7os teremos, nos dias 9 e 10, um tempo de conviv\u00eancia e partilha do nosso modo de vida, onde buscaremos integr\u00e1-los mais \u00e0 nossa Fraternidade da FIMDA e, como fam\u00edlia, torn\u00e1-los coparticipantes de nossa caminhada franciscana.<\/p>\n<p><img loading=\"lazy\" class=\"alignnone size-full wp-image-215133\" src=\"https:\/\/franciscanos.org.br\/noticias\/wp-content\/uploads\/2019\/12\/angola-840-b.jpg\" alt=\"\" width=\"1200\" height=\"1016\" srcset=\"https:\/\/franciscanos.org.br\/noticias\/wp-content\/uploads\/2019\/12\/angola-840-b.jpg 1200w, https:\/\/franciscanos.org.br\/noticias\/wp-content\/uploads\/2019\/12\/angola-840-b-450x381.jpg 450w, https:\/\/franciscanos.org.br\/noticias\/wp-content\/uploads\/2019\/12\/angola-840-b-1024x867.jpg 1024w, https:\/\/franciscanos.org.br\/noticias\/wp-content\/uploads\/2019\/12\/angola-840-b-768x650.jpg 768w, https:\/\/franciscanos.org.br\/noticias\/wp-content\/uploads\/2019\/12\/angola-840-b-150x127.jpg 150w\" sizes=\"(max-width: 1200px) 100vw, 1200px\" \/><\/p>\n<p>Movidos por este esp\u00edrito, teremos ent\u00e3o no dia 11 de janeiro a grande festa \/ celebra\u00e7\u00e3o de A\u00e7\u00e3o de Gra\u00e7as, onde, nas Laudes, 27 Postulantes ser\u00e3o acolhidos por nosso Ministro Provincial, Frei C\u00e9sar K\u00fclkamp, ao ano do Noviciado e, em seguida, por volta das 10 horas, teremos a Celebra\u00e7\u00e3o Eucar\u00edstica, onde 11 novi\u00e7os, nas m\u00e3os de Frei C\u00e9sar, far\u00e3o a sua Primeira Profiss\u00e3o na Ordem dos Frades Menores. Para este dia de festa e a\u00e7\u00e3o de gra\u00e7as, bendizemos a Deus pelo dom da vida dos irm\u00e3os que nos confiou.<\/p>\n<p>E, assim sendo, al\u00e9m dos familiares dos novi\u00e7os, estar\u00e3o tamb\u00e9m conosco os confrades da FIMDA, padres, religiosas, irm\u00e3os e irm\u00e3s da Fam\u00edlia Franciscana e o povo de Deus, de modo particular a comunidade de f\u00e9 aqui da nossa Quibala. Outro que, para a organiza\u00e7\u00e3o da Fraternidade e apoio no acolhimento, teremos a ajuda da Equipe Mission\u00e1ria. E, para a prepara\u00e7\u00e3o dos alimentos nesta semana, teremos apoio de algumas m\u00e3es aqui da nossa Miss\u00e3o. Por tudo s\u00f3 podemos ser gratos a Deus!<\/p>\n<div id=\"attachment_215127\" style=\"width: 196px\" class=\"wp-caption alignright\"><img aria-describedby=\"caption-attachment-215127\" loading=\"lazy\" class=\"wp-image-215127\" src=\"https:\/\/franciscanos.org.br\/noticias\/wp-content\/uploads\/2019\/12\/angola-400.jpg\" alt=\"\" width=\"186\" height=\"243\" srcset=\"https:\/\/franciscanos.org.br\/noticias\/wp-content\/uploads\/2019\/12\/angola-400.jpg 400w, https:\/\/franciscanos.org.br\/noticias\/wp-content\/uploads\/2019\/12\/angola-400-344x450.jpg 344w, https:\/\/franciscanos.org.br\/noticias\/wp-content\/uploads\/2019\/12\/angola-400-150x196.jpg 150w\" sizes=\"(max-width: 186px) 100vw, 186px\" \/><p id=\"caption-attachment-215127\" class=\"wp-caption-text\">Frei Marcos, mestre dos novi\u00e7os<\/p><\/div>\n<p>Por fim, queremos manifestar a nossa gratid\u00e3o a Deus, \u00e0 Provincia, \u00e0 FIMDA e a todos quantos nos ajudaram e apoiaram, para que pud\u00e9ssemos viver no decorrer deste primeiro ano de Noviciado em terras angolanas, uma aben\u00e7oada e iluminada experi\u00eancia de Deus. O fato de ter tido como primeira turma de novi\u00e7os os que j\u00e1 haviam feito conosco o ano de Postulantado nesta Fraternidade, foi tamb\u00e9m gratificante, pois, juntos pudemos discernir e percorrer um itiner\u00e1rio de vida e forma\u00e7\u00e3o onde o aprendizado \/ discipulado de Nosso Senhor Jesus Cristo, a exemplo de nosso pai S\u00e3o Francisco de Assis, deu-se com simplicidade e abertura de cora\u00e7\u00e3o, com di\u00e1logo e corresponsabilidade nas experi\u00eancias vividas, transparecendo deste modo, n\u00e3o somente as nossas fragilidades, como tamb\u00e9m, a cont\u00ednua necessidade que temos de mudar a nossa vida para Deus.<\/p>\n<p>Em Quibala, temos uma Fraternidade prop\u00edcia para o Ano do Noviciado, onde a natureza e as pedras que contornam a nossa casa, por si s\u00f3, nos oferecem uma experi\u00eancia erem\u00edtica. Outra coisa, a Miss\u00e3o da qual fazemos parte nos propicia tamb\u00e9m uma forte experi\u00eancia de apostolado junto ao nosso povo, comungando de suas alegrias e fragilidades. De modo que integramos nesta etapa a experi\u00eancia de vida erem\u00edtica-apost\u00f3lica, estar com Deus para ir com Deus, firmando deste jeito o <em>propositum vitae<\/em> de nossa voca\u00e7\u00e3o de frades menores.<\/p>\n<p>A nossa Fraternidade se alegra em poder partilhar esta experi\u00eancia de vida e de f\u00e9, e de cora\u00e7\u00e3o aberto agradece a Deus por todo o bem que Ele nos concedeu e, no mesmo esp\u00edrito, agradece a todos os confrades, irm\u00e3os e irm\u00e3s que conosco percorreram este caminho em comunh\u00e3o de ora\u00e7\u00e3o! O vosso apoio e ajuda nos foi fundamental!<br \/>\nPela intercess\u00e3o da Virgem Maria, de S\u00e3o Jos\u00e9, de S\u00e3o Francisco, Santa Clara e Santo Antonio, Deus vos aben\u00e7oe e vos guarde! Paz e Bem!<\/p>\n<p><strong>Frei Marco Antonio dos Santos<\/strong><br \/>\nMestre dos Novi\u00e7os de Angola<\/p>\n<p><img loading=\"lazy\" class=\"alignnone size-full wp-image-215129\" src=\"https:\/\/franciscanos.org.br\/noticias\/wp-content\/uploads\/2019\/12\/angola-840.jpg\" alt=\"\" width=\"840\" height=\"504\" srcset=\"https:\/\/franciscanos.org.br\/noticias\/wp-content\/uploads\/2019\/12\/angola-840.jpg 840w, https:\/\/franciscanos.org.br\/noticias\/wp-content\/uploads\/2019\/12\/angola-840-450x270.jpg 450w, https:\/\/franciscanos.org.br\/noticias\/wp-content\/uploads\/2019\/12\/angola-840-768x461.jpg 768w, https:\/\/franciscanos.org.br\/noticias\/wp-content\/uploads\/2019\/12\/angola-840-150x90.jpg 150w\" sizes=\"(max-width: 840px) 100vw, 840px\" \/><\/p>\n<p><em>A turma de postulantes que ingressa no dia Noviciado em 2020<\/em><\/p>\n","protected":false},"excerpt":{"rendered":"<p>Primeira Profiss\u00e3o e Admiss\u00e3o dos Novi\u00e7os em Angola<\/p>\n","protected":false},"author":7,"featured_media":215323,"comment_status":"open","ping_status":"open","sticky":false,"template":"","format":"standard","meta":[],"categories":[1],"tags":[360,334],"acf":[],"yoast_head":"<!-- This site is optimized with the Yoast SEO plugin v19.2 - https:\/\/yoast.com\/wordpress\/plugins\/seo\/ -->\n<title>Noviciado de Quibala em festa no dia 11 de janeiro - Not\u00edcias - Franciscanos<\/title>\n<meta name=\"robots\" content=\"index, follow, max-snippet:-1, max-image-preview:large, max-video-preview:-1\" \/>\n<link rel=\"canonical\" href=\"https:\/\/franciscanos.org.br\/noticias\/noviciado-de-quibala-em-festa-no-dia-11-de-janeiro.html\" \/>\n<meta property=\"og:locale\" content=\"pt_BR\" \/>\n<meta property=\"og:type\" content=\"article\" \/>\n<meta property=\"og:title\" content=\"Noviciado de Quibala em festa no dia 11 de janeiro - Not\u00edcias - Franciscanos\" \/>\n<meta property=\"og:description\" content=\"Primeira Profiss\u00e3o e Admiss\u00e3o dos Novi\u00e7os em Angola\" \/>\n<meta property=\"og:url\" content=\"https:\/\/franciscanos.org.br\/noticias\/noviciado-de-quibala-em-festa-no-dia-11-de-janeiro.html\" \/>\n<meta property=\"og:site_name\" content=\"Not\u00edcias - Franciscanos\" \/>\n<meta property=\"article:published_time\" content=\"2020-01-02T12:08:27+00:00\" \/>\n<meta property=\"article:modified_time\" content=\"2020-01-02T12:11:13+00:00\" \/>\n<meta property=\"og:image\" content=\"https:\/\/franciscanos.org.br\/noticias\/wp-content\/uploads\/2019\/12\/quibala_0201.jpg\" \/>\n\t<meta property=\"og:image:width\" content=\"273\" \/>\n\t<meta property=\"og:image:height\" content=\"181\" \/>\n\t<meta property=\"og:image:type\" content=\"image\/jpeg\" \/>\n<meta name=\"author\" content=\"jovenal\" \/>\n<meta name=\"twitter:card\" content=\"summary_large_image\" \/>\n<meta name=\"twitter:label1\" content=\"Escrito por\" \/>\n\t<meta name=\"twitter:data1\" content=\"jovenal\" \/>\n\t<meta name=\"twitter:label2\" content=\"Est. tempo de leitura\" \/>\n\t<meta name=\"twitter:data2\" content=\"4 minutos\" \/>\n<script type=\"application\/ld+json\" class=\"yoast-schema-graph\">{\"@context\":\"https:\/\/schema.org\",\"@graph\":[{\"@type\":\"WebSite\",\"@id\":\"https:\/\/franciscanos.org.br\/noticias\/#website\",\"url\":\"https:\/\/franciscanos.org.br\/noticias\/\",\"name\":\"Not\u00edcias - Franciscanos\",\"description\":\"Prov\u00edncia Franciscana da Imaculada Concei\u00e7\u00e3o do Brasil - Ordem dos Frades Menores - OFM\",\"potentialAction\":[{\"@type\":\"SearchAction\",\"target\":{\"@type\":\"EntryPoint\",\"urlTemplate\":\"https:\/\/franciscanos.org.br\/noticias\/?s={search_term_string}\"},\"query-input\":\"required name=search_term_string\"}],\"inLanguage\":\"pt-BR\"},{\"@type\":\"ImageObject\",\"inLanguage\":\"pt-BR\",\"@id\":\"https:\/\/franciscanos.org.br\/noticias\/noviciado-de-quibala-em-festa-no-dia-11-de-janeiro.html#primaryimage\",\"url\":\"https:\/\/franciscanos.org.br\/noticias\/wp-content\/uploads\/2019\/12\/quibala_0201.jpg\",\"contentUrl\":\"https:\/\/franciscanos.org.br\/noticias\/wp-content\/uploads\/2019\/12\/quibala_0201.jpg\",\"width\":273,\"height\":181},{\"@type\":\"WebPage\",\"@id\":\"https:\/\/franciscanos.org.br\/noticias\/noviciado-de-quibala-em-festa-no-dia-11-de-janeiro.html#webpage\",\"url\":\"https:\/\/franciscanos.org.br\/noticias\/noviciado-de-quibala-em-festa-no-dia-11-de-janeiro.html\",\"name\":\"Noviciado de Quibala em festa no dia 11 de janeiro - Not\u00edcias - Franciscanos\",\"isPartOf\":{\"@id\":\"https:\/\/franciscanos.org.br\/noticias\/#website\"},\"primaryImageOfPage\":{\"@id\":\"https:\/\/franciscanos.org.br\/noticias\/noviciado-de-quibala-em-festa-no-dia-11-de-janeiro.html#primaryimage\"},\"datePublished\":\"2020-01-02T12:08:27+00:00\",\"dateModified\":\"2020-01-02T12:11:13+00:00\",\"author\":{\"@id\":\"https:\/\/franciscanos.org.br\/noticias\/#\/schema\/person\/c3a26b08313dd1772495ce300ab257cc\"},\"breadcrumb\":{\"@id\":\"https:\/\/franciscanos.org.br\/noticias\/noviciado-de-quibala-em-festa-no-dia-11-de-janeiro.html#breadcrumb\"},\"inLanguage\":\"pt-BR\",\"potentialAction\":[{\"@type\":\"ReadAction\",\"target\":[\"https:\/\/franciscanos.org.br\/noticias\/noviciado-de-quibala-em-festa-no-dia-11-de-janeiro.html\"]}]},{\"@type\":\"BreadcrumbList\",\"@id\":\"https:\/\/franciscanos.org.br\/noticias\/noviciado-de-quibala-em-festa-no-dia-11-de-janeiro.html#breadcrumb\",\"itemListElement\":[{\"@type\":\"ListItem\",\"position\":1,\"name\":\"Home\",\"item\":\"https:\/\/franciscanos.org.br\/noticias\"},{\"@type\":\"ListItem\",\"position\":2,\"name\":\"Noviciado de Quibala em festa no dia 11 de janeiro\"}]},{\"@type\":\"Person\",\"@id\":\"https:\/\/franciscanos.org.br\/noticias\/#\/schema\/person\/c3a26b08313dd1772495ce300ab257cc\",\"name\":\"jovenal\",\"image\":{\"@type\":\"ImageObject\",\"inLanguage\":\"pt-BR\",\"@id\":\"https:\/\/franciscanos.org.br\/noticias\/#\/schema\/person\/image\/\",\"url\":\"https:\/\/secure.gravatar.com\/avatar\/e94509f531086e2eaf97e72f29ea00f9?s=96&d=mm&r=g\",\"contentUrl\":\"https:\/\/secure.gravatar.com\/avatar\/e94509f531086e2eaf97e72f29ea00f9?s=96&d=mm&r=g\",\"caption\":\"jovenal\"},\"url\":\"https:\/\/franciscanos.org.br\/noticias\/author\/jovenal\"}]}<\/script>\n<!-- \/ Yoast SEO plugin. -->","yoast_head_json":{"title":"Noviciado de Quibala em festa no dia 11 de janeiro - Not\u00edcias - Franciscanos","robots":{"index":"index","follow":"follow","max-snippet":"max-snippet:-1","max-image-preview":"max-image-preview:large","max-video-preview":"max-video-preview:-1"},"canonical":"https:\/\/franciscanos.org.br\/noticias\/noviciado-de-quibala-em-festa-no-dia-11-de-janeiro.html","og_locale":"pt_BR","og_type":"article","og_title":"Noviciado de Quibala em festa no dia 11 de janeiro - Not\u00edcias - Franciscanos","og_description":"Primeira Profiss\u00e3o e Admiss\u00e3o dos Novi\u00e7os em Angola","og_url":"https:\/\/franciscanos.org.br\/noticias\/noviciado-de-quibala-em-festa-no-dia-11-de-janeiro.html","og_site_name":"Not\u00edcias - Franciscanos","article_published_time":"2020-01-02T12:08:27+00:00","article_modified_time":"2020-01-02T12:11:13+00:00","og_image":[{"width":273,"height":181,"url":"https:\/\/franciscanos.org.br\/noticias\/wp-content\/uploads\/2019\/12\/quibala_0201.jpg","type":"image\/jpeg"}],"author":"jovenal","twitter_card":"summary_large_image","twitter_misc":{"Escrito por":"jovenal","Est. tempo de leitura":"4 minutos"},"schema":{"@context":"https:\/\/schema.org","@graph":[{"@type":"WebSite","@id":"https:\/\/franciscanos.org.br\/noticias\/#website","url":"https:\/\/franciscanos.org.br\/noticias\/","name":"Not\u00edcias - Franciscanos","description":"Prov\u00edncia Franciscana da Imaculada Concei\u00e7\u00e3o do Brasil - Ordem dos Frades Menores - OFM","potentialAction":[{"@type":"SearchAction","target":{"@type":"EntryPoint","urlTemplate":"https:\/\/franciscanos.org.br\/noticias\/?s={search_term_string}"},"query-input":"required name=search_term_string"}],"inLanguage":"pt-BR"},{"@type":"ImageObject","inLanguage":"pt-BR","@id":"https:\/\/franciscanos.org.br\/noticias\/noviciado-de-quibala-em-festa-no-dia-11-de-janeiro.html#primaryimage","url":"https:\/\/franciscanos.org.br\/noticias\/wp-content\/uploads\/2019\/12\/quibala_0201.jpg","contentUrl":"https:\/\/franciscanos.org.br\/noticias\/wp-content\/uploads\/2019\/12\/quibala_0201.jpg","width":273,"height":181},{"@type":"WebPage","@id":"https:\/\/franciscanos.org.br\/noticias\/noviciado-de-quibala-em-festa-no-dia-11-de-janeiro.html#webpage","url":"https:\/\/franciscanos.org.br\/noticias\/noviciado-de-quibala-em-festa-no-dia-11-de-janeiro.html","name":"Noviciado de Quibala em festa no dia 11 de janeiro - Not\u00edcias - Franciscanos","isPartOf":{"@id":"https:\/\/franciscanos.org.br\/noticias\/#website"},"primaryImageOfPage":{"@id":"https:\/\/franciscanos.org.br\/noticias\/noviciado-de-quibala-em-festa-no-dia-11-de-janeiro.html#primaryimage"},"datePublished":"2020-01-02T12:08:27+00:00","dateModified":"2020-01-02T12:11:13+00:00","author":{"@id":"https:\/\/franciscanos.org.br\/noticias\/#\/schema\/person\/c3a26b08313dd1772495ce300ab257cc"},"breadcrumb":{"@id":"https:\/\/franciscanos.org.br\/noticias\/noviciado-de-quibala-em-festa-no-dia-11-de-janeiro.html#breadcrumb"},"inLanguage":"pt-BR","potentialAction":[{"@type":"ReadAction","target":["https:\/\/franciscanos.org.br\/noticias\/noviciado-de-quibala-em-festa-no-dia-11-de-janeiro.html"]}]},{"@type":"BreadcrumbList","@id":"https:\/\/franciscanos.org.br\/noticias\/noviciado-de-quibala-em-festa-no-dia-11-de-janeiro.html#breadcrumb","itemListElement":[{"@type":"ListItem","position":1,"name":"Home","item":"https:\/\/franciscanos.org.br\/noticias"},{"@type":"ListItem","position":2,"name":"Noviciado de Quibala em festa no dia 11 de janeiro"}]},{"@type":"Person","@id":"https:\/\/franciscanos.org.br\/noticias\/#\/schema\/person\/c3a26b08313dd1772495ce300ab257cc","name":"jovenal","image":{"@type":"ImageObject","inLanguage":"pt-BR","@id":"https:\/\/franciscanos.org.br\/noticias\/#\/schema\/person\/image\/","url":"https:\/\/secure.gravatar.com\/avatar\/e94509f531086e2eaf97e72f29ea00f9?s=96&d=mm&r=g","contentUrl":"https:\/\/secure.gravatar.com\/avatar\/e94509f531086e2eaf97e72f29ea00f9?s=96&d=mm&r=g","caption":"jovenal"},"url":"https:\/\/franciscanos.org.br\/noticias\/author\/jovenal"}]}},"_links":{"self":[{"href":"https:\/\/franciscanos.org.br\/noticias\/wp-json\/wp\/v2\/posts\/215126"}],"collection":[{"href":"https:\/\/franciscanos.org.br\/noticias\/wp-json\/wp\/v2\/posts"}],"about":[{"href":"https:\/\/franciscanos.org.br\/noticias\/wp-json\/wp\/v2\/types\/post"}],"author":[{"embeddable":true,"href":"https:\/\/franciscanos.org.br\/noticias\/wp-json\/wp\/v2\/users\/7"}],"replies":[{"embeddable":true,"href":"https:\/\/franciscanos.org.br\/noticias\/wp-json\/wp\/v2\/comments?post=215126"}],"version-history":[{"count":0,"href":"https:\/\/franciscanos.org.br\/noticias\/wp-json\/wp\/v2\/posts\/215126\/revisions"}],"wp:featuredmedia":[{"embeddable":true,"href":"https:\/\/franciscanos.org.br\/noticias\/wp-json\/wp\/v2\/media\/215323"}],"wp:attachment":[{"href":"https:\/\/franciscanos.org.br\/noticias\/wp-json\/wp\/v2\/media?parent=215126"}],"wp:term":[{"taxonomy":"category","embeddable":true,"href":"https:\/\/franciscanos.org.br\/noticias\/wp-json\/wp\/v2\/categories?post=215126"},{"taxonomy":"post_tag","embeddable":true,"href":"https:\/\/franciscanos.org.br\/noticias\/wp-json\/wp\/v2\/tags?post=215126"}],"curies":[{"name":"wp","href":"https:\/\/api.w.org\/{rel}","templated":true}]}}