{"id":215110,"date":"2019-12-19T11:04:45","date_gmt":"2019-12-19T14:04:45","guid":{"rendered":"https:\/\/franciscanos.org.br\/noticias\/?p=215110"},"modified":"2020-06-06T08:27:44","modified_gmt":"2020-06-06T11:27:44","slug":"papa-aos-refugiados-a-nossa-inercia-e-pecado","status":"publish","type":"post","link":"https:\/\/franciscanos.org.br\/noticias\/papa-aos-refugiados-a-nossa-inercia-e-pecado.html","title":{"rendered":"Papa aos refugiados: &#8220;A nossa in\u00e9rcia \u00e9 pecado!\u201d"},"content":{"rendered":"<p><img loading=\"lazy\" class=\"alignnone wp-image-215111 size-full\" src=\"https:\/\/franciscanos.org.br\/noticias\/wp-content\/uploads\/2019\/12\/papa_1912.jpg\" alt=\"\" width=\"890\" height=\"501\" srcset=\"https:\/\/franciscanos.org.br\/noticias\/wp-content\/uploads\/2019\/12\/papa_1912.jpg 890w, https:\/\/franciscanos.org.br\/noticias\/wp-content\/uploads\/2019\/12\/papa_1912-450x253.jpg 450w, https:\/\/franciscanos.org.br\/noticias\/wp-content\/uploads\/2019\/12\/papa_1912-768x432.jpg 768w, https:\/\/franciscanos.org.br\/noticias\/wp-content\/uploads\/2019\/12\/papa_1912-150x84.jpg 150w\" sizes=\"(max-width: 890px) 100vw, 890px\" \/><br \/>\n<strong>Cidade do Vaticano<\/strong> &#8211; Na manh\u00e3 desta quinta-feira (19) o Papa Francisco encontrou um grupo de refugiados que chegou recentemente da Ilha de Lesbos, na Gr\u00e9cia, por meio dos corredores humanit\u00e1rios. Em Lesbos agrupam-se os migrantes vindos de v\u00e1rios pa\u00edses em guerra, principalmente do Oriente M\u00e9dio. Na ocasi\u00e3o o Papa posicionou uma cruz no acesso do Pal\u00e1cio Apost\u00f3lico do P\u00e1tio do Belvedere que recorda os migrantes e refugiados.<\/p>\n<p>Francisco iniciou seu discurso mostrando um colete salva-vidas que lhe fora entregue por uma equipe de resgate: \u201cEste colete \u2013 disse \u2013 pertencia a uma menina que morreu afogada no Mediterr\u00e2neo. Eu repassei aos dois subsecret\u00e1rios da Se\u00e7\u00e3o Migrantes e Refugiados do Dicast\u00e9rio para o Servi\u00e7o do Desenvolvimento Humano Integral dizendo-lhes: \u2018Esta \u00e9 a miss\u00e3o de voc\u00eas!\u2019. Isso representa o implac\u00e1vel compromisso da Igreja em salvar as vidas dos migrantes, para poder acolh\u00ea-los, proteg\u00ea-los, promov\u00ea-los e integr\u00e1-los\u201d.<\/p>\n<p>Depois de recordar das muitas vidas humanas perdidas na travessia do Mediterr\u00e2neo para tentar encontrar nova vida na Europa, Francisco disse que as mortes foram causadas pela injusti\u00e7a. \u201cSim, porque \u00e9 a injusti\u00e7a que obriga muitos migrantes a deixar suas terras. \u00c9 a injusti\u00e7a que os obriga a atravessar desertos e a sofrerem abusos e torturas em campos de deten\u00e7\u00e3o. \u00c9 a injusti\u00e7a que os leva e os faz morrer no mar\u201d<\/p>\n<p><img loading=\"lazy\" class=\"alignnone size-full wp-image-215114\" src=\"https:\/\/franciscanos.org.br\/noticias\/wp-content\/uploads\/2019\/12\/papa_1912_3.jpg\" alt=\"\" width=\"890\" height=\"501\" srcset=\"https:\/\/franciscanos.org.br\/noticias\/wp-content\/uploads\/2019\/12\/papa_1912_3.jpg 890w, https:\/\/franciscanos.org.br\/noticias\/wp-content\/uploads\/2019\/12\/papa_1912_3-450x253.jpg 450w, https:\/\/franciscanos.org.br\/noticias\/wp-content\/uploads\/2019\/12\/papa_1912_3-768x432.jpg 768w, https:\/\/franciscanos.org.br\/noticias\/wp-content\/uploads\/2019\/12\/papa_1912_3-150x84.jpg 150w\" sizes=\"(max-width: 890px) 100vw, 890px\" \/><\/p>\n<p><strong>A cruz com o colete<\/strong><br \/>\nAo apresentar a cruz, o Papa explicou que o colete est\u00e1 \u201cvestindo\u201d a cruz de resina para exprimir a experi\u00eancia espiritual que ele percebeu nas equipes de resgate. E recordou que \u201cna tradi\u00e7\u00e3o crist\u00e3 a cruz \u00e9 s\u00edmbolo de sofrimento e de sacrif\u00edcio, mas tamb\u00e9m de reden\u00e7\u00e3o e de salva\u00e7\u00e3o\u201d.<\/p>\n<p>Depois explicou: \u201cDecidi expor este colete salva-vidas &#8216;crucificado&#8217; nesta cruz para que nos recordemos que devemos ter os olhos abertos\u2026 o cora\u00e7\u00e3o aberto, para recordar a todos o compromisso imprescind\u00edvel de salvar toda a vida humana, um dever moral que une os que creem e os que n\u00e3o creem\u201d. Em seguida o Papa Francisco exorta: \u201cComo podemos ficar indiferente diante de tantos abusos e viol\u00eancias \u00e0 v\u00edtimas inocentes, deixando-as \u00e0 merc\u00ea de traficantes sem escr\u00fapulos. Como podemos \u2018seguir adiante, pelo outro lado\u2019, como o sacerdote e o levita da par\u00e1bola do Bom Samaritano, tornando-nos assim c\u00famplices de suas mortes. A nossa in\u00e9rcia \u00e9 pecado!\u201d<\/p>\n<p><strong>Agradecimento aos n\u00e3o indiferentes<\/strong><br \/>\nE o Papa fez um agradecimento: \u201cAgrade\u00e7o ao Senhor por todos os que decidiram n\u00e3o ficar indiferentes e se empenham em socorrer um desventurado no caminho para Jeric\u00f3, sem fazer perguntas sobre como ou porque tenha acabado nesta situa\u00e7\u00e3o\u201d.<\/p>\n<p>Por fim afirmou que para buscar solu\u00e7\u00f5es \u00e9 preciso \u201cdenunciar e perseguir os traficantes que exploram e maltratam os migrantes, sem temor de revelar coniv\u00eancias e cumplicidades com as institui\u00e7\u00f5es. \u00c9 preciso colocar de lado os interesses econ\u00f4micos e p\u00f4r no centro a pessoa, cuja vida e dignidade s\u00e3o preciosas aos olhos de Deus\u201d.<\/p>\n<p>Concluindo o Papa disse: \u201c\u00c9 preciso socorrer e salvar porque somos todos respons\u00e1veis pela vida no nosso pr\u00f3ximo, e o Senhor nos cobrar\u00e1 no momento do ju\u00edzo final\u201d<\/p>\n<hr \/>\n<h3><img loading=\"lazy\" class=\"alignnone size-full wp-image-215113\" src=\"https:\/\/franciscanos.org.br\/noticias\/wp-content\/uploads\/2019\/12\/papa_1912_1.jpg\" alt=\"\" width=\"890\" height=\"501\" srcset=\"https:\/\/franciscanos.org.br\/noticias\/wp-content\/uploads\/2019\/12\/papa_1912_1.jpg 890w, https:\/\/franciscanos.org.br\/noticias\/wp-content\/uploads\/2019\/12\/papa_1912_1-450x253.jpg 450w, https:\/\/franciscanos.org.br\/noticias\/wp-content\/uploads\/2019\/12\/papa_1912_1-768x432.jpg 768w, https:\/\/franciscanos.org.br\/noticias\/wp-content\/uploads\/2019\/12\/papa_1912_1-150x84.jpg 150w\" sizes=\"(max-width: 890px) 100vw, 890px\" \/><\/h3>\n<h3>O caminho para a paz come\u00e7a com a reconcilia\u00e7\u00e3o<\/h3>\n<p>O primeiro compromisso oficial do Papa Francisco nesta quinta-feira foi a audi\u00eancia aos embaixadores de Seychelles, Mali, Andorra, Qu\u00eania, Let\u00f4nia e Niger, para a apresenta\u00e7\u00e3o de suas credenciais.<br \/>\nPara um grupo t\u00e3o heterog\u00eaneo de pa\u00edses, em seu discurso Francisco destacou dois aspectos: a paz e o respeito pelo meio ambiente.<\/p>\n<p>\u201cO nosso encontro de hoje se realiza enquanto os crist\u00e3os de todo o mundo se preparam para celebrar o nascimento Daquele ao qual nos dirigimos como Pr\u00edncipe da paz\u201d, disse o Pont\u00edfice, recordando que a paz \u00e9 a aspira\u00e7\u00e3o de toda a fam\u00edlia humana.<\/p>\n<p>Todavia, constatou, o mundo hoje \u00e9 \u201ctristemente\u201d marcado por conflitos civis, regionais e internacionais, divis\u00f5es sociais e desigualdades. Por isso, \u00e9 \u201cessencial\u201d empreender um di\u00e1logo construtivo e criativo. Neste esfor\u00e7o, Francisco garantiu o compromisso da Igreja Cat\u00f3lica em colaborar com todo parceiro respons\u00e1vel em promover o bem de toda pessoa e de todos os povos.<\/p>\n<p>O caminho rumo \u00e0 paz, acrescentou, tem in\u00edcio com a abertura \u00e0 reconcilia\u00e7\u00e3o e citou um trecho de sua mensagem para o Dia Mundial da Paz de 2020, em que escreve que \u00e9 preciso abandonar o desejo de dominar os outros e aprender a nos olhar como irm\u00e3os. \u201cSomente quando colocamos de lado a indiferen\u00e7a e o medo pode crescer e prosperar um verdadeiro clima de respeito rec\u00edproco. Isso, por sua vez, leva ao desenvolvimento de uma cultura da inclus\u00e3o, a um sistema econ\u00f4mico mais justo e a v\u00e1rias oportunidades para a participa\u00e7\u00e3o de todos \u00e0 vida social e pol\u00edtica.\u201d<\/p>\n<p>Para Francisco, a presen\u00e7a dos embaixadores j\u00e1 \u00e9 por si um sinal da vontade dos pa\u00edses que representam de enfrentar as situa\u00e7\u00f5es de injusti\u00e7a, discrimina\u00e7\u00e3o, pobreza e desigualdades que afligem o mundo.<\/p>\n<p><strong>Explora\u00e7\u00e3o: obst\u00e1culo para a paz<\/strong><br \/>\nComo um dos obst\u00e1culos para a paz o Pont\u00edfice apontou o desrespeito pela Casa Comum, em especial com a explora\u00e7\u00e3o abusiva dos recursos naturais. O Papa mencionou o recente S\u00ednodo para a Pan-amaz\u00f4nia, que fez um apelo por um renovado apre\u00e7o da rela\u00e7\u00e3o entre comunidade e terra, presente e passado e entre experi\u00eancia e esperan\u00e7a. \u201cO empenho por uma gest\u00e3o respons\u00e1vel da terra e dos seus recursos \u00e9 urgentemente desejado em todos os n\u00edveis, da educa\u00e7\u00e3o familiar \u00e0 vida social e civil, at\u00e9 as decis\u00f5es pol\u00edticas e econ\u00f4micas.\u201d<\/p>\n<p>O Pont\u00edfice concluiu desejando que a miss\u00e3o dos novos embaixadores junto \u00e0 Santa S\u00e9 seja prof\u00edcua e formulando votos de paz e Feliz Natal a todos os povos que representam.<\/p>\n<hr \/>\n<p><img loading=\"lazy\" class=\"alignnone size-full wp-image-215112\" src=\"https:\/\/franciscanos.org.br\/noticias\/wp-content\/uploads\/2019\/12\/papa_1912_2.jpg\" alt=\"\" width=\"890\" height=\"501\" srcset=\"https:\/\/franciscanos.org.br\/noticias\/wp-content\/uploads\/2019\/12\/papa_1912_2.jpg 890w, https:\/\/franciscanos.org.br\/noticias\/wp-content\/uploads\/2019\/12\/papa_1912_2-450x253.jpg 450w, https:\/\/franciscanos.org.br\/noticias\/wp-content\/uploads\/2019\/12\/papa_1912_2-768x432.jpg 768w, https:\/\/franciscanos.org.br\/noticias\/wp-content\/uploads\/2019\/12\/papa_1912_2-150x84.jpg 150w\" sizes=\"(max-width: 890px) 100vw, 890px\" \/><br \/>\nAs celebra\u00e7\u00f5es pontif\u00edcias de fim de ano e in\u00edcio de janeiro<\/p>\n<p><strong>Dezembro<\/strong><br \/>\n24 Ter\u00e7a-feira Bas\u00edlica Vaticana, 21h30 \u2013 (Bras\u00edlia 17h30)<br \/>\nSolenidade do Natal do Senhor &#8211; Missa do Galo<br \/>\n25 Quarta-feira Balc\u00e3o central da Bas\u00edlica Vaticana, 12h &#8211; (Bras\u00edlia 08h)<br \/>\nSolenidade do Natal do Senhor &#8211; B\u00ean\u00e7\u00e3o \u201cUrbi et Orbi\u201d<br \/>\n31 Ter\u00e7a-feira Bas\u00edlica Vaticana, 17h -(Bras\u00edlia 13h)<br \/>\nSolenidade de Maria Sant\u00edssima M\u00e3e de Deus &#8211; V\u00e9speras e Te Deum de agradecimento<\/p>\n<p><strong>Janeiro 2020<\/strong><br \/>\n1\u00ba Quarta-feira Bas\u00edlica Vaticana, 10h &#8211; (Bras\u00edlia 06h)<br \/>\nSolenidade de Maria M\u00e3e de Deus e LIII Dia Mundial da Paz &#8211; Santa Missa<br \/>\n6 Segunda-feira Bas\u00edlica Vaticana, 10h &#8211; (Bras\u00edlia 06h)<br \/>\nSolenidade da Epifania do Senhor &#8211; Santa Missa<br \/>\n12 Domingo Capela Sistina, 9h30 &#8211; (Bras\u00edlia 05h30)<br \/>\nFesta do Batismo do Senhor &#8211; Santa Missa com batizados<\/p>\n<hr \/>\n<p><em>Fonte: Vatican News<\/em><\/p>\n","protected":false},"excerpt":{"rendered":"<p>Audi\u00eancias do Papa Francisco nesta quinta-feira<\/p>\n","protected":false},"author":3,"featured_media":221070,"comment_status":"open","ping_status":"open","sticky":false,"template":"","format":"standard","meta":[],"categories":[1428],"tags":[55],"acf":[],"yoast_head":"<!-- This site is optimized with the Yoast SEO plugin v19.2 - https:\/\/yoast.com\/wordpress\/plugins\/seo\/ -->\n<title>Papa aos refugiados: &quot;A nossa in\u00e9rcia \u00e9 pecado!\u201d - Not\u00edcias - Franciscanos<\/title>\n<meta name=\"robots\" content=\"index, follow, max-snippet:-1, max-image-preview:large, max-video-preview:-1\" \/>\n<link rel=\"canonical\" href=\"https:\/\/franciscanos.org.br\/noticias\/papa-aos-refugiados-a-nossa-inercia-e-pecado.html\" \/>\n<meta property=\"og:locale\" content=\"pt_BR\" \/>\n<meta property=\"og:type\" content=\"article\" \/>\n<meta property=\"og:title\" content=\"Papa aos refugiados: &quot;A nossa in\u00e9rcia \u00e9 pecado!\u201d - Not\u00edcias - Franciscanos\" \/>\n<meta property=\"og:description\" content=\"Audi\u00eancias do Papa Francisco nesta quinta-feira\" \/>\n<meta property=\"og:url\" content=\"https:\/\/franciscanos.org.br\/noticias\/papa-aos-refugiados-a-nossa-inercia-e-pecado.html\" \/>\n<meta property=\"og:site_name\" content=\"Not\u00edcias - Franciscanos\" \/>\n<meta property=\"article:published_time\" content=\"2019-12-19T14:04:45+00:00\" \/>\n<meta property=\"article:modified_time\" content=\"2020-06-06T11:27:44+00:00\" \/>\n<meta property=\"og:image\" content=\"https:\/\/franciscanos.org.br\/noticias\/wp-content\/uploads\/2018\/08\/papa_210818.jpg\" \/>\n\t<meta property=\"og:image:width\" content=\"273\" \/>\n\t<meta property=\"og:image:height\" content=\"181\" \/>\n\t<meta property=\"og:image:type\" content=\"image\/jpeg\" \/>\n<meta name=\"author\" content=\"moacir\" \/>\n<meta name=\"twitter:card\" content=\"summary_large_image\" \/>\n<meta name=\"twitter:label1\" content=\"Escrito por\" \/>\n\t<meta name=\"twitter:data1\" content=\"moacir\" \/>\n\t<meta name=\"twitter:label2\" content=\"Est. tempo de leitura\" \/>\n\t<meta name=\"twitter:data2\" content=\"6 minutos\" \/>\n<script type=\"application\/ld+json\" class=\"yoast-schema-graph\">{\"@context\":\"https:\/\/schema.org\",\"@graph\":[{\"@type\":\"WebSite\",\"@id\":\"https:\/\/franciscanos.org.br\/noticias\/#website\",\"url\":\"https:\/\/franciscanos.org.br\/noticias\/\",\"name\":\"Not\u00edcias - Franciscanos\",\"description\":\"Prov\u00edncia Franciscana da Imaculada Concei\u00e7\u00e3o do Brasil - Ordem dos Frades Menores - OFM\",\"potentialAction\":[{\"@type\":\"SearchAction\",\"target\":{\"@type\":\"EntryPoint\",\"urlTemplate\":\"https:\/\/franciscanos.org.br\/noticias\/?s={search_term_string}\"},\"query-input\":\"required name=search_term_string\"}],\"inLanguage\":\"pt-BR\"},{\"@type\":\"ImageObject\",\"inLanguage\":\"pt-BR\",\"@id\":\"https:\/\/franciscanos.org.br\/noticias\/papa-aos-refugiados-a-nossa-inercia-e-pecado.html#primaryimage\",\"url\":\"https:\/\/franciscanos.org.br\/noticias\/wp-content\/uploads\/2018\/08\/papa_210818.jpg\",\"contentUrl\":\"https:\/\/franciscanos.org.br\/noticias\/wp-content\/uploads\/2018\/08\/papa_210818.jpg\",\"width\":273,\"height\":181},{\"@type\":\"WebPage\",\"@id\":\"https:\/\/franciscanos.org.br\/noticias\/papa-aos-refugiados-a-nossa-inercia-e-pecado.html#webpage\",\"url\":\"https:\/\/franciscanos.org.br\/noticias\/papa-aos-refugiados-a-nossa-inercia-e-pecado.html\",\"name\":\"Papa aos refugiados: \\\"A nossa in\u00e9rcia \u00e9 pecado!\u201d - Not\u00edcias - Franciscanos\",\"isPartOf\":{\"@id\":\"https:\/\/franciscanos.org.br\/noticias\/#website\"},\"primaryImageOfPage\":{\"@id\":\"https:\/\/franciscanos.org.br\/noticias\/papa-aos-refugiados-a-nossa-inercia-e-pecado.html#primaryimage\"},\"datePublished\":\"2019-12-19T14:04:45+00:00\",\"dateModified\":\"2020-06-06T11:27:44+00:00\",\"author\":{\"@id\":\"https:\/\/franciscanos.org.br\/noticias\/#\/schema\/person\/b5c8cba458c330ccff548b056e95a5d4\"},\"breadcrumb\":{\"@id\":\"https:\/\/franciscanos.org.br\/noticias\/papa-aos-refugiados-a-nossa-inercia-e-pecado.html#breadcrumb\"},\"inLanguage\":\"pt-BR\",\"potentialAction\":[{\"@type\":\"ReadAction\",\"target\":[\"https:\/\/franciscanos.org.br\/noticias\/papa-aos-refugiados-a-nossa-inercia-e-pecado.html\"]}]},{\"@type\":\"BreadcrumbList\",\"@id\":\"https:\/\/franciscanos.org.br\/noticias\/papa-aos-refugiados-a-nossa-inercia-e-pecado.html#breadcrumb\",\"itemListElement\":[{\"@type\":\"ListItem\",\"position\":1,\"name\":\"Home\",\"item\":\"https:\/\/franciscanos.org.br\/noticias\"},{\"@type\":\"ListItem\",\"position\":2,\"name\":\"Papa aos refugiados: &#8220;A nossa in\u00e9rcia \u00e9 pecado!\u201d\"}]},{\"@type\":\"Person\",\"@id\":\"https:\/\/franciscanos.org.br\/noticias\/#\/schema\/person\/b5c8cba458c330ccff548b056e95a5d4\",\"name\":\"moacir\",\"image\":{\"@type\":\"ImageObject\",\"inLanguage\":\"pt-BR\",\"@id\":\"https:\/\/franciscanos.org.br\/noticias\/#\/schema\/person\/image\/\",\"url\":\"https:\/\/secure.gravatar.com\/avatar\/d08aa2ce4c8dd416d4479aa8536fcf64?s=96&d=mm&r=g\",\"contentUrl\":\"https:\/\/secure.gravatar.com\/avatar\/d08aa2ce4c8dd416d4479aa8536fcf64?s=96&d=mm&r=g\",\"caption\":\"moacir\"},\"url\":\"https:\/\/franciscanos.org.br\/noticias\/author\/moacir\"}]}<\/script>\n<!-- \/ Yoast SEO plugin. -->","yoast_head_json":{"title":"Papa aos refugiados: \"A nossa in\u00e9rcia \u00e9 pecado!\u201d - Not\u00edcias - Franciscanos","robots":{"index":"index","follow":"follow","max-snippet":"max-snippet:-1","max-image-preview":"max-image-preview:large","max-video-preview":"max-video-preview:-1"},"canonical":"https:\/\/franciscanos.org.br\/noticias\/papa-aos-refugiados-a-nossa-inercia-e-pecado.html","og_locale":"pt_BR","og_type":"article","og_title":"Papa aos refugiados: \"A nossa in\u00e9rcia \u00e9 pecado!\u201d - Not\u00edcias - Franciscanos","og_description":"Audi\u00eancias do Papa Francisco nesta quinta-feira","og_url":"https:\/\/franciscanos.org.br\/noticias\/papa-aos-refugiados-a-nossa-inercia-e-pecado.html","og_site_name":"Not\u00edcias - Franciscanos","article_published_time":"2019-12-19T14:04:45+00:00","article_modified_time":"2020-06-06T11:27:44+00:00","og_image":[{"width":273,"height":181,"url":"https:\/\/franciscanos.org.br\/noticias\/wp-content\/uploads\/2018\/08\/papa_210818.jpg","type":"image\/jpeg"}],"author":"moacir","twitter_card":"summary_large_image","twitter_misc":{"Escrito por":"moacir","Est. tempo de leitura":"6 minutos"},"schema":{"@context":"https:\/\/schema.org","@graph":[{"@type":"WebSite","@id":"https:\/\/franciscanos.org.br\/noticias\/#website","url":"https:\/\/franciscanos.org.br\/noticias\/","name":"Not\u00edcias - Franciscanos","description":"Prov\u00edncia Franciscana da Imaculada Concei\u00e7\u00e3o do Brasil - Ordem dos Frades Menores - OFM","potentialAction":[{"@type":"SearchAction","target":{"@type":"EntryPoint","urlTemplate":"https:\/\/franciscanos.org.br\/noticias\/?s={search_term_string}"},"query-input":"required name=search_term_string"}],"inLanguage":"pt-BR"},{"@type":"ImageObject","inLanguage":"pt-BR","@id":"https:\/\/franciscanos.org.br\/noticias\/papa-aos-refugiados-a-nossa-inercia-e-pecado.html#primaryimage","url":"https:\/\/franciscanos.org.br\/noticias\/wp-content\/uploads\/2018\/08\/papa_210818.jpg","contentUrl":"https:\/\/franciscanos.org.br\/noticias\/wp-content\/uploads\/2018\/08\/papa_210818.jpg","width":273,"height":181},{"@type":"WebPage","@id":"https:\/\/franciscanos.org.br\/noticias\/papa-aos-refugiados-a-nossa-inercia-e-pecado.html#webpage","url":"https:\/\/franciscanos.org.br\/noticias\/papa-aos-refugiados-a-nossa-inercia-e-pecado.html","name":"Papa aos refugiados: \"A nossa in\u00e9rcia \u00e9 pecado!\u201d - Not\u00edcias - Franciscanos","isPartOf":{"@id":"https:\/\/franciscanos.org.br\/noticias\/#website"},"primaryImageOfPage":{"@id":"https:\/\/franciscanos.org.br\/noticias\/papa-aos-refugiados-a-nossa-inercia-e-pecado.html#primaryimage"},"datePublished":"2019-12-19T14:04:45+00:00","dateModified":"2020-06-06T11:27:44+00:00","author":{"@id":"https:\/\/franciscanos.org.br\/noticias\/#\/schema\/person\/b5c8cba458c330ccff548b056e95a5d4"},"breadcrumb":{"@id":"https:\/\/franciscanos.org.br\/noticias\/papa-aos-refugiados-a-nossa-inercia-e-pecado.html#breadcrumb"},"inLanguage":"pt-BR","potentialAction":[{"@type":"ReadAction","target":["https:\/\/franciscanos.org.br\/noticias\/papa-aos-refugiados-a-nossa-inercia-e-pecado.html"]}]},{"@type":"BreadcrumbList","@id":"https:\/\/franciscanos.org.br\/noticias\/papa-aos-refugiados-a-nossa-inercia-e-pecado.html#breadcrumb","itemListElement":[{"@type":"ListItem","position":1,"name":"Home","item":"https:\/\/franciscanos.org.br\/noticias"},{"@type":"ListItem","position":2,"name":"Papa aos refugiados: &#8220;A nossa in\u00e9rcia \u00e9 pecado!\u201d"}]},{"@type":"Person","@id":"https:\/\/franciscanos.org.br\/noticias\/#\/schema\/person\/b5c8cba458c330ccff548b056e95a5d4","name":"moacir","image":{"@type":"ImageObject","inLanguage":"pt-BR","@id":"https:\/\/franciscanos.org.br\/noticias\/#\/schema\/person\/image\/","url":"https:\/\/secure.gravatar.com\/avatar\/d08aa2ce4c8dd416d4479aa8536fcf64?s=96&d=mm&r=g","contentUrl":"https:\/\/secure.gravatar.com\/avatar\/d08aa2ce4c8dd416d4479aa8536fcf64?s=96&d=mm&r=g","caption":"moacir"},"url":"https:\/\/franciscanos.org.br\/noticias\/author\/moacir"}]}},"_links":{"self":[{"href":"https:\/\/franciscanos.org.br\/noticias\/wp-json\/wp\/v2\/posts\/215110"}],"collection":[{"href":"https:\/\/franciscanos.org.br\/noticias\/wp-json\/wp\/v2\/posts"}],"about":[{"href":"https:\/\/franciscanos.org.br\/noticias\/wp-json\/wp\/v2\/types\/post"}],"author":[{"embeddable":true,"href":"https:\/\/franciscanos.org.br\/noticias\/wp-json\/wp\/v2\/users\/3"}],"replies":[{"embeddable":true,"href":"https:\/\/franciscanos.org.br\/noticias\/wp-json\/wp\/v2\/comments?post=215110"}],"version-history":[{"count":1,"href":"https:\/\/franciscanos.org.br\/noticias\/wp-json\/wp\/v2\/posts\/215110\/revisions"}],"predecessor-version":[{"id":224461,"href":"https:\/\/franciscanos.org.br\/noticias\/wp-json\/wp\/v2\/posts\/215110\/revisions\/224461"}],"wp:featuredmedia":[{"embeddable":true,"href":"https:\/\/franciscanos.org.br\/noticias\/wp-json\/wp\/v2\/media\/221070"}],"wp:attachment":[{"href":"https:\/\/franciscanos.org.br\/noticias\/wp-json\/wp\/v2\/media?parent=215110"}],"wp:term":[{"taxonomy":"category","embeddable":true,"href":"https:\/\/franciscanos.org.br\/noticias\/wp-json\/wp\/v2\/categories?post=215110"},{"taxonomy":"post_tag","embeddable":true,"href":"https:\/\/franciscanos.org.br\/noticias\/wp-json\/wp\/v2\/tags?post=215110"}],"curies":[{"name":"wp","href":"https:\/\/api.w.org\/{rel}","templated":true}]}}