{"id":215097,"date":"2020-01-02T08:38:49","date_gmt":"2020-01-02T11:38:49","guid":{"rendered":"https:\/\/franciscanos.org.br\/noticias\/?p=215097"},"modified":"2021-07-05T19:24:13","modified_gmt":"2021-07-05T22:24:13","slug":"novicos-fazem-a-primeira-profissao-em-rodeio-no-dia-6","status":"publish","type":"post","link":"https:\/\/franciscanos.org.br\/noticias\/novicos-fazem-a-primeira-profissao-em-rodeio-no-dia-6.html","title":{"rendered":"Novi\u00e7os fazem a Primeira Profiss\u00e3o em Rodeio hoje"},"content":{"rendered":"<p><img loading=\"lazy\" src=\"https:\/\/franciscanos.org.br\/noticias\/wp-content\/uploads\/2019\/12\/novicos-840.jpg\" alt=\"\" width=\"840\" height=\"634\" \/><\/p>\n<p><strong>Rodeio (SC)<\/strong> &#8211; Depois de viverem um tempo de gra\u00e7a e prova\u00e7\u00e3o, como \u00e9 chamado o Noviciado na forma\u00e7\u00e3o franciscana &#8211; Frei Gabriel Ferreira Salinas e Frei Irven Gabriel de Jesus dos Santos &#8211; receberam a aprova\u00e7\u00e3o do Definit\u00f3rio Provincial para fazerem a Profiss\u00e3o Tempor\u00e1ria na Ordem dos Frades Menores. Esse momento ser\u00e1 realizado durante a Celebra\u00e7\u00e3o Eucar\u00edstica no dia 6 de janeiro, presidida pelo Ministro Provincial Frei C\u00e9sar K\u00fclkamp, \u00e0s 19 horas, na Igreja S\u00e3o Francisco de Assis, em Rodeio, SC. O lema escolhido pelos novi\u00e7os \u00e9: \u201cVede, irm\u00e3os, que humildade a de Deus! Derramai ante Ele os vossos cora\u00e7\u00f5es! Humilhai-vos para que Ele vos exalte!\u201d (Ord 28).<\/p>\n<p>Segundo a Ordem dos Frades Menores, o tempo da Profiss\u00e3o Tempor\u00e1ria \u00e9 o \u201cper\u00edodo durante o qual se completa a forma\u00e7\u00e3o para viver de modo mais pleno a vida pr\u00f3pria da Ordem e melhor cumprir sua miss\u00e3o\u201d. Na Ordem Franciscana, os votos dos professos tempor\u00e1rios s\u00e3o renovados anualmente at\u00e9 o momento da Profiss\u00e3o Solene.<\/p>\n<p>Esta \u00e9 a 119\u00aa turma do Noviciado e a primeira do mestre Frei Rodrigo da Silva Santos, que foi indicado para esta miss\u00e3o no \u00faltimo Cap\u00edtulo Provincial, celebrado no final do ano passado. \u201cPessoalmente, trago boas recorda\u00e7\u00f5es desta etapa quando a vivi e alimentava a esperan\u00e7a de poder, na miss\u00e3o de acompanhar e fazer esta caminhada com os 5 novi\u00e7os que nossa Prov\u00edncia acolhera neste ano, ajud\u00e1-los a viver este tempo como verdadeira gra\u00e7a de descoberta da beleza de nosso carisma e identidade, enquanto se permitiam ser provados quanto sua real capacidade e desejo de serem fi\u00e9is e realizados nesta empreitada\u201d, revela Frei Rodrigo.<\/p>\n<p>Segundo o mestre dos novi\u00e7os, embora pequena, a turma revelou um grande desejo de viver bem esta etapa, de corresponder \u00e0s orienta\u00e7\u00f5es que lhes eram dadas para que pudessem, por si mesmos, melhor responder \u00e0 vontade de Deus: \u201cIndividualmente, dotados de boa vontade e responsabilidade com sua voca\u00e7\u00e3o, fraternalmente dispostos a se entreajudarem nas responsabilidades para que ningu\u00e9m se visse sobrecarregado (uma das vantagens que uma turma pequena permite cultivar)\u201d.<\/p>\n<p>\u201cQue Deus continue a aben\u00e7oar a vida destes dois novi\u00e7os que confirmaram o desejo de serem Frades Menores e que, considerados \u00e0 luz de nosso carisma, foram aprovados pelos formadores e pelo Ministro Provincial em seu prop\u00f3sito. Que nosso Ser\u00e1fico Pai S\u00e3o Francisco os acolha em nossa fraternidade e lhes inspire sempre mais o desejo de seguir os passos do Cristo Pobre e Crucificado com alegria e disposi\u00e7\u00e3o!\u201d, deseja Frei Rodrigo.<\/p>\n<p><img loading=\"lazy\" src=\"https:\/\/franciscanos.org.br\/noticias\/wp-content\/uploads\/2019\/12\/Convite-Rodeio.jpg\" alt=\"\" width=\"1200\" height=\"1678\" \/><\/p>\n","protected":false},"excerpt":{"rendered":"<p>Primeira Profiss\u00e3o dos Novi\u00e7os<\/p>\n","protected":false},"author":7,"featured_media":215317,"comment_status":"open","ping_status":"open","sticky":false,"template":"","format":"standard","meta":[],"categories":[1],"tags":[334],"acf":[],"yoast_head":"<!-- This site is optimized with the Yoast SEO plugin v19.2 - https:\/\/yoast.com\/wordpress\/plugins\/seo\/ -->\n<title>Novi\u00e7os fazem a Primeira Profiss\u00e3o em Rodeio hoje - Not\u00edcias - Franciscanos<\/title>\n<meta name=\"robots\" content=\"index, follow, max-snippet:-1, max-image-preview:large, max-video-preview:-1\" \/>\n<link rel=\"canonical\" href=\"https:\/\/franciscanos.org.br\/noticias\/novicos-fazem-a-primeira-profissao-em-rodeio-no-dia-6.html\" \/>\n<meta property=\"og:locale\" content=\"pt_BR\" \/>\n<meta property=\"og:type\" content=\"article\" \/>\n<meta property=\"og:title\" content=\"Novi\u00e7os fazem a Primeira Profiss\u00e3o em Rodeio hoje - Not\u00edcias - Franciscanos\" \/>\n<meta property=\"og:description\" content=\"Primeira Profiss\u00e3o dos Novi\u00e7os\" \/>\n<meta property=\"og:url\" content=\"https:\/\/franciscanos.org.br\/noticias\/novicos-fazem-a-primeira-profissao-em-rodeio-no-dia-6.html\" \/>\n<meta property=\"og:site_name\" content=\"Not\u00edcias - Franciscanos\" \/>\n<meta property=\"article:published_time\" content=\"2020-01-02T11:38:49+00:00\" \/>\n<meta property=\"article:modified_time\" content=\"2021-07-05T22:24:13+00:00\" \/>\n<meta property=\"og:image\" content=\"https:\/\/franciscanos.org.br\/noticias\/wp-content\/uploads\/2020\/01\/rodeio_0201.jpg\" \/>\n\t<meta property=\"og:image:width\" content=\"273\" \/>\n\t<meta property=\"og:image:height\" content=\"181\" \/>\n\t<meta property=\"og:image:type\" content=\"image\/jpeg\" \/>\n<meta name=\"author\" content=\"jovenal\" \/>\n<meta name=\"twitter:card\" content=\"summary_large_image\" \/>\n<meta name=\"twitter:label1\" content=\"Escrito por\" \/>\n\t<meta name=\"twitter:data1\" content=\"jovenal\" \/>\n\t<meta name=\"twitter:label2\" content=\"Est. tempo de leitura\" \/>\n\t<meta name=\"twitter:data2\" content=\"2 minutos\" \/>\n<script type=\"application\/ld+json\" class=\"yoast-schema-graph\">{\"@context\":\"https:\/\/schema.org\",\"@graph\":[{\"@type\":\"WebSite\",\"@id\":\"https:\/\/franciscanos.org.br\/noticias\/#website\",\"url\":\"https:\/\/franciscanos.org.br\/noticias\/\",\"name\":\"Not\u00edcias - Franciscanos\",\"description\":\"Prov\u00edncia Franciscana da Imaculada Concei\u00e7\u00e3o do Brasil - Ordem dos Frades Menores - OFM\",\"potentialAction\":[{\"@type\":\"SearchAction\",\"target\":{\"@type\":\"EntryPoint\",\"urlTemplate\":\"https:\/\/franciscanos.org.br\/noticias\/?s={search_term_string}\"},\"query-input\":\"required name=search_term_string\"}],\"inLanguage\":\"pt-BR\"},{\"@type\":\"ImageObject\",\"inLanguage\":\"pt-BR\",\"@id\":\"https:\/\/franciscanos.org.br\/noticias\/novicos-fazem-a-primeira-profissao-em-rodeio-no-dia-6.html#primaryimage\",\"url\":\"https:\/\/franciscanos.org.br\/noticias\/wp-content\/uploads\/2020\/01\/rodeio_0201.jpg\",\"contentUrl\":\"https:\/\/franciscanos.org.br\/noticias\/wp-content\/uploads\/2020\/01\/rodeio_0201.jpg\",\"width\":273,\"height\":181},{\"@type\":\"WebPage\",\"@id\":\"https:\/\/franciscanos.org.br\/noticias\/novicos-fazem-a-primeira-profissao-em-rodeio-no-dia-6.html#webpage\",\"url\":\"https:\/\/franciscanos.org.br\/noticias\/novicos-fazem-a-primeira-profissao-em-rodeio-no-dia-6.html\",\"name\":\"Novi\u00e7os fazem a Primeira Profiss\u00e3o em Rodeio hoje - Not\u00edcias - Franciscanos\",\"isPartOf\":{\"@id\":\"https:\/\/franciscanos.org.br\/noticias\/#website\"},\"primaryImageOfPage\":{\"@id\":\"https:\/\/franciscanos.org.br\/noticias\/novicos-fazem-a-primeira-profissao-em-rodeio-no-dia-6.html#primaryimage\"},\"datePublished\":\"2020-01-02T11:38:49+00:00\",\"dateModified\":\"2021-07-05T22:24:13+00:00\",\"author\":{\"@id\":\"https:\/\/franciscanos.org.br\/noticias\/#\/schema\/person\/c3a26b08313dd1772495ce300ab257cc\"},\"breadcrumb\":{\"@id\":\"https:\/\/franciscanos.org.br\/noticias\/novicos-fazem-a-primeira-profissao-em-rodeio-no-dia-6.html#breadcrumb\"},\"inLanguage\":\"pt-BR\",\"potentialAction\":[{\"@type\":\"ReadAction\",\"target\":[\"https:\/\/franciscanos.org.br\/noticias\/novicos-fazem-a-primeira-profissao-em-rodeio-no-dia-6.html\"]}]},{\"@type\":\"BreadcrumbList\",\"@id\":\"https:\/\/franciscanos.org.br\/noticias\/novicos-fazem-a-primeira-profissao-em-rodeio-no-dia-6.html#breadcrumb\",\"itemListElement\":[{\"@type\":\"ListItem\",\"position\":1,\"name\":\"Home\",\"item\":\"https:\/\/franciscanos.org.br\/noticias\"},{\"@type\":\"ListItem\",\"position\":2,\"name\":\"Novi\u00e7os fazem a Primeira Profiss\u00e3o em Rodeio hoje\"}]},{\"@type\":\"Person\",\"@id\":\"https:\/\/franciscanos.org.br\/noticias\/#\/schema\/person\/c3a26b08313dd1772495ce300ab257cc\",\"name\":\"jovenal\",\"image\":{\"@type\":\"ImageObject\",\"inLanguage\":\"pt-BR\",\"@id\":\"https:\/\/franciscanos.org.br\/noticias\/#\/schema\/person\/image\/\",\"url\":\"https:\/\/secure.gravatar.com\/avatar\/e94509f531086e2eaf97e72f29ea00f9?s=96&d=mm&r=g\",\"contentUrl\":\"https:\/\/secure.gravatar.com\/avatar\/e94509f531086e2eaf97e72f29ea00f9?s=96&d=mm&r=g\",\"caption\":\"jovenal\"},\"url\":\"https:\/\/franciscanos.org.br\/noticias\/author\/jovenal\"}]}<\/script>\n<!-- \/ Yoast SEO plugin. -->","yoast_head_json":{"title":"Novi\u00e7os fazem a Primeira Profiss\u00e3o em Rodeio hoje - Not\u00edcias - Franciscanos","robots":{"index":"index","follow":"follow","max-snippet":"max-snippet:-1","max-image-preview":"max-image-preview:large","max-video-preview":"max-video-preview:-1"},"canonical":"https:\/\/franciscanos.org.br\/noticias\/novicos-fazem-a-primeira-profissao-em-rodeio-no-dia-6.html","og_locale":"pt_BR","og_type":"article","og_title":"Novi\u00e7os fazem a Primeira Profiss\u00e3o em Rodeio hoje - Not\u00edcias - Franciscanos","og_description":"Primeira Profiss\u00e3o dos Novi\u00e7os","og_url":"https:\/\/franciscanos.org.br\/noticias\/novicos-fazem-a-primeira-profissao-em-rodeio-no-dia-6.html","og_site_name":"Not\u00edcias - Franciscanos","article_published_time":"2020-01-02T11:38:49+00:00","article_modified_time":"2021-07-05T22:24:13+00:00","og_image":[{"width":273,"height":181,"url":"https:\/\/franciscanos.org.br\/noticias\/wp-content\/uploads\/2020\/01\/rodeio_0201.jpg","type":"image\/jpeg"}],"author":"jovenal","twitter_card":"summary_large_image","twitter_misc":{"Escrito por":"jovenal","Est. tempo de leitura":"2 minutos"},"schema":{"@context":"https:\/\/schema.org","@graph":[{"@type":"WebSite","@id":"https:\/\/franciscanos.org.br\/noticias\/#website","url":"https:\/\/franciscanos.org.br\/noticias\/","name":"Not\u00edcias - Franciscanos","description":"Prov\u00edncia Franciscana da Imaculada Concei\u00e7\u00e3o do Brasil - Ordem dos Frades Menores - OFM","potentialAction":[{"@type":"SearchAction","target":{"@type":"EntryPoint","urlTemplate":"https:\/\/franciscanos.org.br\/noticias\/?s={search_term_string}"},"query-input":"required name=search_term_string"}],"inLanguage":"pt-BR"},{"@type":"ImageObject","inLanguage":"pt-BR","@id":"https:\/\/franciscanos.org.br\/noticias\/novicos-fazem-a-primeira-profissao-em-rodeio-no-dia-6.html#primaryimage","url":"https:\/\/franciscanos.org.br\/noticias\/wp-content\/uploads\/2020\/01\/rodeio_0201.jpg","contentUrl":"https:\/\/franciscanos.org.br\/noticias\/wp-content\/uploads\/2020\/01\/rodeio_0201.jpg","width":273,"height":181},{"@type":"WebPage","@id":"https:\/\/franciscanos.org.br\/noticias\/novicos-fazem-a-primeira-profissao-em-rodeio-no-dia-6.html#webpage","url":"https:\/\/franciscanos.org.br\/noticias\/novicos-fazem-a-primeira-profissao-em-rodeio-no-dia-6.html","name":"Novi\u00e7os fazem a Primeira Profiss\u00e3o em Rodeio hoje - Not\u00edcias - Franciscanos","isPartOf":{"@id":"https:\/\/franciscanos.org.br\/noticias\/#website"},"primaryImageOfPage":{"@id":"https:\/\/franciscanos.org.br\/noticias\/novicos-fazem-a-primeira-profissao-em-rodeio-no-dia-6.html#primaryimage"},"datePublished":"2020-01-02T11:38:49+00:00","dateModified":"2021-07-05T22:24:13+00:00","author":{"@id":"https:\/\/franciscanos.org.br\/noticias\/#\/schema\/person\/c3a26b08313dd1772495ce300ab257cc"},"breadcrumb":{"@id":"https:\/\/franciscanos.org.br\/noticias\/novicos-fazem-a-primeira-profissao-em-rodeio-no-dia-6.html#breadcrumb"},"inLanguage":"pt-BR","potentialAction":[{"@type":"ReadAction","target":["https:\/\/franciscanos.org.br\/noticias\/novicos-fazem-a-primeira-profissao-em-rodeio-no-dia-6.html"]}]},{"@type":"BreadcrumbList","@id":"https:\/\/franciscanos.org.br\/noticias\/novicos-fazem-a-primeira-profissao-em-rodeio-no-dia-6.html#breadcrumb","itemListElement":[{"@type":"ListItem","position":1,"name":"Home","item":"https:\/\/franciscanos.org.br\/noticias"},{"@type":"ListItem","position":2,"name":"Novi\u00e7os fazem a Primeira Profiss\u00e3o em Rodeio hoje"}]},{"@type":"Person","@id":"https:\/\/franciscanos.org.br\/noticias\/#\/schema\/person\/c3a26b08313dd1772495ce300ab257cc","name":"jovenal","image":{"@type":"ImageObject","inLanguage":"pt-BR","@id":"https:\/\/franciscanos.org.br\/noticias\/#\/schema\/person\/image\/","url":"https:\/\/secure.gravatar.com\/avatar\/e94509f531086e2eaf97e72f29ea00f9?s=96&d=mm&r=g","contentUrl":"https:\/\/secure.gravatar.com\/avatar\/e94509f531086e2eaf97e72f29ea00f9?s=96&d=mm&r=g","caption":"jovenal"},"url":"https:\/\/franciscanos.org.br\/noticias\/author\/jovenal"}]}},"_links":{"self":[{"href":"https:\/\/franciscanos.org.br\/noticias\/wp-json\/wp\/v2\/posts\/215097"}],"collection":[{"href":"https:\/\/franciscanos.org.br\/noticias\/wp-json\/wp\/v2\/posts"}],"about":[{"href":"https:\/\/franciscanos.org.br\/noticias\/wp-json\/wp\/v2\/types\/post"}],"author":[{"embeddable":true,"href":"https:\/\/franciscanos.org.br\/noticias\/wp-json\/wp\/v2\/users\/7"}],"replies":[{"embeddable":true,"href":"https:\/\/franciscanos.org.br\/noticias\/wp-json\/wp\/v2\/comments?post=215097"}],"version-history":[{"count":1,"href":"https:\/\/franciscanos.org.br\/noticias\/wp-json\/wp\/v2\/posts\/215097\/revisions"}],"predecessor-version":[{"id":232849,"href":"https:\/\/franciscanos.org.br\/noticias\/wp-json\/wp\/v2\/posts\/215097\/revisions\/232849"}],"wp:featuredmedia":[{"embeddable":true,"href":"https:\/\/franciscanos.org.br\/noticias\/wp-json\/wp\/v2\/media\/215317"}],"wp:attachment":[{"href":"https:\/\/franciscanos.org.br\/noticias\/wp-json\/wp\/v2\/media?parent=215097"}],"wp:term":[{"taxonomy":"category","embeddable":true,"href":"https:\/\/franciscanos.org.br\/noticias\/wp-json\/wp\/v2\/categories?post=215097"},{"taxonomy":"post_tag","embeddable":true,"href":"https:\/\/franciscanos.org.br\/noticias\/wp-json\/wp\/v2\/tags?post=215097"}],"curies":[{"name":"wp","href":"https:\/\/api.w.org\/{rel}","templated":true}]}}