{"id":215090,"date":"2020-01-02T08:29:06","date_gmt":"2020-01-02T11:29:06","guid":{"rendered":"https:\/\/franciscanos.org.br\/noticias\/?p=215090"},"modified":"2023-01-10T08:54:52","modified_gmt":"2023-01-10T11:54:52","slug":"espero-viver-a-altura-das-expectativas-que-deus-tem-a-meu-respeito","status":"publish","type":"post","link":"https:\/\/franciscanos.org.br\/noticias\/espero-viver-a-altura-das-expectativas-que-deus-tem-a-meu-respeito.html","title":{"rendered":"\u201cEspero viver \u00e0 altura das expectativas que Deus tem a meu respeito\u201d"},"content":{"rendered":"<p><img loading=\"lazy\" src=\"https:\/\/franciscanos.org.br\/noticias\/wp-content\/uploads\/2019\/12\/gabriel_840-19122019.jpg\" alt=\"\" width=\"840\" height=\"528\" \/><\/p>\n<p><em>\u00c9 com esse pensamento que Frei Gabriel Vargas Dias Alves, natural do Rio de Janeiro, onde nasceu no dia 14 de outubro de 1985, ser\u00e1 ordenado presb\u00edtero no dia 11 de janeiro de 2020, na Par\u00f3quia S\u00e3o Pedro Ap\u00f3stolo, em Pato Branco (PR). O bispo da Diocese de Palmas-Francisco Beltr\u00e3o (PR), Dom Edgar Xaxier Ertl, far\u00e1 a imposi\u00e7\u00e3o das m\u00e3os durante a Celebra\u00e7\u00e3o Eucar\u00edstica, \u00e0s 18 horas. Sua primeira Missa ser\u00e1 no dia seguinte, \u00e0s 9h30, no mesmo local da ordena\u00e7\u00e3o. Para este momento importante de sua vida, Frei Gabriel escolheu como lema: \u201cA \u00e1gua que eu lhe der ser\u00e1 nele uma fonte que jorra para a vida eterna\u201d (Jo 4,14). Seu ingresso na Ordem dos Frades Menores se deu em 2009, quando vestiu o h\u00e1bito franciscano em Rodeio. Em seguida, cursou Filosofia e Teologia. Para ele, as experi\u00eancias mission\u00e1rias em Angola, na Amaz\u00f4nia e na Rocinha marcaram sua vida. Foi ordenado di\u00e1cono em 2018 e foi transferido para prestar servi\u00e7o na Frente de Educa\u00e7\u00e3o da Prov\u00edncia, residindo na Fraternidade Bom Jesus da Aldeia. Reside atualmente na Fraternidade S\u00e3o Pedro Ap\u00f3stolo de Pato Branco.<\/em><\/p>\n<p>Conhe\u00e7a mais um pouco o novo presb\u00edtero da Prov\u00edncia nesta entrevista ao <em><strong>site Franciscanos.<\/strong><\/em><\/p>\n<hr \/>\n<p><strong>Site Franciscanos<\/strong> &#8211; <em>Frei Gabriel, por favor, fale um pouco de sua vida e de sua fam\u00edlia.<\/em><\/p>\n<p><strong>Frei Gabrie<\/strong>l &#8211; Eu venho de uma fam\u00edlia cujo n\u00facleo familiar mais pr\u00f3ximo \u00e9 pequeno se comparado com outras fam\u00edlias. O meu pai s\u00f3 tem uma irm\u00e3, a minha m\u00e3e s\u00f3 tem um irm\u00e3o e eu, para n\u00e3o fugir \u00e0 regra, tenho s\u00f3 uma irm\u00e3, tr\u00eas anos mais velha do que eu. Meu pai nasceu em Minhas Gerais mas foi morar no Rio ainda beb\u00ea, por isso consideramos que a fam\u00edlia vem toda da zona oeste do Rio Janeiro. Estamos inseridos dentro de um n\u00facleo maior, porque a \u201cbisa\u201d por parte de m\u00e3e teve 13 filhos. Ent\u00e3o s\u00e3o muitos tios-av\u00f3s e primos de 2\u00b0 e 3\u00b0 graus. Os meus pais s\u00e3o cat\u00f3licos, juntamente com alguns poucos tios e tios-av\u00f3s, mas a grande parte da fam\u00edlia \u00e9 batista. Temos 5 ou 6 pastores na fam\u00edlia, talvez mais agora&#8230; Nos marcou desde cedo a necessidade da toler\u00e2ncia ao diferente, de modo especial a toler\u00e2ncia religiosa, nem sempre f\u00e1cil, mas fundamental. Isso fez com que se constru\u00edsse la\u00e7os e amizades com pessoas de v\u00e1rias tradi\u00e7\u00f5es, uma riqueza muito grande nessa diversidade. Da fam\u00edlia trago a f\u00e9, o respeito, e um grande tra\u00e7o de franqueza. A fam\u00edlia \u00e9 extremamente sincera, fala tudo que pensa, luta pelo que acredita e eu acho que trago um pouco disso.<\/p>\n<p><strong>Comunica\u00e7\u00f5es<\/strong> &#8211; <em>Como se deu o seu discernimento vocacional?<\/em><\/p>\n<p><strong>Frei Gabriel<\/strong> &#8211; A esse tipo de pergunta sempre temos a vers\u00e3o resumida, pois nem sempre d\u00e1 para explicar as coisas e a vers\u00e3o estendida (risos). Contextualizando, venho de uma fam\u00edlia que podemos dizer ser imagem da viv\u00eancia religiosa heterog\u00eanea, que marca grande parte das fam\u00edlias hoje. O n\u00facleo cat\u00f3lico da minha fam\u00edlia \u00e9 bem pequeno e esse convive com uma grande parcela evang\u00e9lica de confiss\u00e3o batista, alguns kardecistas e umbandistas. Desse modo crescemos numa certa liberdade religiosa, onde cada um escolhia o seu caminho. Mesmo tendo pai e m\u00e3e cat\u00f3licos, desde bem pequeno frequentava a Igreja Batista com a minha av\u00f3 materna e outros familiares e desse modo continuei at\u00e9 por volta dos treze anos, quando decidi que algo faltava naquele espa\u00e7o e ent\u00e3o deveria me encontrar em outro lugar. Passei uns dois anos conhecendo diferentes experi\u00eancias religiosas sozinho at\u00e9 aumentar minha frequ\u00eancia na missa e, aos 16 anos, decidi buscar a primeira Eucaristia e o sacramento da Crisma. Isso foi seguido de uma s\u00e9rie de experi\u00eancias muito intensas, grupos de jovens, viv\u00eancias pastorais e uma grande conviv\u00eancia com a Congrega\u00e7\u00e3o da Irm\u00e3s de Nossa Senhora de Bel\u00e9m. Observando as irm\u00e3s sempre ficava intrigado: Como podiam ser t\u00e3o alegres o tempo todo? O que viviam dentro do convento que as fazia t\u00e3o felizes? Algumas irm\u00e3s brincaram comigo ser uma pena elas n\u00e3o possu\u00edrem um ramo masculino, porque sintonizava muito com o carisma da anuncia\u00e7\u00e3o que era o delas. Isso caiu em mim como uma semente de inquieta\u00e7\u00e3o que reacendeu quest\u00f5es a respeito de \u2018com o que valeria a pena consumir a minha vida que \u00e9 finita e \u00fanica&#8230;\u2019 Dirigi-me \u00e0s irm\u00e3s em busca de aux\u00edlio e disse que pensava em ser religioso, que n\u00e3o sabia onde, mas o pouco que conhecia de S\u00e3o Francisco me atra\u00eda. Por carta, a Madre me aconselhou a procurar o Convento Santo Ant\u00f4nio que n\u00e3o o conhecia.<\/p>\n<p><strong>Comunica\u00e7\u00f5es<\/strong> <em>&#8211; Por que escolheu a vida religiosa franciscana?<\/em><\/p>\n<p><strong>Frei Gabriel<\/strong> &#8211; Mais ou menos na mesma \u00e9poca, uma tia queria se confessar, mas disse que n\u00e3o poderia ser com qualquer padre; tinha que ser com o Frei Anselmo Fracasso, que ela, na \u00e9poca, o ouvia no r\u00e1dio e me pediu companhia para ir at\u00e9 o Convento. Depois desse dia retornei em busca de informa\u00e7\u00f5es sobre o discernimento e, com alguma espera devido a troca de animadores, conheci Frei Hermenegildo Pereira, que se tornou um grande amigo e fez com que me apaixonasse pela vida franciscana. No fundo \u00e9 quase como se a vida franciscana tivesse me captado, n\u00e3o cheguei a cogitar de conhecer outros carismas.<\/p>\n<p><strong>Comunica\u00e7\u00f5es<\/strong> <em>&#8211; Como voc\u00ea define a Ordem do Presbiterado?<\/em><\/p>\n<p><strong>Frei Gabriel<\/strong> &#8211; Muitas coisas n\u00f3s vivemos ou buscamos sem tentar isolar ou definir. Mas diante da sua pergunta, penso que o presb\u00edtero encerre algumas coisas em si que podem nos ajudar a esbo\u00e7ar uma resposta. Fazer parte da Ordem do presbiterado n\u00e3o \u00e9 fazer parte de um grupo seleto de pessoas, dotadas de qualidades, experi\u00eancias ou mesmo conhecimentos especiais. N\u00e3o \u00e9 ser melhor, muito menos superior. \u00c9 assumir um lugar espec\u00edfico dentro do imenso corpo que \u00e9 chamado a amar e a servir, onde o Cristo vive em todos n\u00f3s, batizados. Logo, o presb\u00edtero \u00e9 sinal do Cristo-cabe\u00e7a, desse imenso corpo que pulsa, vibra e que age em unidade e pela unidade. Por isso, como sinal da cabe\u00e7a deve buscar sempre o bem do corpo, servindo incansavelmente \u00e0 sua integralidade que busca abra\u00e7ar a cria\u00e7\u00e3o inteira. Hoje, muitos se julgam detentores da mensagem ou mesmo da autoridade de cristo a ponto de se auto-intitularem conservadores, quando na verdade mutilam e instrumentalizam os membros desse corpo sagrado. Ent\u00e3o, cada vez mais, eu penso que o presb\u00edtero alimentado pela Eucaristia \u00e9 um sacramental da unidade.<\/p>\n<p><strong>Comunica\u00e7\u00f5es<\/strong> <em>&#8211; O que \u00e9 para voc\u00ea ser presb\u00edtero franciscano?<\/em><\/p>\n<p><strong>Frei Gabriel<\/strong> &#8211; Para mim, ser presb\u00edtero franciscano \u00e9 ser transpar\u00eancia, apenas uma visibilidade do Cristo sacerdote. Acho que alguns dos elementos mais caracter\u00edsticos de Francisco s\u00e3o o seguimento de Cristo e o fato de ele n\u00e3o se apossar de nada. Por isso, ser presb\u00edtero franciscano significa ter sempre em mente que o \u00fanico verdadeiro ministro da Igreja \u00e9 o pr\u00f3prio Cristo. Na medida em que Ele se torna o modelo de minist\u00e9rio e a busca do presb\u00edtero \u00e9 unicamente torn\u00e1-lo sacramentalmente presente, ele \u00e9 verdadeiramente pobre como o Cristo da cruz buscado por Francisco. Assim, ele pode servir a tantos crucificados e crucificadas do nosso tempo. N\u00e3o porque esteja cheio de algo, mas ao contr\u00e1rio, porque est\u00e1 vazio.<\/p>\n<p><strong>Comunica\u00e7\u00f5es<\/strong> <em>&#8211; Quais suas expectativas para esta nova miss\u00e3o?<\/em><\/p>\n<p><strong>Frei Gabriel<\/strong> &#8211; H\u00e1 algum tempo que busco n\u00e3o criar grandes expectativas a respeito de nada. Acho que a nossa mente \u00e9 sempre muito pequena para supor os pensamentos de Deus ou o que trar\u00e1 o nosso bem e o dos outros. Na minha pequenez imaginei muitas coisas que o amor de Deus me mostrou n\u00e3o serem o melhor. E assim, como todos n\u00f3s, eu me reinventei muitas vezes pelo caminho para descobrir que \u00e9 melhor acolher do que projetar quando se trata de algumas dimens\u00f5es da vida. Apesar das minhas limita\u00e7\u00f5es, eu espero viver \u00e0 altura das expectativas que Deus tem a meu respeito. Que eu possa estar sempre atento \u00e0 sua voz, para que como no lema escolhido tudo que eu fa\u00e7a seja frui\u00e7\u00e3o que conduz \u00e0 eternidade da vida para a qual Ele nos criou.<\/p>\n<p><strong>Comunica\u00e7\u00f5es<\/strong> <em>&#8211; O que \u00e9 ser presb\u00edtero na Pontificado do Papa Francisco?<\/em><\/p>\n<p><strong>Frei Gabriel<\/strong> &#8211; Com palavras e sobretudo com a\u00e7\u00f5es, o Papa Francisco tem demonstrado que ser presb\u00edtero significa ter coragem de dar a vida pelo Senhor e pelo seu povo. Algu\u00e9m cujo mesmo \u00f3leo que lhe ungiu as m\u00e3os escorra at\u00e9 os p\u00e9s para que possa ir ao encontro de todos, de modo especial, os mais exclu\u00eddos e mais abandonados. Num esp\u00edrito de doa\u00e7\u00e3o cotidiana, simples, sem alarde, sem dar-se ares de import\u00e2ncia. Fazer o que \u00e9 necess\u00e1rio fazer pelo Reino de Deus. O pr\u00f3prio Papa se coloca como irm\u00e3o. Desde o princ\u00edpio, ele se confiou \u00e0s ora\u00e7\u00f5es do povo, vendo-se como parte dele, n\u00e3o acima. Tudo sempre de forma muito concreta, avesso ao culto das apar\u00eancias.<\/p>\n<p><strong>Comunica\u00e7\u00f5es<\/strong> <em>&#8211; Que mensagem deixaria para um jovem que quer ser sacerdote?<\/em><\/p>\n<p><strong>Frei Gabriel<\/strong> &#8211; Eu diria que se ele quer ser sacerdote franciscano, antes de tudo seja frade, seja irm\u00e3o. Na entrega e m\u00fatuo servi\u00e7o cotidiano, que se d\u00e1 no dia a dia da fraternidade, vamos nos percebendo falhos, inacabados. Pela admira\u00e7\u00e3o da gra\u00e7a de Cristo que se mostra no irm\u00e3o, posso intuir os passos que devo dar, as bagagens que devo deixar. Deus vai nos provocando e n\u00f3s vamos respondendo, nos abrindo ou fechando, fazendo barulho ou aprendendo a silenciar. E, aos poucos, Ele vai nos conduzindo pelo caminho. N\u00e3o se preocupe com que voc\u00ea ter\u00e1 de fazer, pois n\u00e3o ser\u00e1 voc\u00ea a fazer nada. S\u00f3 permita que Ele fa\u00e7a atrav\u00e9s de voc\u00ea.<\/p>\n<p><img loading=\"lazy\" src=\"https:\/\/franciscanos.org.br\/noticias\/wp-content\/uploads\/2019\/12\/gabriel_convite-19122019.jpg\" alt=\"\" width=\"840\" height=\"650\" \/><\/p>\n","protected":false},"excerpt":{"rendered":"<p>Ordena\u00e7\u00e3o presbiteral de Frei Gabriel Vargas Dias Alves<\/p>\n","protected":false},"author":7,"featured_media":215092,"comment_status":"open","ping_status":"open","sticky":false,"template":"","format":"standard","meta":[],"categories":[1],"tags":[157],"acf":[],"yoast_head":"<!-- This site is optimized with the Yoast SEO plugin v19.2 - https:\/\/yoast.com\/wordpress\/plugins\/seo\/ -->\n<title>\u201cEspero viver \u00e0 altura das expectativas que Deus tem a meu respeito\u201d - Not\u00edcias - Franciscanos<\/title>\n<meta name=\"robots\" content=\"index, follow, max-snippet:-1, max-image-preview:large, max-video-preview:-1\" \/>\n<link rel=\"canonical\" href=\"https:\/\/franciscanos.org.br\/noticias\/espero-viver-a-altura-das-expectativas-que-deus-tem-a-meu-respeito.html\" \/>\n<meta property=\"og:locale\" content=\"pt_BR\" \/>\n<meta property=\"og:type\" content=\"article\" \/>\n<meta property=\"og:title\" content=\"\u201cEspero viver \u00e0 altura das expectativas que Deus tem a meu respeito\u201d - Not\u00edcias - Franciscanos\" \/>\n<meta property=\"og:description\" content=\"Ordena\u00e7\u00e3o presbiteral de Frei Gabriel Vargas Dias Alves\" \/>\n<meta property=\"og:url\" content=\"https:\/\/franciscanos.org.br\/noticias\/espero-viver-a-altura-das-expectativas-que-deus-tem-a-meu-respeito.html\" \/>\n<meta property=\"og:site_name\" content=\"Not\u00edcias - Franciscanos\" \/>\n<meta property=\"article:published_time\" content=\"2020-01-02T11:29:06+00:00\" \/>\n<meta property=\"article:modified_time\" content=\"2023-01-10T11:54:52+00:00\" \/>\n<meta property=\"og:image\" content=\"https:\/\/franciscanos.org.br\/noticias\/wp-content\/uploads\/2019\/12\/gabriel_273-19122019.jpg\" \/>\n\t<meta property=\"og:image:width\" content=\"273\" \/>\n\t<meta property=\"og:image:height\" content=\"181\" \/>\n\t<meta property=\"og:image:type\" content=\"image\/jpeg\" \/>\n<meta name=\"author\" content=\"jovenal\" \/>\n<meta name=\"twitter:card\" content=\"summary_large_image\" \/>\n<meta name=\"twitter:label1\" content=\"Escrito por\" \/>\n\t<meta name=\"twitter:data1\" content=\"jovenal\" \/>\n\t<meta name=\"twitter:label2\" content=\"Est. tempo de leitura\" \/>\n\t<meta name=\"twitter:data2\" content=\"9 minutos\" \/>\n<script type=\"application\/ld+json\" class=\"yoast-schema-graph\">{\"@context\":\"https:\/\/schema.org\",\"@graph\":[{\"@type\":\"WebSite\",\"@id\":\"https:\/\/franciscanos.org.br\/noticias\/#website\",\"url\":\"https:\/\/franciscanos.org.br\/noticias\/\",\"name\":\"Not\u00edcias - Franciscanos\",\"description\":\"Prov\u00edncia Franciscana da Imaculada Concei\u00e7\u00e3o do Brasil - Ordem dos Frades Menores - OFM\",\"potentialAction\":[{\"@type\":\"SearchAction\",\"target\":{\"@type\":\"EntryPoint\",\"urlTemplate\":\"https:\/\/franciscanos.org.br\/noticias\/?s={search_term_string}\"},\"query-input\":\"required name=search_term_string\"}],\"inLanguage\":\"pt-BR\"},{\"@type\":\"ImageObject\",\"inLanguage\":\"pt-BR\",\"@id\":\"https:\/\/franciscanos.org.br\/noticias\/espero-viver-a-altura-das-expectativas-que-deus-tem-a-meu-respeito.html#primaryimage\",\"url\":\"https:\/\/franciscanos.org.br\/noticias\/wp-content\/uploads\/2019\/12\/gabriel_273-19122019.jpg\",\"contentUrl\":\"https:\/\/franciscanos.org.br\/noticias\/wp-content\/uploads\/2019\/12\/gabriel_273-19122019.jpg\",\"width\":273,\"height\":181},{\"@type\":\"WebPage\",\"@id\":\"https:\/\/franciscanos.org.br\/noticias\/espero-viver-a-altura-das-expectativas-que-deus-tem-a-meu-respeito.html#webpage\",\"url\":\"https:\/\/franciscanos.org.br\/noticias\/espero-viver-a-altura-das-expectativas-que-deus-tem-a-meu-respeito.html\",\"name\":\"\u201cEspero viver \u00e0 altura das expectativas que Deus tem a meu respeito\u201d - Not\u00edcias - Franciscanos\",\"isPartOf\":{\"@id\":\"https:\/\/franciscanos.org.br\/noticias\/#website\"},\"primaryImageOfPage\":{\"@id\":\"https:\/\/franciscanos.org.br\/noticias\/espero-viver-a-altura-das-expectativas-que-deus-tem-a-meu-respeito.html#primaryimage\"},\"datePublished\":\"2020-01-02T11:29:06+00:00\",\"dateModified\":\"2023-01-10T11:54:52+00:00\",\"author\":{\"@id\":\"https:\/\/franciscanos.org.br\/noticias\/#\/schema\/person\/c3a26b08313dd1772495ce300ab257cc\"},\"breadcrumb\":{\"@id\":\"https:\/\/franciscanos.org.br\/noticias\/espero-viver-a-altura-das-expectativas-que-deus-tem-a-meu-respeito.html#breadcrumb\"},\"inLanguage\":\"pt-BR\",\"potentialAction\":[{\"@type\":\"ReadAction\",\"target\":[\"https:\/\/franciscanos.org.br\/noticias\/espero-viver-a-altura-das-expectativas-que-deus-tem-a-meu-respeito.html\"]}]},{\"@type\":\"BreadcrumbList\",\"@id\":\"https:\/\/franciscanos.org.br\/noticias\/espero-viver-a-altura-das-expectativas-que-deus-tem-a-meu-respeito.html#breadcrumb\",\"itemListElement\":[{\"@type\":\"ListItem\",\"position\":1,\"name\":\"Home\",\"item\":\"https:\/\/franciscanos.org.br\/noticias\"},{\"@type\":\"ListItem\",\"position\":2,\"name\":\"\u201cEspero viver \u00e0 altura das expectativas que Deus tem a meu respeito\u201d\"}]},{\"@type\":\"Person\",\"@id\":\"https:\/\/franciscanos.org.br\/noticias\/#\/schema\/person\/c3a26b08313dd1772495ce300ab257cc\",\"name\":\"jovenal\",\"image\":{\"@type\":\"ImageObject\",\"inLanguage\":\"pt-BR\",\"@id\":\"https:\/\/franciscanos.org.br\/noticias\/#\/schema\/person\/image\/\",\"url\":\"https:\/\/secure.gravatar.com\/avatar\/e94509f531086e2eaf97e72f29ea00f9?s=96&d=mm&r=g\",\"contentUrl\":\"https:\/\/secure.gravatar.com\/avatar\/e94509f531086e2eaf97e72f29ea00f9?s=96&d=mm&r=g\",\"caption\":\"jovenal\"},\"url\":\"https:\/\/franciscanos.org.br\/noticias\/author\/jovenal\"}]}<\/script>\n<!-- \/ Yoast SEO plugin. -->","yoast_head_json":{"title":"\u201cEspero viver \u00e0 altura das expectativas que Deus tem a meu respeito\u201d - Not\u00edcias - Franciscanos","robots":{"index":"index","follow":"follow","max-snippet":"max-snippet:-1","max-image-preview":"max-image-preview:large","max-video-preview":"max-video-preview:-1"},"canonical":"https:\/\/franciscanos.org.br\/noticias\/espero-viver-a-altura-das-expectativas-que-deus-tem-a-meu-respeito.html","og_locale":"pt_BR","og_type":"article","og_title":"\u201cEspero viver \u00e0 altura das expectativas que Deus tem a meu respeito\u201d - Not\u00edcias - Franciscanos","og_description":"Ordena\u00e7\u00e3o presbiteral de Frei Gabriel Vargas Dias Alves","og_url":"https:\/\/franciscanos.org.br\/noticias\/espero-viver-a-altura-das-expectativas-que-deus-tem-a-meu-respeito.html","og_site_name":"Not\u00edcias - Franciscanos","article_published_time":"2020-01-02T11:29:06+00:00","article_modified_time":"2023-01-10T11:54:52+00:00","og_image":[{"width":273,"height":181,"url":"https:\/\/franciscanos.org.br\/noticias\/wp-content\/uploads\/2019\/12\/gabriel_273-19122019.jpg","type":"image\/jpeg"}],"author":"jovenal","twitter_card":"summary_large_image","twitter_misc":{"Escrito por":"jovenal","Est. tempo de leitura":"9 minutos"},"schema":{"@context":"https:\/\/schema.org","@graph":[{"@type":"WebSite","@id":"https:\/\/franciscanos.org.br\/noticias\/#website","url":"https:\/\/franciscanos.org.br\/noticias\/","name":"Not\u00edcias - Franciscanos","description":"Prov\u00edncia Franciscana da Imaculada Concei\u00e7\u00e3o do Brasil - Ordem dos Frades Menores - OFM","potentialAction":[{"@type":"SearchAction","target":{"@type":"EntryPoint","urlTemplate":"https:\/\/franciscanos.org.br\/noticias\/?s={search_term_string}"},"query-input":"required name=search_term_string"}],"inLanguage":"pt-BR"},{"@type":"ImageObject","inLanguage":"pt-BR","@id":"https:\/\/franciscanos.org.br\/noticias\/espero-viver-a-altura-das-expectativas-que-deus-tem-a-meu-respeito.html#primaryimage","url":"https:\/\/franciscanos.org.br\/noticias\/wp-content\/uploads\/2019\/12\/gabriel_273-19122019.jpg","contentUrl":"https:\/\/franciscanos.org.br\/noticias\/wp-content\/uploads\/2019\/12\/gabriel_273-19122019.jpg","width":273,"height":181},{"@type":"WebPage","@id":"https:\/\/franciscanos.org.br\/noticias\/espero-viver-a-altura-das-expectativas-que-deus-tem-a-meu-respeito.html#webpage","url":"https:\/\/franciscanos.org.br\/noticias\/espero-viver-a-altura-das-expectativas-que-deus-tem-a-meu-respeito.html","name":"\u201cEspero viver \u00e0 altura das expectativas que Deus tem a meu respeito\u201d - Not\u00edcias - Franciscanos","isPartOf":{"@id":"https:\/\/franciscanos.org.br\/noticias\/#website"},"primaryImageOfPage":{"@id":"https:\/\/franciscanos.org.br\/noticias\/espero-viver-a-altura-das-expectativas-que-deus-tem-a-meu-respeito.html#primaryimage"},"datePublished":"2020-01-02T11:29:06+00:00","dateModified":"2023-01-10T11:54:52+00:00","author":{"@id":"https:\/\/franciscanos.org.br\/noticias\/#\/schema\/person\/c3a26b08313dd1772495ce300ab257cc"},"breadcrumb":{"@id":"https:\/\/franciscanos.org.br\/noticias\/espero-viver-a-altura-das-expectativas-que-deus-tem-a-meu-respeito.html#breadcrumb"},"inLanguage":"pt-BR","potentialAction":[{"@type":"ReadAction","target":["https:\/\/franciscanos.org.br\/noticias\/espero-viver-a-altura-das-expectativas-que-deus-tem-a-meu-respeito.html"]}]},{"@type":"BreadcrumbList","@id":"https:\/\/franciscanos.org.br\/noticias\/espero-viver-a-altura-das-expectativas-que-deus-tem-a-meu-respeito.html#breadcrumb","itemListElement":[{"@type":"ListItem","position":1,"name":"Home","item":"https:\/\/franciscanos.org.br\/noticias"},{"@type":"ListItem","position":2,"name":"\u201cEspero viver \u00e0 altura das expectativas que Deus tem a meu respeito\u201d"}]},{"@type":"Person","@id":"https:\/\/franciscanos.org.br\/noticias\/#\/schema\/person\/c3a26b08313dd1772495ce300ab257cc","name":"jovenal","image":{"@type":"ImageObject","inLanguage":"pt-BR","@id":"https:\/\/franciscanos.org.br\/noticias\/#\/schema\/person\/image\/","url":"https:\/\/secure.gravatar.com\/avatar\/e94509f531086e2eaf97e72f29ea00f9?s=96&d=mm&r=g","contentUrl":"https:\/\/secure.gravatar.com\/avatar\/e94509f531086e2eaf97e72f29ea00f9?s=96&d=mm&r=g","caption":"jovenal"},"url":"https:\/\/franciscanos.org.br\/noticias\/author\/jovenal"}]}},"_links":{"self":[{"href":"https:\/\/franciscanos.org.br\/noticias\/wp-json\/wp\/v2\/posts\/215090"}],"collection":[{"href":"https:\/\/franciscanos.org.br\/noticias\/wp-json\/wp\/v2\/posts"}],"about":[{"href":"https:\/\/franciscanos.org.br\/noticias\/wp-json\/wp\/v2\/types\/post"}],"author":[{"embeddable":true,"href":"https:\/\/franciscanos.org.br\/noticias\/wp-json\/wp\/v2\/users\/7"}],"replies":[{"embeddable":true,"href":"https:\/\/franciscanos.org.br\/noticias\/wp-json\/wp\/v2\/comments?post=215090"}],"version-history":[{"count":1,"href":"https:\/\/franciscanos.org.br\/noticias\/wp-json\/wp\/v2\/posts\/215090\/revisions"}],"predecessor-version":[{"id":241637,"href":"https:\/\/franciscanos.org.br\/noticias\/wp-json\/wp\/v2\/posts\/215090\/revisions\/241637"}],"wp:featuredmedia":[{"embeddable":true,"href":"https:\/\/franciscanos.org.br\/noticias\/wp-json\/wp\/v2\/media\/215092"}],"wp:attachment":[{"href":"https:\/\/franciscanos.org.br\/noticias\/wp-json\/wp\/v2\/media?parent=215090"}],"wp:term":[{"taxonomy":"category","embeddable":true,"href":"https:\/\/franciscanos.org.br\/noticias\/wp-json\/wp\/v2\/categories?post=215090"},{"taxonomy":"post_tag","embeddable":true,"href":"https:\/\/franciscanos.org.br\/noticias\/wp-json\/wp\/v2\/tags?post=215090"}],"curies":[{"name":"wp","href":"https:\/\/api.w.org\/{rel}","templated":true}]}}