{"id":215086,"date":"2019-12-19T07:19:26","date_gmt":"2019-12-19T10:19:26","guid":{"rendered":"https:\/\/franciscanos.org.br\/noticias\/?p=215086"},"modified":"2019-12-19T07:19:26","modified_gmt":"2019-12-19T10:19:26","slug":"um-franciscano-na-guerra","status":"publish","type":"post","link":"https:\/\/franciscanos.org.br\/noticias\/um-franciscano-na-guerra.html","title":{"rendered":"Um franciscano na guerra"},"content":{"rendered":"<h1 class=\"article__title\"><img loading=\"lazy\" class=\"alignnone size-full wp-image-215087\" src=\"https:\/\/franciscanos.org.br\/noticias\/wp-content\/uploads\/2019\/12\/franciscano_1912.jpg\" alt=\"\" width=\"890\" height=\"501\" srcset=\"https:\/\/franciscanos.org.br\/noticias\/wp-content\/uploads\/2019\/12\/franciscano_1912.jpg 890w, https:\/\/franciscanos.org.br\/noticias\/wp-content\/uploads\/2019\/12\/franciscano_1912-450x253.jpg 450w, https:\/\/franciscanos.org.br\/noticias\/wp-content\/uploads\/2019\/12\/franciscano_1912-768x432.jpg 768w, https:\/\/franciscanos.org.br\/noticias\/wp-content\/uploads\/2019\/12\/franciscano_1912-150x84.jpg 150w\" sizes=\"(max-width: 890px) 100vw, 890px\" \/><\/h1>\n<p><em>Frei Firas Lufti com as crian\u00e7as nas ru\u00ednas de Aleppo<\/em><\/p>\n<div class=\"article__subTitle\"><em>Frei Firas Lufti \u00e9 s\u00edrio, franciscano da Terra Santa, ministro da Regi\u00e3o S\u00e3o Paulo que compreende al\u00e9m da S\u00edria, o L\u00edbano e a Jord\u00e2nia. Apesar da guerra, ficou na S\u00edria, com a sua gente. Frei Firas conta aos Vatican News os nove anos de viol\u00eancias, de destrui\u00e7\u00e3o e de morte. E como hoje ajuda as crian\u00e7as e reencontrar o sorriso.<\/em><\/div>\n<div><\/div>\n<div class=\"title__separator\">Olhando a televis\u00e3o, ouvindo o r\u00e1dio ou lendo os jornais parece que a guerra na S\u00edria tenha terminado. A m\u00eddia n\u00e3o fala mais disso, ou fala pouco. E isso o Frei Firas Lufti, franciscano da Terra Santa, mas principalmente s\u00edrio na S\u00edria lamenta muito. Faz muita quest\u00e3o que se fale, porque ficou todos os anos da guerra no seu pa\u00eds. \u201c<i>\u00c9 verdade que em algumas regi\u00f5es os combates cessaram \u2013\u00a0<\/i>disse<i>\u00a0\u2013 por\u00e9m temos que considerar uma realidade: a guerra durou nove anos. Houve uma maci\u00e7a destrui\u00e7\u00e3o, casas demolidas, bairros em ru\u00ednas, igrejas que precisam de interven\u00e7\u00f5es para a reconstru\u00e7\u00e3o\u2026 Metade da popula\u00e7\u00e3o, estamos falando de 23 milh\u00f5es antes da guerra, n\u00e3o existe mais, entre mortos, refugiados e deslocados<\/i>\u201d.<\/div>\n<div class=\"article__text\">\n<p>Assim o frei descreve a atual situa\u00e7\u00e3o do seu pa\u00eds, onde a vida \u00e9 muito dif\u00edcil. Demografia e economia foram postas de joelhos. Os jovens foram embora. Crian\u00e7as e mulheres, que ficaram ou os que est\u00e3o em campos refugiados sofrem de profundos traumas psicol\u00f3gicos. As san\u00e7\u00f5es econ\u00f4micas, o embargo \u201cque o Ocidente infelizmente continua\u00a0 contra a S\u00edria, pensando em atingir os respons\u00e1veis pela guerra\u201d na realidade atingem as pessoas normais, os inocentes, as crian\u00e7as e os mais pobres. Portanto, atualmente \u00e9 uma luta pela sobreviv\u00eancia, contra a pobreza. Frei Firas v\u00ea ao seu redor uma grande desola\u00e7\u00e3o, mesmo se grande parte do territ\u00f3rio j\u00e1 n\u00e3o t\u00eam mais os jihadistas \u201cvindos de todas as partes do mundo, de mais de 60 na\u00e7\u00f5es\u201d. Os \u00faltimos fundamentalistas est\u00e3o reunidos na regi\u00e3o de Idlib, \u00faltima fortaleza. \u201c<i>S\u00e3o estrangeiros indesejados em seus pa\u00edses de origem que n\u00e3o desejam mais a sua presen\u00e7a<\/i>\u201d. A an\u00e1lise do franciscano \u00e9 fria: \u201c<i>Infelizmente, a guerra na S\u00edria tornou-se objeto de muitos interesses internacionais. N\u00e3o \u00e9 mais uma luta contra um regime, n\u00e3o \u00e9 mais uma luta por uma democracia, pela liberdade da palavra, de consci\u00eancia, mas \u00e9 uma guerra internacional que envolve russos, americanos, europeus e tamb\u00e9m o Ir\u00e3, a Turquia e os pa\u00edses do Golfo, cada um com seus aliados<\/i>\u201d. Para Frei Firas, esta guerra pode ser chamada tamb\u00e9m de \u201ctsunami\u201d, porque devasta tudo. \u201cA S\u00edria ainda continua a sangrar\u201d, declara com os olhos lacrimejantes. Espera a salva\u00e7\u00e3o, ou seja, a interven\u00e7\u00e3o de pessoas s\u00e1bias que decidam programar de uma vez por todas a paz. Recentemente, um jovem lhe dizia que n\u00e3o tinha mais for\u00e7a para combater, para lutar. Que n\u00e3o vivia, mas sobrevivia sem nem mesmo ousar levantar o olhar para o horizonte.<\/p>\n<div>\n<div class=\"article__embed article__embed--unwrap\"><\/div>\n<\/div>\n<h2>Em busca de solu\u00e7\u00f5es<\/h2>\n<p>Como Igreja e como franciscano, Frei Firas nunca se resignou. Claro, em alguns momentos parecia que tudo tinha se acabado, e que nada mais se poderia fazer. Mas um cora\u00e7\u00e3o franciscano n\u00e3o pode abandonar tudo. Ent\u00e3o come\u00e7ou a procurar poss\u00edveis solu\u00e7\u00f5es. \u201cComo fazer para ajudar o meu povo?, perguntou-se in\u00fameras vezes. A comunidade franciscana mundial j\u00e1 fazia muitas coisas. Gra\u00e7as \u00e0 solidariedade, tamb\u00e9m gra\u00e7as a muitos benfeitores, pode-se distribuir alimentos e \u00e1gua pot\u00e1vel, porque na guerra, com frequ\u00eancia, \u00e9 a primeira coisa cruel que falta. Mas tamb\u00e9m foi distribu\u00eddo dinheiro para financiar micro projetos, para ajudar jovens casais a fazerem os primeiros passos e construir uma fam\u00edlia. \u201c<i>Estes projetos s\u00e3o testemunhos de que o Senhor d\u00e1 e continua a dar<\/i>\u201d.<\/p>\n<p>Ao lado deste drama, desta trag\u00e9dia, Frei Firas tocou com a m\u00e3o a presen\u00e7a de Deus de maneira magn\u00edfica, e a Igreja sempre esteve ao lado por povo sofredor. Alguns pastores, sob a press\u00e3o incessante da guerra tiveram que ir embora por\u00e9m a maioria, os bispos, sacerdotes e muitas ordens religiosas decidiram ficar na S\u00edria. E cita como exemplo dois dos seus companheiros franciscanos que hoje moram no norte, na regi\u00e3o pr\u00f3xima da fronteira com a Turquia, a poucos passos de Antioquia, a famosa e hist\u00f3rica Atioquia. \u201c<i>Eles vivem sob o controle dos jihadistas e n\u00e3o do regime do presidente Assad. E o que fazem ali? Est\u00e3o cuidando do pequeno rebanho dos crist\u00e3os que ficou<\/i>\u201d. Junto com os dois religiosos h\u00e1 200 crist\u00e3os que carregam no seu DNA, o cristianismo, mas tamb\u00e9m suportam os sofrimentos para levar adiante uma presen\u00e7a concreta, hist\u00f3rica, de todo o patrim\u00f4nio crist\u00e3o de 2 mil anos de hist\u00f3ria em Antioquia onde, pela primeira vez, os crist\u00e3os tomaram o digno nome de \u201cseguidores de Cristo\u201d.<\/p>\n<p>Ainda hoje, apesar das mil dificuldades, est\u00e3o ali, ao lado destes dois freis frades franciscanos da Cust\u00f3dia da Terra Santa, para continuar a testemunhar o amor de Cristo, terno, misericordioso, piedoso para com o pequeno rebanho.<\/p>\n<div>\n<div class=\"article__embed article__embed--unwrap\">\n<figure><picture><img class=\"loaded\" src=\"https:\/\/www.vaticannews.va\/content\/dam\/vaticannews\/multimedia\/2019\/12\/06\/Lufti3aem.jpg\/_jcr_content\/renditions\/cq5dam.thumbnail.cropped.750.422.jpeg\" alt=\"Frei Firas Lufti e as crian\u00e7as do projeto \u201cArte terap\u00eautica\u201d\" data-original=\"\/content\/dam\/vaticannews\/multimedia\/2019\/12\/06\/Lufti3aem.jpg\/_jcr_content\/renditions\/cq5dam.thumbnail.cropped.750.422.jpeg\" data-was-processed=\"true\" \/><\/picture><\/figure>\n<div class=\"photo_embed--Title\"><em>Frei Firas Lufti e as crian\u00e7as do projeto \u201cArte terap\u00eautica\u201d<\/em><\/div>\n<\/div>\n<\/div>\n<p><b>Rever um sorriso no rosto das crian\u00e7as<\/b><\/p>\n<p>Est\u00e3o sendo realizados dois projetos para as crian\u00e7as da S\u00edria. Um na cidade de Aleppo, onde Frei Firas morou durante a guerra. O projeto chama-se \u201cArte terap\u00eautica\u201d. Por tr\u00e1s desta denomina\u00e7\u00e3o, h\u00e1 uma equipe de pessoas e especialistas que fazem o poss\u00edvel para ajudar as crian\u00e7as a se recuperarem do trauma psicol\u00f3gico que os abalou profundamente. O franciscano explica. \u201c<i>Trata-se de um grande centro onde h\u00e1 m\u00fasica, esporte, nata\u00e7\u00e3o, conseguimos construir uma bela piscina porque durante a guerra n\u00e3o podiam brincar, sair de casa, estudar, porque poderiam ser mortos<\/i>\u201d.<\/p>\n<p>No \u00faltimo ver\u00e3o, cerca de mil jovens frequentaram o centro. A todos eles, os funcion\u00e1rios do centro e os psic\u00f3logos tentaram ajudar a encontrar um sentido profundo para suas vidas e sua exist\u00eancia.<\/p>\n<p>Existe tamb\u00e9m um outro projeto muito interessante. \u201c<i>Na parte leste de Aleppo viviam e vivem apenas mu\u00e7ulmanos<\/i>\u201d. Assim come\u00e7a a descri\u00e7\u00e3o de Frei Firas. \u201c<i>Durante a guerra suas terras foram ocupadas pelos jihadistas, que os maltratavam, as mulheres foram violentadas, as crian\u00e7as massacradas\u2026 As crian\u00e7as viram cenas dram\u00e1ticas de decapita\u00e7\u00e3o e maltratamentos feito por fan\u00e1ticos<\/i>\u201d. Em seguida, fala dos casamentos mais ou menos for\u00e7ados de jihadistas com mulheres s\u00edrias e de crian\u00e7as que nasceram destas uni\u00f5es, cuja exist\u00eancia n\u00e3o \u00e9 oficial. S\u00e3o crian\u00e7as sem registro de nascimento. Est\u00e3o ali, fisicamente em vida, mas juridicamente inexistentes. Em 2017, os jihadistas abandonaram Aleppo, e a situa\u00e7\u00e3o que Frei Firas encontrou era terr\u00edvel: \u201c<i>Crian\u00e7as de 4-5 anos que moram com a m\u00e3e ou a av\u00f3 porque os pais morreram. Alguns deles foram abandonados ao seu destino e nunca frequentaram escola. Sem falar do drama psicol\u00f3gico e do ac\u00famulo de medos, de terror que foram submetidos durante os combates<\/i>\u201d.<\/p>\n<div>\n<div class=\"article__embed article__embed--unwrap\">\n<figure><picture><img class=\"loaded\" src=\"https:\/\/www.vaticannews.va\/content\/dam\/vaticannews\/multimedia\/2019\/12\/06\/Lufti4aem.jpg\/_jcr_content\/renditions\/cq5dam.thumbnail.cropped.750.422.jpeg\" alt=\"Frei Firas Lufti com as crian\u00e7as de Aleppo\" data-original=\"\/content\/dam\/vaticannews\/multimedia\/2019\/12\/06\/Lufti4aem.jpg\/_jcr_content\/renditions\/cq5dam.thumbnail.cropped.750.422.jpeg\" data-was-processed=\"true\" \/><\/picture><\/figure>\n<div class=\"photo_embed--Title\"><em>Frei Firas Lufti com as crian\u00e7as de Aleppo<\/em><\/div>\n<\/div>\n<\/div>\n<p>Foram criados dois centros que recebem cada um 500 meninos e meninas dos 3-4 anos at\u00e9 os 16 anos. E foi aumentado o programa que j\u00e1 existia em seu convento, o Col\u00e9gio \u201cTerre Sainte\u201d em Aleppo. O sacerdote franciscano faz quest\u00e3o de sublinhar que os dois centros nascem de uma amizade com o mundo mu\u00e7ulmano: \u201c<i>O mufti de Aleppo \u00e9 um nosso car\u00edssimo amigo \u2013\u00a0<\/i>explica<i>\u00a0\u2013 e junto com o bispo vig\u00e1rio apost\u00f3lico dos latinos, da comunidade latina da S\u00edria, nasceu uma grande amizade, antes e durante a guerra. Portanto um primeiro fruto foi a estreita colabora\u00e7\u00e3o para salvar a inoc\u00eancia destas crian\u00e7as<\/i>\u201d.<\/p>\n<p>Este projeto, esta colabora\u00e7\u00e3o com os mu\u00e7ulmanos, tem um grande significado para o Frei Firas. Demonstra a possibilidade de dar um sentido \u00e0 vida, um sentido profundo, um sentido \u00e0 exist\u00eancia e que nunca \u00e9 tarde para agir e fazer o bem. E acrescenta: \u201c<i>O di\u00e1logo n\u00e3o se faz apenas ao redor de uma mesa, mas trabalhando juntos, lado a lado, cora\u00e7\u00e3o a cora\u00e7\u00e3o. \u00c9 dali que nasce a verdadeira reconstru\u00e7\u00e3o da S\u00edria que acontecer\u00e1 no tempo, pode ser que seja necess\u00e1rio 30, 50 anos, mas a verdadeira reconstru\u00e7\u00e3o n\u00e3o nasce dos tijolos, mas da reconstru\u00e7\u00e3o do homem, do humano dentro de n\u00f3s<\/i>\u201d.<\/p>\n<h2>A S\u00edria como miss\u00e3o<\/h2>\n<p>Quando se pergunta ao frei Firas por que ficou na S\u00edria, responde deste modo: \u201c<i>Porque sim, porque sou franciscano, crente e quando o Senhor me criou foi para uma miss\u00e3o, para ser o seu rosto, os seus bra\u00e7os, as suas pernas que levam o an\u00fancio, a ternura e a miseric\u00f3rdia de Deus<\/i>\u201d.<\/p>\n<p>Frei Firas foi \u201c<i>chamado<\/i>\u201d por Deus para viver a realidade, mesmo dram\u00e1tica, da \u201c<i>sua<\/i>\u201d S\u00edria. O seu \u201csim\u201d \u00e0 exist\u00eancia \u00e9 um \u201csim\u201d motivado e convicto que o sustenta na supera\u00e7\u00e3o das dificuldades. Hoje, na S\u00edria, todos os dias se sofre e se morre. E assim conclui: \u201c<i>\u00c9 exatamente como o gr\u00e3o de trigo: se n\u00e3o morre, fica sozinho; mas se, ao contr\u00e1rio, morre, produz muitos frutos, como diz Jesus no Evangelho<\/i>\u201d.<\/p>\n<hr \/>\n<p><b>Silvonei Protz, da Vatican News<\/b><\/p>\n<\/div>\n","protected":false},"excerpt":{"rendered":"<p>Cust\u00f3dia da Terra Santa<\/p>\n","protected":false},"author":3,"featured_media":215088,"comment_status":"open","ping_status":"open","sticky":false,"template":"","format":"standard","meta":[],"categories":[1],"tags":[1429,1569],"acf":[],"yoast_head":"<!-- This site is optimized with the Yoast SEO plugin v19.2 - https:\/\/yoast.com\/wordpress\/plugins\/seo\/ -->\n<title>Um franciscano na guerra - Not\u00edcias - Franciscanos<\/title>\n<meta name=\"robots\" content=\"index, follow, max-snippet:-1, max-image-preview:large, max-video-preview:-1\" \/>\n<link rel=\"canonical\" href=\"https:\/\/franciscanos.org.br\/noticias\/um-franciscano-na-guerra.html\" \/>\n<meta property=\"og:locale\" content=\"pt_BR\" \/>\n<meta property=\"og:type\" content=\"article\" \/>\n<meta property=\"og:title\" content=\"Um franciscano na guerra - Not\u00edcias - Franciscanos\" \/>\n<meta property=\"og:description\" content=\"Cust\u00f3dia da Terra Santa\" \/>\n<meta property=\"og:url\" content=\"https:\/\/franciscanos.org.br\/noticias\/um-franciscano-na-guerra.html\" \/>\n<meta property=\"og:site_name\" content=\"Not\u00edcias - Franciscanos\" \/>\n<meta property=\"article:published_time\" content=\"2019-12-19T10:19:26+00:00\" \/>\n<meta property=\"og:image\" content=\"https:\/\/franciscanos.org.br\/noticias\/wp-content\/uploads\/2019\/12\/franciscano_1912d.jpg\" \/>\n\t<meta property=\"og:image:width\" content=\"273\" \/>\n\t<meta property=\"og:image:height\" content=\"181\" \/>\n\t<meta property=\"og:image:type\" content=\"image\/jpeg\" \/>\n<meta name=\"author\" content=\"moacir\" \/>\n<meta name=\"twitter:card\" content=\"summary_large_image\" \/>\n<meta name=\"twitter:label1\" content=\"Escrito por\" \/>\n\t<meta name=\"twitter:data1\" content=\"moacir\" \/>\n\t<meta name=\"twitter:label2\" content=\"Est. tempo de leitura\" \/>\n\t<meta name=\"twitter:data2\" content=\"8 minutos\" \/>\n<script type=\"application\/ld+json\" class=\"yoast-schema-graph\">{\"@context\":\"https:\/\/schema.org\",\"@graph\":[{\"@type\":\"WebSite\",\"@id\":\"https:\/\/franciscanos.org.br\/noticias\/#website\",\"url\":\"https:\/\/franciscanos.org.br\/noticias\/\",\"name\":\"Not\u00edcias - Franciscanos\",\"description\":\"Prov\u00edncia Franciscana da Imaculada Concei\u00e7\u00e3o do Brasil - Ordem dos Frades Menores - OFM\",\"potentialAction\":[{\"@type\":\"SearchAction\",\"target\":{\"@type\":\"EntryPoint\",\"urlTemplate\":\"https:\/\/franciscanos.org.br\/noticias\/?s={search_term_string}\"},\"query-input\":\"required name=search_term_string\"}],\"inLanguage\":\"pt-BR\"},{\"@type\":\"ImageObject\",\"inLanguage\":\"pt-BR\",\"@id\":\"https:\/\/franciscanos.org.br\/noticias\/um-franciscano-na-guerra.html#primaryimage\",\"url\":\"https:\/\/franciscanos.org.br\/noticias\/wp-content\/uploads\/2019\/12\/franciscano_1912d.jpg\",\"contentUrl\":\"https:\/\/franciscanos.org.br\/noticias\/wp-content\/uploads\/2019\/12\/franciscano_1912d.jpg\",\"width\":273,\"height\":181},{\"@type\":\"WebPage\",\"@id\":\"https:\/\/franciscanos.org.br\/noticias\/um-franciscano-na-guerra.html#webpage\",\"url\":\"https:\/\/franciscanos.org.br\/noticias\/um-franciscano-na-guerra.html\",\"name\":\"Um franciscano na guerra - Not\u00edcias - Franciscanos\",\"isPartOf\":{\"@id\":\"https:\/\/franciscanos.org.br\/noticias\/#website\"},\"primaryImageOfPage\":{\"@id\":\"https:\/\/franciscanos.org.br\/noticias\/um-franciscano-na-guerra.html#primaryimage\"},\"datePublished\":\"2019-12-19T10:19:26+00:00\",\"dateModified\":\"2019-12-19T10:19:26+00:00\",\"author\":{\"@id\":\"https:\/\/franciscanos.org.br\/noticias\/#\/schema\/person\/b5c8cba458c330ccff548b056e95a5d4\"},\"breadcrumb\":{\"@id\":\"https:\/\/franciscanos.org.br\/noticias\/um-franciscano-na-guerra.html#breadcrumb\"},\"inLanguage\":\"pt-BR\",\"potentialAction\":[{\"@type\":\"ReadAction\",\"target\":[\"https:\/\/franciscanos.org.br\/noticias\/um-franciscano-na-guerra.html\"]}]},{\"@type\":\"BreadcrumbList\",\"@id\":\"https:\/\/franciscanos.org.br\/noticias\/um-franciscano-na-guerra.html#breadcrumb\",\"itemListElement\":[{\"@type\":\"ListItem\",\"position\":1,\"name\":\"Home\",\"item\":\"https:\/\/franciscanos.org.br\/noticias\"},{\"@type\":\"ListItem\",\"position\":2,\"name\":\"Um franciscano na guerra\"}]},{\"@type\":\"Person\",\"@id\":\"https:\/\/franciscanos.org.br\/noticias\/#\/schema\/person\/b5c8cba458c330ccff548b056e95a5d4\",\"name\":\"moacir\",\"image\":{\"@type\":\"ImageObject\",\"inLanguage\":\"pt-BR\",\"@id\":\"https:\/\/franciscanos.org.br\/noticias\/#\/schema\/person\/image\/\",\"url\":\"https:\/\/secure.gravatar.com\/avatar\/d08aa2ce4c8dd416d4479aa8536fcf64?s=96&d=mm&r=g\",\"contentUrl\":\"https:\/\/secure.gravatar.com\/avatar\/d08aa2ce4c8dd416d4479aa8536fcf64?s=96&d=mm&r=g\",\"caption\":\"moacir\"},\"url\":\"https:\/\/franciscanos.org.br\/noticias\/author\/moacir\"}]}<\/script>\n<!-- \/ Yoast SEO plugin. -->","yoast_head_json":{"title":"Um franciscano na guerra - Not\u00edcias - Franciscanos","robots":{"index":"index","follow":"follow","max-snippet":"max-snippet:-1","max-image-preview":"max-image-preview:large","max-video-preview":"max-video-preview:-1"},"canonical":"https:\/\/franciscanos.org.br\/noticias\/um-franciscano-na-guerra.html","og_locale":"pt_BR","og_type":"article","og_title":"Um franciscano na guerra - Not\u00edcias - Franciscanos","og_description":"Cust\u00f3dia da Terra Santa","og_url":"https:\/\/franciscanos.org.br\/noticias\/um-franciscano-na-guerra.html","og_site_name":"Not\u00edcias - Franciscanos","article_published_time":"2019-12-19T10:19:26+00:00","og_image":[{"width":273,"height":181,"url":"https:\/\/franciscanos.org.br\/noticias\/wp-content\/uploads\/2019\/12\/franciscano_1912d.jpg","type":"image\/jpeg"}],"author":"moacir","twitter_card":"summary_large_image","twitter_misc":{"Escrito por":"moacir","Est. tempo de leitura":"8 minutos"},"schema":{"@context":"https:\/\/schema.org","@graph":[{"@type":"WebSite","@id":"https:\/\/franciscanos.org.br\/noticias\/#website","url":"https:\/\/franciscanos.org.br\/noticias\/","name":"Not\u00edcias - Franciscanos","description":"Prov\u00edncia Franciscana da Imaculada Concei\u00e7\u00e3o do Brasil - Ordem dos Frades Menores - OFM","potentialAction":[{"@type":"SearchAction","target":{"@type":"EntryPoint","urlTemplate":"https:\/\/franciscanos.org.br\/noticias\/?s={search_term_string}"},"query-input":"required name=search_term_string"}],"inLanguage":"pt-BR"},{"@type":"ImageObject","inLanguage":"pt-BR","@id":"https:\/\/franciscanos.org.br\/noticias\/um-franciscano-na-guerra.html#primaryimage","url":"https:\/\/franciscanos.org.br\/noticias\/wp-content\/uploads\/2019\/12\/franciscano_1912d.jpg","contentUrl":"https:\/\/franciscanos.org.br\/noticias\/wp-content\/uploads\/2019\/12\/franciscano_1912d.jpg","width":273,"height":181},{"@type":"WebPage","@id":"https:\/\/franciscanos.org.br\/noticias\/um-franciscano-na-guerra.html#webpage","url":"https:\/\/franciscanos.org.br\/noticias\/um-franciscano-na-guerra.html","name":"Um franciscano na guerra - Not\u00edcias - Franciscanos","isPartOf":{"@id":"https:\/\/franciscanos.org.br\/noticias\/#website"},"primaryImageOfPage":{"@id":"https:\/\/franciscanos.org.br\/noticias\/um-franciscano-na-guerra.html#primaryimage"},"datePublished":"2019-12-19T10:19:26+00:00","dateModified":"2019-12-19T10:19:26+00:00","author":{"@id":"https:\/\/franciscanos.org.br\/noticias\/#\/schema\/person\/b5c8cba458c330ccff548b056e95a5d4"},"breadcrumb":{"@id":"https:\/\/franciscanos.org.br\/noticias\/um-franciscano-na-guerra.html#breadcrumb"},"inLanguage":"pt-BR","potentialAction":[{"@type":"ReadAction","target":["https:\/\/franciscanos.org.br\/noticias\/um-franciscano-na-guerra.html"]}]},{"@type":"BreadcrumbList","@id":"https:\/\/franciscanos.org.br\/noticias\/um-franciscano-na-guerra.html#breadcrumb","itemListElement":[{"@type":"ListItem","position":1,"name":"Home","item":"https:\/\/franciscanos.org.br\/noticias"},{"@type":"ListItem","position":2,"name":"Um franciscano na guerra"}]},{"@type":"Person","@id":"https:\/\/franciscanos.org.br\/noticias\/#\/schema\/person\/b5c8cba458c330ccff548b056e95a5d4","name":"moacir","image":{"@type":"ImageObject","inLanguage":"pt-BR","@id":"https:\/\/franciscanos.org.br\/noticias\/#\/schema\/person\/image\/","url":"https:\/\/secure.gravatar.com\/avatar\/d08aa2ce4c8dd416d4479aa8536fcf64?s=96&d=mm&r=g","contentUrl":"https:\/\/secure.gravatar.com\/avatar\/d08aa2ce4c8dd416d4479aa8536fcf64?s=96&d=mm&r=g","caption":"moacir"},"url":"https:\/\/franciscanos.org.br\/noticias\/author\/moacir"}]}},"_links":{"self":[{"href":"https:\/\/franciscanos.org.br\/noticias\/wp-json\/wp\/v2\/posts\/215086"}],"collection":[{"href":"https:\/\/franciscanos.org.br\/noticias\/wp-json\/wp\/v2\/posts"}],"about":[{"href":"https:\/\/franciscanos.org.br\/noticias\/wp-json\/wp\/v2\/types\/post"}],"author":[{"embeddable":true,"href":"https:\/\/franciscanos.org.br\/noticias\/wp-json\/wp\/v2\/users\/3"}],"replies":[{"embeddable":true,"href":"https:\/\/franciscanos.org.br\/noticias\/wp-json\/wp\/v2\/comments?post=215086"}],"version-history":[{"count":0,"href":"https:\/\/franciscanos.org.br\/noticias\/wp-json\/wp\/v2\/posts\/215086\/revisions"}],"wp:featuredmedia":[{"embeddable":true,"href":"https:\/\/franciscanos.org.br\/noticias\/wp-json\/wp\/v2\/media\/215088"}],"wp:attachment":[{"href":"https:\/\/franciscanos.org.br\/noticias\/wp-json\/wp\/v2\/media?parent=215086"}],"wp:term":[{"taxonomy":"category","embeddable":true,"href":"https:\/\/franciscanos.org.br\/noticias\/wp-json\/wp\/v2\/categories?post=215086"},{"taxonomy":"post_tag","embeddable":true,"href":"https:\/\/franciscanos.org.br\/noticias\/wp-json\/wp\/v2\/tags?post=215086"}],"curies":[{"name":"wp","href":"https:\/\/api.w.org\/{rel}","templated":true}]}}