{"id":215081,"date":"2019-12-18T09:46:31","date_gmt":"2019-12-18T12:46:31","guid":{"rendered":"https:\/\/franciscanos.org.br\/noticias\/?p=215081"},"modified":"2020-06-06T08:28:20","modified_gmt":"2020-06-06T11:28:20","slug":"audiencia-fazer-o-presepio-e-convidar-jesus-a-entrar-na-nossa-vida","status":"publish","type":"post","link":"https:\/\/franciscanos.org.br\/noticias\/audiencia-fazer-o-presepio-e-convidar-jesus-a-entrar-na-nossa-vida.html","title":{"rendered":"Audi\u00eancia: fazer o pres\u00e9pio \u00e9 convidar Jesus a entrar na nossa vida"},"content":{"rendered":"<p><img loading=\"lazy\" class=\"alignnone size-full wp-image-215082\" src=\"https:\/\/franciscanos.org.br\/noticias\/wp-content\/uploads\/2019\/12\/audiencia_1812.jpg\" alt=\"\" width=\"890\" height=\"593\" srcset=\"https:\/\/franciscanos.org.br\/noticias\/wp-content\/uploads\/2019\/12\/audiencia_1812.jpg 890w, https:\/\/franciscanos.org.br\/noticias\/wp-content\/uploads\/2019\/12\/audiencia_1812-450x300.jpg 450w, https:\/\/franciscanos.org.br\/noticias\/wp-content\/uploads\/2019\/12\/audiencia_1812-768x512.jpg 768w, https:\/\/franciscanos.org.br\/noticias\/wp-content\/uploads\/2019\/12\/audiencia_1812-150x100.jpg 150w\" sizes=\"(max-width: 890px) 100vw, 890px\" \/><\/p>\n<p><strong>Cidade do Vaticano<\/strong> &#8211; Faltando uma semana para o Natal, o Papa Francisco dedicou a catequese desta quarta-feira (18\/12) na Audi\u00eancia Geral ao modo como estamos nos preparando para acolher o festejado. Um modo simples, mas eficaz, afirmou o Pont\u00edfice, \u00e9 preparar o pres\u00e9pio, recordando que este ano foi a Greccio \u2013 lugar do primeiro pres\u00e9pio idealizado por S\u00e3o Francisco \u2013 e que escreveu uma Carta Apost\u00f3lica a respeito.<\/p>\n<p>O pres\u00e9pio, de fato, \u00e9 como um Evangelho vivo e nos recorda uma coisa essencial: que Deus n\u00e3o permaneceu invis\u00edvel no c\u00e9u, mas veio sobre a Terra, se fez homem. \u201cFazer o pres\u00e9pio \u00e9 celebrar a proximidade de Deus: \u00e9 redescobrir que Deus \u00e9 real, concreto, vivo e palpitante. N\u00e3o \u00e9 um senhor distante ou um juiz desapegado, mas \u00e9 Amor humilde, que desceu at\u00e9 n\u00f3s.\u201d<\/p>\n<p>Parar diante do Menino Jesus no pres\u00e9pio, aconselhou o Papa, \u00e9 uma ocasi\u00e3o para falar das pessoas e das situa\u00e7\u00f5es que temos no cora\u00e7\u00e3o, fazer com Ele o balan\u00e7o do ano e compartilhar as expectativas e as preocupa\u00e7\u00f5es. Ao lado de Jesus, vemos Nossa Senhora e Jos\u00e9. A Santa Fam\u00edlia \u00e9 um evangelho dom\u00e9stico. A palavra pres\u00e9pio, explicou Francisco, significa literalmente \u201cmanjedoura\u201d, enquanto a cidade do pres\u00e9pio, Bel\u00e9m, significa \u201ccasa do p\u00e3o\u201d. Esses elementos nos recordam que Jesus \u00e9 o nutrimento essencial, o p\u00e3o da vida. \u201c\u00c9 Ele que alimenta o nosso amor, \u00e9 Ele que doa \u00e0s nossas fam\u00edlias a for\u00e7a para ir avante e nos perdoar.\u201d<\/p>\n<p><img loading=\"lazy\" class=\"alignnone size-full wp-image-215084\" src=\"https:\/\/franciscanos.org.br\/noticias\/wp-content\/uploads\/2019\/12\/audiencia_1812_1.jpg\" alt=\"\" width=\"817\" height=\"1080\" srcset=\"https:\/\/franciscanos.org.br\/noticias\/wp-content\/uploads\/2019\/12\/audiencia_1812_1.jpg 817w, https:\/\/franciscanos.org.br\/noticias\/wp-content\/uploads\/2019\/12\/audiencia_1812_1-341x450.jpg 341w, https:\/\/franciscanos.org.br\/noticias\/wp-content\/uploads\/2019\/12\/audiencia_1812_1-775x1024.jpg 775w, https:\/\/franciscanos.org.br\/noticias\/wp-content\/uploads\/2019\/12\/audiencia_1812_1-768x1015.jpg 768w, https:\/\/franciscanos.org.br\/noticias\/wp-content\/uploads\/2019\/12\/audiencia_1812_1-150x198.jpg 150w\" sizes=\"(max-width: 817px) 100vw, 817px\" \/><\/p>\n<p><strong>Convite \u00e0 contempla\u00e7\u00e3o<\/strong><br \/>\nO pres\u00e9pio, acrescentou o Papa, nos oferece outro ensinamento de vida: nos ritmos \u00e0s vezes fren\u00e9ticos de hoje \u00e9 um convite \u00e0 contempla\u00e7\u00e3o. Nos recorda a import\u00e2ncia de parar. \u201cPorque somente quando sabemos nos recolher, podemos acolher o que conta na vida\u201d.<\/p>\n<p>Francisco contou que ontem lhe deram de presente uma imagem pequena, com Jos\u00e9 acudindo o Menino e Maria descansando, cujo nome era: &#8220;Deixemos a m\u00e3e repousar&#8221;. &#8220;Quantos entre voc\u00eas t\u00eam que dividir a noite entre marido e mulher para acudir a crian\u00e7a que chora, chora, chora&#8230;Deixemos a m\u00e3e repousar. \u00c9 a ternura de uma fam\u00edlia, de um matrim\u00f4nio&#8221;.<\/p>\n<p><strong>Imagem artesanal de paz<\/strong><br \/>\nO pres\u00e9pio, portanto, \u00e9 a imagem artesanal da paz num mundo onde todos os dias se fabricam in\u00fameras armas e tantas imagens violentas.<\/p>\n<p>Queridos irm\u00e3os e irm\u00e3s, concluiu o Papa, do pres\u00e9pio podemos colher o ensinamento sobre o sentido pr\u00f3prio da vida. Agora n\u00e3o estamos mais s\u00f3s, h\u00e1 uma novidade decisiva: Jesus. \u201cJesus vem na nossa vida concreta, por isso \u00e9 importante fazer um pequeno pres\u00e9pio sempre, porque nos recorda que Deus veio entre n\u00f3s, nasceu entre n\u00f3s, nos acompanha e se fez homem como n\u00f3s. Na vida de todos os dias, n\u00e3o estamos mais s\u00f3s. Ele habita conosco. N\u00e3o muda magicamente as coisas, mas, se O acolhermos, todas as coisas podem mudar. Eu ent\u00e3o fa\u00e7o votos de que fazer o pres\u00e9pio seja a ocasi\u00e3o para convidar Jesus na vida. Quando fazemos o pres\u00e9pio em casa, \u00e9 como abrir a porta: entre Jesus. Fazer concreta esta proximidade, este convite a Jesus para que venha na nossa vida. Porque se Ele a habita, renasce. E se a vida renasce, \u00e9 verdadeiramente Natal. Feliz Natal a todos!\u201d<\/p>\n<hr \/>\n<p><em>Fonte: Vatican News<\/em><\/p>\n","protected":false},"excerpt":{"rendered":"<p>Audi\u00eancia Geral<\/p>\n","protected":false},"author":3,"featured_media":215083,"comment_status":"open","ping_status":"open","sticky":false,"template":"","format":"standard","meta":[],"categories":[1428],"tags":[487],"acf":[],"yoast_head":"<!-- This site is optimized with the Yoast SEO plugin v19.2 - https:\/\/yoast.com\/wordpress\/plugins\/seo\/ -->\n<title>Audi\u00eancia: fazer o pres\u00e9pio \u00e9 convidar Jesus a entrar na nossa vida - Not\u00edcias - Franciscanos<\/title>\n<meta name=\"robots\" content=\"index, follow, max-snippet:-1, max-image-preview:large, max-video-preview:-1\" \/>\n<link rel=\"canonical\" href=\"https:\/\/franciscanos.org.br\/noticias\/audiencia-fazer-o-presepio-e-convidar-jesus-a-entrar-na-nossa-vida.html\" \/>\n<meta property=\"og:locale\" content=\"pt_BR\" \/>\n<meta property=\"og:type\" content=\"article\" \/>\n<meta property=\"og:title\" content=\"Audi\u00eancia: fazer o pres\u00e9pio \u00e9 convidar Jesus a entrar na nossa vida - Not\u00edcias - Franciscanos\" \/>\n<meta property=\"og:description\" content=\"Audi\u00eancia Geral\" \/>\n<meta property=\"og:url\" content=\"https:\/\/franciscanos.org.br\/noticias\/audiencia-fazer-o-presepio-e-convidar-jesus-a-entrar-na-nossa-vida.html\" \/>\n<meta property=\"og:site_name\" content=\"Not\u00edcias - Franciscanos\" \/>\n<meta property=\"article:published_time\" content=\"2019-12-18T12:46:31+00:00\" \/>\n<meta property=\"article:modified_time\" content=\"2020-06-06T11:28:20+00:00\" \/>\n<meta property=\"og:image\" content=\"https:\/\/franciscanos.org.br\/noticias\/wp-content\/uploads\/2019\/12\/audiencia_1812d.jpg\" \/>\n\t<meta property=\"og:image:width\" content=\"273\" \/>\n\t<meta property=\"og:image:height\" content=\"181\" \/>\n\t<meta property=\"og:image:type\" content=\"image\/jpeg\" \/>\n<meta name=\"author\" content=\"moacir\" \/>\n<meta name=\"twitter:card\" content=\"summary_large_image\" \/>\n<meta name=\"twitter:label1\" content=\"Escrito por\" \/>\n\t<meta name=\"twitter:data1\" content=\"moacir\" \/>\n\t<meta name=\"twitter:label2\" content=\"Est. tempo de leitura\" \/>\n\t<meta name=\"twitter:data2\" content=\"3 minutos\" \/>\n<script type=\"application\/ld+json\" class=\"yoast-schema-graph\">{\"@context\":\"https:\/\/schema.org\",\"@graph\":[{\"@type\":\"WebSite\",\"@id\":\"https:\/\/franciscanos.org.br\/noticias\/#website\",\"url\":\"https:\/\/franciscanos.org.br\/noticias\/\",\"name\":\"Not\u00edcias - Franciscanos\",\"description\":\"Prov\u00edncia Franciscana da Imaculada Concei\u00e7\u00e3o do Brasil - Ordem dos Frades Menores - OFM\",\"potentialAction\":[{\"@type\":\"SearchAction\",\"target\":{\"@type\":\"EntryPoint\",\"urlTemplate\":\"https:\/\/franciscanos.org.br\/noticias\/?s={search_term_string}\"},\"query-input\":\"required name=search_term_string\"}],\"inLanguage\":\"pt-BR\"},{\"@type\":\"ImageObject\",\"inLanguage\":\"pt-BR\",\"@id\":\"https:\/\/franciscanos.org.br\/noticias\/audiencia-fazer-o-presepio-e-convidar-jesus-a-entrar-na-nossa-vida.html#primaryimage\",\"url\":\"https:\/\/franciscanos.org.br\/noticias\/wp-content\/uploads\/2019\/12\/audiencia_1812d.jpg\",\"contentUrl\":\"https:\/\/franciscanos.org.br\/noticias\/wp-content\/uploads\/2019\/12\/audiencia_1812d.jpg\",\"width\":273,\"height\":181},{\"@type\":\"WebPage\",\"@id\":\"https:\/\/franciscanos.org.br\/noticias\/audiencia-fazer-o-presepio-e-convidar-jesus-a-entrar-na-nossa-vida.html#webpage\",\"url\":\"https:\/\/franciscanos.org.br\/noticias\/audiencia-fazer-o-presepio-e-convidar-jesus-a-entrar-na-nossa-vida.html\",\"name\":\"Audi\u00eancia: fazer o pres\u00e9pio \u00e9 convidar Jesus a entrar na nossa vida - Not\u00edcias - Franciscanos\",\"isPartOf\":{\"@id\":\"https:\/\/franciscanos.org.br\/noticias\/#website\"},\"primaryImageOfPage\":{\"@id\":\"https:\/\/franciscanos.org.br\/noticias\/audiencia-fazer-o-presepio-e-convidar-jesus-a-entrar-na-nossa-vida.html#primaryimage\"},\"datePublished\":\"2019-12-18T12:46:31+00:00\",\"dateModified\":\"2020-06-06T11:28:20+00:00\",\"author\":{\"@id\":\"https:\/\/franciscanos.org.br\/noticias\/#\/schema\/person\/b5c8cba458c330ccff548b056e95a5d4\"},\"breadcrumb\":{\"@id\":\"https:\/\/franciscanos.org.br\/noticias\/audiencia-fazer-o-presepio-e-convidar-jesus-a-entrar-na-nossa-vida.html#breadcrumb\"},\"inLanguage\":\"pt-BR\",\"potentialAction\":[{\"@type\":\"ReadAction\",\"target\":[\"https:\/\/franciscanos.org.br\/noticias\/audiencia-fazer-o-presepio-e-convidar-jesus-a-entrar-na-nossa-vida.html\"]}]},{\"@type\":\"BreadcrumbList\",\"@id\":\"https:\/\/franciscanos.org.br\/noticias\/audiencia-fazer-o-presepio-e-convidar-jesus-a-entrar-na-nossa-vida.html#breadcrumb\",\"itemListElement\":[{\"@type\":\"ListItem\",\"position\":1,\"name\":\"Home\",\"item\":\"https:\/\/franciscanos.org.br\/noticias\"},{\"@type\":\"ListItem\",\"position\":2,\"name\":\"Audi\u00eancia: fazer o pres\u00e9pio \u00e9 convidar Jesus a entrar na nossa vida\"}]},{\"@type\":\"Person\",\"@id\":\"https:\/\/franciscanos.org.br\/noticias\/#\/schema\/person\/b5c8cba458c330ccff548b056e95a5d4\",\"name\":\"moacir\",\"image\":{\"@type\":\"ImageObject\",\"inLanguage\":\"pt-BR\",\"@id\":\"https:\/\/franciscanos.org.br\/noticias\/#\/schema\/person\/image\/\",\"url\":\"https:\/\/secure.gravatar.com\/avatar\/d08aa2ce4c8dd416d4479aa8536fcf64?s=96&d=mm&r=g\",\"contentUrl\":\"https:\/\/secure.gravatar.com\/avatar\/d08aa2ce4c8dd416d4479aa8536fcf64?s=96&d=mm&r=g\",\"caption\":\"moacir\"},\"url\":\"https:\/\/franciscanos.org.br\/noticias\/author\/moacir\"}]}<\/script>\n<!-- \/ Yoast SEO plugin. -->","yoast_head_json":{"title":"Audi\u00eancia: fazer o pres\u00e9pio \u00e9 convidar Jesus a entrar na nossa vida - Not\u00edcias - Franciscanos","robots":{"index":"index","follow":"follow","max-snippet":"max-snippet:-1","max-image-preview":"max-image-preview:large","max-video-preview":"max-video-preview:-1"},"canonical":"https:\/\/franciscanos.org.br\/noticias\/audiencia-fazer-o-presepio-e-convidar-jesus-a-entrar-na-nossa-vida.html","og_locale":"pt_BR","og_type":"article","og_title":"Audi\u00eancia: fazer o pres\u00e9pio \u00e9 convidar Jesus a entrar na nossa vida - Not\u00edcias - Franciscanos","og_description":"Audi\u00eancia Geral","og_url":"https:\/\/franciscanos.org.br\/noticias\/audiencia-fazer-o-presepio-e-convidar-jesus-a-entrar-na-nossa-vida.html","og_site_name":"Not\u00edcias - Franciscanos","article_published_time":"2019-12-18T12:46:31+00:00","article_modified_time":"2020-06-06T11:28:20+00:00","og_image":[{"width":273,"height":181,"url":"https:\/\/franciscanos.org.br\/noticias\/wp-content\/uploads\/2019\/12\/audiencia_1812d.jpg","type":"image\/jpeg"}],"author":"moacir","twitter_card":"summary_large_image","twitter_misc":{"Escrito por":"moacir","Est. tempo de leitura":"3 minutos"},"schema":{"@context":"https:\/\/schema.org","@graph":[{"@type":"WebSite","@id":"https:\/\/franciscanos.org.br\/noticias\/#website","url":"https:\/\/franciscanos.org.br\/noticias\/","name":"Not\u00edcias - Franciscanos","description":"Prov\u00edncia Franciscana da Imaculada Concei\u00e7\u00e3o do Brasil - Ordem dos Frades Menores - OFM","potentialAction":[{"@type":"SearchAction","target":{"@type":"EntryPoint","urlTemplate":"https:\/\/franciscanos.org.br\/noticias\/?s={search_term_string}"},"query-input":"required name=search_term_string"}],"inLanguage":"pt-BR"},{"@type":"ImageObject","inLanguage":"pt-BR","@id":"https:\/\/franciscanos.org.br\/noticias\/audiencia-fazer-o-presepio-e-convidar-jesus-a-entrar-na-nossa-vida.html#primaryimage","url":"https:\/\/franciscanos.org.br\/noticias\/wp-content\/uploads\/2019\/12\/audiencia_1812d.jpg","contentUrl":"https:\/\/franciscanos.org.br\/noticias\/wp-content\/uploads\/2019\/12\/audiencia_1812d.jpg","width":273,"height":181},{"@type":"WebPage","@id":"https:\/\/franciscanos.org.br\/noticias\/audiencia-fazer-o-presepio-e-convidar-jesus-a-entrar-na-nossa-vida.html#webpage","url":"https:\/\/franciscanos.org.br\/noticias\/audiencia-fazer-o-presepio-e-convidar-jesus-a-entrar-na-nossa-vida.html","name":"Audi\u00eancia: fazer o pres\u00e9pio \u00e9 convidar Jesus a entrar na nossa vida - Not\u00edcias - Franciscanos","isPartOf":{"@id":"https:\/\/franciscanos.org.br\/noticias\/#website"},"primaryImageOfPage":{"@id":"https:\/\/franciscanos.org.br\/noticias\/audiencia-fazer-o-presepio-e-convidar-jesus-a-entrar-na-nossa-vida.html#primaryimage"},"datePublished":"2019-12-18T12:46:31+00:00","dateModified":"2020-06-06T11:28:20+00:00","author":{"@id":"https:\/\/franciscanos.org.br\/noticias\/#\/schema\/person\/b5c8cba458c330ccff548b056e95a5d4"},"breadcrumb":{"@id":"https:\/\/franciscanos.org.br\/noticias\/audiencia-fazer-o-presepio-e-convidar-jesus-a-entrar-na-nossa-vida.html#breadcrumb"},"inLanguage":"pt-BR","potentialAction":[{"@type":"ReadAction","target":["https:\/\/franciscanos.org.br\/noticias\/audiencia-fazer-o-presepio-e-convidar-jesus-a-entrar-na-nossa-vida.html"]}]},{"@type":"BreadcrumbList","@id":"https:\/\/franciscanos.org.br\/noticias\/audiencia-fazer-o-presepio-e-convidar-jesus-a-entrar-na-nossa-vida.html#breadcrumb","itemListElement":[{"@type":"ListItem","position":1,"name":"Home","item":"https:\/\/franciscanos.org.br\/noticias"},{"@type":"ListItem","position":2,"name":"Audi\u00eancia: fazer o pres\u00e9pio \u00e9 convidar Jesus a entrar na nossa vida"}]},{"@type":"Person","@id":"https:\/\/franciscanos.org.br\/noticias\/#\/schema\/person\/b5c8cba458c330ccff548b056e95a5d4","name":"moacir","image":{"@type":"ImageObject","inLanguage":"pt-BR","@id":"https:\/\/franciscanos.org.br\/noticias\/#\/schema\/person\/image\/","url":"https:\/\/secure.gravatar.com\/avatar\/d08aa2ce4c8dd416d4479aa8536fcf64?s=96&d=mm&r=g","contentUrl":"https:\/\/secure.gravatar.com\/avatar\/d08aa2ce4c8dd416d4479aa8536fcf64?s=96&d=mm&r=g","caption":"moacir"},"url":"https:\/\/franciscanos.org.br\/noticias\/author\/moacir"}]}},"_links":{"self":[{"href":"https:\/\/franciscanos.org.br\/noticias\/wp-json\/wp\/v2\/posts\/215081"}],"collection":[{"href":"https:\/\/franciscanos.org.br\/noticias\/wp-json\/wp\/v2\/posts"}],"about":[{"href":"https:\/\/franciscanos.org.br\/noticias\/wp-json\/wp\/v2\/types\/post"}],"author":[{"embeddable":true,"href":"https:\/\/franciscanos.org.br\/noticias\/wp-json\/wp\/v2\/users\/3"}],"replies":[{"embeddable":true,"href":"https:\/\/franciscanos.org.br\/noticias\/wp-json\/wp\/v2\/comments?post=215081"}],"version-history":[{"count":1,"href":"https:\/\/franciscanos.org.br\/noticias\/wp-json\/wp\/v2\/posts\/215081\/revisions"}],"predecessor-version":[{"id":224462,"href":"https:\/\/franciscanos.org.br\/noticias\/wp-json\/wp\/v2\/posts\/215081\/revisions\/224462"}],"wp:featuredmedia":[{"embeddable":true,"href":"https:\/\/franciscanos.org.br\/noticias\/wp-json\/wp\/v2\/media\/215083"}],"wp:attachment":[{"href":"https:\/\/franciscanos.org.br\/noticias\/wp-json\/wp\/v2\/media?parent=215081"}],"wp:term":[{"taxonomy":"category","embeddable":true,"href":"https:\/\/franciscanos.org.br\/noticias\/wp-json\/wp\/v2\/categories?post=215081"},{"taxonomy":"post_tag","embeddable":true,"href":"https:\/\/franciscanos.org.br\/noticias\/wp-json\/wp\/v2\/tags?post=215081"}],"curies":[{"name":"wp","href":"https:\/\/api.w.org\/{rel}","templated":true}]}}