{"id":215063,"date":"2019-12-17T16:20:44","date_gmt":"2019-12-17T19:20:44","guid":{"rendered":"https:\/\/franciscanos.org.br\/noticias\/?p=215063"},"modified":"2019-12-17T18:44:42","modified_gmt":"2019-12-17T21:44:42","slug":"vaticano-aprova-documentacao-e-causa-de-frei-bruno-pode-prosseguir","status":"publish","type":"post","link":"https:\/\/franciscanos.org.br\/noticias\/vaticano-aprova-documentacao-e-causa-de-frei-bruno-pode-prosseguir.html","title":{"rendered":"Vaticano aprova documenta\u00e7\u00e3o e Causa de Frei Bruno pode prosseguir"},"content":{"rendered":"<p><img loading=\"lazy\" class=\"alignnone wp-image-215065 size-full\" src=\"https:\/\/franciscanos.org.br\/noticias\/wp-content\/uploads\/2019\/12\/bruno_171219.jpg\" alt=\"\" width=\"890\" height=\"460\" srcset=\"https:\/\/franciscanos.org.br\/noticias\/wp-content\/uploads\/2019\/12\/bruno_171219.jpg 890w, https:\/\/franciscanos.org.br\/noticias\/wp-content\/uploads\/2019\/12\/bruno_171219-450x233.jpg 450w, https:\/\/franciscanos.org.br\/noticias\/wp-content\/uploads\/2019\/12\/bruno_171219-768x397.jpg 768w, https:\/\/franciscanos.org.br\/noticias\/wp-content\/uploads\/2019\/12\/bruno_171219-150x78.jpg 150w\" sizes=\"(max-width: 890px) 100vw, 890px\" \/><\/p>\n<p><strong>S\u00e3o Paulo (SP)<\/strong> &#8211; A poucos meses da Caminhada Penitencial Frei Bruno, que chega \u00e0 30\u00aa edi\u00e7\u00e3o em Joa\u00e7aba, no Oeste Catarinense, o Vaticano divulgou nesta ter\u00e7a-feira, 17 de dezembro, um comunicado assinado pelo Prefeito da Congrega\u00e7\u00e3o para as Causas dos Santos, Dom Giovanni Angelo Becciu, informando que a documenta\u00e7\u00e3o enviada para processo diocesano da Causa de Frei Bruno Linden foi aprovada.<\/p>\n<p>&#8220;A aprova\u00e7\u00e3o oficial do processo diocesano da Causa de Beatifica\u00e7\u00e3o e Canoniza\u00e7\u00e3o do Servo de Deus Frei Bruno Linden chega justamente \u00e0s v\u00e9speras de completarmos os 30 anos da Caminhada Penitencial Frei Bruno, que movimenta milhares de fi\u00e9is devotos no Oeste Catarinense&#8221;, comemorou o Ministro Provincial, Frei C\u00e9sar K\u00fclkamp. Segundo ele, \u00e9 mais uma confirma\u00e7\u00e3o de que uma devo\u00e7\u00e3o que surge no cora\u00e7\u00e3o do povo recebe acolhimento carinhoso da parte de Deus.<\/p>\n<p>&#8220;Orgulha-nos porque Frei Bruno foi nosso confrade e mostra que viver com amor e entrega a voca\u00e7\u00e3o que abra\u00e7amos gera frutos duradouros. Muitos passos ainda precisam ser dados. As ora\u00e7\u00f5es agora devem ser intensificadas a fim de que, o quanto antes, tenhamos o reconhecimento do milagre necess\u00e1rios para que Frei Bruno seja beatificado. Tamb\u00e9m deixamos nosso apelo a todos os confrades e tamb\u00e9m \u00e0s lideran\u00e7as leigas de nossa Prov\u00edncia, para marcarmos presen\u00e7a numerosa em Joa\u00e7aba na 30\u00aa edi\u00e7\u00e3o da Caminhada Penitencial Frei Bruno, a ser celebrada, em 2020, no dia 08 de mar\u00e7o&#8221;, lembrou Frei C\u00e9sar.<\/p>\n<p>A aprova\u00e7\u00e3o do Vaticano para a abertura do processo foi dada no dia 7 de maio de 2013. No dia 30 de outubro de 2013, o bispo diocesano de Joa\u00e7aba, D. M\u00e1rio Marquez, nomeou e instalou o Tribunal Eclesi\u00e1stico. Desde ent\u00e3o, o Tribunal trabalhou na elabora\u00e7\u00e3o do processo, do qual constam os documentos oficiais necess\u00e1rios para a sua abertura: 33 depoimentos de pessoas que conheceram e conviveram com Frei Bruno; uma biografia completa, acompanhada de documentos hist\u00f3ricos; os escritos de Frei Bruno, acompanhados de uma avalia\u00e7\u00e3o teol\u00f3gica. No total, foram anexadas 5.000 folhas aos autos do processo, que foi enviado \u00e0 Congrega\u00e7\u00e3o para as Causas dos Santos\u00a0 no dia 25 de fevereiro de 2018.<\/p>\n<p>Desde essa data, a expectativa era grande por uma resposta positiva do Vaticano, que acabou chegando nesta ter\u00e7a-feira.<\/p>\n<p>&#8220;Isso nos anima bastante&#8221;, disse o vice-postulador da Causa, Frei Alex Sandro Ciarnoscki, que reside na Fraternidade Franciscana de Pato Branco. &#8220;Muito obrigado para todos que colaboraram. Esta etapa foi vencida!&#8221;, agradeceu Frei Est\u00eav\u00e3o Ottenbreit, que reside em Roma, e \u00e9 tamb\u00e9m vice-postulador da causa.<\/p>\n<p>Para ele, a aprova\u00e7\u00e3o do Vaticano \u00e9 o reconhecimento de todo o bom trabalho que foi feito nos tr\u00eas anos do processo diocesano. &#8220;Com tudo em ordem, a documenta\u00e7\u00e3o foi aceita formalmente. E agora, com o sinal verde, a Causa vai prosseguir. \u00c9 um grande al\u00edvio porque o processo diocesano foi a etapa mais dif\u00edcil, tendo em vista o trabalho de ouvir as testemunhas&#8221;, lembrou Frei Est\u00eav\u00e3o.<\/p>\n<p>Segundo Frei Est\u00eav\u00e3o, a Congrega\u00e7\u00e3o agora vai entregar o processo a um membro credenciado, que vai ler os depoimentos e vai emitir um parecer a respeito da pr\u00e1tica das virtudes em grau heroico. Se for positivo, Frei Bruno \u00e9 declarado vener\u00e1vel.<\/p>\n<p>&#8220;Simultaneamente, algu\u00e9m dever\u00e1 escrever e imprimir a \u201c<em>Positio<\/em>\u201d, que \u00e9 um resumo do processo diocesano. Ao mesmo tempo, deve-se recolher milagres atribu\u00eddos \u00e0 intercess\u00e3o de Frei Bruno para escolher um. Tendo tudo isso, vai para as m\u00e3os dos cardeais e do Papa, que vai, ent\u00e3o, marcar a data da beatifica\u00e7\u00e3o&#8221;, completou o vice-postulador.<\/p>\n<p>&nbsp;<\/p>\n<p><img loading=\"lazy\" class=\"alignnone size-full wp-image-215077\" src=\"https:\/\/franciscanos.org.br\/noticias\/wp-content\/uploads\/2019\/12\/bruno-.jpg\" alt=\"\" width=\"890\" height=\"1059\" srcset=\"https:\/\/franciscanos.org.br\/noticias\/wp-content\/uploads\/2019\/12\/bruno-.jpg 890w, https:\/\/franciscanos.org.br\/noticias\/wp-content\/uploads\/2019\/12\/bruno--378x450.jpg 378w, https:\/\/franciscanos.org.br\/noticias\/wp-content\/uploads\/2019\/12\/bruno--861x1024.jpg 861w, https:\/\/franciscanos.org.br\/noticias\/wp-content\/uploads\/2019\/12\/bruno--768x914.jpg 768w, https:\/\/franciscanos.org.br\/noticias\/wp-content\/uploads\/2019\/12\/bruno--150x178.jpg 150w\" sizes=\"(max-width: 890px) 100vw, 890px\" \/><\/p>\n","protected":false},"excerpt":{"rendered":"<p>Causa de Beatifica\u00e7\u00e3o de Frei Bruno Linden<\/p>\n","protected":false},"author":3,"featured_media":215066,"comment_status":"open","ping_status":"open","sticky":false,"template":"","format":"standard","meta":[],"categories":[1],"tags":[873],"acf":[],"yoast_head":"<!-- This site is optimized with the Yoast SEO plugin v19.2 - https:\/\/yoast.com\/wordpress\/plugins\/seo\/ -->\n<title>Vaticano aprova documenta\u00e7\u00e3o e Causa de Frei Bruno pode prosseguir - Not\u00edcias - Franciscanos<\/title>\n<meta name=\"robots\" content=\"index, follow, max-snippet:-1, max-image-preview:large, max-video-preview:-1\" \/>\n<link rel=\"canonical\" href=\"https:\/\/franciscanos.org.br\/noticias\/vaticano-aprova-documentacao-e-causa-de-frei-bruno-pode-prosseguir.html\" \/>\n<meta property=\"og:locale\" content=\"pt_BR\" \/>\n<meta property=\"og:type\" content=\"article\" \/>\n<meta property=\"og:title\" content=\"Vaticano aprova documenta\u00e7\u00e3o e Causa de Frei Bruno pode prosseguir - Not\u00edcias - Franciscanos\" \/>\n<meta property=\"og:description\" content=\"Causa de Beatifica\u00e7\u00e3o de Frei Bruno Linden\" \/>\n<meta property=\"og:url\" content=\"https:\/\/franciscanos.org.br\/noticias\/vaticano-aprova-documentacao-e-causa-de-frei-bruno-pode-prosseguir.html\" \/>\n<meta property=\"og:site_name\" content=\"Not\u00edcias - Franciscanos\" \/>\n<meta property=\"article:published_time\" content=\"2019-12-17T19:20:44+00:00\" \/>\n<meta property=\"article:modified_time\" content=\"2019-12-17T21:44:42+00:00\" \/>\n<meta property=\"og:image\" content=\"https:\/\/franciscanos.org.br\/noticias\/wp-content\/uploads\/2019\/12\/bruno_171219d.jpg\" \/>\n\t<meta property=\"og:image:width\" content=\"273\" \/>\n\t<meta property=\"og:image:height\" content=\"181\" \/>\n\t<meta property=\"og:image:type\" content=\"image\/jpeg\" \/>\n<meta name=\"author\" content=\"moacir\" \/>\n<meta name=\"twitter:card\" content=\"summary_large_image\" \/>\n<meta name=\"twitter:label1\" content=\"Escrito por\" \/>\n\t<meta name=\"twitter:data1\" content=\"moacir\" \/>\n\t<meta name=\"twitter:label2\" content=\"Est. tempo de leitura\" \/>\n\t<meta name=\"twitter:data2\" content=\"3 minutos\" \/>\n<script type=\"application\/ld+json\" class=\"yoast-schema-graph\">{\"@context\":\"https:\/\/schema.org\",\"@graph\":[{\"@type\":\"WebSite\",\"@id\":\"https:\/\/franciscanos.org.br\/noticias\/#website\",\"url\":\"https:\/\/franciscanos.org.br\/noticias\/\",\"name\":\"Not\u00edcias - Franciscanos\",\"description\":\"Prov\u00edncia Franciscana da Imaculada Concei\u00e7\u00e3o do Brasil - Ordem dos Frades Menores - OFM\",\"potentialAction\":[{\"@type\":\"SearchAction\",\"target\":{\"@type\":\"EntryPoint\",\"urlTemplate\":\"https:\/\/franciscanos.org.br\/noticias\/?s={search_term_string}\"},\"query-input\":\"required name=search_term_string\"}],\"inLanguage\":\"pt-BR\"},{\"@type\":\"ImageObject\",\"inLanguage\":\"pt-BR\",\"@id\":\"https:\/\/franciscanos.org.br\/noticias\/vaticano-aprova-documentacao-e-causa-de-frei-bruno-pode-prosseguir.html#primaryimage\",\"url\":\"https:\/\/franciscanos.org.br\/noticias\/wp-content\/uploads\/2019\/12\/bruno_171219d.jpg\",\"contentUrl\":\"https:\/\/franciscanos.org.br\/noticias\/wp-content\/uploads\/2019\/12\/bruno_171219d.jpg\",\"width\":273,\"height\":181},{\"@type\":\"WebPage\",\"@id\":\"https:\/\/franciscanos.org.br\/noticias\/vaticano-aprova-documentacao-e-causa-de-frei-bruno-pode-prosseguir.html#webpage\",\"url\":\"https:\/\/franciscanos.org.br\/noticias\/vaticano-aprova-documentacao-e-causa-de-frei-bruno-pode-prosseguir.html\",\"name\":\"Vaticano aprova documenta\u00e7\u00e3o e Causa de Frei Bruno pode prosseguir - Not\u00edcias - Franciscanos\",\"isPartOf\":{\"@id\":\"https:\/\/franciscanos.org.br\/noticias\/#website\"},\"primaryImageOfPage\":{\"@id\":\"https:\/\/franciscanos.org.br\/noticias\/vaticano-aprova-documentacao-e-causa-de-frei-bruno-pode-prosseguir.html#primaryimage\"},\"datePublished\":\"2019-12-17T19:20:44+00:00\",\"dateModified\":\"2019-12-17T21:44:42+00:00\",\"author\":{\"@id\":\"https:\/\/franciscanos.org.br\/noticias\/#\/schema\/person\/b5c8cba458c330ccff548b056e95a5d4\"},\"breadcrumb\":{\"@id\":\"https:\/\/franciscanos.org.br\/noticias\/vaticano-aprova-documentacao-e-causa-de-frei-bruno-pode-prosseguir.html#breadcrumb\"},\"inLanguage\":\"pt-BR\",\"potentialAction\":[{\"@type\":\"ReadAction\",\"target\":[\"https:\/\/franciscanos.org.br\/noticias\/vaticano-aprova-documentacao-e-causa-de-frei-bruno-pode-prosseguir.html\"]}]},{\"@type\":\"BreadcrumbList\",\"@id\":\"https:\/\/franciscanos.org.br\/noticias\/vaticano-aprova-documentacao-e-causa-de-frei-bruno-pode-prosseguir.html#breadcrumb\",\"itemListElement\":[{\"@type\":\"ListItem\",\"position\":1,\"name\":\"Home\",\"item\":\"https:\/\/franciscanos.org.br\/noticias\"},{\"@type\":\"ListItem\",\"position\":2,\"name\":\"Vaticano aprova documenta\u00e7\u00e3o e Causa de Frei Bruno pode prosseguir\"}]},{\"@type\":\"Person\",\"@id\":\"https:\/\/franciscanos.org.br\/noticias\/#\/schema\/person\/b5c8cba458c330ccff548b056e95a5d4\",\"name\":\"moacir\",\"image\":{\"@type\":\"ImageObject\",\"inLanguage\":\"pt-BR\",\"@id\":\"https:\/\/franciscanos.org.br\/noticias\/#\/schema\/person\/image\/\",\"url\":\"https:\/\/secure.gravatar.com\/avatar\/d08aa2ce4c8dd416d4479aa8536fcf64?s=96&d=mm&r=g\",\"contentUrl\":\"https:\/\/secure.gravatar.com\/avatar\/d08aa2ce4c8dd416d4479aa8536fcf64?s=96&d=mm&r=g\",\"caption\":\"moacir\"},\"url\":\"https:\/\/franciscanos.org.br\/noticias\/author\/moacir\"}]}<\/script>\n<!-- \/ Yoast SEO plugin. -->","yoast_head_json":{"title":"Vaticano aprova documenta\u00e7\u00e3o e Causa de Frei Bruno pode prosseguir - Not\u00edcias - Franciscanos","robots":{"index":"index","follow":"follow","max-snippet":"max-snippet:-1","max-image-preview":"max-image-preview:large","max-video-preview":"max-video-preview:-1"},"canonical":"https:\/\/franciscanos.org.br\/noticias\/vaticano-aprova-documentacao-e-causa-de-frei-bruno-pode-prosseguir.html","og_locale":"pt_BR","og_type":"article","og_title":"Vaticano aprova documenta\u00e7\u00e3o e Causa de Frei Bruno pode prosseguir - Not\u00edcias - Franciscanos","og_description":"Causa de Beatifica\u00e7\u00e3o de Frei Bruno Linden","og_url":"https:\/\/franciscanos.org.br\/noticias\/vaticano-aprova-documentacao-e-causa-de-frei-bruno-pode-prosseguir.html","og_site_name":"Not\u00edcias - Franciscanos","article_published_time":"2019-12-17T19:20:44+00:00","article_modified_time":"2019-12-17T21:44:42+00:00","og_image":[{"width":273,"height":181,"url":"https:\/\/franciscanos.org.br\/noticias\/wp-content\/uploads\/2019\/12\/bruno_171219d.jpg","type":"image\/jpeg"}],"author":"moacir","twitter_card":"summary_large_image","twitter_misc":{"Escrito por":"moacir","Est. tempo de leitura":"3 minutos"},"schema":{"@context":"https:\/\/schema.org","@graph":[{"@type":"WebSite","@id":"https:\/\/franciscanos.org.br\/noticias\/#website","url":"https:\/\/franciscanos.org.br\/noticias\/","name":"Not\u00edcias - Franciscanos","description":"Prov\u00edncia Franciscana da Imaculada Concei\u00e7\u00e3o do Brasil - Ordem dos Frades Menores - OFM","potentialAction":[{"@type":"SearchAction","target":{"@type":"EntryPoint","urlTemplate":"https:\/\/franciscanos.org.br\/noticias\/?s={search_term_string}"},"query-input":"required name=search_term_string"}],"inLanguage":"pt-BR"},{"@type":"ImageObject","inLanguage":"pt-BR","@id":"https:\/\/franciscanos.org.br\/noticias\/vaticano-aprova-documentacao-e-causa-de-frei-bruno-pode-prosseguir.html#primaryimage","url":"https:\/\/franciscanos.org.br\/noticias\/wp-content\/uploads\/2019\/12\/bruno_171219d.jpg","contentUrl":"https:\/\/franciscanos.org.br\/noticias\/wp-content\/uploads\/2019\/12\/bruno_171219d.jpg","width":273,"height":181},{"@type":"WebPage","@id":"https:\/\/franciscanos.org.br\/noticias\/vaticano-aprova-documentacao-e-causa-de-frei-bruno-pode-prosseguir.html#webpage","url":"https:\/\/franciscanos.org.br\/noticias\/vaticano-aprova-documentacao-e-causa-de-frei-bruno-pode-prosseguir.html","name":"Vaticano aprova documenta\u00e7\u00e3o e Causa de Frei Bruno pode prosseguir - Not\u00edcias - Franciscanos","isPartOf":{"@id":"https:\/\/franciscanos.org.br\/noticias\/#website"},"primaryImageOfPage":{"@id":"https:\/\/franciscanos.org.br\/noticias\/vaticano-aprova-documentacao-e-causa-de-frei-bruno-pode-prosseguir.html#primaryimage"},"datePublished":"2019-12-17T19:20:44+00:00","dateModified":"2019-12-17T21:44:42+00:00","author":{"@id":"https:\/\/franciscanos.org.br\/noticias\/#\/schema\/person\/b5c8cba458c330ccff548b056e95a5d4"},"breadcrumb":{"@id":"https:\/\/franciscanos.org.br\/noticias\/vaticano-aprova-documentacao-e-causa-de-frei-bruno-pode-prosseguir.html#breadcrumb"},"inLanguage":"pt-BR","potentialAction":[{"@type":"ReadAction","target":["https:\/\/franciscanos.org.br\/noticias\/vaticano-aprova-documentacao-e-causa-de-frei-bruno-pode-prosseguir.html"]}]},{"@type":"BreadcrumbList","@id":"https:\/\/franciscanos.org.br\/noticias\/vaticano-aprova-documentacao-e-causa-de-frei-bruno-pode-prosseguir.html#breadcrumb","itemListElement":[{"@type":"ListItem","position":1,"name":"Home","item":"https:\/\/franciscanos.org.br\/noticias"},{"@type":"ListItem","position":2,"name":"Vaticano aprova documenta\u00e7\u00e3o e Causa de Frei Bruno pode prosseguir"}]},{"@type":"Person","@id":"https:\/\/franciscanos.org.br\/noticias\/#\/schema\/person\/b5c8cba458c330ccff548b056e95a5d4","name":"moacir","image":{"@type":"ImageObject","inLanguage":"pt-BR","@id":"https:\/\/franciscanos.org.br\/noticias\/#\/schema\/person\/image\/","url":"https:\/\/secure.gravatar.com\/avatar\/d08aa2ce4c8dd416d4479aa8536fcf64?s=96&d=mm&r=g","contentUrl":"https:\/\/secure.gravatar.com\/avatar\/d08aa2ce4c8dd416d4479aa8536fcf64?s=96&d=mm&r=g","caption":"moacir"},"url":"https:\/\/franciscanos.org.br\/noticias\/author\/moacir"}]}},"_links":{"self":[{"href":"https:\/\/franciscanos.org.br\/noticias\/wp-json\/wp\/v2\/posts\/215063"}],"collection":[{"href":"https:\/\/franciscanos.org.br\/noticias\/wp-json\/wp\/v2\/posts"}],"about":[{"href":"https:\/\/franciscanos.org.br\/noticias\/wp-json\/wp\/v2\/types\/post"}],"author":[{"embeddable":true,"href":"https:\/\/franciscanos.org.br\/noticias\/wp-json\/wp\/v2\/users\/3"}],"replies":[{"embeddable":true,"href":"https:\/\/franciscanos.org.br\/noticias\/wp-json\/wp\/v2\/comments?post=215063"}],"version-history":[{"count":0,"href":"https:\/\/franciscanos.org.br\/noticias\/wp-json\/wp\/v2\/posts\/215063\/revisions"}],"wp:featuredmedia":[{"embeddable":true,"href":"https:\/\/franciscanos.org.br\/noticias\/wp-json\/wp\/v2\/media\/215066"}],"wp:attachment":[{"href":"https:\/\/franciscanos.org.br\/noticias\/wp-json\/wp\/v2\/media?parent=215063"}],"wp:term":[{"taxonomy":"category","embeddable":true,"href":"https:\/\/franciscanos.org.br\/noticias\/wp-json\/wp\/v2\/categories?post=215063"},{"taxonomy":"post_tag","embeddable":true,"href":"https:\/\/franciscanos.org.br\/noticias\/wp-json\/wp\/v2\/tags?post=215063"}],"curies":[{"name":"wp","href":"https:\/\/api.w.org\/{rel}","templated":true}]}}