{"id":215052,"date":"2019-12-16T13:19:10","date_gmt":"2019-12-16T16:19:10","guid":{"rendered":"https:\/\/franciscanos.org.br\/noticias\/?p=215052"},"modified":"2020-06-06T07:46:41","modified_gmt":"2020-06-06T10:46:41","slug":"papa-nao-deixemos-deus-de-lado-se-ele-fizesse-isso-conosco-adeus-paraiso","status":"publish","type":"post","link":"https:\/\/franciscanos.org.br\/noticias\/papa-nao-deixemos-deus-de-lado-se-ele-fizesse-isso-conosco-adeus-paraiso.html","title":{"rendered":"Papa: n\u00e3o deixemos Deus de lado. Se ele fizesse isso conosco, adeus Para\u00edso"},"content":{"rendered":"<p><img loading=\"lazy\" class=\"alignnone wp-image-215053 size-full\" src=\"https:\/\/franciscanos.org.br\/noticias\/wp-content\/uploads\/2019\/12\/missa_segunda_1612.jpg\" alt=\"\" width=\"890\" height=\"501\" srcset=\"https:\/\/franciscanos.org.br\/noticias\/wp-content\/uploads\/2019\/12\/missa_segunda_1612.jpg 890w, https:\/\/franciscanos.org.br\/noticias\/wp-content\/uploads\/2019\/12\/missa_segunda_1612-450x253.jpg 450w, https:\/\/franciscanos.org.br\/noticias\/wp-content\/uploads\/2019\/12\/missa_segunda_1612-768x432.jpg 768w, https:\/\/franciscanos.org.br\/noticias\/wp-content\/uploads\/2019\/12\/missa_segunda_1612-150x84.jpg 150w\" sizes=\"(max-width: 890px) 100vw, 890px\" \/><br \/>\n<strong>Cidade do Vaticano<\/strong> &#8211; Duas atitudes dos crist\u00e3os mornos &#8211; &#8220;colocar Deus num canto e lavar as m\u00e3os&#8221; &#8211; s\u00e3o perigosas, &#8220;\u00e9 como desafiar a Deus&#8221;. Se o Senhor nos coloca num canto, &#8220;nunca entraremos no Para\u00edso&#8221; e ai se depois &#8220;ele lavasse as m\u00e3os, conosco&#8221;. O Papa Francisco, na homilia da Missa matutina celebrada na Casa Santa Marta, interpreta desta forma o Evangelho de Mateus proposto pela liturgia do dia, que fala do di\u00e1logo entre Jesus e os chefes dos sacerdotes, que lhe perguntam com que autoridade ele ensina no templo.<\/p>\n<p>Jesus, recorda o Papa, exortava as pessoas, as curava, ensinava e realizava milagres, e assim deixava os chefes dos sacerdotes nervosos, porque com sua do\u00e7ura e a dedica\u00e7\u00e3o ao povo, atra\u00eda todos a Si. Enquanto eles, os funcion\u00e1rios, eram respeitados pelas pessoas, que no entanto n\u00e3o se aproximavam, &#8220;porque n\u00e3o tinham confian\u00e7a neles&#8221;.<\/p>\n<p>Ent\u00e3o planejam &#8220;colocar Jesus de escanteio&#8221;. E perguntam a ele, recorda Francisco: &#8220;Com que autoridade fazes estas coisas?&#8221; De fato, &#8220;tu n\u00e3o \u00e9s um sacerdote, um doutor da lei, n\u00e3o estudaste em nossas universidades. Tu n\u00e3o \u00e9s nada&#8221;.<\/p>\n<p><strong>Na resposta a Jesus, &#8220;eles lavam as m\u00e3os&#8221;<\/strong><br \/>\nJesus, com intelig\u00eancia, responde com outra pergunta e coloca os principais sacerdotes de escanteio&#8221;, perguntando se Jo\u00e3o Batista batizava com uma autoridade que lhe vinha do c\u00e9u, ou seja, de Deus, ou dos homens.<\/p>\n<p>Mateus descreve o racioc\u00ednio deles, reproposto pelo Pont\u00edfice: &#8216;Se dissermos: &#8216;Do c\u00e9u&#8217;, ele nos dir\u00e1: &#8216;Por que n\u00e3o acreditastes nele?&#8217; Se dissermos: &#8216;Dos homens&#8217;, temos medo do povo&#8221;. E eles lavam as m\u00e3os e dizem: &#8220;N\u00f3s n\u00e3o sabemos&#8221;. Isso, comenta o Papa Francisco, &#8220;\u00e9 a atitude dos med\u00edocres, dos mentirosos da f\u00e9&#8221;: \u201cN\u00e3o apenas Pilatos lavou as m\u00e3os, tamb\u00e9m esses lavam as m\u00e3os: &#8220;N\u00e3o sabemos&#8221;. N\u00e3o entrar na hist\u00f3ria dos homens, n\u00e3o se envolver nos problemas, n\u00e3o lutar para fazer o bem, n\u00e3o lutar para curar tantas pessoas que precisam &#8230; Melhor n\u00e3o. N\u00e3o vamos nos sujar\u201d.<\/p>\n<p>Duas atitudes dos crist\u00e3os &#8220;\u00e0 \u00e1gua de rosas&#8221;<br \/>\n\u00c9 assim que Jesus responde, continua o Papa, &#8220;com a mesma m\u00fasica: &#8216;Tamb\u00e9m eu n\u00e3o vos digo com que autoridade fa\u00e7o isto'&#8221;. Estas s\u00e3o duas atitudes de crist\u00e3os mornos, de n\u00f3s &#8211; como dizia a minha av\u00f3 &#8211; &#8220;crist\u00e3os de \u00e1gua de rosas&#8221;; crist\u00e3os assim: sem consist\u00eancia. Uma atitude \u00e9 colocar Deus no canto: &#8220;Ou voc\u00ea me faz isso ou eu n\u00e3o vou mais a uma igreja&#8221;. E o que responde Jesus? &#8220;Vai, vai. Vire-se&#8221;.<\/p>\n<p><strong>Todos os crist\u00e3os que entram na confraria de S\u00e3o Pilatos<\/strong><\/p>\n<p>A outra atitude dos crist\u00e3os mornos, esclarece Francisco, \u00e9 lavar-se as m\u00e3os, como &#8220;os disc\u00edpulos de Ema\u00fas naquela manh\u00e3 da Ressurrei\u00e7\u00e3o&#8221;. V\u00eaem as mulheres &#8220;todas alegres porque viram o Senhor&#8221;, n\u00e3o confiam, porque as mulheres &#8220;s\u00e3o muito imaginativas&#8221;, e lavam-se as m\u00e3os. Assim entram na confraria &#8220;de S\u00e3o Pilatos&#8221;.<\/p>\n<p>Muitos crist\u00e3os lavam-se as m\u00e3os diante dos desafios da cultura, dos desafios da hist\u00f3ria, dos desafios das pessoas do nosso tempo, tamb\u00e9m diante de desafios menores. Quantas vezes ouvimos o crist\u00e3o avaro diante de uma pessoa que pede esmola e n\u00e3o d\u00e1: &#8220;N\u00e3o, n\u00e3o, eu n\u00e3o dou porque depois ficam b\u00eabados&#8221;. Lavam as m\u00e3os. Eu n\u00e3o quero que as pessoas se embebedem e n\u00e3o dou esmolas. &#8220;Mas ele n\u00e3o tem o que comer&#8230;&#8221; &#8211; &#8220;Problema seu: eu n\u00e3o quero que fique b\u00eabado.&#8221; Ouvimos isso muitas vezes, muitas vezes. Colocar Deus no canto e lavar-se as m\u00e3os Dele s\u00e3o duas atitudes perigosas, porque \u00e9 como desafiar Deus. Pensemos no que aconteceria se o Senhor nos colocasse no canto. Nunca entrar\u00edamos no para\u00edso. E o que aconteceria se o Senhor lavasse as m\u00e3os para conosco? Pobrezinhos.<\/p>\n<p><strong>Se est\u00e3o em n\u00f3s, fora essas atitudes para abrir-se ao Senhor<\/strong><\/p>\n<p>S\u00e3o, conclui o Pont\u00edfice, &#8220;duas atitudes hip\u00f3critas de educados&#8221;. &#8220;N\u00e3o, isso n\u00e3o. Eu n\u00e3o me envolvo&#8221;, assim o Papa Francisco d\u00e1 voz aos hip\u00f3critas educados, &#8220;eu coloco as pessoas no canto, porque s\u00e3o pessoas sujas&#8221;, &#8220;eu lavo as minhas m\u00e3os diante disto porque \u00e9 problema deles&#8221;. Vejamos, \u00e9 o seu \u00faltimo convite, &#8220;se h\u00e1 algo assim em n\u00f3s&#8221; e se h\u00e1, vamos jogar fora &#8220;essas atitudes para dar lugar ao Senhor que vem&#8221;.<\/p>\n<p>S\u00e3o, conclui o Pont\u00edfice, &#8220;duas atitudes hip\u00f3critas de educados&#8221;. &#8220;N\u00e3o, isso n\u00e3o. Eu n\u00e3o me envolvo&#8221;, assim o Papa Francisco d\u00e1 voz aos hip\u00f3critas instru\u00eddos, &#8220;Eu encosto as pessoas, porque s\u00e3o pessoas sujas&#8221;, &#8220;Eu lavo as m\u00e3os diante disto porque \u00e9 deles&#8221;. Vamos ver, \u00e9 o seu \u00faltimo convite, &#8220;se h\u00e1 algo assim em n\u00f3s&#8221; e se h\u00e1, vamos afastar &#8220;essas atitudes para dar lugar ao Senhor que vem&#8221;.<\/p>\n<hr \/>\n<p>ENCONTRO COM IDOSOS<\/p>\n<p>\u201cO futuro de um povo sup\u00f5e necessariamente um di\u00e1logo e um encontro entre idosos e jovens para a constru\u00e7\u00e3o de uma sociedade mais justa, mais bela, mais solid\u00e1ria, mais crist\u00e3\u201d. Palavras do Papa Francisco no encontro com a Associa\u00e7\u00e3o Italiana dos Trabalhadores Idosos na manh\u00e3 desta segunda-feira (16).<\/p>\n<p>Sobre o tempo da doa\u00e7\u00e3o, Francisco recordou que as pessoas idosas n\u00e3o s\u00e3o um peso, mas um recurso e uma riqueza, e isso pode ser demonstrado pela sua \u201ccontribui\u00e7\u00e3o \u00e0s atividades de voluntariado, ocasi\u00f5es preciosas para viver a dimens\u00e3o da gratuidade\u201d. Estimulando os idosos ao voluntariado o Papa disse:<\/p>\n<div>\n<div class=\"article__embed article__embed--border embed_style\">\n<blockquote><p><em>\u201cComprometer-se no voluntariado promove o chamado \u2018envelhecimento ativo\u2019, contribuindo para melhorar a qualidade de vida pois lhe faltam dimens\u00f5es importantes da pr\u00f3pria identidade, como o papel de pais e o profissional com a aposentadoria\u201d<\/em><\/p><\/blockquote>\n<\/div>\n<\/div>\n<p>Francisco afirma que o desafio para a sociedade nos pr\u00f3ximos anos ser\u00e1 \u201cpromover com efic\u00e1cia cada vez maior os recursos humanos dos idosos presentes nas suas comunidades\u201d. Pois os idosos devem ser considerados como ativos protagonistas e n\u00e3o mais apenas como objeto de interven\u00e7\u00f5es assistenciais.<\/p>\n<hr \/>\n<p><em>Fonte: Vatican News<\/em><\/p>\n","protected":false},"excerpt":{"rendered":"<p>Missa em Santa Marta<\/p>\n","protected":false},"author":3,"featured_media":215054,"comment_status":"open","ping_status":"open","sticky":false,"template":"","format":"standard","meta":[],"categories":[1428],"tags":[829],"acf":[],"yoast_head":"<!-- This site is optimized with the Yoast SEO plugin v19.2 - https:\/\/yoast.com\/wordpress\/plugins\/seo\/ -->\n<title>Papa: n\u00e3o deixemos Deus de lado. Se ele fizesse isso conosco, adeus Para\u00edso - Not\u00edcias - Franciscanos<\/title>\n<meta name=\"robots\" content=\"index, follow, max-snippet:-1, max-image-preview:large, max-video-preview:-1\" \/>\n<link rel=\"canonical\" href=\"https:\/\/franciscanos.org.br\/noticias\/papa-nao-deixemos-deus-de-lado-se-ele-fizesse-isso-conosco-adeus-paraiso.html\" \/>\n<meta property=\"og:locale\" content=\"pt_BR\" \/>\n<meta property=\"og:type\" content=\"article\" \/>\n<meta property=\"og:title\" content=\"Papa: n\u00e3o deixemos Deus de lado. Se ele fizesse isso conosco, adeus Para\u00edso - Not\u00edcias - Franciscanos\" \/>\n<meta property=\"og:description\" content=\"Missa em Santa Marta\" \/>\n<meta property=\"og:url\" content=\"https:\/\/franciscanos.org.br\/noticias\/papa-nao-deixemos-deus-de-lado-se-ele-fizesse-isso-conosco-adeus-paraiso.html\" \/>\n<meta property=\"og:site_name\" content=\"Not\u00edcias - Franciscanos\" \/>\n<meta property=\"article:published_time\" content=\"2019-12-16T16:19:10+00:00\" \/>\n<meta property=\"article:modified_time\" content=\"2020-06-06T10:46:41+00:00\" \/>\n<meta property=\"og:image\" content=\"https:\/\/franciscanos.org.br\/noticias\/wp-content\/uploads\/2019\/12\/missa_segunda_1612d.jpg\" \/>\n\t<meta property=\"og:image:width\" content=\"273\" \/>\n\t<meta property=\"og:image:height\" content=\"181\" \/>\n\t<meta property=\"og:image:type\" content=\"image\/jpeg\" \/>\n<meta name=\"author\" content=\"moacir\" \/>\n<meta name=\"twitter:card\" content=\"summary_large_image\" \/>\n<meta name=\"twitter:label1\" content=\"Escrito por\" \/>\n\t<meta name=\"twitter:data1\" content=\"moacir\" \/>\n\t<meta name=\"twitter:label2\" content=\"Est. tempo de leitura\" \/>\n\t<meta name=\"twitter:data2\" content=\"5 minutos\" \/>\n<script type=\"application\/ld+json\" class=\"yoast-schema-graph\">{\"@context\":\"https:\/\/schema.org\",\"@graph\":[{\"@type\":\"WebSite\",\"@id\":\"https:\/\/franciscanos.org.br\/noticias\/#website\",\"url\":\"https:\/\/franciscanos.org.br\/noticias\/\",\"name\":\"Not\u00edcias - Franciscanos\",\"description\":\"Prov\u00edncia Franciscana da Imaculada Concei\u00e7\u00e3o do Brasil - Ordem dos Frades Menores - OFM\",\"potentialAction\":[{\"@type\":\"SearchAction\",\"target\":{\"@type\":\"EntryPoint\",\"urlTemplate\":\"https:\/\/franciscanos.org.br\/noticias\/?s={search_term_string}\"},\"query-input\":\"required name=search_term_string\"}],\"inLanguage\":\"pt-BR\"},{\"@type\":\"ImageObject\",\"inLanguage\":\"pt-BR\",\"@id\":\"https:\/\/franciscanos.org.br\/noticias\/papa-nao-deixemos-deus-de-lado-se-ele-fizesse-isso-conosco-adeus-paraiso.html#primaryimage\",\"url\":\"https:\/\/franciscanos.org.br\/noticias\/wp-content\/uploads\/2019\/12\/missa_segunda_1612d.jpg\",\"contentUrl\":\"https:\/\/franciscanos.org.br\/noticias\/wp-content\/uploads\/2019\/12\/missa_segunda_1612d.jpg\",\"width\":273,\"height\":181},{\"@type\":\"WebPage\",\"@id\":\"https:\/\/franciscanos.org.br\/noticias\/papa-nao-deixemos-deus-de-lado-se-ele-fizesse-isso-conosco-adeus-paraiso.html#webpage\",\"url\":\"https:\/\/franciscanos.org.br\/noticias\/papa-nao-deixemos-deus-de-lado-se-ele-fizesse-isso-conosco-adeus-paraiso.html\",\"name\":\"Papa: n\u00e3o deixemos Deus de lado. Se ele fizesse isso conosco, adeus Para\u00edso - Not\u00edcias - Franciscanos\",\"isPartOf\":{\"@id\":\"https:\/\/franciscanos.org.br\/noticias\/#website\"},\"primaryImageOfPage\":{\"@id\":\"https:\/\/franciscanos.org.br\/noticias\/papa-nao-deixemos-deus-de-lado-se-ele-fizesse-isso-conosco-adeus-paraiso.html#primaryimage\"},\"datePublished\":\"2019-12-16T16:19:10+00:00\",\"dateModified\":\"2020-06-06T10:46:41+00:00\",\"author\":{\"@id\":\"https:\/\/franciscanos.org.br\/noticias\/#\/schema\/person\/b5c8cba458c330ccff548b056e95a5d4\"},\"breadcrumb\":{\"@id\":\"https:\/\/franciscanos.org.br\/noticias\/papa-nao-deixemos-deus-de-lado-se-ele-fizesse-isso-conosco-adeus-paraiso.html#breadcrumb\"},\"inLanguage\":\"pt-BR\",\"potentialAction\":[{\"@type\":\"ReadAction\",\"target\":[\"https:\/\/franciscanos.org.br\/noticias\/papa-nao-deixemos-deus-de-lado-se-ele-fizesse-isso-conosco-adeus-paraiso.html\"]}]},{\"@type\":\"BreadcrumbList\",\"@id\":\"https:\/\/franciscanos.org.br\/noticias\/papa-nao-deixemos-deus-de-lado-se-ele-fizesse-isso-conosco-adeus-paraiso.html#breadcrumb\",\"itemListElement\":[{\"@type\":\"ListItem\",\"position\":1,\"name\":\"Home\",\"item\":\"https:\/\/franciscanos.org.br\/noticias\"},{\"@type\":\"ListItem\",\"position\":2,\"name\":\"Papa: n\u00e3o deixemos Deus de lado. Se ele fizesse isso conosco, adeus Para\u00edso\"}]},{\"@type\":\"Person\",\"@id\":\"https:\/\/franciscanos.org.br\/noticias\/#\/schema\/person\/b5c8cba458c330ccff548b056e95a5d4\",\"name\":\"moacir\",\"image\":{\"@type\":\"ImageObject\",\"inLanguage\":\"pt-BR\",\"@id\":\"https:\/\/franciscanos.org.br\/noticias\/#\/schema\/person\/image\/\",\"url\":\"https:\/\/secure.gravatar.com\/avatar\/d08aa2ce4c8dd416d4479aa8536fcf64?s=96&d=mm&r=g\",\"contentUrl\":\"https:\/\/secure.gravatar.com\/avatar\/d08aa2ce4c8dd416d4479aa8536fcf64?s=96&d=mm&r=g\",\"caption\":\"moacir\"},\"url\":\"https:\/\/franciscanos.org.br\/noticias\/author\/moacir\"}]}<\/script>\n<!-- \/ Yoast SEO plugin. -->","yoast_head_json":{"title":"Papa: n\u00e3o deixemos Deus de lado. Se ele fizesse isso conosco, adeus Para\u00edso - Not\u00edcias - Franciscanos","robots":{"index":"index","follow":"follow","max-snippet":"max-snippet:-1","max-image-preview":"max-image-preview:large","max-video-preview":"max-video-preview:-1"},"canonical":"https:\/\/franciscanos.org.br\/noticias\/papa-nao-deixemos-deus-de-lado-se-ele-fizesse-isso-conosco-adeus-paraiso.html","og_locale":"pt_BR","og_type":"article","og_title":"Papa: n\u00e3o deixemos Deus de lado. Se ele fizesse isso conosco, adeus Para\u00edso - Not\u00edcias - Franciscanos","og_description":"Missa em Santa Marta","og_url":"https:\/\/franciscanos.org.br\/noticias\/papa-nao-deixemos-deus-de-lado-se-ele-fizesse-isso-conosco-adeus-paraiso.html","og_site_name":"Not\u00edcias - Franciscanos","article_published_time":"2019-12-16T16:19:10+00:00","article_modified_time":"2020-06-06T10:46:41+00:00","og_image":[{"width":273,"height":181,"url":"https:\/\/franciscanos.org.br\/noticias\/wp-content\/uploads\/2019\/12\/missa_segunda_1612d.jpg","type":"image\/jpeg"}],"author":"moacir","twitter_card":"summary_large_image","twitter_misc":{"Escrito por":"moacir","Est. tempo de leitura":"5 minutos"},"schema":{"@context":"https:\/\/schema.org","@graph":[{"@type":"WebSite","@id":"https:\/\/franciscanos.org.br\/noticias\/#website","url":"https:\/\/franciscanos.org.br\/noticias\/","name":"Not\u00edcias - Franciscanos","description":"Prov\u00edncia Franciscana da Imaculada Concei\u00e7\u00e3o do Brasil - Ordem dos Frades Menores - OFM","potentialAction":[{"@type":"SearchAction","target":{"@type":"EntryPoint","urlTemplate":"https:\/\/franciscanos.org.br\/noticias\/?s={search_term_string}"},"query-input":"required name=search_term_string"}],"inLanguage":"pt-BR"},{"@type":"ImageObject","inLanguage":"pt-BR","@id":"https:\/\/franciscanos.org.br\/noticias\/papa-nao-deixemos-deus-de-lado-se-ele-fizesse-isso-conosco-adeus-paraiso.html#primaryimage","url":"https:\/\/franciscanos.org.br\/noticias\/wp-content\/uploads\/2019\/12\/missa_segunda_1612d.jpg","contentUrl":"https:\/\/franciscanos.org.br\/noticias\/wp-content\/uploads\/2019\/12\/missa_segunda_1612d.jpg","width":273,"height":181},{"@type":"WebPage","@id":"https:\/\/franciscanos.org.br\/noticias\/papa-nao-deixemos-deus-de-lado-se-ele-fizesse-isso-conosco-adeus-paraiso.html#webpage","url":"https:\/\/franciscanos.org.br\/noticias\/papa-nao-deixemos-deus-de-lado-se-ele-fizesse-isso-conosco-adeus-paraiso.html","name":"Papa: n\u00e3o deixemos Deus de lado. Se ele fizesse isso conosco, adeus Para\u00edso - Not\u00edcias - Franciscanos","isPartOf":{"@id":"https:\/\/franciscanos.org.br\/noticias\/#website"},"primaryImageOfPage":{"@id":"https:\/\/franciscanos.org.br\/noticias\/papa-nao-deixemos-deus-de-lado-se-ele-fizesse-isso-conosco-adeus-paraiso.html#primaryimage"},"datePublished":"2019-12-16T16:19:10+00:00","dateModified":"2020-06-06T10:46:41+00:00","author":{"@id":"https:\/\/franciscanos.org.br\/noticias\/#\/schema\/person\/b5c8cba458c330ccff548b056e95a5d4"},"breadcrumb":{"@id":"https:\/\/franciscanos.org.br\/noticias\/papa-nao-deixemos-deus-de-lado-se-ele-fizesse-isso-conosco-adeus-paraiso.html#breadcrumb"},"inLanguage":"pt-BR","potentialAction":[{"@type":"ReadAction","target":["https:\/\/franciscanos.org.br\/noticias\/papa-nao-deixemos-deus-de-lado-se-ele-fizesse-isso-conosco-adeus-paraiso.html"]}]},{"@type":"BreadcrumbList","@id":"https:\/\/franciscanos.org.br\/noticias\/papa-nao-deixemos-deus-de-lado-se-ele-fizesse-isso-conosco-adeus-paraiso.html#breadcrumb","itemListElement":[{"@type":"ListItem","position":1,"name":"Home","item":"https:\/\/franciscanos.org.br\/noticias"},{"@type":"ListItem","position":2,"name":"Papa: n\u00e3o deixemos Deus de lado. Se ele fizesse isso conosco, adeus Para\u00edso"}]},{"@type":"Person","@id":"https:\/\/franciscanos.org.br\/noticias\/#\/schema\/person\/b5c8cba458c330ccff548b056e95a5d4","name":"moacir","image":{"@type":"ImageObject","inLanguage":"pt-BR","@id":"https:\/\/franciscanos.org.br\/noticias\/#\/schema\/person\/image\/","url":"https:\/\/secure.gravatar.com\/avatar\/d08aa2ce4c8dd416d4479aa8536fcf64?s=96&d=mm&r=g","contentUrl":"https:\/\/secure.gravatar.com\/avatar\/d08aa2ce4c8dd416d4479aa8536fcf64?s=96&d=mm&r=g","caption":"moacir"},"url":"https:\/\/franciscanos.org.br\/noticias\/author\/moacir"}]}},"_links":{"self":[{"href":"https:\/\/franciscanos.org.br\/noticias\/wp-json\/wp\/v2\/posts\/215052"}],"collection":[{"href":"https:\/\/franciscanos.org.br\/noticias\/wp-json\/wp\/v2\/posts"}],"about":[{"href":"https:\/\/franciscanos.org.br\/noticias\/wp-json\/wp\/v2\/types\/post"}],"author":[{"embeddable":true,"href":"https:\/\/franciscanos.org.br\/noticias\/wp-json\/wp\/v2\/users\/3"}],"replies":[{"embeddable":true,"href":"https:\/\/franciscanos.org.br\/noticias\/wp-json\/wp\/v2\/comments?post=215052"}],"version-history":[{"count":1,"href":"https:\/\/franciscanos.org.br\/noticias\/wp-json\/wp\/v2\/posts\/215052\/revisions"}],"predecessor-version":[{"id":224438,"href":"https:\/\/franciscanos.org.br\/noticias\/wp-json\/wp\/v2\/posts\/215052\/revisions\/224438"}],"wp:featuredmedia":[{"embeddable":true,"href":"https:\/\/franciscanos.org.br\/noticias\/wp-json\/wp\/v2\/media\/215054"}],"wp:attachment":[{"href":"https:\/\/franciscanos.org.br\/noticias\/wp-json\/wp\/v2\/media?parent=215052"}],"wp:term":[{"taxonomy":"category","embeddable":true,"href":"https:\/\/franciscanos.org.br\/noticias\/wp-json\/wp\/v2\/categories?post=215052"},{"taxonomy":"post_tag","embeddable":true,"href":"https:\/\/franciscanos.org.br\/noticias\/wp-json\/wp\/v2\/tags?post=215052"}],"curies":[{"name":"wp","href":"https:\/\/api.w.org\/{rel}","templated":true}]}}