{"id":215039,"date":"2019-12-16T07:13:07","date_gmt":"2019-12-16T10:13:07","guid":{"rendered":"https:\/\/franciscanos.org.br\/noticias\/?p=215039"},"modified":"2019-12-16T07:16:03","modified_gmt":"2019-12-16T10:16:03","slug":"a-harpa-de-sao-francisco-e-lancado-na-usf","status":"publish","type":"post","link":"https:\/\/franciscanos.org.br\/noticias\/a-harpa-de-sao-francisco-e-lancado-na-usf.html","title":{"rendered":"&#8220;A Harpa de S\u00e3o Francisco&#8221; \u00e9 lan\u00e7ado na USF"},"content":{"rendered":"<p><img loading=\"lazy\" class=\"alignnone wp-image-215040 size-full\" src=\"https:\/\/franciscanos.org.br\/noticias\/wp-content\/uploads\/2019\/12\/USF_1612.png\" alt=\"\" width=\"890\" height=\"666\" srcset=\"https:\/\/franciscanos.org.br\/noticias\/wp-content\/uploads\/2019\/12\/USF_1612.png 890w, https:\/\/franciscanos.org.br\/noticias\/wp-content\/uploads\/2019\/12\/USF_1612-450x337.png 450w, https:\/\/franciscanos.org.br\/noticias\/wp-content\/uploads\/2019\/12\/USF_1612-768x575.png 768w, https:\/\/franciscanos.org.br\/noticias\/wp-content\/uploads\/2019\/12\/USF_1612-150x112.png 150w, https:\/\/franciscanos.org.br\/noticias\/wp-content\/uploads\/2019\/12\/USF_1612-600x450.png 600w\" sizes=\"(max-width: 890px) 100vw, 890px\" \/><br \/>\nA cl\u00e1ssica obra de Felix Timmermans, &#8220;A Harpa de S\u00e3o Francisco&#8221;, ganhou uma edi\u00e7\u00e3o brasileira com a tradu\u00e7\u00e3o do leigo franciscano e\u00a0 membro da Academia Bragantina de Letras (ABL), Conrado Vasselai, e foi lan\u00e7ada durante um evento literomusical\u00a0 (11\/12)\u00a0 na\u00a0 Capela S\u00e3o Francisco da Universidade S\u00e3o Francisco (USF), em Bragan\u00e7a Paulista.\u00a0\u00a0O evento teve a participa\u00e7\u00e3o do Coral da FESB com v\u00e1rias can\u00e7\u00f5es e do pistonista Thiago acompanhado de viol\u00e3o apresentando a m\u00fasica da fam\u00edlia e, tamb\u00e9m, a declama\u00e7\u00e3o da poetisa Lola Prata com o texto: &#8220;O Pobrezinho&#8221;.<\/p>\n<p>A acad\u00eamica N\u00e1dia trouxe breves dados da ABL e conduziu as apresenta\u00e7\u00f5es. Frei Vitorio Mazzuco, da Pastoral Universit\u00e1ria da USF, falou de alguns aspectos e a import\u00e2ncia dos escritos de S\u00e3o Francisco ainda para os dias de hoje, bem como as mensagens deixadas pelos muitos bi\u00f3grafos do santo.<\/p>\n<p>Felix Timmermans, expoente da literatura flamenca, foi poeta, escritor e pintor. Por isso, nesta obra, o autor descreve os fatos, pinta os cen\u00e1rios envolvendo-os de poesia, sem contudo desviar-se das informa\u00e7\u00f5es hist\u00f3ricas. &#8220;Ao me aprofundar na leitura do texto de Felix Timmermans senti que ele, ao construir seu relato, se manteve fiel \u00e0s ricas informa\u00e7\u00f5es hist\u00f3ricas que lhe possibilitaram captar momentos marcantes na vida do <em>Poverello<\/em> de Assis. Brindou-nos com uma narrativa desenhada em vivas cores, delineando a hist\u00f3ria de um homem que jamais desviou-se de seu ponto de partida&#8221;, explica o tradutor.<\/p>\n<p><img loading=\"lazy\" class=\"alignnone size-full wp-image-215041\" src=\"https:\/\/franciscanos.org.br\/noticias\/wp-content\/uploads\/2019\/12\/USF_1612_1.png\" alt=\"\" width=\"890\" height=\"640\" srcset=\"https:\/\/franciscanos.org.br\/noticias\/wp-content\/uploads\/2019\/12\/USF_1612_1.png 890w, https:\/\/franciscanos.org.br\/noticias\/wp-content\/uploads\/2019\/12\/USF_1612_1-450x324.png 450w, https:\/\/franciscanos.org.br\/noticias\/wp-content\/uploads\/2019\/12\/USF_1612_1-768x552.png 768w, https:\/\/franciscanos.org.br\/noticias\/wp-content\/uploads\/2019\/12\/USF_1612_1-150x108.png 150w\" sizes=\"(max-width: 890px) 100vw, 890px\" \/><\/p>\n<p>&#8220;Dizer Francisco de Assis \u00e9 remeter-se ao esp\u00edrito de fraternidade c\u00f3smica, sentindo-se irm\u00e3o e irm\u00e3 de todas as criaturas. \u00c9 pensar na santa humanidade de Jesus, na pobreza evang\u00e9lica, no esp\u00edrito das bem-aventuran\u00e7as, no pres\u00e9pio, na Eucaristia, no Crucificado de S\u00e3o Dami\u00e3o. \u00c9 pensar nos hansenianos e nos pobres com quem se identificou. \u00c9 pensar na peregrina\u00e7\u00e3o pelas poeirentas estradas da Toscana anunciando o Evangelho na linguagem popular. \u00c9 pensar na alegria de viver, no &#8220;C\u00e2ntico ao irm\u00e3o Sol&#8221;, no irm\u00e3o lobo com quem fala, nas cotovias com quem reza, nos peixes aos quais prega, na morte chamada de irm\u00e3&#8221;, escreve Leonardo Boff na apresenta\u00e7\u00e3o da edi\u00e7\u00e3o brasileira. &#8220;Todo um universo de encantamento, de cuidado e de ternura marca a vida e a trajet\u00f3ria deste santo chamado de &#8220;o primeiro depois do \u00danico&#8221; e o &#8220;\u00faltimo crist\u00e3o&#8221; de verdade. Esse esp\u00edrito faz falta hoje. Se quisermos salvar o planeta e preservar o dom da vida precisamos revisitar S\u00e3o Francisco e incorporar seu esp\u00edrito de venera\u00e7\u00e3o, respeito e fraternidade sem limites. Para transmitir esse esp\u00edrito, a narrativa, a poesia e o romance s\u00e3o mais adequados do que o conceito, a doutrina e os tratados&#8221;, acrescenta Boff.<\/p>\n<p>Conrado Vasselai fez r\u00e1pida s\u00edntese do trabalho de tradu\u00e7\u00e3o alem\u00e3 do livro apresentado, que foi editado pela\u00a0 Vozes. Houve a seguir momento de aut\u00f3grafos e pequeno coquetel aos presentes.<\/p>\n<p><strong>Ana Paula Moreira<\/strong><\/p>\n<p><img loading=\"lazy\" class=\"alignnone size-full wp-image-215042\" src=\"https:\/\/franciscanos.org.br\/noticias\/wp-content\/uploads\/2019\/12\/USF_1612_2.png\" alt=\"\" width=\"890\" height=\"484\" srcset=\"https:\/\/franciscanos.org.br\/noticias\/wp-content\/uploads\/2019\/12\/USF_1612_2.png 890w, https:\/\/franciscanos.org.br\/noticias\/wp-content\/uploads\/2019\/12\/USF_1612_2-450x245.png 450w, https:\/\/franciscanos.org.br\/noticias\/wp-content\/uploads\/2019\/12\/USF_1612_2-768x418.png 768w, https:\/\/franciscanos.org.br\/noticias\/wp-content\/uploads\/2019\/12\/USF_1612_2-150x82.png 150w\" sizes=\"(max-width: 890px) 100vw, 890px\" \/><\/p>\n","protected":false},"excerpt":{"rendered":"<p>Universidade S\u00e3o Francisco<\/p>\n","protected":false},"author":3,"featured_media":215043,"comment_status":"open","ping_status":"open","sticky":false,"template":"","format":"standard","meta":[],"categories":[1],"tags":[1567,354],"acf":[],"yoast_head":"<!-- This site is optimized with the Yoast SEO plugin v19.2 - https:\/\/yoast.com\/wordpress\/plugins\/seo\/ -->\n<title>&quot;A Harpa de S\u00e3o Francisco&quot; \u00e9 lan\u00e7ado na USF - Not\u00edcias - Franciscanos<\/title>\n<meta name=\"robots\" content=\"index, follow, max-snippet:-1, max-image-preview:large, max-video-preview:-1\" \/>\n<link rel=\"canonical\" href=\"https:\/\/franciscanos.org.br\/noticias\/a-harpa-de-sao-francisco-e-lancado-na-usf.html\" \/>\n<meta property=\"og:locale\" content=\"pt_BR\" \/>\n<meta property=\"og:type\" content=\"article\" \/>\n<meta property=\"og:title\" content=\"&quot;A Harpa de S\u00e3o Francisco&quot; \u00e9 lan\u00e7ado na USF - Not\u00edcias - Franciscanos\" \/>\n<meta property=\"og:description\" content=\"Universidade S\u00e3o Francisco\" \/>\n<meta property=\"og:url\" content=\"https:\/\/franciscanos.org.br\/noticias\/a-harpa-de-sao-francisco-e-lancado-na-usf.html\" \/>\n<meta property=\"og:site_name\" content=\"Not\u00edcias - Franciscanos\" \/>\n<meta property=\"article:published_time\" content=\"2019-12-16T10:13:07+00:00\" \/>\n<meta property=\"article:modified_time\" content=\"2019-12-16T10:16:03+00:00\" \/>\n<meta property=\"og:image\" content=\"https:\/\/franciscanos.org.br\/noticias\/wp-content\/uploads\/2019\/12\/USF_1612_d.png\" \/>\n\t<meta property=\"og:image:width\" content=\"273\" \/>\n\t<meta property=\"og:image:height\" content=\"181\" \/>\n\t<meta property=\"og:image:type\" content=\"image\/png\" \/>\n<meta name=\"author\" content=\"moacir\" \/>\n<meta name=\"twitter:card\" content=\"summary_large_image\" \/>\n<meta name=\"twitter:label1\" content=\"Escrito por\" \/>\n\t<meta name=\"twitter:data1\" content=\"moacir\" \/>\n\t<meta name=\"twitter:label2\" content=\"Est. tempo de leitura\" \/>\n\t<meta name=\"twitter:data2\" content=\"3 minutos\" \/>\n<script type=\"application\/ld+json\" class=\"yoast-schema-graph\">{\"@context\":\"https:\/\/schema.org\",\"@graph\":[{\"@type\":\"WebSite\",\"@id\":\"https:\/\/franciscanos.org.br\/noticias\/#website\",\"url\":\"https:\/\/franciscanos.org.br\/noticias\/\",\"name\":\"Not\u00edcias - Franciscanos\",\"description\":\"Prov\u00edncia Franciscana da Imaculada Concei\u00e7\u00e3o do Brasil - Ordem dos Frades Menores - OFM\",\"potentialAction\":[{\"@type\":\"SearchAction\",\"target\":{\"@type\":\"EntryPoint\",\"urlTemplate\":\"https:\/\/franciscanos.org.br\/noticias\/?s={search_term_string}\"},\"query-input\":\"required name=search_term_string\"}],\"inLanguage\":\"pt-BR\"},{\"@type\":\"ImageObject\",\"inLanguage\":\"pt-BR\",\"@id\":\"https:\/\/franciscanos.org.br\/noticias\/a-harpa-de-sao-francisco-e-lancado-na-usf.html#primaryimage\",\"url\":\"https:\/\/franciscanos.org.br\/noticias\/wp-content\/uploads\/2019\/12\/USF_1612_d.png\",\"contentUrl\":\"https:\/\/franciscanos.org.br\/noticias\/wp-content\/uploads\/2019\/12\/USF_1612_d.png\",\"width\":273,\"height\":181},{\"@type\":\"WebPage\",\"@id\":\"https:\/\/franciscanos.org.br\/noticias\/a-harpa-de-sao-francisco-e-lancado-na-usf.html#webpage\",\"url\":\"https:\/\/franciscanos.org.br\/noticias\/a-harpa-de-sao-francisco-e-lancado-na-usf.html\",\"name\":\"\\\"A Harpa de S\u00e3o Francisco\\\" \u00e9 lan\u00e7ado na USF - Not\u00edcias - Franciscanos\",\"isPartOf\":{\"@id\":\"https:\/\/franciscanos.org.br\/noticias\/#website\"},\"primaryImageOfPage\":{\"@id\":\"https:\/\/franciscanos.org.br\/noticias\/a-harpa-de-sao-francisco-e-lancado-na-usf.html#primaryimage\"},\"datePublished\":\"2019-12-16T10:13:07+00:00\",\"dateModified\":\"2019-12-16T10:16:03+00:00\",\"author\":{\"@id\":\"https:\/\/franciscanos.org.br\/noticias\/#\/schema\/person\/b5c8cba458c330ccff548b056e95a5d4\"},\"breadcrumb\":{\"@id\":\"https:\/\/franciscanos.org.br\/noticias\/a-harpa-de-sao-francisco-e-lancado-na-usf.html#breadcrumb\"},\"inLanguage\":\"pt-BR\",\"potentialAction\":[{\"@type\":\"ReadAction\",\"target\":[\"https:\/\/franciscanos.org.br\/noticias\/a-harpa-de-sao-francisco-e-lancado-na-usf.html\"]}]},{\"@type\":\"BreadcrumbList\",\"@id\":\"https:\/\/franciscanos.org.br\/noticias\/a-harpa-de-sao-francisco-e-lancado-na-usf.html#breadcrumb\",\"itemListElement\":[{\"@type\":\"ListItem\",\"position\":1,\"name\":\"Home\",\"item\":\"https:\/\/franciscanos.org.br\/noticias\"},{\"@type\":\"ListItem\",\"position\":2,\"name\":\"&#8220;A Harpa de S\u00e3o Francisco&#8221; \u00e9 lan\u00e7ado na USF\"}]},{\"@type\":\"Person\",\"@id\":\"https:\/\/franciscanos.org.br\/noticias\/#\/schema\/person\/b5c8cba458c330ccff548b056e95a5d4\",\"name\":\"moacir\",\"image\":{\"@type\":\"ImageObject\",\"inLanguage\":\"pt-BR\",\"@id\":\"https:\/\/franciscanos.org.br\/noticias\/#\/schema\/person\/image\/\",\"url\":\"https:\/\/secure.gravatar.com\/avatar\/d08aa2ce4c8dd416d4479aa8536fcf64?s=96&d=mm&r=g\",\"contentUrl\":\"https:\/\/secure.gravatar.com\/avatar\/d08aa2ce4c8dd416d4479aa8536fcf64?s=96&d=mm&r=g\",\"caption\":\"moacir\"},\"url\":\"https:\/\/franciscanos.org.br\/noticias\/author\/moacir\"}]}<\/script>\n<!-- \/ Yoast SEO plugin. -->","yoast_head_json":{"title":"\"A Harpa de S\u00e3o Francisco\" \u00e9 lan\u00e7ado na USF - Not\u00edcias - Franciscanos","robots":{"index":"index","follow":"follow","max-snippet":"max-snippet:-1","max-image-preview":"max-image-preview:large","max-video-preview":"max-video-preview:-1"},"canonical":"https:\/\/franciscanos.org.br\/noticias\/a-harpa-de-sao-francisco-e-lancado-na-usf.html","og_locale":"pt_BR","og_type":"article","og_title":"\"A Harpa de S\u00e3o Francisco\" \u00e9 lan\u00e7ado na USF - Not\u00edcias - Franciscanos","og_description":"Universidade S\u00e3o Francisco","og_url":"https:\/\/franciscanos.org.br\/noticias\/a-harpa-de-sao-francisco-e-lancado-na-usf.html","og_site_name":"Not\u00edcias - Franciscanos","article_published_time":"2019-12-16T10:13:07+00:00","article_modified_time":"2019-12-16T10:16:03+00:00","og_image":[{"width":273,"height":181,"url":"https:\/\/franciscanos.org.br\/noticias\/wp-content\/uploads\/2019\/12\/USF_1612_d.png","type":"image\/png"}],"author":"moacir","twitter_card":"summary_large_image","twitter_misc":{"Escrito por":"moacir","Est. tempo de leitura":"3 minutos"},"schema":{"@context":"https:\/\/schema.org","@graph":[{"@type":"WebSite","@id":"https:\/\/franciscanos.org.br\/noticias\/#website","url":"https:\/\/franciscanos.org.br\/noticias\/","name":"Not\u00edcias - Franciscanos","description":"Prov\u00edncia Franciscana da Imaculada Concei\u00e7\u00e3o do Brasil - Ordem dos Frades Menores - OFM","potentialAction":[{"@type":"SearchAction","target":{"@type":"EntryPoint","urlTemplate":"https:\/\/franciscanos.org.br\/noticias\/?s={search_term_string}"},"query-input":"required name=search_term_string"}],"inLanguage":"pt-BR"},{"@type":"ImageObject","inLanguage":"pt-BR","@id":"https:\/\/franciscanos.org.br\/noticias\/a-harpa-de-sao-francisco-e-lancado-na-usf.html#primaryimage","url":"https:\/\/franciscanos.org.br\/noticias\/wp-content\/uploads\/2019\/12\/USF_1612_d.png","contentUrl":"https:\/\/franciscanos.org.br\/noticias\/wp-content\/uploads\/2019\/12\/USF_1612_d.png","width":273,"height":181},{"@type":"WebPage","@id":"https:\/\/franciscanos.org.br\/noticias\/a-harpa-de-sao-francisco-e-lancado-na-usf.html#webpage","url":"https:\/\/franciscanos.org.br\/noticias\/a-harpa-de-sao-francisco-e-lancado-na-usf.html","name":"\"A Harpa de S\u00e3o Francisco\" \u00e9 lan\u00e7ado na USF - Not\u00edcias - Franciscanos","isPartOf":{"@id":"https:\/\/franciscanos.org.br\/noticias\/#website"},"primaryImageOfPage":{"@id":"https:\/\/franciscanos.org.br\/noticias\/a-harpa-de-sao-francisco-e-lancado-na-usf.html#primaryimage"},"datePublished":"2019-12-16T10:13:07+00:00","dateModified":"2019-12-16T10:16:03+00:00","author":{"@id":"https:\/\/franciscanos.org.br\/noticias\/#\/schema\/person\/b5c8cba458c330ccff548b056e95a5d4"},"breadcrumb":{"@id":"https:\/\/franciscanos.org.br\/noticias\/a-harpa-de-sao-francisco-e-lancado-na-usf.html#breadcrumb"},"inLanguage":"pt-BR","potentialAction":[{"@type":"ReadAction","target":["https:\/\/franciscanos.org.br\/noticias\/a-harpa-de-sao-francisco-e-lancado-na-usf.html"]}]},{"@type":"BreadcrumbList","@id":"https:\/\/franciscanos.org.br\/noticias\/a-harpa-de-sao-francisco-e-lancado-na-usf.html#breadcrumb","itemListElement":[{"@type":"ListItem","position":1,"name":"Home","item":"https:\/\/franciscanos.org.br\/noticias"},{"@type":"ListItem","position":2,"name":"&#8220;A Harpa de S\u00e3o Francisco&#8221; \u00e9 lan\u00e7ado na USF"}]},{"@type":"Person","@id":"https:\/\/franciscanos.org.br\/noticias\/#\/schema\/person\/b5c8cba458c330ccff548b056e95a5d4","name":"moacir","image":{"@type":"ImageObject","inLanguage":"pt-BR","@id":"https:\/\/franciscanos.org.br\/noticias\/#\/schema\/person\/image\/","url":"https:\/\/secure.gravatar.com\/avatar\/d08aa2ce4c8dd416d4479aa8536fcf64?s=96&d=mm&r=g","contentUrl":"https:\/\/secure.gravatar.com\/avatar\/d08aa2ce4c8dd416d4479aa8536fcf64?s=96&d=mm&r=g","caption":"moacir"},"url":"https:\/\/franciscanos.org.br\/noticias\/author\/moacir"}]}},"_links":{"self":[{"href":"https:\/\/franciscanos.org.br\/noticias\/wp-json\/wp\/v2\/posts\/215039"}],"collection":[{"href":"https:\/\/franciscanos.org.br\/noticias\/wp-json\/wp\/v2\/posts"}],"about":[{"href":"https:\/\/franciscanos.org.br\/noticias\/wp-json\/wp\/v2\/types\/post"}],"author":[{"embeddable":true,"href":"https:\/\/franciscanos.org.br\/noticias\/wp-json\/wp\/v2\/users\/3"}],"replies":[{"embeddable":true,"href":"https:\/\/franciscanos.org.br\/noticias\/wp-json\/wp\/v2\/comments?post=215039"}],"version-history":[{"count":0,"href":"https:\/\/franciscanos.org.br\/noticias\/wp-json\/wp\/v2\/posts\/215039\/revisions"}],"wp:featuredmedia":[{"embeddable":true,"href":"https:\/\/franciscanos.org.br\/noticias\/wp-json\/wp\/v2\/media\/215043"}],"wp:attachment":[{"href":"https:\/\/franciscanos.org.br\/noticias\/wp-json\/wp\/v2\/media?parent=215039"}],"wp:term":[{"taxonomy":"category","embeddable":true,"href":"https:\/\/franciscanos.org.br\/noticias\/wp-json\/wp\/v2\/categories?post=215039"},{"taxonomy":"post_tag","embeddable":true,"href":"https:\/\/franciscanos.org.br\/noticias\/wp-json\/wp\/v2\/tags?post=215039"}],"curies":[{"name":"wp","href":"https:\/\/api.w.org\/{rel}","templated":true}]}}