{"id":215027,"date":"2019-12-15T11:28:41","date_gmt":"2019-12-15T14:28:41","guid":{"rendered":"https:\/\/franciscanos.org.br\/noticias\/?p=215027"},"modified":"2020-08-06T14:55:54","modified_gmt":"2020-08-06T17:55:54","slug":"angelus-o-advento-e-tempo-de-graca-para-purificar-a-fe","status":"publish","type":"post","link":"https:\/\/franciscanos.org.br\/noticias\/angelus-o-advento-e-tempo-de-graca-para-purificar-a-fe.html","title":{"rendered":"Angelus: o Advento \u00e9 tempo de gra\u00e7a para purificar a f\u00e9"},"content":{"rendered":"<p><img loading=\"lazy\" class=\"alignnone wp-image-215028 size-full\" src=\"https:\/\/franciscanos.org.br\/noticias\/wp-content\/uploads\/2019\/12\/angelus_151219.jpg\" alt=\"\" width=\"890\" height=\"500\" srcset=\"https:\/\/franciscanos.org.br\/noticias\/wp-content\/uploads\/2019\/12\/angelus_151219.jpg 890w, https:\/\/franciscanos.org.br\/noticias\/wp-content\/uploads\/2019\/12\/angelus_151219-450x253.jpg 450w, https:\/\/franciscanos.org.br\/noticias\/wp-content\/uploads\/2019\/12\/angelus_151219-768x431.jpg 768w, https:\/\/franciscanos.org.br\/noticias\/wp-content\/uploads\/2019\/12\/angelus_151219-150x84.jpg 150w\" sizes=\"(max-width: 890px) 100vw, 890px\" \/><\/p>\n<p><strong>Cidade do Vaticano &#8211;<\/strong>\u00a0O Advento nos diz que n\u00e3o basta acreditar em Deus: \u00e9 preciso todos os dias purificar a nossa f\u00e9. Palavras do Papa Francisco ao rezar com os fi\u00e9is e peregrinos na Pra\u00e7a S\u00e3o Pedro a ora\u00e7\u00e3o do Angelus neste 3\u00ba Domingo do Advento (15\/12), conhecido como domingo \u201cda alegria\u201d.<\/p>\n<p><strong>Alegria e d\u00favida<\/strong><br \/>\nDe um lado, o profeta Isa\u00edas faz um convite \u00e0 alegria: &#8220;Criai \u00e2nimo, n\u00e3o tenhais medo! Vede, \u00e9 vosso Deus [\u2026] ele que vem para vos salvar&#8221;. E ent\u00e3o tudo se transforma: o deserto floresce, o consolo e a alegria tomam conta dos perdidos de cora\u00e7\u00e3o, o coxo, o cego e o mudo s\u00e3o curados.<\/p>\n<p>J\u00e1 no Evangelho, Jo\u00e3o Batista vive um momento de d\u00favida: &#8216;\u00c9s tu, aquele que h\u00e1 de vir, ou devemos esperar um outro?&#8217;. Jesus ent\u00e3o realiza prod\u00edgios: &#8220;os cegos recuperam a vista, os paral\u00edticos andam, os leprosos s\u00e3o curados, os surdos ouvem, os mortos ressuscitam e os pobres s\u00e3o evangelizados&#8221;.<\/p>\n<p><img loading=\"lazy\" class=\"alignnone wp-image-215030 size-full\" src=\"https:\/\/franciscanos.org.br\/noticias\/wp-content\/uploads\/2019\/12\/angelus_151219_3.jpg\" alt=\"\" width=\"890\" height=\"500\" srcset=\"https:\/\/franciscanos.org.br\/noticias\/wp-content\/uploads\/2019\/12\/angelus_151219_3.jpg 890w, https:\/\/franciscanos.org.br\/noticias\/wp-content\/uploads\/2019\/12\/angelus_151219_3-450x253.jpg 450w, https:\/\/franciscanos.org.br\/noticias\/wp-content\/uploads\/2019\/12\/angelus_151219_3-768x431.jpg 768w, https:\/\/franciscanos.org.br\/noticias\/wp-content\/uploads\/2019\/12\/angelus_151219_3-150x84.jpg 150w\" sizes=\"(max-width: 890px) 100vw, 890px\" \/><\/p>\n<p><strong>Novo nascimento<\/strong><br \/>\nEsta descri\u00e7\u00e3o nos mostra que a salva\u00e7\u00e3o envolve todo o homem e o regenera, explicou o Papa. Mas este novo nascimento sempre pressup\u00f5e uma morte a n\u00f3s e ao pecado que est\u00e1 em n\u00f3s.<\/p>\n<p>Por isso devemos nos converter e converter, sobretudo, a ideia que temos de Deus. \u201cO Advento, tempo de gra\u00e7a, nos diz que n\u00e3o basta acreditar em Deus: \u00e9 preciso todos os dias purificar a nossa f\u00e9.\u201d<\/p>\n<p><strong>F\u00e1bula<\/strong><br \/>\nTrata-se de se preparar para acolher n\u00e3o um personagem de uma f\u00e1bula, mas o Deus que nos interpela, nos envolve e diante do qual se imp\u00f5e uma escolha.<\/p>\n<p><img loading=\"lazy\" class=\"alignnone wp-image-215029 size-full\" src=\"https:\/\/franciscanos.org.br\/noticias\/wp-content\/uploads\/2019\/12\/angelus_151219_1.jpg\" alt=\"\" width=\"890\" height=\"500\" srcset=\"https:\/\/franciscanos.org.br\/noticias\/wp-content\/uploads\/2019\/12\/angelus_151219_1.jpg 890w, https:\/\/franciscanos.org.br\/noticias\/wp-content\/uploads\/2019\/12\/angelus_151219_1-450x253.jpg 450w, https:\/\/franciscanos.org.br\/noticias\/wp-content\/uploads\/2019\/12\/angelus_151219_1-768x431.jpg 768w, https:\/\/franciscanos.org.br\/noticias\/wp-content\/uploads\/2019\/12\/angelus_151219_1-150x84.jpg 150w\" sizes=\"(max-width: 890px) 100vw, 890px\" \/><\/p>\n<p>O Menino que est\u00e1 no pres\u00e9pio, disse ainda Francisco, tem o rosto dos nossos irm\u00e3os e irm\u00e3s mais necessitados, dos pobres que &#8220;s\u00e3o os privilegiados deste mist\u00e9rio e, muitas vezes, aqueles que melhor conseguem reconhecer a presen\u00e7a de Deus no meio de n\u00f3s&#8221;.<\/p>\n<p>\u201cQue a Virgem Maria nos ajude para que, enquanto nos aproximamos do Natal, n\u00e3o nos deixemos distrair pelas coisas exteriores, mas fa\u00e7amos espa\u00e7o no cora\u00e7\u00e3o \u00c0quele que j\u00e1 veio e que quer vir mais uma vez a curar as nossas doen\u00e7as e a nos dar a sua alegria.\u201d<\/p>\n<p><strong>FONTE: <a href=\"https:\/\/www.vaticannews.va\/pt\/papa\/news\/2019-12\/papa-francisco-angelus-jesus-personagem-fabula-deus-interpela.html\" target=\"_blank\" rel=\"noopener noreferrer\">Vatican News<\/a><\/strong><\/p>\n\n\t\t<style type=\"text\/css\">\n\t\t\t#gallery-1 {\n\t\t\t\tmargin: auto;\n\t\t\t}\n\t\t\t#gallery-1 .gallery-item {\n\t\t\t\tfloat: left;\n\t\t\t\tmargin-top: 10px;\n\t\t\t\ttext-align: center;\n\t\t\t\twidth: 25%;\n\t\t\t}\n\t\t\t#gallery-1 img {\n\t\t\t\tborder: 2px solid #cfcfcf;\n\t\t\t}\n\t\t\t#gallery-1 .gallery-caption {\n\t\t\t\tmargin-left: 0;\n\t\t\t}\n\t\t\t\/* see gallery_shortcode() in wp-includes\/media.php *\/\n\t\t<\/style>\n\t\t<div id='gallery-1' class='gallery galleryid-215027 gallery-columns-4 gallery-size-thumbnail'><dl class='gallery-item'>\n\t\t\t<dt class='gallery-icon landscape'>\n\t\t\t\t<a href='https:\/\/franciscanos.org.br\/noticias\/wp-content\/uploads\/2019\/12\/angelus_150419-1.jpeg'><img width=\"300\" height=\"300\" src=\"https:\/\/franciscanos.org.br\/noticias\/wp-content\/uploads\/2019\/12\/angelus_150419-1-300x300.jpeg\" class=\"attachment-thumbnail size-thumbnail\" alt=\"\" loading=\"lazy\" srcset=\"https:\/\/franciscanos.org.br\/noticias\/wp-content\/uploads\/2019\/12\/angelus_150419-1-300x300.jpeg 300w, https:\/\/franciscanos.org.br\/noticias\/wp-content\/uploads\/2019\/12\/angelus_150419-1-100x100.jpeg 100w, https:\/\/franciscanos.org.br\/noticias\/wp-content\/uploads\/2019\/12\/angelus_150419-1-400x400.jpeg 400w\" sizes=\"(max-width: 300px) 100vw, 300px\" \/><\/a>\n\t\t\t<\/dt><\/dl><dl class='gallery-item'>\n\t\t\t<dt class='gallery-icon landscape'>\n\t\t\t\t<a href='https:\/\/franciscanos.org.br\/noticias\/wp-content\/uploads\/2019\/12\/angelus_150419-2.jpeg'><img width=\"300\" height=\"300\" src=\"https:\/\/franciscanos.org.br\/noticias\/wp-content\/uploads\/2019\/12\/angelus_150419-2-300x300.jpeg\" class=\"attachment-thumbnail size-thumbnail\" alt=\"\" loading=\"lazy\" srcset=\"https:\/\/franciscanos.org.br\/noticias\/wp-content\/uploads\/2019\/12\/angelus_150419-2-300x300.jpeg 300w, https:\/\/franciscanos.org.br\/noticias\/wp-content\/uploads\/2019\/12\/angelus_150419-2-100x100.jpeg 100w, https:\/\/franciscanos.org.br\/noticias\/wp-content\/uploads\/2019\/12\/angelus_150419-2-400x400.jpeg 400w\" sizes=\"(max-width: 300px) 100vw, 300px\" \/><\/a>\n\t\t\t<\/dt><\/dl><dl class='gallery-item'>\n\t\t\t<dt class='gallery-icon landscape'>\n\t\t\t\t<a href='https:\/\/franciscanos.org.br\/noticias\/wp-content\/uploads\/2019\/12\/angelus_150419-3.jpeg'><img width=\"300\" height=\"300\" src=\"https:\/\/franciscanos.org.br\/noticias\/wp-content\/uploads\/2019\/12\/angelus_150419-3-300x300.jpeg\" class=\"attachment-thumbnail size-thumbnail\" alt=\"\" loading=\"lazy\" srcset=\"https:\/\/franciscanos.org.br\/noticias\/wp-content\/uploads\/2019\/12\/angelus_150419-3-300x300.jpeg 300w, https:\/\/franciscanos.org.br\/noticias\/wp-content\/uploads\/2019\/12\/angelus_150419-3-100x100.jpeg 100w, https:\/\/franciscanos.org.br\/noticias\/wp-content\/uploads\/2019\/12\/angelus_150419-3-400x400.jpeg 400w\" sizes=\"(max-width: 300px) 100vw, 300px\" \/><\/a>\n\t\t\t<\/dt><\/dl><dl class='gallery-item'>\n\t\t\t<dt class='gallery-icon landscape'>\n\t\t\t\t<a href='https:\/\/franciscanos.org.br\/noticias\/wp-content\/uploads\/2019\/12\/angelus_150419-4.jpeg'><img width=\"300\" height=\"300\" src=\"https:\/\/franciscanos.org.br\/noticias\/wp-content\/uploads\/2019\/12\/angelus_150419-4-300x300.jpeg\" class=\"attachment-thumbnail size-thumbnail\" alt=\"\" loading=\"lazy\" srcset=\"https:\/\/franciscanos.org.br\/noticias\/wp-content\/uploads\/2019\/12\/angelus_150419-4-300x300.jpeg 300w, https:\/\/franciscanos.org.br\/noticias\/wp-content\/uploads\/2019\/12\/angelus_150419-4-100x100.jpeg 100w, https:\/\/franciscanos.org.br\/noticias\/wp-content\/uploads\/2019\/12\/angelus_150419-4-400x400.jpeg 400w\" sizes=\"(max-width: 300px) 100vw, 300px\" \/><\/a>\n\t\t\t<\/dt><\/dl><br style=\"clear: both\" \/>\n\t\t<\/div>\n\n","protected":false},"excerpt":{"rendered":"<p>Ora\u00e7\u00e3o do Angelus do Papa Francisco<\/p>\n","protected":false},"author":3,"featured_media":215031,"comment_status":"open","ping_status":"open","sticky":false,"template":"","format":"standard","meta":[],"categories":[1428],"tags":[1545,403,55],"acf":[],"yoast_head":"<!-- This site is optimized with the Yoast SEO plugin v19.2 - https:\/\/yoast.com\/wordpress\/plugins\/seo\/ -->\n<title>Angelus: o Advento \u00e9 tempo de gra\u00e7a para purificar a f\u00e9 - Not\u00edcias - Franciscanos<\/title>\n<meta name=\"robots\" content=\"index, follow, max-snippet:-1, max-image-preview:large, max-video-preview:-1\" \/>\n<link rel=\"canonical\" href=\"https:\/\/franciscanos.org.br\/noticias\/angelus-o-advento-e-tempo-de-graca-para-purificar-a-fe.html\" \/>\n<meta property=\"og:locale\" content=\"pt_BR\" \/>\n<meta property=\"og:type\" content=\"article\" \/>\n<meta property=\"og:title\" content=\"Angelus: o Advento \u00e9 tempo de gra\u00e7a para purificar a f\u00e9 - Not\u00edcias - Franciscanos\" \/>\n<meta property=\"og:description\" content=\"Ora\u00e7\u00e3o do Angelus do Papa Francisco\" \/>\n<meta property=\"og:url\" content=\"https:\/\/franciscanos.org.br\/noticias\/angelus-o-advento-e-tempo-de-graca-para-purificar-a-fe.html\" \/>\n<meta property=\"og:site_name\" content=\"Not\u00edcias - Franciscanos\" \/>\n<meta property=\"article:published_time\" content=\"2019-12-15T14:28:41+00:00\" \/>\n<meta property=\"article:modified_time\" content=\"2020-08-06T17:55:54+00:00\" \/>\n<meta property=\"og:image\" content=\"https:\/\/franciscanos.org.br\/noticias\/wp-content\/uploads\/2019\/12\/angelus_151219_4.jpg\" \/>\n\t<meta property=\"og:image:width\" content=\"273\" \/>\n\t<meta property=\"og:image:height\" content=\"181\" \/>\n\t<meta property=\"og:image:type\" content=\"image\/jpeg\" \/>\n<meta name=\"author\" content=\"moacir\" \/>\n<meta name=\"twitter:card\" content=\"summary_large_image\" \/>\n<meta name=\"twitter:label1\" content=\"Escrito por\" \/>\n\t<meta name=\"twitter:data1\" content=\"moacir\" \/>\n\t<meta name=\"twitter:label2\" content=\"Est. tempo de leitura\" \/>\n\t<meta name=\"twitter:data2\" content=\"2 minutos\" \/>\n<script type=\"application\/ld+json\" class=\"yoast-schema-graph\">{\"@context\":\"https:\/\/schema.org\",\"@graph\":[{\"@type\":\"WebSite\",\"@id\":\"https:\/\/franciscanos.org.br\/noticias\/#website\",\"url\":\"https:\/\/franciscanos.org.br\/noticias\/\",\"name\":\"Not\u00edcias - Franciscanos\",\"description\":\"Prov\u00edncia Franciscana da Imaculada Concei\u00e7\u00e3o do Brasil - Ordem dos Frades Menores - OFM\",\"potentialAction\":[{\"@type\":\"SearchAction\",\"target\":{\"@type\":\"EntryPoint\",\"urlTemplate\":\"https:\/\/franciscanos.org.br\/noticias\/?s={search_term_string}\"},\"query-input\":\"required name=search_term_string\"}],\"inLanguage\":\"pt-BR\"},{\"@type\":\"ImageObject\",\"inLanguage\":\"pt-BR\",\"@id\":\"https:\/\/franciscanos.org.br\/noticias\/angelus-o-advento-e-tempo-de-graca-para-purificar-a-fe.html#primaryimage\",\"url\":\"https:\/\/franciscanos.org.br\/noticias\/wp-content\/uploads\/2019\/12\/angelus_151219_4.jpg\",\"contentUrl\":\"https:\/\/franciscanos.org.br\/noticias\/wp-content\/uploads\/2019\/12\/angelus_151219_4.jpg\",\"width\":273,\"height\":181},{\"@type\":\"WebPage\",\"@id\":\"https:\/\/franciscanos.org.br\/noticias\/angelus-o-advento-e-tempo-de-graca-para-purificar-a-fe.html#webpage\",\"url\":\"https:\/\/franciscanos.org.br\/noticias\/angelus-o-advento-e-tempo-de-graca-para-purificar-a-fe.html\",\"name\":\"Angelus: o Advento \u00e9 tempo de gra\u00e7a para purificar a f\u00e9 - Not\u00edcias - Franciscanos\",\"isPartOf\":{\"@id\":\"https:\/\/franciscanos.org.br\/noticias\/#website\"},\"primaryImageOfPage\":{\"@id\":\"https:\/\/franciscanos.org.br\/noticias\/angelus-o-advento-e-tempo-de-graca-para-purificar-a-fe.html#primaryimage\"},\"datePublished\":\"2019-12-15T14:28:41+00:00\",\"dateModified\":\"2020-08-06T17:55:54+00:00\",\"author\":{\"@id\":\"https:\/\/franciscanos.org.br\/noticias\/#\/schema\/person\/b5c8cba458c330ccff548b056e95a5d4\"},\"breadcrumb\":{\"@id\":\"https:\/\/franciscanos.org.br\/noticias\/angelus-o-advento-e-tempo-de-graca-para-purificar-a-fe.html#breadcrumb\"},\"inLanguage\":\"pt-BR\",\"potentialAction\":[{\"@type\":\"ReadAction\",\"target\":[\"https:\/\/franciscanos.org.br\/noticias\/angelus-o-advento-e-tempo-de-graca-para-purificar-a-fe.html\"]}]},{\"@type\":\"BreadcrumbList\",\"@id\":\"https:\/\/franciscanos.org.br\/noticias\/angelus-o-advento-e-tempo-de-graca-para-purificar-a-fe.html#breadcrumb\",\"itemListElement\":[{\"@type\":\"ListItem\",\"position\":1,\"name\":\"Home\",\"item\":\"https:\/\/franciscanos.org.br\/noticias\"},{\"@type\":\"ListItem\",\"position\":2,\"name\":\"Angelus: o Advento \u00e9 tempo de gra\u00e7a para purificar a f\u00e9\"}]},{\"@type\":\"Person\",\"@id\":\"https:\/\/franciscanos.org.br\/noticias\/#\/schema\/person\/b5c8cba458c330ccff548b056e95a5d4\",\"name\":\"moacir\",\"image\":{\"@type\":\"ImageObject\",\"inLanguage\":\"pt-BR\",\"@id\":\"https:\/\/franciscanos.org.br\/noticias\/#\/schema\/person\/image\/\",\"url\":\"https:\/\/secure.gravatar.com\/avatar\/d08aa2ce4c8dd416d4479aa8536fcf64?s=96&d=mm&r=g\",\"contentUrl\":\"https:\/\/secure.gravatar.com\/avatar\/d08aa2ce4c8dd416d4479aa8536fcf64?s=96&d=mm&r=g\",\"caption\":\"moacir\"},\"url\":\"https:\/\/franciscanos.org.br\/noticias\/author\/moacir\"}]}<\/script>\n<!-- \/ Yoast SEO plugin. -->","yoast_head_json":{"title":"Angelus: o Advento \u00e9 tempo de gra\u00e7a para purificar a f\u00e9 - Not\u00edcias - Franciscanos","robots":{"index":"index","follow":"follow","max-snippet":"max-snippet:-1","max-image-preview":"max-image-preview:large","max-video-preview":"max-video-preview:-1"},"canonical":"https:\/\/franciscanos.org.br\/noticias\/angelus-o-advento-e-tempo-de-graca-para-purificar-a-fe.html","og_locale":"pt_BR","og_type":"article","og_title":"Angelus: o Advento \u00e9 tempo de gra\u00e7a para purificar a f\u00e9 - Not\u00edcias - Franciscanos","og_description":"Ora\u00e7\u00e3o do Angelus do Papa Francisco","og_url":"https:\/\/franciscanos.org.br\/noticias\/angelus-o-advento-e-tempo-de-graca-para-purificar-a-fe.html","og_site_name":"Not\u00edcias - Franciscanos","article_published_time":"2019-12-15T14:28:41+00:00","article_modified_time":"2020-08-06T17:55:54+00:00","og_image":[{"width":273,"height":181,"url":"https:\/\/franciscanos.org.br\/noticias\/wp-content\/uploads\/2019\/12\/angelus_151219_4.jpg","type":"image\/jpeg"}],"author":"moacir","twitter_card":"summary_large_image","twitter_misc":{"Escrito por":"moacir","Est. tempo de leitura":"2 minutos"},"schema":{"@context":"https:\/\/schema.org","@graph":[{"@type":"WebSite","@id":"https:\/\/franciscanos.org.br\/noticias\/#website","url":"https:\/\/franciscanos.org.br\/noticias\/","name":"Not\u00edcias - Franciscanos","description":"Prov\u00edncia Franciscana da Imaculada Concei\u00e7\u00e3o do Brasil - Ordem dos Frades Menores - OFM","potentialAction":[{"@type":"SearchAction","target":{"@type":"EntryPoint","urlTemplate":"https:\/\/franciscanos.org.br\/noticias\/?s={search_term_string}"},"query-input":"required name=search_term_string"}],"inLanguage":"pt-BR"},{"@type":"ImageObject","inLanguage":"pt-BR","@id":"https:\/\/franciscanos.org.br\/noticias\/angelus-o-advento-e-tempo-de-graca-para-purificar-a-fe.html#primaryimage","url":"https:\/\/franciscanos.org.br\/noticias\/wp-content\/uploads\/2019\/12\/angelus_151219_4.jpg","contentUrl":"https:\/\/franciscanos.org.br\/noticias\/wp-content\/uploads\/2019\/12\/angelus_151219_4.jpg","width":273,"height":181},{"@type":"WebPage","@id":"https:\/\/franciscanos.org.br\/noticias\/angelus-o-advento-e-tempo-de-graca-para-purificar-a-fe.html#webpage","url":"https:\/\/franciscanos.org.br\/noticias\/angelus-o-advento-e-tempo-de-graca-para-purificar-a-fe.html","name":"Angelus: o Advento \u00e9 tempo de gra\u00e7a para purificar a f\u00e9 - Not\u00edcias - Franciscanos","isPartOf":{"@id":"https:\/\/franciscanos.org.br\/noticias\/#website"},"primaryImageOfPage":{"@id":"https:\/\/franciscanos.org.br\/noticias\/angelus-o-advento-e-tempo-de-graca-para-purificar-a-fe.html#primaryimage"},"datePublished":"2019-12-15T14:28:41+00:00","dateModified":"2020-08-06T17:55:54+00:00","author":{"@id":"https:\/\/franciscanos.org.br\/noticias\/#\/schema\/person\/b5c8cba458c330ccff548b056e95a5d4"},"breadcrumb":{"@id":"https:\/\/franciscanos.org.br\/noticias\/angelus-o-advento-e-tempo-de-graca-para-purificar-a-fe.html#breadcrumb"},"inLanguage":"pt-BR","potentialAction":[{"@type":"ReadAction","target":["https:\/\/franciscanos.org.br\/noticias\/angelus-o-advento-e-tempo-de-graca-para-purificar-a-fe.html"]}]},{"@type":"BreadcrumbList","@id":"https:\/\/franciscanos.org.br\/noticias\/angelus-o-advento-e-tempo-de-graca-para-purificar-a-fe.html#breadcrumb","itemListElement":[{"@type":"ListItem","position":1,"name":"Home","item":"https:\/\/franciscanos.org.br\/noticias"},{"@type":"ListItem","position":2,"name":"Angelus: o Advento \u00e9 tempo de gra\u00e7a para purificar a f\u00e9"}]},{"@type":"Person","@id":"https:\/\/franciscanos.org.br\/noticias\/#\/schema\/person\/b5c8cba458c330ccff548b056e95a5d4","name":"moacir","image":{"@type":"ImageObject","inLanguage":"pt-BR","@id":"https:\/\/franciscanos.org.br\/noticias\/#\/schema\/person\/image\/","url":"https:\/\/secure.gravatar.com\/avatar\/d08aa2ce4c8dd416d4479aa8536fcf64?s=96&d=mm&r=g","contentUrl":"https:\/\/secure.gravatar.com\/avatar\/d08aa2ce4c8dd416d4479aa8536fcf64?s=96&d=mm&r=g","caption":"moacir"},"url":"https:\/\/franciscanos.org.br\/noticias\/author\/moacir"}]}},"_links":{"self":[{"href":"https:\/\/franciscanos.org.br\/noticias\/wp-json\/wp\/v2\/posts\/215027"}],"collection":[{"href":"https:\/\/franciscanos.org.br\/noticias\/wp-json\/wp\/v2\/posts"}],"about":[{"href":"https:\/\/franciscanos.org.br\/noticias\/wp-json\/wp\/v2\/types\/post"}],"author":[{"embeddable":true,"href":"https:\/\/franciscanos.org.br\/noticias\/wp-json\/wp\/v2\/users\/3"}],"replies":[{"embeddable":true,"href":"https:\/\/franciscanos.org.br\/noticias\/wp-json\/wp\/v2\/comments?post=215027"}],"version-history":[{"count":1,"href":"https:\/\/franciscanos.org.br\/noticias\/wp-json\/wp\/v2\/posts\/215027\/revisions"}],"predecessor-version":[{"id":227562,"href":"https:\/\/franciscanos.org.br\/noticias\/wp-json\/wp\/v2\/posts\/215027\/revisions\/227562"}],"wp:featuredmedia":[{"embeddable":true,"href":"https:\/\/franciscanos.org.br\/noticias\/wp-json\/wp\/v2\/media\/215031"}],"wp:attachment":[{"href":"https:\/\/franciscanos.org.br\/noticias\/wp-json\/wp\/v2\/media?parent=215027"}],"wp:term":[{"taxonomy":"category","embeddable":true,"href":"https:\/\/franciscanos.org.br\/noticias\/wp-json\/wp\/v2\/categories?post=215027"},{"taxonomy":"post_tag","embeddable":true,"href":"https:\/\/franciscanos.org.br\/noticias\/wp-json\/wp\/v2\/tags?post=215027"}],"curies":[{"name":"wp","href":"https:\/\/api.w.org\/{rel}","templated":true}]}}