{"id":215015,"date":"2019-12-12T10:20:08","date_gmt":"2019-12-12T13:20:08","guid":{"rendered":"https:\/\/franciscanos.org.br\/noticias\/?p=215015"},"modified":"2019-12-12T10:20:08","modified_gmt":"2019-12-12T13:20:08","slug":"campus-braganca-paulista-da-usf-inaugura-servico-escola-de-psicologia","status":"publish","type":"post","link":"https:\/\/franciscanos.org.br\/noticias\/campus-braganca-paulista-da-usf-inaugura-servico-escola-de-psicologia.html","title":{"rendered":"C\u00e2mpus Bragan\u00e7a Paulista da USF inaugura Servi\u00e7o Escola de Psicologia"},"content":{"rendered":"<p><img loading=\"lazy\" class=\"alignnone size-full wp-image-215016\" src=\"https:\/\/franciscanos.org.br\/noticias\/wp-content\/uploads\/2019\/12\/usf_121219.jpg\" alt=\"\" width=\"890\" height=\"408\" srcset=\"https:\/\/franciscanos.org.br\/noticias\/wp-content\/uploads\/2019\/12\/usf_121219.jpg 890w, https:\/\/franciscanos.org.br\/noticias\/wp-content\/uploads\/2019\/12\/usf_121219-450x206.jpg 450w, https:\/\/franciscanos.org.br\/noticias\/wp-content\/uploads\/2019\/12\/usf_121219-768x352.jpg 768w, https:\/\/franciscanos.org.br\/noticias\/wp-content\/uploads\/2019\/12\/usf_121219-150x69.jpg 150w\" sizes=\"(max-width: 890px) 100vw, 890px\" \/><\/p>\n<p>A Universidade S\u00e3o Francisco (USF) inaugurou nesta quarta-feira, dia 11, o Servi\u00e7o Escola de Psicologia, no C\u00e2mpus Bragan\u00e7a Paulista. O novo espa\u00e7o permitir\u00e1 aos estudantes do Curso de Psicologia colocar na pr\u00e1tica toda articula\u00e7\u00e3o te\u00f3rica de aprendizado voltada para a sa\u00fade mental.<\/p>\n<p>Participaram da cerim\u00f4nia de inaugura\u00e7\u00e3o o reitor da USF, Frei Gilberto Gon\u00e7alves Garcia, o vice-reitor, Frei Thiago Alexandre Hayakawa, o Pr\u00f3-Reitor de Ensino, Pesquisa e Extens\u00e3o, professor Dilnei Lorenzi, o Pr\u00f3-Reitor de Administra\u00e7\u00e3o e Planejamento, professor Adriel de Moura Cabral, o Administrador dos C\u00e2mpus, Rodrigo Ribeiro Paiva, a diretora do C\u00e2mpus Bragan\u00e7a Paulista, professora Patr\u00edcia Teixeira Costa, Diretor do C\u00e2mpus Campinas &#8211; Unidades Swift e Cambu\u00ed, professor Geraldo Peres Caixeta, o diretor do C\u00e2mpus Itatiba, professor Volney Zamenhof de Oliveira Silva, al\u00e9m de autoridades locais, como Vasty Fernandes Olmo, representando o prefeito.<\/p>\n<p>&nbsp;<\/p>\n<p>O reitor da USF ressaltou que com a inaugura\u00e7\u00e3o a Universidade completa o c\u00edrculo formativo de est\u00e1gio no c\u00e2mpus, com uma infraestrutura moderna e atualizada. \u201cOferecemos um servi\u00e7o \u00e0 comunidade regional, ao aproximar a academia da comunidade. Todos sabemos que o sentido da vida hoje \u00e9 pautado pela ordem econ\u00f4mica. Isso resulta em fragilidades e doen\u00e7as do mundo ps\u00edquico. Estamos expostos a toda sorte de fragilidade espiritual e mental. Dentro do pensamento da espiritualidade franciscana, n\u00e3o existe distin\u00e7\u00e3o entre corpo e alma. Nos vale entender esse ensinamento de S\u00e3o Francisco. A espiritualidade franciscana n\u00e3o est\u00e1 apenas nas palavras po\u00e9ticas, elas trazem uma profunda reflex\u00e3o sobre o ser humano, o mundo e o pr\u00f3prio Deus\u201d,\u00a0 destacou.<img loading=\"lazy\" class=\"alignnone wp-image-215019 size-full\" src=\"https:\/\/franciscanos.org.br\/noticias\/wp-content\/uploads\/2019\/12\/usf_121219_2-1.jpg\" alt=\"\" width=\"890\" height=\"362\" srcset=\"https:\/\/franciscanos.org.br\/noticias\/wp-content\/uploads\/2019\/12\/usf_121219_2-1.jpg 890w, https:\/\/franciscanos.org.br\/noticias\/wp-content\/uploads\/2019\/12\/usf_121219_2-1-450x183.jpg 450w, https:\/\/franciscanos.org.br\/noticias\/wp-content\/uploads\/2019\/12\/usf_121219_2-1-768x312.jpg 768w, https:\/\/franciscanos.org.br\/noticias\/wp-content\/uploads\/2019\/12\/usf_121219_2-1-150x61.jpg 150w\" sizes=\"(max-width: 890px) 100vw, 890px\" \/><\/p>\n<p>A apresenta\u00e7\u00e3o do Servi\u00e7o Escola foi realizada pela coordenadora do Curso de Psicologia, professora An\u00e1lia Martins Cosac Quelho, que destacou a import\u00e2ncia do novo espa\u00e7o de aprendizagem. \u201cA partir de 2020 realizaremos todo processo de avalia\u00e7\u00e3o psicol\u00f3gica e psicoterapia com crian\u00e7as, jovens e adultos para a comunidade bragantina. Dessa forma, como coordenadora do Curso, fico \u00e0 disposi\u00e7\u00e3o de todos e desejo que essa data fique marcada na hist\u00f3ria do curso e tamb\u00e9m na hist\u00f3ria da comunidade de Bragan\u00e7a Paulista\u201d, disse a professora.<\/p>\n<p>O espa\u00e7o que recebeu a ben\u00e7\u00e3o do representante da Pastoral Universit\u00e1ria, Frei Frei Alvaci Mendes da Luz. O espa\u00e7o conta com consult\u00f3rios, espa\u00e7os infantis, salas de reuni\u00e3o e de estudo. O atendimento \u00e0 comunidade tem in\u00edcio em 2020. A USF conta ainda com o Centro de Estudos de Anatomia, Centro de Simula\u00e7\u00e3o Real\u00edstica, Cl\u00ednica de Odontologia e Cl\u00ednica de Fisioterapia.<\/p>\n<p><img loading=\"lazy\" class=\"alignnone size-full wp-image-215017\" src=\"https:\/\/franciscanos.org.br\/noticias\/wp-content\/uploads\/2019\/12\/usf_121219_1.jpg\" alt=\"\" width=\"890\" height=\"593\" srcset=\"https:\/\/franciscanos.org.br\/noticias\/wp-content\/uploads\/2019\/12\/usf_121219_1.jpg 890w, https:\/\/franciscanos.org.br\/noticias\/wp-content\/uploads\/2019\/12\/usf_121219_1-450x300.jpg 450w, https:\/\/franciscanos.org.br\/noticias\/wp-content\/uploads\/2019\/12\/usf_121219_1-768x512.jpg 768w, https:\/\/franciscanos.org.br\/noticias\/wp-content\/uploads\/2019\/12\/usf_121219_1-150x100.jpg 150w\" sizes=\"(max-width: 890px) 100vw, 890px\" \/><\/p>\n<p>&nbsp;<\/p>\n","protected":false},"excerpt":{"rendered":"<p>Universidade S\u00e3o Francisco<\/p>\n","protected":false},"author":3,"featured_media":215020,"comment_status":"open","ping_status":"open","sticky":false,"template":"","format":"standard","meta":[],"categories":[1],"tags":[354],"acf":[],"yoast_head":"<!-- This site is optimized with the Yoast SEO plugin v19.2 - https:\/\/yoast.com\/wordpress\/plugins\/seo\/ -->\n<title>C\u00e2mpus Bragan\u00e7a Paulista da USF inaugura Servi\u00e7o Escola de Psicologia - Not\u00edcias - Franciscanos<\/title>\n<meta name=\"robots\" content=\"index, follow, max-snippet:-1, max-image-preview:large, max-video-preview:-1\" \/>\n<link rel=\"canonical\" href=\"https:\/\/franciscanos.org.br\/noticias\/campus-braganca-paulista-da-usf-inaugura-servico-escola-de-psicologia.html\" \/>\n<meta property=\"og:locale\" content=\"pt_BR\" \/>\n<meta property=\"og:type\" content=\"article\" \/>\n<meta property=\"og:title\" content=\"C\u00e2mpus Bragan\u00e7a Paulista da USF inaugura Servi\u00e7o Escola de Psicologia - Not\u00edcias - Franciscanos\" \/>\n<meta property=\"og:description\" content=\"Universidade S\u00e3o Francisco\" \/>\n<meta property=\"og:url\" content=\"https:\/\/franciscanos.org.br\/noticias\/campus-braganca-paulista-da-usf-inaugura-servico-escola-de-psicologia.html\" \/>\n<meta property=\"og:site_name\" content=\"Not\u00edcias - Franciscanos\" \/>\n<meta property=\"article:published_time\" content=\"2019-12-12T13:20:08+00:00\" \/>\n<meta property=\"og:image\" content=\"https:\/\/franciscanos.org.br\/noticias\/wp-content\/uploads\/2019\/12\/usf_121219d.jpg\" \/>\n\t<meta property=\"og:image:width\" content=\"273\" \/>\n\t<meta property=\"og:image:height\" content=\"181\" \/>\n\t<meta property=\"og:image:type\" content=\"image\/jpeg\" \/>\n<meta name=\"author\" content=\"moacir\" \/>\n<meta name=\"twitter:card\" content=\"summary_large_image\" \/>\n<meta name=\"twitter:label1\" content=\"Escrito por\" \/>\n\t<meta name=\"twitter:data1\" content=\"moacir\" \/>\n\t<meta name=\"twitter:label2\" content=\"Est. tempo de leitura\" \/>\n\t<meta name=\"twitter:data2\" content=\"2 minutos\" \/>\n<script type=\"application\/ld+json\" class=\"yoast-schema-graph\">{\"@context\":\"https:\/\/schema.org\",\"@graph\":[{\"@type\":\"WebSite\",\"@id\":\"https:\/\/franciscanos.org.br\/noticias\/#website\",\"url\":\"https:\/\/franciscanos.org.br\/noticias\/\",\"name\":\"Not\u00edcias - Franciscanos\",\"description\":\"Prov\u00edncia Franciscana da Imaculada Concei\u00e7\u00e3o do Brasil - Ordem dos Frades Menores - OFM\",\"potentialAction\":[{\"@type\":\"SearchAction\",\"target\":{\"@type\":\"EntryPoint\",\"urlTemplate\":\"https:\/\/franciscanos.org.br\/noticias\/?s={search_term_string}\"},\"query-input\":\"required name=search_term_string\"}],\"inLanguage\":\"pt-BR\"},{\"@type\":\"ImageObject\",\"inLanguage\":\"pt-BR\",\"@id\":\"https:\/\/franciscanos.org.br\/noticias\/campus-braganca-paulista-da-usf-inaugura-servico-escola-de-psicologia.html#primaryimage\",\"url\":\"https:\/\/franciscanos.org.br\/noticias\/wp-content\/uploads\/2019\/12\/usf_121219d.jpg\",\"contentUrl\":\"https:\/\/franciscanos.org.br\/noticias\/wp-content\/uploads\/2019\/12\/usf_121219d.jpg\",\"width\":273,\"height\":181},{\"@type\":\"WebPage\",\"@id\":\"https:\/\/franciscanos.org.br\/noticias\/campus-braganca-paulista-da-usf-inaugura-servico-escola-de-psicologia.html#webpage\",\"url\":\"https:\/\/franciscanos.org.br\/noticias\/campus-braganca-paulista-da-usf-inaugura-servico-escola-de-psicologia.html\",\"name\":\"C\u00e2mpus Bragan\u00e7a Paulista da USF inaugura Servi\u00e7o Escola de Psicologia - Not\u00edcias - Franciscanos\",\"isPartOf\":{\"@id\":\"https:\/\/franciscanos.org.br\/noticias\/#website\"},\"primaryImageOfPage\":{\"@id\":\"https:\/\/franciscanos.org.br\/noticias\/campus-braganca-paulista-da-usf-inaugura-servico-escola-de-psicologia.html#primaryimage\"},\"datePublished\":\"2019-12-12T13:20:08+00:00\",\"dateModified\":\"2019-12-12T13:20:08+00:00\",\"author\":{\"@id\":\"https:\/\/franciscanos.org.br\/noticias\/#\/schema\/person\/b5c8cba458c330ccff548b056e95a5d4\"},\"breadcrumb\":{\"@id\":\"https:\/\/franciscanos.org.br\/noticias\/campus-braganca-paulista-da-usf-inaugura-servico-escola-de-psicologia.html#breadcrumb\"},\"inLanguage\":\"pt-BR\",\"potentialAction\":[{\"@type\":\"ReadAction\",\"target\":[\"https:\/\/franciscanos.org.br\/noticias\/campus-braganca-paulista-da-usf-inaugura-servico-escola-de-psicologia.html\"]}]},{\"@type\":\"BreadcrumbList\",\"@id\":\"https:\/\/franciscanos.org.br\/noticias\/campus-braganca-paulista-da-usf-inaugura-servico-escola-de-psicologia.html#breadcrumb\",\"itemListElement\":[{\"@type\":\"ListItem\",\"position\":1,\"name\":\"Home\",\"item\":\"https:\/\/franciscanos.org.br\/noticias\"},{\"@type\":\"ListItem\",\"position\":2,\"name\":\"C\u00e2mpus Bragan\u00e7a Paulista da USF inaugura Servi\u00e7o Escola de Psicologia\"}]},{\"@type\":\"Person\",\"@id\":\"https:\/\/franciscanos.org.br\/noticias\/#\/schema\/person\/b5c8cba458c330ccff548b056e95a5d4\",\"name\":\"moacir\",\"image\":{\"@type\":\"ImageObject\",\"inLanguage\":\"pt-BR\",\"@id\":\"https:\/\/franciscanos.org.br\/noticias\/#\/schema\/person\/image\/\",\"url\":\"https:\/\/secure.gravatar.com\/avatar\/d08aa2ce4c8dd416d4479aa8536fcf64?s=96&d=mm&r=g\",\"contentUrl\":\"https:\/\/secure.gravatar.com\/avatar\/d08aa2ce4c8dd416d4479aa8536fcf64?s=96&d=mm&r=g\",\"caption\":\"moacir\"},\"url\":\"https:\/\/franciscanos.org.br\/noticias\/author\/moacir\"}]}<\/script>\n<!-- \/ Yoast SEO plugin. -->","yoast_head_json":{"title":"C\u00e2mpus Bragan\u00e7a Paulista da USF inaugura Servi\u00e7o Escola de Psicologia - Not\u00edcias - Franciscanos","robots":{"index":"index","follow":"follow","max-snippet":"max-snippet:-1","max-image-preview":"max-image-preview:large","max-video-preview":"max-video-preview:-1"},"canonical":"https:\/\/franciscanos.org.br\/noticias\/campus-braganca-paulista-da-usf-inaugura-servico-escola-de-psicologia.html","og_locale":"pt_BR","og_type":"article","og_title":"C\u00e2mpus Bragan\u00e7a Paulista da USF inaugura Servi\u00e7o Escola de Psicologia - Not\u00edcias - Franciscanos","og_description":"Universidade S\u00e3o Francisco","og_url":"https:\/\/franciscanos.org.br\/noticias\/campus-braganca-paulista-da-usf-inaugura-servico-escola-de-psicologia.html","og_site_name":"Not\u00edcias - Franciscanos","article_published_time":"2019-12-12T13:20:08+00:00","og_image":[{"width":273,"height":181,"url":"https:\/\/franciscanos.org.br\/noticias\/wp-content\/uploads\/2019\/12\/usf_121219d.jpg","type":"image\/jpeg"}],"author":"moacir","twitter_card":"summary_large_image","twitter_misc":{"Escrito por":"moacir","Est. tempo de leitura":"2 minutos"},"schema":{"@context":"https:\/\/schema.org","@graph":[{"@type":"WebSite","@id":"https:\/\/franciscanos.org.br\/noticias\/#website","url":"https:\/\/franciscanos.org.br\/noticias\/","name":"Not\u00edcias - Franciscanos","description":"Prov\u00edncia Franciscana da Imaculada Concei\u00e7\u00e3o do Brasil - Ordem dos Frades Menores - OFM","potentialAction":[{"@type":"SearchAction","target":{"@type":"EntryPoint","urlTemplate":"https:\/\/franciscanos.org.br\/noticias\/?s={search_term_string}"},"query-input":"required name=search_term_string"}],"inLanguage":"pt-BR"},{"@type":"ImageObject","inLanguage":"pt-BR","@id":"https:\/\/franciscanos.org.br\/noticias\/campus-braganca-paulista-da-usf-inaugura-servico-escola-de-psicologia.html#primaryimage","url":"https:\/\/franciscanos.org.br\/noticias\/wp-content\/uploads\/2019\/12\/usf_121219d.jpg","contentUrl":"https:\/\/franciscanos.org.br\/noticias\/wp-content\/uploads\/2019\/12\/usf_121219d.jpg","width":273,"height":181},{"@type":"WebPage","@id":"https:\/\/franciscanos.org.br\/noticias\/campus-braganca-paulista-da-usf-inaugura-servico-escola-de-psicologia.html#webpage","url":"https:\/\/franciscanos.org.br\/noticias\/campus-braganca-paulista-da-usf-inaugura-servico-escola-de-psicologia.html","name":"C\u00e2mpus Bragan\u00e7a Paulista da USF inaugura Servi\u00e7o Escola de Psicologia - Not\u00edcias - Franciscanos","isPartOf":{"@id":"https:\/\/franciscanos.org.br\/noticias\/#website"},"primaryImageOfPage":{"@id":"https:\/\/franciscanos.org.br\/noticias\/campus-braganca-paulista-da-usf-inaugura-servico-escola-de-psicologia.html#primaryimage"},"datePublished":"2019-12-12T13:20:08+00:00","dateModified":"2019-12-12T13:20:08+00:00","author":{"@id":"https:\/\/franciscanos.org.br\/noticias\/#\/schema\/person\/b5c8cba458c330ccff548b056e95a5d4"},"breadcrumb":{"@id":"https:\/\/franciscanos.org.br\/noticias\/campus-braganca-paulista-da-usf-inaugura-servico-escola-de-psicologia.html#breadcrumb"},"inLanguage":"pt-BR","potentialAction":[{"@type":"ReadAction","target":["https:\/\/franciscanos.org.br\/noticias\/campus-braganca-paulista-da-usf-inaugura-servico-escola-de-psicologia.html"]}]},{"@type":"BreadcrumbList","@id":"https:\/\/franciscanos.org.br\/noticias\/campus-braganca-paulista-da-usf-inaugura-servico-escola-de-psicologia.html#breadcrumb","itemListElement":[{"@type":"ListItem","position":1,"name":"Home","item":"https:\/\/franciscanos.org.br\/noticias"},{"@type":"ListItem","position":2,"name":"C\u00e2mpus Bragan\u00e7a Paulista da USF inaugura Servi\u00e7o Escola de Psicologia"}]},{"@type":"Person","@id":"https:\/\/franciscanos.org.br\/noticias\/#\/schema\/person\/b5c8cba458c330ccff548b056e95a5d4","name":"moacir","image":{"@type":"ImageObject","inLanguage":"pt-BR","@id":"https:\/\/franciscanos.org.br\/noticias\/#\/schema\/person\/image\/","url":"https:\/\/secure.gravatar.com\/avatar\/d08aa2ce4c8dd416d4479aa8536fcf64?s=96&d=mm&r=g","contentUrl":"https:\/\/secure.gravatar.com\/avatar\/d08aa2ce4c8dd416d4479aa8536fcf64?s=96&d=mm&r=g","caption":"moacir"},"url":"https:\/\/franciscanos.org.br\/noticias\/author\/moacir"}]}},"_links":{"self":[{"href":"https:\/\/franciscanos.org.br\/noticias\/wp-json\/wp\/v2\/posts\/215015"}],"collection":[{"href":"https:\/\/franciscanos.org.br\/noticias\/wp-json\/wp\/v2\/posts"}],"about":[{"href":"https:\/\/franciscanos.org.br\/noticias\/wp-json\/wp\/v2\/types\/post"}],"author":[{"embeddable":true,"href":"https:\/\/franciscanos.org.br\/noticias\/wp-json\/wp\/v2\/users\/3"}],"replies":[{"embeddable":true,"href":"https:\/\/franciscanos.org.br\/noticias\/wp-json\/wp\/v2\/comments?post=215015"}],"version-history":[{"count":0,"href":"https:\/\/franciscanos.org.br\/noticias\/wp-json\/wp\/v2\/posts\/215015\/revisions"}],"wp:featuredmedia":[{"embeddable":true,"href":"https:\/\/franciscanos.org.br\/noticias\/wp-json\/wp\/v2\/media\/215020"}],"wp:attachment":[{"href":"https:\/\/franciscanos.org.br\/noticias\/wp-json\/wp\/v2\/media?parent=215015"}],"wp:term":[{"taxonomy":"category","embeddable":true,"href":"https:\/\/franciscanos.org.br\/noticias\/wp-json\/wp\/v2\/categories?post=215015"},{"taxonomy":"post_tag","embeddable":true,"href":"https:\/\/franciscanos.org.br\/noticias\/wp-json\/wp\/v2\/tags?post=215015"}],"curies":[{"name":"wp","href":"https:\/\/api.w.org\/{rel}","templated":true}]}}