{"id":215006,"date":"2019-12-12T06:58:40","date_gmt":"2019-12-12T09:58:40","guid":{"rendered":"https:\/\/franciscanos.org.br\/noticias\/?p=215006"},"modified":"2019-12-12T06:58:40","modified_gmt":"2019-12-12T09:58:40","slug":"jerusalem-novas-restauracoes-na-basilica-do-santo-sepulcro","status":"publish","type":"post","link":"https:\/\/franciscanos.org.br\/noticias\/jerusalem-novas-restauracoes-na-basilica-do-santo-sepulcro.html","title":{"rendered":"Jerusal\u00e9m: novas restaura\u00e7\u00f5es na Bas\u00edlica do Santo Sepulcro"},"content":{"rendered":"<p>&nbsp;<\/p>\n<p><img loading=\"lazy\" class=\"alignnone size-full wp-image-215008\" src=\"https:\/\/franciscanos.org.br\/noticias\/wp-content\/uploads\/2019\/12\/terra_santa_1212-1.jpg\" alt=\"\" width=\"890\" height=\"552\" srcset=\"https:\/\/franciscanos.org.br\/noticias\/wp-content\/uploads\/2019\/12\/terra_santa_1212-1.jpg 890w, https:\/\/franciscanos.org.br\/noticias\/wp-content\/uploads\/2019\/12\/terra_santa_1212-1-450x279.jpg 450w, https:\/\/franciscanos.org.br\/noticias\/wp-content\/uploads\/2019\/12\/terra_santa_1212-1-768x476.jpg 768w, https:\/\/franciscanos.org.br\/noticias\/wp-content\/uploads\/2019\/12\/terra_santa_1212-1-150x93.jpg 150w\" sizes=\"(max-width: 890px) 100vw, 890px\" \/><\/p>\n<p><strong>Cidade do Vaticano<\/strong> &#8211; Apresentados nesta ter\u00e7a-feira (10\/12) no convento franciscano de S\u00e3o Salvador, em Jerusal\u00e9m, os novos trabalhos na Bas\u00edlica do Santo Sepulcro que incluem a conserva\u00e7\u00e3o e restaura\u00e7\u00e3o do piso da igreja, a avalia\u00e7\u00e3o da estabilidade e seguran\u00e7a da Sagrada Ed\u00edcula, a implementa\u00e7\u00e3o de estruturas t\u00e9cnicas (h\u00eddricas, el\u00e9tricas, mec\u00e2nicas, anti-inc\u00eandio), e pesquisas arqueol\u00f3gicas. A Cust\u00f3dia da Terra Santa informa que esta \u00e9 a segunda fase dos trabalhos de restaura\u00e7\u00e3o ilustrados aos respons\u00e1veis das tr\u00eas Igrejas crist\u00e3s respons\u00e1veis pelo Status Quo do Santo Sepulcro (greco-ortodoxa, cat\u00f3lica e arm\u00eania) pelo diretor do projeto e arquiteto supervisor Stefano Trucco, pela coordenadora Michela Cardinali e pela vice-diretora do projeto, Paola Croveri, membros da Funda\u00e7\u00e3o Centro para a Conserva\u00e7\u00e3o e a Restaura\u00e7\u00e3o dos Bens Culturais &#8220;La Venaria Reale&#8221; de Turim (Ccr). A Funda\u00e7\u00e3o, junto com o Departamento de Ci\u00eancias da Antiguidade da Universidade &#8220;La Sapienza&#8221; de Roma, assinou no \u00faltimo dia 8 de outubro um acordo com a Cust\u00f3dia da Terra Santa para o estudo e o projeto executivo destas novas obras de restaura\u00e7\u00e3o.<\/p>\n<p><strong>Nova restaura\u00e7\u00e3o gra\u00e7as \u00e0 colabora\u00e7\u00e3o das Igrejas presentes na Bas\u00edlica<\/strong><br \/>\nO Padre Francesco Patton, cust\u00f3dio da Terra Santa, recordou a maravilhosa experi\u00eancia de coopera\u00e7\u00e3o entre as Igrejas para as primeiras restaura\u00e7\u00f5es conclu\u00eddas em 2016, esperando que esta segunda fase d\u00ea os mesmos frutos. &#8220;Como Igrejas, \u00e9 importante que nos empenhemos em proteger e preservar a autonomia do Santo Sepulcro, o que tamb\u00e9m \u00e9 coisa boa para os nossos crist\u00e3os, comentou o patriarca greco-ortodoxo de Jerusal\u00e9m Te\u00f3filo III. A apresenta\u00e7\u00e3o deste projeto \u00e9 importante para n\u00f3s, mas tamb\u00e9m pela sua transpar\u00eancia, que nos pode dar cr\u00e9dito e confian\u00e7a com os nossos patrocinadores&#8221;. O Padre Samuel Aghoian, representando o patriarca arm\u00eanio de Jerusal\u00e9m Nurhan Manougian, tamb\u00e9m parabenizou o projeto e desejou-lhe sucesso. Todas as interven\u00e7\u00f5es, explicou a arque\u00f3loga Carla Benelli da Associa\u00e7\u00e3o Ats Pro Terra Sancta, ONG da Cust\u00f3dia da Terra Santa, ser\u00e3o financiadas gra\u00e7as \u00e0 doa\u00e7\u00e3o de um privado de 500.000 euros, recolhidos pela Cust\u00f3dia.<\/p>\n<p><strong>A restaura\u00e7\u00e3o do pavimento da Bas\u00edlica<\/strong><br \/>\nPara a conserva\u00e7\u00e3o do piso, se partir\u00e1 dos dados recolhidos pelos precedentes estudos realizados pela professora Antonia Moropolou, da Universidade de Atenas, com o apoio do patriarcado greco-ortodoxo de Jerusal\u00e9m, respons\u00e1vel pelas restaura\u00e7\u00f5es anteriores. Depois ir\u00e1 se proceder \u00e0s investiga\u00e7\u00f5es cient\u00edficas para a caracteriza\u00e7\u00e3o dos diferentes materiais do pavimento para ent\u00e3o planejar a limpeza com base em levantamentos geof\u00edsicos e monitoriza\u00e7\u00e3o do ambiente. Para permitir a utiliza\u00e7\u00e3o dos espa\u00e7os, a \u00e1rea afetada pela restaura\u00e7\u00e3o &#8211; al\u00e9m da \u00e1rea da An\u00e1stases que circunda a Sagrada Ed\u00edcula &#8211; ser\u00e1 estendida at\u00e9 ao ambulat\u00f3rio e \u00e0 entrada da Bas\u00edlica.<\/p>\n<p>Estabilidade e seguran\u00e7a da Ed\u00edcula do Santo Sepulcro<br \/>\nUma equipe interdisciplinar de restauradores, arque\u00f3logos e projetistas tamb\u00e9m avaliar\u00e1 a estabilidade e a seguran\u00e7a da Sagrada Ed\u00edcula. Ser\u00e3o analisados todos os dados relativos \u00e0 hist\u00f3ria da constru\u00e7\u00e3o e subsequentes interven\u00e7\u00f5es; ser\u00e1 verificada a exist\u00eancia de canais subterr\u00e2neos e ser\u00e3o realizados levantamentos geom\u00e9tricos. Dada a elevada presen\u00e7a di\u00e1ria de peregrinos no Santo Sepulcro, ser\u00e3o analisadas as condi\u00e7\u00f5es do ambiente &#8211; temperatura, humidade, concentra\u00e7\u00e3o de polui\u00e7\u00e3o &#8211; para decidir com as comunidades crist\u00e3s respons\u00e1veis pelos diversos cultos quais as solu\u00e7\u00f5es a adoptar para a salubridade. As pesquisas arqueol\u00f3gicas exigidas pelos novos trabalhos ser\u00e3o realizadas pelo Departamento de Ci\u00eancias da Antiguidade da Universidade &#8220;La Sapienza&#8221; de Roma, enquanto o Departamento el\u00e9trico astron\u00e1utico e de engenharia de energia vai estudar as transforma\u00e7\u00f5es da luz natural e ac\u00fastica no Santo Sepulcro.<\/p>\n","protected":false},"excerpt":{"rendered":"<p>Cust\u00f3dia da Terra Santa<\/p>\n","protected":false},"author":3,"featured_media":215009,"comment_status":"open","ping_status":"open","sticky":false,"template":"","format":"standard","meta":[],"categories":[1],"tags":[1429],"acf":[],"yoast_head":"<!-- This site is optimized with the Yoast SEO plugin v19.2 - https:\/\/yoast.com\/wordpress\/plugins\/seo\/ -->\n<title>Jerusal\u00e9m: novas restaura\u00e7\u00f5es na Bas\u00edlica do Santo Sepulcro - Not\u00edcias - Franciscanos<\/title>\n<meta name=\"robots\" content=\"index, follow, max-snippet:-1, max-image-preview:large, max-video-preview:-1\" \/>\n<link rel=\"canonical\" href=\"https:\/\/franciscanos.org.br\/noticias\/jerusalem-novas-restauracoes-na-basilica-do-santo-sepulcro.html\" \/>\n<meta property=\"og:locale\" content=\"pt_BR\" \/>\n<meta property=\"og:type\" content=\"article\" \/>\n<meta property=\"og:title\" content=\"Jerusal\u00e9m: novas restaura\u00e7\u00f5es na Bas\u00edlica do Santo Sepulcro - Not\u00edcias - Franciscanos\" \/>\n<meta property=\"og:description\" content=\"Cust\u00f3dia da Terra Santa\" \/>\n<meta property=\"og:url\" content=\"https:\/\/franciscanos.org.br\/noticias\/jerusalem-novas-restauracoes-na-basilica-do-santo-sepulcro.html\" \/>\n<meta property=\"og:site_name\" content=\"Not\u00edcias - Franciscanos\" \/>\n<meta property=\"article:published_time\" content=\"2019-12-12T09:58:40+00:00\" \/>\n<meta property=\"og:image\" content=\"https:\/\/franciscanos.org.br\/noticias\/wp-content\/uploads\/2019\/12\/terra_santa_1212d.jpg\" \/>\n\t<meta property=\"og:image:width\" content=\"273\" \/>\n\t<meta property=\"og:image:height\" content=\"181\" \/>\n\t<meta property=\"og:image:type\" content=\"image\/jpeg\" \/>\n<meta name=\"author\" content=\"moacir\" \/>\n<meta name=\"twitter:card\" content=\"summary_large_image\" \/>\n<meta name=\"twitter:label1\" content=\"Escrito por\" \/>\n\t<meta name=\"twitter:data1\" content=\"moacir\" \/>\n\t<meta name=\"twitter:label2\" content=\"Est. tempo de leitura\" \/>\n\t<meta name=\"twitter:data2\" content=\"3 minutos\" \/>\n<script type=\"application\/ld+json\" class=\"yoast-schema-graph\">{\"@context\":\"https:\/\/schema.org\",\"@graph\":[{\"@type\":\"WebSite\",\"@id\":\"https:\/\/franciscanos.org.br\/noticias\/#website\",\"url\":\"https:\/\/franciscanos.org.br\/noticias\/\",\"name\":\"Not\u00edcias - Franciscanos\",\"description\":\"Prov\u00edncia Franciscana da Imaculada Concei\u00e7\u00e3o do Brasil - Ordem dos Frades Menores - OFM\",\"potentialAction\":[{\"@type\":\"SearchAction\",\"target\":{\"@type\":\"EntryPoint\",\"urlTemplate\":\"https:\/\/franciscanos.org.br\/noticias\/?s={search_term_string}\"},\"query-input\":\"required name=search_term_string\"}],\"inLanguage\":\"pt-BR\"},{\"@type\":\"ImageObject\",\"inLanguage\":\"pt-BR\",\"@id\":\"https:\/\/franciscanos.org.br\/noticias\/jerusalem-novas-restauracoes-na-basilica-do-santo-sepulcro.html#primaryimage\",\"url\":\"https:\/\/franciscanos.org.br\/noticias\/wp-content\/uploads\/2019\/12\/terra_santa_1212d.jpg\",\"contentUrl\":\"https:\/\/franciscanos.org.br\/noticias\/wp-content\/uploads\/2019\/12\/terra_santa_1212d.jpg\",\"width\":273,\"height\":181},{\"@type\":\"WebPage\",\"@id\":\"https:\/\/franciscanos.org.br\/noticias\/jerusalem-novas-restauracoes-na-basilica-do-santo-sepulcro.html#webpage\",\"url\":\"https:\/\/franciscanos.org.br\/noticias\/jerusalem-novas-restauracoes-na-basilica-do-santo-sepulcro.html\",\"name\":\"Jerusal\u00e9m: novas restaura\u00e7\u00f5es na Bas\u00edlica do Santo Sepulcro - Not\u00edcias - Franciscanos\",\"isPartOf\":{\"@id\":\"https:\/\/franciscanos.org.br\/noticias\/#website\"},\"primaryImageOfPage\":{\"@id\":\"https:\/\/franciscanos.org.br\/noticias\/jerusalem-novas-restauracoes-na-basilica-do-santo-sepulcro.html#primaryimage\"},\"datePublished\":\"2019-12-12T09:58:40+00:00\",\"dateModified\":\"2019-12-12T09:58:40+00:00\",\"author\":{\"@id\":\"https:\/\/franciscanos.org.br\/noticias\/#\/schema\/person\/b5c8cba458c330ccff548b056e95a5d4\"},\"breadcrumb\":{\"@id\":\"https:\/\/franciscanos.org.br\/noticias\/jerusalem-novas-restauracoes-na-basilica-do-santo-sepulcro.html#breadcrumb\"},\"inLanguage\":\"pt-BR\",\"potentialAction\":[{\"@type\":\"ReadAction\",\"target\":[\"https:\/\/franciscanos.org.br\/noticias\/jerusalem-novas-restauracoes-na-basilica-do-santo-sepulcro.html\"]}]},{\"@type\":\"BreadcrumbList\",\"@id\":\"https:\/\/franciscanos.org.br\/noticias\/jerusalem-novas-restauracoes-na-basilica-do-santo-sepulcro.html#breadcrumb\",\"itemListElement\":[{\"@type\":\"ListItem\",\"position\":1,\"name\":\"Home\",\"item\":\"https:\/\/franciscanos.org.br\/noticias\"},{\"@type\":\"ListItem\",\"position\":2,\"name\":\"Jerusal\u00e9m: novas restaura\u00e7\u00f5es na Bas\u00edlica do Santo Sepulcro\"}]},{\"@type\":\"Person\",\"@id\":\"https:\/\/franciscanos.org.br\/noticias\/#\/schema\/person\/b5c8cba458c330ccff548b056e95a5d4\",\"name\":\"moacir\",\"image\":{\"@type\":\"ImageObject\",\"inLanguage\":\"pt-BR\",\"@id\":\"https:\/\/franciscanos.org.br\/noticias\/#\/schema\/person\/image\/\",\"url\":\"https:\/\/secure.gravatar.com\/avatar\/d08aa2ce4c8dd416d4479aa8536fcf64?s=96&d=mm&r=g\",\"contentUrl\":\"https:\/\/secure.gravatar.com\/avatar\/d08aa2ce4c8dd416d4479aa8536fcf64?s=96&d=mm&r=g\",\"caption\":\"moacir\"},\"url\":\"https:\/\/franciscanos.org.br\/noticias\/author\/moacir\"}]}<\/script>\n<!-- \/ Yoast SEO plugin. -->","yoast_head_json":{"title":"Jerusal\u00e9m: novas restaura\u00e7\u00f5es na Bas\u00edlica do Santo Sepulcro - Not\u00edcias - Franciscanos","robots":{"index":"index","follow":"follow","max-snippet":"max-snippet:-1","max-image-preview":"max-image-preview:large","max-video-preview":"max-video-preview:-1"},"canonical":"https:\/\/franciscanos.org.br\/noticias\/jerusalem-novas-restauracoes-na-basilica-do-santo-sepulcro.html","og_locale":"pt_BR","og_type":"article","og_title":"Jerusal\u00e9m: novas restaura\u00e7\u00f5es na Bas\u00edlica do Santo Sepulcro - Not\u00edcias - Franciscanos","og_description":"Cust\u00f3dia da Terra Santa","og_url":"https:\/\/franciscanos.org.br\/noticias\/jerusalem-novas-restauracoes-na-basilica-do-santo-sepulcro.html","og_site_name":"Not\u00edcias - Franciscanos","article_published_time":"2019-12-12T09:58:40+00:00","og_image":[{"width":273,"height":181,"url":"https:\/\/franciscanos.org.br\/noticias\/wp-content\/uploads\/2019\/12\/terra_santa_1212d.jpg","type":"image\/jpeg"}],"author":"moacir","twitter_card":"summary_large_image","twitter_misc":{"Escrito por":"moacir","Est. tempo de leitura":"3 minutos"},"schema":{"@context":"https:\/\/schema.org","@graph":[{"@type":"WebSite","@id":"https:\/\/franciscanos.org.br\/noticias\/#website","url":"https:\/\/franciscanos.org.br\/noticias\/","name":"Not\u00edcias - Franciscanos","description":"Prov\u00edncia Franciscana da Imaculada Concei\u00e7\u00e3o do Brasil - Ordem dos Frades Menores - OFM","potentialAction":[{"@type":"SearchAction","target":{"@type":"EntryPoint","urlTemplate":"https:\/\/franciscanos.org.br\/noticias\/?s={search_term_string}"},"query-input":"required name=search_term_string"}],"inLanguage":"pt-BR"},{"@type":"ImageObject","inLanguage":"pt-BR","@id":"https:\/\/franciscanos.org.br\/noticias\/jerusalem-novas-restauracoes-na-basilica-do-santo-sepulcro.html#primaryimage","url":"https:\/\/franciscanos.org.br\/noticias\/wp-content\/uploads\/2019\/12\/terra_santa_1212d.jpg","contentUrl":"https:\/\/franciscanos.org.br\/noticias\/wp-content\/uploads\/2019\/12\/terra_santa_1212d.jpg","width":273,"height":181},{"@type":"WebPage","@id":"https:\/\/franciscanos.org.br\/noticias\/jerusalem-novas-restauracoes-na-basilica-do-santo-sepulcro.html#webpage","url":"https:\/\/franciscanos.org.br\/noticias\/jerusalem-novas-restauracoes-na-basilica-do-santo-sepulcro.html","name":"Jerusal\u00e9m: novas restaura\u00e7\u00f5es na Bas\u00edlica do Santo Sepulcro - Not\u00edcias - Franciscanos","isPartOf":{"@id":"https:\/\/franciscanos.org.br\/noticias\/#website"},"primaryImageOfPage":{"@id":"https:\/\/franciscanos.org.br\/noticias\/jerusalem-novas-restauracoes-na-basilica-do-santo-sepulcro.html#primaryimage"},"datePublished":"2019-12-12T09:58:40+00:00","dateModified":"2019-12-12T09:58:40+00:00","author":{"@id":"https:\/\/franciscanos.org.br\/noticias\/#\/schema\/person\/b5c8cba458c330ccff548b056e95a5d4"},"breadcrumb":{"@id":"https:\/\/franciscanos.org.br\/noticias\/jerusalem-novas-restauracoes-na-basilica-do-santo-sepulcro.html#breadcrumb"},"inLanguage":"pt-BR","potentialAction":[{"@type":"ReadAction","target":["https:\/\/franciscanos.org.br\/noticias\/jerusalem-novas-restauracoes-na-basilica-do-santo-sepulcro.html"]}]},{"@type":"BreadcrumbList","@id":"https:\/\/franciscanos.org.br\/noticias\/jerusalem-novas-restauracoes-na-basilica-do-santo-sepulcro.html#breadcrumb","itemListElement":[{"@type":"ListItem","position":1,"name":"Home","item":"https:\/\/franciscanos.org.br\/noticias"},{"@type":"ListItem","position":2,"name":"Jerusal\u00e9m: novas restaura\u00e7\u00f5es na Bas\u00edlica do Santo Sepulcro"}]},{"@type":"Person","@id":"https:\/\/franciscanos.org.br\/noticias\/#\/schema\/person\/b5c8cba458c330ccff548b056e95a5d4","name":"moacir","image":{"@type":"ImageObject","inLanguage":"pt-BR","@id":"https:\/\/franciscanos.org.br\/noticias\/#\/schema\/person\/image\/","url":"https:\/\/secure.gravatar.com\/avatar\/d08aa2ce4c8dd416d4479aa8536fcf64?s=96&d=mm&r=g","contentUrl":"https:\/\/secure.gravatar.com\/avatar\/d08aa2ce4c8dd416d4479aa8536fcf64?s=96&d=mm&r=g","caption":"moacir"},"url":"https:\/\/franciscanos.org.br\/noticias\/author\/moacir"}]}},"_links":{"self":[{"href":"https:\/\/franciscanos.org.br\/noticias\/wp-json\/wp\/v2\/posts\/215006"}],"collection":[{"href":"https:\/\/franciscanos.org.br\/noticias\/wp-json\/wp\/v2\/posts"}],"about":[{"href":"https:\/\/franciscanos.org.br\/noticias\/wp-json\/wp\/v2\/types\/post"}],"author":[{"embeddable":true,"href":"https:\/\/franciscanos.org.br\/noticias\/wp-json\/wp\/v2\/users\/3"}],"replies":[{"embeddable":true,"href":"https:\/\/franciscanos.org.br\/noticias\/wp-json\/wp\/v2\/comments?post=215006"}],"version-history":[{"count":0,"href":"https:\/\/franciscanos.org.br\/noticias\/wp-json\/wp\/v2\/posts\/215006\/revisions"}],"wp:featuredmedia":[{"embeddable":true,"href":"https:\/\/franciscanos.org.br\/noticias\/wp-json\/wp\/v2\/media\/215009"}],"wp:attachment":[{"href":"https:\/\/franciscanos.org.br\/noticias\/wp-json\/wp\/v2\/media?parent=215006"}],"wp:term":[{"taxonomy":"category","embeddable":true,"href":"https:\/\/franciscanos.org.br\/noticias\/wp-json\/wp\/v2\/categories?post=215006"},{"taxonomy":"post_tag","embeddable":true,"href":"https:\/\/franciscanos.org.br\/noticias\/wp-json\/wp\/v2\/tags?post=215006"}],"curies":[{"name":"wp","href":"https:\/\/api.w.org\/{rel}","templated":true}]}}