{"id":214961,"date":"2019-12-10T07:51:41","date_gmt":"2019-12-10T10:51:41","guid":{"rendered":"https:\/\/franciscanos.org.br\/noticias\/?p=214961"},"modified":"2020-06-06T08:02:14","modified_gmt":"2020-06-06T11:02:14","slug":"o-senhor-perdoa-os-nossos-pecados-com-ternura","status":"publish","type":"post","link":"https:\/\/franciscanos.org.br\/noticias\/o-senhor-perdoa-os-nossos-pecados-com-ternura.html","title":{"rendered":"O Senhor perdoa os nossos pecados com ternura"},"content":{"rendered":"<p><img loading=\"lazy\" class=\"alignnone size-full wp-image-214963\" src=\"https:\/\/franciscanos.org.br\/noticias\/wp-content\/uploads\/2019\/12\/papa_1012.jpg\" alt=\"\" width=\"890\" height=\"476\" srcset=\"https:\/\/franciscanos.org.br\/noticias\/wp-content\/uploads\/2019\/12\/papa_1012.jpg 890w, https:\/\/franciscanos.org.br\/noticias\/wp-content\/uploads\/2019\/12\/papa_1012-450x241.jpg 450w, https:\/\/franciscanos.org.br\/noticias\/wp-content\/uploads\/2019\/12\/papa_1012-768x411.jpg 768w, https:\/\/franciscanos.org.br\/noticias\/wp-content\/uploads\/2019\/12\/papa_1012-150x80.jpg 150w\" sizes=\"(max-width: 890px) 100vw, 890px\" \/><\/p>\n<p><strong>Cidade do Vaticano<\/strong> &#8211; O Senhor guia o seu povo, o consola, mas tamb\u00e9m o corrige e o pune com a ternura de um pai, de um pastor, que \u201ccarrega os cordeirinhos sobre o peito e conduz docilmente as ovelhas m\u00e3es\u201d. Assim se expressou o Papa Francisco na homilia da missa matutina na Casa Santa Marta, respondendo \u00e0s perguntas suscitadas pela liturgia de hoje: \u201cComo consola, como corrige o Senhor?\u201d.<\/p>\n<p>A primeira Leitura, de fato, \u00e9 um trecho da consola\u00e7\u00e3o de Israel do profeta Isa\u00edas e se abre com um \u201can\u00fancio de esperan\u00e7a\u201d, explicou Francisco. \u201cConsolai o meu povo, consolai-o! Falai ao cora\u00e7\u00e3o de Jerusal\u00e9m e dizei em alta voz que sua servid\u00e3o acabou e a expia\u00e7\u00e3o de suas culpas foi cumprida\u201d, l\u00ea-se no trecho de Isa\u00edas.<\/p>\n<p><strong>O Senhor consola quem se deixa consolar<\/strong><br \/>\n\u201cO Senhor sempre nos consola \u2013 comentou Francisco \u2013 desde que n\u00f3s nos deixemos consolar\u201d. Deus \u201ccorrige com o consolo, mas como?\u201d, questionou o Papa, que leu outro trecho de Isa\u00edas, que fala do Senhor bom pastor, que com o seu bra\u00e7o recolhe o rebanho, \u201ccarrega os cordeirinhos no peito\u201d e com do\u00e7ura conduz \u201cas ovelhas m\u00e3es\u201d.<\/p>\n<p>\u201cMas este \u00e9 um trecho de ternura! Como o Senhor consola? Com ternura. Como o Senhor corrige? Com ternura. Como o Senhor pune? Com ternura\u201d.<\/p>\n<p>\u201cVoc\u00ea se imagina no peito do Senhor depois de pecar?\u201d, perguntou ainda o Papa: O Senhor conduz, o Senhor guia o seu povo, o Senhor corrige; e eu diria tamb\u00e9m: o Senhor pune com ternura. A ternura de Deus, as car\u00edcias de Deus. N\u00e3o \u00e9 uma atitude did\u00e1tica ou diplom\u00e1tica de Deus: vem de dentro, \u00e9 a alegria que Ele sente quando um pecador se aproxima. E a alegria o torna tenro.<\/p>\n<p><strong>A alegria que se faz ternura<\/strong><br \/>\nO Papa Francisco recordou a \u201cpar\u00e1bola do Filho Pr\u00f3digo\u201d e o pai que \u201cv\u00ea o filho de longe\u201d: porque o esperava, \u201cia at\u00e9 o terra\u00e7o para ver se o filho voltava. Cora\u00e7\u00e3o de pai\u201d. E quando chega, e come\u00e7a \u201caquele discurso do arrependimento\u201d, ele lhe tapa a boca e faz festa.<\/p>\n<p>\u201cA proximidade tenra do Senhor\u201d, comentou ainda o Papa. No Evangelho, volta o pastor, que tem cem ovelhas e uma se perde. \u201cN\u00e3o deixa ele as noventa e nove nas montanhas, para procurar aquela que se perdeu?\u201d citou Francisco. E \u201cse ele a encontrar, ficar\u00e1 mais feliz com ela, do que com as noventa e nove que n\u00e3o se perderam\u201d. Esta \u00e9 \u201ca alegria do Senhor diante do pecador\u201d, \u201cdiante de n\u00f3s quando nos deixamos perdoar, nos aproximamos a Ele para que nos perdoe\u201d. Uma alegria que \u201cse faz ternura, e aquela ternura que nos consola\u201d.<\/p>\n<p><strong>N\u00e3o nos lamentemos: o Senhor perdoa os nossos pecados<\/strong><br \/>\n\u201cTantas vezes, explicou o Pont\u00edfice, nos lamentamos das dificuldades que temos: o diabo quer que n\u00f3s caiamos no esp\u00edrito de tristeza\u201d, \u201camargurados pela vida\u201d ou \u201cpelos pr\u00f3prios pecados\u201d. E recordou: \u201cconheci uma pessoa consagrada a Deus que a chamavam de \u2018Lamenta\u00e7\u00e3o\u201d, porque n\u00e3o conseguia fazer nada al\u00e9m de se lamentar: era \u201co pr\u00eamio Nobel das lamenta\u00e7\u00f5es\u201d.<\/p>\n<p>Mas quantas vezes n\u00f3s nos lamentamos, nos lamentamos e tantas vezes pensamos que os nossos pecados, os nossos limites n\u00e3o podem ser perdoados. E ali, a voz do Senhor vem e diz: \u201cEu o consolo, estou pr\u00f3ximo a voc\u00ea\u201d, e nos pega com ternura. O Deus poderoso que criou os c\u00e9us e a terra, o Deus-her\u00f3i, por assim dizer, nosso irm\u00e3o, que deixou que o levassem \u00e0 cruz para morrer por n\u00f3s, \u00e9 capaz de nos acariciar e dizer: \u201cN\u00e3o chore\u201d. \u201cCom quanta ternura \u2013 prosseguiu o Papa Francisco \u2013 o Senhor ter\u00e1 acariciado a vi\u00fava de Naim quando lhe disse: \u2018N\u00e3o chore\u2019. \u201dTalvez, diante do caix\u00e3o do filho, a acariciou antes de dizer \u201cn\u00e3o chore\u201d. Porque \u201cali havia o desastre\u201d. \u201cDevemos acreditar neste consolo do Senhor\u201d porque depois \u201ctem a gra\u00e7a\u201d do perd\u00e3o.<\/p>\n<p>\u201cPai, eu tenho tantos pecados, cometi tantos erros na vida\u201d \u2013 \u201cMas se deixe consolar\u201d \u2013 \u201cMas quem me consola?\u201d \u2013 \u201cO Senhor\u201d \u2013 \u201cE onde devo ir?\u201d \u2013 \u201cPara pedir perd\u00e3o: vai, vai! Seja corajoso. Abra a porta. E Ele o acariciar\u00e1\u201d. Ele se aproximar\u00e1 com a ternura de um pai, de um irm\u00e3o: assim como um pastor apascenta o seu rebanho e com o bra\u00e7o o re\u00fane, carrega os cordeiros sobre o peito e conduz docilmente as ovelhas m\u00e3es, assim o Senhor nos consola.<\/p>\n<hr \/>\n<p><em>Fonte: Vatican News<\/em><\/p>\n","protected":false},"excerpt":{"rendered":"<p>Missa em Santa Marta<\/p>\n","protected":false},"author":3,"featured_media":214962,"comment_status":"open","ping_status":"open","sticky":false,"template":"","format":"standard","meta":[],"categories":[1428],"tags":[829],"acf":[],"yoast_head":"<!-- This site is optimized with the Yoast SEO plugin v19.2 - https:\/\/yoast.com\/wordpress\/plugins\/seo\/ -->\n<title>O Senhor perdoa os nossos pecados com ternura - Not\u00edcias - Franciscanos<\/title>\n<meta name=\"robots\" content=\"index, follow, max-snippet:-1, max-image-preview:large, max-video-preview:-1\" \/>\n<link rel=\"canonical\" href=\"https:\/\/franciscanos.org.br\/noticias\/o-senhor-perdoa-os-nossos-pecados-com-ternura.html\" \/>\n<meta property=\"og:locale\" content=\"pt_BR\" \/>\n<meta property=\"og:type\" content=\"article\" \/>\n<meta property=\"og:title\" content=\"O Senhor perdoa os nossos pecados com ternura - Not\u00edcias - Franciscanos\" \/>\n<meta property=\"og:description\" content=\"Missa em Santa Marta\" \/>\n<meta property=\"og:url\" content=\"https:\/\/franciscanos.org.br\/noticias\/o-senhor-perdoa-os-nossos-pecados-com-ternura.html\" \/>\n<meta property=\"og:site_name\" content=\"Not\u00edcias - Franciscanos\" \/>\n<meta property=\"article:published_time\" content=\"2019-12-10T10:51:41+00:00\" \/>\n<meta property=\"article:modified_time\" content=\"2020-06-06T11:02:14+00:00\" \/>\n<meta property=\"og:image\" content=\"https:\/\/franciscanos.org.br\/noticias\/wp-content\/uploads\/2019\/12\/papa_1012d.jpg\" \/>\n\t<meta property=\"og:image:width\" content=\"273\" \/>\n\t<meta property=\"og:image:height\" content=\"181\" \/>\n\t<meta property=\"og:image:type\" content=\"image\/jpeg\" \/>\n<meta name=\"author\" content=\"moacir\" \/>\n<meta name=\"twitter:card\" content=\"summary_large_image\" \/>\n<meta name=\"twitter:label1\" content=\"Escrito por\" \/>\n\t<meta name=\"twitter:data1\" content=\"moacir\" \/>\n\t<meta name=\"twitter:label2\" content=\"Est. tempo de leitura\" \/>\n\t<meta name=\"twitter:data2\" content=\"4 minutos\" \/>\n<script type=\"application\/ld+json\" class=\"yoast-schema-graph\">{\"@context\":\"https:\/\/schema.org\",\"@graph\":[{\"@type\":\"WebSite\",\"@id\":\"https:\/\/franciscanos.org.br\/noticias\/#website\",\"url\":\"https:\/\/franciscanos.org.br\/noticias\/\",\"name\":\"Not\u00edcias - Franciscanos\",\"description\":\"Prov\u00edncia Franciscana da Imaculada Concei\u00e7\u00e3o do Brasil - Ordem dos Frades Menores - OFM\",\"potentialAction\":[{\"@type\":\"SearchAction\",\"target\":{\"@type\":\"EntryPoint\",\"urlTemplate\":\"https:\/\/franciscanos.org.br\/noticias\/?s={search_term_string}\"},\"query-input\":\"required name=search_term_string\"}],\"inLanguage\":\"pt-BR\"},{\"@type\":\"ImageObject\",\"inLanguage\":\"pt-BR\",\"@id\":\"https:\/\/franciscanos.org.br\/noticias\/o-senhor-perdoa-os-nossos-pecados-com-ternura.html#primaryimage\",\"url\":\"https:\/\/franciscanos.org.br\/noticias\/wp-content\/uploads\/2019\/12\/papa_1012d.jpg\",\"contentUrl\":\"https:\/\/franciscanos.org.br\/noticias\/wp-content\/uploads\/2019\/12\/papa_1012d.jpg\",\"width\":273,\"height\":181},{\"@type\":\"WebPage\",\"@id\":\"https:\/\/franciscanos.org.br\/noticias\/o-senhor-perdoa-os-nossos-pecados-com-ternura.html#webpage\",\"url\":\"https:\/\/franciscanos.org.br\/noticias\/o-senhor-perdoa-os-nossos-pecados-com-ternura.html\",\"name\":\"O Senhor perdoa os nossos pecados com ternura - Not\u00edcias - Franciscanos\",\"isPartOf\":{\"@id\":\"https:\/\/franciscanos.org.br\/noticias\/#website\"},\"primaryImageOfPage\":{\"@id\":\"https:\/\/franciscanos.org.br\/noticias\/o-senhor-perdoa-os-nossos-pecados-com-ternura.html#primaryimage\"},\"datePublished\":\"2019-12-10T10:51:41+00:00\",\"dateModified\":\"2020-06-06T11:02:14+00:00\",\"author\":{\"@id\":\"https:\/\/franciscanos.org.br\/noticias\/#\/schema\/person\/b5c8cba458c330ccff548b056e95a5d4\"},\"breadcrumb\":{\"@id\":\"https:\/\/franciscanos.org.br\/noticias\/o-senhor-perdoa-os-nossos-pecados-com-ternura.html#breadcrumb\"},\"inLanguage\":\"pt-BR\",\"potentialAction\":[{\"@type\":\"ReadAction\",\"target\":[\"https:\/\/franciscanos.org.br\/noticias\/o-senhor-perdoa-os-nossos-pecados-com-ternura.html\"]}]},{\"@type\":\"BreadcrumbList\",\"@id\":\"https:\/\/franciscanos.org.br\/noticias\/o-senhor-perdoa-os-nossos-pecados-com-ternura.html#breadcrumb\",\"itemListElement\":[{\"@type\":\"ListItem\",\"position\":1,\"name\":\"Home\",\"item\":\"https:\/\/franciscanos.org.br\/noticias\"},{\"@type\":\"ListItem\",\"position\":2,\"name\":\"O Senhor perdoa os nossos pecados com ternura\"}]},{\"@type\":\"Person\",\"@id\":\"https:\/\/franciscanos.org.br\/noticias\/#\/schema\/person\/b5c8cba458c330ccff548b056e95a5d4\",\"name\":\"moacir\",\"image\":{\"@type\":\"ImageObject\",\"inLanguage\":\"pt-BR\",\"@id\":\"https:\/\/franciscanos.org.br\/noticias\/#\/schema\/person\/image\/\",\"url\":\"https:\/\/secure.gravatar.com\/avatar\/d08aa2ce4c8dd416d4479aa8536fcf64?s=96&d=mm&r=g\",\"contentUrl\":\"https:\/\/secure.gravatar.com\/avatar\/d08aa2ce4c8dd416d4479aa8536fcf64?s=96&d=mm&r=g\",\"caption\":\"moacir\"},\"url\":\"https:\/\/franciscanos.org.br\/noticias\/author\/moacir\"}]}<\/script>\n<!-- \/ Yoast SEO plugin. -->","yoast_head_json":{"title":"O Senhor perdoa os nossos pecados com ternura - Not\u00edcias - Franciscanos","robots":{"index":"index","follow":"follow","max-snippet":"max-snippet:-1","max-image-preview":"max-image-preview:large","max-video-preview":"max-video-preview:-1"},"canonical":"https:\/\/franciscanos.org.br\/noticias\/o-senhor-perdoa-os-nossos-pecados-com-ternura.html","og_locale":"pt_BR","og_type":"article","og_title":"O Senhor perdoa os nossos pecados com ternura - Not\u00edcias - Franciscanos","og_description":"Missa em Santa Marta","og_url":"https:\/\/franciscanos.org.br\/noticias\/o-senhor-perdoa-os-nossos-pecados-com-ternura.html","og_site_name":"Not\u00edcias - Franciscanos","article_published_time":"2019-12-10T10:51:41+00:00","article_modified_time":"2020-06-06T11:02:14+00:00","og_image":[{"width":273,"height":181,"url":"https:\/\/franciscanos.org.br\/noticias\/wp-content\/uploads\/2019\/12\/papa_1012d.jpg","type":"image\/jpeg"}],"author":"moacir","twitter_card":"summary_large_image","twitter_misc":{"Escrito por":"moacir","Est. tempo de leitura":"4 minutos"},"schema":{"@context":"https:\/\/schema.org","@graph":[{"@type":"WebSite","@id":"https:\/\/franciscanos.org.br\/noticias\/#website","url":"https:\/\/franciscanos.org.br\/noticias\/","name":"Not\u00edcias - Franciscanos","description":"Prov\u00edncia Franciscana da Imaculada Concei\u00e7\u00e3o do Brasil - Ordem dos Frades Menores - OFM","potentialAction":[{"@type":"SearchAction","target":{"@type":"EntryPoint","urlTemplate":"https:\/\/franciscanos.org.br\/noticias\/?s={search_term_string}"},"query-input":"required name=search_term_string"}],"inLanguage":"pt-BR"},{"@type":"ImageObject","inLanguage":"pt-BR","@id":"https:\/\/franciscanos.org.br\/noticias\/o-senhor-perdoa-os-nossos-pecados-com-ternura.html#primaryimage","url":"https:\/\/franciscanos.org.br\/noticias\/wp-content\/uploads\/2019\/12\/papa_1012d.jpg","contentUrl":"https:\/\/franciscanos.org.br\/noticias\/wp-content\/uploads\/2019\/12\/papa_1012d.jpg","width":273,"height":181},{"@type":"WebPage","@id":"https:\/\/franciscanos.org.br\/noticias\/o-senhor-perdoa-os-nossos-pecados-com-ternura.html#webpage","url":"https:\/\/franciscanos.org.br\/noticias\/o-senhor-perdoa-os-nossos-pecados-com-ternura.html","name":"O Senhor perdoa os nossos pecados com ternura - Not\u00edcias - Franciscanos","isPartOf":{"@id":"https:\/\/franciscanos.org.br\/noticias\/#website"},"primaryImageOfPage":{"@id":"https:\/\/franciscanos.org.br\/noticias\/o-senhor-perdoa-os-nossos-pecados-com-ternura.html#primaryimage"},"datePublished":"2019-12-10T10:51:41+00:00","dateModified":"2020-06-06T11:02:14+00:00","author":{"@id":"https:\/\/franciscanos.org.br\/noticias\/#\/schema\/person\/b5c8cba458c330ccff548b056e95a5d4"},"breadcrumb":{"@id":"https:\/\/franciscanos.org.br\/noticias\/o-senhor-perdoa-os-nossos-pecados-com-ternura.html#breadcrumb"},"inLanguage":"pt-BR","potentialAction":[{"@type":"ReadAction","target":["https:\/\/franciscanos.org.br\/noticias\/o-senhor-perdoa-os-nossos-pecados-com-ternura.html"]}]},{"@type":"BreadcrumbList","@id":"https:\/\/franciscanos.org.br\/noticias\/o-senhor-perdoa-os-nossos-pecados-com-ternura.html#breadcrumb","itemListElement":[{"@type":"ListItem","position":1,"name":"Home","item":"https:\/\/franciscanos.org.br\/noticias"},{"@type":"ListItem","position":2,"name":"O Senhor perdoa os nossos pecados com ternura"}]},{"@type":"Person","@id":"https:\/\/franciscanos.org.br\/noticias\/#\/schema\/person\/b5c8cba458c330ccff548b056e95a5d4","name":"moacir","image":{"@type":"ImageObject","inLanguage":"pt-BR","@id":"https:\/\/franciscanos.org.br\/noticias\/#\/schema\/person\/image\/","url":"https:\/\/secure.gravatar.com\/avatar\/d08aa2ce4c8dd416d4479aa8536fcf64?s=96&d=mm&r=g","contentUrl":"https:\/\/secure.gravatar.com\/avatar\/d08aa2ce4c8dd416d4479aa8536fcf64?s=96&d=mm&r=g","caption":"moacir"},"url":"https:\/\/franciscanos.org.br\/noticias\/author\/moacir"}]}},"_links":{"self":[{"href":"https:\/\/franciscanos.org.br\/noticias\/wp-json\/wp\/v2\/posts\/214961"}],"collection":[{"href":"https:\/\/franciscanos.org.br\/noticias\/wp-json\/wp\/v2\/posts"}],"about":[{"href":"https:\/\/franciscanos.org.br\/noticias\/wp-json\/wp\/v2\/types\/post"}],"author":[{"embeddable":true,"href":"https:\/\/franciscanos.org.br\/noticias\/wp-json\/wp\/v2\/users\/3"}],"replies":[{"embeddable":true,"href":"https:\/\/franciscanos.org.br\/noticias\/wp-json\/wp\/v2\/comments?post=214961"}],"version-history":[{"count":1,"href":"https:\/\/franciscanos.org.br\/noticias\/wp-json\/wp\/v2\/posts\/214961\/revisions"}],"predecessor-version":[{"id":224443,"href":"https:\/\/franciscanos.org.br\/noticias\/wp-json\/wp\/v2\/posts\/214961\/revisions\/224443"}],"wp:featuredmedia":[{"embeddable":true,"href":"https:\/\/franciscanos.org.br\/noticias\/wp-json\/wp\/v2\/media\/214962"}],"wp:attachment":[{"href":"https:\/\/franciscanos.org.br\/noticias\/wp-json\/wp\/v2\/media?parent=214961"}],"wp:term":[{"taxonomy":"category","embeddable":true,"href":"https:\/\/franciscanos.org.br\/noticias\/wp-json\/wp\/v2\/categories?post=214961"},{"taxonomy":"post_tag","embeddable":true,"href":"https:\/\/franciscanos.org.br\/noticias\/wp-json\/wp\/v2\/tags?post=214961"}],"curies":[{"name":"wp","href":"https:\/\/api.w.org\/{rel}","templated":true}]}}