{"id":21484,"date":"2008-10-03T14:46:34","date_gmt":"2008-10-03T17:46:34","guid":{"rendered":"http:\/\/new.franciscanos.org.br\/?p=21484"},"modified":"2019-02-01T15:29:57","modified_gmt":"2019-02-01T17:29:57","slug":"primeiras-noticias-e-impressoes-de-angola","status":"publish","type":"post","link":"https:\/\/franciscanos.org.br\/noticias\/primeiras-noticias-e-impressoes-de-angola.html","title":{"rendered":"Primeiras impress\u00f5es de Angola"},"content":{"rendered":"<p><img loading=\"lazy\" class=\"size-full wp-image-199267\" src=\"https:\/\/franciscanos.org.br\/noticias\/wp-content\/uploads\/2008\/10\/andre.jpg\" alt=\"\" width=\"890\" height=\"668\" srcset=\"https:\/\/franciscanos.org.br\/noticias\/wp-content\/uploads\/2008\/10\/andre.jpg 890w, https:\/\/franciscanos.org.br\/noticias\/wp-content\/uploads\/2008\/10\/andre-450x338.jpg 450w, https:\/\/franciscanos.org.br\/noticias\/wp-content\/uploads\/2008\/10\/andre-768x576.jpg 768w, https:\/\/franciscanos.org.br\/noticias\/wp-content\/uploads\/2008\/10\/andre-150x113.jpg 150w\" sizes=\"(max-width: 890px) 100vw, 890px\" \/><\/p>\n<p><strong style=\"font-size: 16px;\">A realidade que nos cerca \u2013<\/strong><span style=\"font-size: 16px;\">\u00a0Angola tem entre 15 e 17 milh\u00f5es de habitantes. Como muitos outros, este \u00e9 um pa\u00eds rico (tem petr\u00f3leo, diamantes&#8230;) com povo muito pobre. Luanda, capital do pa\u00eds, tem hoje (somando os munic\u00edpios da regi\u00e3o metropolitana) de 4 a 6 milh\u00f5es de pessoas. \u00c9 uma cidade de grandes contrastes, com poucos muito ricos e a grande maioria muito pobre..<\/span>Cerca de 90% da popula\u00e7\u00e3o mora nos populosos bairros da periferia, que incharam rapidamente em consequ\u00eancia dos 27 anos de guerra civil. Pessoas e fam\u00edlias fugiam em massa do interior, onde havia bombardeios, invas\u00e3o e saque de casas e aldeias, chacinas e todo tipo de viol\u00eancia, buscando ref\u00fagio na capital. Deixavam tudo para tr\u00e1s e, aqui chegando, se instalavam como e onde podiam.<\/p>\n<p align=\"left\">Criou-se, assim, uma grande periferia com barracos prec\u00e1rios, sem infraestrutura como \u00e1gua, esgoto, energia el\u00e9trica, coleta de lixo, escola, posto de sa\u00fade, estradas&#8230; A guerra, iniciada em 1975, terminou apenas em 2002. Aos poucos, o pa\u00eds volta ao normal, correndo atr\u00e1s do tempo perdido para solucionar muitos e graves problemas.<\/p>\n<p><strong>Fraternidade da Porci\u00fancula &#8211;\u00a0<\/strong>Moro no bairro da Estalagem, munic\u00edpio de Viana, periferia da capital, a cerca de 20 km do centro de Luanda. Somos quatro frades na fraternidade: dois brasileiros (Frei \u00c2ngelo J. Luis, presidente da FIMDA, e eu) e dois angolanos (Frei Afonso Katchekele Quessongo e Frei Ant\u00f4nio B. Zovo Baza, estudantes de Teologia). A casa fica em uma \u00e1rea muito bonita, no meio de um bairro muito pobre.<\/p>\n<p>As instala\u00e7\u00f5es, com diversas est\u00e1tuas de animais feitas de concreto, s\u00e3o parte de um parque tur\u00edstico que estava sendo constru\u00eddo e foi abandonado antes de terminar (um dos s\u00f3cios faleceu). Os frades, ent\u00e3o, adquiriram parte do terreno e adaptaram as estruturas existentes para uma casa de forma\u00e7\u00e3o (semin\u00e1rio), a fim abrigar frades e seminaristas. Da pr\u00f3xima vez prometo enviar fotos do local (ainda n\u00e3o consegui uma m\u00e1quina fotogr\u00e1fica).<\/p>\n<div align=\"left\">\n<div id=\"attachment_21492\" style=\"width: 81px\" class=\"wp-caption alignleft\"><img aria-describedby=\"caption-attachment-21492\" loading=\"lazy\" class=\"wp-image-21492\" title=\"transito\" src=\"http:\/\/franciscanos.org.br\/wp-content\/uploads\/2008\/10\/transito.jpg\" alt=\"\" width=\"71\" height=\"53\" \/><p id=\"caption-attachment-21492\" class=\"wp-caption-text\">Transito ca\u00f3tico<\/p><\/div>\n<p><strong>O tr\u00e2nsito, um grande desafio! &#8211;\u00a0<\/strong>Com o tr\u00e2nsito quase sempre engarrafado, demoramos cerca de 2 horas ou mais para chegar ao centro da capital, mesmo saindo de casa \u00a0pelas 5 h da manh\u00e3! \u00c0s vezes gastamos mais de 3 horas, apesar das novas pistas pavimentadas pelo projeto de reconstru\u00e7\u00e3o nacional. \u00c9 muito carro pra pouca estrada! Frei Afonso e Frei Ant\u00f4nio enfrentam todos os dias este tr\u00e2nsito, na ida e na volta, para poderem estudar!<\/p>\n<p><strong>Casa-m\u00e3e da Miss\u00e3o no bairro Palanca &#8211;\u00a0<\/strong>A Fraternidade S\u00e3o Francisco de Assis, sede da FIMDA, fica no Bairro Palanca, a pouco mais de 6 km de Viana, seguindo em dire\u00e7\u00e3o ao centro de Luanda. Ali moram Frei Sebasti\u00e3o A. Kremer (guardi\u00e3o e p\u00e1roco), Frei Jos\u00e9 Urley Builtrago (frade colombiano) , Frei At\u00edlio Battistuz (rec\u00e9m-chegado do Brasil) e Frei M\u00e1rcio A. Terra (respons\u00e1vel pelo Projeto Nossos Mi\u00fados).<\/p>\n<\/div>\n<div align=\"left\">\n<p>Os frades do Palanca atendem tamb\u00e9m \u00e0 Par\u00f3quia S\u00e3o Lucas, cuja matriz fica nas proximidades, e o Quimbo S\u00e3o Francisco, em frente \u00e0 casa, onde se realizam muitos encontros, reuni\u00f5es e celebra\u00e7\u00f5es, tudo ao ar livre, embaixo das \u00e1rvores.<\/p>\n<div id=\"attachment_21496\" style=\"width: 222px\" class=\"wp-caption alignright\"><img aria-describedby=\"caption-attachment-21496\" loading=\"lazy\" class=\" wp-image-21496\" title=\"celebracao\" src=\"http:\/\/franciscanos.org.br\/wp-content\/uploads\/2008\/10\/celebracao.jpg\" alt=\"\" width=\"212\" height=\"142\" \/><p id=\"caption-attachment-21496\" class=\"wp-caption-text\">Celebra\u00e7\u00e3o no Quimbo S\u00e3o Francisco, bosque-santu\u00e1rio junto \u00e0 casa dos frades no Palanca.<\/p><\/div>\n<p><strong>O lixo e as ruas da periferia &#8211;<\/strong> S\u00f3 na regi\u00e3o central h\u00e1 coleta regular de lixo. Nos bairros da periferia, onde mora cerca de 90 % da popula\u00e7\u00e3o, o lixo de todo tipo fica acumulado nas ruas e nos terrenos baldios. Inclusive carca\u00e7as de carros e caminh\u00f5es e eletrodom\u00e9sticos fora de uso.<\/p>\n<p>N\u00e3o h\u00e1 ainda reciclagem de materiais (nem de latinhas de alum\u00ednio) e muito menos coleta seletiva. No per\u00edodo de seca como agora, chamado \u201c\u00e9poca do cacimbo\u201d(1), com bastante vento, as ruas de terra d\u00e3o origem a muita poeira. A areia solta se acumula no meio das ruas, dificultando a circula\u00e7\u00e3o de ve\u00edculos, o que \u00e9 agravado por grandes e incont\u00e1veis buracos.<\/p>\n<p>Na \u00e9poca das chuvas (de meados de outubro at\u00e9 abril ou maio), as ruas destes bairros ficam intransit\u00e1veis. Os grandes e numerosos buracos se enchem de barro e lama, misturados com muito lixo. Nas ruas principais, que ainda permitem circula\u00e7\u00e3o, transitam apenas carros grandes e fortes (tipo jipes e picapes) com tra\u00e7\u00e3o nas 4 rodas. S\u00e3o assim as ruas para chegar at\u00e9 nossa casa, na Estalagem. Quando chove, para andar nas ruas, s\u00f3 com bota de borracha de cano longo!<br \/>\nFelizmente chove menos na capital que no interior!<\/p>\n<p><strong>Muitas crian\u00e7as sem escola &#8211;<\/strong> A qualquer hora encontramos muitas crian\u00e7as brincando nas ruas. S\u00e3o mais de 100 mil crian\u00e7as ainda sem vagas nas escolas s\u00f3 na regi\u00e3o metropolitana de Luanda! Angola \u00e9 tamb\u00e9m o 2\u00ba pa\u00eds do mundo em mortalidade infantil!<\/p>\n<p>A Pastoral da Crian\u00e7a, juntamente com a rede de escolinhas e creches da Miss\u00e3o Franciscana, buscam dar resposta a este grave problema! O governo tamb\u00e9m est\u00e1 envidando esfor\u00e7os neste sentido.<\/p>\n<h5>Projetos sociais na Miss\u00e3o<\/h5>\n<div id=\"attachment_21497\" style=\"width: 304px\" class=\"wp-caption alignleft\"><img aria-describedby=\"caption-attachment-21497\" loading=\"lazy\" class=\"size-full wp-image-21497\" title=\"crianca\" src=\"http:\/\/franciscanos.org.br\/wp-content\/uploads\/2008\/10\/crianca.jpg\" alt=\"\" width=\"294\" height=\"221\" \/><p id=\"caption-attachment-21497\" class=\"wp-caption-text\">Crian\u00e7as em rua esburacada, defronte \u00e0 casa das Irm\u00e3s Franciscanas de Ingolstadt, no bairro Palanca. A \u00e1gua na rua \u00e9 do chafariz p\u00fablico, onde as pessoas v\u00eam buscar \u00e1gua.. Acima das crian\u00e7as vemos os gal\u00f5es (bid\u00f5es) amarelados, de 20 litros, muito utilizados para transportar \u00e1gua ou combust\u00edvel.<\/p><\/div>\n<p><strong>Franciscana &#8211;<\/strong> Fui transferido para Angola sobretudo para ajudar na organiza\u00e7\u00e3o dos trabalhos sociais. E nesta quest\u00e3o, as perspectivas s\u00e3o boas.<br \/>\n<strong>Trabalhos sociais em andamento &#8211;<\/strong> Temos uma rica variedade de projetos sociais em andamento na Miss\u00e3o Franciscana de Angola. Alguns conduzidos diretamente pelos Frades, outros por Irm\u00e3s (religiosas) de diversas Congrega\u00e7\u00f5es.<\/p>\n<p>Destacam-se a rede de escolinhas prim\u00e1rias, creches, postos de sa\u00fade, o Projeto Nossos Mi\u00fados (que acolhe crian\u00e7as abandonadas da periferia de Luanda, onde tamb\u00e9m funciona uma padaria profissionalizante e, em breve, tamb\u00e9m funcionar\u00e1 uma cooperativa de ex-internos).<\/p>\n<p>Temos ainda o Projeto dos Tratores (onde uma patrulha de tratores, administrados pelos frades, prepara a terra para os agricultores plantarem), o Projeto das Lavras (ro\u00e7as comunit\u00e1rias), que destina 40% da produ\u00e7\u00e3o para idosos e doentes, o Projeto de Produ\u00e7\u00e3o de hortali\u00e7as e outros&#8230;<\/p>\n<p><strong>Novos projetos em gesta\u00e7\u00e3o &#8211;<\/strong> Estamos adiantados na reforma da sala onde funcionar\u00e3o os Cursos de Inform\u00e1tica (Centro de Inclus\u00e3o Digital) no bairro da Estalagem, em Viana. Os computadores j\u00e1 est\u00e3o comprados, com ajuda da Missionszentrale, entidade de ajuda dos franciscanos da Alemanha.<\/p>\n<p>Gra\u00e7as \u00e0 credibilidade conquistada junto \u00e0 sociedade local, em breve os frades assumir\u00e3o, em parceria com o Governo local, o gerenciamento do Centro de Forma\u00e7\u00e3o Profissional do munic\u00edpio de Cangandala, na Prov\u00edncia de Malange. Ali teremos, inicialmente, cursos de agronomia, carpintaria, eletricista e pedreiro. Frei Ivair, que retornou recentemente a Angola, dever\u00e1 ser o respons\u00e1vel pelo gerenciamento deste centro profissionalizante.<\/p>\n<div id=\"attachment_21498\" style=\"width: 305px\" class=\"wp-caption alignright\"><img aria-describedby=\"caption-attachment-21498\" loading=\"lazy\" class=\"size-full wp-image-21498\" title=\"crianca2\" src=\"http:\/\/franciscanos.org.br\/wp-content\/uploads\/2008\/10\/crianca2.jpg\" alt=\"\" width=\"295\" height=\"222\" \/><p id=\"caption-attachment-21498\" class=\"wp-caption-text\">Crian\u00e7as estudam em escola destru\u00edda pela guerra. Esta escola j\u00e1 foi reformada pela nossa Miss\u00e3o. Na pr\u00f3xima mat\u00e9ria enviarei fotos da nova escola.<\/p><\/div>\n<p><strong>Projeto Ecol\u00f3gico &#8211;<\/strong> Estamos discutindo uma poss\u00edvel parceria com as Irm\u00e3s Catequistas Franciscanas para desenvolvermos, em conjunto, um ousado Projeto Ecol\u00f3gico no munic\u00edpio de Cazenga, aqui pr\u00f3ximo, o mais populoso da periferia de Luanda, com cerca de 1,5 milh\u00e3o de habitantes.<br \/>\nQueremos trabalhar diversos aspectos, sobretudo ligados \u00e0 quest\u00e3o do lixo, da reciclagem, da coleta seletiva e da gera\u00e7\u00e3o de renda. Para isso as Irm\u00e3s decidiram liberar tr\u00eas religiosas, todas qualificadas, j\u00e1 no in\u00edcio do ano que vem: Ir. S\u00edlvia, Ir. Sandra Regina e Ir. Enedir. Frei At\u00edlio Batisttuz, rec\u00e9m chegado do Brasil, tamb\u00e9m dever\u00e1 contribuir com sua larga experi\u00eancia de atua\u00e7\u00e3o na \u00e1rea ambiental.<\/p>\n<p>Em Angola ainda n\u00e3o existe, praticamente, nenhum trabalho na \u00e1rea da reciclagem. Da\u00ed cosiderarmos o projeto priorit\u00e1rio. Al\u00e9m de tirar boa parte do lixo das ruas e contribuir para a preserva\u00e7\u00e3o do meio ambiente, poder\u00e1 gerar renda para muitas fam\u00edlias que hoje n\u00e3o t\u00eam de onde tirar seu sustento (em uma pr\u00f3xima mat\u00e9ria daremos maiores informa\u00e7\u00f5es sobre este projeto).<\/p>\n<p>Acredito que a experi\u00eancia acumulada nos trabalhos do RECIFRAN (Servi\u00e7o Franciscano de Apoio \u00e0 reciclagem), onde trabalhamos juntos, Irm\u00e3 Enedir e eu, em muito dever\u00e1 nos servir nesta nova empreitada!<\/p>\n<div id=\"attachment_21501\" style=\"width: 305px\" class=\"wp-caption alignleft\"><img aria-describedby=\"caption-attachment-21501\" loading=\"lazy\" class=\"size-full wp-image-21501\" title=\"ki\" src=\"http:\/\/franciscanos.org.br\/wp-content\/uploads\/2008\/10\/ki.jpg\" alt=\"\" width=\"295\" height=\"221\" \/><p id=\"caption-attachment-21501\" class=\"wp-caption-text\">Senhoras (Mam\u00e1s) da comunidade de Kibala participam da festa, no espa\u00e7o onde ser\u00e1 o Refeit\u00f3rio do Semin\u00e1rio.<\/p><\/div>\n<p><strong>Necessidade de maior integra\u00e7\u00e3o \u2013<\/strong> Outros trabalhos sociais est\u00e3o sendo desenvolvidos, sobretudo pelas Irm\u00e3s, os quais ainda n\u00e3o cheguei a conhecer. Como podem ver, s\u00e3o muitos e bem diversificados e de grande relev\u00e2ncia os projetos sociais desenvolvidos em Angola pela Miss\u00e3o Franciscana (pelos Frades, pelas Irm\u00e3s e pelos Leigos Franciscanos (2),membros da OFS ou apenas simpatizantes de S\u00e3o Francisco). Contudo, na maioria dos casos os projetos est\u00e3o dispersos, isolados, necessitando de maior integra\u00e7\u00e3o. \u00c9 um desafio a ser superado para fortalecer e garantir a continuidade e mesmo a amplia\u00e7\u00e3o desta nova, bonita e necess\u00e1ria frente de evangeliza\u00e7\u00e3o mission\u00e1ria.<\/p>\n<p>Espero que, a exemplo do que ocorreu no Brasil com a cria\u00e7\u00e3o do SEFRAS, possamos aqui tamb\u00e9m criar uma rede, integrando todos os trabalhos sociais, de forma que possam ser apresentados \u00e0 Igreja e \u00e0 sociedade como Trabalho Social da Miss\u00e3o Franciscana (ou da Fam\u00edlia Franciscana) em Angola.<\/p>\n<p><strong>Visita a Kibala &#8211;<\/strong> Dia 30 de agosto participamos em Kibala, a 300 km de Luanda interior adentro, da inaugura\u00e7\u00e3o oficial (ere\u00e7\u00e3o can\u00f4nica) da Fraternidade Santo Ant\u00f4nio. \u00c9 uma regi\u00e3o muito bonita, cheia de pedras e montanhas. Frei Laerte de Farias dos Santos, Frei Valdir Nunes Ribeiro e o leigo franciscano, Sr. Ad\u00e1vio Afonso Ribeiro, da OFS, comp\u00f5em esta nova fraternidade, marcando o retorno dos frades a Kibala 10 anos ap\u00f3s terem sido obrigados a abandon\u00e1-la em consequ\u00eancia da guerra (3).<\/p>\n<div id=\"attachment_21496\" style=\"width: 305px\" class=\"wp-caption alignright\"><img aria-describedby=\"caption-attachment-21496\" loading=\"lazy\" class=\"size-full wp-image-21496\" title=\"celebracao\" src=\"http:\/\/franciscanos.org.br\/wp-content\/uploads\/2008\/10\/celebracao.jpg\" alt=\"\" width=\"295\" height=\"198\" \/><p id=\"caption-attachment-21496\" class=\"wp-caption-text\">Celebra\u00e7\u00e3o no Quimbo S\u00e3o Francisco, bosque-santu\u00e1rio junto \u00e0 casa dos frades no Palanca.<\/p><\/div>\n<p>O frades moram em uma casa improvisada, constru\u00edda a partir de dois contentores (containers). Al\u00e9m de atenderem um setor da Miss\u00e3o de Kibala, trabalham tamb\u00e9m para reconstruir, aos poucos, as instala\u00e7\u00f5es, totalmente depredadas neste tempo de abandono, fazendo tamb\u00e9m algumas amplia\u00e7\u00f5es. Isso porque ali dever\u00e1 funcionar, j\u00e1 no in\u00edcio de 2009, mesmo em instala\u00e7\u00f5es prec\u00e1rias, uma das etapas da forma\u00e7\u00e3o de novos frades angolanos (semin\u00e1rio), chamada Postulantado.<\/p>\n<p>A maior parte do terreno ao redor da casa est\u00e1 ainda cheio de minas terrestres, colocadas pelos militares que fizeram da antiga casa dos frades uma base militar no tempo da guerra. Assim, a circula\u00e7\u00e3o fica bastante restrita, n\u00e3o permitindo, por exemplo, que se fa\u00e7a um pomar ou alguma planta\u00e7\u00e3o maior. Para nossa alegria, Frei Laerte comunicou que ontem a ONG \u201cAjuda Popular da Noruega\u201d iniciou os trabalhos de desminagem do terreno.<\/p>\n<h5>Obras de reconstru\u00e7\u00e3o do pa\u00eds<\/h5>\n<div id=\"attachment_21500\" style=\"width: 304px\" class=\"wp-caption alignleft\"><img aria-describedby=\"caption-attachment-21500\" loading=\"lazy\" class=\"size-full wp-image-21500\" title=\"proj\" src=\"http:\/\/franciscanos.org.br\/wp-content\/uploads\/2008\/10\/proj.jpg\" alt=\"\" width=\"294\" height=\"221\" \/><p id=\"caption-attachment-21500\" class=\"wp-caption-text\">Rua do Bairro Palanca, ainda na \u00e9poca da seca<\/p><\/div>\n<p><strong>Obras de reconstru\u00e7\u00e3o do pa\u00eds &#8211;<\/strong> As dificuldades de infraestrutura, aos poucos, v\u00e3o sendo superadas. O pa\u00eds virou um grande canteiro de obras. Novas estradas, pontes, ferrovias, redes de energia el\u00e9trica, redes de \u00e1gua, escolas, hospitais, habita\u00e7\u00f5es, mercados, ind\u00fastrias&#8230; A economia cresce em ritmo acelerado&#8230;<\/p>\n<p>As elei\u00e7\u00f5es parlamentares do \u00faltimo dia 5 de setembro ajudaram a fortalecer o clima de democracia e a consolidar o novo tempo de paz. O progresso caminha a passos largos!<\/p>\n<p><strong>Sequelas da guerra &#8211;<\/strong> Contudo, ainda vai demorar para que sejam superados completamente o atraso, a destrui\u00e7\u00e3o e os traumas produzidos por 27 anos de guerra. S\u00e3o apenas 6 anos de paz! A guerra matou cerca de 1,5 milh\u00e3o e deslocou em torno de 4 milh\u00f5es de pessoas. Diversas estradas, pontes e pr\u00e9dios p\u00fablicos e particulares destru\u00eddos ainda n\u00e3o foram reconstru\u00eddos.<\/p>\n<p>Milh\u00f5es de minas terrestres no caminho da paz &#8211; H\u00e1 milhares de mutilados, v\u00edtimas de minas terrestres que explodiram ao serem pisadas. Milh\u00f5es de minas anti-pessoais e anti-tanque ainda est\u00e3o espalhadas pelo pa\u00eds, produzindo novas v\u00edtimas todos os dias.<\/p>\n<p>Muitas terras n\u00e3o podem ser plantadas porque s\u00e3o verdadeiros campos minados. Algumas fontes de \u00e1gua, caminhos importantes e muitos outros recursos continuam inacess\u00edveis pelo mesmo motivo. O turismo, que poderia ser uma grande fonte de renda para o pa\u00eds, tamb\u00e9m fica prejudicado. Ainda levar\u00e1 d\u00e9cadas para Angola se livrar completamente desta verdadeira maldi\u00e7\u00e3o que s\u00e3o as minas terrestres.<\/p>\n<div id=\"attachment_21502\" style=\"width: 305px\" class=\"wp-caption alignleft\"><img aria-describedby=\"caption-attachment-21502\" loading=\"lazy\" class=\"size-full wp-image-21502\" title=\"ce\" src=\"http:\/\/franciscanos.org.br\/wp-content\/uploads\/2008\/10\/ce.jpg\" alt=\"\" width=\"295\" height=\"221\" \/><p id=\"caption-attachment-21502\" class=\"wp-caption-text\">Cerim\u00f4nia de Inaugura\u00e7\u00e3o (ere\u00e7\u00e3o can\u00f4nica) defronte \u00e0 casa dos frades de Kibala<\/p><\/div>\n<p><strong>Gera\u00e7\u00e3o marcada pela guerra &#8211;<\/strong> O longo per\u00edodo de guerra deu origem a uma gera\u00e7\u00e3o que n\u00e3o teve acesso \u00e0 escola, \u00e0 sa\u00fade, ao trabalho, a uma vida normal e regrada. Quem tem hoje 35 anos ou menos de idade praticamente n\u00e3o conheceu a paz, a n\u00e3o ser nos \u00faltimos seis anos! Muitos viviam fugindo de um lado para o outro, deixando tudo para tr\u00e1s, tentando apenas preservar a vida!<\/p>\n<p>As maiores sequelas, contudo, est\u00e3o na alma, na mente e no cora\u00e7\u00e3o de in\u00fameras pessoas que presenciaram (ou que foram obrigadas a praticar) os horrores da guerra, que perderam todos os seus entes queridos, que tiveram suas vidas e suas fam\u00edlias violentadas&#8230; Ainda carregam dentro de si a l\u00f3gica da guerra., na qual foram criados.<\/p>\n<p>\u00c9 esta a realidade da maioria da popula\u00e7\u00e3o que vive nas periferias de Luanda e das principais cidades do pa\u00eds. Muitos ficam apavorados com qualquer estrondo mais forte, com avi\u00f5es e helic\u00f3pteros voando mais baixo que o normal&#8230;<\/p>\n<p>Para esta gera\u00e7\u00e3o \u00e9 dif\u00edcil conseguir emprego e nele perseverar. Enfrentam dificuldades tamb\u00e9m para conseguir outra forma de gera\u00e7\u00e3o de renda. Boa parte sobrevive do com\u00e9rcio informal.<\/p>\n<p><strong>Desemprego &#8211;<\/strong> A porcentagem de desempregados \u00e9 muito grande (as fontes falam de 25 at\u00e9 40 %). Diversos fatores contribuem para esta elevada taxa de desemprego. Entre eles est\u00e3o a falta de escolaridade e de qualifica\u00e7\u00e3o profissional dos jovens e adultos, aliada a sequelas e condicionametos causados pelo ambiente de guerra no qual foram criados.<\/p>\n<p>Contribuem tamb\u00e9m os acordos para a reconstru\u00e7\u00e3o do pa\u00eds, assinados com outros pa\u00edses (sobretudo com a China) que permitem a contrata\u00e7\u00e3o praticamente exclusiva de trabalhadores estrangeiros pelas empresas que aqui atuam nas obras de reconstru\u00e7\u00e3o, deixando \u00e0 margem desta oportunidade a maioria dos trabalhadores angolanos.<\/p>\n<p>&nbsp;<\/p>\n<div id=\"attachment_21504\" style=\"width: 305px\" class=\"wp-caption alignright\"><img aria-describedby=\"caption-attachment-21504\" loading=\"lazy\" class=\"size-full wp-image-21504\" title=\"nv\" src=\"http:\/\/franciscanos.org.br\/wp-content\/uploads\/2008\/10\/nv.jpg\" alt=\"\" width=\"295\" height=\"221\" \/><p id=\"caption-attachment-21504\" class=\"wp-caption-text\">Nova estrada pavimentada, ligando Luanda a Kibala.<\/p><\/div>\n<p><strong>Escassez e alto custo dos materiais &#8211;<\/strong> O grande n\u00famero de obras em andamento no pa\u00eds e a insuficiente produ\u00e7\u00e3o local provoca escassez de materiais de constru\u00e7\u00e3o, elevando seus pre\u00e7os. O mesmo acontece com a maioria dos produtos e servi\u00e7os no pa\u00eds, trazendo dificuldades para o povo e tamb\u00e9m para n\u00f3s, mission\u00e1rios.<\/p>\n<p>A manuten\u00e7\u00e3o das atividades da Miss\u00e3o, as obras de amplia\u00e7\u00e3o e melhoria das instala\u00e7\u00f5es, bem como a implanta\u00e7\u00e3o de novos projetos custam cada vez mais.<\/p>\n<p><strong>Temos muito a agradecer &#8211;<\/strong> Se temos muito a pedir, muito mais temos a agradecer! O povo angolano \u00e9 muito religioso, generoso, solid\u00e1rio, acolhedor&#8230; As celebra\u00e7\u00f5es s\u00e3o vivas, animadas, cheias de demonstra\u00e7\u00f5es de f\u00e9. As m\u00fasicas e cantos s\u00e3o , com muitas e animadas m\u00fasicas, a maioria nas l\u00edguas locais.<\/p>\n<p>Os corais populares, presentes em quase todas as celebra\u00e7\u00f5es, d\u00e3o um show de anima\u00e7\u00e3o, com cantos, instumentos, coreografias e dan\u00e7as rituais&#8230; Participam ativamente, com muito fervor. D\u00e1 gosto trabalhar com um povo assim!<\/p>\n<p>Com certeza \u00e9 gra\u00e7as \u00e0s ora\u00e7\u00f5es e ao efetivo apoio que recebemos de voc\u00eas, nossos benfeitores e amigos, de dentro e de fora do pa\u00eds, que podemos realizar tudo o que fazemos, com a gra\u00e7a de Deus!<\/p>\n<div id=\"attachment_21505\" style=\"width: 305px\" class=\"wp-caption alignleft\"><img aria-describedby=\"caption-attachment-21505\" loading=\"lazy\" class=\"size-full wp-image-21505\" title=\"pre\" src=\"http:\/\/franciscanos.org.br\/wp-content\/uploads\/2008\/10\/pre.jpg\" alt=\"\" width=\"295\" height=\"221\" \/><p id=\"caption-attachment-21505\" class=\"wp-caption-text\">Pr\u00e9dio da antiga Delegacia de Kibala, destru\u00eddo por bombardeios.<\/p><\/div>\n<p><strong>Outubro, m\u00eas mission\u00e1rio &#8211;<\/strong> Outubro \u00e9 o m\u00eas dedicado \u00e0s Miss\u00f5es! Dia 01 de outubro festejamos Santa Teresinha do Menino Jesus, padroeira das Miss\u00f5es. Dia 4 celebramos nosso padroeiro e fundador, S\u00e3o Francisco de Assis, grande mission\u00e1rio e evangelizador.<\/p>\n<p>Que eles intercedam a Deus por n\u00f3s, mission\u00e1rios e mission\u00e1rias, ajudando-nos na supera\u00e7\u00e3o de todas as dificuldades e desafios pr\u00f3prios da Miss\u00e3o. Deus nos ajude, ilumine e fortale\u00e7a para que sejamos todos, l\u00e1 onde estamos e atuamos, verdadeiros disc\u00edpulos e mission\u00e1rios, construtores do Seu Reino!<\/p>\n<p>Pe\u00e7o encarecidamente que sempre rezem por n\u00f3s, que estamos em terras mais distantes, para que nossa miss\u00e3o produza muitos e bons frutos.<\/p>\n<p><strong>Frei Andr\u00e9 Gurzynski, ofm<\/strong><br \/>\n<strong> Luanda, Angola, 10 de outubro de 2008.<\/strong><\/p>\n<hr \/>\n<h6><span style=\"color: #888888;\">(1)\u201cEm Angola a esta\u00e7\u00e3o seca, chamada \u00e9poca decacimbo, decorre oficialmente de 15 de Maio a 15 de Agosto. Mas varia de ano para ano e de regi\u00e3o para regi\u00e3o, sendo mais regular no interior\u201d. Na regi\u00e3o de Luanda, por exemplo, a seca pode se prolongar at\u00e9 meados de outubro. Felizmente o cacimbo coincide com o per\u00edodo de inverno, com temperaturas mais baixas, diminuindo os efeitos da seca. Fevereiro, mar\u00e7o e abril geralmente s\u00e3o os meses de chuvas mais intensas.<\/span><br \/>\n<span style=\"color: #888888;\">(2) Al\u00e9m de v\u00e1rias Congrega\u00e7\u00f5es de Irm\u00e3s, incentivamos tamb\u00e9m a vinda de Volunt\u00e1rios Leigos para nos ajudarem nos mais diversos trabalhos sociais e de evangeliza\u00e7\u00e3o da Miss\u00e3o Franciscana. J\u00e1 temos o Sr. Ad\u00e1vio A. Ribeiro, motorista profissional aposentado, que nos ajuda na fraternidade de Kibala, interior de Angola. D. Lurdinha, de S. Paulo, volunt\u00e1ria do SEFRAS por quase 10 anos, est\u00e1 aguardando seu Visto de Resid\u00eancia e dever\u00e1 ser a pr\u00f3xima leiga a vir nos ajudar. Maiores informa\u00e7\u00f5es sobre o Programa de Voluntariado Leigo para a Miss\u00e3o favor entrar em contato comigo pelo e-mail andregur@gmail.com.<\/span><br \/>\n<span style=\"color: #888888;\"> (3) Em 13\/11\/1998 Frei Valdir, que j\u00e1 morava em Kibala, levou um tiro de fuzil pelas costas, o que for\u00e7ou a sa\u00edda dos frades daquela cidade. Corajosamente ele retorna agora, 10 anos depois, para compor a nova fraternidade no mesmo local.<\/span><\/h6>\n<hr \/>\n<p>Sou Frei Andr\u00e9 Gurzynski, irm\u00e3o franciscano (OFM), da Prov\u00edncia Franciscana da Imaculada Concei\u00e7\u00e3o do Brasil. Cheguei a Angola no dia 17\/08\/2008, para trabalhar como mission\u00e1rio na FIMDA (Funda\u00e7\u00e3o Imaculada M\u00e3e de Deus de Angola). Aos poucos estou conhecendo as pessoas, o povo, a realidade, a hist\u00f3ria&#8230; e me adaptando. A espera pelo Visto de Resid\u00eancia foi longa (demorou um ano e meio) mas finalmente aqui estou, feliz por ter vindo para esta terra como mission\u00e1rio. Sinto-me realmente chamado por Deus para esta miss\u00e3o.<\/p>\n<\/div>\n","protected":false},"excerpt":{"rendered":"<p>Presen\u00e7a franciscana em Angola<\/p>\n","protected":false},"author":1,"featured_media":199268,"comment_status":"closed","ping_status":"closed","sticky":false,"template":"","format":"standard","meta":[],"categories":[1],"tags":[360],"acf":[],"yoast_head":"<!-- This site is optimized with the Yoast SEO plugin v19.2 - https:\/\/yoast.com\/wordpress\/plugins\/seo\/ -->\n<title>Primeiras impress\u00f5es de Angola - Not\u00edcias - Franciscanos<\/title>\n<meta name=\"robots\" content=\"index, follow, max-snippet:-1, max-image-preview:large, max-video-preview:-1\" \/>\n<link rel=\"canonical\" href=\"https:\/\/franciscanos.org.br\/noticias\/primeiras-noticias-e-impressoes-de-angola.html\" \/>\n<meta property=\"og:locale\" content=\"pt_BR\" \/>\n<meta property=\"og:type\" content=\"article\" \/>\n<meta property=\"og:title\" content=\"Primeiras impress\u00f5es de Angola - Not\u00edcias - Franciscanos\" \/>\n<meta property=\"og:description\" content=\"Presen\u00e7a franciscana em Angola\" \/>\n<meta property=\"og:url\" content=\"https:\/\/franciscanos.org.br\/noticias\/primeiras-noticias-e-impressoes-de-angola.html\" \/>\n<meta property=\"og:site_name\" content=\"Not\u00edcias - Franciscanos\" \/>\n<meta property=\"article:published_time\" content=\"2008-10-03T17:46:34+00:00\" \/>\n<meta property=\"article:modified_time\" content=\"2019-02-01T17:29:57+00:00\" \/>\n<meta property=\"og:image\" content=\"https:\/\/franciscanos.org.br\/noticias\/wp-content\/uploads\/2008\/10\/andre_d.jpg\" \/>\n\t<meta property=\"og:image:width\" content=\"273\" \/>\n\t<meta property=\"og:image:height\" content=\"181\" \/>\n\t<meta property=\"og:image:type\" content=\"image\/jpeg\" \/>\n<meta name=\"author\" content=\"admin\" \/>\n<meta name=\"twitter:card\" content=\"summary_large_image\" \/>\n<meta name=\"twitter:label1\" content=\"Escrito por\" \/>\n\t<meta name=\"twitter:data1\" content=\"admin\" \/>\n\t<meta name=\"twitter:label2\" content=\"Est. tempo de leitura\" \/>\n\t<meta name=\"twitter:data2\" content=\"16 minutos\" \/>\n<script type=\"application\/ld+json\" class=\"yoast-schema-graph\">{\"@context\":\"https:\/\/schema.org\",\"@graph\":[{\"@type\":\"WebSite\",\"@id\":\"https:\/\/franciscanos.org.br\/noticias\/#website\",\"url\":\"https:\/\/franciscanos.org.br\/noticias\/\",\"name\":\"Not\u00edcias - Franciscanos\",\"description\":\"Prov\u00edncia Franciscana da Imaculada Concei\u00e7\u00e3o do Brasil - Ordem dos Frades Menores - OFM\",\"potentialAction\":[{\"@type\":\"SearchAction\",\"target\":{\"@type\":\"EntryPoint\",\"urlTemplate\":\"https:\/\/franciscanos.org.br\/noticias\/?s={search_term_string}\"},\"query-input\":\"required name=search_term_string\"}],\"inLanguage\":\"pt-BR\"},{\"@type\":\"ImageObject\",\"inLanguage\":\"pt-BR\",\"@id\":\"https:\/\/franciscanos.org.br\/noticias\/primeiras-noticias-e-impressoes-de-angola.html#primaryimage\",\"url\":\"https:\/\/franciscanos.org.br\/noticias\/wp-content\/uploads\/2008\/10\/andre_d.jpg\",\"contentUrl\":\"https:\/\/franciscanos.org.br\/noticias\/wp-content\/uploads\/2008\/10\/andre_d.jpg\",\"width\":273,\"height\":181,\"caption\":\"OLYMPUS DIGITAL CAMERA\"},{\"@type\":\"WebPage\",\"@id\":\"https:\/\/franciscanos.org.br\/noticias\/primeiras-noticias-e-impressoes-de-angola.html#webpage\",\"url\":\"https:\/\/franciscanos.org.br\/noticias\/primeiras-noticias-e-impressoes-de-angola.html\",\"name\":\"Primeiras impress\u00f5es de Angola - Not\u00edcias - Franciscanos\",\"isPartOf\":{\"@id\":\"https:\/\/franciscanos.org.br\/noticias\/#website\"},\"primaryImageOfPage\":{\"@id\":\"https:\/\/franciscanos.org.br\/noticias\/primeiras-noticias-e-impressoes-de-angola.html#primaryimage\"},\"datePublished\":\"2008-10-03T17:46:34+00:00\",\"dateModified\":\"2019-02-01T17:29:57+00:00\",\"author\":{\"@id\":\"https:\/\/franciscanos.org.br\/noticias\/#\/schema\/person\/b38fbf43118f02820bd932f2e4b14ad3\"},\"breadcrumb\":{\"@id\":\"https:\/\/franciscanos.org.br\/noticias\/primeiras-noticias-e-impressoes-de-angola.html#breadcrumb\"},\"inLanguage\":\"pt-BR\",\"potentialAction\":[{\"@type\":\"ReadAction\",\"target\":[\"https:\/\/franciscanos.org.br\/noticias\/primeiras-noticias-e-impressoes-de-angola.html\"]}]},{\"@type\":\"BreadcrumbList\",\"@id\":\"https:\/\/franciscanos.org.br\/noticias\/primeiras-noticias-e-impressoes-de-angola.html#breadcrumb\",\"itemListElement\":[{\"@type\":\"ListItem\",\"position\":1,\"name\":\"Home\",\"item\":\"https:\/\/franciscanos.org.br\/noticias\"},{\"@type\":\"ListItem\",\"position\":2,\"name\":\"Primeiras impress\u00f5es de Angola\"}]},{\"@type\":\"Person\",\"@id\":\"https:\/\/franciscanos.org.br\/noticias\/#\/schema\/person\/b38fbf43118f02820bd932f2e4b14ad3\",\"name\":\"admin\",\"image\":{\"@type\":\"ImageObject\",\"inLanguage\":\"pt-BR\",\"@id\":\"https:\/\/franciscanos.org.br\/noticias\/#\/schema\/person\/image\/\",\"url\":\"https:\/\/secure.gravatar.com\/avatar\/e8495742d34d0ba6448ea1c628263b3e?s=96&d=mm&r=g\",\"contentUrl\":\"https:\/\/secure.gravatar.com\/avatar\/e8495742d34d0ba6448ea1c628263b3e?s=96&d=mm&r=g\",\"caption\":\"admin\"},\"url\":\"https:\/\/franciscanos.org.br\/noticias\/author\/admin\"}]}<\/script>\n<!-- \/ Yoast SEO plugin. -->","yoast_head_json":{"title":"Primeiras impress\u00f5es de Angola - Not\u00edcias - Franciscanos","robots":{"index":"index","follow":"follow","max-snippet":"max-snippet:-1","max-image-preview":"max-image-preview:large","max-video-preview":"max-video-preview:-1"},"canonical":"https:\/\/franciscanos.org.br\/noticias\/primeiras-noticias-e-impressoes-de-angola.html","og_locale":"pt_BR","og_type":"article","og_title":"Primeiras impress\u00f5es de Angola - Not\u00edcias - Franciscanos","og_description":"Presen\u00e7a franciscana em Angola","og_url":"https:\/\/franciscanos.org.br\/noticias\/primeiras-noticias-e-impressoes-de-angola.html","og_site_name":"Not\u00edcias - Franciscanos","article_published_time":"2008-10-03T17:46:34+00:00","article_modified_time":"2019-02-01T17:29:57+00:00","og_image":[{"width":273,"height":181,"url":"https:\/\/franciscanos.org.br\/noticias\/wp-content\/uploads\/2008\/10\/andre_d.jpg","type":"image\/jpeg"}],"author":"admin","twitter_card":"summary_large_image","twitter_misc":{"Escrito por":"admin","Est. tempo de leitura":"16 minutos"},"schema":{"@context":"https:\/\/schema.org","@graph":[{"@type":"WebSite","@id":"https:\/\/franciscanos.org.br\/noticias\/#website","url":"https:\/\/franciscanos.org.br\/noticias\/","name":"Not\u00edcias - Franciscanos","description":"Prov\u00edncia Franciscana da Imaculada Concei\u00e7\u00e3o do Brasil - Ordem dos Frades Menores - OFM","potentialAction":[{"@type":"SearchAction","target":{"@type":"EntryPoint","urlTemplate":"https:\/\/franciscanos.org.br\/noticias\/?s={search_term_string}"},"query-input":"required name=search_term_string"}],"inLanguage":"pt-BR"},{"@type":"ImageObject","inLanguage":"pt-BR","@id":"https:\/\/franciscanos.org.br\/noticias\/primeiras-noticias-e-impressoes-de-angola.html#primaryimage","url":"https:\/\/franciscanos.org.br\/noticias\/wp-content\/uploads\/2008\/10\/andre_d.jpg","contentUrl":"https:\/\/franciscanos.org.br\/noticias\/wp-content\/uploads\/2008\/10\/andre_d.jpg","width":273,"height":181,"caption":"OLYMPUS DIGITAL CAMERA"},{"@type":"WebPage","@id":"https:\/\/franciscanos.org.br\/noticias\/primeiras-noticias-e-impressoes-de-angola.html#webpage","url":"https:\/\/franciscanos.org.br\/noticias\/primeiras-noticias-e-impressoes-de-angola.html","name":"Primeiras impress\u00f5es de Angola - Not\u00edcias - Franciscanos","isPartOf":{"@id":"https:\/\/franciscanos.org.br\/noticias\/#website"},"primaryImageOfPage":{"@id":"https:\/\/franciscanos.org.br\/noticias\/primeiras-noticias-e-impressoes-de-angola.html#primaryimage"},"datePublished":"2008-10-03T17:46:34+00:00","dateModified":"2019-02-01T17:29:57+00:00","author":{"@id":"https:\/\/franciscanos.org.br\/noticias\/#\/schema\/person\/b38fbf43118f02820bd932f2e4b14ad3"},"breadcrumb":{"@id":"https:\/\/franciscanos.org.br\/noticias\/primeiras-noticias-e-impressoes-de-angola.html#breadcrumb"},"inLanguage":"pt-BR","potentialAction":[{"@type":"ReadAction","target":["https:\/\/franciscanos.org.br\/noticias\/primeiras-noticias-e-impressoes-de-angola.html"]}]},{"@type":"BreadcrumbList","@id":"https:\/\/franciscanos.org.br\/noticias\/primeiras-noticias-e-impressoes-de-angola.html#breadcrumb","itemListElement":[{"@type":"ListItem","position":1,"name":"Home","item":"https:\/\/franciscanos.org.br\/noticias"},{"@type":"ListItem","position":2,"name":"Primeiras impress\u00f5es de Angola"}]},{"@type":"Person","@id":"https:\/\/franciscanos.org.br\/noticias\/#\/schema\/person\/b38fbf43118f02820bd932f2e4b14ad3","name":"admin","image":{"@type":"ImageObject","inLanguage":"pt-BR","@id":"https:\/\/franciscanos.org.br\/noticias\/#\/schema\/person\/image\/","url":"https:\/\/secure.gravatar.com\/avatar\/e8495742d34d0ba6448ea1c628263b3e?s=96&d=mm&r=g","contentUrl":"https:\/\/secure.gravatar.com\/avatar\/e8495742d34d0ba6448ea1c628263b3e?s=96&d=mm&r=g","caption":"admin"},"url":"https:\/\/franciscanos.org.br\/noticias\/author\/admin"}]}},"_links":{"self":[{"href":"https:\/\/franciscanos.org.br\/noticias\/wp-json\/wp\/v2\/posts\/21484"}],"collection":[{"href":"https:\/\/franciscanos.org.br\/noticias\/wp-json\/wp\/v2\/posts"}],"about":[{"href":"https:\/\/franciscanos.org.br\/noticias\/wp-json\/wp\/v2\/types\/post"}],"author":[{"embeddable":true,"href":"https:\/\/franciscanos.org.br\/noticias\/wp-json\/wp\/v2\/users\/1"}],"replies":[{"embeddable":true,"href":"https:\/\/franciscanos.org.br\/noticias\/wp-json\/wp\/v2\/comments?post=21484"}],"version-history":[{"count":0,"href":"https:\/\/franciscanos.org.br\/noticias\/wp-json\/wp\/v2\/posts\/21484\/revisions"}],"wp:featuredmedia":[{"embeddable":true,"href":"https:\/\/franciscanos.org.br\/noticias\/wp-json\/wp\/v2\/media\/199268"}],"wp:attachment":[{"href":"https:\/\/franciscanos.org.br\/noticias\/wp-json\/wp\/v2\/media?parent=21484"}],"wp:term":[{"taxonomy":"category","embeddable":true,"href":"https:\/\/franciscanos.org.br\/noticias\/wp-json\/wp\/v2\/categories?post=21484"},{"taxonomy":"post_tag","embeddable":true,"href":"https:\/\/franciscanos.org.br\/noticias\/wp-json\/wp\/v2\/tags?post=21484"}],"curies":[{"name":"wp","href":"https:\/\/api.w.org\/{rel}","templated":true}]}}