{"id":21480,"date":"2008-08-05T14:41:21","date_gmt":"2008-08-05T17:41:21","guid":{"rendered":"http:\/\/new.franciscanos.org.br\/?p=21480"},"modified":"2019-02-01T14:46:45","modified_gmt":"2019-02-01T16:46:45","slug":"ordem-franciscana-reconhece-a-fundacao-imaculada-mae-de-deus-de-angola","status":"publish","type":"post","link":"https:\/\/franciscanos.org.br\/noticias\/ordem-franciscana-reconhece-a-fundacao-imaculada-mae-de-deus-de-angola.html","title":{"rendered":"Ordem Franciscana reconhece a Funda\u00e7\u00e3o Imaculada M\u00e3e de Deus de Angola"},"content":{"rendered":"<p><img loading=\"lazy\" class=\"alignnone size-full wp-image-199253\" src=\"https:\/\/franciscanos.org.br\/noticias\/wp-content\/uploads\/2008\/08\/angola_0102.jpg\" alt=\"\" width=\"890\" height=\"668\" srcset=\"https:\/\/franciscanos.org.br\/noticias\/wp-content\/uploads\/2008\/08\/angola_0102.jpg 890w, https:\/\/franciscanos.org.br\/noticias\/wp-content\/uploads\/2008\/08\/angola_0102-450x338.jpg 450w, https:\/\/franciscanos.org.br\/noticias\/wp-content\/uploads\/2008\/08\/angola_0102-768x576.jpg 768w, https:\/\/franciscanos.org.br\/noticias\/wp-content\/uploads\/2008\/08\/angola_0102-150x113.jpg 150w\" sizes=\"(max-width: 890px) 100vw, 890px\" \/><br \/>\n<strong><a href=\"http:\/\/franciscanos.org.br\/wp-content\/uploads\/2012\/08\/2919_030812.jpg\"><img loading=\"lazy\" class=\"alignright size-full wp-image-21482\" title=\"2919_030812\" src=\"http:\/\/franciscanos.org.br\/wp-content\/uploads\/2012\/08\/2919_030812.jpg\" alt=\"\" width=\"350\" height=\"541\" \/><\/a><\/strong><\/p>\n<p><strong>Por Moacir Beggo<\/strong><\/p>\n<p>A Prov\u00edncia Franciscana da Imaculada Concei\u00e7\u00e3o do Brasil viveu nesta segunda-feira, dia 4 de agosto, um dia hist\u00f3rico ao receber da C\u00faria Geral o Decreto do Ministro Geral da Ordem dos Frades Menores, Frei Jos\u00e9 Rodr\u00edguez Carballo, reconhecendo a Funda\u00e7\u00e3o Imaculada M\u00e3e de Deus de Angola.<\/p>\n<p>O documento faz refer\u00eancia \u00e0 peti\u00e7\u00e3o do Ministro Provincial Frei Augusto Koenig, junto com o seu Definit\u00f3rio, que foi enviada \u00e0 C\u00faria Geral no dia 1\u00ba de maio \u00faltimo. Com as assinaturas do Ministro Geral e seu secret\u00e1rio Frei Ernesto Siekierka, o documento traz o carimbo da Ordem dos Frades Menores e o seguinte texto: \u201cErijo a Funda\u00e7\u00e3o Imaculada M\u00e3e de Deus de Angola dependente da Prov\u00edncia Franciscana da Imaculada Concei\u00e7\u00e3o do Brasil e, \u00e0 norma do Art. 122 Par\u00e1grafo 1\u00ba dos Estatutos Gerais, aprovo os seus Estatutos pr\u00f3prios segundo o texto que se conserva no Arquivo da C\u00faria Geral, Prot 096964\/042-06. Sem que obste nada contra o disposto. Dado na C\u00faria Geral da Ordem dos Frades Menores, no dia 3 de julho de 2006, Festa de S\u00e3o Tom\u00e9 Ap\u00f3stolo\u201d.<\/p>\n<p>Para Frei Augusto, foi um momento de muita alegria receber a carta da C\u00faria Geral com o decreto de reconhecimento. \u201cRecebemos de Roma, da C\u00faria Geral dos Frades Menores, um decreto onde se reconhece as Miss\u00f5es de Angola como sendo uma Funda\u00e7\u00e3o e, sendo uma funda\u00e7\u00e3o, ela entra na constela\u00e7\u00e3o das organiza\u00e7\u00f5es franciscanas mundiais\u201d, explicou o Ministro Provincial. \u201cEla \u00e9 constitu\u00edda como Funda\u00e7\u00e3o dependente da nossa Prov\u00edncia da Imaculada Concei\u00e7\u00e3o do Brasil, dependente porque as tramita\u00e7\u00f5es, os frades e a manuten\u00e7\u00e3o ainda s\u00e3o feitas pela Prov\u00edncia e por nossos benfeitores\u201d, acrescentou.<\/p>\n<p>Segundo o Provincial, depois de se tornar funda\u00e7\u00e3o, ela pode passar a cust\u00f3dia at\u00e9 ser elevada \u00e0 condi\u00e7\u00e3o de prov\u00edncia, quando se torna independente. \u201cQue \u00e9 o que a gente espera que aconte\u00e7a com o passar dos anos\u201d, torce Frei Augusto.<\/p>\n<p>O Provincial explica que este decreto tem uma validade permanente enquanto as circunst\u00e2ncias da Miss\u00e3o perdurarem. \u201cAo mesmo tempo foi reconhecido o Estatuto da Miss\u00e3o, que foi elaborado por todos os frades da Miss\u00e3o, sob a orienta\u00e7\u00e3o do canon\u00edsta Frei Sebasti\u00e3o Kremer\u201d, disse. Este Estatuto foi analisado pelo Definit\u00f3rio da Prov\u00edncia, que nomeou uma Comiss\u00e3o para estud\u00e1-lo e, s\u00f3 depois deste processo e de quatro revis\u00f5es feitas por Frei Agostinho Piccolo, foi enviado para a C\u00faria Geral.<\/p>\n<p>Segundo Frei Augusto, entre outros benef\u00edcios, este documento possibilita \u00e0 Funda\u00e7\u00e3o ter algumas autonomias, como abrir uma conta banc\u00e1ria ou receber ajuda diretamente de outras institui\u00e7\u00f5es.<\/p>\n<p>\u201cSem d\u00favida temos de agradecer profundamente ao Ministro Geral, Frei Jos\u00e9 Rodr\u00edguez Carballo, e seu Definit\u00f3rio pela considera\u00e7\u00e3o que tiveram para com o nosso pedido e pela aceita\u00e7\u00e3o da Funda\u00e7\u00e3o Imaculada M\u00e3e de Deus de Angola\u201d, completou Frei Augusto.<\/p>\n<p>O Ministro Provincial retornou de Angola recentemente, onde permaneceu durante quinze dias (de 15 a 30 de junho), per\u00edodo em que presidiu a Assembl\u00e9ia Anual da Funda\u00e7\u00e3o Franciscana Imaculada M\u00e3e de Deus.<\/p>\n<p>O trabalho mission\u00e1rio da Prov\u00edncia da Imaculada Concei\u00e7\u00e3o come\u00e7ou em Angola em 1990, quando enviou para Luanda os seus primeiros mission\u00e1rios.<\/p>\n","protected":false},"excerpt":{"rendered":"<p>Miss\u00e3o em Angola<\/p>\n","protected":false},"author":1,"featured_media":199254,"comment_status":"closed","ping_status":"closed","sticky":false,"template":"","format":"standard","meta":[],"categories":[1],"tags":[361],"acf":[],"yoast_head":"<!-- This site is optimized with the Yoast SEO plugin v19.2 - https:\/\/yoast.com\/wordpress\/plugins\/seo\/ -->\n<title>Ordem Franciscana reconhece a Funda\u00e7\u00e3o Imaculada M\u00e3e de Deus de Angola - Not\u00edcias - Franciscanos<\/title>\n<meta name=\"robots\" content=\"index, follow, max-snippet:-1, max-image-preview:large, max-video-preview:-1\" \/>\n<link rel=\"canonical\" href=\"https:\/\/franciscanos.org.br\/noticias\/ordem-franciscana-reconhece-a-fundacao-imaculada-mae-de-deus-de-angola.html\" \/>\n<meta property=\"og:locale\" content=\"pt_BR\" \/>\n<meta property=\"og:type\" content=\"article\" \/>\n<meta property=\"og:title\" content=\"Ordem Franciscana reconhece a Funda\u00e7\u00e3o Imaculada M\u00e3e de Deus de Angola - Not\u00edcias - Franciscanos\" \/>\n<meta property=\"og:description\" content=\"Miss\u00e3o em Angola\" \/>\n<meta property=\"og:url\" content=\"https:\/\/franciscanos.org.br\/noticias\/ordem-franciscana-reconhece-a-fundacao-imaculada-mae-de-deus-de-angola.html\" \/>\n<meta property=\"og:site_name\" content=\"Not\u00edcias - Franciscanos\" \/>\n<meta property=\"article:published_time\" content=\"2008-08-05T17:41:21+00:00\" \/>\n<meta property=\"article:modified_time\" content=\"2019-02-01T16:46:45+00:00\" \/>\n<meta property=\"og:image\" content=\"https:\/\/franciscanos.org.br\/noticias\/wp-content\/uploads\/2008\/08\/angola_0102d.jpg\" \/>\n\t<meta property=\"og:image:width\" content=\"273\" \/>\n\t<meta property=\"og:image:height\" content=\"181\" \/>\n\t<meta property=\"og:image:type\" content=\"image\/jpeg\" \/>\n<meta name=\"author\" content=\"admin\" \/>\n<meta name=\"twitter:card\" content=\"summary_large_image\" \/>\n<meta name=\"twitter:label1\" content=\"Escrito por\" \/>\n\t<meta name=\"twitter:data1\" content=\"admin\" \/>\n\t<meta name=\"twitter:label2\" content=\"Est. tempo de leitura\" \/>\n\t<meta name=\"twitter:data2\" content=\"3 minutos\" \/>\n<script type=\"application\/ld+json\" class=\"yoast-schema-graph\">{\"@context\":\"https:\/\/schema.org\",\"@graph\":[{\"@type\":\"WebSite\",\"@id\":\"https:\/\/franciscanos.org.br\/noticias\/#website\",\"url\":\"https:\/\/franciscanos.org.br\/noticias\/\",\"name\":\"Not\u00edcias - Franciscanos\",\"description\":\"Prov\u00edncia Franciscana da Imaculada Concei\u00e7\u00e3o do Brasil - Ordem dos Frades Menores - OFM\",\"potentialAction\":[{\"@type\":\"SearchAction\",\"target\":{\"@type\":\"EntryPoint\",\"urlTemplate\":\"https:\/\/franciscanos.org.br\/noticias\/?s={search_term_string}\"},\"query-input\":\"required name=search_term_string\"}],\"inLanguage\":\"pt-BR\"},{\"@type\":\"ImageObject\",\"inLanguage\":\"pt-BR\",\"@id\":\"https:\/\/franciscanos.org.br\/noticias\/ordem-franciscana-reconhece-a-fundacao-imaculada-mae-de-deus-de-angola.html#primaryimage\",\"url\":\"https:\/\/franciscanos.org.br\/noticias\/wp-content\/uploads\/2008\/08\/angola_0102d.jpg\",\"contentUrl\":\"https:\/\/franciscanos.org.br\/noticias\/wp-content\/uploads\/2008\/08\/angola_0102d.jpg\",\"width\":273,\"height\":181},{\"@type\":\"WebPage\",\"@id\":\"https:\/\/franciscanos.org.br\/noticias\/ordem-franciscana-reconhece-a-fundacao-imaculada-mae-de-deus-de-angola.html#webpage\",\"url\":\"https:\/\/franciscanos.org.br\/noticias\/ordem-franciscana-reconhece-a-fundacao-imaculada-mae-de-deus-de-angola.html\",\"name\":\"Ordem Franciscana reconhece a Funda\u00e7\u00e3o Imaculada M\u00e3e de Deus de Angola - Not\u00edcias - Franciscanos\",\"isPartOf\":{\"@id\":\"https:\/\/franciscanos.org.br\/noticias\/#website\"},\"primaryImageOfPage\":{\"@id\":\"https:\/\/franciscanos.org.br\/noticias\/ordem-franciscana-reconhece-a-fundacao-imaculada-mae-de-deus-de-angola.html#primaryimage\"},\"datePublished\":\"2008-08-05T17:41:21+00:00\",\"dateModified\":\"2019-02-01T16:46:45+00:00\",\"author\":{\"@id\":\"https:\/\/franciscanos.org.br\/noticias\/#\/schema\/person\/b38fbf43118f02820bd932f2e4b14ad3\"},\"breadcrumb\":{\"@id\":\"https:\/\/franciscanos.org.br\/noticias\/ordem-franciscana-reconhece-a-fundacao-imaculada-mae-de-deus-de-angola.html#breadcrumb\"},\"inLanguage\":\"pt-BR\",\"potentialAction\":[{\"@type\":\"ReadAction\",\"target\":[\"https:\/\/franciscanos.org.br\/noticias\/ordem-franciscana-reconhece-a-fundacao-imaculada-mae-de-deus-de-angola.html\"]}]},{\"@type\":\"BreadcrumbList\",\"@id\":\"https:\/\/franciscanos.org.br\/noticias\/ordem-franciscana-reconhece-a-fundacao-imaculada-mae-de-deus-de-angola.html#breadcrumb\",\"itemListElement\":[{\"@type\":\"ListItem\",\"position\":1,\"name\":\"Home\",\"item\":\"https:\/\/franciscanos.org.br\/noticias\"},{\"@type\":\"ListItem\",\"position\":2,\"name\":\"Ordem Franciscana reconhece a Funda\u00e7\u00e3o Imaculada M\u00e3e de Deus de Angola\"}]},{\"@type\":\"Person\",\"@id\":\"https:\/\/franciscanos.org.br\/noticias\/#\/schema\/person\/b38fbf43118f02820bd932f2e4b14ad3\",\"name\":\"admin\",\"image\":{\"@type\":\"ImageObject\",\"inLanguage\":\"pt-BR\",\"@id\":\"https:\/\/franciscanos.org.br\/noticias\/#\/schema\/person\/image\/\",\"url\":\"https:\/\/secure.gravatar.com\/avatar\/e8495742d34d0ba6448ea1c628263b3e?s=96&d=mm&r=g\",\"contentUrl\":\"https:\/\/secure.gravatar.com\/avatar\/e8495742d34d0ba6448ea1c628263b3e?s=96&d=mm&r=g\",\"caption\":\"admin\"},\"url\":\"https:\/\/franciscanos.org.br\/noticias\/author\/admin\"}]}<\/script>\n<!-- \/ Yoast SEO plugin. -->","yoast_head_json":{"title":"Ordem Franciscana reconhece a Funda\u00e7\u00e3o Imaculada M\u00e3e de Deus de Angola - Not\u00edcias - Franciscanos","robots":{"index":"index","follow":"follow","max-snippet":"max-snippet:-1","max-image-preview":"max-image-preview:large","max-video-preview":"max-video-preview:-1"},"canonical":"https:\/\/franciscanos.org.br\/noticias\/ordem-franciscana-reconhece-a-fundacao-imaculada-mae-de-deus-de-angola.html","og_locale":"pt_BR","og_type":"article","og_title":"Ordem Franciscana reconhece a Funda\u00e7\u00e3o Imaculada M\u00e3e de Deus de Angola - Not\u00edcias - Franciscanos","og_description":"Miss\u00e3o em Angola","og_url":"https:\/\/franciscanos.org.br\/noticias\/ordem-franciscana-reconhece-a-fundacao-imaculada-mae-de-deus-de-angola.html","og_site_name":"Not\u00edcias - Franciscanos","article_published_time":"2008-08-05T17:41:21+00:00","article_modified_time":"2019-02-01T16:46:45+00:00","og_image":[{"width":273,"height":181,"url":"https:\/\/franciscanos.org.br\/noticias\/wp-content\/uploads\/2008\/08\/angola_0102d.jpg","type":"image\/jpeg"}],"author":"admin","twitter_card":"summary_large_image","twitter_misc":{"Escrito por":"admin","Est. tempo de leitura":"3 minutos"},"schema":{"@context":"https:\/\/schema.org","@graph":[{"@type":"WebSite","@id":"https:\/\/franciscanos.org.br\/noticias\/#website","url":"https:\/\/franciscanos.org.br\/noticias\/","name":"Not\u00edcias - Franciscanos","description":"Prov\u00edncia Franciscana da Imaculada Concei\u00e7\u00e3o do Brasil - Ordem dos Frades Menores - OFM","potentialAction":[{"@type":"SearchAction","target":{"@type":"EntryPoint","urlTemplate":"https:\/\/franciscanos.org.br\/noticias\/?s={search_term_string}"},"query-input":"required name=search_term_string"}],"inLanguage":"pt-BR"},{"@type":"ImageObject","inLanguage":"pt-BR","@id":"https:\/\/franciscanos.org.br\/noticias\/ordem-franciscana-reconhece-a-fundacao-imaculada-mae-de-deus-de-angola.html#primaryimage","url":"https:\/\/franciscanos.org.br\/noticias\/wp-content\/uploads\/2008\/08\/angola_0102d.jpg","contentUrl":"https:\/\/franciscanos.org.br\/noticias\/wp-content\/uploads\/2008\/08\/angola_0102d.jpg","width":273,"height":181},{"@type":"WebPage","@id":"https:\/\/franciscanos.org.br\/noticias\/ordem-franciscana-reconhece-a-fundacao-imaculada-mae-de-deus-de-angola.html#webpage","url":"https:\/\/franciscanos.org.br\/noticias\/ordem-franciscana-reconhece-a-fundacao-imaculada-mae-de-deus-de-angola.html","name":"Ordem Franciscana reconhece a Funda\u00e7\u00e3o Imaculada M\u00e3e de Deus de Angola - Not\u00edcias - Franciscanos","isPartOf":{"@id":"https:\/\/franciscanos.org.br\/noticias\/#website"},"primaryImageOfPage":{"@id":"https:\/\/franciscanos.org.br\/noticias\/ordem-franciscana-reconhece-a-fundacao-imaculada-mae-de-deus-de-angola.html#primaryimage"},"datePublished":"2008-08-05T17:41:21+00:00","dateModified":"2019-02-01T16:46:45+00:00","author":{"@id":"https:\/\/franciscanos.org.br\/noticias\/#\/schema\/person\/b38fbf43118f02820bd932f2e4b14ad3"},"breadcrumb":{"@id":"https:\/\/franciscanos.org.br\/noticias\/ordem-franciscana-reconhece-a-fundacao-imaculada-mae-de-deus-de-angola.html#breadcrumb"},"inLanguage":"pt-BR","potentialAction":[{"@type":"ReadAction","target":["https:\/\/franciscanos.org.br\/noticias\/ordem-franciscana-reconhece-a-fundacao-imaculada-mae-de-deus-de-angola.html"]}]},{"@type":"BreadcrumbList","@id":"https:\/\/franciscanos.org.br\/noticias\/ordem-franciscana-reconhece-a-fundacao-imaculada-mae-de-deus-de-angola.html#breadcrumb","itemListElement":[{"@type":"ListItem","position":1,"name":"Home","item":"https:\/\/franciscanos.org.br\/noticias"},{"@type":"ListItem","position":2,"name":"Ordem Franciscana reconhece a Funda\u00e7\u00e3o Imaculada M\u00e3e de Deus de Angola"}]},{"@type":"Person","@id":"https:\/\/franciscanos.org.br\/noticias\/#\/schema\/person\/b38fbf43118f02820bd932f2e4b14ad3","name":"admin","image":{"@type":"ImageObject","inLanguage":"pt-BR","@id":"https:\/\/franciscanos.org.br\/noticias\/#\/schema\/person\/image\/","url":"https:\/\/secure.gravatar.com\/avatar\/e8495742d34d0ba6448ea1c628263b3e?s=96&d=mm&r=g","contentUrl":"https:\/\/secure.gravatar.com\/avatar\/e8495742d34d0ba6448ea1c628263b3e?s=96&d=mm&r=g","caption":"admin"},"url":"https:\/\/franciscanos.org.br\/noticias\/author\/admin"}]}},"_links":{"self":[{"href":"https:\/\/franciscanos.org.br\/noticias\/wp-json\/wp\/v2\/posts\/21480"}],"collection":[{"href":"https:\/\/franciscanos.org.br\/noticias\/wp-json\/wp\/v2\/posts"}],"about":[{"href":"https:\/\/franciscanos.org.br\/noticias\/wp-json\/wp\/v2\/types\/post"}],"author":[{"embeddable":true,"href":"https:\/\/franciscanos.org.br\/noticias\/wp-json\/wp\/v2\/users\/1"}],"replies":[{"embeddable":true,"href":"https:\/\/franciscanos.org.br\/noticias\/wp-json\/wp\/v2\/comments?post=21480"}],"version-history":[{"count":1,"href":"https:\/\/franciscanos.org.br\/noticias\/wp-json\/wp\/v2\/posts\/21480\/revisions"}],"predecessor-version":[{"id":235934,"href":"https:\/\/franciscanos.org.br\/noticias\/wp-json\/wp\/v2\/posts\/21480\/revisions\/235934"}],"wp:featuredmedia":[{"embeddable":true,"href":"https:\/\/franciscanos.org.br\/noticias\/wp-json\/wp\/v2\/media\/199254"}],"wp:attachment":[{"href":"https:\/\/franciscanos.org.br\/noticias\/wp-json\/wp\/v2\/media?parent=21480"}],"wp:term":[{"taxonomy":"category","embeddable":true,"href":"https:\/\/franciscanos.org.br\/noticias\/wp-json\/wp\/v2\/categories?post=21480"},{"taxonomy":"post_tag","embeddable":true,"href":"https:\/\/franciscanos.org.br\/noticias\/wp-json\/wp\/v2\/tags?post=21480"}],"curies":[{"name":"wp","href":"https:\/\/api.w.org\/{rel}","templated":true}]}}