{"id":214693,"date":"2019-12-08T18:49:15","date_gmt":"2019-12-08T21:49:15","guid":{"rendered":"https:\/\/franciscanos.org.br\/noticias\/?p=214693"},"modified":"2020-06-06T08:05:13","modified_gmt":"2020-06-06T11:05:13","slug":"na-praca-de-espanha-papa-confia-a-maria-os-oprimidos-pela-desconfianca","status":"publish","type":"post","link":"https:\/\/franciscanos.org.br\/noticias\/na-praca-de-espanha-papa-confia-a-maria-os-oprimidos-pela-desconfianca.html","title":{"rendered":"Na Pra\u00e7a de Espanha, Papa confia a Maria os oprimidos pela desconfian\u00e7a"},"content":{"rendered":"<p><img loading=\"lazy\" class=\"alignnone size-full wp-image-214694\" src=\"https:\/\/franciscanos.org.br\/noticias\/wp-content\/uploads\/2019\/12\/papa_081219.jpg\" alt=\"\" width=\"890\" height=\"501\" srcset=\"https:\/\/franciscanos.org.br\/noticias\/wp-content\/uploads\/2019\/12\/papa_081219.jpg 890w, https:\/\/franciscanos.org.br\/noticias\/wp-content\/uploads\/2019\/12\/papa_081219-450x253.jpg 450w, https:\/\/franciscanos.org.br\/noticias\/wp-content\/uploads\/2019\/12\/papa_081219-768x432.jpg 768w, https:\/\/franciscanos.org.br\/noticias\/wp-content\/uploads\/2019\/12\/papa_081219-150x84.jpg 150w\" sizes=\"(max-width: 890px) 100vw, 890px\" \/><\/p>\n<p><strong>Cidade do Vaticano<\/strong> &#8211; O Papa Francisco deixou, o Vaticano, na tarde deste domingo (08\/12), para fazer a tradicional homenagem floreal a Nossa Senhora, aos p\u00e9s do monumento a ela dedicado, situado na Pra\u00e7a de Espanha, no centro de Roma.<\/p>\n<p>Antes, por\u00e9m, Francisco foi \u00e0 Bas\u00edlica de Santa Maria Maior para um momento de ora\u00e7\u00e3o diante do \u00edcone de Nossa Senhora Salus Populi Romani.<\/p>\n<p>A Pra\u00e7a de Espanha estava repleta de fi\u00e9is romanos e turistas. A cidade foi representada pela prefeita, Virginia Raggi. O Papa foi acolhido pelo cardeal vig\u00e1rio, Angelo De Donatis.<\/p>\n<p><img loading=\"lazy\" class=\"alignnone size-full wp-image-214695\" src=\"https:\/\/franciscanos.org.br\/noticias\/wp-content\/uploads\/2019\/12\/papa_081219_2.jpg\" alt=\"\" width=\"890\" height=\"501\" srcset=\"https:\/\/franciscanos.org.br\/noticias\/wp-content\/uploads\/2019\/12\/papa_081219_2.jpg 890w, https:\/\/franciscanos.org.br\/noticias\/wp-content\/uploads\/2019\/12\/papa_081219_2-450x253.jpg 450w, https:\/\/franciscanos.org.br\/noticias\/wp-content\/uploads\/2019\/12\/papa_081219_2-768x432.jpg 768w, https:\/\/franciscanos.org.br\/noticias\/wp-content\/uploads\/2019\/12\/papa_081219_2-150x84.jpg 150w\" sizes=\"(max-width: 890px) 100vw, 890px\" \/><\/p>\n<p>Em sua ora\u00e7\u00e3o, feita aos p\u00e9s do monumento dedicado a Nossa Senhora, o Papa citou \u201ca corrup\u00e7\u00e3o do cora\u00e7\u00e3o que \u00e9 impec\u00e1vel por fora, mas por dentro est\u00e1 cheio de m\u00e1s inten\u00e7\u00f5es e ego\u00edsmos mesquinhos\u201d. Deu gra\u00e7as a Deus por ter-nos dado uma m\u00e3e cheia de gra\u00e7a, que nos recorda a vit\u00f3ria de Cristo sobre o mal.<\/p>\n<p>\u201cQuanto precisamos ser libertados da corrup\u00e7\u00e3o do cora\u00e7\u00e3o, que \u00e9 o perigo mais grave! Isso nos parece imposs\u00edvel, estamos t\u00e3o acostumados, e em vez disso est\u00e1 ao nosso alcance. Basta olhar para o teu sorriso de m\u00e3e, para a tua beleza incontaminada, sentir novamente que n\u00e3o fomos feitos para o mal, mas para o bem, para o amor, para Deus!\u201d<\/p>\n<p>&nbsp;<\/p>\n<p>Cristo ressuscitado \u201cquebra as correntes do mal, liberta dos v\u00edcios mais implac\u00e1veis, dissolve os la\u00e7os mais criminosos e amolece os cora\u00e7\u00f5es mais endurecidos. E se isso acontece dentro das pessoas, como a face da cidade muda! Nos pequenos gestos e nas grandes escolhas, os c\u00edrculos viciosos tornam-se virtuosos pouco a pouco, a qualidade de vida torna-se melhor e o clima social mais respir\u00e1vel\u201d, disse o Papa referindo-se \u00e0 cidade de Roma.<\/p>\n<p>A est\u00e1tua de Nossa Senhora \u00e9 obra do escultor Giuseppe Obici, que se encontra no alto de um obelisco, projetado pelo arquiteto Luigi Poletti. O monumento foi inaugurado em 8 de dezembro de 1857.<\/p>\n<hr \/>\n<h3><img loading=\"lazy\" class=\"alignnone size-full wp-image-214697\" src=\"https:\/\/franciscanos.org.br\/noticias\/wp-content\/uploads\/2019\/12\/papa_081219_3.jpg\" alt=\"\" width=\"890\" height=\"878\" srcset=\"https:\/\/franciscanos.org.br\/noticias\/wp-content\/uploads\/2019\/12\/papa_081219_3.jpg 890w, https:\/\/franciscanos.org.br\/noticias\/wp-content\/uploads\/2019\/12\/papa_081219_3-450x444.jpg 450w, https:\/\/franciscanos.org.br\/noticias\/wp-content\/uploads\/2019\/12\/papa_081219_3-768x758.jpg 768w, https:\/\/franciscanos.org.br\/noticias\/wp-content\/uploads\/2019\/12\/papa_081219_3-150x148.jpg 150w, https:\/\/franciscanos.org.br\/noticias\/wp-content\/uploads\/2019\/12\/papa_081219_3-100x100.jpg 100w\" sizes=\"(max-width: 890px) 100vw, 890px\" \/><\/h3>\n<h3>Ora\u00e7\u00e3o do Papa Francisco \u00e0 Imaculada Concei\u00e7\u00e3o<\/h3>\n<p>Maria Imaculada,<br \/>\nReunimo-nos em torno a ti mais uma vez.<br \/>\nQuanto mais caminhamos na vida<br \/>\naumenta cada vez mais a nossa gratid\u00e3o a Deus<br \/>\npor ter-nos dado como m\u00e3e a n\u00f3s, que somos pecadores,<br \/>\nTu \u00e9s Imaculada.<br \/>\nEntre todos os seres humanos, tu \u00e9s a \u00fanica<br \/>\npreservada do pecado, como m\u00e3e de Jesus<br \/>\nCordeiro de Deus que tira o pecado do mundo.<br \/>\nMas esse teu privil\u00e9gio \u00fanico<br \/>\nfoi dado a ti para o bem de todos n\u00f3s, seus filhos.<br \/>\nDe fato, olhando para ti, vemos a vit\u00f3ria de Cristo,<br \/>\na vit\u00f3ria do amor de Deus sobre o mal:<br \/>\nonde abundava o pecado, ou seja, no cora\u00e7\u00e3o humano,<br \/>\na gra\u00e7a transbordou,<br \/>\npelo poder manso do sangue de Jesus.<br \/>\nTu, M\u00e3e, nos lembra que, sim, somos pecadores,<br \/>\nmas n\u00e3o somos mais escravos do pecado!<br \/>\nO teu filho, com seu sacrif\u00edcio,<br \/>\nquebrou o dom\u00ednio do mal, venceu o mundo.<br \/>\nO teu cora\u00e7\u00e3o narra a isso a todas as gera\u00e7\u00f5es<br \/>\nt\u00e3o claro quanto o c\u00e9u onde o vento dissolveu todas as nuvens.<br \/>\nE ent\u00e3o tu nos lembra que n\u00e3o \u00e9 a mesma coisa<br \/>\nser pecador e ser corruptos: \u00e9 bem diferente.<br \/>\nUma coisa \u00e9 cair, mas depois, arrependido, confessar-se<br \/>\ne levantar-se com a ajuda da miseric\u00f3rdia de Deus.<br \/>\nOutra coisa \u00e9 a coniv\u00eancia hip\u00f3crita com o mal,<br \/>\na corrup\u00e7\u00e3o do cora\u00e7\u00e3o, que \u00e9 impec\u00e1vel por fora,<br \/>\nmas por dentro est\u00e1 cheio de m\u00e1s inten\u00e7\u00f5es e ego\u00edsmos mesquinhos.<br \/>\nA tua pureza l\u00edmpida nos chama \u00e0 sinceridade,<br \/>\n\u00e0 transpar\u00eancia, \u00e0 simplicidade.<br \/>\nQuanto precisamos ser libertados<br \/>\nda corrup\u00e7\u00e3o do cora\u00e7\u00e3o, que \u00e9 o perigo mais grave!<br \/>\nIsso nos parece imposs\u00edvel, estamos t\u00e3o acostumados,<br \/>\ne em vez disso est\u00e1 ao nosso alcance. Basta olhar para o teu sorriso de m\u00e3e,<br \/>\npara a tua beleza incontaminada,<br \/>\nsentir novamente que n\u00e3o fomos feitos para o mal,<br \/>\nmas para o bem, para o amor, para Deus!<br \/>\nPor isso, \u00f3 Virgem Maria,<br \/>\nhoje eu confio a ti todos aqueles que nesta cidade<br \/>\ne em todo o mundo, s\u00e3o oprimidos pela desconfian\u00e7a,<br \/>\npelo des\u00e2nimo por causa do pecado;<br \/>\naqueles que pensam que para eles n\u00e3o h\u00e1 mais esperan\u00e7a,<br \/>\nque suas culpas s\u00e3o muitas e grandes demais,<br \/>\ne que Deus n\u00e3o tem tempo a perder com eles.<br \/>\nConfio todos a ti, porque tu n\u00e3o \u00e9s apenas m\u00e3e<br \/>\ne, como tal, nunca deixa de amar teus filhos,<br \/>\nmas tu \u00e9s tamb\u00e9m a Imaculada, cheia de gra\u00e7a,<br \/>\ne podes refletir dentro da escurid\u00e3o mais profunda<br \/>\num raio da luz do Cristo ressuscitado.<br \/>\nEle, e somente Ele, quebra as correntes do mal,<br \/>\nLiberta dos v\u00edcios mais implac\u00e1veis,<br \/>\nDissolve os la\u00e7os mais criminosos,<br \/>\namolece os cora\u00e7\u00f5es mais endurecidos.<br \/>\nE se isso acontece dentro das pessoas,<br \/>\ncomo a face da cidade muda!<br \/>\nNos pequenos gestos e nas grandes escolhas,<br \/>\nos c\u00edrculos viciosos tornam-se virtuosos pouco a pouco,<br \/>\na qualidade de vida se torna melhor<br \/>\ne o clima social mais respir\u00e1vel.<br \/>\nObrigado, M\u00e3e Imaculada,<br \/>\npor nos lembrar que, pelo amor de Jesus Cristo,<br \/>\nn\u00e3o somos mais escravos do pecado,<br \/>\nmas livres, livres para amar, de nos querer bem,<br \/>\nde nos ajudar como irm\u00e3os, mesmo que diferentes de n\u00f3s.<br \/>\nObrigado porque, com a tua candura, nos encorajar<br \/>\na n\u00e3o ter vergonha do bem, mas do mal;<br \/>\nnos ajuda a manter o maligno longe de n\u00f3s,<br \/>\nque com engano nos atrai para si, nos espirais da morte;<br \/>\nnos d\u00ea a doce lembran\u00e7a de que somos filhos de Deus,<br \/>\nPai de imensa bondade,<br \/>\nfonte eterna de vida, beleza e amor. Am\u00e9m.<\/p>\n<hr \/>\n<p><em>Fonte: Vatican News<\/em><\/p>\n","protected":false},"excerpt":{"rendered":"<p>Tradicional homenagem floreal a Nossa Senhora em Roma<\/p>\n","protected":false},"author":3,"featured_media":214698,"comment_status":"open","ping_status":"open","sticky":false,"template":"","format":"standard","meta":[],"categories":[1428],"tags":[817],"acf":[],"yoast_head":"<!-- This site is optimized with the Yoast SEO plugin v19.2 - https:\/\/yoast.com\/wordpress\/plugins\/seo\/ -->\n<title>Na Pra\u00e7a de Espanha, Papa confia a Maria os oprimidos pela desconfian\u00e7a - Not\u00edcias - Franciscanos<\/title>\n<meta name=\"robots\" content=\"index, follow, max-snippet:-1, max-image-preview:large, max-video-preview:-1\" \/>\n<link rel=\"canonical\" href=\"https:\/\/franciscanos.org.br\/noticias\/na-praca-de-espanha-papa-confia-a-maria-os-oprimidos-pela-desconfianca.html\" \/>\n<meta property=\"og:locale\" content=\"pt_BR\" \/>\n<meta property=\"og:type\" content=\"article\" \/>\n<meta property=\"og:title\" content=\"Na Pra\u00e7a de Espanha, Papa confia a Maria os oprimidos pela desconfian\u00e7a - Not\u00edcias - Franciscanos\" \/>\n<meta property=\"og:description\" content=\"Tradicional homenagem floreal a Nossa Senhora em Roma\" \/>\n<meta property=\"og:url\" content=\"https:\/\/franciscanos.org.br\/noticias\/na-praca-de-espanha-papa-confia-a-maria-os-oprimidos-pela-desconfianca.html\" \/>\n<meta property=\"og:site_name\" content=\"Not\u00edcias - Franciscanos\" \/>\n<meta property=\"article:published_time\" content=\"2019-12-08T21:49:15+00:00\" \/>\n<meta property=\"article:modified_time\" content=\"2020-06-06T11:05:13+00:00\" \/>\n<meta property=\"og:image\" content=\"https:\/\/franciscanos.org.br\/noticias\/wp-content\/uploads\/2019\/12\/papa_081219d.jpg\" \/>\n\t<meta property=\"og:image:width\" content=\"273\" \/>\n\t<meta property=\"og:image:height\" content=\"181\" \/>\n\t<meta property=\"og:image:type\" content=\"image\/jpeg\" \/>\n<meta name=\"author\" content=\"moacir\" \/>\n<meta name=\"twitter:card\" content=\"summary_large_image\" \/>\n<meta name=\"twitter:label1\" content=\"Escrito por\" \/>\n\t<meta name=\"twitter:data1\" content=\"moacir\" \/>\n\t<meta name=\"twitter:label2\" content=\"Est. tempo de leitura\" \/>\n\t<meta name=\"twitter:data2\" content=\"5 minutos\" \/>\n<script type=\"application\/ld+json\" class=\"yoast-schema-graph\">{\"@context\":\"https:\/\/schema.org\",\"@graph\":[{\"@type\":\"WebSite\",\"@id\":\"https:\/\/franciscanos.org.br\/noticias\/#website\",\"url\":\"https:\/\/franciscanos.org.br\/noticias\/\",\"name\":\"Not\u00edcias - Franciscanos\",\"description\":\"Prov\u00edncia Franciscana da Imaculada Concei\u00e7\u00e3o do Brasil - Ordem dos Frades Menores - OFM\",\"potentialAction\":[{\"@type\":\"SearchAction\",\"target\":{\"@type\":\"EntryPoint\",\"urlTemplate\":\"https:\/\/franciscanos.org.br\/noticias\/?s={search_term_string}\"},\"query-input\":\"required name=search_term_string\"}],\"inLanguage\":\"pt-BR\"},{\"@type\":\"ImageObject\",\"inLanguage\":\"pt-BR\",\"@id\":\"https:\/\/franciscanos.org.br\/noticias\/na-praca-de-espanha-papa-confia-a-maria-os-oprimidos-pela-desconfianca.html#primaryimage\",\"url\":\"https:\/\/franciscanos.org.br\/noticias\/wp-content\/uploads\/2019\/12\/papa_081219d.jpg\",\"contentUrl\":\"https:\/\/franciscanos.org.br\/noticias\/wp-content\/uploads\/2019\/12\/papa_081219d.jpg\",\"width\":273,\"height\":181},{\"@type\":\"WebPage\",\"@id\":\"https:\/\/franciscanos.org.br\/noticias\/na-praca-de-espanha-papa-confia-a-maria-os-oprimidos-pela-desconfianca.html#webpage\",\"url\":\"https:\/\/franciscanos.org.br\/noticias\/na-praca-de-espanha-papa-confia-a-maria-os-oprimidos-pela-desconfianca.html\",\"name\":\"Na Pra\u00e7a de Espanha, Papa confia a Maria os oprimidos pela desconfian\u00e7a - Not\u00edcias - Franciscanos\",\"isPartOf\":{\"@id\":\"https:\/\/franciscanos.org.br\/noticias\/#website\"},\"primaryImageOfPage\":{\"@id\":\"https:\/\/franciscanos.org.br\/noticias\/na-praca-de-espanha-papa-confia-a-maria-os-oprimidos-pela-desconfianca.html#primaryimage\"},\"datePublished\":\"2019-12-08T21:49:15+00:00\",\"dateModified\":\"2020-06-06T11:05:13+00:00\",\"author\":{\"@id\":\"https:\/\/franciscanos.org.br\/noticias\/#\/schema\/person\/b5c8cba458c330ccff548b056e95a5d4\"},\"breadcrumb\":{\"@id\":\"https:\/\/franciscanos.org.br\/noticias\/na-praca-de-espanha-papa-confia-a-maria-os-oprimidos-pela-desconfianca.html#breadcrumb\"},\"inLanguage\":\"pt-BR\",\"potentialAction\":[{\"@type\":\"ReadAction\",\"target\":[\"https:\/\/franciscanos.org.br\/noticias\/na-praca-de-espanha-papa-confia-a-maria-os-oprimidos-pela-desconfianca.html\"]}]},{\"@type\":\"BreadcrumbList\",\"@id\":\"https:\/\/franciscanos.org.br\/noticias\/na-praca-de-espanha-papa-confia-a-maria-os-oprimidos-pela-desconfianca.html#breadcrumb\",\"itemListElement\":[{\"@type\":\"ListItem\",\"position\":1,\"name\":\"Home\",\"item\":\"https:\/\/franciscanos.org.br\/noticias\"},{\"@type\":\"ListItem\",\"position\":2,\"name\":\"Na Pra\u00e7a de Espanha, Papa confia a Maria os oprimidos pela desconfian\u00e7a\"}]},{\"@type\":\"Person\",\"@id\":\"https:\/\/franciscanos.org.br\/noticias\/#\/schema\/person\/b5c8cba458c330ccff548b056e95a5d4\",\"name\":\"moacir\",\"image\":{\"@type\":\"ImageObject\",\"inLanguage\":\"pt-BR\",\"@id\":\"https:\/\/franciscanos.org.br\/noticias\/#\/schema\/person\/image\/\",\"url\":\"https:\/\/secure.gravatar.com\/avatar\/d08aa2ce4c8dd416d4479aa8536fcf64?s=96&d=mm&r=g\",\"contentUrl\":\"https:\/\/secure.gravatar.com\/avatar\/d08aa2ce4c8dd416d4479aa8536fcf64?s=96&d=mm&r=g\",\"caption\":\"moacir\"},\"url\":\"https:\/\/franciscanos.org.br\/noticias\/author\/moacir\"}]}<\/script>\n<!-- \/ Yoast SEO plugin. -->","yoast_head_json":{"title":"Na Pra\u00e7a de Espanha, Papa confia a Maria os oprimidos pela desconfian\u00e7a - Not\u00edcias - Franciscanos","robots":{"index":"index","follow":"follow","max-snippet":"max-snippet:-1","max-image-preview":"max-image-preview:large","max-video-preview":"max-video-preview:-1"},"canonical":"https:\/\/franciscanos.org.br\/noticias\/na-praca-de-espanha-papa-confia-a-maria-os-oprimidos-pela-desconfianca.html","og_locale":"pt_BR","og_type":"article","og_title":"Na Pra\u00e7a de Espanha, Papa confia a Maria os oprimidos pela desconfian\u00e7a - Not\u00edcias - Franciscanos","og_description":"Tradicional homenagem floreal a Nossa Senhora em Roma","og_url":"https:\/\/franciscanos.org.br\/noticias\/na-praca-de-espanha-papa-confia-a-maria-os-oprimidos-pela-desconfianca.html","og_site_name":"Not\u00edcias - Franciscanos","article_published_time":"2019-12-08T21:49:15+00:00","article_modified_time":"2020-06-06T11:05:13+00:00","og_image":[{"width":273,"height":181,"url":"https:\/\/franciscanos.org.br\/noticias\/wp-content\/uploads\/2019\/12\/papa_081219d.jpg","type":"image\/jpeg"}],"author":"moacir","twitter_card":"summary_large_image","twitter_misc":{"Escrito por":"moacir","Est. tempo de leitura":"5 minutos"},"schema":{"@context":"https:\/\/schema.org","@graph":[{"@type":"WebSite","@id":"https:\/\/franciscanos.org.br\/noticias\/#website","url":"https:\/\/franciscanos.org.br\/noticias\/","name":"Not\u00edcias - Franciscanos","description":"Prov\u00edncia Franciscana da Imaculada Concei\u00e7\u00e3o do Brasil - Ordem dos Frades Menores - OFM","potentialAction":[{"@type":"SearchAction","target":{"@type":"EntryPoint","urlTemplate":"https:\/\/franciscanos.org.br\/noticias\/?s={search_term_string}"},"query-input":"required name=search_term_string"}],"inLanguage":"pt-BR"},{"@type":"ImageObject","inLanguage":"pt-BR","@id":"https:\/\/franciscanos.org.br\/noticias\/na-praca-de-espanha-papa-confia-a-maria-os-oprimidos-pela-desconfianca.html#primaryimage","url":"https:\/\/franciscanos.org.br\/noticias\/wp-content\/uploads\/2019\/12\/papa_081219d.jpg","contentUrl":"https:\/\/franciscanos.org.br\/noticias\/wp-content\/uploads\/2019\/12\/papa_081219d.jpg","width":273,"height":181},{"@type":"WebPage","@id":"https:\/\/franciscanos.org.br\/noticias\/na-praca-de-espanha-papa-confia-a-maria-os-oprimidos-pela-desconfianca.html#webpage","url":"https:\/\/franciscanos.org.br\/noticias\/na-praca-de-espanha-papa-confia-a-maria-os-oprimidos-pela-desconfianca.html","name":"Na Pra\u00e7a de Espanha, Papa confia a Maria os oprimidos pela desconfian\u00e7a - Not\u00edcias - Franciscanos","isPartOf":{"@id":"https:\/\/franciscanos.org.br\/noticias\/#website"},"primaryImageOfPage":{"@id":"https:\/\/franciscanos.org.br\/noticias\/na-praca-de-espanha-papa-confia-a-maria-os-oprimidos-pela-desconfianca.html#primaryimage"},"datePublished":"2019-12-08T21:49:15+00:00","dateModified":"2020-06-06T11:05:13+00:00","author":{"@id":"https:\/\/franciscanos.org.br\/noticias\/#\/schema\/person\/b5c8cba458c330ccff548b056e95a5d4"},"breadcrumb":{"@id":"https:\/\/franciscanos.org.br\/noticias\/na-praca-de-espanha-papa-confia-a-maria-os-oprimidos-pela-desconfianca.html#breadcrumb"},"inLanguage":"pt-BR","potentialAction":[{"@type":"ReadAction","target":["https:\/\/franciscanos.org.br\/noticias\/na-praca-de-espanha-papa-confia-a-maria-os-oprimidos-pela-desconfianca.html"]}]},{"@type":"BreadcrumbList","@id":"https:\/\/franciscanos.org.br\/noticias\/na-praca-de-espanha-papa-confia-a-maria-os-oprimidos-pela-desconfianca.html#breadcrumb","itemListElement":[{"@type":"ListItem","position":1,"name":"Home","item":"https:\/\/franciscanos.org.br\/noticias"},{"@type":"ListItem","position":2,"name":"Na Pra\u00e7a de Espanha, Papa confia a Maria os oprimidos pela desconfian\u00e7a"}]},{"@type":"Person","@id":"https:\/\/franciscanos.org.br\/noticias\/#\/schema\/person\/b5c8cba458c330ccff548b056e95a5d4","name":"moacir","image":{"@type":"ImageObject","inLanguage":"pt-BR","@id":"https:\/\/franciscanos.org.br\/noticias\/#\/schema\/person\/image\/","url":"https:\/\/secure.gravatar.com\/avatar\/d08aa2ce4c8dd416d4479aa8536fcf64?s=96&d=mm&r=g","contentUrl":"https:\/\/secure.gravatar.com\/avatar\/d08aa2ce4c8dd416d4479aa8536fcf64?s=96&d=mm&r=g","caption":"moacir"},"url":"https:\/\/franciscanos.org.br\/noticias\/author\/moacir"}]}},"_links":{"self":[{"href":"https:\/\/franciscanos.org.br\/noticias\/wp-json\/wp\/v2\/posts\/214693"}],"collection":[{"href":"https:\/\/franciscanos.org.br\/noticias\/wp-json\/wp\/v2\/posts"}],"about":[{"href":"https:\/\/franciscanos.org.br\/noticias\/wp-json\/wp\/v2\/types\/post"}],"author":[{"embeddable":true,"href":"https:\/\/franciscanos.org.br\/noticias\/wp-json\/wp\/v2\/users\/3"}],"replies":[{"embeddable":true,"href":"https:\/\/franciscanos.org.br\/noticias\/wp-json\/wp\/v2\/comments?post=214693"}],"version-history":[{"count":2,"href":"https:\/\/franciscanos.org.br\/noticias\/wp-json\/wp\/v2\/posts\/214693\/revisions"}],"predecessor-version":[{"id":224445,"href":"https:\/\/franciscanos.org.br\/noticias\/wp-json\/wp\/v2\/posts\/214693\/revisions\/224445"}],"wp:featuredmedia":[{"embeddable":true,"href":"https:\/\/franciscanos.org.br\/noticias\/wp-json\/wp\/v2\/media\/214698"}],"wp:attachment":[{"href":"https:\/\/franciscanos.org.br\/noticias\/wp-json\/wp\/v2\/media?parent=214693"}],"wp:term":[{"taxonomy":"category","embeddable":true,"href":"https:\/\/franciscanos.org.br\/noticias\/wp-json\/wp\/v2\/categories?post=214693"},{"taxonomy":"post_tag","embeddable":true,"href":"https:\/\/franciscanos.org.br\/noticias\/wp-json\/wp\/v2\/tags?post=214693"}],"curies":[{"name":"wp","href":"https:\/\/api.w.org\/{rel}","templated":true}]}}