{"id":214644,"date":"2019-12-08T17:37:47","date_gmt":"2019-12-08T20:37:47","guid":{"rendered":"https:\/\/franciscanos.org.br\/noticias\/?p=214644"},"modified":"2019-12-08T17:41:36","modified_gmt":"2019-12-08T20:41:36","slug":"professos-temporarios-de-angola-renovam-os-votos","status":"publish","type":"post","link":"https:\/\/franciscanos.org.br\/noticias\/professos-temporarios-de-angola-renovam-os-votos.html","title":{"rendered":"Professos tempor\u00e1rios de Angola renovam os votos"},"content":{"rendered":"<p><img loading=\"lazy\" class=\"alignnone size-full wp-image-214645\" src=\"https:\/\/franciscanos.org.br\/noticias\/wp-content\/uploads\/2019\/12\/angola_0812_3.jpg\" alt=\"\" width=\"890\" height=\"494\" srcset=\"https:\/\/franciscanos.org.br\/noticias\/wp-content\/uploads\/2019\/12\/angola_0812_3.jpg 890w, https:\/\/franciscanos.org.br\/noticias\/wp-content\/uploads\/2019\/12\/angola_0812_3-450x250.jpg 450w, https:\/\/franciscanos.org.br\/noticias\/wp-content\/uploads\/2019\/12\/angola_0812_3-768x426.jpg 768w, https:\/\/franciscanos.org.br\/noticias\/wp-content\/uploads\/2019\/12\/angola_0812_3-150x83.jpg 150w\" sizes=\"(max-width: 890px) 100vw, 890px\" \/><\/p>\n<p><strong>Frei Evaristo Seque Joaquim<\/strong><\/p>\n<p><strong>Luanda (Angola)<\/strong> &#8211; Hoje, Solenidade da Imaculada Concei\u00e7\u00e3o da Virgem Santa Maria, Padroeira da Ordem Franciscana, da Prov\u00edncia e da Funda\u00e7\u00e3o Imaculada M\u00e3e de Deus de Angola, os frades de profiss\u00e3o tempor\u00e1ria das quatro turmas de Filosofia e, junto com Frei Jonas Ribeiro da Silva, que est\u00e1 no ano mission\u00e1rio\/franciscano, renovaram o seu \u201csim\u201d a Deus e aos irm\u00e3os, a exemplo de Maria, nas m\u00e3os de Frei Ant\u00f3nio Boaventura Zovo Baza, delegado do Ministro Provincial, Frei C\u00e9sar K\u00fclkamp, e de toda a Fraternidade, de viverem por mais um ano os conselhos evang\u00e9licos.<\/p>\n<p><img loading=\"lazy\" class=\"alignnone size-full wp-image-214646\" src=\"https:\/\/franciscanos.org.br\/noticias\/wp-content\/uploads\/2019\/12\/angola_0812_4.jpg\" alt=\"\" width=\"890\" height=\"593\" srcset=\"https:\/\/franciscanos.org.br\/noticias\/wp-content\/uploads\/2019\/12\/angola_0812_4.jpg 890w, https:\/\/franciscanos.org.br\/noticias\/wp-content\/uploads\/2019\/12\/angola_0812_4-450x300.jpg 450w, https:\/\/franciscanos.org.br\/noticias\/wp-content\/uploads\/2019\/12\/angola_0812_4-768x512.jpg 768w, https:\/\/franciscanos.org.br\/noticias\/wp-content\/uploads\/2019\/12\/angola_0812_4-150x100.jpg 150w\" sizes=\"(max-width: 890px) 100vw, 890px\" \/><\/p>\n<p>A cerim\u00f4nia ocorreu na capela do Convento S\u00e3o Francisco de Assis, no bairro de Palanca, Kilamba Kiaxi\/Luanda. Contou com a presen\u00e7a de\u00a0 confrades das Fraternidades adjacentes, irm\u00e3s de diferentes congrega\u00e7\u00f5es religiosas que vivem no territ\u00f3rio da Par\u00f3quia S\u00e3o Lucas e as mam\u00e3s da Par\u00f3quia. Presidiu a celebra\u00e7\u00e3o Frei Ant\u00f3nio Baza, presidente da Funda\u00e7\u00e3o Imaculada M\u00e3e de Deus de Angola, tendo como concelebrantes Frei Jo\u00e3o Baptista Chilunda Canjenjenga, guardi\u00e3o da Fraternidade, e Frei Jo\u00e3o Alberto Bunga, mestre dos professos tempor\u00e1rios.<\/p>\n<p>H\u00e1 uma semana foi realizado o retiro preparat\u00f3rio na casa dos Pobres Servos da Divina Provid\u00eancia-Calabrianos, com a orienta\u00e7\u00e3o do mestre dos novi\u00e7os, Frei Marco Ant\u00f4nio dos Santos.<\/p>\n<p><img loading=\"lazy\" class=\"alignnone size-full wp-image-214647\" src=\"https:\/\/franciscanos.org.br\/noticias\/wp-content\/uploads\/2019\/12\/angola_0812_1.jpg\" alt=\"\" width=\"890\" height=\"445\" srcset=\"https:\/\/franciscanos.org.br\/noticias\/wp-content\/uploads\/2019\/12\/angola_0812_1.jpg 890w, https:\/\/franciscanos.org.br\/noticias\/wp-content\/uploads\/2019\/12\/angola_0812_1-450x225.jpg 450w, https:\/\/franciscanos.org.br\/noticias\/wp-content\/uploads\/2019\/12\/angola_0812_1-768x384.jpg 768w, https:\/\/franciscanos.org.br\/noticias\/wp-content\/uploads\/2019\/12\/angola_0812_1-150x75.jpg 150w\" sizes=\"(max-width: 890px) 100vw, 890px\" \/><\/p>\n<p>A Missa solene teve seu in\u00edcio \u00e0s 12h30 e os diferentes minist\u00e9rios foram animados pelos frades estudantes. Teve a boa presen\u00e7a de mam\u00e3s pertencentes ao movimento da Promo\u00e7\u00e3o da Mulher na Igreja Cat\u00f3lica em Angola (PROMAICA) e do grupo de ora\u00e7\u00e3o Santa Clara, que ajudaram neste dia a preparar os alimentos. A confraterniza\u00e7\u00e3o aconteceu no Centro Franciscano, casa adjacente ao Convento onde, normalmente, tem sido um espa\u00e7o de recolhimento para retirantes.<\/p>\n","protected":false},"excerpt":{"rendered":"<p>Renova\u00e7\u00e3o dos votos na Miss\u00e3o de Angola <\/p>\n","protected":false},"author":3,"featured_media":214648,"comment_status":"open","ping_status":"open","sticky":false,"template":"","format":"standard","meta":[],"categories":[1],"tags":[360],"acf":[],"yoast_head":"<!-- This site is optimized with the Yoast SEO plugin v19.2 - https:\/\/yoast.com\/wordpress\/plugins\/seo\/ -->\n<title>Professos tempor\u00e1rios de Angola renovam os votos - Not\u00edcias - Franciscanos<\/title>\n<meta name=\"robots\" content=\"index, follow, max-snippet:-1, max-image-preview:large, max-video-preview:-1\" \/>\n<link rel=\"canonical\" href=\"https:\/\/franciscanos.org.br\/noticias\/professos-temporarios-de-angola-renovam-os-votos.html\" \/>\n<meta property=\"og:locale\" content=\"pt_BR\" \/>\n<meta property=\"og:type\" content=\"article\" \/>\n<meta property=\"og:title\" content=\"Professos tempor\u00e1rios de Angola renovam os votos - Not\u00edcias - Franciscanos\" \/>\n<meta property=\"og:description\" content=\"Renova\u00e7\u00e3o dos votos na Miss\u00e3o de Angola\" \/>\n<meta property=\"og:url\" content=\"https:\/\/franciscanos.org.br\/noticias\/professos-temporarios-de-angola-renovam-os-votos.html\" \/>\n<meta property=\"og:site_name\" content=\"Not\u00edcias - Franciscanos\" \/>\n<meta property=\"article:published_time\" content=\"2019-12-08T20:37:47+00:00\" \/>\n<meta property=\"article:modified_time\" content=\"2019-12-08T20:41:36+00:00\" \/>\n<meta property=\"og:image\" content=\"https:\/\/franciscanos.org.br\/noticias\/wp-content\/uploads\/2019\/12\/angola_0812_d.jpg\" \/>\n\t<meta property=\"og:image:width\" content=\"273\" \/>\n\t<meta property=\"og:image:height\" content=\"181\" \/>\n\t<meta property=\"og:image:type\" content=\"image\/jpeg\" \/>\n<meta name=\"author\" content=\"moacir\" \/>\n<meta name=\"twitter:card\" content=\"summary_large_image\" \/>\n<meta name=\"twitter:label1\" content=\"Escrito por\" \/>\n\t<meta name=\"twitter:data1\" content=\"moacir\" \/>\n\t<meta name=\"twitter:label2\" content=\"Est. tempo de leitura\" \/>\n\t<meta name=\"twitter:data2\" content=\"2 minutos\" \/>\n<script type=\"application\/ld+json\" class=\"yoast-schema-graph\">{\"@context\":\"https:\/\/schema.org\",\"@graph\":[{\"@type\":\"WebSite\",\"@id\":\"https:\/\/franciscanos.org.br\/noticias\/#website\",\"url\":\"https:\/\/franciscanos.org.br\/noticias\/\",\"name\":\"Not\u00edcias - Franciscanos\",\"description\":\"Prov\u00edncia Franciscana da Imaculada Concei\u00e7\u00e3o do Brasil - Ordem dos Frades Menores - OFM\",\"potentialAction\":[{\"@type\":\"SearchAction\",\"target\":{\"@type\":\"EntryPoint\",\"urlTemplate\":\"https:\/\/franciscanos.org.br\/noticias\/?s={search_term_string}\"},\"query-input\":\"required name=search_term_string\"}],\"inLanguage\":\"pt-BR\"},{\"@type\":\"ImageObject\",\"inLanguage\":\"pt-BR\",\"@id\":\"https:\/\/franciscanos.org.br\/noticias\/professos-temporarios-de-angola-renovam-os-votos.html#primaryimage\",\"url\":\"https:\/\/franciscanos.org.br\/noticias\/wp-content\/uploads\/2019\/12\/angola_0812_d.jpg\",\"contentUrl\":\"https:\/\/franciscanos.org.br\/noticias\/wp-content\/uploads\/2019\/12\/angola_0812_d.jpg\",\"width\":273,\"height\":181},{\"@type\":\"WebPage\",\"@id\":\"https:\/\/franciscanos.org.br\/noticias\/professos-temporarios-de-angola-renovam-os-votos.html#webpage\",\"url\":\"https:\/\/franciscanos.org.br\/noticias\/professos-temporarios-de-angola-renovam-os-votos.html\",\"name\":\"Professos tempor\u00e1rios de Angola renovam os votos - Not\u00edcias - Franciscanos\",\"isPartOf\":{\"@id\":\"https:\/\/franciscanos.org.br\/noticias\/#website\"},\"primaryImageOfPage\":{\"@id\":\"https:\/\/franciscanos.org.br\/noticias\/professos-temporarios-de-angola-renovam-os-votos.html#primaryimage\"},\"datePublished\":\"2019-12-08T20:37:47+00:00\",\"dateModified\":\"2019-12-08T20:41:36+00:00\",\"author\":{\"@id\":\"https:\/\/franciscanos.org.br\/noticias\/#\/schema\/person\/b5c8cba458c330ccff548b056e95a5d4\"},\"breadcrumb\":{\"@id\":\"https:\/\/franciscanos.org.br\/noticias\/professos-temporarios-de-angola-renovam-os-votos.html#breadcrumb\"},\"inLanguage\":\"pt-BR\",\"potentialAction\":[{\"@type\":\"ReadAction\",\"target\":[\"https:\/\/franciscanos.org.br\/noticias\/professos-temporarios-de-angola-renovam-os-votos.html\"]}]},{\"@type\":\"BreadcrumbList\",\"@id\":\"https:\/\/franciscanos.org.br\/noticias\/professos-temporarios-de-angola-renovam-os-votos.html#breadcrumb\",\"itemListElement\":[{\"@type\":\"ListItem\",\"position\":1,\"name\":\"Home\",\"item\":\"https:\/\/franciscanos.org.br\/noticias\"},{\"@type\":\"ListItem\",\"position\":2,\"name\":\"Professos tempor\u00e1rios de Angola renovam os votos\"}]},{\"@type\":\"Person\",\"@id\":\"https:\/\/franciscanos.org.br\/noticias\/#\/schema\/person\/b5c8cba458c330ccff548b056e95a5d4\",\"name\":\"moacir\",\"image\":{\"@type\":\"ImageObject\",\"inLanguage\":\"pt-BR\",\"@id\":\"https:\/\/franciscanos.org.br\/noticias\/#\/schema\/person\/image\/\",\"url\":\"https:\/\/secure.gravatar.com\/avatar\/d08aa2ce4c8dd416d4479aa8536fcf64?s=96&d=mm&r=g\",\"contentUrl\":\"https:\/\/secure.gravatar.com\/avatar\/d08aa2ce4c8dd416d4479aa8536fcf64?s=96&d=mm&r=g\",\"caption\":\"moacir\"},\"url\":\"https:\/\/franciscanos.org.br\/noticias\/author\/moacir\"}]}<\/script>\n<!-- \/ Yoast SEO plugin. -->","yoast_head_json":{"title":"Professos tempor\u00e1rios de Angola renovam os votos - Not\u00edcias - Franciscanos","robots":{"index":"index","follow":"follow","max-snippet":"max-snippet:-1","max-image-preview":"max-image-preview:large","max-video-preview":"max-video-preview:-1"},"canonical":"https:\/\/franciscanos.org.br\/noticias\/professos-temporarios-de-angola-renovam-os-votos.html","og_locale":"pt_BR","og_type":"article","og_title":"Professos tempor\u00e1rios de Angola renovam os votos - Not\u00edcias - Franciscanos","og_description":"Renova\u00e7\u00e3o dos votos na Miss\u00e3o de Angola","og_url":"https:\/\/franciscanos.org.br\/noticias\/professos-temporarios-de-angola-renovam-os-votos.html","og_site_name":"Not\u00edcias - Franciscanos","article_published_time":"2019-12-08T20:37:47+00:00","article_modified_time":"2019-12-08T20:41:36+00:00","og_image":[{"width":273,"height":181,"url":"https:\/\/franciscanos.org.br\/noticias\/wp-content\/uploads\/2019\/12\/angola_0812_d.jpg","type":"image\/jpeg"}],"author":"moacir","twitter_card":"summary_large_image","twitter_misc":{"Escrito por":"moacir","Est. tempo de leitura":"2 minutos"},"schema":{"@context":"https:\/\/schema.org","@graph":[{"@type":"WebSite","@id":"https:\/\/franciscanos.org.br\/noticias\/#website","url":"https:\/\/franciscanos.org.br\/noticias\/","name":"Not\u00edcias - Franciscanos","description":"Prov\u00edncia Franciscana da Imaculada Concei\u00e7\u00e3o do Brasil - Ordem dos Frades Menores - OFM","potentialAction":[{"@type":"SearchAction","target":{"@type":"EntryPoint","urlTemplate":"https:\/\/franciscanos.org.br\/noticias\/?s={search_term_string}"},"query-input":"required name=search_term_string"}],"inLanguage":"pt-BR"},{"@type":"ImageObject","inLanguage":"pt-BR","@id":"https:\/\/franciscanos.org.br\/noticias\/professos-temporarios-de-angola-renovam-os-votos.html#primaryimage","url":"https:\/\/franciscanos.org.br\/noticias\/wp-content\/uploads\/2019\/12\/angola_0812_d.jpg","contentUrl":"https:\/\/franciscanos.org.br\/noticias\/wp-content\/uploads\/2019\/12\/angola_0812_d.jpg","width":273,"height":181},{"@type":"WebPage","@id":"https:\/\/franciscanos.org.br\/noticias\/professos-temporarios-de-angola-renovam-os-votos.html#webpage","url":"https:\/\/franciscanos.org.br\/noticias\/professos-temporarios-de-angola-renovam-os-votos.html","name":"Professos tempor\u00e1rios de Angola renovam os votos - Not\u00edcias - Franciscanos","isPartOf":{"@id":"https:\/\/franciscanos.org.br\/noticias\/#website"},"primaryImageOfPage":{"@id":"https:\/\/franciscanos.org.br\/noticias\/professos-temporarios-de-angola-renovam-os-votos.html#primaryimage"},"datePublished":"2019-12-08T20:37:47+00:00","dateModified":"2019-12-08T20:41:36+00:00","author":{"@id":"https:\/\/franciscanos.org.br\/noticias\/#\/schema\/person\/b5c8cba458c330ccff548b056e95a5d4"},"breadcrumb":{"@id":"https:\/\/franciscanos.org.br\/noticias\/professos-temporarios-de-angola-renovam-os-votos.html#breadcrumb"},"inLanguage":"pt-BR","potentialAction":[{"@type":"ReadAction","target":["https:\/\/franciscanos.org.br\/noticias\/professos-temporarios-de-angola-renovam-os-votos.html"]}]},{"@type":"BreadcrumbList","@id":"https:\/\/franciscanos.org.br\/noticias\/professos-temporarios-de-angola-renovam-os-votos.html#breadcrumb","itemListElement":[{"@type":"ListItem","position":1,"name":"Home","item":"https:\/\/franciscanos.org.br\/noticias"},{"@type":"ListItem","position":2,"name":"Professos tempor\u00e1rios de Angola renovam os votos"}]},{"@type":"Person","@id":"https:\/\/franciscanos.org.br\/noticias\/#\/schema\/person\/b5c8cba458c330ccff548b056e95a5d4","name":"moacir","image":{"@type":"ImageObject","inLanguage":"pt-BR","@id":"https:\/\/franciscanos.org.br\/noticias\/#\/schema\/person\/image\/","url":"https:\/\/secure.gravatar.com\/avatar\/d08aa2ce4c8dd416d4479aa8536fcf64?s=96&d=mm&r=g","contentUrl":"https:\/\/secure.gravatar.com\/avatar\/d08aa2ce4c8dd416d4479aa8536fcf64?s=96&d=mm&r=g","caption":"moacir"},"url":"https:\/\/franciscanos.org.br\/noticias\/author\/moacir"}]}},"_links":{"self":[{"href":"https:\/\/franciscanos.org.br\/noticias\/wp-json\/wp\/v2\/posts\/214644"}],"collection":[{"href":"https:\/\/franciscanos.org.br\/noticias\/wp-json\/wp\/v2\/posts"}],"about":[{"href":"https:\/\/franciscanos.org.br\/noticias\/wp-json\/wp\/v2\/types\/post"}],"author":[{"embeddable":true,"href":"https:\/\/franciscanos.org.br\/noticias\/wp-json\/wp\/v2\/users\/3"}],"replies":[{"embeddable":true,"href":"https:\/\/franciscanos.org.br\/noticias\/wp-json\/wp\/v2\/comments?post=214644"}],"version-history":[{"count":0,"href":"https:\/\/franciscanos.org.br\/noticias\/wp-json\/wp\/v2\/posts\/214644\/revisions"}],"wp:featuredmedia":[{"embeddable":true,"href":"https:\/\/franciscanos.org.br\/noticias\/wp-json\/wp\/v2\/media\/214648"}],"wp:attachment":[{"href":"https:\/\/franciscanos.org.br\/noticias\/wp-json\/wp\/v2\/media?parent=214644"}],"wp:term":[{"taxonomy":"category","embeddable":true,"href":"https:\/\/franciscanos.org.br\/noticias\/wp-json\/wp\/v2\/categories?post=214644"},{"taxonomy":"post_tag","embeddable":true,"href":"https:\/\/franciscanos.org.br\/noticias\/wp-json\/wp\/v2\/tags?post=214644"}],"curies":[{"name":"wp","href":"https:\/\/api.w.org\/{rel}","templated":true}]}}