{"id":214440,"date":"2019-12-04T07:41:06","date_gmt":"2019-12-04T10:41:06","guid":{"rendered":"https:\/\/franciscanos.org.br\/noticias\/?p=214440"},"modified":"2020-06-06T07:10:35","modified_gmt":"2020-06-06T10:10:35","slug":"papa-quem-escolhe-cristo-nao-recorre-ao-mago-a-magia-nao-e-crista","status":"publish","type":"post","link":"https:\/\/franciscanos.org.br\/noticias\/papa-quem-escolhe-cristo-nao-recorre-ao-mago-a-magia-nao-e-crista.html","title":{"rendered":"Papa: Quem escolhe Cristo n\u00e3o recorre ao mago, a magia n\u00e3o \u00e9 crist\u00e3"},"content":{"rendered":"<p><img loading=\"lazy\" class=\"alignnone size-full wp-image-214441\" src=\"https:\/\/franciscanos.org.br\/noticias\/wp-content\/uploads\/2019\/12\/audiencia_0412.jpg\" alt=\"\" width=\"890\" height=\"593\" srcset=\"https:\/\/franciscanos.org.br\/noticias\/wp-content\/uploads\/2019\/12\/audiencia_0412.jpg 890w, https:\/\/franciscanos.org.br\/noticias\/wp-content\/uploads\/2019\/12\/audiencia_0412-450x300.jpg 450w, https:\/\/franciscanos.org.br\/noticias\/wp-content\/uploads\/2019\/12\/audiencia_0412-768x512.jpg 768w, https:\/\/franciscanos.org.br\/noticias\/wp-content\/uploads\/2019\/12\/audiencia_0412-150x100.jpg 150w\" sizes=\"(max-width: 890px) 100vw, 890px\" \/><\/p>\n<p><strong>Cidade do Vaticano<\/strong> &#8211; \u00abCuidem de voc\u00eas mesmos e de todo o rebanho\u00bb. O minist\u00e9rio de Paulo em \u00c9feso e a despedida dos anci\u00e3os. Este foi o tema da catequese do Papa Francisco, extra\u00eddo do Livro dos Atos dos Ap\u00f3stolos, na Audi\u00eancia Geral, desta quarta-feira (04\/12), realizada na Pra\u00e7a S\u00e3o Pedro.<\/p>\n<p>\u201cA viagem do Evangelho no mundo continua sem parar e passa pela cidade de \u00c9feso, manifestando o seu significado salv\u00edfico. Gra\u00e7as a Paulo, cerca de doze homens recebem o batismo em nome de Jesus e experimentam a efus\u00e3o do Esp\u00edrito Santo que os regenera\u201d, frisou o Papa. \u201cV\u00e1rios s\u00e3o os milagres que se realizam por meio do Ap\u00f3stolo: os doentes ficam curados e os possu\u00eddos s\u00e3o libertados. Isso acontece porque o disc\u00edpulo assemelha-se a seu Mestre e o torna presente comunicando aos irm\u00e3os a mesma vida nova recebida Dele\u201d, sublinhou Francisco.<\/p>\n<p><img loading=\"lazy\" class=\"alignnone wp-image-214443 size-full\" src=\"https:\/\/franciscanos.org.br\/noticias\/wp-content\/uploads\/2019\/12\/audiencia_0412_1.jpg\" alt=\"\" width=\"890\" height=\"593\" srcset=\"https:\/\/franciscanos.org.br\/noticias\/wp-content\/uploads\/2019\/12\/audiencia_0412_1.jpg 890w, https:\/\/franciscanos.org.br\/noticias\/wp-content\/uploads\/2019\/12\/audiencia_0412_1-450x300.jpg 450w, https:\/\/franciscanos.org.br\/noticias\/wp-content\/uploads\/2019\/12\/audiencia_0412_1-768x512.jpg 768w, https:\/\/franciscanos.org.br\/noticias\/wp-content\/uploads\/2019\/12\/audiencia_0412_1-150x100.jpg 150w\" sizes=\"(max-width: 890px) 100vw, 890px\" \/><\/p>\n<p>Segundo o Papa, \u201ca for\u00e7a de Deus que se manifesta em \u00c9feso tira a m\u00e1scara de quem quer usar o nome de Jesus para fazer exorcismos, mas sem ter a autoridade espiritual para faz\u00ea-lo, e revela a fraqueza das artes m\u00e1gicas, que s\u00e3o abandonadas pelas pessoas que escolhem Cristo. Uma verdadeira mudan\u00e7a para uma cidade, como \u00c9feso, que era um lugar famoso pela pr\u00e1tica de magia. S\u00e3o Lucas sublinha a incompatibilidade entre a f\u00e9 em Cristo e a magia. Se voc\u00ea escolhe Cristo n\u00e3o pode recorrer ao mago: a f\u00e9 \u00e9 abandono confiante nas m\u00e3os de um Deus confi\u00e1vel que se mostra n\u00e3o atrav\u00e9s de pr\u00e1ticas ocultas, mas pela revela\u00e7\u00e3o e com amor gratuito\u201d.<\/p>\n<p>\u201cTalvez alguns de voc\u00eas pode dizer: Ah, sim, essa hist\u00f3ria de magia \u00e9 antiga. Hoje, com a civiliza\u00e7\u00e3o crist\u00e3, isso n\u00e3o acontece. Mas fiquem atentos. Eu lhes pergunto: quantos de voc\u00eas v\u00e3o atr\u00e1s de tar\u00f4, quantos de voc\u00eas v\u00e3o procurar as pessoas que leem as m\u00e3os e as cartomantes? Ainda hoje, hein? Nas grandes cidades, os crist\u00e3os pr\u00e1ticos ainda procuram essas coisas. &#8216;Mas, se voc\u00ea acredita em Jesus Cristo, porque vai procurar o mago, a cartomante, todas essas pessoas?\u2019. \u2018Eu acredito em Jesus Cristo, mas por acaso eu tamb\u00e9m vou a eles\u2019. Por favor: a magia n\u00e3o \u00e9 crist\u00e3. Essas coisas que s\u00e3o feitas para adivinhar o futuro ou adivinhar muitas coisas ou mudar as situa\u00e7\u00f5es da vida n\u00e3o s\u00e3o crist\u00e3s. A gra\u00e7a de Cristo d\u00e1 tudo a voc\u00ea: reze e confie-se ao Senhor.\u201d<\/p>\n<p><img loading=\"lazy\" class=\"alignnone size-full wp-image-214444\" src=\"https:\/\/franciscanos.org.br\/noticias\/wp-content\/uploads\/2019\/12\/audiencia_0412_2.jpg\" alt=\"\" width=\"890\" height=\"890\" srcset=\"https:\/\/franciscanos.org.br\/noticias\/wp-content\/uploads\/2019\/12\/audiencia_0412_2.jpg 890w, https:\/\/franciscanos.org.br\/noticias\/wp-content\/uploads\/2019\/12\/audiencia_0412_2-300x300.jpg 300w, https:\/\/franciscanos.org.br\/noticias\/wp-content\/uploads\/2019\/12\/audiencia_0412_2-450x450.jpg 450w, https:\/\/franciscanos.org.br\/noticias\/wp-content\/uploads\/2019\/12\/audiencia_0412_2-768x768.jpg 768w, https:\/\/franciscanos.org.br\/noticias\/wp-content\/uploads\/2019\/12\/audiencia_0412_2-150x150.jpg 150w, https:\/\/franciscanos.org.br\/noticias\/wp-content\/uploads\/2019\/12\/audiencia_0412_2-100x100.jpg 100w, https:\/\/franciscanos.org.br\/noticias\/wp-content\/uploads\/2019\/12\/audiencia_0412_2-400x400.jpg 400w\" sizes=\"(max-width: 890px) 100vw, 890px\" \/><\/p>\n<p>A difus\u00e3o do Evangelho em \u00c9feso prejudica o com\u00e9rcio dos ourives que fabricavam as est\u00e1tuas da deusa \u00c1rtemis, fazendo de uma pr\u00e1tica religiosa um verdadeiro neg\u00f3cio. \u201cVendo diminuir a atividade que dava muito dinheiro, os ourives organizam uma revolta contra Paulo, e os crist\u00e3os s\u00e3o acusados de ter colocado em crise a categoria de artes\u00e3os, o santu\u00e1rio de \u00c1rtemis e o culto a essa deusa\u201d, disse ainda o Papa.<\/p>\n<p>Depois, Paulo parte de \u00c9feso. Vai diretamente a Jerusal\u00e9m e chega a Mileto. Ali, chama os anci\u00e3os da Igreja de \u00c9feso, os presb\u00edteros, seriam os sacerdotes, para fazer uma entrega \u201cpastoral\u201d. Estamos no final do minist\u00e9rio apost\u00f3lico de Paulo, e Lucas nos apresenta o seu discurso de despedida, um testamento espiritual que o ap\u00f3stolo dirige \u00e0queles que, ap\u00f3s sua partida, dever\u00e3o guiar a comunidade de \u00c9feso.<\/p>\n<p>\u201cEsta \u00e9 uma das p\u00e1ginas mais bonitas do Livro de Atos dos Ap\u00f3stolos: eu aconselho voc\u00eas a pegar hoje o Novo Testamento, a B\u00edblia, o cap\u00edtulo 20 e ler esta despedida de Paulo aos presb\u00edteros de \u00c9feso, que ele faz em Mileto. \u00c9 uma maneira de entender como o ap\u00f3stolo se despede e tamb\u00e9m como os presb\u00edteros hoje devem se despedir e tamb\u00e9m como todos os crist\u00e3os devem se despedir. \u00c9 uma p\u00e1gina bonita. N\u00e3o se esque\u00e7am: Atos dos Ap\u00f3stolos, cap\u00edtulo 20, vers\u00edculos de 17 em diante.\u201d<\/p>\n<p>Na parte exortativa, Paulo incentiva os respons\u00e1veis da comunidade: \u201cVigiem a si mesmo e todo o rebanho: e este \u00e9 o trabalho do pastor: vigiar. O pastor deve vigiar, o p\u00e1roco deve vigiar, fazer vig\u00edlia, os presb\u00edteros devem vigiar, os bispos, o Papa deve vigiar. Isto \u00e9: vigiar para proteger o rebanho, e vigiar a si mesmo, examinar a consci\u00eancia e ver como ela cumpre esse dever de vigiar\u201d.<\/p>\n<p><img loading=\"lazy\" class=\"alignnone size-full wp-image-214445\" src=\"https:\/\/franciscanos.org.br\/noticias\/wp-content\/uploads\/2019\/12\/audiencia_0412_3.jpg\" alt=\"\" width=\"890\" height=\"593\" srcset=\"https:\/\/franciscanos.org.br\/noticias\/wp-content\/uploads\/2019\/12\/audiencia_0412_3.jpg 890w, https:\/\/franciscanos.org.br\/noticias\/wp-content\/uploads\/2019\/12\/audiencia_0412_3-450x300.jpg 450w, https:\/\/franciscanos.org.br\/noticias\/wp-content\/uploads\/2019\/12\/audiencia_0412_3-768x512.jpg 768w, https:\/\/franciscanos.org.br\/noticias\/wp-content\/uploads\/2019\/12\/audiencia_0412_3-150x100.jpg 150w\" sizes=\"(max-width: 890px) 100vw, 890px\" \/><\/p>\n<p>O Papa concluiu sua catequese, pedindo ao Senhor para renovar em n\u00f3s o amor pela Igreja e pelo dep\u00f3sito da f\u00e9 que ela preserva, e nos tornar correspons\u00e1veis pela tutela do rebanho, apoiando os pastores na ora\u00e7\u00e3o para que manifestem a firmeza e a ternura do Divino Pastor.<\/p>\n<p>Ao saudar os peregrinos de l\u00edngua portuguesa o Papa disse: Sa\u00fado com afeto os peregrinos de l\u00edngua portuguesa, em particular o grupo brasileiro de Nossa Senhora do Livramento, de Vit\u00f3ria de Santo Ant\u00e3o, encorajando-vos a todos a apostar em ideais grandes, ideais de servi\u00e7o que engrandecem o cora\u00e7\u00e3o e tornam fecundos os vossos talentos. Confiai em Deus, como a Virgem Maria!<\/p>\n<hr \/>\n<p><em>Fonte: Vatican News<\/em><\/p>\n","protected":false},"excerpt":{"rendered":"<p>Audi\u00eancia Geral do Papa Francisco<\/p>\n","protected":false},"author":3,"featured_media":214442,"comment_status":"open","ping_status":"open","sticky":false,"template":"","format":"standard","meta":[],"categories":[1428],"tags":[487],"acf":[],"yoast_head":"<!-- This site is optimized with the Yoast SEO plugin v19.2 - https:\/\/yoast.com\/wordpress\/plugins\/seo\/ -->\n<title>Papa: Quem escolhe Cristo n\u00e3o recorre ao mago, a magia n\u00e3o \u00e9 crist\u00e3 - Not\u00edcias - Franciscanos<\/title>\n<meta name=\"robots\" content=\"index, follow, max-snippet:-1, max-image-preview:large, max-video-preview:-1\" \/>\n<link rel=\"canonical\" href=\"https:\/\/franciscanos.org.br\/noticias\/papa-quem-escolhe-cristo-nao-recorre-ao-mago-a-magia-nao-e-crista.html\" \/>\n<meta property=\"og:locale\" content=\"pt_BR\" \/>\n<meta property=\"og:type\" content=\"article\" \/>\n<meta property=\"og:title\" content=\"Papa: Quem escolhe Cristo n\u00e3o recorre ao mago, a magia n\u00e3o \u00e9 crist\u00e3 - Not\u00edcias - Franciscanos\" \/>\n<meta property=\"og:description\" content=\"Audi\u00eancia Geral do Papa Francisco\" \/>\n<meta property=\"og:url\" content=\"https:\/\/franciscanos.org.br\/noticias\/papa-quem-escolhe-cristo-nao-recorre-ao-mago-a-magia-nao-e-crista.html\" \/>\n<meta property=\"og:site_name\" content=\"Not\u00edcias - Franciscanos\" \/>\n<meta property=\"article:published_time\" content=\"2019-12-04T10:41:06+00:00\" \/>\n<meta property=\"article:modified_time\" content=\"2020-06-06T10:10:35+00:00\" \/>\n<meta property=\"og:image\" content=\"https:\/\/franciscanos.org.br\/noticias\/wp-content\/uploads\/2019\/12\/audiencia_0412d.jpg\" \/>\n\t<meta property=\"og:image:width\" content=\"273\" \/>\n\t<meta property=\"og:image:height\" content=\"181\" \/>\n\t<meta property=\"og:image:type\" content=\"image\/jpeg\" \/>\n<meta name=\"author\" content=\"moacir\" \/>\n<meta name=\"twitter:card\" content=\"summary_large_image\" \/>\n<meta name=\"twitter:label1\" content=\"Escrito por\" \/>\n\t<meta name=\"twitter:data1\" content=\"moacir\" \/>\n\t<meta name=\"twitter:label2\" content=\"Est. tempo de leitura\" \/>\n\t<meta name=\"twitter:data2\" content=\"4 minutos\" \/>\n<script type=\"application\/ld+json\" class=\"yoast-schema-graph\">{\"@context\":\"https:\/\/schema.org\",\"@graph\":[{\"@type\":\"WebSite\",\"@id\":\"https:\/\/franciscanos.org.br\/noticias\/#website\",\"url\":\"https:\/\/franciscanos.org.br\/noticias\/\",\"name\":\"Not\u00edcias - Franciscanos\",\"description\":\"Prov\u00edncia Franciscana da Imaculada Concei\u00e7\u00e3o do Brasil - Ordem dos Frades Menores - OFM\",\"potentialAction\":[{\"@type\":\"SearchAction\",\"target\":{\"@type\":\"EntryPoint\",\"urlTemplate\":\"https:\/\/franciscanos.org.br\/noticias\/?s={search_term_string}\"},\"query-input\":\"required name=search_term_string\"}],\"inLanguage\":\"pt-BR\"},{\"@type\":\"ImageObject\",\"inLanguage\":\"pt-BR\",\"@id\":\"https:\/\/franciscanos.org.br\/noticias\/papa-quem-escolhe-cristo-nao-recorre-ao-mago-a-magia-nao-e-crista.html#primaryimage\",\"url\":\"https:\/\/franciscanos.org.br\/noticias\/wp-content\/uploads\/2019\/12\/audiencia_0412d.jpg\",\"contentUrl\":\"https:\/\/franciscanos.org.br\/noticias\/wp-content\/uploads\/2019\/12\/audiencia_0412d.jpg\",\"width\":273,\"height\":181},{\"@type\":\"WebPage\",\"@id\":\"https:\/\/franciscanos.org.br\/noticias\/papa-quem-escolhe-cristo-nao-recorre-ao-mago-a-magia-nao-e-crista.html#webpage\",\"url\":\"https:\/\/franciscanos.org.br\/noticias\/papa-quem-escolhe-cristo-nao-recorre-ao-mago-a-magia-nao-e-crista.html\",\"name\":\"Papa: Quem escolhe Cristo n\u00e3o recorre ao mago, a magia n\u00e3o \u00e9 crist\u00e3 - Not\u00edcias - Franciscanos\",\"isPartOf\":{\"@id\":\"https:\/\/franciscanos.org.br\/noticias\/#website\"},\"primaryImageOfPage\":{\"@id\":\"https:\/\/franciscanos.org.br\/noticias\/papa-quem-escolhe-cristo-nao-recorre-ao-mago-a-magia-nao-e-crista.html#primaryimage\"},\"datePublished\":\"2019-12-04T10:41:06+00:00\",\"dateModified\":\"2020-06-06T10:10:35+00:00\",\"author\":{\"@id\":\"https:\/\/franciscanos.org.br\/noticias\/#\/schema\/person\/b5c8cba458c330ccff548b056e95a5d4\"},\"breadcrumb\":{\"@id\":\"https:\/\/franciscanos.org.br\/noticias\/papa-quem-escolhe-cristo-nao-recorre-ao-mago-a-magia-nao-e-crista.html#breadcrumb\"},\"inLanguage\":\"pt-BR\",\"potentialAction\":[{\"@type\":\"ReadAction\",\"target\":[\"https:\/\/franciscanos.org.br\/noticias\/papa-quem-escolhe-cristo-nao-recorre-ao-mago-a-magia-nao-e-crista.html\"]}]},{\"@type\":\"BreadcrumbList\",\"@id\":\"https:\/\/franciscanos.org.br\/noticias\/papa-quem-escolhe-cristo-nao-recorre-ao-mago-a-magia-nao-e-crista.html#breadcrumb\",\"itemListElement\":[{\"@type\":\"ListItem\",\"position\":1,\"name\":\"Home\",\"item\":\"https:\/\/franciscanos.org.br\/noticias\"},{\"@type\":\"ListItem\",\"position\":2,\"name\":\"Papa: Quem escolhe Cristo n\u00e3o recorre ao mago, a magia n\u00e3o \u00e9 crist\u00e3\"}]},{\"@type\":\"Person\",\"@id\":\"https:\/\/franciscanos.org.br\/noticias\/#\/schema\/person\/b5c8cba458c330ccff548b056e95a5d4\",\"name\":\"moacir\",\"image\":{\"@type\":\"ImageObject\",\"inLanguage\":\"pt-BR\",\"@id\":\"https:\/\/franciscanos.org.br\/noticias\/#\/schema\/person\/image\/\",\"url\":\"https:\/\/secure.gravatar.com\/avatar\/d08aa2ce4c8dd416d4479aa8536fcf64?s=96&d=mm&r=g\",\"contentUrl\":\"https:\/\/secure.gravatar.com\/avatar\/d08aa2ce4c8dd416d4479aa8536fcf64?s=96&d=mm&r=g\",\"caption\":\"moacir\"},\"url\":\"https:\/\/franciscanos.org.br\/noticias\/author\/moacir\"}]}<\/script>\n<!-- \/ Yoast SEO plugin. -->","yoast_head_json":{"title":"Papa: Quem escolhe Cristo n\u00e3o recorre ao mago, a magia n\u00e3o \u00e9 crist\u00e3 - Not\u00edcias - Franciscanos","robots":{"index":"index","follow":"follow","max-snippet":"max-snippet:-1","max-image-preview":"max-image-preview:large","max-video-preview":"max-video-preview:-1"},"canonical":"https:\/\/franciscanos.org.br\/noticias\/papa-quem-escolhe-cristo-nao-recorre-ao-mago-a-magia-nao-e-crista.html","og_locale":"pt_BR","og_type":"article","og_title":"Papa: Quem escolhe Cristo n\u00e3o recorre ao mago, a magia n\u00e3o \u00e9 crist\u00e3 - Not\u00edcias - Franciscanos","og_description":"Audi\u00eancia Geral do Papa Francisco","og_url":"https:\/\/franciscanos.org.br\/noticias\/papa-quem-escolhe-cristo-nao-recorre-ao-mago-a-magia-nao-e-crista.html","og_site_name":"Not\u00edcias - Franciscanos","article_published_time":"2019-12-04T10:41:06+00:00","article_modified_time":"2020-06-06T10:10:35+00:00","og_image":[{"width":273,"height":181,"url":"https:\/\/franciscanos.org.br\/noticias\/wp-content\/uploads\/2019\/12\/audiencia_0412d.jpg","type":"image\/jpeg"}],"author":"moacir","twitter_card":"summary_large_image","twitter_misc":{"Escrito por":"moacir","Est. tempo de leitura":"4 minutos"},"schema":{"@context":"https:\/\/schema.org","@graph":[{"@type":"WebSite","@id":"https:\/\/franciscanos.org.br\/noticias\/#website","url":"https:\/\/franciscanos.org.br\/noticias\/","name":"Not\u00edcias - Franciscanos","description":"Prov\u00edncia Franciscana da Imaculada Concei\u00e7\u00e3o do Brasil - Ordem dos Frades Menores - OFM","potentialAction":[{"@type":"SearchAction","target":{"@type":"EntryPoint","urlTemplate":"https:\/\/franciscanos.org.br\/noticias\/?s={search_term_string}"},"query-input":"required name=search_term_string"}],"inLanguage":"pt-BR"},{"@type":"ImageObject","inLanguage":"pt-BR","@id":"https:\/\/franciscanos.org.br\/noticias\/papa-quem-escolhe-cristo-nao-recorre-ao-mago-a-magia-nao-e-crista.html#primaryimage","url":"https:\/\/franciscanos.org.br\/noticias\/wp-content\/uploads\/2019\/12\/audiencia_0412d.jpg","contentUrl":"https:\/\/franciscanos.org.br\/noticias\/wp-content\/uploads\/2019\/12\/audiencia_0412d.jpg","width":273,"height":181},{"@type":"WebPage","@id":"https:\/\/franciscanos.org.br\/noticias\/papa-quem-escolhe-cristo-nao-recorre-ao-mago-a-magia-nao-e-crista.html#webpage","url":"https:\/\/franciscanos.org.br\/noticias\/papa-quem-escolhe-cristo-nao-recorre-ao-mago-a-magia-nao-e-crista.html","name":"Papa: Quem escolhe Cristo n\u00e3o recorre ao mago, a magia n\u00e3o \u00e9 crist\u00e3 - Not\u00edcias - Franciscanos","isPartOf":{"@id":"https:\/\/franciscanos.org.br\/noticias\/#website"},"primaryImageOfPage":{"@id":"https:\/\/franciscanos.org.br\/noticias\/papa-quem-escolhe-cristo-nao-recorre-ao-mago-a-magia-nao-e-crista.html#primaryimage"},"datePublished":"2019-12-04T10:41:06+00:00","dateModified":"2020-06-06T10:10:35+00:00","author":{"@id":"https:\/\/franciscanos.org.br\/noticias\/#\/schema\/person\/b5c8cba458c330ccff548b056e95a5d4"},"breadcrumb":{"@id":"https:\/\/franciscanos.org.br\/noticias\/papa-quem-escolhe-cristo-nao-recorre-ao-mago-a-magia-nao-e-crista.html#breadcrumb"},"inLanguage":"pt-BR","potentialAction":[{"@type":"ReadAction","target":["https:\/\/franciscanos.org.br\/noticias\/papa-quem-escolhe-cristo-nao-recorre-ao-mago-a-magia-nao-e-crista.html"]}]},{"@type":"BreadcrumbList","@id":"https:\/\/franciscanos.org.br\/noticias\/papa-quem-escolhe-cristo-nao-recorre-ao-mago-a-magia-nao-e-crista.html#breadcrumb","itemListElement":[{"@type":"ListItem","position":1,"name":"Home","item":"https:\/\/franciscanos.org.br\/noticias"},{"@type":"ListItem","position":2,"name":"Papa: Quem escolhe Cristo n\u00e3o recorre ao mago, a magia n\u00e3o \u00e9 crist\u00e3"}]},{"@type":"Person","@id":"https:\/\/franciscanos.org.br\/noticias\/#\/schema\/person\/b5c8cba458c330ccff548b056e95a5d4","name":"moacir","image":{"@type":"ImageObject","inLanguage":"pt-BR","@id":"https:\/\/franciscanos.org.br\/noticias\/#\/schema\/person\/image\/","url":"https:\/\/secure.gravatar.com\/avatar\/d08aa2ce4c8dd416d4479aa8536fcf64?s=96&d=mm&r=g","contentUrl":"https:\/\/secure.gravatar.com\/avatar\/d08aa2ce4c8dd416d4479aa8536fcf64?s=96&d=mm&r=g","caption":"moacir"},"url":"https:\/\/franciscanos.org.br\/noticias\/author\/moacir"}]}},"_links":{"self":[{"href":"https:\/\/franciscanos.org.br\/noticias\/wp-json\/wp\/v2\/posts\/214440"}],"collection":[{"href":"https:\/\/franciscanos.org.br\/noticias\/wp-json\/wp\/v2\/posts"}],"about":[{"href":"https:\/\/franciscanos.org.br\/noticias\/wp-json\/wp\/v2\/types\/post"}],"author":[{"embeddable":true,"href":"https:\/\/franciscanos.org.br\/noticias\/wp-json\/wp\/v2\/users\/3"}],"replies":[{"embeddable":true,"href":"https:\/\/franciscanos.org.br\/noticias\/wp-json\/wp\/v2\/comments?post=214440"}],"version-history":[{"count":1,"href":"https:\/\/franciscanos.org.br\/noticias\/wp-json\/wp\/v2\/posts\/214440\/revisions"}],"predecessor-version":[{"id":224414,"href":"https:\/\/franciscanos.org.br\/noticias\/wp-json\/wp\/v2\/posts\/214440\/revisions\/224414"}],"wp:featuredmedia":[{"embeddable":true,"href":"https:\/\/franciscanos.org.br\/noticias\/wp-json\/wp\/v2\/media\/214442"}],"wp:attachment":[{"href":"https:\/\/franciscanos.org.br\/noticias\/wp-json\/wp\/v2\/media?parent=214440"}],"wp:term":[{"taxonomy":"category","embeddable":true,"href":"https:\/\/franciscanos.org.br\/noticias\/wp-json\/wp\/v2\/categories?post=214440"},{"taxonomy":"post_tag","embeddable":true,"href":"https:\/\/franciscanos.org.br\/noticias\/wp-json\/wp\/v2\/tags?post=214440"}],"curies":[{"name":"wp","href":"https:\/\/api.w.org\/{rel}","templated":true}]}}