{"id":214433,"date":"2019-12-03T08:12:36","date_gmt":"2019-12-03T11:12:36","guid":{"rendered":"https:\/\/franciscanos.org.br\/noticias\/?p=214433"},"modified":"2020-06-06T07:11:31","modified_gmt":"2020-06-06T10:11:31","slug":"papa-hoje-a-igreja-faz-o-elogio-da-pequenez","status":"publish","type":"post","link":"https:\/\/franciscanos.org.br\/noticias\/papa-hoje-a-igreja-faz-o-elogio-da-pequenez.html","title":{"rendered":"Papa: hoje a Igreja faz o elogio da pequenez"},"content":{"rendered":"<p><img loading=\"lazy\" class=\"alignnone wp-image-214434 size-full\" src=\"https:\/\/franciscanos.org.br\/noticias\/wp-content\/uploads\/2019\/12\/papa_0312.jpg\" alt=\"\" width=\"890\" height=\"501\" srcset=\"https:\/\/franciscanos.org.br\/noticias\/wp-content\/uploads\/2019\/12\/papa_0312.jpg 890w, https:\/\/franciscanos.org.br\/noticias\/wp-content\/uploads\/2019\/12\/papa_0312-450x253.jpg 450w, https:\/\/franciscanos.org.br\/noticias\/wp-content\/uploads\/2019\/12\/papa_0312-768x432.jpg 768w, https:\/\/franciscanos.org.br\/noticias\/wp-content\/uploads\/2019\/12\/papa_0312-150x84.jpg 150w\" sizes=\"(max-width: 890px) 100vw, 890px\" \/><\/p>\n<p><strong>Cidade do Vaticano<\/strong> &#8211; \u201cA liturgia de hoje fala das coisas pequenas, podemos dizer que hoje \u00e9 o dia do pequenino\u201d: assim o Papa Francisco come\u00e7ou a homilia ao celebrar a missa na capela da Casa Santa Marta na manh\u00e3 desta ter\u00e7a-feira (03\/12). A primeira leitura \u00e9 extra\u00edda do livro do profeta Isa\u00edas, onde se anuncia: \u201cNascer\u00e1 uma haste do tronco de Jess\u00e9 e, a partir da raiz, surgir\u00e1 o rebento de uma flor; sobre ele repousar\u00e1 o esp\u00edrito do Senhor \u2026\u201d.<\/p>\n<p>\u201cA Palavra de Deus faz elogio do pequeno\u201d, disse o Papa e faz uma promessa, a promessa de um broto que surgir\u00e1 e o que \u00e9 menor do que um broto?, questionou Francisco. E mesmo assim, \u201csobre ele repousar\u00e1 o esp\u00edrito do Senhor\u201d<\/p>\n<p>A reden\u00e7\u00e3o, a revela\u00e7\u00e3o, a presen\u00e7a de Deus no mundo come\u00e7a assim e sempre \u00e9 assim. A revela\u00e7\u00e3o de Deus se faz na pequenez. Pequenez, seja humildade, seja\u2026 tantas coisas, mas na pequenez. Os grandes se apresentam poderosos, pensemos na tenta\u00e7\u00e3o de Jesus no deserto, como Satan\u00e1s se apresenta poderoso, dono de todo o mundo: \u201cEu dou tudo se voc\u00ea&#8230;\u201d. Ao inv\u00e9s, as coisas de Deus come\u00e7am brotando, de uma semente, pequenas. E Jesus fala desta pequenez no Evangelho\u201d.<\/p>\n<p>Fazer-se pequeno para que o Reino de Deus possa germinar<br \/>\nJesus se alegra e agradece ao Pai porque se revelou n\u00e3o aos poderosos, mas aos pequeninos, e recordou que no Natal \u201ciremos todos ao pres\u00e9pio onde est\u00e1 a pequeneza de Deus\u201d. E fez ent\u00e3o uma advert\u00eancia:\u00a0Numa comunidade crist\u00e3 onde os fi\u00e9is, os sacerdotes, os bispos, n\u00e3o tomam esta estrada da pequenez, falta futuro, ruir\u00e1. Foi o que vimos nos grandes projetos da hist\u00f3ria: crist\u00e3os que buscavam se impor, com a for\u00e7a, a grandeza, as conquistas&#8230; Mas o Reino de Deus brota no pequeno, sempre no pequeno, a pequena semente, a semente de vida. Mas a semente sozinha n\u00e3o pode nada. E h\u00e1 outra realidade que ajuda e que d\u00e1 a for\u00e7a: \u201cNascer\u00e1 uma haste do tronco de Jess\u00e9 e, a partir da raiz, surgir\u00e1 o rebento de uma flor; sobre ele repousar\u00e1 o esp\u00edrito do Senhor.\u201d<\/p>\n<p><img loading=\"lazy\" class=\"alignnone wp-image-214436 size-full\" src=\"https:\/\/franciscanos.org.br\/noticias\/wp-content\/uploads\/2019\/12\/papa_0312_1.jpg\" alt=\"\" width=\"890\" height=\"501\" srcset=\"https:\/\/franciscanos.org.br\/noticias\/wp-content\/uploads\/2019\/12\/papa_0312_1.jpg 890w, https:\/\/franciscanos.org.br\/noticias\/wp-content\/uploads\/2019\/12\/papa_0312_1-450x253.jpg 450w, https:\/\/franciscanos.org.br\/noticias\/wp-content\/uploads\/2019\/12\/papa_0312_1-768x432.jpg 768w, https:\/\/franciscanos.org.br\/noticias\/wp-content\/uploads\/2019\/12\/papa_0312_1-150x84.jpg 150w\" sizes=\"(max-width: 890px) 100vw, 890px\" \/><\/p>\n<p><strong>O Esp\u00edrito n\u00e3o pode entrar num cora\u00e7\u00e3o soberbo<\/strong><br \/>\n\u201cO Esp\u00edrito escolhe o pequeno, sempre\u201d, destacou ainda Francisco, porque n\u00e3o pode entrar no grande, no soberbo, no autossuficiente\u201d. \u00c9 no cora\u00e7\u00e3o pequeno que acontece a revela\u00e7\u00e3o do Senhor.<\/p>\n<p>O Papa falou dos estudiosos de teologia para destacar que os te\u00f3logos \u201cn\u00e3o s\u00e3o aquelas pessoas que sabem tantas coisas de teologia\u201d, se assim fosse, poderiam ser chamados de \u2018enciclopedistas\u2019 da teologia: \u201cSabem tudo; mas s\u00e3o incapazes de fazer teologia porque a teologia se faz de joelhos, fazendo-se pequenos\u201d.<\/p>\n<p>E, portanto, enfatizou novamente que &#8220;o verdadeiro pastor seja ele sacerdote, bispo, papa, cardeal, qualquer que seja, se ele n\u00e3o se tornar pequeno, ele n\u00e3o \u00e9 um pastor&#8221;, ao contr\u00e1rio, ele \u00e9 um gerente de escrit\u00f3rio. E isso aplica-se a todos. &#8220;Do que tem uma fun\u00e7\u00e3o que parece mais importante na Igreja, \u00e0 pobre velhinha que faz as obras de caridade em segredo&#8221;. O Papa Francisco esclareceu ent\u00e3o uma d\u00favida que poderia surgir, isto \u00e9, que o caminho da pequenez conduz \u00e0 pusilanimidade que \u00e9 fechar-se em si mesmo, ao medo. E diz que, pelo contr\u00e1rio, &#8220;a pequenez \u00e9 grande&#8221; \u00e9 a capacidade de arriscar &#8220;porque n\u00e3o tem nada a perder&#8221;. E explicou que \u00e9 precisamente a pequenez que leva \u00e0 magnanimidade, porque nos torna capazes de ir al\u00e9m de n\u00f3s mesmos, sabendo que a grandeza a d\u00e1 Deus. E citou uma frase de S\u00e3o Tom\u00e1s de Aquino, contida em sua Suma teol\u00f3gica, que explica como deve se comportar um crist\u00e3o que se sente pequeno, diante dos desafios do mundo, para n\u00e3o viver como um covarde:<\/p>\n<p><img loading=\"lazy\" class=\"alignnone size-full wp-image-214437\" src=\"https:\/\/franciscanos.org.br\/noticias\/wp-content\/uploads\/2019\/12\/papa_0312_2.jpg\" alt=\"\" width=\"890\" height=\"501\" srcset=\"https:\/\/franciscanos.org.br\/noticias\/wp-content\/uploads\/2019\/12\/papa_0312_2.jpg 890w, https:\/\/franciscanos.org.br\/noticias\/wp-content\/uploads\/2019\/12\/papa_0312_2-450x253.jpg 450w, https:\/\/franciscanos.org.br\/noticias\/wp-content\/uploads\/2019\/12\/papa_0312_2-768x432.jpg 768w, https:\/\/franciscanos.org.br\/noticias\/wp-content\/uploads\/2019\/12\/papa_0312_2-150x84.jpg 150w\" sizes=\"(max-width: 890px) 100vw, 890px\" \/><\/p>\n<p>S\u00e3o Tom\u00e1s diz assim, o resumo \u00e9 o seguinte: &#8220;N\u00e3o ter medo das coisas grandes &#8211; S\u00e3o Francisco Xavier hoje, n\u00f3s o vimos &#8211; n\u00e3o ter medo, seguir em frente; mas levar em considera\u00e7\u00e3o as pequenas coisas, juntas, isto \u00e9 divino&#8221;. Um crist\u00e3o parte sempre da pequenez. Se eu na minha ora\u00e7\u00e3o me sinto pequeno, com as minhas limita\u00e7\u00f5es, meus pecados, como aquele publicano que rezou no fundo da igreja, envergonhado: &#8220;Tenha piedade de mim que sou pecador&#8221;, voc\u00ea ir\u00e1 para frente. Mas se voc\u00ea acredita ser um bom crist\u00e3o, rezar\u00e1 como aquele fariseu que n\u00e3o saiu justificado: &#8220;Dou-te gra\u00e7as, Deus, porque sou grande&#8221;. N\u00e3o, agrade\u00e7amos a Deus porque somos pequenos.<\/p>\n<p><strong>A concretude das confiss\u00f5es das crian\u00e7as<\/strong><br \/>\nO Papa Francisco concluiu a sua homilia dizendo que gosta tanto de administrar o sacramento da confiss\u00e3o e, acima de tudo, gosta de confessar as crian\u00e7as. Suas confiss\u00f5es, disse ele, s\u00e3o belas, porque contam os fatos concretos: &#8220;Eu disse esta palavra&#8221;, por exemplo, e a repetem para voc\u00ea. Finalmente, o Papa comenta: &#8220;A concretude daquele que \u00e9 pequeno. &#8220;Senhor, sou um pecador porque fa\u00e7o isto, isto, isto, isto&#8230; Esta \u00e9 a minha mis\u00e9ria, a minha pequenez. Mas envia o teu Esp\u00edrito para que eu n\u00e3o tenha medo das grandes coisas, n\u00e3o tenha medo de que fa\u00e7as grandes coisas na minha vida&#8221;.<\/p>\n<p><img loading=\"lazy\" class=\"alignnone size-full wp-image-214438\" src=\"https:\/\/franciscanos.org.br\/noticias\/wp-content\/uploads\/2019\/12\/papa_0312_3.jpg\" alt=\"\" width=\"890\" height=\"501\" srcset=\"https:\/\/franciscanos.org.br\/noticias\/wp-content\/uploads\/2019\/12\/papa_0312_3.jpg 890w, https:\/\/franciscanos.org.br\/noticias\/wp-content\/uploads\/2019\/12\/papa_0312_3-450x253.jpg 450w, https:\/\/franciscanos.org.br\/noticias\/wp-content\/uploads\/2019\/12\/papa_0312_3-768x432.jpg 768w, https:\/\/franciscanos.org.br\/noticias\/wp-content\/uploads\/2019\/12\/papa_0312_3-150x84.jpg 150w\" sizes=\"(max-width: 890px) 100vw, 890px\" \/><\/p>\n<hr \/>\n<p><em>Fonte: Vatican News<\/em><\/p>\n","protected":false},"excerpt":{"rendered":"<p>Missa em Santa Marta<\/p>\n","protected":false},"author":3,"featured_media":214435,"comment_status":"open","ping_status":"open","sticky":false,"template":"","format":"standard","meta":[],"categories":[1428],"tags":[829],"acf":[],"yoast_head":"<!-- This site is optimized with the Yoast SEO plugin v19.2 - https:\/\/yoast.com\/wordpress\/plugins\/seo\/ -->\n<title>Papa: hoje a Igreja faz o elogio da pequenez - Not\u00edcias - Franciscanos<\/title>\n<meta name=\"robots\" content=\"index, follow, max-snippet:-1, max-image-preview:large, max-video-preview:-1\" \/>\n<link rel=\"canonical\" href=\"https:\/\/franciscanos.org.br\/noticias\/papa-hoje-a-igreja-faz-o-elogio-da-pequenez.html\" \/>\n<meta property=\"og:locale\" content=\"pt_BR\" \/>\n<meta property=\"og:type\" content=\"article\" \/>\n<meta property=\"og:title\" content=\"Papa: hoje a Igreja faz o elogio da pequenez - Not\u00edcias - Franciscanos\" \/>\n<meta property=\"og:description\" content=\"Missa em Santa Marta\" \/>\n<meta property=\"og:url\" content=\"https:\/\/franciscanos.org.br\/noticias\/papa-hoje-a-igreja-faz-o-elogio-da-pequenez.html\" \/>\n<meta property=\"og:site_name\" content=\"Not\u00edcias - Franciscanos\" \/>\n<meta property=\"article:published_time\" content=\"2019-12-03T11:12:36+00:00\" \/>\n<meta property=\"article:modified_time\" content=\"2020-06-06T10:11:31+00:00\" \/>\n<meta property=\"og:image\" content=\"https:\/\/franciscanos.org.br\/noticias\/wp-content\/uploads\/2019\/12\/papa_0312d.jpg\" \/>\n\t<meta property=\"og:image:width\" content=\"273\" \/>\n\t<meta property=\"og:image:height\" content=\"181\" \/>\n\t<meta property=\"og:image:type\" content=\"image\/jpeg\" \/>\n<meta name=\"author\" content=\"moacir\" \/>\n<meta name=\"twitter:card\" content=\"summary_large_image\" \/>\n<meta name=\"twitter:label1\" content=\"Escrito por\" \/>\n\t<meta name=\"twitter:data1\" content=\"moacir\" \/>\n\t<meta name=\"twitter:label2\" content=\"Est. tempo de leitura\" \/>\n\t<meta name=\"twitter:data2\" content=\"4 minutos\" \/>\n<script type=\"application\/ld+json\" class=\"yoast-schema-graph\">{\"@context\":\"https:\/\/schema.org\",\"@graph\":[{\"@type\":\"WebSite\",\"@id\":\"https:\/\/franciscanos.org.br\/noticias\/#website\",\"url\":\"https:\/\/franciscanos.org.br\/noticias\/\",\"name\":\"Not\u00edcias - Franciscanos\",\"description\":\"Prov\u00edncia Franciscana da Imaculada Concei\u00e7\u00e3o do Brasil - Ordem dos Frades Menores - OFM\",\"potentialAction\":[{\"@type\":\"SearchAction\",\"target\":{\"@type\":\"EntryPoint\",\"urlTemplate\":\"https:\/\/franciscanos.org.br\/noticias\/?s={search_term_string}\"},\"query-input\":\"required name=search_term_string\"}],\"inLanguage\":\"pt-BR\"},{\"@type\":\"ImageObject\",\"inLanguage\":\"pt-BR\",\"@id\":\"https:\/\/franciscanos.org.br\/noticias\/papa-hoje-a-igreja-faz-o-elogio-da-pequenez.html#primaryimage\",\"url\":\"https:\/\/franciscanos.org.br\/noticias\/wp-content\/uploads\/2019\/12\/papa_0312d.jpg\",\"contentUrl\":\"https:\/\/franciscanos.org.br\/noticias\/wp-content\/uploads\/2019\/12\/papa_0312d.jpg\",\"width\":273,\"height\":181},{\"@type\":\"WebPage\",\"@id\":\"https:\/\/franciscanos.org.br\/noticias\/papa-hoje-a-igreja-faz-o-elogio-da-pequenez.html#webpage\",\"url\":\"https:\/\/franciscanos.org.br\/noticias\/papa-hoje-a-igreja-faz-o-elogio-da-pequenez.html\",\"name\":\"Papa: hoje a Igreja faz o elogio da pequenez - Not\u00edcias - Franciscanos\",\"isPartOf\":{\"@id\":\"https:\/\/franciscanos.org.br\/noticias\/#website\"},\"primaryImageOfPage\":{\"@id\":\"https:\/\/franciscanos.org.br\/noticias\/papa-hoje-a-igreja-faz-o-elogio-da-pequenez.html#primaryimage\"},\"datePublished\":\"2019-12-03T11:12:36+00:00\",\"dateModified\":\"2020-06-06T10:11:31+00:00\",\"author\":{\"@id\":\"https:\/\/franciscanos.org.br\/noticias\/#\/schema\/person\/b5c8cba458c330ccff548b056e95a5d4\"},\"breadcrumb\":{\"@id\":\"https:\/\/franciscanos.org.br\/noticias\/papa-hoje-a-igreja-faz-o-elogio-da-pequenez.html#breadcrumb\"},\"inLanguage\":\"pt-BR\",\"potentialAction\":[{\"@type\":\"ReadAction\",\"target\":[\"https:\/\/franciscanos.org.br\/noticias\/papa-hoje-a-igreja-faz-o-elogio-da-pequenez.html\"]}]},{\"@type\":\"BreadcrumbList\",\"@id\":\"https:\/\/franciscanos.org.br\/noticias\/papa-hoje-a-igreja-faz-o-elogio-da-pequenez.html#breadcrumb\",\"itemListElement\":[{\"@type\":\"ListItem\",\"position\":1,\"name\":\"Home\",\"item\":\"https:\/\/franciscanos.org.br\/noticias\"},{\"@type\":\"ListItem\",\"position\":2,\"name\":\"Papa: hoje a Igreja faz o elogio da pequenez\"}]},{\"@type\":\"Person\",\"@id\":\"https:\/\/franciscanos.org.br\/noticias\/#\/schema\/person\/b5c8cba458c330ccff548b056e95a5d4\",\"name\":\"moacir\",\"image\":{\"@type\":\"ImageObject\",\"inLanguage\":\"pt-BR\",\"@id\":\"https:\/\/franciscanos.org.br\/noticias\/#\/schema\/person\/image\/\",\"url\":\"https:\/\/secure.gravatar.com\/avatar\/d08aa2ce4c8dd416d4479aa8536fcf64?s=96&d=mm&r=g\",\"contentUrl\":\"https:\/\/secure.gravatar.com\/avatar\/d08aa2ce4c8dd416d4479aa8536fcf64?s=96&d=mm&r=g\",\"caption\":\"moacir\"},\"url\":\"https:\/\/franciscanos.org.br\/noticias\/author\/moacir\"}]}<\/script>\n<!-- \/ Yoast SEO plugin. -->","yoast_head_json":{"title":"Papa: hoje a Igreja faz o elogio da pequenez - Not\u00edcias - Franciscanos","robots":{"index":"index","follow":"follow","max-snippet":"max-snippet:-1","max-image-preview":"max-image-preview:large","max-video-preview":"max-video-preview:-1"},"canonical":"https:\/\/franciscanos.org.br\/noticias\/papa-hoje-a-igreja-faz-o-elogio-da-pequenez.html","og_locale":"pt_BR","og_type":"article","og_title":"Papa: hoje a Igreja faz o elogio da pequenez - Not\u00edcias - Franciscanos","og_description":"Missa em Santa Marta","og_url":"https:\/\/franciscanos.org.br\/noticias\/papa-hoje-a-igreja-faz-o-elogio-da-pequenez.html","og_site_name":"Not\u00edcias - Franciscanos","article_published_time":"2019-12-03T11:12:36+00:00","article_modified_time":"2020-06-06T10:11:31+00:00","og_image":[{"width":273,"height":181,"url":"https:\/\/franciscanos.org.br\/noticias\/wp-content\/uploads\/2019\/12\/papa_0312d.jpg","type":"image\/jpeg"}],"author":"moacir","twitter_card":"summary_large_image","twitter_misc":{"Escrito por":"moacir","Est. tempo de leitura":"4 minutos"},"schema":{"@context":"https:\/\/schema.org","@graph":[{"@type":"WebSite","@id":"https:\/\/franciscanos.org.br\/noticias\/#website","url":"https:\/\/franciscanos.org.br\/noticias\/","name":"Not\u00edcias - Franciscanos","description":"Prov\u00edncia Franciscana da Imaculada Concei\u00e7\u00e3o do Brasil - Ordem dos Frades Menores - OFM","potentialAction":[{"@type":"SearchAction","target":{"@type":"EntryPoint","urlTemplate":"https:\/\/franciscanos.org.br\/noticias\/?s={search_term_string}"},"query-input":"required name=search_term_string"}],"inLanguage":"pt-BR"},{"@type":"ImageObject","inLanguage":"pt-BR","@id":"https:\/\/franciscanos.org.br\/noticias\/papa-hoje-a-igreja-faz-o-elogio-da-pequenez.html#primaryimage","url":"https:\/\/franciscanos.org.br\/noticias\/wp-content\/uploads\/2019\/12\/papa_0312d.jpg","contentUrl":"https:\/\/franciscanos.org.br\/noticias\/wp-content\/uploads\/2019\/12\/papa_0312d.jpg","width":273,"height":181},{"@type":"WebPage","@id":"https:\/\/franciscanos.org.br\/noticias\/papa-hoje-a-igreja-faz-o-elogio-da-pequenez.html#webpage","url":"https:\/\/franciscanos.org.br\/noticias\/papa-hoje-a-igreja-faz-o-elogio-da-pequenez.html","name":"Papa: hoje a Igreja faz o elogio da pequenez - Not\u00edcias - Franciscanos","isPartOf":{"@id":"https:\/\/franciscanos.org.br\/noticias\/#website"},"primaryImageOfPage":{"@id":"https:\/\/franciscanos.org.br\/noticias\/papa-hoje-a-igreja-faz-o-elogio-da-pequenez.html#primaryimage"},"datePublished":"2019-12-03T11:12:36+00:00","dateModified":"2020-06-06T10:11:31+00:00","author":{"@id":"https:\/\/franciscanos.org.br\/noticias\/#\/schema\/person\/b5c8cba458c330ccff548b056e95a5d4"},"breadcrumb":{"@id":"https:\/\/franciscanos.org.br\/noticias\/papa-hoje-a-igreja-faz-o-elogio-da-pequenez.html#breadcrumb"},"inLanguage":"pt-BR","potentialAction":[{"@type":"ReadAction","target":["https:\/\/franciscanos.org.br\/noticias\/papa-hoje-a-igreja-faz-o-elogio-da-pequenez.html"]}]},{"@type":"BreadcrumbList","@id":"https:\/\/franciscanos.org.br\/noticias\/papa-hoje-a-igreja-faz-o-elogio-da-pequenez.html#breadcrumb","itemListElement":[{"@type":"ListItem","position":1,"name":"Home","item":"https:\/\/franciscanos.org.br\/noticias"},{"@type":"ListItem","position":2,"name":"Papa: hoje a Igreja faz o elogio da pequenez"}]},{"@type":"Person","@id":"https:\/\/franciscanos.org.br\/noticias\/#\/schema\/person\/b5c8cba458c330ccff548b056e95a5d4","name":"moacir","image":{"@type":"ImageObject","inLanguage":"pt-BR","@id":"https:\/\/franciscanos.org.br\/noticias\/#\/schema\/person\/image\/","url":"https:\/\/secure.gravatar.com\/avatar\/d08aa2ce4c8dd416d4479aa8536fcf64?s=96&d=mm&r=g","contentUrl":"https:\/\/secure.gravatar.com\/avatar\/d08aa2ce4c8dd416d4479aa8536fcf64?s=96&d=mm&r=g","caption":"moacir"},"url":"https:\/\/franciscanos.org.br\/noticias\/author\/moacir"}]}},"_links":{"self":[{"href":"https:\/\/franciscanos.org.br\/noticias\/wp-json\/wp\/v2\/posts\/214433"}],"collection":[{"href":"https:\/\/franciscanos.org.br\/noticias\/wp-json\/wp\/v2\/posts"}],"about":[{"href":"https:\/\/franciscanos.org.br\/noticias\/wp-json\/wp\/v2\/types\/post"}],"author":[{"embeddable":true,"href":"https:\/\/franciscanos.org.br\/noticias\/wp-json\/wp\/v2\/users\/3"}],"replies":[{"embeddable":true,"href":"https:\/\/franciscanos.org.br\/noticias\/wp-json\/wp\/v2\/comments?post=214433"}],"version-history":[{"count":1,"href":"https:\/\/franciscanos.org.br\/noticias\/wp-json\/wp\/v2\/posts\/214433\/revisions"}],"predecessor-version":[{"id":224415,"href":"https:\/\/franciscanos.org.br\/noticias\/wp-json\/wp\/v2\/posts\/214433\/revisions\/224415"}],"wp:featuredmedia":[{"embeddable":true,"href":"https:\/\/franciscanos.org.br\/noticias\/wp-json\/wp\/v2\/media\/214435"}],"wp:attachment":[{"href":"https:\/\/franciscanos.org.br\/noticias\/wp-json\/wp\/v2\/media?parent=214433"}],"wp:term":[{"taxonomy":"category","embeddable":true,"href":"https:\/\/franciscanos.org.br\/noticias\/wp-json\/wp\/v2\/categories?post=214433"},{"taxonomy":"post_tag","embeddable":true,"href":"https:\/\/franciscanos.org.br\/noticias\/wp-json\/wp\/v2\/tags?post=214433"}],"curies":[{"name":"wp","href":"https:\/\/api.w.org\/{rel}","templated":true}]}}