{"id":214371,"date":"2019-12-02T13:16:36","date_gmt":"2019-12-02T16:16:36","guid":{"rendered":"https:\/\/franciscanos.org.br\/noticias\/?p=214371"},"modified":"2019-12-06T17:29:48","modified_gmt":"2019-12-06T20:29:48","slug":"provincia-celebra-jubileus-2019","status":"publish","type":"post","link":"https:\/\/franciscanos.org.br\/noticias\/provincia-celebra-jubileus-2019.html","title":{"rendered":"Prov\u00edncia celebra Jubileus 2019"},"content":{"rendered":"<p><img loading=\"lazy\" class=\"size-full wp-image-214342 alignright\" src=\"https:\/\/franciscanos.org.br\/noticias\/wp-content\/uploads\/2019\/12\/Jubilandos2.jpg\" alt=\"\" width=\"400\" height=\"548\" srcset=\"https:\/\/franciscanos.org.br\/noticias\/wp-content\/uploads\/2019\/12\/Jubilandos2.jpg 400w, https:\/\/franciscanos.org.br\/noticias\/wp-content\/uploads\/2019\/12\/Jubilandos2-328x450.jpg 328w, https:\/\/franciscanos.org.br\/noticias\/wp-content\/uploads\/2019\/12\/Jubilandos2-150x206.jpg 150w\" sizes=\"(max-width: 400px) 100vw, 400px\" \/>A Fraternidade do Sagrado Cora\u00e7\u00e3o de Jesus, em Petr\u00f3polis, RJ, receber\u00e1 nos dias de 4 a 6 de dezembro os frades da Prov\u00edncia Franciscana da Imaculada Concei\u00e7\u00e3o que celebram seus jubileus neste ano. Ao todo, 36 frades celebram a\u00e7\u00e3o de gra\u00e7as pelos 25, 50, 60, 65 e 70, 71, 72 73, 75, 77 e 78 anos de Vida Religiosa ou Sacerdotal. No dia 9, \u00e0s 10 horas, a celebra\u00e7\u00e3o acontece em Bragan\u00e7a Paulista (SP), com os frades enfermos (ou mais idosos).<\/p>\n<p>Celebrar o jubileu \u00e9 retomar toda a caminhada vocacional para atualiz\u00e1-la no presente, em forma de a\u00e7\u00e3o de gra\u00e7as. No dia do Jubileu, o irm\u00e3o tamb\u00e9m renova o compromisso assumido h\u00e1 25, 50, 60, 65 e 70 anos, declarando o segredo mais profundo que o animou, tanto na vida religiosa como na vida sacerdotal: \u201cSenhor, a minha vida est\u00e1 nas tuas m\u00e3os\u201d.<\/p>\n<p>Na celebra\u00e7\u00e3o dos jubileus, a Prov\u00edncia agradece o dom da voca\u00e7\u00e3o de cada um desses irm\u00e3os. Em primeiro lugar, a voca\u00e7\u00e3o \u00e0 vida religiosa franciscana. \u201cO Senhor me concedeu viver esta forma e Regra de vida\u201d, ensina S\u00e3o Francisco de Assis. Em segundo lugar, destaca-se a voca\u00e7\u00e3o presbiteral dos confrades que celebram seu jubileu sacerdotal.<\/p>\n<p>Para cada jubilando em particular, a celebra\u00e7\u00e3o jubilar \u00e9 uma ocasi\u00e3o singular que possibilita ao confrade fazer a releitura da sua voca\u00e7\u00e3o de frade menor ou a sua voca\u00e7\u00e3o de sacerdote do Alt\u00edssimo. A releitura implica numa parada. Parada para rever, discernir e retomar o \u201cponto de partida\u201d da sua consagra\u00e7\u00e3o a Deus na vida religiosa ou sacerdotal.<\/p>\n<p><img loading=\"lazy\" class=\"alignnone size-full wp-image-214393\" src=\"https:\/\/franciscanos.org.br\/noticias\/wp-content\/uploads\/2019\/12\/1.jpg\" alt=\"\" width=\"840\" height=\"433\" srcset=\"https:\/\/franciscanos.org.br\/noticias\/wp-content\/uploads\/2019\/12\/1.jpg 840w, https:\/\/franciscanos.org.br\/noticias\/wp-content\/uploads\/2019\/12\/1-450x232.jpg 450w, https:\/\/franciscanos.org.br\/noticias\/wp-content\/uploads\/2019\/12\/1-768x396.jpg 768w, https:\/\/franciscanos.org.br\/noticias\/wp-content\/uploads\/2019\/12\/1-150x77.jpg 150w\" sizes=\"(max-width: 840px) 100vw, 840px\" \/><\/p>\n<p>&nbsp;<\/p>\n<p><img loading=\"lazy\" class=\"alignnone size-full wp-image-214394\" src=\"https:\/\/franciscanos.org.br\/noticias\/wp-content\/uploads\/2019\/12\/2.jpg\" alt=\"\" width=\"840\" height=\"375\" srcset=\"https:\/\/franciscanos.org.br\/noticias\/wp-content\/uploads\/2019\/12\/2.jpg 840w, https:\/\/franciscanos.org.br\/noticias\/wp-content\/uploads\/2019\/12\/2-450x201.jpg 450w, https:\/\/franciscanos.org.br\/noticias\/wp-content\/uploads\/2019\/12\/2-768x343.jpg 768w, https:\/\/franciscanos.org.br\/noticias\/wp-content\/uploads\/2019\/12\/2-150x67.jpg 150w\" sizes=\"(max-width: 840px) 100vw, 840px\" \/><\/p>\n<p>&nbsp;<\/p>\n<p><img loading=\"lazy\" class=\"alignnone size-full wp-image-214395\" src=\"https:\/\/franciscanos.org.br\/noticias\/wp-content\/uploads\/2019\/12\/3.jpg\" alt=\"\" width=\"840\" height=\"519\" srcset=\"https:\/\/franciscanos.org.br\/noticias\/wp-content\/uploads\/2019\/12\/3.jpg 840w, https:\/\/franciscanos.org.br\/noticias\/wp-content\/uploads\/2019\/12\/3-450x278.jpg 450w, https:\/\/franciscanos.org.br\/noticias\/wp-content\/uploads\/2019\/12\/3-768x475.jpg 768w, https:\/\/franciscanos.org.br\/noticias\/wp-content\/uploads\/2019\/12\/3-150x93.jpg 150w\" sizes=\"(max-width: 840px) 100vw, 840px\" \/><\/p>\n<p>&nbsp;<\/p>\n<p><img loading=\"lazy\" class=\"alignnone size-full wp-image-214396\" src=\"https:\/\/franciscanos.org.br\/noticias\/wp-content\/uploads\/2019\/12\/4.jpg\" alt=\"\" width=\"840\" height=\"346\" srcset=\"https:\/\/franciscanos.org.br\/noticias\/wp-content\/uploads\/2019\/12\/4.jpg 840w, https:\/\/franciscanos.org.br\/noticias\/wp-content\/uploads\/2019\/12\/4-450x185.jpg 450w, https:\/\/franciscanos.org.br\/noticias\/wp-content\/uploads\/2019\/12\/4-768x316.jpg 768w, https:\/\/franciscanos.org.br\/noticias\/wp-content\/uploads\/2019\/12\/4-150x62.jpg 150w\" sizes=\"(max-width: 840px) 100vw, 840px\" \/><\/p>\n<p>&nbsp;<\/p>\n<p><img loading=\"lazy\" class=\"alignnone size-full wp-image-214397\" src=\"https:\/\/franciscanos.org.br\/noticias\/wp-content\/uploads\/2019\/12\/5.jpg\" alt=\"\" width=\"840\" height=\"416\" srcset=\"https:\/\/franciscanos.org.br\/noticias\/wp-content\/uploads\/2019\/12\/5.jpg 840w, https:\/\/franciscanos.org.br\/noticias\/wp-content\/uploads\/2019\/12\/5-450x223.jpg 450w, https:\/\/franciscanos.org.br\/noticias\/wp-content\/uploads\/2019\/12\/5-768x380.jpg 768w, https:\/\/franciscanos.org.br\/noticias\/wp-content\/uploads\/2019\/12\/5-150x74.jpg 150w\" sizes=\"(max-width: 840px) 100vw, 840px\" \/><\/p>\n<p>&nbsp;<\/p>\n<p><img loading=\"lazy\" class=\"alignnone size-full wp-image-214398\" src=\"https:\/\/franciscanos.org.br\/noticias\/wp-content\/uploads\/2019\/12\/6.jpg\" alt=\"\" width=\"840\" height=\"559\" srcset=\"https:\/\/franciscanos.org.br\/noticias\/wp-content\/uploads\/2019\/12\/6.jpg 840w, https:\/\/franciscanos.org.br\/noticias\/wp-content\/uploads\/2019\/12\/6-450x299.jpg 450w, https:\/\/franciscanos.org.br\/noticias\/wp-content\/uploads\/2019\/12\/6-768x511.jpg 768w, https:\/\/franciscanos.org.br\/noticias\/wp-content\/uploads\/2019\/12\/6-150x100.jpg 150w\" sizes=\"(max-width: 840px) 100vw, 840px\" \/><\/p>\n<p>&nbsp;<\/p>\n","protected":false},"excerpt":{"rendered":"<p>Jubilandos<\/p>\n","protected":false},"author":7,"featured_media":214419,"comment_status":"open","ping_status":"open","sticky":false,"template":"","format":"standard","meta":[],"categories":[1],"tags":[332],"acf":[],"yoast_head":"<!-- This site is optimized with the Yoast SEO plugin v19.2 - https:\/\/yoast.com\/wordpress\/plugins\/seo\/ -->\n<title>Prov\u00edncia celebra Jubileus 2019 - Not\u00edcias - Franciscanos<\/title>\n<meta name=\"robots\" content=\"index, follow, max-snippet:-1, max-image-preview:large, max-video-preview:-1\" \/>\n<link rel=\"canonical\" href=\"https:\/\/franciscanos.org.br\/noticias\/provincia-celebra-jubileus-2019.html\" \/>\n<meta property=\"og:locale\" content=\"pt_BR\" \/>\n<meta property=\"og:type\" content=\"article\" \/>\n<meta property=\"og:title\" content=\"Prov\u00edncia celebra Jubileus 2019 - Not\u00edcias - Franciscanos\" \/>\n<meta property=\"og:description\" content=\"Jubilandos\" \/>\n<meta property=\"og:url\" content=\"https:\/\/franciscanos.org.br\/noticias\/provincia-celebra-jubileus-2019.html\" \/>\n<meta property=\"og:site_name\" content=\"Not\u00edcias - Franciscanos\" \/>\n<meta property=\"article:published_time\" content=\"2019-12-02T16:16:36+00:00\" \/>\n<meta property=\"article:modified_time\" content=\"2019-12-06T20:29:48+00:00\" \/>\n<meta property=\"og:image\" content=\"https:\/\/franciscanos.org.br\/noticias\/wp-content\/uploads\/2019\/12\/Jubilandos2-1.jpg\" \/>\n\t<meta property=\"og:image:width\" content=\"273\" \/>\n\t<meta property=\"og:image:height\" content=\"181\" \/>\n\t<meta property=\"og:image:type\" content=\"image\/jpeg\" \/>\n<meta name=\"author\" content=\"jovenal\" \/>\n<meta name=\"twitter:card\" content=\"summary_large_image\" \/>\n<meta name=\"twitter:label1\" content=\"Escrito por\" \/>\n\t<meta name=\"twitter:data1\" content=\"jovenal\" \/>\n\t<meta name=\"twitter:label2\" content=\"Est. tempo de leitura\" \/>\n\t<meta name=\"twitter:data2\" content=\"1 minuto\" \/>\n<script type=\"application\/ld+json\" class=\"yoast-schema-graph\">{\"@context\":\"https:\/\/schema.org\",\"@graph\":[{\"@type\":\"WebSite\",\"@id\":\"https:\/\/franciscanos.org.br\/noticias\/#website\",\"url\":\"https:\/\/franciscanos.org.br\/noticias\/\",\"name\":\"Not\u00edcias - Franciscanos\",\"description\":\"Prov\u00edncia Franciscana da Imaculada Concei\u00e7\u00e3o do Brasil - Ordem dos Frades Menores - OFM\",\"potentialAction\":[{\"@type\":\"SearchAction\",\"target\":{\"@type\":\"EntryPoint\",\"urlTemplate\":\"https:\/\/franciscanos.org.br\/noticias\/?s={search_term_string}\"},\"query-input\":\"required name=search_term_string\"}],\"inLanguage\":\"pt-BR\"},{\"@type\":\"ImageObject\",\"inLanguage\":\"pt-BR\",\"@id\":\"https:\/\/franciscanos.org.br\/noticias\/provincia-celebra-jubileus-2019.html#primaryimage\",\"url\":\"https:\/\/franciscanos.org.br\/noticias\/wp-content\/uploads\/2019\/12\/Jubilandos2-1.jpg\",\"contentUrl\":\"https:\/\/franciscanos.org.br\/noticias\/wp-content\/uploads\/2019\/12\/Jubilandos2-1.jpg\",\"width\":273,\"height\":181},{\"@type\":\"WebPage\",\"@id\":\"https:\/\/franciscanos.org.br\/noticias\/provincia-celebra-jubileus-2019.html#webpage\",\"url\":\"https:\/\/franciscanos.org.br\/noticias\/provincia-celebra-jubileus-2019.html\",\"name\":\"Prov\u00edncia celebra Jubileus 2019 - Not\u00edcias - Franciscanos\",\"isPartOf\":{\"@id\":\"https:\/\/franciscanos.org.br\/noticias\/#website\"},\"primaryImageOfPage\":{\"@id\":\"https:\/\/franciscanos.org.br\/noticias\/provincia-celebra-jubileus-2019.html#primaryimage\"},\"datePublished\":\"2019-12-02T16:16:36+00:00\",\"dateModified\":\"2019-12-06T20:29:48+00:00\",\"author\":{\"@id\":\"https:\/\/franciscanos.org.br\/noticias\/#\/schema\/person\/c3a26b08313dd1772495ce300ab257cc\"},\"breadcrumb\":{\"@id\":\"https:\/\/franciscanos.org.br\/noticias\/provincia-celebra-jubileus-2019.html#breadcrumb\"},\"inLanguage\":\"pt-BR\",\"potentialAction\":[{\"@type\":\"ReadAction\",\"target\":[\"https:\/\/franciscanos.org.br\/noticias\/provincia-celebra-jubileus-2019.html\"]}]},{\"@type\":\"BreadcrumbList\",\"@id\":\"https:\/\/franciscanos.org.br\/noticias\/provincia-celebra-jubileus-2019.html#breadcrumb\",\"itemListElement\":[{\"@type\":\"ListItem\",\"position\":1,\"name\":\"Home\",\"item\":\"https:\/\/franciscanos.org.br\/noticias\"},{\"@type\":\"ListItem\",\"position\":2,\"name\":\"Prov\u00edncia celebra Jubileus 2019\"}]},{\"@type\":\"Person\",\"@id\":\"https:\/\/franciscanos.org.br\/noticias\/#\/schema\/person\/c3a26b08313dd1772495ce300ab257cc\",\"name\":\"jovenal\",\"image\":{\"@type\":\"ImageObject\",\"inLanguage\":\"pt-BR\",\"@id\":\"https:\/\/franciscanos.org.br\/noticias\/#\/schema\/person\/image\/\",\"url\":\"https:\/\/secure.gravatar.com\/avatar\/e94509f531086e2eaf97e72f29ea00f9?s=96&d=mm&r=g\",\"contentUrl\":\"https:\/\/secure.gravatar.com\/avatar\/e94509f531086e2eaf97e72f29ea00f9?s=96&d=mm&r=g\",\"caption\":\"jovenal\"},\"url\":\"https:\/\/franciscanos.org.br\/noticias\/author\/jovenal\"}]}<\/script>\n<!-- \/ Yoast SEO plugin. -->","yoast_head_json":{"title":"Prov\u00edncia celebra Jubileus 2019 - Not\u00edcias - Franciscanos","robots":{"index":"index","follow":"follow","max-snippet":"max-snippet:-1","max-image-preview":"max-image-preview:large","max-video-preview":"max-video-preview:-1"},"canonical":"https:\/\/franciscanos.org.br\/noticias\/provincia-celebra-jubileus-2019.html","og_locale":"pt_BR","og_type":"article","og_title":"Prov\u00edncia celebra Jubileus 2019 - Not\u00edcias - Franciscanos","og_description":"Jubilandos","og_url":"https:\/\/franciscanos.org.br\/noticias\/provincia-celebra-jubileus-2019.html","og_site_name":"Not\u00edcias - Franciscanos","article_published_time":"2019-12-02T16:16:36+00:00","article_modified_time":"2019-12-06T20:29:48+00:00","og_image":[{"width":273,"height":181,"url":"https:\/\/franciscanos.org.br\/noticias\/wp-content\/uploads\/2019\/12\/Jubilandos2-1.jpg","type":"image\/jpeg"}],"author":"jovenal","twitter_card":"summary_large_image","twitter_misc":{"Escrito por":"jovenal","Est. tempo de leitura":"1 minuto"},"schema":{"@context":"https:\/\/schema.org","@graph":[{"@type":"WebSite","@id":"https:\/\/franciscanos.org.br\/noticias\/#website","url":"https:\/\/franciscanos.org.br\/noticias\/","name":"Not\u00edcias - Franciscanos","description":"Prov\u00edncia Franciscana da Imaculada Concei\u00e7\u00e3o do Brasil - Ordem dos Frades Menores - OFM","potentialAction":[{"@type":"SearchAction","target":{"@type":"EntryPoint","urlTemplate":"https:\/\/franciscanos.org.br\/noticias\/?s={search_term_string}"},"query-input":"required name=search_term_string"}],"inLanguage":"pt-BR"},{"@type":"ImageObject","inLanguage":"pt-BR","@id":"https:\/\/franciscanos.org.br\/noticias\/provincia-celebra-jubileus-2019.html#primaryimage","url":"https:\/\/franciscanos.org.br\/noticias\/wp-content\/uploads\/2019\/12\/Jubilandos2-1.jpg","contentUrl":"https:\/\/franciscanos.org.br\/noticias\/wp-content\/uploads\/2019\/12\/Jubilandos2-1.jpg","width":273,"height":181},{"@type":"WebPage","@id":"https:\/\/franciscanos.org.br\/noticias\/provincia-celebra-jubileus-2019.html#webpage","url":"https:\/\/franciscanos.org.br\/noticias\/provincia-celebra-jubileus-2019.html","name":"Prov\u00edncia celebra Jubileus 2019 - Not\u00edcias - Franciscanos","isPartOf":{"@id":"https:\/\/franciscanos.org.br\/noticias\/#website"},"primaryImageOfPage":{"@id":"https:\/\/franciscanos.org.br\/noticias\/provincia-celebra-jubileus-2019.html#primaryimage"},"datePublished":"2019-12-02T16:16:36+00:00","dateModified":"2019-12-06T20:29:48+00:00","author":{"@id":"https:\/\/franciscanos.org.br\/noticias\/#\/schema\/person\/c3a26b08313dd1772495ce300ab257cc"},"breadcrumb":{"@id":"https:\/\/franciscanos.org.br\/noticias\/provincia-celebra-jubileus-2019.html#breadcrumb"},"inLanguage":"pt-BR","potentialAction":[{"@type":"ReadAction","target":["https:\/\/franciscanos.org.br\/noticias\/provincia-celebra-jubileus-2019.html"]}]},{"@type":"BreadcrumbList","@id":"https:\/\/franciscanos.org.br\/noticias\/provincia-celebra-jubileus-2019.html#breadcrumb","itemListElement":[{"@type":"ListItem","position":1,"name":"Home","item":"https:\/\/franciscanos.org.br\/noticias"},{"@type":"ListItem","position":2,"name":"Prov\u00edncia celebra Jubileus 2019"}]},{"@type":"Person","@id":"https:\/\/franciscanos.org.br\/noticias\/#\/schema\/person\/c3a26b08313dd1772495ce300ab257cc","name":"jovenal","image":{"@type":"ImageObject","inLanguage":"pt-BR","@id":"https:\/\/franciscanos.org.br\/noticias\/#\/schema\/person\/image\/","url":"https:\/\/secure.gravatar.com\/avatar\/e94509f531086e2eaf97e72f29ea00f9?s=96&d=mm&r=g","contentUrl":"https:\/\/secure.gravatar.com\/avatar\/e94509f531086e2eaf97e72f29ea00f9?s=96&d=mm&r=g","caption":"jovenal"},"url":"https:\/\/franciscanos.org.br\/noticias\/author\/jovenal"}]}},"_links":{"self":[{"href":"https:\/\/franciscanos.org.br\/noticias\/wp-json\/wp\/v2\/posts\/214371"}],"collection":[{"href":"https:\/\/franciscanos.org.br\/noticias\/wp-json\/wp\/v2\/posts"}],"about":[{"href":"https:\/\/franciscanos.org.br\/noticias\/wp-json\/wp\/v2\/types\/post"}],"author":[{"embeddable":true,"href":"https:\/\/franciscanos.org.br\/noticias\/wp-json\/wp\/v2\/users\/7"}],"replies":[{"embeddable":true,"href":"https:\/\/franciscanos.org.br\/noticias\/wp-json\/wp\/v2\/comments?post=214371"}],"version-history":[{"count":0,"href":"https:\/\/franciscanos.org.br\/noticias\/wp-json\/wp\/v2\/posts\/214371\/revisions"}],"wp:featuredmedia":[{"embeddable":true,"href":"https:\/\/franciscanos.org.br\/noticias\/wp-json\/wp\/v2\/media\/214419"}],"wp:attachment":[{"href":"https:\/\/franciscanos.org.br\/noticias\/wp-json\/wp\/v2\/media?parent=214371"}],"wp:term":[{"taxonomy":"category","embeddable":true,"href":"https:\/\/franciscanos.org.br\/noticias\/wp-json\/wp\/v2\/categories?post=214371"},{"taxonomy":"post_tag","embeddable":true,"href":"https:\/\/franciscanos.org.br\/noticias\/wp-json\/wp\/v2\/tags?post=214371"}],"curies":[{"name":"wp","href":"https:\/\/api.w.org\/{rel}","templated":true}]}}