{"id":21437,"date":"2010-08-03T13:17:18","date_gmt":"2010-08-03T16:17:18","guid":{"rendered":"http:\/\/new.franciscanos.org.br\/?p=21437"},"modified":"2019-02-04T10:55:15","modified_gmt":"2019-02-04T12:55:15","slug":"em-comunhao-fraterna-enviados-a-evangelizar","status":"publish","type":"post","link":"https:\/\/franciscanos.org.br\/noticias\/em-comunhao-fraterna-enviados-a-evangelizar.html","title":{"rendered":"Em comunh\u00e3o fraterna, enviados a Evangelizar"},"content":{"rendered":"<p align=\"left\"><img loading=\"lazy\" class=\"alignnone size-full wp-image-199204\" src=\"https:\/\/franciscanos.org.br\/noticias\/wp-content\/uploads\/2010\/08\/2909_030812.jpg\" alt=\"\" width=\"830\" height=\"578\" srcset=\"https:\/\/franciscanos.org.br\/noticias\/wp-content\/uploads\/2010\/08\/2909_030812.jpg 830w, https:\/\/franciscanos.org.br\/noticias\/wp-content\/uploads\/2010\/08\/2909_030812-450x313.jpg 450w, https:\/\/franciscanos.org.br\/noticias\/wp-content\/uploads\/2010\/08\/2909_030812-768x535.jpg 768w, https:\/\/franciscanos.org.br\/noticias\/wp-content\/uploads\/2010\/08\/2909_030812-150x104.jpg 150w\" sizes=\"(max-width: 830px) 100vw, 830px\" \/><\/p>\n<p><strong>Luanda (Angola)<\/strong>\u00a0&#8211; J\u00e1 h\u00e1 uma semana saboreamos o gosto do Cap\u00edtulo, com a visita de Frei Fid\u00eancio Vanboemmel, Ministro Provincial, e Frei Est\u00eav\u00e3o Ottenbreit, Vig\u00e1rio Provincial e Visitador, aos frades e \u00e0s fraternidades da Funda\u00e7\u00e3o Imaculada M\u00e3e de Deus de Angola (FIMDA). \u00c9 revitalizante a presen\u00e7a dos \u201cirm\u00e3os mais velhos\u201d entre n\u00f3s! Este ano, celebramos vinte anos de presen\u00e7a de nossa Ordem em Angola.<\/p>\n<p align=\"left\">Desde \u00e0 tarde do domingo, os irm\u00e3os das fraternidades mais distantes come\u00e7aram a chegar para este Encontro de Celebra\u00e7\u00e3o da Vida Fraterna. Com muita alegria, foi-se colocando as conversas em dia. Assim pudemos, na tarde de hoje, dia 5 de abril, \u00e0s 16 horas, iniciar, na Fraternidade S\u00e3o Francisco de Assis (Bairro Palanca, Luanda), o primeiro Cap\u00edtulo da Funda\u00e7\u00e3o Imaculada M\u00e3e de Deus de Angola. O tema \u00e9 \u201cEm comunh\u00e3o Fraterna Enviados a Evangelizar\u201d, motivados pela passagem evang\u00e9lica \u201cE os enviou dois a dois&#8230;\u201d (Lc 10,2).<\/p>\n<p align=\"left\">A celebra\u00e7\u00e3o, que marcou o in\u00edcio deste encontro fraterno, foi realizada na Capela interna da Fraternidade e foi presidida pelo Ministro Provincial, Frei Fid\u00eancio, e concelebrada pelo Vig\u00e1rio Provincial, Frei Estev\u00e3o e pelos demais Frades sacerdotes que trabalham na Miss\u00e3o de Angola; a mesma foi animada pela Fraternidade Monte Alverne (Aspirantado, Malanje), com a ajuda dos Frades Estudantes. Nesta celebra\u00e7\u00e3o estiveram presentes 22 frades.<\/p>\n<p align=\"left\">Na homilia, Frei Fid\u00eancio, partindo dos textos lit\u00fargicos desta segunda-feira da oitava de P\u00e1scoa, lembrou aos frades que \u201cn\u00f3s viemos para este cap\u00edtulo para retomar o vigor prof\u00e9tico da nossa vida, da nossa voca\u00e7\u00e3o. Revermos tamb\u00e9m como estamos dentro desta miss\u00e3o da Igreja, dentro desta miss\u00e3o da Ordem. Dentro desta extens\u00e3o maravilhosa, o bra\u00e7o mais bonito, creio eu, que a nossa Prov\u00edncia tem. Extens\u00e3o das m\u00e3os de cada fraternidade da Prov\u00edncia da Imaculada\u201d.<\/p>\n<p align=\"left\">A seguir animou os irm\u00e3os a vencerem o medo e a duras experi\u00eancias: \u201c\u00c9 claro que na caminhada passamos, muitas vezes, pelas mesmas experi\u00eancias que os Ap\u00f3stolos passaram: \u00e0s vezes o medo toma conta, as experi\u00eancias de morte que fazemos de n\u00f3s mesmos e, sobretudo, quando deixamos de fazer brilhar em n\u00f3s o que \u00e9 o essencial de nossas vidas; mas, tamb\u00e9m, estamos aqui para sentir o &#8216;alegre an\u00fancio da Ressurrei\u00e7\u00e3o'&#8221;, acrescentou.<\/p>\n<p align=\"left\">Por fim, exortou os irm\u00e3os a fazerem a experi\u00eancia do Ressuscitado em nosso Cap\u00edtulo: \u201cAcima de tudo, vem o Ressuscitado, o Mensageiro, ao nosso encontro e diz \u2018N\u00e3o tenhais medo, vamos para a Galileia\u2019. Talvez a Galileia seja este espa\u00e7o comum que partilhamos, este espa\u00e7o comum que partilharemos ao longo desta semana, para aqui fazermos a experi\u00eancia de ver o Senhor Ressuscitado, na nossa vida pessoal, ver o Senhor Ressuscitado em nossa Miss\u00e3o, ver o Senhor Ressuscitado em nossas Fraternidades. Que o Esp\u00edrito santo nos ajude, nos encoraje, nos congregue, nos fortale\u00e7a para podermos celebrar, neste esp\u00edrito pascal, a alegria do Senhor vivo entre n\u00f3s&#8221;.<\/p>\n<p align=\"left\">Ap\u00f3s a celebra\u00e7\u00e3o, dirigimos-nos para um dos Locut\u00f3rios do Mosteiro das Irm\u00e3s Clarissas, nossas vizinhas, onde realizaremos o Cap\u00edtulo.<\/p>\n<p align=\"left\">O Cap\u00edtulo come\u00e7ou com palavras de sauda\u00e7\u00e3o do Frei \u00c2ngelo Jos\u00e9 Luiz, Presidente da FIMDA, de Frei Fid\u00eancio, Ministro Provincial, e de Frei Estev\u00e3o, Vig\u00e1rio Provincial. Este falou da alegria de poder participar deste primeiro Cap\u00edtulo da Funda\u00e7\u00e3o, ap\u00f3s mais de vinte anos do contato que fez com o Bispo de Malange que deu in\u00edcio ao nosso servi\u00e7o mission\u00e1rio. Foi feita a Chamada dos convocados para o Cap\u00edtulo e registrou-se a aus\u00eancia do Frei Alex Ferreira da Silva, que ficou com os Aspirantes no Semin\u00e1rio Monte Alverne, em Malange. Assim somos 22 frades presentes no Cap\u00edtulo.<\/p>\n<p align=\"left\">No primeiro dia, a tarefa dos capitulares era aprovar o Regimento do Cap\u00edtulo e eleger o Secret\u00e1rio, os Moderadores, e distribuir outros servi\u00e7os. O dia terminou com um Encontro recreativo.<\/p>\n<p align=\"left\"><strong>Rezem por n\u00f3s, para que a \u201cMam\u00e3 Muxima\u201d nos proteja e d\u00ea coragem!<\/strong><\/p>\n<p align=\"left\"><strong>Frei Laerte de Farias dos Santos, OFM<\/strong><\/p>\n","protected":false},"excerpt":{"rendered":"<p>Miss\u00e3o em Angola<\/p>\n","protected":false},"author":1,"featured_media":199249,"comment_status":"open","ping_status":"open","sticky":false,"template":"","format":"standard","meta":[],"categories":[1],"tags":[360],"acf":[],"yoast_head":"<!-- This site is optimized with the Yoast SEO plugin v19.2 - https:\/\/yoast.com\/wordpress\/plugins\/seo\/ -->\n<title>Em comunh\u00e3o fraterna, enviados a Evangelizar - Not\u00edcias - Franciscanos<\/title>\n<meta name=\"robots\" content=\"index, follow, max-snippet:-1, max-image-preview:large, max-video-preview:-1\" \/>\n<link rel=\"canonical\" href=\"https:\/\/franciscanos.org.br\/noticias\/em-comunhao-fraterna-enviados-a-evangelizar.html\" \/>\n<meta property=\"og:locale\" content=\"pt_BR\" \/>\n<meta property=\"og:type\" content=\"article\" \/>\n<meta property=\"og:title\" content=\"Em comunh\u00e3o fraterna, enviados a Evangelizar - Not\u00edcias - Franciscanos\" \/>\n<meta property=\"og:description\" content=\"Miss\u00e3o em Angola\" \/>\n<meta property=\"og:url\" content=\"https:\/\/franciscanos.org.br\/noticias\/em-comunhao-fraterna-enviados-a-evangelizar.html\" \/>\n<meta property=\"og:site_name\" content=\"Not\u00edcias - Franciscanos\" \/>\n<meta property=\"article:published_time\" content=\"2010-08-03T16:17:18+00:00\" \/>\n<meta property=\"article:modified_time\" content=\"2019-02-04T12:55:15+00:00\" \/>\n<meta property=\"og:image\" content=\"https:\/\/franciscanos.org.br\/noticias\/wp-content\/uploads\/2010\/08\/angola_2.jpg\" \/>\n\t<meta property=\"og:image:width\" content=\"273\" \/>\n\t<meta property=\"og:image:height\" content=\"181\" \/>\n\t<meta property=\"og:image:type\" content=\"image\/jpeg\" \/>\n<meta name=\"author\" content=\"admin\" \/>\n<meta name=\"twitter:card\" content=\"summary_large_image\" \/>\n<meta name=\"twitter:label1\" content=\"Escrito por\" \/>\n\t<meta name=\"twitter:data1\" content=\"admin\" \/>\n\t<meta name=\"twitter:label2\" content=\"Est. tempo de leitura\" \/>\n\t<meta name=\"twitter:data2\" content=\"4 minutos\" \/>\n<script type=\"application\/ld+json\" class=\"yoast-schema-graph\">{\"@context\":\"https:\/\/schema.org\",\"@graph\":[{\"@type\":\"WebSite\",\"@id\":\"https:\/\/franciscanos.org.br\/noticias\/#website\",\"url\":\"https:\/\/franciscanos.org.br\/noticias\/\",\"name\":\"Not\u00edcias - Franciscanos\",\"description\":\"Prov\u00edncia Franciscana da Imaculada Concei\u00e7\u00e3o do Brasil - Ordem dos Frades Menores - OFM\",\"potentialAction\":[{\"@type\":\"SearchAction\",\"target\":{\"@type\":\"EntryPoint\",\"urlTemplate\":\"https:\/\/franciscanos.org.br\/noticias\/?s={search_term_string}\"},\"query-input\":\"required name=search_term_string\"}],\"inLanguage\":\"pt-BR\"},{\"@type\":\"ImageObject\",\"inLanguage\":\"pt-BR\",\"@id\":\"https:\/\/franciscanos.org.br\/noticias\/em-comunhao-fraterna-enviados-a-evangelizar.html#primaryimage\",\"url\":\"https:\/\/franciscanos.org.br\/noticias\/wp-content\/uploads\/2010\/08\/angola_2.jpg\",\"contentUrl\":\"https:\/\/franciscanos.org.br\/noticias\/wp-content\/uploads\/2010\/08\/angola_2.jpg\",\"width\":273,\"height\":181},{\"@type\":\"WebPage\",\"@id\":\"https:\/\/franciscanos.org.br\/noticias\/em-comunhao-fraterna-enviados-a-evangelizar.html#webpage\",\"url\":\"https:\/\/franciscanos.org.br\/noticias\/em-comunhao-fraterna-enviados-a-evangelizar.html\",\"name\":\"Em comunh\u00e3o fraterna, enviados a Evangelizar - Not\u00edcias - Franciscanos\",\"isPartOf\":{\"@id\":\"https:\/\/franciscanos.org.br\/noticias\/#website\"},\"primaryImageOfPage\":{\"@id\":\"https:\/\/franciscanos.org.br\/noticias\/em-comunhao-fraterna-enviados-a-evangelizar.html#primaryimage\"},\"datePublished\":\"2010-08-03T16:17:18+00:00\",\"dateModified\":\"2019-02-04T12:55:15+00:00\",\"author\":{\"@id\":\"https:\/\/franciscanos.org.br\/noticias\/#\/schema\/person\/b38fbf43118f02820bd932f2e4b14ad3\"},\"breadcrumb\":{\"@id\":\"https:\/\/franciscanos.org.br\/noticias\/em-comunhao-fraterna-enviados-a-evangelizar.html#breadcrumb\"},\"inLanguage\":\"pt-BR\",\"potentialAction\":[{\"@type\":\"ReadAction\",\"target\":[\"https:\/\/franciscanos.org.br\/noticias\/em-comunhao-fraterna-enviados-a-evangelizar.html\"]}]},{\"@type\":\"BreadcrumbList\",\"@id\":\"https:\/\/franciscanos.org.br\/noticias\/em-comunhao-fraterna-enviados-a-evangelizar.html#breadcrumb\",\"itemListElement\":[{\"@type\":\"ListItem\",\"position\":1,\"name\":\"Home\",\"item\":\"https:\/\/franciscanos.org.br\/noticias\"},{\"@type\":\"ListItem\",\"position\":2,\"name\":\"Em comunh\u00e3o fraterna, enviados a Evangelizar\"}]},{\"@type\":\"Person\",\"@id\":\"https:\/\/franciscanos.org.br\/noticias\/#\/schema\/person\/b38fbf43118f02820bd932f2e4b14ad3\",\"name\":\"admin\",\"image\":{\"@type\":\"ImageObject\",\"inLanguage\":\"pt-BR\",\"@id\":\"https:\/\/franciscanos.org.br\/noticias\/#\/schema\/person\/image\/\",\"url\":\"https:\/\/secure.gravatar.com\/avatar\/e8495742d34d0ba6448ea1c628263b3e?s=96&d=mm&r=g\",\"contentUrl\":\"https:\/\/secure.gravatar.com\/avatar\/e8495742d34d0ba6448ea1c628263b3e?s=96&d=mm&r=g\",\"caption\":\"admin\"},\"url\":\"https:\/\/franciscanos.org.br\/noticias\/author\/admin\"}]}<\/script>\n<!-- \/ Yoast SEO plugin. -->","yoast_head_json":{"title":"Em comunh\u00e3o fraterna, enviados a Evangelizar - Not\u00edcias - Franciscanos","robots":{"index":"index","follow":"follow","max-snippet":"max-snippet:-1","max-image-preview":"max-image-preview:large","max-video-preview":"max-video-preview:-1"},"canonical":"https:\/\/franciscanos.org.br\/noticias\/em-comunhao-fraterna-enviados-a-evangelizar.html","og_locale":"pt_BR","og_type":"article","og_title":"Em comunh\u00e3o fraterna, enviados a Evangelizar - Not\u00edcias - Franciscanos","og_description":"Miss\u00e3o em Angola","og_url":"https:\/\/franciscanos.org.br\/noticias\/em-comunhao-fraterna-enviados-a-evangelizar.html","og_site_name":"Not\u00edcias - Franciscanos","article_published_time":"2010-08-03T16:17:18+00:00","article_modified_time":"2019-02-04T12:55:15+00:00","og_image":[{"width":273,"height":181,"url":"https:\/\/franciscanos.org.br\/noticias\/wp-content\/uploads\/2010\/08\/angola_2.jpg","type":"image\/jpeg"}],"author":"admin","twitter_card":"summary_large_image","twitter_misc":{"Escrito por":"admin","Est. tempo de leitura":"4 minutos"},"schema":{"@context":"https:\/\/schema.org","@graph":[{"@type":"WebSite","@id":"https:\/\/franciscanos.org.br\/noticias\/#website","url":"https:\/\/franciscanos.org.br\/noticias\/","name":"Not\u00edcias - Franciscanos","description":"Prov\u00edncia Franciscana da Imaculada Concei\u00e7\u00e3o do Brasil - Ordem dos Frades Menores - OFM","potentialAction":[{"@type":"SearchAction","target":{"@type":"EntryPoint","urlTemplate":"https:\/\/franciscanos.org.br\/noticias\/?s={search_term_string}"},"query-input":"required name=search_term_string"}],"inLanguage":"pt-BR"},{"@type":"ImageObject","inLanguage":"pt-BR","@id":"https:\/\/franciscanos.org.br\/noticias\/em-comunhao-fraterna-enviados-a-evangelizar.html#primaryimage","url":"https:\/\/franciscanos.org.br\/noticias\/wp-content\/uploads\/2010\/08\/angola_2.jpg","contentUrl":"https:\/\/franciscanos.org.br\/noticias\/wp-content\/uploads\/2010\/08\/angola_2.jpg","width":273,"height":181},{"@type":"WebPage","@id":"https:\/\/franciscanos.org.br\/noticias\/em-comunhao-fraterna-enviados-a-evangelizar.html#webpage","url":"https:\/\/franciscanos.org.br\/noticias\/em-comunhao-fraterna-enviados-a-evangelizar.html","name":"Em comunh\u00e3o fraterna, enviados a Evangelizar - Not\u00edcias - Franciscanos","isPartOf":{"@id":"https:\/\/franciscanos.org.br\/noticias\/#website"},"primaryImageOfPage":{"@id":"https:\/\/franciscanos.org.br\/noticias\/em-comunhao-fraterna-enviados-a-evangelizar.html#primaryimage"},"datePublished":"2010-08-03T16:17:18+00:00","dateModified":"2019-02-04T12:55:15+00:00","author":{"@id":"https:\/\/franciscanos.org.br\/noticias\/#\/schema\/person\/b38fbf43118f02820bd932f2e4b14ad3"},"breadcrumb":{"@id":"https:\/\/franciscanos.org.br\/noticias\/em-comunhao-fraterna-enviados-a-evangelizar.html#breadcrumb"},"inLanguage":"pt-BR","potentialAction":[{"@type":"ReadAction","target":["https:\/\/franciscanos.org.br\/noticias\/em-comunhao-fraterna-enviados-a-evangelizar.html"]}]},{"@type":"BreadcrumbList","@id":"https:\/\/franciscanos.org.br\/noticias\/em-comunhao-fraterna-enviados-a-evangelizar.html#breadcrumb","itemListElement":[{"@type":"ListItem","position":1,"name":"Home","item":"https:\/\/franciscanos.org.br\/noticias"},{"@type":"ListItem","position":2,"name":"Em comunh\u00e3o fraterna, enviados a Evangelizar"}]},{"@type":"Person","@id":"https:\/\/franciscanos.org.br\/noticias\/#\/schema\/person\/b38fbf43118f02820bd932f2e4b14ad3","name":"admin","image":{"@type":"ImageObject","inLanguage":"pt-BR","@id":"https:\/\/franciscanos.org.br\/noticias\/#\/schema\/person\/image\/","url":"https:\/\/secure.gravatar.com\/avatar\/e8495742d34d0ba6448ea1c628263b3e?s=96&d=mm&r=g","contentUrl":"https:\/\/secure.gravatar.com\/avatar\/e8495742d34d0ba6448ea1c628263b3e?s=96&d=mm&r=g","caption":"admin"},"url":"https:\/\/franciscanos.org.br\/noticias\/author\/admin"}]}},"_links":{"self":[{"href":"https:\/\/franciscanos.org.br\/noticias\/wp-json\/wp\/v2\/posts\/21437"}],"collection":[{"href":"https:\/\/franciscanos.org.br\/noticias\/wp-json\/wp\/v2\/posts"}],"about":[{"href":"https:\/\/franciscanos.org.br\/noticias\/wp-json\/wp\/v2\/types\/post"}],"author":[{"embeddable":true,"href":"https:\/\/franciscanos.org.br\/noticias\/wp-json\/wp\/v2\/users\/1"}],"replies":[{"embeddable":true,"href":"https:\/\/franciscanos.org.br\/noticias\/wp-json\/wp\/v2\/comments?post=21437"}],"version-history":[{"count":0,"href":"https:\/\/franciscanos.org.br\/noticias\/wp-json\/wp\/v2\/posts\/21437\/revisions"}],"wp:featuredmedia":[{"embeddable":true,"href":"https:\/\/franciscanos.org.br\/noticias\/wp-json\/wp\/v2\/media\/199249"}],"wp:attachment":[{"href":"https:\/\/franciscanos.org.br\/noticias\/wp-json\/wp\/v2\/media?parent=21437"}],"wp:term":[{"taxonomy":"category","embeddable":true,"href":"https:\/\/franciscanos.org.br\/noticias\/wp-json\/wp\/v2\/categories?post=21437"},{"taxonomy":"post_tag","embeddable":true,"href":"https:\/\/franciscanos.org.br\/noticias\/wp-json\/wp\/v2\/tags?post=21437"}],"curies":[{"name":"wp","href":"https:\/\/api.w.org\/{rel}","templated":true}]}}