{"id":214242,"date":"2019-12-01T14:03:01","date_gmt":"2019-12-01T17:03:01","guid":{"rendered":"https:\/\/franciscanos.org.br\/noticias\/?p=214242"},"modified":"2022-12-07T08:00:07","modified_gmt":"2022-12-07T11:00:07","slug":"nao-importa-como-montar-o-presepio-o-que-conta-e-que-fale-a-nossa-vida","status":"publish","type":"post","link":"https:\/\/franciscanos.org.br\/noticias\/nao-importa-como-montar-o-presepio-o-que-conta-e-que-fale-a-nossa-vida.html","title":{"rendered":"&#8220;N\u00e3o importa como montar o pres\u00e9pio; o que conta \u00e9 que fale \u00e0 nossa vida&#8221;"},"content":{"rendered":"<div id=\"attachment_214243\" style=\"width: 900px\" class=\"wp-caption alignnone\"><img aria-describedby=\"caption-attachment-214243\" loading=\"lazy\" class=\"wp-image-214243 size-full\" src=\"https:\/\/franciscanos.org.br\/noticias\/wp-content\/uploads\/2019\/12\/greccio_0112.jpg\" alt=\"\" width=\"890\" height=\"593\" srcset=\"https:\/\/franciscanos.org.br\/noticias\/wp-content\/uploads\/2019\/12\/greccio_0112.jpg 890w, https:\/\/franciscanos.org.br\/noticias\/wp-content\/uploads\/2019\/12\/greccio_0112-450x300.jpg 450w, https:\/\/franciscanos.org.br\/noticias\/wp-content\/uploads\/2019\/12\/greccio_0112-768x512.jpg 768w, https:\/\/franciscanos.org.br\/noticias\/wp-content\/uploads\/2019\/12\/greccio_0112-150x100.jpg 150w\" sizes=\"(max-width: 890px) 100vw, 890px\" \/><p id=\"caption-attachment-214243\" class=\"wp-caption-text\">\u00a0 \u00a0 \u00a0 \u00a0 \u00a0 \u00a0 \u00a0 \u00a0 \u00a0 \u00a0 \u00a0 \u00a0 \u00a0 \u00a0 \u00a0 \u00a0 \u00a0 \u00a0 \u00a0 \u00a0 \u00a0 \u00a0 \u00a0 \u00a0 \u00a0 \u00a0 \u00a0 \u00a0 \u00a0 \u00a0 \u00a0 \u00a0 \u00a0 \u00a0 \u00a0 \u00a0 \u00a0 \u00a0 \u00a0 \u00a0 \u00a0 \u00a0 \u00a0 \u00a0 \u00a0 \u00a0 \u00a0 \u00a0 \u00a0 \u00a0 \u00a0 \u00a0 \u00a0 \u00a0 \u00a0 \u00a0 \u00a0 \u00a0 \u00a0 \u00a0 \u00a0 \u00a0 \u00a0 <em>\u00a0 \u00a0 \u00a0 Imagem: Vatican Media<\/em><\/p><\/div>\n<p><strong>Cidade do Vaticano &#8211;<\/strong> \u201cAdmir\u00e1vel sinal\u201d (<em>Admirabile Signum<\/em>) \u00e9 o t\u00edtulo da Carta Apost\u00f3lica que o Papa Francisco dedica ao pres\u00e9pio para ressaltar o seu significado e valor. O texto \u00e9 dirigido a todo o povo de Deus, sobretudo ao n\u00facleo familiar, como uma forma de valorizar a transmiss\u00e3o da f\u00e9 entre av\u00f3s, pais, filhos e netos.<\/p>\n<p>\u201cCom esta Carta, quero apoiar a tradi\u00e7\u00e3o bonita das nossas fam\u00edlias prepararem o Pres\u00e9pio, nos dias que antecedem o Natal, e tamb\u00e9m o costume de o armarem nos lugares de trabalho, nas escolas, nos hospitais, nos estabelecimentos prisionais, nas pra\u00e7as\u2026\u201d. Para Francisco, se trata de um \u201cexerc\u00edcio de imagina\u00e7\u00e3o criativa\u201d e faz votos de que esta pr\u00e1tica \u201cnunca desapare\u00e7a\u201d. E \u201conde porventura tenha ca\u00eddo em desuso, se possa redescobrir e revitalizar\u201d.<\/p>\n<p><img loading=\"lazy\" class=\"alignnone size-full wp-image-214245\" src=\"https:\/\/franciscanos.org.br\/noticias\/wp-content\/uploads\/2019\/12\/greccio_0112_1.jpg\" alt=\"\" width=\"890\" height=\"593\" srcset=\"https:\/\/franciscanos.org.br\/noticias\/wp-content\/uploads\/2019\/12\/greccio_0112_1.jpg 890w, https:\/\/franciscanos.org.br\/noticias\/wp-content\/uploads\/2019\/12\/greccio_0112_1-450x300.jpg 450w, https:\/\/franciscanos.org.br\/noticias\/wp-content\/uploads\/2019\/12\/greccio_0112_1-768x512.jpg 768w, https:\/\/franciscanos.org.br\/noticias\/wp-content\/uploads\/2019\/12\/greccio_0112_1-150x100.jpg 150w\" sizes=\"(max-width: 890px) 100vw, 890px\" \/><\/p>\n<p><strong>Assim nasce a tradi\u00e7\u00e3o<\/strong><br \/>\nDividido em 10 pontos, o texto recorda a origem do pres\u00e9pio com S\u00e3o Francisco de Assis, a sua obra de evangeliza\u00e7\u00e3o e as figuras e o simbolismo que o comp\u00f5em.<\/p>\n<p>A palavra pres\u00e9pio vem do latim<em> praesepium<\/em>, que significa \u201cmanjedoura\u201d. As Fontes Franciscanas narram de forma detalhada o que aconteceu na cidade de Greccio, que fica no Vale de Rieti, a menos de 100 km de Roma.<\/p>\n<p><strong>Admir\u00e1vel sinal: Carta Apost\u00f3lica do Papa sobre o pres\u00e9pio<\/strong><br \/>\nQuinze dias antes do Natal, Francisco chamou Jo\u00e3o, um homem daquela terra, para lhe pedir que o ajudasse a concretizar um desejo: \u201cQuero representar o Menino nascido em Bel\u00e9m, para de algum modo ver com os olhos do corpo os inc\u00f4modos que Ele padeceu\u201d.<\/p>\n<p>E assim foi: no dia 25 de dezembro de 1223, chegaram a Greccio muitos frades, e tamb\u00e9m homens e mulheres das casas da regi\u00e3o, trazendo flores e tochas para iluminar aquela noite santa num lugar designado. Francisco, ao chegar, encontrou a manjedoura com palha, o boi e o burro.<\/p>\n<p><iframe loading=\"lazy\" title=\"Carta do Papa Francisco sobre o valor do pres\u00e9pio\" width=\"500\" height=\"281\" src=\"https:\/\/www.youtube.com\/embed\/5OuKHcTqq5k?feature=oembed\" frameborder=\"0\" allow=\"accelerometer; autoplay; clipboard-write; encrypted-media; gyroscope; picture-in-picture\" allowfullscreen><\/iframe><\/p>\n<p>\u201cAssim nasce a nossa tradi\u00e7\u00e3o: todos \u00e0 volta da gruta e repletos de alegria, sem qualquer dist\u00e2ncia entre o acontecimento que se realiza e as pessoas que participam no mist\u00e9rio\u201d, escreve o Papa. \u201cCom a simplicidade daquele sinal, S\u00e3o Francisco realizou uma grande obra de evangeliza\u00e7\u00e3o\u201d.<\/p>\n<p>Segundo o Pont\u00edfice, armar o Pres\u00e9pio em nossas casas ajuda a reviver a hist\u00f3ria que aconteceu em Bel\u00e9m. Imaginando as cenas, estimulam-se os afetos e nos sentimos envolvidos na hist\u00f3ria da salva\u00e7\u00e3o. \u201cO Pres\u00e9pio \u00e9 um convite a \u00absentir\u00bb, a \u00abtocar\u00bb a pobreza que escolheu, para Si mesmo, o Filho de Deus na sua encarna\u00e7\u00e3o, tornando-se assim, implicitamente, um apelo para O seguirmos pelo caminho da humildade, da pobreza, do despojamento.\u201d<\/p>\n<p>Francisco comenta tamb\u00e9m o simbolismo presente nas v\u00e1rias partes que comp\u00f5em o pres\u00e9pio: a escurid\u00e3o da noite, a paisagem e os personagens.<\/p>\n<p><img loading=\"lazy\" class=\"alignnone size-full wp-image-214246\" src=\"https:\/\/franciscanos.org.br\/noticias\/wp-content\/uploads\/2019\/12\/greccio_0112_2.jpg\" alt=\"\" width=\"890\" height=\"593\" srcset=\"https:\/\/franciscanos.org.br\/noticias\/wp-content\/uploads\/2019\/12\/greccio_0112_2.jpg 890w, https:\/\/franciscanos.org.br\/noticias\/wp-content\/uploads\/2019\/12\/greccio_0112_2-450x300.jpg 450w, https:\/\/franciscanos.org.br\/noticias\/wp-content\/uploads\/2019\/12\/greccio_0112_2-768x512.jpg 768w, https:\/\/franciscanos.org.br\/noticias\/wp-content\/uploads\/2019\/12\/greccio_0112_2-150x100.jpg 150w\" sizes=\"(max-width: 890px) 100vw, 890px\" \/><\/p>\n<p>As ru\u00ednas e os pobres ali representados recordam que eles s\u00e3o os privilegiados deste mist\u00e9rio. A mensagem que surge do pres\u00e9pio \u00e9 clara: \u201cn\u00e3o podemos deixar-nos iludir pela riqueza e por tantas propostas ef\u00e9meras de felicidade\u201d. \u201cJesus nasceu pobre, levou uma vida simples, para nos ensinar a identificar e a viver do essencial.\u201d<\/p>\n<p>Nascendo no pres\u00e9pio, escreve o Papa, Deus d\u00e1 in\u00edcio \u00e0 \u00fanica verdadeira revolu\u00e7\u00e3o: a revolu\u00e7\u00e3o do amor e da ternura, atrav\u00e9s da \u201cfor\u00e7a meiga\u201d de um menino. \u201cDo Pres\u00e9pio, Jesus proclama o apelo \u00e0 partilha com os \u00faltimos como estrada para um mundo mais humano e fraterno, onde ningu\u00e9m seja exclu\u00eddo e marginalizado.\u201d<\/p>\n<p>Deste modo, o pres\u00e9pio se torna para os fi\u00e9is um convite a se tornar disc\u00edpulos de Cristo, a refletir sobre a responsabilidade de evangelizar e ser portador da Boa Nova com a\u00e7\u00f5es concretas de miseric\u00f3rdia.<\/p>\n<p>Em outras palavras, n\u00e3o \u00e9 importante como armar o pres\u00e9pio: \u201cO que conta \u00e9 que fale \u00e0 nossa vida\u201d, recorda o Papa. E Francisco conclui: \u201c Queridos irm\u00e3os e irm\u00e3s, o Pres\u00e9pio faz parte do suave e exigente processo de transmiss\u00e3o da f\u00e9. (\u2026) E educa para sentir que nisto est\u00e1 a felicidade. Na escola de S\u00e3o Francisco, abramos o cora\u00e7\u00e3o a esta gra\u00e7a simples, deixemos que do encanto nas\u00e7a uma prece humilde: o nosso \u00abobrigado\u00bb a Deus, que tudo quis partilhar conosco para nunca nos deixar sozinhos. \u201d<\/p>\n<p><img loading=\"lazy\" class=\"alignnone size-full wp-image-214247\" src=\"https:\/\/franciscanos.org.br\/noticias\/wp-content\/uploads\/2019\/12\/greccio_0112_3.jpg\" alt=\"\" width=\"890\" height=\"593\" srcset=\"https:\/\/franciscanos.org.br\/noticias\/wp-content\/uploads\/2019\/12\/greccio_0112_3.jpg 890w, https:\/\/franciscanos.org.br\/noticias\/wp-content\/uploads\/2019\/12\/greccio_0112_3-450x300.jpg 450w, https:\/\/franciscanos.org.br\/noticias\/wp-content\/uploads\/2019\/12\/greccio_0112_3-768x512.jpg 768w, https:\/\/franciscanos.org.br\/noticias\/wp-content\/uploads\/2019\/12\/greccio_0112_3-150x100.jpg 150w\" sizes=\"(max-width: 890px) 100vw, 890px\" \/><\/p>\n<hr \/>\n<h1 class=\"article__title\">Admir\u00e1vel sinal: Carta Apost\u00f3lica do Papa sobre o pres\u00e9pio<\/h1>\n<div class=\"article__subTitle\" style=\"padding-left: 40px;\"><strong>Leia na \u00edntegra a nova Carta Apost\u00f3lica do Papa Francisco<\/strong>: &#8220;<em>Admirabile signum&#8221;.<\/em><\/div>\n<div class=\"title__separator\"><\/div>\n<div class=\"article__text\">\n<p><strong>CARTA APOST\u00d3LICA<\/strong><\/p>\n<p><strong><i>ADMIRABILE SIGNUM<\/i><\/strong><\/p>\n<p><strong>DO SANTO PADRE\u00a0FRANCISCO<\/strong><\/p>\n<p><strong>SOBRE O SIGNIFICADO E VALOR DO PRES\u00c9PIO<\/strong><\/p>\n<p>1.\u00a0\u00a0\u00a0\u00a0\u00a0\u00a0\u00a0 <strong>O SINAL ADMIR\u00c1VEL<\/strong> do Pres\u00e9pio, muito amado pelo povo crist\u00e3o, n\u00e3o cessa de suscitar maravilha e enlevo. Representar o acontecimento da natividade de Jesus equivale a anunciar, com simplicidade e alegria, o mist\u00e9rio da encarna\u00e7\u00e3o do Filho de Deus. De facto, o Pres\u00e9pio \u00e9 como um Evangelho vivo que transvaza das p\u00e1ginas da Sagrada Escritura. Ao mesmo tempo que contemplamos a representa\u00e7\u00e3o do Natal, somos convidados a colocar-nos espiritualmente a caminho, atra\u00eddos pela humildade d\u2019Aquele que Se fez homem a fim de Se encontrar com todo o homem, e a descobrirmos que nos ama tanto, que Se uniu a n\u00f3s para podermos, tamb\u00e9m n\u00f3s, unir-nos a Ele.<\/p>\n<p>Com esta Carta, quero apoiar a tradi\u00e7\u00e3o bonita das nossas fam\u00edlias prepararem o Pres\u00e9pio, nos dias que antecedem o Natal, e tamb\u00e9m o costume de o armarem nos lugares de trabalho, nas escolas, nos hospitais, nos estabelecimentos prisionais, nas pra\u00e7as\u2026 Trata-se verdadeiramente dum exerc\u00edcio de imagina\u00e7\u00e3o criativa, que recorre aos mais variados materiais para produzir, em miniatura, obras-primas de beleza. Aprende-se em crian\u00e7a, quando o pai e a m\u00e3e, juntamente com os av\u00f3s, transmitem este gracioso costume, que encerra uma rica espiritualidade popular. Almejo que esta pr\u00e1tica nunca desapare\u00e7a; mais, espero que a mesma, onde porventura tenha ca\u00eddo em desuso, se possa redescobrir e revitalizar.<\/p>\n<p>2.\u00a0\u00a0\u00a0\u00a0\u00a0\u00a0\u00a0 A origem do Pres\u00e9pio fica-se a dever, antes de mais nada, a alguns pormenores do nascimento de Jesus em Bel\u00e9m, referidos no Evangelho. O evangelista Lucas limita-se a dizer que, tendo-se completado os dias de Maria dar \u00e0 luz, \u00abteve o seu filho primog\u00eanito, que envolveu em panos e recostou numa manjedoura, por n\u00e3o haver lugar para eles na hospedaria\u00bb (2, 7). Jesus \u00e9 colocado numa manjedoura, que, em latim, se diz <i>praesepium<\/i>, donde vem a nossa palavra\u00a0<i>pres\u00e9pio<\/i>.<\/p>\n<p><img loading=\"lazy\" class=\"alignnone size-full wp-image-214248\" src=\"https:\/\/franciscanos.org.br\/noticias\/wp-content\/uploads\/2019\/12\/greccio_0112_4.jpg\" alt=\"\" width=\"890\" height=\"593\" srcset=\"https:\/\/franciscanos.org.br\/noticias\/wp-content\/uploads\/2019\/12\/greccio_0112_4.jpg 890w, https:\/\/franciscanos.org.br\/noticias\/wp-content\/uploads\/2019\/12\/greccio_0112_4-450x300.jpg 450w, https:\/\/franciscanos.org.br\/noticias\/wp-content\/uploads\/2019\/12\/greccio_0112_4-768x512.jpg 768w, https:\/\/franciscanos.org.br\/noticias\/wp-content\/uploads\/2019\/12\/greccio_0112_4-150x100.jpg 150w\" sizes=\"(max-width: 890px) 100vw, 890px\" \/><\/p>\n<p>Ao entrar neste mundo, o Filho de Deus encontra lugar onde os animais v\u00e3o comer. A palha torna-se a primeira enxerga para Aquele que Se h\u00e1 de revelar como \u00abo p\u00e3o vivo, o que desceu do c\u00e9u\u00bb (<i>Jo<\/i>\u00a06, 51). Uma simbologia, que j\u00e1 Santo Agostinho, a par doutros Padres da Igreja, tinha entrevisto quando escreveu: \u00abDeitado numa manjedoura, torna-Se nosso alimento\u00bb.[1] Na realidade, o Pres\u00e9pio inclui v\u00e1rios mist\u00e9rios da vida de Jesus, fazendo-os aparecer familiares \u00e0 nossa vida di\u00e1ria.<\/p>\n<p>Passemos agora \u00e0 origem do Pres\u00e9pio, tal como n\u00f3s o entendemos. A mente leva-nos a Gr\u00e9ccio, na Valada de Rieti; aqui se deteve S\u00e3o Francisco, provavelmente quando vinha de Roma onde recebera, do Papa Hon\u00f3rio III, a aprova\u00e7\u00e3o da sua Regra em 29 de novembro de 1223. Aquelas grutas, depois da sua viagem \u00e0 Terra Santa, faziam-lhe lembrar de modo particular a paisagem de Bel\u00e9m. E \u00e9 poss\u00edvel que, em Roma, o \u00abPoverello\u00bb de Assis tenha ficado encantado com os mosaicos, na Bas\u00edlica de Santa Maria Maior, que representam a natividade de Jesus e se encontram perto do lugar onde, segundo uma antiga tradi\u00e7\u00e3o, se conservam precisamente as t\u00e1buas da manjedoura.<\/p>\n<p>As\u00a0<i>Fontes Franciscanas<\/i> narram, de forma detalhada, o que aconteceu em Gr\u00e9ccio. Quinze dias antes do Natal, Francisco chamou Jo\u00e3o, um homem daquela terra, para lhe pedir que o ajudasse a concretizar um desejo: \u00abQuero representar o Menino nascido em Bel\u00e9m, para de algum modo ver com os olhos do corpo os inc\u00f3modos que Ele padeceu pela falta das coisas necess\u00e1rias a um rec\u00e9m-nascido, tendo sido reclinado na palha duma manjedoura, entre o boi e o burro\u00bb.[2] Mal acabara de o ouvir, o fiel amigo foi preparar, no lugar designado, tudo o que era necess\u00e1rio segundo o desejo do Santo. No dia 25 de dezembro, chegaram a Greccio muitos frades, vindos de v\u00e1rios lados, e tamb\u00e9m homens e mulheres das casas da regi\u00e3o, trazendo flores e tochas para iluminar aquela noite santa. Francisco, ao chegar, encontrou a manjedoura com palha, o boi e o burro. \u00c0 vista da representa\u00e7\u00e3o do Natal, as pessoas l\u00e1 reunidas manifestaram uma alegria indescrit\u00edvel, como nunca tinham sentido antes. Depois o sacerdote celebrou solenemente a Eucaristia sobre a manjedoura, mostrando tamb\u00e9m deste modo a liga\u00e7\u00e3o que existe entre a Encarna\u00e7\u00e3o do Filho de Deus e a Eucaristia. Em Greccio, naquela ocasi\u00e3o, n\u00e3o havia figuras: o Pres\u00e9pio foi formado e vivido pelos que estavam presentes.<sup>[3]<\/sup><\/p>\n<p><img loading=\"lazy\" class=\"alignnone size-full wp-image-214249\" src=\"https:\/\/franciscanos.org.br\/noticias\/wp-content\/uploads\/2019\/12\/greccio_0112_5.jpg\" alt=\"\" width=\"890\" height=\"593\" srcset=\"https:\/\/franciscanos.org.br\/noticias\/wp-content\/uploads\/2019\/12\/greccio_0112_5.jpg 890w, https:\/\/franciscanos.org.br\/noticias\/wp-content\/uploads\/2019\/12\/greccio_0112_5-450x300.jpg 450w, https:\/\/franciscanos.org.br\/noticias\/wp-content\/uploads\/2019\/12\/greccio_0112_5-768x512.jpg 768w, https:\/\/franciscanos.org.br\/noticias\/wp-content\/uploads\/2019\/12\/greccio_0112_5-150x100.jpg 150w\" sizes=\"(max-width: 890px) 100vw, 890px\" \/><\/p>\n<p>Assim nasce a nossa tradi\u00e7\u00e3o: todos \u00e0 volta da gruta e repletos de alegria, sem qualquer dist\u00e2ncia entre o acontecimento que se realiza e as pessoas que participam no mist\u00e9rio.<\/p>\n<p>O primeiro bi\u00f3grafo de S\u00e3o Francisco, Tom\u00e1s de Celano, lembra que naquela noite, \u00e0 simples e comovente representa\u00e7\u00e3o se veio juntar o dom duma vis\u00e3o maravilhosa: um dos presentes viu que jazia na manjedoura o pr\u00f3prio Menino Jesus. Daquele Pres\u00e9pio do Natal de 1223, \u00abtodos voltaram para suas casas cheios de inef\u00e1vel alegria\u00bb<sup>[4]<\/sup>.<\/p>\n<p>3.\u00a0\u00a0\u00a0\u00a0\u00a0\u00a0\u00a0 Com a simplicidade daquele sinal, S\u00e3o Francisco realizou uma grande obra de evangeliza\u00e7\u00e3o. O seu ensinamento penetrou no cora\u00e7\u00e3o dos crist\u00e3os, permanecendo at\u00e9 aos nossos dias como uma forma genu\u00edna de repropor, com simplicidade, a beleza da nossa f\u00e9. Ali\u00e1s, o pr\u00f3prio lugar onde se realizou o primeiro Pres\u00e9pio sugere e suscita estes sentimentos. Greccio torna-se um ref\u00fagio para a alma que se esconde na rocha, deixando-se envolver pelo sil\u00eancio.<\/p>\n<p>Por que motivo suscita o Pres\u00e9pio tanto enlevo e nos comove? Antes de mais nada, porque manifesta a ternura de Deus. Ele, o Criador do universo, abaixa-Se at\u00e9 \u00e0 nossa pequenez. O dom da vida, sempre misterioso para n\u00f3s, fascina-nos ainda mais ao vermos que Aquele que nasceu de Maria \u00e9 a fonte e o sustento de toda a vida. Em Jesus, o Pai deu-nos um irm\u00e3o, que vem procurar-nos quando estamos desorientados e perdemos o rumo, e um amigo fiel, que est\u00e1 sempre ao nosso lado; deu-nos o seu Filho, que nos perdoa e levanta do pecado.<\/p>\n<p>Armar o Pres\u00e9pio em nossas casas ajuda-nos a reviver a hist\u00f3ria sucedida em Bel\u00e9m. Naturalmente os Evangelhos continuam a ser a fonte, que nos permite conhecer e meditar aquele Acontecimento; mas, a sua representa\u00e7\u00e3o no Pres\u00e9pio ajuda a imaginar as v\u00e1rias cenas, estimula os afetos, convida a sentir-nos envolvidos na hist\u00f3ria da salva\u00e7\u00e3o, contempor\u00e2neos daquele evento que se torna vivo e atual nos mais variados contextos hist\u00f3ricos e culturais.<\/p>\n<p>De modo particular, desde a sua origem franciscana, o Pres\u00e9pio \u00e9 um convite a \u00absentir\u00bb, a \u00abtocar\u00bb a pobreza que escolheu, para Si mesmo, o Filho de Deus na sua encarna\u00e7\u00e3o, tornando-se assim, implicitamente, um apelo para O seguirmos pelo caminho da humildade, da pobreza, do despojamento, que parte da manjedoura de Bel\u00e9m e leva at\u00e9 \u00e0 Cruz, e um apelo ainda a encontr\u00e1-Lo e servi-Lo, com miseric\u00f3rdia, nos irm\u00e3os e irm\u00e3s mais necessitados (cf.\u00a0<i>Mt<\/i>\u00a025, 31-46).<\/p>\n<p><img loading=\"lazy\" class=\"alignnone size-full wp-image-214250\" src=\"https:\/\/franciscanos.org.br\/noticias\/wp-content\/uploads\/2019\/12\/greccio_0112_6.jpg\" alt=\"\" width=\"890\" height=\"593\" srcset=\"https:\/\/franciscanos.org.br\/noticias\/wp-content\/uploads\/2019\/12\/greccio_0112_6.jpg 890w, https:\/\/franciscanos.org.br\/noticias\/wp-content\/uploads\/2019\/12\/greccio_0112_6-450x300.jpg 450w, https:\/\/franciscanos.org.br\/noticias\/wp-content\/uploads\/2019\/12\/greccio_0112_6-768x512.jpg 768w, https:\/\/franciscanos.org.br\/noticias\/wp-content\/uploads\/2019\/12\/greccio_0112_6-150x100.jpg 150w\" sizes=\"(max-width: 890px) 100vw, 890px\" \/><\/p>\n<p>4.\u00a0\u00a0\u00a0\u00a0\u00a0\u00a0\u00a0 Gostava agora de repassar os v\u00e1rios sinais do Pres\u00e9pio para apreendermos o significado que encerram. Em primeiro lugar, representamos o c\u00e9u estrelado na escurid\u00e3o e no sil\u00eancio da noite. Fazemo-lo n\u00e3o apenas para ser fi\u00e9is \u00e0s narra\u00e7\u00f5es do Evangelho, mas tamb\u00e9m pelo significado que possui. Pensemos nas vezes sem conta que a noite envolve a nossa vida. Pois bem, mesmo em tais momentos, Deus n\u00e3o nos deixa sozinhos, mas faz-Se presente para dar resposta \u00e0s quest\u00f5es decisivas sobre o sentido da nossa exist\u00eancia: Quem sou eu? Donde venho? Por que nasci neste tempo? Por que amo? Por que sofro? Por que hei de morrer? Foi para dar uma resposta a estas quest\u00f5es que Deus Se fez homem. A sua proximidade traz luz onde h\u00e1 escurid\u00e3o, e ilumina a quantos atravessam as trevas do sofrimento (cf.\u00a0<i>Lc<\/i>\u00a01, 79).<\/p>\n<p>Merecem tamb\u00e9m uma refer\u00eancia as paisagens que fazem parte do Pres\u00e9pio; muitas vezes aparecem representadas as ru\u00ednas de casas e pal\u00e1cios antigos que, nalguns casos, substituem a gruta de Bel\u00e9m tornando-se a habita\u00e7\u00e3o da Sagrada Fam\u00edlia. Parece que estas ru\u00ednas se inspiram na\u00a0<i>Legenda \u00c1urea<\/i>, do dominicano Jacopo de Varazze (s\u00e9culo XIII), onde se refere a cren\u00e7a pag\u00e3 segundo a qual o templo da Paz, em Roma, iria desabar quando desse \u00e0 luz uma Virgem. Aquelas ru\u00ednas s\u00e3o sinal vis\u00edvel sobretudo da humanidade deca\u00edda, de tudo aquilo que cai em ru\u00edna, que se corrompe e definha. Este cen\u00e1rio diz que Jesus \u00e9 a novidade no meio dum mundo velho, e veio para curar e reconstruir, para reconduzir a nossa vida e o mundo ao seu esplendor origin\u00e1rio.<\/p>\n<p>5.\u00a0\u00a0\u00a0\u00a0\u00a0\u00a0\u00a0 Uma grande emo\u00e7\u00e3o se deveria apoderar de n\u00f3s, ao colocarmos no Pres\u00e9pio as montanhas, os riachos, as ovelhas e os pastores! Pois assim lembramos, como preanunciaram os profetas, que toda a cria\u00e7\u00e3o participa na festa da vinda do Messias. Os anjos e a estrela-cometa s\u00e3o o sinal de que tamb\u00e9m n\u00f3s somos chamados a p\u00f4r-nos a caminho para ir at\u00e9 \u00e0 gruta adorar o Senhor.<\/p>\n<p>\u00abVamos a Bel\u00e9m ver o que aconteceu e que o Senhor nos deu a conhecer\u00bb (<i>Lc<\/i>\u00a02, 15): assim falam os pastores, depois do an\u00fancio que os anjos lhes fizeram. \u00c9 um ensinamento muito belo, que nos \u00e9 dado na simplicidade da descri\u00e7\u00e3o. Ao contr\u00e1rio de tanta gente ocupada a fazer muitas outras coisas, os pastores tornam-se as primeiras testemunhas do essencial, isto \u00e9, da salva\u00e7\u00e3o que nos \u00e9 oferecida. S\u00e3o os mais humildes e os mais pobres que sabem acolher o acontecimento da Encarna\u00e7\u00e3o. A Deus, que vem ao nosso encontro no Menino Jesus, os pastores respondem, pondo-se a caminho rumo a Ele, para um encontro de amor e de grata admira\u00e7\u00e3o. \u00c9 precisamente este encontro entre Deus e os seus filhos, gra\u00e7as a Jesus, que d\u00e1 vida \u00e0 nossa religi\u00e3o e constitui a sua beleza singular, que transparece de modo particular no Pres\u00e9pio.<\/p>\n<p><img loading=\"lazy\" class=\"alignnone size-full wp-image-214251\" src=\"https:\/\/franciscanos.org.br\/noticias\/wp-content\/uploads\/2019\/12\/greccio_0112_7.jpg\" alt=\"\" width=\"890\" height=\"593\" srcset=\"https:\/\/franciscanos.org.br\/noticias\/wp-content\/uploads\/2019\/12\/greccio_0112_7.jpg 890w, https:\/\/franciscanos.org.br\/noticias\/wp-content\/uploads\/2019\/12\/greccio_0112_7-450x300.jpg 450w, https:\/\/franciscanos.org.br\/noticias\/wp-content\/uploads\/2019\/12\/greccio_0112_7-768x512.jpg 768w, https:\/\/franciscanos.org.br\/noticias\/wp-content\/uploads\/2019\/12\/greccio_0112_7-150x100.jpg 150w\" sizes=\"(max-width: 890px) 100vw, 890px\" \/><\/p>\n<p>6.\u00a0\u00a0\u00a0\u00a0\u00a0\u00a0\u00a0 Nos nossos Pres\u00e9pios, costumamos colocar muitas figuras simb\u00f3licas. Em primeiro lugar, as de mendigos e pessoas que n\u00e3o conhecem outra abund\u00e2ncia a n\u00e3o ser a do cora\u00e7\u00e3o. Tamb\u00e9m estas figuras est\u00e3o pr\u00f3ximas do Menino Jesus de pleno direito, sem que ningu\u00e9m possa expuls\u00e1-las ou afast\u00e1-las dum ber\u00e7o de tal modo improvisado que os pobres, ao seu redor, n\u00e3o destoam absolutamente. Antes, os pobres s\u00e3o os privilegiados deste mist\u00e9rio e, muitas vezes, aqueles que melhor conseguem reconhecer a presen\u00e7a de Deus no meio de n\u00f3s.<\/p>\n<p>No Pres\u00e9pio, os pobres e os simples lembram-nos que Deus Se faz homem para aqueles que mais sentem a necessidade do seu amor e pedem a sua proximidade. Jesus, \u00abmanso e humilde de cora\u00e7\u00e3o\u00bb (<i>Mt<\/i>\u00a011, 29), nasceu pobre, levou uma vida simples, para nos ensinar a identificar e a viver do essencial. Do Pres\u00e9pio surge, clara, a mensagem de que n\u00e3o podemos deixar-nos iludir pela riqueza e por tantas propostas ef\u00e9meras de felicidade. Como pano de fundo, aparece o pal\u00e1cio de Herodes, fechado, surdo ao jubiloso an\u00fancio. Nascendo no Pres\u00e9pio, o pr\u00f3prio Deus d\u00e1 in\u00edcio \u00e0 \u00fanica verdadeira revolu\u00e7\u00e3o que d\u00e1 esperan\u00e7a e dignidade aos deserdados, aos marginalizados: a revolu\u00e7\u00e3o do amor, a revolu\u00e7\u00e3o da ternura. Do Pres\u00e9pio, com meiga for\u00e7a, Jesus proclama o apelo \u00e0 partilha com os \u00faltimos como estrada para um mundo mais humano e fraterno, onde ningu\u00e9m seja exclu\u00eddo e marginalizado.<\/p>\n<p>Muitas vezes, as crian\u00e7as (mas os adultos tamb\u00e9m!) gostam de acrescentar, no Pres\u00e9pio, outras figuras que parecem n\u00e3o ter qualquer rela\u00e7\u00e3o com as narra\u00e7\u00f5es do Evangelho. Contudo esta imagina\u00e7\u00e3o pretende expressar que, neste mundo novo inaugurado por Jesus, h\u00e1 espa\u00e7o para tudo o que \u00e9 humano e para toda a criatura. Do pastor ao ferreiro, do padeiro aos m\u00fasicos, das mulheres com a bilha de \u00e1gua ao ombro \u00e0s crian\u00e7as que brincam\u2026 tudo isso representa a santidade do dia a dia, a alegria de realizar de modo extraordin\u00e1rio as coisas de todos os dias, quando Jesus partilha connosco a sua vida divina.<\/p>\n<p><img loading=\"lazy\" class=\"alignnone size-full wp-image-214252\" src=\"https:\/\/franciscanos.org.br\/noticias\/wp-content\/uploads\/2019\/12\/greccio_0112_8.jpg\" alt=\"\" width=\"890\" height=\"593\" srcset=\"https:\/\/franciscanos.org.br\/noticias\/wp-content\/uploads\/2019\/12\/greccio_0112_8.jpg 890w, https:\/\/franciscanos.org.br\/noticias\/wp-content\/uploads\/2019\/12\/greccio_0112_8-450x300.jpg 450w, https:\/\/franciscanos.org.br\/noticias\/wp-content\/uploads\/2019\/12\/greccio_0112_8-768x512.jpg 768w, https:\/\/franciscanos.org.br\/noticias\/wp-content\/uploads\/2019\/12\/greccio_0112_8-150x100.jpg 150w\" sizes=\"(max-width: 890px) 100vw, 890px\" \/><\/p>\n<p>7.\u00a0\u00a0\u00a0\u00a0\u00a0\u00a0\u00a0 A pouco e pouco, o Pres\u00e9pio leva-nos \u00e0 gruta, onde encontramos as figuras de Maria e de Jos\u00e9. Maria \u00e9 uma m\u00e3e que contempla o seu Menino e O mostra a quantos v\u00eam visit\u00e1-Lo. A sua figura faz pensar no grande mist\u00e9rio que envolveu esta jovem, quando Deus bateu \u00e0 porta do seu cora\u00e7\u00e3o imaculado. Ao an\u00fancio do anjo que Lhe pedia para Se tornar a m\u00e3e de Deus, Maria responde com obedi\u00eancia plena e total. As suas palavras \u2013 \u00abeis a serva do Senhor, fac\u0327a-se em Mim segundo a tua palavra\u00bb (<i>Lc<\/i>\u00a01, 38) \u2013 s\u00e3o, para todos n\u00f3s, o testemunho do modo como abandonar-se, na f\u00e9, \u00e0 vontade de Deus. Com aquele \u00absim\u00bb, Maria tornava-Se m\u00e3e do Filho de Deus, sem perder \u2013 antes, gra\u00e7as a Ele, consagrando \u2013 a sua virgindade. N\u2019Ela, vemos a M\u00e3e de Deus que n\u00e3o guarda o seu Filho s\u00f3 para Si mesma, mas pede a todos que obede\u00e7am \u00e0 palavra d\u2019Ele e a ponham em pr\u00e1tica (cf.\u00a0<i>Jo<\/i>\u00a02, 5).<\/p>\n<p>Ao lado de Maria, em atitude de quem protege o Menino e sua m\u00e3e, est\u00e1 S\u00e3o Jos\u00e9. Geralmente, \u00e9 representado com o bord\u00e3o na m\u00e3o e, por vezes, tamb\u00e9m segurando um lampi\u00e3o. S\u00e3o Jos\u00e9 desempenha um papel muito importante na vida de Jesus e Maria. \u00c9 o guardi\u00e3o que nunca se cansa de proteger a sua fam\u00edlia. Quando Deus o avisar da amea\u00e7a de Herodes, n\u00e3o hesitar\u00e1 a p\u00f4r-se em viagem emigrando para o Egito (cf.\u00a0<i>Mt<\/i>\u00a02, 13-15). E depois, passado o perigo, reconduzir\u00e1 a fam\u00edlia para Nazar\u00e9, onde ser\u00e1 o primeiro educador de Jesus, na sua inf\u00e2ncia e adolesc\u00eancia. Jos\u00e9 trazia no cora\u00e7\u00e3o o grande mist\u00e9rio que envolvia Maria, sua esposa, e Jesus; homem justo que era, sempre se entregou \u00e0 vontade de Deus e p\u00f4-la em pr\u00e1tica.<\/p>\n<p>8.\u00a0\u00a0\u00a0\u00a0\u00a0\u00a0\u00a0 O cora\u00e7\u00e3o do Pres\u00e9pio come\u00e7a a palpitar, quando colocamos l\u00e1, no Natal, a figura do Menino Jesus. Assim Se nos apresenta Deus, num menino, para fazer-Se acolher nos nossos bra\u00e7os. Naquela fraqueza e fragilidade, esconde o seu poder que tudo cria e transforma. Parece imposs\u00edvel, mas \u00e9 assim: em Jesus, Deus foi crian\u00e7a e, nesta condi\u00e7\u00e3o, quis revelar a grandeza do seu amor, que se manifesta num sorriso e nas suas m\u00e3os estendidas para quem quer que seja.<\/p>\n<p>O nascimento duma crian\u00e7a suscita alegria e encanto, porque nos coloca perante o grande mist\u00e9rio da vida. Quando vemos brilhar os olhos dos jovens esposos diante do seu filho rec\u00e9m-nascido, compreendemos os sentimentos de Maria e Jos\u00e9 que, olhando o Menino Jesus, entreviam a presen\u00e7a de Deus na sua vida.<\/p>\n<p>\u00abDe facto, a vida manifestou-se\u00bb (<i>1 Jo<\/i>\u00a01, 2): assim o ap\u00f3stolo Jo\u00e3o resume o mist\u00e9rio da Encarna\u00e7\u00e3o. O Pres\u00e9pio faz-nos ver, faz-nos tocar este acontecimento \u00fanico e extraordin\u00e1rio que mudou o curso da hist\u00f3ria e a partir do qual tamb\u00e9m se contam os anos, antes e depois do nascimento de Cristo.<\/p>\n<p>O modo de agir de Deus quase cria vertigens, pois parece imposs\u00edvel que Ele renuncie \u00e0 sua gl\u00f3ria para Se fazer homem como n\u00f3s. Que surpresa ver Deus adotar os nossos pr\u00f3prios comportamentos: dorme, mama ao peito da m\u00e3e, chora e brinca, como todas as crian\u00e7as. Como sempre, Deus gera perplexidade, \u00e9 imprevis\u00edvel, aparece continuamente fora dos nossos esquemas. Assim o Pres\u00e9pio, ao mesmo tempo que nos mostra Deus tal como entrou no mundo, desafia-nos a imaginar a nossa vida inserida na de Deus; convida a tornar-nos seus disc\u00edpulos, se quisermos alcan\u00e7ar o sentido \u00faltimo da vida.<\/p>\n<p><img loading=\"lazy\" class=\"alignnone size-full wp-image-214253\" src=\"https:\/\/franciscanos.org.br\/noticias\/wp-content\/uploads\/2019\/12\/greccio_0112-9.jpg\" alt=\"\" width=\"890\" height=\"593\" srcset=\"https:\/\/franciscanos.org.br\/noticias\/wp-content\/uploads\/2019\/12\/greccio_0112-9.jpg 890w, https:\/\/franciscanos.org.br\/noticias\/wp-content\/uploads\/2019\/12\/greccio_0112-9-450x300.jpg 450w, https:\/\/franciscanos.org.br\/noticias\/wp-content\/uploads\/2019\/12\/greccio_0112-9-768x512.jpg 768w, https:\/\/franciscanos.org.br\/noticias\/wp-content\/uploads\/2019\/12\/greccio_0112-9-150x100.jpg 150w\" sizes=\"(max-width: 890px) 100vw, 890px\" \/><\/p>\n<p>9.\u00a0\u00a0\u00a0\u00a0\u00a0\u00a0\u00a0 Quando se aproxima a festa da Epifania, colocam-se no Pres\u00e9pio as tr\u00eas figuras dos Reis Magos. Tendo observado a estrela, aqueles s\u00e1bios e ricos senhores do Oriente puseram-se a caminho rumo a Bel\u00e9m para conhecer Jesus e oferecer-Lhe de presente ouro, incenso e mirra. Estes presentes t\u00eam tamb\u00e9m um significado aleg\u00f3rico: o ouro honra a realeza de Jesus; o incenso, a sua divindade; a mirra, a sua humanidade sagrada que experimentar\u00e1 a morte e a sepultura.<\/p>\n<p>Ao fixarmos esta cena no Pres\u00e9pio, somos chamados a refletir sobre a responsabilidade que cada crist\u00e3o tem de ser evangelizador. Cada um de n\u00f3s torna-se portador da Boa-Nova para as pessoas que encontra, testemunhando a alegria de ter conhecido Jesus e o seu amor; e f\u00e1-lo com a\u00e7\u00f5es concretas de miseric\u00f3rdia.<\/p>\n<p>Os Magos ensinam que se pode partir de muito longe para chegar a Cristo: s\u00e3o homens ricos, estrangeiros s\u00e1bios, sedentos de infinito, que saem para uma viagem longa e perigosa e que os leva at\u00e9 Bel\u00e9m (cf.\u00a0<i>Mt<\/i>\u00a02, 1-12). \u00c0 vista do Menino Rei, invade-os uma grande alegria. N\u00e3o se deixam escandalizar pela pobreza do ambiente; n\u00e3o hesitam em p\u00f4r-se de joelhos e ador\u00e1-Lo. Diante d\u2019Ele compreendem que Deus, tal como regula com soberana sabedoria o curso dos astros, assim tamb\u00e9m guia o curso da hist\u00f3ria, derrubando os poderosos e exaltando os humildes. E de certeza, quando regressaram ao seu pa\u00eds, falaram deste encontro surpreendente com o Messias, inaugurando a viagem do Evangelho entre os gentios.<\/p>\n<p><img loading=\"lazy\" class=\"alignnone size-full wp-image-214254\" src=\"https:\/\/franciscanos.org.br\/noticias\/wp-content\/uploads\/2019\/12\/greccio_0112_10.jpg\" alt=\"\" width=\"890\" height=\"593\" srcset=\"https:\/\/franciscanos.org.br\/noticias\/wp-content\/uploads\/2019\/12\/greccio_0112_10.jpg 890w, https:\/\/franciscanos.org.br\/noticias\/wp-content\/uploads\/2019\/12\/greccio_0112_10-450x300.jpg 450w, https:\/\/franciscanos.org.br\/noticias\/wp-content\/uploads\/2019\/12\/greccio_0112_10-768x512.jpg 768w, https:\/\/franciscanos.org.br\/noticias\/wp-content\/uploads\/2019\/12\/greccio_0112_10-150x100.jpg 150w\" sizes=\"(max-width: 890px) 100vw, 890px\" \/><\/p>\n<p>10.\u00a0\u00a0\u00a0\u00a0\u00a0 Diante do Pres\u00e9pio, a mente corre de bom grado aos tempos em que se era crian\u00e7a e se esperava, com impaci\u00eancia, o tempo para come\u00e7ar a constru\u00ed-lo. Estas recorda\u00e7\u00f5es induzem-nos a tomar consci\u00eancia sempre de novo do grande dom que nos foi feito, transmitindo-nos a f\u00e9; e ao mesmo tempo, fazem-nos sentir o dever e a alegria de comunicar a mesma experi\u00eancia aos filhos e netos. N\u00e3o \u00e9 importante a forma como se arma o Pres\u00e9pio; pode ser sempre igual ou modific\u00e1-la cada ano. O que conta, \u00e9 que fale \u00e0 nossa vida. Por todo o lado e na forma que for, o Pres\u00e9pio narra o amor de Deus, o Deus que Se fez menino para nos dizer qu\u00e3o pr\u00f3ximo est\u00e1 de cada ser humano, independentemente da condi\u00e7\u00e3o em que este se encontre.<\/p>\n<p>Queridos irm\u00e3os e irm\u00e3s, o Pres\u00e9pio faz parte do suave e exigente processo de transmiss\u00e3o da f\u00e9. A partir da inf\u00e2ncia e, depois, em cada idade da vida, educa-nos para contemplar Jesus, sentir o amor de Deus por n\u00f3s, sentir e acreditar que Deus est\u00e1 connosco e n\u00f3s estamos com Ele, todos filhos e irm\u00e3os gra\u00e7as \u00e0quele Menino Filho de Deus e da Virgem Maria. E educa para sentir que nisto est\u00e1 a felicidade. Na escola de S\u00e3o Francisco, abramos o cora\u00e7\u00e3o a esta gra\u00e7a simples, deixemos que do encanto nas\u00e7a uma prece humilde: o nosso \u00abobrigado\u00bb a Deus, que tudo quis partilhar connosco para nunca nos deixar sozinhos.<\/p>\n<p>Dado em Gr\u00e9ccio, no Santu\u00e1rio do Pres\u00e9pio, a 1 de dezembro de 2019, s\u00e9timo do meu pontificado.<\/p>\n<p>[<i>Franciscus<\/i>]<\/p>\n<hr \/>\n<blockquote><p><em>[1] Santo Agostinho,\u00a0Serm\u00e3o\u00a0189, 4.<\/em><\/p><\/blockquote>\n<blockquote><p><em>[2]\u00a0Fontes Franciscanas, 468.<\/em><\/p><\/blockquote>\n<blockquote><p><em><sup>[3]<\/sup>\u00a0Cf. Tom\u00e1s de Celano,\u00a0Vita Prima, 85:\u00a0Fontes Franciscanas, 469.<\/em><\/p><\/blockquote>\n<blockquote><p><em><sup>[4]<\/sup>\u00a0Ibid., 86:\u00a0o. c., 470.<\/em><\/p>\n<hr \/>\n<p><em>Fonte: Vatican News (https:\/\/www.vaticannews.va\/pt\/papa\/news\/2019-12\/papa-francisco-carta-apostolica-presepio.html)<\/em><\/p><\/blockquote>\n<\/div>\n","protected":false},"excerpt":{"rendered":"<p>Papa Francisco visita Greccio e escreve Carta Apost\u00f3lica sobre o Pres\u00e9pio<\/p>\n","protected":false},"author":3,"featured_media":214244,"comment_status":"open","ping_status":"open","sticky":false,"template":"","format":"standard","meta":[],"categories":[1428],"tags":[55],"acf":[],"yoast_head":"<!-- This site is optimized with the Yoast SEO plugin v19.2 - https:\/\/yoast.com\/wordpress\/plugins\/seo\/ -->\n<title>&quot;N\u00e3o importa como montar o pres\u00e9pio; o que conta \u00e9 que fale \u00e0 nossa vida&quot; - Not\u00edcias - Franciscanos<\/title>\n<meta name=\"robots\" content=\"index, follow, max-snippet:-1, max-image-preview:large, max-video-preview:-1\" \/>\n<link rel=\"canonical\" href=\"https:\/\/franciscanos.org.br\/noticias\/nao-importa-como-montar-o-presepio-o-que-conta-e-que-fale-a-nossa-vida.html\" \/>\n<meta property=\"og:locale\" content=\"pt_BR\" \/>\n<meta property=\"og:type\" content=\"article\" \/>\n<meta property=\"og:title\" content=\"&quot;N\u00e3o importa como montar o pres\u00e9pio; o que conta \u00e9 que fale \u00e0 nossa vida&quot; - Not\u00edcias - Franciscanos\" \/>\n<meta property=\"og:description\" content=\"Papa Francisco visita Greccio e escreve Carta Apost\u00f3lica sobre o Pres\u00e9pio\" \/>\n<meta property=\"og:url\" content=\"https:\/\/franciscanos.org.br\/noticias\/nao-importa-como-montar-o-presepio-o-que-conta-e-que-fale-a-nossa-vida.html\" \/>\n<meta property=\"og:site_name\" content=\"Not\u00edcias - Franciscanos\" \/>\n<meta property=\"article:published_time\" content=\"2019-12-01T17:03:01+00:00\" \/>\n<meta property=\"article:modified_time\" content=\"2022-12-07T11:00:07+00:00\" \/>\n<meta property=\"og:image\" content=\"https:\/\/franciscanos.org.br\/noticias\/wp-content\/uploads\/2019\/12\/greccio_0112d.jpg\" \/>\n\t<meta property=\"og:image:width\" content=\"273\" \/>\n\t<meta property=\"og:image:height\" content=\"181\" \/>\n\t<meta property=\"og:image:type\" content=\"image\/jpeg\" \/>\n<meta name=\"author\" content=\"moacir\" \/>\n<meta name=\"twitter:card\" content=\"summary_large_image\" \/>\n<meta name=\"twitter:label1\" content=\"Escrito por\" \/>\n\t<meta name=\"twitter:data1\" content=\"moacir\" \/>\n\t<meta name=\"twitter:label2\" content=\"Est. tempo de leitura\" \/>\n\t<meta name=\"twitter:data2\" content=\"20 minutos\" \/>\n<script type=\"application\/ld+json\" class=\"yoast-schema-graph\">{\"@context\":\"https:\/\/schema.org\",\"@graph\":[{\"@type\":\"WebSite\",\"@id\":\"https:\/\/franciscanos.org.br\/noticias\/#website\",\"url\":\"https:\/\/franciscanos.org.br\/noticias\/\",\"name\":\"Not\u00edcias - Franciscanos\",\"description\":\"Prov\u00edncia Franciscana da Imaculada Concei\u00e7\u00e3o do Brasil - Ordem dos Frades Menores - OFM\",\"potentialAction\":[{\"@type\":\"SearchAction\",\"target\":{\"@type\":\"EntryPoint\",\"urlTemplate\":\"https:\/\/franciscanos.org.br\/noticias\/?s={search_term_string}\"},\"query-input\":\"required name=search_term_string\"}],\"inLanguage\":\"pt-BR\"},{\"@type\":\"ImageObject\",\"inLanguage\":\"pt-BR\",\"@id\":\"https:\/\/franciscanos.org.br\/noticias\/nao-importa-como-montar-o-presepio-o-que-conta-e-que-fale-a-nossa-vida.html#primaryimage\",\"url\":\"https:\/\/franciscanos.org.br\/noticias\/wp-content\/uploads\/2019\/12\/greccio_0112d.jpg\",\"contentUrl\":\"https:\/\/franciscanos.org.br\/noticias\/wp-content\/uploads\/2019\/12\/greccio_0112d.jpg\",\"width\":273,\"height\":181},{\"@type\":\"WebPage\",\"@id\":\"https:\/\/franciscanos.org.br\/noticias\/nao-importa-como-montar-o-presepio-o-que-conta-e-que-fale-a-nossa-vida.html#webpage\",\"url\":\"https:\/\/franciscanos.org.br\/noticias\/nao-importa-como-montar-o-presepio-o-que-conta-e-que-fale-a-nossa-vida.html\",\"name\":\"\\\"N\u00e3o importa como montar o pres\u00e9pio; o que conta \u00e9 que fale \u00e0 nossa vida\\\" - Not\u00edcias - Franciscanos\",\"isPartOf\":{\"@id\":\"https:\/\/franciscanos.org.br\/noticias\/#website\"},\"primaryImageOfPage\":{\"@id\":\"https:\/\/franciscanos.org.br\/noticias\/nao-importa-como-montar-o-presepio-o-que-conta-e-que-fale-a-nossa-vida.html#primaryimage\"},\"datePublished\":\"2019-12-01T17:03:01+00:00\",\"dateModified\":\"2022-12-07T11:00:07+00:00\",\"author\":{\"@id\":\"https:\/\/franciscanos.org.br\/noticias\/#\/schema\/person\/b5c8cba458c330ccff548b056e95a5d4\"},\"breadcrumb\":{\"@id\":\"https:\/\/franciscanos.org.br\/noticias\/nao-importa-como-montar-o-presepio-o-que-conta-e-que-fale-a-nossa-vida.html#breadcrumb\"},\"inLanguage\":\"pt-BR\",\"potentialAction\":[{\"@type\":\"ReadAction\",\"target\":[\"https:\/\/franciscanos.org.br\/noticias\/nao-importa-como-montar-o-presepio-o-que-conta-e-que-fale-a-nossa-vida.html\"]}]},{\"@type\":\"BreadcrumbList\",\"@id\":\"https:\/\/franciscanos.org.br\/noticias\/nao-importa-como-montar-o-presepio-o-que-conta-e-que-fale-a-nossa-vida.html#breadcrumb\",\"itemListElement\":[{\"@type\":\"ListItem\",\"position\":1,\"name\":\"Home\",\"item\":\"https:\/\/franciscanos.org.br\/noticias\"},{\"@type\":\"ListItem\",\"position\":2,\"name\":\"&#8220;N\u00e3o importa como montar o pres\u00e9pio; o que conta \u00e9 que fale \u00e0 nossa vida&#8221;\"}]},{\"@type\":\"Person\",\"@id\":\"https:\/\/franciscanos.org.br\/noticias\/#\/schema\/person\/b5c8cba458c330ccff548b056e95a5d4\",\"name\":\"moacir\",\"image\":{\"@type\":\"ImageObject\",\"inLanguage\":\"pt-BR\",\"@id\":\"https:\/\/franciscanos.org.br\/noticias\/#\/schema\/person\/image\/\",\"url\":\"https:\/\/secure.gravatar.com\/avatar\/d08aa2ce4c8dd416d4479aa8536fcf64?s=96&d=mm&r=g\",\"contentUrl\":\"https:\/\/secure.gravatar.com\/avatar\/d08aa2ce4c8dd416d4479aa8536fcf64?s=96&d=mm&r=g\",\"caption\":\"moacir\"},\"url\":\"https:\/\/franciscanos.org.br\/noticias\/author\/moacir\"}]}<\/script>\n<!-- \/ Yoast SEO plugin. -->","yoast_head_json":{"title":"\"N\u00e3o importa como montar o pres\u00e9pio; o que conta \u00e9 que fale \u00e0 nossa vida\" - Not\u00edcias - Franciscanos","robots":{"index":"index","follow":"follow","max-snippet":"max-snippet:-1","max-image-preview":"max-image-preview:large","max-video-preview":"max-video-preview:-1"},"canonical":"https:\/\/franciscanos.org.br\/noticias\/nao-importa-como-montar-o-presepio-o-que-conta-e-que-fale-a-nossa-vida.html","og_locale":"pt_BR","og_type":"article","og_title":"\"N\u00e3o importa como montar o pres\u00e9pio; o que conta \u00e9 que fale \u00e0 nossa vida\" - Not\u00edcias - Franciscanos","og_description":"Papa Francisco visita Greccio e escreve Carta Apost\u00f3lica sobre o Pres\u00e9pio","og_url":"https:\/\/franciscanos.org.br\/noticias\/nao-importa-como-montar-o-presepio-o-que-conta-e-que-fale-a-nossa-vida.html","og_site_name":"Not\u00edcias - Franciscanos","article_published_time":"2019-12-01T17:03:01+00:00","article_modified_time":"2022-12-07T11:00:07+00:00","og_image":[{"width":273,"height":181,"url":"https:\/\/franciscanos.org.br\/noticias\/wp-content\/uploads\/2019\/12\/greccio_0112d.jpg","type":"image\/jpeg"}],"author":"moacir","twitter_card":"summary_large_image","twitter_misc":{"Escrito por":"moacir","Est. tempo de leitura":"20 minutos"},"schema":{"@context":"https:\/\/schema.org","@graph":[{"@type":"WebSite","@id":"https:\/\/franciscanos.org.br\/noticias\/#website","url":"https:\/\/franciscanos.org.br\/noticias\/","name":"Not\u00edcias - Franciscanos","description":"Prov\u00edncia Franciscana da Imaculada Concei\u00e7\u00e3o do Brasil - Ordem dos Frades Menores - OFM","potentialAction":[{"@type":"SearchAction","target":{"@type":"EntryPoint","urlTemplate":"https:\/\/franciscanos.org.br\/noticias\/?s={search_term_string}"},"query-input":"required name=search_term_string"}],"inLanguage":"pt-BR"},{"@type":"ImageObject","inLanguage":"pt-BR","@id":"https:\/\/franciscanos.org.br\/noticias\/nao-importa-como-montar-o-presepio-o-que-conta-e-que-fale-a-nossa-vida.html#primaryimage","url":"https:\/\/franciscanos.org.br\/noticias\/wp-content\/uploads\/2019\/12\/greccio_0112d.jpg","contentUrl":"https:\/\/franciscanos.org.br\/noticias\/wp-content\/uploads\/2019\/12\/greccio_0112d.jpg","width":273,"height":181},{"@type":"WebPage","@id":"https:\/\/franciscanos.org.br\/noticias\/nao-importa-como-montar-o-presepio-o-que-conta-e-que-fale-a-nossa-vida.html#webpage","url":"https:\/\/franciscanos.org.br\/noticias\/nao-importa-como-montar-o-presepio-o-que-conta-e-que-fale-a-nossa-vida.html","name":"\"N\u00e3o importa como montar o pres\u00e9pio; o que conta \u00e9 que fale \u00e0 nossa vida\" - Not\u00edcias - Franciscanos","isPartOf":{"@id":"https:\/\/franciscanos.org.br\/noticias\/#website"},"primaryImageOfPage":{"@id":"https:\/\/franciscanos.org.br\/noticias\/nao-importa-como-montar-o-presepio-o-que-conta-e-que-fale-a-nossa-vida.html#primaryimage"},"datePublished":"2019-12-01T17:03:01+00:00","dateModified":"2022-12-07T11:00:07+00:00","author":{"@id":"https:\/\/franciscanos.org.br\/noticias\/#\/schema\/person\/b5c8cba458c330ccff548b056e95a5d4"},"breadcrumb":{"@id":"https:\/\/franciscanos.org.br\/noticias\/nao-importa-como-montar-o-presepio-o-que-conta-e-que-fale-a-nossa-vida.html#breadcrumb"},"inLanguage":"pt-BR","potentialAction":[{"@type":"ReadAction","target":["https:\/\/franciscanos.org.br\/noticias\/nao-importa-como-montar-o-presepio-o-que-conta-e-que-fale-a-nossa-vida.html"]}]},{"@type":"BreadcrumbList","@id":"https:\/\/franciscanos.org.br\/noticias\/nao-importa-como-montar-o-presepio-o-que-conta-e-que-fale-a-nossa-vida.html#breadcrumb","itemListElement":[{"@type":"ListItem","position":1,"name":"Home","item":"https:\/\/franciscanos.org.br\/noticias"},{"@type":"ListItem","position":2,"name":"&#8220;N\u00e3o importa como montar o pres\u00e9pio; o que conta \u00e9 que fale \u00e0 nossa vida&#8221;"}]},{"@type":"Person","@id":"https:\/\/franciscanos.org.br\/noticias\/#\/schema\/person\/b5c8cba458c330ccff548b056e95a5d4","name":"moacir","image":{"@type":"ImageObject","inLanguage":"pt-BR","@id":"https:\/\/franciscanos.org.br\/noticias\/#\/schema\/person\/image\/","url":"https:\/\/secure.gravatar.com\/avatar\/d08aa2ce4c8dd416d4479aa8536fcf64?s=96&d=mm&r=g","contentUrl":"https:\/\/secure.gravatar.com\/avatar\/d08aa2ce4c8dd416d4479aa8536fcf64?s=96&d=mm&r=g","caption":"moacir"},"url":"https:\/\/franciscanos.org.br\/noticias\/author\/moacir"}]}},"_links":{"self":[{"href":"https:\/\/franciscanos.org.br\/noticias\/wp-json\/wp\/v2\/posts\/214242"}],"collection":[{"href":"https:\/\/franciscanos.org.br\/noticias\/wp-json\/wp\/v2\/posts"}],"about":[{"href":"https:\/\/franciscanos.org.br\/noticias\/wp-json\/wp\/v2\/types\/post"}],"author":[{"embeddable":true,"href":"https:\/\/franciscanos.org.br\/noticias\/wp-json\/wp\/v2\/users\/3"}],"replies":[{"embeddable":true,"href":"https:\/\/franciscanos.org.br\/noticias\/wp-json\/wp\/v2\/comments?post=214242"}],"version-history":[{"count":3,"href":"https:\/\/franciscanos.org.br\/noticias\/wp-json\/wp\/v2\/posts\/214242\/revisions"}],"predecessor-version":[{"id":241128,"href":"https:\/\/franciscanos.org.br\/noticias\/wp-json\/wp\/v2\/posts\/214242\/revisions\/241128"}],"wp:featuredmedia":[{"embeddable":true,"href":"https:\/\/franciscanos.org.br\/noticias\/wp-json\/wp\/v2\/media\/214244"}],"wp:attachment":[{"href":"https:\/\/franciscanos.org.br\/noticias\/wp-json\/wp\/v2\/media?parent=214242"}],"wp:term":[{"taxonomy":"category","embeddable":true,"href":"https:\/\/franciscanos.org.br\/noticias\/wp-json\/wp\/v2\/categories?post=214242"},{"taxonomy":"post_tag","embeddable":true,"href":"https:\/\/franciscanos.org.br\/noticias\/wp-json\/wp\/v2\/tags?post=214242"}],"curies":[{"name":"wp","href":"https:\/\/api.w.org\/{rel}","templated":true}]}}