{"id":214238,"date":"2019-11-29T15:21:15","date_gmt":"2019-11-29T18:21:15","guid":{"rendered":"https:\/\/franciscanos.org.br\/noticias\/?p=214238"},"modified":"2019-11-29T15:22:14","modified_gmt":"2019-11-29T18:22:14","slug":"mensagem-do-ministro-geral-por-ocasiao-do-dia-mundial-de-luta-contra-a-aids","status":"publish","type":"post","link":"https:\/\/franciscanos.org.br\/noticias\/mensagem-do-ministro-geral-por-ocasiao-do-dia-mundial-de-luta-contra-a-aids.html","title":{"rendered":"Mensagem do Ministro Geral por ocasi\u00e3o do Dia Mundial de Luta contra a Aids"},"content":{"rendered":"<p><img loading=\"lazy\" class=\"alignnone size-full wp-image-214239\" src=\"https:\/\/franciscanos.org.br\/noticias\/wp-content\/uploads\/2019\/11\/campanha_2911.jpg\" alt=\"\" width=\"890\" height=\"311\" srcset=\"https:\/\/franciscanos.org.br\/noticias\/wp-content\/uploads\/2019\/11\/campanha_2911.jpg 890w, https:\/\/franciscanos.org.br\/noticias\/wp-content\/uploads\/2019\/11\/campanha_2911-450x157.jpg 450w, https:\/\/franciscanos.org.br\/noticias\/wp-content\/uploads\/2019\/11\/campanha_2911-768x268.jpg 768w, https:\/\/franciscanos.org.br\/noticias\/wp-content\/uploads\/2019\/11\/campanha_2911-150x52.jpg 150w\" sizes=\"(max-width: 890px) 100vw, 890px\" \/><\/p>\n<p>Queridos irm\u00e3os da Ordem, que o Senhor lhes d\u00ea paz!<\/p>\n<p>Todos os anos, desde 1988, a comunidade mundial faz uma pausa para refletir sobre a pandemia de HIV\/Aids, aumentar a conscientiza\u00e7\u00e3o e o conhecimento, manifestar-se contra todas as formas de estigmatiza\u00e7\u00e3o, comprometer-se com um trabalho mais profundo e pedir uma resposta maior para avan\u00e7ar na erradica\u00e7\u00e3o da pandemia como uma amea\u00e7a \u00e0 sa\u00fade p\u00fablica. Esses objetivos podem ser alcan\u00e7ados, facilitando o acesso a diagn\u00f3sticos e tratamentos precoces e acess\u00edveis para todos aqueles que precisam, independentemente de sua situa\u00e7\u00e3o social ou econ\u00f4mica.<\/p>\n<p>Atualmente, 38 milh\u00f5es de irm\u00e3os e irm\u00e3s vivem com o v\u00edrus HIV, com mais de 1,7 milh\u00e3o de novas infec\u00e7\u00f5es em 2018. Mais de 32 milh\u00f5es de pessoas morreram como resultado de complica\u00e7\u00f5es da Aids desde que foram identificadas pela primeira vez. V\u00edrus HIV Gra\u00e7as a uma maior conscientiza\u00e7\u00e3o sobre o v\u00edrus e a um maior acesso a medicamentos que salvam vidas. Novas infec\u00e7\u00f5es pelo HIV diminu\u00edram aproximadamente 37% no per\u00edodo 2010-2018. As mortes relacionadas ao HIV foram reduzidas em 45%. Mais de 13,6 milh\u00f5es de vidas foram salvas gra\u00e7as ao acesso a melhores terapias anti-retrovirais (<em>consulte o boletim das Na\u00e7\u00f5es Unidas contra a Aids, agosto de 2019<\/em>), e quase 23 milh\u00f5es de pessoas aproveitaram esses tratamentos em 2018.<\/p>\n<p>Apesar desses avan\u00e7os encorajadores, ainda existem regi\u00f5es do mundo em que as infec\u00e7\u00f5es por HIV est\u00e3o aumentando. Isto \u00e9 especialmente verdade no Leste Europeu, \u00c1sia Central, Oriente M\u00e9dio e Norte da \u00c1frica. No Paquist\u00e3o, foi relatado que foram descobertas cerca de 1.900 crian\u00e7as infectadas com o v\u00edrus HIV em uma cidade de 200.000 habitantes, devido a pr\u00e1ticas m\u00e9dicas perigosas. Isso deixa muito claro que n\u00e3o pode haver descuido no que se refere \u00e0 pandemia de HIV\/ Aids.<\/p>\n<p>O tema do Dia Mundial da Aids 2019 \u00e9: &#8220;Fim da epidemia do HIV\/Aids: Comunidade por Comunidade\u201d. A publicidade internacional sobre esta celebra\u00e7\u00e3o menciona muitos tipos de comunidades envolvidas na resposta ao HIV\/Aids, incluindo aquelas que vivem com ou s\u00e3o vulner\u00e1veis \u200b\u200b\u00e0 infec\u00e7\u00e3o pelo HIV. Contudo, h\u00e1 muito pouca men\u00e7\u00e3o ao ousado comprometimento e a\u00e7\u00e3o das comunidades religiosas &#8211; cat\u00f3licas, ecum\u00eanicas e inter-religiosas &#8211; na preven\u00e7\u00e3o da propaga\u00e7\u00e3o do HIV, na disponibilidade de programas locais de diagn\u00f3stico e tratamento e na cria\u00e7\u00e3o de recursos para garantir o desenvolvimento integral e acompanhamento das pessoas vivendo com HIV e seus entes queridos.<\/p>\n<p>Seguindo o exemplo de S\u00e3o Francisco de Assis, unimo-nos a pessoas de f\u00e9 e boa vontade em todos os lugares, na busca de p\u00f4r fim \u00e0 a pandemia do HIV. Comprometemo-nos a lutar contra todas as formas de preconceito e incentivamos nossos governos e a comunidade internacional a manter seus compromissos pol\u00edticos e financeiros para atender \u00e0s necessidades de todos os que vivem ou s\u00e3o afetados pelo HIV\/ Aids, e para ajudar a erradicar essa pandemia. Encorajamos e incentivamos a comunidade cient\u00edfica em seus esfor\u00e7os para entender o HIV e criar novas maneiras de suprimir seu progresso. Pedimos \u00e0s empresas farmac\u00eauticas que continuem a disponibilizar acessibilidade a medicamentos que salvam vidas, para todos, especialmente para os pobres e exclu\u00eddos.<\/p>\n<p>Juntamos nossa ora\u00e7\u00e3o a todos que vivem com HIV, especialmente a nossos pr\u00f3prios irm\u00e3os: para que experimentem miseric\u00f3rdia, aceita\u00e7\u00e3o e amor; que s\u00e3o qualidades e valores que S\u00e3o Francisco pede aos seus irm\u00e3os. E para que Deus fortale\u00e7a a determina\u00e7\u00e3o dos governos de todo o mundo em fazer todo o poss\u00edvel na promo\u00e7\u00e3o da dignidade humana, fornecendo fundos para avan\u00e7os m\u00e9dicos, incentivando a mudan\u00e7a de comportamento e promovendo valores moralmente fundamentados para contribuir na luta contra a pandemia de HIV\/Aids.<\/p>\n<p><strong>Ora\u00e7\u00e3o franciscana pelo Dia Mundial da Aids 2019:<\/strong><\/p>\n<p><em>Deus, voc\u00ea que \u00e9 a fonte de todas as b\u00ean\u00e7\u00e3os, escuta o grito de nossos irm\u00e3os e irm\u00e3s que vivem com ou s\u00e3o afetados pelo HIV\/Aids. Em sua infinita bondade, transforme os cora\u00e7\u00f5es humanos para que as pessoas ao redor do mundo possam tratar as pessoas que vivem com HIV com dignidade, respeito e carinho \u00e0s pessoas que vivem com o VIH. Que nossas comunidades se tornem lugares de acolhida, compaix\u00e3o, amor e esperan\u00e7a para todos!<\/em><\/p>\n<p><em>\u00a0<\/em><em>N\u00f3s fazemos esta ora\u00e7\u00e3o atrav\u00e9s de Cristo, nosso Senhor. Am\u00e9m.<\/em><\/p>\n<p>1\u00ba de dezembro de 2019<\/p>\n<p><strong>Frei Michael A. Perry, OFM<\/strong><\/p>\n<p>Ministro Geral e Servo<\/p>\n<p>&nbsp;<\/p>\n<p>&nbsp;<\/p>\n","protected":false},"excerpt":{"rendered":"<p>Mensagem do Ministro Geral para o Dia Mundial de Luta contra a Aids<\/p>\n","protected":false},"author":3,"featured_media":214240,"comment_status":"open","ping_status":"open","sticky":false,"template":"","format":"standard","meta":[],"categories":[1],"tags":[344],"acf":[],"yoast_head":"<!-- This site is optimized with the Yoast SEO plugin v19.2 - https:\/\/yoast.com\/wordpress\/plugins\/seo\/ -->\n<title>Mensagem do Ministro Geral por ocasi\u00e3o do Dia Mundial de Luta contra a Aids - Not\u00edcias - Franciscanos<\/title>\n<meta name=\"robots\" content=\"index, follow, max-snippet:-1, max-image-preview:large, max-video-preview:-1\" \/>\n<link rel=\"canonical\" href=\"https:\/\/franciscanos.org.br\/noticias\/mensagem-do-ministro-geral-por-ocasiao-do-dia-mundial-de-luta-contra-a-aids.html\" \/>\n<meta property=\"og:locale\" content=\"pt_BR\" \/>\n<meta property=\"og:type\" content=\"article\" \/>\n<meta property=\"og:title\" content=\"Mensagem do Ministro Geral por ocasi\u00e3o do Dia Mundial de Luta contra a Aids - Not\u00edcias - Franciscanos\" \/>\n<meta property=\"og:description\" content=\"Mensagem do Ministro Geral para o Dia Mundial de Luta contra a Aids\" \/>\n<meta property=\"og:url\" content=\"https:\/\/franciscanos.org.br\/noticias\/mensagem-do-ministro-geral-por-ocasiao-do-dia-mundial-de-luta-contra-a-aids.html\" \/>\n<meta property=\"og:site_name\" content=\"Not\u00edcias - Franciscanos\" \/>\n<meta property=\"article:published_time\" content=\"2019-11-29T18:21:15+00:00\" \/>\n<meta property=\"article:modified_time\" content=\"2019-11-29T18:22:14+00:00\" \/>\n<meta property=\"og:image\" content=\"https:\/\/franciscanos.org.br\/noticias\/wp-content\/uploads\/2019\/11\/campanha_aids_0112.jpg\" \/>\n\t<meta property=\"og:image:width\" content=\"273\" \/>\n\t<meta property=\"og:image:height\" content=\"181\" \/>\n\t<meta property=\"og:image:type\" content=\"image\/jpeg\" \/>\n<meta name=\"author\" content=\"moacir\" \/>\n<meta name=\"twitter:card\" content=\"summary_large_image\" \/>\n<meta name=\"twitter:label1\" content=\"Escrito por\" \/>\n\t<meta name=\"twitter:data1\" content=\"moacir\" \/>\n\t<meta name=\"twitter:label2\" content=\"Est. tempo de leitura\" \/>\n\t<meta name=\"twitter:data2\" content=\"4 minutos\" \/>\n<script type=\"application\/ld+json\" class=\"yoast-schema-graph\">{\"@context\":\"https:\/\/schema.org\",\"@graph\":[{\"@type\":\"WebSite\",\"@id\":\"https:\/\/franciscanos.org.br\/noticias\/#website\",\"url\":\"https:\/\/franciscanos.org.br\/noticias\/\",\"name\":\"Not\u00edcias - Franciscanos\",\"description\":\"Prov\u00edncia Franciscana da Imaculada Concei\u00e7\u00e3o do Brasil - Ordem dos Frades Menores - OFM\",\"potentialAction\":[{\"@type\":\"SearchAction\",\"target\":{\"@type\":\"EntryPoint\",\"urlTemplate\":\"https:\/\/franciscanos.org.br\/noticias\/?s={search_term_string}\"},\"query-input\":\"required name=search_term_string\"}],\"inLanguage\":\"pt-BR\"},{\"@type\":\"ImageObject\",\"inLanguage\":\"pt-BR\",\"@id\":\"https:\/\/franciscanos.org.br\/noticias\/mensagem-do-ministro-geral-por-ocasiao-do-dia-mundial-de-luta-contra-a-aids.html#primaryimage\",\"url\":\"https:\/\/franciscanos.org.br\/noticias\/wp-content\/uploads\/2019\/11\/campanha_aids_0112.jpg\",\"contentUrl\":\"https:\/\/franciscanos.org.br\/noticias\/wp-content\/uploads\/2019\/11\/campanha_aids_0112.jpg\",\"width\":273,\"height\":181},{\"@type\":\"WebPage\",\"@id\":\"https:\/\/franciscanos.org.br\/noticias\/mensagem-do-ministro-geral-por-ocasiao-do-dia-mundial-de-luta-contra-a-aids.html#webpage\",\"url\":\"https:\/\/franciscanos.org.br\/noticias\/mensagem-do-ministro-geral-por-ocasiao-do-dia-mundial-de-luta-contra-a-aids.html\",\"name\":\"Mensagem do Ministro Geral por ocasi\u00e3o do Dia Mundial de Luta contra a Aids - Not\u00edcias - Franciscanos\",\"isPartOf\":{\"@id\":\"https:\/\/franciscanos.org.br\/noticias\/#website\"},\"primaryImageOfPage\":{\"@id\":\"https:\/\/franciscanos.org.br\/noticias\/mensagem-do-ministro-geral-por-ocasiao-do-dia-mundial-de-luta-contra-a-aids.html#primaryimage\"},\"datePublished\":\"2019-11-29T18:21:15+00:00\",\"dateModified\":\"2019-11-29T18:22:14+00:00\",\"author\":{\"@id\":\"https:\/\/franciscanos.org.br\/noticias\/#\/schema\/person\/b5c8cba458c330ccff548b056e95a5d4\"},\"breadcrumb\":{\"@id\":\"https:\/\/franciscanos.org.br\/noticias\/mensagem-do-ministro-geral-por-ocasiao-do-dia-mundial-de-luta-contra-a-aids.html#breadcrumb\"},\"inLanguage\":\"pt-BR\",\"potentialAction\":[{\"@type\":\"ReadAction\",\"target\":[\"https:\/\/franciscanos.org.br\/noticias\/mensagem-do-ministro-geral-por-ocasiao-do-dia-mundial-de-luta-contra-a-aids.html\"]}]},{\"@type\":\"BreadcrumbList\",\"@id\":\"https:\/\/franciscanos.org.br\/noticias\/mensagem-do-ministro-geral-por-ocasiao-do-dia-mundial-de-luta-contra-a-aids.html#breadcrumb\",\"itemListElement\":[{\"@type\":\"ListItem\",\"position\":1,\"name\":\"Home\",\"item\":\"https:\/\/franciscanos.org.br\/noticias\"},{\"@type\":\"ListItem\",\"position\":2,\"name\":\"Mensagem do Ministro Geral por ocasi\u00e3o do Dia Mundial de Luta contra a Aids\"}]},{\"@type\":\"Person\",\"@id\":\"https:\/\/franciscanos.org.br\/noticias\/#\/schema\/person\/b5c8cba458c330ccff548b056e95a5d4\",\"name\":\"moacir\",\"image\":{\"@type\":\"ImageObject\",\"inLanguage\":\"pt-BR\",\"@id\":\"https:\/\/franciscanos.org.br\/noticias\/#\/schema\/person\/image\/\",\"url\":\"https:\/\/secure.gravatar.com\/avatar\/d08aa2ce4c8dd416d4479aa8536fcf64?s=96&d=mm&r=g\",\"contentUrl\":\"https:\/\/secure.gravatar.com\/avatar\/d08aa2ce4c8dd416d4479aa8536fcf64?s=96&d=mm&r=g\",\"caption\":\"moacir\"},\"url\":\"https:\/\/franciscanos.org.br\/noticias\/author\/moacir\"}]}<\/script>\n<!-- \/ Yoast SEO plugin. -->","yoast_head_json":{"title":"Mensagem do Ministro Geral por ocasi\u00e3o do Dia Mundial de Luta contra a Aids - Not\u00edcias - Franciscanos","robots":{"index":"index","follow":"follow","max-snippet":"max-snippet:-1","max-image-preview":"max-image-preview:large","max-video-preview":"max-video-preview:-1"},"canonical":"https:\/\/franciscanos.org.br\/noticias\/mensagem-do-ministro-geral-por-ocasiao-do-dia-mundial-de-luta-contra-a-aids.html","og_locale":"pt_BR","og_type":"article","og_title":"Mensagem do Ministro Geral por ocasi\u00e3o do Dia Mundial de Luta contra a Aids - Not\u00edcias - Franciscanos","og_description":"Mensagem do Ministro Geral para o Dia Mundial de Luta contra a Aids","og_url":"https:\/\/franciscanos.org.br\/noticias\/mensagem-do-ministro-geral-por-ocasiao-do-dia-mundial-de-luta-contra-a-aids.html","og_site_name":"Not\u00edcias - Franciscanos","article_published_time":"2019-11-29T18:21:15+00:00","article_modified_time":"2019-11-29T18:22:14+00:00","og_image":[{"width":273,"height":181,"url":"https:\/\/franciscanos.org.br\/noticias\/wp-content\/uploads\/2019\/11\/campanha_aids_0112.jpg","type":"image\/jpeg"}],"author":"moacir","twitter_card":"summary_large_image","twitter_misc":{"Escrito por":"moacir","Est. tempo de leitura":"4 minutos"},"schema":{"@context":"https:\/\/schema.org","@graph":[{"@type":"WebSite","@id":"https:\/\/franciscanos.org.br\/noticias\/#website","url":"https:\/\/franciscanos.org.br\/noticias\/","name":"Not\u00edcias - Franciscanos","description":"Prov\u00edncia Franciscana da Imaculada Concei\u00e7\u00e3o do Brasil - Ordem dos Frades Menores - OFM","potentialAction":[{"@type":"SearchAction","target":{"@type":"EntryPoint","urlTemplate":"https:\/\/franciscanos.org.br\/noticias\/?s={search_term_string}"},"query-input":"required name=search_term_string"}],"inLanguage":"pt-BR"},{"@type":"ImageObject","inLanguage":"pt-BR","@id":"https:\/\/franciscanos.org.br\/noticias\/mensagem-do-ministro-geral-por-ocasiao-do-dia-mundial-de-luta-contra-a-aids.html#primaryimage","url":"https:\/\/franciscanos.org.br\/noticias\/wp-content\/uploads\/2019\/11\/campanha_aids_0112.jpg","contentUrl":"https:\/\/franciscanos.org.br\/noticias\/wp-content\/uploads\/2019\/11\/campanha_aids_0112.jpg","width":273,"height":181},{"@type":"WebPage","@id":"https:\/\/franciscanos.org.br\/noticias\/mensagem-do-ministro-geral-por-ocasiao-do-dia-mundial-de-luta-contra-a-aids.html#webpage","url":"https:\/\/franciscanos.org.br\/noticias\/mensagem-do-ministro-geral-por-ocasiao-do-dia-mundial-de-luta-contra-a-aids.html","name":"Mensagem do Ministro Geral por ocasi\u00e3o do Dia Mundial de Luta contra a Aids - Not\u00edcias - Franciscanos","isPartOf":{"@id":"https:\/\/franciscanos.org.br\/noticias\/#website"},"primaryImageOfPage":{"@id":"https:\/\/franciscanos.org.br\/noticias\/mensagem-do-ministro-geral-por-ocasiao-do-dia-mundial-de-luta-contra-a-aids.html#primaryimage"},"datePublished":"2019-11-29T18:21:15+00:00","dateModified":"2019-11-29T18:22:14+00:00","author":{"@id":"https:\/\/franciscanos.org.br\/noticias\/#\/schema\/person\/b5c8cba458c330ccff548b056e95a5d4"},"breadcrumb":{"@id":"https:\/\/franciscanos.org.br\/noticias\/mensagem-do-ministro-geral-por-ocasiao-do-dia-mundial-de-luta-contra-a-aids.html#breadcrumb"},"inLanguage":"pt-BR","potentialAction":[{"@type":"ReadAction","target":["https:\/\/franciscanos.org.br\/noticias\/mensagem-do-ministro-geral-por-ocasiao-do-dia-mundial-de-luta-contra-a-aids.html"]}]},{"@type":"BreadcrumbList","@id":"https:\/\/franciscanos.org.br\/noticias\/mensagem-do-ministro-geral-por-ocasiao-do-dia-mundial-de-luta-contra-a-aids.html#breadcrumb","itemListElement":[{"@type":"ListItem","position":1,"name":"Home","item":"https:\/\/franciscanos.org.br\/noticias"},{"@type":"ListItem","position":2,"name":"Mensagem do Ministro Geral por ocasi\u00e3o do Dia Mundial de Luta contra a Aids"}]},{"@type":"Person","@id":"https:\/\/franciscanos.org.br\/noticias\/#\/schema\/person\/b5c8cba458c330ccff548b056e95a5d4","name":"moacir","image":{"@type":"ImageObject","inLanguage":"pt-BR","@id":"https:\/\/franciscanos.org.br\/noticias\/#\/schema\/person\/image\/","url":"https:\/\/secure.gravatar.com\/avatar\/d08aa2ce4c8dd416d4479aa8536fcf64?s=96&d=mm&r=g","contentUrl":"https:\/\/secure.gravatar.com\/avatar\/d08aa2ce4c8dd416d4479aa8536fcf64?s=96&d=mm&r=g","caption":"moacir"},"url":"https:\/\/franciscanos.org.br\/noticias\/author\/moacir"}]}},"_links":{"self":[{"href":"https:\/\/franciscanos.org.br\/noticias\/wp-json\/wp\/v2\/posts\/214238"}],"collection":[{"href":"https:\/\/franciscanos.org.br\/noticias\/wp-json\/wp\/v2\/posts"}],"about":[{"href":"https:\/\/franciscanos.org.br\/noticias\/wp-json\/wp\/v2\/types\/post"}],"author":[{"embeddable":true,"href":"https:\/\/franciscanos.org.br\/noticias\/wp-json\/wp\/v2\/users\/3"}],"replies":[{"embeddable":true,"href":"https:\/\/franciscanos.org.br\/noticias\/wp-json\/wp\/v2\/comments?post=214238"}],"version-history":[{"count":0,"href":"https:\/\/franciscanos.org.br\/noticias\/wp-json\/wp\/v2\/posts\/214238\/revisions"}],"wp:featuredmedia":[{"embeddable":true,"href":"https:\/\/franciscanos.org.br\/noticias\/wp-json\/wp\/v2\/media\/214240"}],"wp:attachment":[{"href":"https:\/\/franciscanos.org.br\/noticias\/wp-json\/wp\/v2\/media?parent=214238"}],"wp:term":[{"taxonomy":"category","embeddable":true,"href":"https:\/\/franciscanos.org.br\/noticias\/wp-json\/wp\/v2\/categories?post=214238"},{"taxonomy":"post_tag","embeddable":true,"href":"https:\/\/franciscanos.org.br\/noticias\/wp-json\/wp\/v2\/tags?post=214238"}],"curies":[{"name":"wp","href":"https:\/\/api.w.org\/{rel}","templated":true}]}}