{"id":214226,"date":"2019-11-28T14:54:50","date_gmt":"2019-11-28T17:54:50","guid":{"rendered":"https:\/\/franciscanos.org.br\/noticias\/?p=214226"},"modified":"2020-06-06T07:18:44","modified_gmt":"2020-06-06T10:18:44","slug":"o-papa-francisco-envia-ajuda-as-vitimas-do-terremoto-na-albania","status":"publish","type":"post","link":"https:\/\/franciscanos.org.br\/noticias\/o-papa-francisco-envia-ajuda-as-vitimas-do-terremoto-na-albania.html","title":{"rendered":"Papa Francisco envia ajuda \u00e0s v\u00edtimas do terremoto na Alb\u00e2nia"},"content":{"rendered":"<p><img loading=\"lazy\" class=\"alignnone size-full wp-image-214227\" src=\"https:\/\/franciscanos.org.br\/noticias\/wp-content\/uploads\/2019\/11\/papa_2811.jpg\" alt=\"\" width=\"890\" height=\"501\" srcset=\"https:\/\/franciscanos.org.br\/noticias\/wp-content\/uploads\/2019\/11\/papa_2811.jpg 890w, https:\/\/franciscanos.org.br\/noticias\/wp-content\/uploads\/2019\/11\/papa_2811-450x253.jpg 450w, https:\/\/franciscanos.org.br\/noticias\/wp-content\/uploads\/2019\/11\/papa_2811-768x432.jpg 768w, https:\/\/franciscanos.org.br\/noticias\/wp-content\/uploads\/2019\/11\/papa_2811-150x84.jpg 150w\" sizes=\"(max-width: 890px) 100vw, 890px\" \/><\/p>\n<p><strong>Cidade do Vaticano<\/strong> &#8211; Na noite de 25 de novembro passado, um forte terramoto atingiu a costa norte da Alb\u00e2nia, na \u00e1rea da cidade de Durres. At\u00e9 agora, o balan\u00e7o fala de dezenas de pessoas mortas e pelo menos 600 feridas, mas ainda h\u00e1 muitas pessoas debaixo dos escombros. O terremoto causou enormes danos: edif\u00edcios desmoronados e centenas de pessoas sem abrigo, e foi sentido em outras \u00e1reas da Alb\u00e2nia e da costa adri\u00e1tica. Atrav\u00e9s do Dicast\u00e9rio para o Servi\u00e7o de Desenvolvimento Humano Integral, o Papa Francisco decidiu enviar uma primeira contribui\u00e7\u00e3o de 100.000 euros para ajudar a popula\u00e7\u00e3o nesta fase imediata de emerg\u00eancia.<\/p>\n<p><strong>A soma ser\u00e1 utilizada para os trabalhos de socorro e assist\u00eancia<\/strong><\/p>\n<p>Deste modo, o Santo Padre deseja exprimir a sua proximidade espiritual e o seu paterno apoio \u00e0s pessoas atingidas. A soma ser\u00e1 utilizada nas dioceses atingidas pelo terremoto para obras de socorro e assist\u00eancia, de acordo com a Nunciatura Apost\u00f3lica da Alb\u00e2nia.<\/p>\n<p>Ao final da Audi\u00eancia Geral desta quarta-feira, o Papa enviou uma sauda\u00e7\u00e3o e expressou sua proximidade &#8220;ao querido povo alban\u00eas, que tanto sofreu nestes dias&#8221;. &#8220;A Alb\u00e2nia &#8211; recordou Francisco &#8211; foi o primeiro pa\u00eds da Europa que eu quis visitar. Sou pr\u00f3ximo \u00e0s v\u00edtimas, rezo pelos falecidos, pelos feridos, pelas fam\u00edlias. Que o Senhor aben\u00e7oe este povo ao qual quero t\u00e3o bem&#8221;.<\/p>\n<p>Tamb\u00e9m atrav\u00e9s de um telegrama enviado ao presidente da Rep\u00fablica da Alb\u00e2nia sr. Ilir Meta, e aos familiares das v\u00edtimas, o Santo Padre expressou seu mais sincero pesar por aqueles que morreram em consequ\u00eancia do terremoto de 6,4 graus na Escala Richter que sacudiu o pa\u00eds na madrugada de ter\u00e7a-feira, 26.<\/p>\n<p>\u201cEncomendando as almas dos falecidos \u00e0 miseric\u00f3rdia de Deus, asseguro aos feridos e a todos os atingidos por esse desastre minha proximidade em ora\u00e7\u00e3o\u201d, diz a mensagem assinada pelo cardeal secret\u00e1rio de Estado, Pietro Parolin<\/p>\n<p>J\u00e1 \u00e0s equipes de emerg\u00eancia e aos esfor\u00e7os realizados nas opera\u00e7\u00f5es de socorro, Sua Santidade invoca b\u00ean\u00e7\u00e3os de fortaleza e confia o povo da Alb\u00e2nia \u00e0 Provid\u00eancia amorosa do Todo-Poderoso.<\/p>\n<p><strong>Dia de Luto Nacional<\/strong><\/p>\n<p>E outro forte abalo, de magnitude 5,1 na Escala Richter, sacudiu o pa\u00eds ao meio dia desta quinta-feira. Segundo informa\u00e7\u00f5es do governo, subiu para 41 o n\u00famero de v\u00edtimas fatais do terremoto de ter\u00e7a-feira, com epicentro no Mar Adri\u00e1tico, a 10 km da cidade portu\u00e1ria de Durazzo, a mais atingida. Mas a maior parte das v\u00edtimas s\u00e3o da cidade de Durres, a 40 km a oeste da capital Tirana. Os desaparecidos s\u00e3o provavelmente 15.<\/p>\n<p><strong>Terremoto na Alb\u00e2nia: v\u00edtimas e desabamentos. Procuram-se pessoas desaparecidas<\/strong><br \/>\nAbalos secund\u00e1rios, que chegaram a atingir 5,4 graus, ocorreram aos longo de toda a quarta-feira. Ao meio-dia desta quinta-feira, foi sentido um abalo de 5,1 graus.<br \/>\nA popula\u00e7\u00e3o foi obrigada a abandonar apartamentos e casas e dormir em gin\u00e1sios, abrigadas em tendas e mesmo a c\u00e9u aberto, protegidos por cobertores. O governo alban\u00eas decretou Dia de Luto Nacional para a quarta-feira. As escolas permanecem fechadas.<\/p>\n<p>As autoridades enviaram 2 mil militares e 1.900 agentes de pol\u00edcias, al\u00e9m de dezenas de equipes m\u00e9dias, \u00e0s \u00e1reas afetadas. Tamb\u00e9m chega ajuda de pa\u00edses estrangeiros, como It\u00e1lia e Estados Unidos. 157 bombeiros italianos trabalham entre os escombros em busca de sobreviventes.<\/p>\n<hr \/>\n<p><em>Fonte: Vatican News (https:\/\/www.vaticannews.va\/pt\/papa\/news\/2019-11\/papa-francisco-telegrama-terremoto-albania.html)<\/em><\/p>\n","protected":false},"excerpt":{"rendered":"<p>Papa Francisco<\/p>\n","protected":false},"author":3,"featured_media":214228,"comment_status":"open","ping_status":"open","sticky":false,"template":"","format":"standard","meta":[],"categories":[1428],"tags":[55],"acf":[],"yoast_head":"<!-- This site is optimized with the Yoast SEO plugin v19.2 - https:\/\/yoast.com\/wordpress\/plugins\/seo\/ -->\n<title>Papa Francisco envia ajuda \u00e0s v\u00edtimas do terremoto na Alb\u00e2nia - Not\u00edcias - Franciscanos<\/title>\n<meta name=\"robots\" content=\"index, follow, max-snippet:-1, max-image-preview:large, max-video-preview:-1\" \/>\n<link rel=\"canonical\" href=\"https:\/\/franciscanos.org.br\/noticias\/o-papa-francisco-envia-ajuda-as-vitimas-do-terremoto-na-albania.html\" \/>\n<meta property=\"og:locale\" content=\"pt_BR\" \/>\n<meta property=\"og:type\" content=\"article\" \/>\n<meta property=\"og:title\" content=\"Papa Francisco envia ajuda \u00e0s v\u00edtimas do terremoto na Alb\u00e2nia - Not\u00edcias - Franciscanos\" \/>\n<meta property=\"og:description\" content=\"Papa Francisco\" \/>\n<meta property=\"og:url\" content=\"https:\/\/franciscanos.org.br\/noticias\/o-papa-francisco-envia-ajuda-as-vitimas-do-terremoto-na-albania.html\" \/>\n<meta property=\"og:site_name\" content=\"Not\u00edcias - Franciscanos\" \/>\n<meta property=\"article:published_time\" content=\"2019-11-28T17:54:50+00:00\" \/>\n<meta property=\"article:modified_time\" content=\"2020-06-06T10:18:44+00:00\" \/>\n<meta property=\"og:image\" content=\"https:\/\/franciscanos.org.br\/noticias\/wp-content\/uploads\/2019\/11\/papa_2811d.jpg\" \/>\n\t<meta property=\"og:image:width\" content=\"273\" \/>\n\t<meta property=\"og:image:height\" content=\"181\" \/>\n\t<meta property=\"og:image:type\" content=\"image\/jpeg\" \/>\n<meta name=\"author\" content=\"moacir\" \/>\n<meta name=\"twitter:card\" content=\"summary_large_image\" \/>\n<meta name=\"twitter:label1\" content=\"Escrito por\" \/>\n\t<meta name=\"twitter:data1\" content=\"moacir\" \/>\n\t<meta name=\"twitter:label2\" content=\"Est. tempo de leitura\" \/>\n\t<meta name=\"twitter:data2\" content=\"3 minutos\" \/>\n<script type=\"application\/ld+json\" class=\"yoast-schema-graph\">{\"@context\":\"https:\/\/schema.org\",\"@graph\":[{\"@type\":\"WebSite\",\"@id\":\"https:\/\/franciscanos.org.br\/noticias\/#website\",\"url\":\"https:\/\/franciscanos.org.br\/noticias\/\",\"name\":\"Not\u00edcias - Franciscanos\",\"description\":\"Prov\u00edncia Franciscana da Imaculada Concei\u00e7\u00e3o do Brasil - Ordem dos Frades Menores - OFM\",\"potentialAction\":[{\"@type\":\"SearchAction\",\"target\":{\"@type\":\"EntryPoint\",\"urlTemplate\":\"https:\/\/franciscanos.org.br\/noticias\/?s={search_term_string}\"},\"query-input\":\"required name=search_term_string\"}],\"inLanguage\":\"pt-BR\"},{\"@type\":\"ImageObject\",\"inLanguage\":\"pt-BR\",\"@id\":\"https:\/\/franciscanos.org.br\/noticias\/o-papa-francisco-envia-ajuda-as-vitimas-do-terremoto-na-albania.html#primaryimage\",\"url\":\"https:\/\/franciscanos.org.br\/noticias\/wp-content\/uploads\/2019\/11\/papa_2811d.jpg\",\"contentUrl\":\"https:\/\/franciscanos.org.br\/noticias\/wp-content\/uploads\/2019\/11\/papa_2811d.jpg\",\"width\":273,\"height\":181},{\"@type\":\"WebPage\",\"@id\":\"https:\/\/franciscanos.org.br\/noticias\/o-papa-francisco-envia-ajuda-as-vitimas-do-terremoto-na-albania.html#webpage\",\"url\":\"https:\/\/franciscanos.org.br\/noticias\/o-papa-francisco-envia-ajuda-as-vitimas-do-terremoto-na-albania.html\",\"name\":\"Papa Francisco envia ajuda \u00e0s v\u00edtimas do terremoto na Alb\u00e2nia - Not\u00edcias - Franciscanos\",\"isPartOf\":{\"@id\":\"https:\/\/franciscanos.org.br\/noticias\/#website\"},\"primaryImageOfPage\":{\"@id\":\"https:\/\/franciscanos.org.br\/noticias\/o-papa-francisco-envia-ajuda-as-vitimas-do-terremoto-na-albania.html#primaryimage\"},\"datePublished\":\"2019-11-28T17:54:50+00:00\",\"dateModified\":\"2020-06-06T10:18:44+00:00\",\"author\":{\"@id\":\"https:\/\/franciscanos.org.br\/noticias\/#\/schema\/person\/b5c8cba458c330ccff548b056e95a5d4\"},\"breadcrumb\":{\"@id\":\"https:\/\/franciscanos.org.br\/noticias\/o-papa-francisco-envia-ajuda-as-vitimas-do-terremoto-na-albania.html#breadcrumb\"},\"inLanguage\":\"pt-BR\",\"potentialAction\":[{\"@type\":\"ReadAction\",\"target\":[\"https:\/\/franciscanos.org.br\/noticias\/o-papa-francisco-envia-ajuda-as-vitimas-do-terremoto-na-albania.html\"]}]},{\"@type\":\"BreadcrumbList\",\"@id\":\"https:\/\/franciscanos.org.br\/noticias\/o-papa-francisco-envia-ajuda-as-vitimas-do-terremoto-na-albania.html#breadcrumb\",\"itemListElement\":[{\"@type\":\"ListItem\",\"position\":1,\"name\":\"Home\",\"item\":\"https:\/\/franciscanos.org.br\/noticias\"},{\"@type\":\"ListItem\",\"position\":2,\"name\":\"Papa Francisco envia ajuda \u00e0s v\u00edtimas do terremoto na Alb\u00e2nia\"}]},{\"@type\":\"Person\",\"@id\":\"https:\/\/franciscanos.org.br\/noticias\/#\/schema\/person\/b5c8cba458c330ccff548b056e95a5d4\",\"name\":\"moacir\",\"image\":{\"@type\":\"ImageObject\",\"inLanguage\":\"pt-BR\",\"@id\":\"https:\/\/franciscanos.org.br\/noticias\/#\/schema\/person\/image\/\",\"url\":\"https:\/\/secure.gravatar.com\/avatar\/d08aa2ce4c8dd416d4479aa8536fcf64?s=96&d=mm&r=g\",\"contentUrl\":\"https:\/\/secure.gravatar.com\/avatar\/d08aa2ce4c8dd416d4479aa8536fcf64?s=96&d=mm&r=g\",\"caption\":\"moacir\"},\"url\":\"https:\/\/franciscanos.org.br\/noticias\/author\/moacir\"}]}<\/script>\n<!-- \/ Yoast SEO plugin. -->","yoast_head_json":{"title":"Papa Francisco envia ajuda \u00e0s v\u00edtimas do terremoto na Alb\u00e2nia - Not\u00edcias - Franciscanos","robots":{"index":"index","follow":"follow","max-snippet":"max-snippet:-1","max-image-preview":"max-image-preview:large","max-video-preview":"max-video-preview:-1"},"canonical":"https:\/\/franciscanos.org.br\/noticias\/o-papa-francisco-envia-ajuda-as-vitimas-do-terremoto-na-albania.html","og_locale":"pt_BR","og_type":"article","og_title":"Papa Francisco envia ajuda \u00e0s v\u00edtimas do terremoto na Alb\u00e2nia - Not\u00edcias - Franciscanos","og_description":"Papa Francisco","og_url":"https:\/\/franciscanos.org.br\/noticias\/o-papa-francisco-envia-ajuda-as-vitimas-do-terremoto-na-albania.html","og_site_name":"Not\u00edcias - Franciscanos","article_published_time":"2019-11-28T17:54:50+00:00","article_modified_time":"2020-06-06T10:18:44+00:00","og_image":[{"width":273,"height":181,"url":"https:\/\/franciscanos.org.br\/noticias\/wp-content\/uploads\/2019\/11\/papa_2811d.jpg","type":"image\/jpeg"}],"author":"moacir","twitter_card":"summary_large_image","twitter_misc":{"Escrito por":"moacir","Est. tempo de leitura":"3 minutos"},"schema":{"@context":"https:\/\/schema.org","@graph":[{"@type":"WebSite","@id":"https:\/\/franciscanos.org.br\/noticias\/#website","url":"https:\/\/franciscanos.org.br\/noticias\/","name":"Not\u00edcias - Franciscanos","description":"Prov\u00edncia Franciscana da Imaculada Concei\u00e7\u00e3o do Brasil - Ordem dos Frades Menores - OFM","potentialAction":[{"@type":"SearchAction","target":{"@type":"EntryPoint","urlTemplate":"https:\/\/franciscanos.org.br\/noticias\/?s={search_term_string}"},"query-input":"required name=search_term_string"}],"inLanguage":"pt-BR"},{"@type":"ImageObject","inLanguage":"pt-BR","@id":"https:\/\/franciscanos.org.br\/noticias\/o-papa-francisco-envia-ajuda-as-vitimas-do-terremoto-na-albania.html#primaryimage","url":"https:\/\/franciscanos.org.br\/noticias\/wp-content\/uploads\/2019\/11\/papa_2811d.jpg","contentUrl":"https:\/\/franciscanos.org.br\/noticias\/wp-content\/uploads\/2019\/11\/papa_2811d.jpg","width":273,"height":181},{"@type":"WebPage","@id":"https:\/\/franciscanos.org.br\/noticias\/o-papa-francisco-envia-ajuda-as-vitimas-do-terremoto-na-albania.html#webpage","url":"https:\/\/franciscanos.org.br\/noticias\/o-papa-francisco-envia-ajuda-as-vitimas-do-terremoto-na-albania.html","name":"Papa Francisco envia ajuda \u00e0s v\u00edtimas do terremoto na Alb\u00e2nia - Not\u00edcias - Franciscanos","isPartOf":{"@id":"https:\/\/franciscanos.org.br\/noticias\/#website"},"primaryImageOfPage":{"@id":"https:\/\/franciscanos.org.br\/noticias\/o-papa-francisco-envia-ajuda-as-vitimas-do-terremoto-na-albania.html#primaryimage"},"datePublished":"2019-11-28T17:54:50+00:00","dateModified":"2020-06-06T10:18:44+00:00","author":{"@id":"https:\/\/franciscanos.org.br\/noticias\/#\/schema\/person\/b5c8cba458c330ccff548b056e95a5d4"},"breadcrumb":{"@id":"https:\/\/franciscanos.org.br\/noticias\/o-papa-francisco-envia-ajuda-as-vitimas-do-terremoto-na-albania.html#breadcrumb"},"inLanguage":"pt-BR","potentialAction":[{"@type":"ReadAction","target":["https:\/\/franciscanos.org.br\/noticias\/o-papa-francisco-envia-ajuda-as-vitimas-do-terremoto-na-albania.html"]}]},{"@type":"BreadcrumbList","@id":"https:\/\/franciscanos.org.br\/noticias\/o-papa-francisco-envia-ajuda-as-vitimas-do-terremoto-na-albania.html#breadcrumb","itemListElement":[{"@type":"ListItem","position":1,"name":"Home","item":"https:\/\/franciscanos.org.br\/noticias"},{"@type":"ListItem","position":2,"name":"Papa Francisco envia ajuda \u00e0s v\u00edtimas do terremoto na Alb\u00e2nia"}]},{"@type":"Person","@id":"https:\/\/franciscanos.org.br\/noticias\/#\/schema\/person\/b5c8cba458c330ccff548b056e95a5d4","name":"moacir","image":{"@type":"ImageObject","inLanguage":"pt-BR","@id":"https:\/\/franciscanos.org.br\/noticias\/#\/schema\/person\/image\/","url":"https:\/\/secure.gravatar.com\/avatar\/d08aa2ce4c8dd416d4479aa8536fcf64?s=96&d=mm&r=g","contentUrl":"https:\/\/secure.gravatar.com\/avatar\/d08aa2ce4c8dd416d4479aa8536fcf64?s=96&d=mm&r=g","caption":"moacir"},"url":"https:\/\/franciscanos.org.br\/noticias\/author\/moacir"}]}},"_links":{"self":[{"href":"https:\/\/franciscanos.org.br\/noticias\/wp-json\/wp\/v2\/posts\/214226"}],"collection":[{"href":"https:\/\/franciscanos.org.br\/noticias\/wp-json\/wp\/v2\/posts"}],"about":[{"href":"https:\/\/franciscanos.org.br\/noticias\/wp-json\/wp\/v2\/types\/post"}],"author":[{"embeddable":true,"href":"https:\/\/franciscanos.org.br\/noticias\/wp-json\/wp\/v2\/users\/3"}],"replies":[{"embeddable":true,"href":"https:\/\/franciscanos.org.br\/noticias\/wp-json\/wp\/v2\/comments?post=214226"}],"version-history":[{"count":1,"href":"https:\/\/franciscanos.org.br\/noticias\/wp-json\/wp\/v2\/posts\/214226\/revisions"}],"predecessor-version":[{"id":224419,"href":"https:\/\/franciscanos.org.br\/noticias\/wp-json\/wp\/v2\/posts\/214226\/revisions\/224419"}],"wp:featuredmedia":[{"embeddable":true,"href":"https:\/\/franciscanos.org.br\/noticias\/wp-json\/wp\/v2\/media\/214228"}],"wp:attachment":[{"href":"https:\/\/franciscanos.org.br\/noticias\/wp-json\/wp\/v2\/media?parent=214226"}],"wp:term":[{"taxonomy":"category","embeddable":true,"href":"https:\/\/franciscanos.org.br\/noticias\/wp-json\/wp\/v2\/categories?post=214226"},{"taxonomy":"post_tag","embeddable":true,"href":"https:\/\/franciscanos.org.br\/noticias\/wp-json\/wp\/v2\/tags?post=214226"}],"curies":[{"name":"wp","href":"https:\/\/api.w.org\/{rel}","templated":true}]}}