{"id":214218,"date":"2019-11-27T09:41:14","date_gmt":"2019-11-27T12:41:14","guid":{"rendered":"https:\/\/franciscanos.org.br\/noticias\/?p=214218"},"modified":"2021-01-18T14:11:52","modified_gmt":"2021-01-18T17:11:52","slug":"papa-vai-a-greccio-domingo-e-anuncia-carta-aos-fieis-sobre-o-presepio","status":"publish","type":"post","link":"https:\/\/franciscanos.org.br\/noticias\/papa-vai-a-greccio-domingo-e-anuncia-carta-aos-fieis-sobre-o-presepio.html","title":{"rendered":"Papa vai a Greccio domingo e anuncia carta aos fi\u00e9is sobre o pres\u00e9pio"},"content":{"rendered":"<div id=\"attachment_214219\" style=\"width: 900px\" class=\"wp-caption alignnone\"><img aria-describedby=\"caption-attachment-214219\" loading=\"lazy\" class=\"wp-image-214219 size-full\" src=\"https:\/\/franciscanos.org.br\/noticias\/wp-content\/uploads\/2019\/11\/greccio.jpg\" alt=\"\" width=\"890\" height=\"501\" srcset=\"https:\/\/franciscanos.org.br\/noticias\/wp-content\/uploads\/2019\/11\/greccio.jpg 890w, https:\/\/franciscanos.org.br\/noticias\/wp-content\/uploads\/2019\/11\/greccio-450x253.jpg 450w, https:\/\/franciscanos.org.br\/noticias\/wp-content\/uploads\/2019\/11\/greccio-768x432.jpg 768w, https:\/\/franciscanos.org.br\/noticias\/wp-content\/uploads\/2019\/11\/greccio-150x84.jpg 150w\" sizes=\"(max-width: 890px) 100vw, 890px\" \/><p id=\"caption-attachment-214219\" class=\"wp-caption-text\">\u00a0 \u00a0 \u00a0 \u00a0 \u00a0 \u00a0 \u00a0 \u00a0 \u00a0 \u00a0 \u00a0 \u00a0 \u00a0 \u00a0 \u00a0 \u00a0 \u00a0 \u00a0 \u00a0 \u00a0 \u00a0 \u00a0 \u00a0 \u00a0 \u00a0 \u00a0 \u00a0 \u00a0 \u00a0 \u00a0 \u00a0 \u00a0 \u00a0 \u00a0 \u00a0 \u00a0 \u00a0 \u00a0 \u00a0 \u00a0 \u00a0 \u00a0 \u00a0 \u00a0 \u00a0 \u00a0 \u00a0 \u00a0 \u00a0 \u00a0 \u00a0 \u00a0 \u00a0 \u00a0<em> \u00a0 Imagem: Afresco na Capela do Pres\u00e9pio de Greccio<\/em><\/p><\/div>\n<p><strong>Cidade do Vaticano<\/strong> &#8211; Na Pra\u00e7a S\u00e3o Pedro, o Papa Francisco recordou aos fi\u00e9is que no pr\u00f3ximo domingo tem in\u00edcio o tempo lit\u00fargico do Advento e fez um an\u00fancio: \u201cIrei a Greccio para rezar no lugar do primeiro pres\u00e9pio que fez S\u00e3o Francisco de Assis e enviar a todo o povo fiel uma carta para entender o significado do pres\u00e9pio. Fa\u00e7o votos a todos voc\u00eas que, no Advento, a espera do Salvador preencha os seus cora\u00e7\u00f5es de esperan\u00e7a e os encontre alegres no servi\u00e7o aos mais necessitados\u201d.<\/p>\n<p>O desejo de recordar o nascimento de Jesus veio a Francisco durante uma viagem \u00e0 Palestina e ali teve o desejo de reproduzir a cena do nascimento de Jesus. Quando, no outono de 1223, foi a Roma para ver o Papa Hon\u00f3rio III, pediu ao Santo Padre a permiss\u00e3o para que o realizasse.<\/p>\n<p>Tendo obtido permiss\u00e3o, S\u00e3o Francisco voltou a Greccio, que havia conhecido antes e que lhe lembrava Bel\u00e9m. Disse ao jovem Giovanni Velita, um morador da Regi\u00e3o de Rieti e que se tornou seu amigo anos atr\u00e1s: &#8220;Quero celebrar aqui a noite de Natal. Escolha uma caverna onde se construir\u00e1 uma manjedoura e se conduzir\u00e1 um boi e um burro at\u00e9 l\u00e1, e tentaremos reproduzir, na medida do poss\u00edvel, a caverna de Bel\u00e9m! Este \u00e9 o meu desejo, porque quero ver, pelo menos uma vez, com meus pr\u00f3prios olhos, o nascimento do Divino Infante&#8221;.<\/p>\n<p>E assim, em 24 de dezembro de 1223, o nascimento do Menino Jesus foi encenado. Havia a gruta, o boi e o burro. Nenhum dos presentes assumiu o papel de Jos\u00e9 e Maria, porque Francisco n\u00e3o queria que o nascimento de Jesus fosse um &#8220;espet\u00e1culo&#8221;. S\u00f3 mais tarde, nos pres\u00e9pios do mundo, os outros personagens foram acrescentados.<\/p>\n<p>Em Greccio, todos os anos, a mem\u00f3ria deste evento \u00e9 encenada. N\u00e3o apenas um pres\u00e9pio vivo, mas uma reconstitui\u00e7\u00e3o dos momentos que levaram S\u00e3o Francisco a realizar o pres\u00e9pio de Jesus.<\/p>\n<p><iframe loading=\"lazy\" title=\"Papa Francisco anuncia Carta sobre o pres\u00e9pio\" width=\"500\" height=\"281\" src=\"https:\/\/www.youtube.com\/embed\/68hFB4FyR58?feature=oembed\" frameborder=\"0\" allow=\"accelerometer; autoplay; clipboard-write; encrypted-media; gyroscope; picture-in-picture\" allowfullscreen><\/iframe><\/p>\n<div class=\"article__text\">\n<p><strong>A ALEGRIA DA FRATERNIDADE DE GRECCIO<\/strong><\/p>\n<p>No final da audi\u00eancia geral desta quarta-feira, Francisco anunciou sua visita ao Santu\u00e1rio Franciscano do Pres\u00e9pio de Greccio, no domingo, 1\u00ba de dezembro:<\/p>\n<p><i>\u201cIrei a Greccio para rezar no lugar do primeiro pres\u00e9pio que fez S\u00e3o Francisco de Assis e enviar a todo o povo fiel uma carta para entender o significado do pres\u00e9pio&#8221;.<\/i><\/p>\n<p>Para saber como o Papa Francisco ser\u00e1 acolhido e com que esp\u00edrito foi recebida a not\u00edcia de sua visita a Greccio, entrevistamos o pe. Luciano De Giusti, vig\u00e1rio do Santu\u00e1rio franciscano do Pres\u00e9pio:<\/p>\n<p>R. \u2013 Recebemos a not\u00edcia com grande surpresa por parte da Fraternidade que vive aqui no Santu\u00e1rio, recebemos com grande alegria. De verdade n\u00e3o esper\u00e1vamos isto. Para n\u00f3s \u00e9 realmente uma grande alegria, uma grande honra receber o Papa aqui no Santu\u00e1rio, mesmo que ele j\u00e1 tenha vindo aqui no dia 4 de janeiro de 2016, em visita particular. Ele veio com o bispo de Rieti, Dom Pompili.<\/p>\n<p><b>Como \u00e9 que ele ser\u00e1 recebido? Haver\u00e1 muitos leigos que desejar\u00e3o encontrar o Santo Padre?<br \/>\n<\/b><\/p>\n<p>R. &#8211; Sim. Estamos procurando organizar toda a log\u00edstica em conjunto com o bispo. Certamente haver\u00e1 leigos que estar\u00e3o na igreja do Santu\u00e1rio. Haver\u00e1 sacerdotes na parte superior da igreja. Na pequena pra\u00e7a do Santu\u00e1rio, haver\u00e1 outros fi\u00e9is como tamb\u00e9m ao longo do caminho. Vamos acolh\u00ea-lo na Gruta da Natividade, onde, em 1223, Francisco celebrou este Natal especial precisamente aqui em Greccio.<\/p>\n<p><b>Recordamos que Greccio \u00e9 o lugar onde S\u00e3o Francisco de Assis realizou o primeiro pres\u00e9pio. Todo o vale santo \u00e9 lugar da espiritualidade franciscana. Ainda se vive este esp\u00edrito de S\u00e3o Francisco?<br \/>\n<\/b><\/p>\n<p>R. &#8211; Sim, se vive e se respira a mensagem de Francisco de Assis. Aqui em Greccio, nesta \u00e9poca do Natal, acolhemos muitos peregrinos. Aqui est\u00e1 realmente esta mensagem de um Deus que se torna pequeno, que desce e que quer ser acolhido na nossa vida. Portanto, \u00e9 ainda uma mensagem para cada um de n\u00f3s do Deus humilde que se faz crian\u00e7a e que n\u00e3o assusta ningu\u00e9m.<\/p>\n<p><b>A mensagem de Deus crian\u00e7a inerente ao pres\u00e9pio est\u00e1 viva na tradi\u00e7\u00e3o das casas e de todas as igrejas na It\u00e1lia e no mundo. No entanto, h\u00e1 realidades que gostariam que esta tradi\u00e7\u00e3o fosse colocada num canto ou relegada a um assunto privado. O pres\u00e9pio, em vez disso, fala ao mundo inteiro&#8230;<br \/>\n<\/b><\/p>\n<p>R. &#8211; Creio que seja tamb\u00e9m o sinal da nossa f\u00e9, da nossa cultura ocidental, da f\u00e9 no Senhor que se faz carne. \u00c0s vezes o pres\u00e9pio \u00e9 muito esbanjado na esfera p\u00fablica, mas eu acho que pode ser um sinal para dar a conhecer tamb\u00e9m \u00e0queles que n\u00e3o compartilham a f\u00e9 crist\u00e3, onde est\u00e1 o cora\u00e7\u00e3o do mist\u00e9rio da nossa salva\u00e7\u00e3o para n\u00f3s crist\u00e3os. Por isso, acredito que \u00e0s vezes algumas batalhas s\u00e3o mais ideol\u00f3gicas do que qualquer outra coisa.<\/p>\n<p><b>Ao longo dos s\u00e9culos, o pres\u00e9pio tornou-se tamb\u00e9m arte, beleza; tornou-se a partilha de uma comunidade que o prepara. A f\u00e9 para ser alimentada precisa tamb\u00e9m de s\u00edmbolos, desses s\u00edmbolos vivos?<\/b><\/p>\n<p>R. &#8211; Sim, isto \u00e9 muito bonito. A arte \u00e9 algo que enfatiza a nossa f\u00e9. A f\u00e9 \u00e9 tamb\u00e9m beleza, \u00e9 tamb\u00e9m cultura. Assim, tudo o que encontramos na nossa heran\u00e7a cultural nasce da nossa f\u00e9, do Deus que se faz carne e, portanto, cada um interpreta este evento ao longo dos s\u00e9culos, mas tamb\u00e9m hoje.<\/p>\n<p><b>Cada tradi\u00e7\u00e3o fez ent\u00e3o o seu pres\u00e9pio e o reinterpretou em todos os lugares onde foi encenado&#8230;<\/b><\/p>\n<p>R. &#8211; Sim, claro. Esta \u00e9 a riqueza de cada realidade local que reinterpreta, renova e at\u00e9 partilha a sensibilidade do per\u00edodo no qual ele se reatualiza.<\/p>\n<p>&nbsp;<\/p>\n<\/div>\n","protected":false},"excerpt":{"rendered":"<p>Papa Francisco em Greccio<\/p>\n","protected":false},"author":3,"featured_media":214220,"comment_status":"open","ping_status":"open","sticky":false,"template":"","format":"standard","meta":[],"categories":[1],"tags":[1556],"acf":[],"yoast_head":"<!-- This site is optimized with the Yoast SEO plugin v19.2 - https:\/\/yoast.com\/wordpress\/plugins\/seo\/ -->\n<title>Papa vai a Greccio domingo e anuncia carta aos fi\u00e9is sobre o pres\u00e9pio - Not\u00edcias - Franciscanos<\/title>\n<meta name=\"robots\" content=\"index, follow, max-snippet:-1, max-image-preview:large, max-video-preview:-1\" \/>\n<link rel=\"canonical\" href=\"https:\/\/franciscanos.org.br\/noticias\/papa-vai-a-greccio-domingo-e-anuncia-carta-aos-fieis-sobre-o-presepio.html\" \/>\n<meta property=\"og:locale\" content=\"pt_BR\" \/>\n<meta property=\"og:type\" content=\"article\" \/>\n<meta property=\"og:title\" content=\"Papa vai a Greccio domingo e anuncia carta aos fi\u00e9is sobre o pres\u00e9pio - Not\u00edcias - Franciscanos\" \/>\n<meta property=\"og:description\" content=\"Papa Francisco em Greccio\" \/>\n<meta property=\"og:url\" content=\"https:\/\/franciscanos.org.br\/noticias\/papa-vai-a-greccio-domingo-e-anuncia-carta-aos-fieis-sobre-o-presepio.html\" \/>\n<meta property=\"og:site_name\" content=\"Not\u00edcias - Franciscanos\" \/>\n<meta property=\"article:published_time\" content=\"2019-11-27T12:41:14+00:00\" \/>\n<meta property=\"article:modified_time\" content=\"2021-01-18T17:11:52+00:00\" \/>\n<meta property=\"og:image\" content=\"https:\/\/franciscanos.org.br\/noticias\/wp-content\/uploads\/2019\/11\/greccio_2711d.jpg\" \/>\n\t<meta property=\"og:image:width\" content=\"273\" \/>\n\t<meta property=\"og:image:height\" content=\"181\" \/>\n\t<meta property=\"og:image:type\" content=\"image\/jpeg\" \/>\n<meta name=\"author\" content=\"moacir\" \/>\n<meta name=\"twitter:card\" content=\"summary_large_image\" \/>\n<meta name=\"twitter:label1\" content=\"Escrito por\" \/>\n\t<meta name=\"twitter:data1\" content=\"moacir\" \/>\n\t<meta name=\"twitter:label2\" content=\"Est. tempo de leitura\" \/>\n\t<meta name=\"twitter:data2\" content=\"5 minutos\" \/>\n<script type=\"application\/ld+json\" class=\"yoast-schema-graph\">{\"@context\":\"https:\/\/schema.org\",\"@graph\":[{\"@type\":\"WebSite\",\"@id\":\"https:\/\/franciscanos.org.br\/noticias\/#website\",\"url\":\"https:\/\/franciscanos.org.br\/noticias\/\",\"name\":\"Not\u00edcias - Franciscanos\",\"description\":\"Prov\u00edncia Franciscana da Imaculada Concei\u00e7\u00e3o do Brasil - Ordem dos Frades Menores - OFM\",\"potentialAction\":[{\"@type\":\"SearchAction\",\"target\":{\"@type\":\"EntryPoint\",\"urlTemplate\":\"https:\/\/franciscanos.org.br\/noticias\/?s={search_term_string}\"},\"query-input\":\"required name=search_term_string\"}],\"inLanguage\":\"pt-BR\"},{\"@type\":\"ImageObject\",\"inLanguage\":\"pt-BR\",\"@id\":\"https:\/\/franciscanos.org.br\/noticias\/papa-vai-a-greccio-domingo-e-anuncia-carta-aos-fieis-sobre-o-presepio.html#primaryimage\",\"url\":\"https:\/\/franciscanos.org.br\/noticias\/wp-content\/uploads\/2019\/11\/greccio_2711d.jpg\",\"contentUrl\":\"https:\/\/franciscanos.org.br\/noticias\/wp-content\/uploads\/2019\/11\/greccio_2711d.jpg\",\"width\":273,\"height\":181},{\"@type\":\"WebPage\",\"@id\":\"https:\/\/franciscanos.org.br\/noticias\/papa-vai-a-greccio-domingo-e-anuncia-carta-aos-fieis-sobre-o-presepio.html#webpage\",\"url\":\"https:\/\/franciscanos.org.br\/noticias\/papa-vai-a-greccio-domingo-e-anuncia-carta-aos-fieis-sobre-o-presepio.html\",\"name\":\"Papa vai a Greccio domingo e anuncia carta aos fi\u00e9is sobre o pres\u00e9pio - Not\u00edcias - Franciscanos\",\"isPartOf\":{\"@id\":\"https:\/\/franciscanos.org.br\/noticias\/#website\"},\"primaryImageOfPage\":{\"@id\":\"https:\/\/franciscanos.org.br\/noticias\/papa-vai-a-greccio-domingo-e-anuncia-carta-aos-fieis-sobre-o-presepio.html#primaryimage\"},\"datePublished\":\"2019-11-27T12:41:14+00:00\",\"dateModified\":\"2021-01-18T17:11:52+00:00\",\"author\":{\"@id\":\"https:\/\/franciscanos.org.br\/noticias\/#\/schema\/person\/b5c8cba458c330ccff548b056e95a5d4\"},\"breadcrumb\":{\"@id\":\"https:\/\/franciscanos.org.br\/noticias\/papa-vai-a-greccio-domingo-e-anuncia-carta-aos-fieis-sobre-o-presepio.html#breadcrumb\"},\"inLanguage\":\"pt-BR\",\"potentialAction\":[{\"@type\":\"ReadAction\",\"target\":[\"https:\/\/franciscanos.org.br\/noticias\/papa-vai-a-greccio-domingo-e-anuncia-carta-aos-fieis-sobre-o-presepio.html\"]}]},{\"@type\":\"BreadcrumbList\",\"@id\":\"https:\/\/franciscanos.org.br\/noticias\/papa-vai-a-greccio-domingo-e-anuncia-carta-aos-fieis-sobre-o-presepio.html#breadcrumb\",\"itemListElement\":[{\"@type\":\"ListItem\",\"position\":1,\"name\":\"Home\",\"item\":\"https:\/\/franciscanos.org.br\/noticias\"},{\"@type\":\"ListItem\",\"position\":2,\"name\":\"Papa vai a Greccio domingo e anuncia carta aos fi\u00e9is sobre o pres\u00e9pio\"}]},{\"@type\":\"Person\",\"@id\":\"https:\/\/franciscanos.org.br\/noticias\/#\/schema\/person\/b5c8cba458c330ccff548b056e95a5d4\",\"name\":\"moacir\",\"image\":{\"@type\":\"ImageObject\",\"inLanguage\":\"pt-BR\",\"@id\":\"https:\/\/franciscanos.org.br\/noticias\/#\/schema\/person\/image\/\",\"url\":\"https:\/\/secure.gravatar.com\/avatar\/d08aa2ce4c8dd416d4479aa8536fcf64?s=96&d=mm&r=g\",\"contentUrl\":\"https:\/\/secure.gravatar.com\/avatar\/d08aa2ce4c8dd416d4479aa8536fcf64?s=96&d=mm&r=g\",\"caption\":\"moacir\"},\"url\":\"https:\/\/franciscanos.org.br\/noticias\/author\/moacir\"}]}<\/script>\n<!-- \/ Yoast SEO plugin. -->","yoast_head_json":{"title":"Papa vai a Greccio domingo e anuncia carta aos fi\u00e9is sobre o pres\u00e9pio - Not\u00edcias - Franciscanos","robots":{"index":"index","follow":"follow","max-snippet":"max-snippet:-1","max-image-preview":"max-image-preview:large","max-video-preview":"max-video-preview:-1"},"canonical":"https:\/\/franciscanos.org.br\/noticias\/papa-vai-a-greccio-domingo-e-anuncia-carta-aos-fieis-sobre-o-presepio.html","og_locale":"pt_BR","og_type":"article","og_title":"Papa vai a Greccio domingo e anuncia carta aos fi\u00e9is sobre o pres\u00e9pio - Not\u00edcias - Franciscanos","og_description":"Papa Francisco em Greccio","og_url":"https:\/\/franciscanos.org.br\/noticias\/papa-vai-a-greccio-domingo-e-anuncia-carta-aos-fieis-sobre-o-presepio.html","og_site_name":"Not\u00edcias - Franciscanos","article_published_time":"2019-11-27T12:41:14+00:00","article_modified_time":"2021-01-18T17:11:52+00:00","og_image":[{"width":273,"height":181,"url":"https:\/\/franciscanos.org.br\/noticias\/wp-content\/uploads\/2019\/11\/greccio_2711d.jpg","type":"image\/jpeg"}],"author":"moacir","twitter_card":"summary_large_image","twitter_misc":{"Escrito por":"moacir","Est. tempo de leitura":"5 minutos"},"schema":{"@context":"https:\/\/schema.org","@graph":[{"@type":"WebSite","@id":"https:\/\/franciscanos.org.br\/noticias\/#website","url":"https:\/\/franciscanos.org.br\/noticias\/","name":"Not\u00edcias - Franciscanos","description":"Prov\u00edncia Franciscana da Imaculada Concei\u00e7\u00e3o do Brasil - Ordem dos Frades Menores - OFM","potentialAction":[{"@type":"SearchAction","target":{"@type":"EntryPoint","urlTemplate":"https:\/\/franciscanos.org.br\/noticias\/?s={search_term_string}"},"query-input":"required name=search_term_string"}],"inLanguage":"pt-BR"},{"@type":"ImageObject","inLanguage":"pt-BR","@id":"https:\/\/franciscanos.org.br\/noticias\/papa-vai-a-greccio-domingo-e-anuncia-carta-aos-fieis-sobre-o-presepio.html#primaryimage","url":"https:\/\/franciscanos.org.br\/noticias\/wp-content\/uploads\/2019\/11\/greccio_2711d.jpg","contentUrl":"https:\/\/franciscanos.org.br\/noticias\/wp-content\/uploads\/2019\/11\/greccio_2711d.jpg","width":273,"height":181},{"@type":"WebPage","@id":"https:\/\/franciscanos.org.br\/noticias\/papa-vai-a-greccio-domingo-e-anuncia-carta-aos-fieis-sobre-o-presepio.html#webpage","url":"https:\/\/franciscanos.org.br\/noticias\/papa-vai-a-greccio-domingo-e-anuncia-carta-aos-fieis-sobre-o-presepio.html","name":"Papa vai a Greccio domingo e anuncia carta aos fi\u00e9is sobre o pres\u00e9pio - Not\u00edcias - Franciscanos","isPartOf":{"@id":"https:\/\/franciscanos.org.br\/noticias\/#website"},"primaryImageOfPage":{"@id":"https:\/\/franciscanos.org.br\/noticias\/papa-vai-a-greccio-domingo-e-anuncia-carta-aos-fieis-sobre-o-presepio.html#primaryimage"},"datePublished":"2019-11-27T12:41:14+00:00","dateModified":"2021-01-18T17:11:52+00:00","author":{"@id":"https:\/\/franciscanos.org.br\/noticias\/#\/schema\/person\/b5c8cba458c330ccff548b056e95a5d4"},"breadcrumb":{"@id":"https:\/\/franciscanos.org.br\/noticias\/papa-vai-a-greccio-domingo-e-anuncia-carta-aos-fieis-sobre-o-presepio.html#breadcrumb"},"inLanguage":"pt-BR","potentialAction":[{"@type":"ReadAction","target":["https:\/\/franciscanos.org.br\/noticias\/papa-vai-a-greccio-domingo-e-anuncia-carta-aos-fieis-sobre-o-presepio.html"]}]},{"@type":"BreadcrumbList","@id":"https:\/\/franciscanos.org.br\/noticias\/papa-vai-a-greccio-domingo-e-anuncia-carta-aos-fieis-sobre-o-presepio.html#breadcrumb","itemListElement":[{"@type":"ListItem","position":1,"name":"Home","item":"https:\/\/franciscanos.org.br\/noticias"},{"@type":"ListItem","position":2,"name":"Papa vai a Greccio domingo e anuncia carta aos fi\u00e9is sobre o pres\u00e9pio"}]},{"@type":"Person","@id":"https:\/\/franciscanos.org.br\/noticias\/#\/schema\/person\/b5c8cba458c330ccff548b056e95a5d4","name":"moacir","image":{"@type":"ImageObject","inLanguage":"pt-BR","@id":"https:\/\/franciscanos.org.br\/noticias\/#\/schema\/person\/image\/","url":"https:\/\/secure.gravatar.com\/avatar\/d08aa2ce4c8dd416d4479aa8536fcf64?s=96&d=mm&r=g","contentUrl":"https:\/\/secure.gravatar.com\/avatar\/d08aa2ce4c8dd416d4479aa8536fcf64?s=96&d=mm&r=g","caption":"moacir"},"url":"https:\/\/franciscanos.org.br\/noticias\/author\/moacir"}]}},"_links":{"self":[{"href":"https:\/\/franciscanos.org.br\/noticias\/wp-json\/wp\/v2\/posts\/214218"}],"collection":[{"href":"https:\/\/franciscanos.org.br\/noticias\/wp-json\/wp\/v2\/posts"}],"about":[{"href":"https:\/\/franciscanos.org.br\/noticias\/wp-json\/wp\/v2\/types\/post"}],"author":[{"embeddable":true,"href":"https:\/\/franciscanos.org.br\/noticias\/wp-json\/wp\/v2\/users\/3"}],"replies":[{"embeddable":true,"href":"https:\/\/franciscanos.org.br\/noticias\/wp-json\/wp\/v2\/comments?post=214218"}],"version-history":[{"count":2,"href":"https:\/\/franciscanos.org.br\/noticias\/wp-json\/wp\/v2\/posts\/214218\/revisions"}],"predecessor-version":[{"id":230447,"href":"https:\/\/franciscanos.org.br\/noticias\/wp-json\/wp\/v2\/posts\/214218\/revisions\/230447"}],"wp:featuredmedia":[{"embeddable":true,"href":"https:\/\/franciscanos.org.br\/noticias\/wp-json\/wp\/v2\/media\/214220"}],"wp:attachment":[{"href":"https:\/\/franciscanos.org.br\/noticias\/wp-json\/wp\/v2\/media?parent=214218"}],"wp:term":[{"taxonomy":"category","embeddable":true,"href":"https:\/\/franciscanos.org.br\/noticias\/wp-json\/wp\/v2\/categories?post=214218"},{"taxonomy":"post_tag","embeddable":true,"href":"https:\/\/franciscanos.org.br\/noticias\/wp-json\/wp\/v2\/tags?post=214218"}],"curies":[{"name":"wp","href":"https:\/\/api.w.org\/{rel}","templated":true}]}}