{"id":214211,"date":"2019-11-27T09:20:08","date_gmt":"2019-11-27T12:20:08","guid":{"rendered":"https:\/\/franciscanos.org.br\/noticias\/?p=214211"},"modified":"2019-11-27T09:31:49","modified_gmt":"2019-11-27T12:31:49","slug":"dom-leonardo-steiner-e-o-novo-arcebispo-de-manaus","status":"publish","type":"post","link":"https:\/\/franciscanos.org.br\/noticias\/dom-leonardo-steiner-e-o-novo-arcebispo-de-manaus.html","title":{"rendered":"Dom Leonardo Steiner \u00e9 o novo arcebispo de Manaus"},"content":{"rendered":"<p><img loading=\"lazy\" class=\"alignnone size-full wp-image-214212\" src=\"https:\/\/franciscanos.org.br\/noticias\/wp-content\/uploads\/2019\/11\/uli.jpg\" alt=\"\" width=\"890\" height=\"450\" srcset=\"https:\/\/franciscanos.org.br\/noticias\/wp-content\/uploads\/2019\/11\/uli.jpg 890w, https:\/\/franciscanos.org.br\/noticias\/wp-content\/uploads\/2019\/11\/uli-450x228.jpg 450w, https:\/\/franciscanos.org.br\/noticias\/wp-content\/uploads\/2019\/11\/uli-768x388.jpg 768w, https:\/\/franciscanos.org.br\/noticias\/wp-content\/uploads\/2019\/11\/uli-150x76.jpg 150w\" sizes=\"(max-width: 890px) 100vw, 890px\" \/><\/p>\n<p>O Papa Francisco acolheu, nesta quarta-feira, 27 de novembro, o pedido de ren\u00fancia apresentado por dom S\u00e9rgio Eduardo Castriani ao governo pastoral da arquidiocese de Manaus (AM) e nomeou como novo arcebispo Dom Leonardo Ulrich Steiner, transferindo-o da sede titular de \u201cTisiduo\u201d e do of\u00edcio de auxiliar da arquidiocese de Bras\u00edlia (DF). Um pouco depois do S\u00ednodo, a Amaz\u00f4nia agora tem quatro franciscanos: Dom Leonardo, em Manus; Dom Bernardo Johannes Bahlmann, bispo de \u00d3bidos;\u00a0 Dom Evaristo Spengler, bispo da Prelazia de Maraj\u00f3; e Jo\u00e3o Muniz Alves, bispo \u00a0da nova diocese de Xingu-Altamira (PA).<\/p>\n<p>Dom Leonardo Ulrich Steiner nasceu no dia 6 de novembro de 1950 em Forquilhinha (SC). Ingressou na Ordem dos Frades Menores (OFM) no dia 20 de janeiro de 1972, quando foi admitido no Noviciado desta Prov\u00edncia Franciscana da Imaculada Concei\u00e7\u00e3o do Brasil.<\/p>\n<p>Cursou Filosofia e Teologia em Petr\u00f3polis (RJ), de 1973 a 1978, quando os dois cursos eram integrados. Foi ordenado padre pelas m\u00e3os do cardeal Paulo Evaristo Arns, seu primo, no dia 21 de janeiro de 1978, em sua cidade natal. Por sua forma\u00e7\u00e3o pedag\u00f3gica, assumiu trabalhos na \u00e1rea da educa\u00e7\u00e3o, compondo os quadros de professores das suas casas de forma\u00e7\u00e3o. De 1981 a 1982, concluiu o curso de Pedagogia, e de 1987 a 1994 tornou-se \u201cmestre de novi\u00e7os\u201d. A partir de 1995, o Frei Ulrich se transferiu para o Pontif\u00edcio Ateneu Antoniano, em Roma, onde fez mestrado e doutorado em Filosofia.<\/p>\n<p>De 1999 a 2003 exerceu a fun\u00e7\u00e3o de secret\u00e1rio geral do Pontif\u00edcio Ateneu Antoniano. De volta ao Brasil, Frei Ulrich foi nomeado vig\u00e1rio da par\u00f3quia do Senhor Bom Jesus, Curitiba (PR), onde tamb\u00e9m passou a lecionar na Faculdade de Filosofia S\u00e3o Boaventura.<\/p>\n<p>Dom Leonardo Steiner foi nomeado bispo em 2 de fevereiro de 2005 pelo Papa Jo\u00e3o Paulo II para a Prelazia de S\u00e3o F\u00e9lix do Araguaia (MG), sucedendo a Dom Pedro Casald\u00e1liga. Foi ordenado bispo no dia 16 de abril do mesmo ano, em Blumenau (SC), pelo cardeal Paulo Evaristo Arns, adotando como lema episcopal \u201cVerbum Caro Factum\u201d que quer dizer \u201cVerbo feito carne\u201d.<\/p>\n<p>De 2007 a 2011, foi membro da Comiss\u00e3o Episcopal Pastoral para os Minist\u00e9rios Ordenados e a Vida Consagrada da Confer\u00eancia Nacional dos Bispos do Brasil (CNBB) e vice-presidente do regional Oeste 2 da entidade, onde tamb\u00e9m foi bispo referencial para os presb\u00edteros; para o Conselho Indigenista Mission\u00e1rio (CIMI) e para os jovens.<\/p>\n<p>No dia 10 de maio de 2011 foi eleito secret\u00e1rio-geral da CNBB, durante a 49\u00aa Assembleia Geral. Em 21 de setembro daquele ano, o Papa Bento XVI o nomeou bispo auxiliar da arquidiocese de Bras\u00edlia (DF).<\/p>\n<p>Dom Leonardo foi eleito como membro delegado pela CNBB para participar como padre sinodal da 13\u00aa Assembleia Geral Ordin\u00e1ria do S\u00ednodo dos Bispos, realizada em Roma de 7 a 28 de outubro de 2012, com o tema \u201cA Nova Evangeliza\u00e7\u00e3o para a transmiss\u00e3o da f\u00e9 crist\u00e3\u201d.<\/p>\n<p>No dia 20 de abril de 2015, foi reeleito secret\u00e1rio-geral da CNBB. Ao lado do cardeal Sergio da Rocha e de dom Murilo Krieger, dom Leonardo mobilizou toda a Igreja no Brasil para a reforma da sede nacional da CNBB, em Bras\u00edlia. Seu mandato foi conclu\u00eddo no dia 10 de maio de 2019.<\/p>\n<p>A Confer\u00eancia Nacional dos Bispos do Brasil saudou D. Leonardo. &#8220;O per\u00edodo no qual o senhor esteve a servi\u00e7o da CNBB como secret\u00e1rio-geral, entre 2011 e 2019, o qualifica para fazer frutificar a a\u00e7\u00e3o evangelizadora em solo amaz\u00f4nico, particularmente num per\u00edodo t\u00e3o especial ap\u00f3s o S\u00ednodo dedicado \u00e0 regi\u00e3o, onde devemos acolher a realidade \u201ccomo uma d\u00e1diva, habitando na cria\u00e7\u00e3o, n\u00e3o como meio a ser explorado, mas como casa a ser guardada, confiando em Deus\u201d, como ensinou o Papa Francisco na missa de encerramento do S\u00ednodo para a Amaz\u00f4nia. \u00c9 do Santo Padre que resgatamos uma frase que marca uma das iniciativas da CNBB que, com tanto carinho, o senhor colocou em pr\u00e1tica, o Ano da Paz: \u201cTrata-se de ser artes\u00e3os da paz, porque construir a paz \u00e9 uma arte que requer serenidade, criatividade, sensibilidade e destreza\u201d. Fazemos nossos votos de fecundo minist\u00e9rio confiando \u00e0 prote\u00e7\u00e3o e intercess\u00e3o de Nossa Senhora da Imaculada Concei\u00e7\u00e3o&#8221;, escreve em nota, Dom Walmor Oliveira de Azevedo, presidente da CNBB; Dom Jaime Spengler, Dom M\u00e1rio Ant\u00f4nio da Silva e Dom Joel Portella Amado..<\/p>\n<p><strong>Novo bispo em\u00e9rito<\/strong><br \/>\nDom S\u00e9rgio Castriani nasceu no dia 31 de maio de 1954, em Regente Feij\u00f3 (SP). Religioso da Congrega\u00e7\u00e3o do Esp\u00edrito Santo, foi ordenado presb\u00edtero em 9 de dezembro de 1978, em S\u00e3o Paulo (SP). Sua nomea\u00e7\u00e3o episcopal ocorreu em 27 de maio de 1998 como coadjutor de Tef\u00e9 (AM). Ordenado bispo em 9 de agosto daquele ano, na cidade de Tef\u00e9, dom S\u00e9rgio escolheu como lema episcopal \u201cHabitou entre n\u00f3s\u201d. Em outubro de 2000, foi nomeado bispo prelado de Tef\u00e9.<\/p>\n<p>O v\u00ednculo de dom S\u00e9rgio com Manaus teve in\u00edcio com a nomea\u00e7\u00e3o para o governo pastoral da arquidiocese amazonense, em 12 de dezembro de 2012. A posse foi em 23 de fevereiro do ano seguinte.\u00a0Dom S\u00e9rgio foi bispo referencial da Pastoral da Juventude no regional Norte 1 da CNBB (1998-2003); secret\u00e1rio do regional Norte 1 (2001-2003); presidente da Comiss\u00e3o Episcopal para a A\u00e7\u00e3o Mission\u00e1ria e Coopera\u00e7\u00e3o Intereclesial da CNBB por dois mandatos (2003-2007; 2007-2011) e membro da Comiss\u00e3o Episcopal para a Amaz\u00f4nia. Entre 2013 e 2014, coordenou a equipe que elaborou o tema central da 52\u00aa Assembleia Geral da CNBB \u201cComunidades de comunidades: uma nova par\u00f3quia\u201d, que resultou no documento 100 da confer\u00eancia.<\/p>\n<p>A Confer\u00eancia Nacional dos Bispos do Brasil (CNBB) enviou agradecimento a Dom S\u00e9rgio Castriani.\u00a0 &#8220;Nossa gratid\u00e3o se refor\u00e7a ao recordarmos sua contribui\u00e7\u00e3o para a caminhada da Igreja no Brasil, por meio de sua atua\u00e7\u00e3o com os jovens do Amazonas e de Roraima; os oito anos \u00e0 frente da Comiss\u00e3o Episcopal Pastoral para a A\u00e7\u00e3o Mission\u00e1ria e a Coopera\u00e7\u00e3o Intereclesial dessa Confer\u00eancia, no per\u00edodo em que iniciamos o importante projeto de coopera\u00e7\u00e3o mission\u00e1ria com a Igreja no Haiti. Neste per\u00edodo p\u00f3s-sinodal, recordamos ainda sua presen\u00e7a como membro da Comiss\u00e3o Episcopal para a Amaz\u00f4nia e articulador no percurso sinodal&#8221;, agradece a CNBB.<\/p>\n","protected":false},"excerpt":{"rendered":"<p>Novo arcebispo de Manaus<\/p>\n","protected":false},"author":3,"featured_media":214213,"comment_status":"open","ping_status":"open","sticky":false,"template":"","format":"standard","meta":[],"categories":[1],"tags":[1366],"acf":[],"yoast_head":"<!-- This site is optimized with the Yoast SEO plugin v19.2 - https:\/\/yoast.com\/wordpress\/plugins\/seo\/ -->\n<title>Dom Leonardo Steiner \u00e9 o novo arcebispo de Manaus - Not\u00edcias - Franciscanos<\/title>\n<meta name=\"robots\" content=\"index, follow, max-snippet:-1, max-image-preview:large, max-video-preview:-1\" \/>\n<link rel=\"canonical\" href=\"https:\/\/franciscanos.org.br\/noticias\/dom-leonardo-steiner-e-o-novo-arcebispo-de-manaus.html\" \/>\n<meta property=\"og:locale\" content=\"pt_BR\" \/>\n<meta property=\"og:type\" content=\"article\" \/>\n<meta property=\"og:title\" content=\"Dom Leonardo Steiner \u00e9 o novo arcebispo de Manaus - Not\u00edcias - Franciscanos\" \/>\n<meta property=\"og:description\" content=\"Novo arcebispo de Manaus\" \/>\n<meta property=\"og:url\" content=\"https:\/\/franciscanos.org.br\/noticias\/dom-leonardo-steiner-e-o-novo-arcebispo-de-manaus.html\" \/>\n<meta property=\"og:site_name\" content=\"Not\u00edcias - Franciscanos\" \/>\n<meta property=\"article:published_time\" content=\"2019-11-27T12:20:08+00:00\" \/>\n<meta property=\"article:modified_time\" content=\"2019-11-27T12:31:49+00:00\" \/>\n<meta property=\"og:image\" content=\"https:\/\/franciscanos.org.br\/noticias\/wp-content\/uploads\/2019\/11\/uli_2711d.jpg\" \/>\n\t<meta property=\"og:image:width\" content=\"273\" \/>\n\t<meta property=\"og:image:height\" content=\"181\" \/>\n\t<meta property=\"og:image:type\" content=\"image\/jpeg\" \/>\n<meta name=\"author\" content=\"moacir\" \/>\n<meta name=\"twitter:card\" content=\"summary_large_image\" \/>\n<meta name=\"twitter:label1\" content=\"Escrito por\" \/>\n\t<meta name=\"twitter:data1\" content=\"moacir\" \/>\n\t<meta name=\"twitter:label2\" content=\"Est. tempo de leitura\" \/>\n\t<meta name=\"twitter:data2\" content=\"5 minutos\" \/>\n<script type=\"application\/ld+json\" class=\"yoast-schema-graph\">{\"@context\":\"https:\/\/schema.org\",\"@graph\":[{\"@type\":\"WebSite\",\"@id\":\"https:\/\/franciscanos.org.br\/noticias\/#website\",\"url\":\"https:\/\/franciscanos.org.br\/noticias\/\",\"name\":\"Not\u00edcias - Franciscanos\",\"description\":\"Prov\u00edncia Franciscana da Imaculada Concei\u00e7\u00e3o do Brasil - Ordem dos Frades Menores - OFM\",\"potentialAction\":[{\"@type\":\"SearchAction\",\"target\":{\"@type\":\"EntryPoint\",\"urlTemplate\":\"https:\/\/franciscanos.org.br\/noticias\/?s={search_term_string}\"},\"query-input\":\"required name=search_term_string\"}],\"inLanguage\":\"pt-BR\"},{\"@type\":\"ImageObject\",\"inLanguage\":\"pt-BR\",\"@id\":\"https:\/\/franciscanos.org.br\/noticias\/dom-leonardo-steiner-e-o-novo-arcebispo-de-manaus.html#primaryimage\",\"url\":\"https:\/\/franciscanos.org.br\/noticias\/wp-content\/uploads\/2019\/11\/uli_2711d.jpg\",\"contentUrl\":\"https:\/\/franciscanos.org.br\/noticias\/wp-content\/uploads\/2019\/11\/uli_2711d.jpg\",\"width\":273,\"height\":181},{\"@type\":\"WebPage\",\"@id\":\"https:\/\/franciscanos.org.br\/noticias\/dom-leonardo-steiner-e-o-novo-arcebispo-de-manaus.html#webpage\",\"url\":\"https:\/\/franciscanos.org.br\/noticias\/dom-leonardo-steiner-e-o-novo-arcebispo-de-manaus.html\",\"name\":\"Dom Leonardo Steiner \u00e9 o novo arcebispo de Manaus - Not\u00edcias - Franciscanos\",\"isPartOf\":{\"@id\":\"https:\/\/franciscanos.org.br\/noticias\/#website\"},\"primaryImageOfPage\":{\"@id\":\"https:\/\/franciscanos.org.br\/noticias\/dom-leonardo-steiner-e-o-novo-arcebispo-de-manaus.html#primaryimage\"},\"datePublished\":\"2019-11-27T12:20:08+00:00\",\"dateModified\":\"2019-11-27T12:31:49+00:00\",\"author\":{\"@id\":\"https:\/\/franciscanos.org.br\/noticias\/#\/schema\/person\/b5c8cba458c330ccff548b056e95a5d4\"},\"breadcrumb\":{\"@id\":\"https:\/\/franciscanos.org.br\/noticias\/dom-leonardo-steiner-e-o-novo-arcebispo-de-manaus.html#breadcrumb\"},\"inLanguage\":\"pt-BR\",\"potentialAction\":[{\"@type\":\"ReadAction\",\"target\":[\"https:\/\/franciscanos.org.br\/noticias\/dom-leonardo-steiner-e-o-novo-arcebispo-de-manaus.html\"]}]},{\"@type\":\"BreadcrumbList\",\"@id\":\"https:\/\/franciscanos.org.br\/noticias\/dom-leonardo-steiner-e-o-novo-arcebispo-de-manaus.html#breadcrumb\",\"itemListElement\":[{\"@type\":\"ListItem\",\"position\":1,\"name\":\"Home\",\"item\":\"https:\/\/franciscanos.org.br\/noticias\"},{\"@type\":\"ListItem\",\"position\":2,\"name\":\"Dom Leonardo Steiner \u00e9 o novo arcebispo de Manaus\"}]},{\"@type\":\"Person\",\"@id\":\"https:\/\/franciscanos.org.br\/noticias\/#\/schema\/person\/b5c8cba458c330ccff548b056e95a5d4\",\"name\":\"moacir\",\"image\":{\"@type\":\"ImageObject\",\"inLanguage\":\"pt-BR\",\"@id\":\"https:\/\/franciscanos.org.br\/noticias\/#\/schema\/person\/image\/\",\"url\":\"https:\/\/secure.gravatar.com\/avatar\/d08aa2ce4c8dd416d4479aa8536fcf64?s=96&d=mm&r=g\",\"contentUrl\":\"https:\/\/secure.gravatar.com\/avatar\/d08aa2ce4c8dd416d4479aa8536fcf64?s=96&d=mm&r=g\",\"caption\":\"moacir\"},\"url\":\"https:\/\/franciscanos.org.br\/noticias\/author\/moacir\"}]}<\/script>\n<!-- \/ Yoast SEO plugin. -->","yoast_head_json":{"title":"Dom Leonardo Steiner \u00e9 o novo arcebispo de Manaus - Not\u00edcias - Franciscanos","robots":{"index":"index","follow":"follow","max-snippet":"max-snippet:-1","max-image-preview":"max-image-preview:large","max-video-preview":"max-video-preview:-1"},"canonical":"https:\/\/franciscanos.org.br\/noticias\/dom-leonardo-steiner-e-o-novo-arcebispo-de-manaus.html","og_locale":"pt_BR","og_type":"article","og_title":"Dom Leonardo Steiner \u00e9 o novo arcebispo de Manaus - Not\u00edcias - Franciscanos","og_description":"Novo arcebispo de Manaus","og_url":"https:\/\/franciscanos.org.br\/noticias\/dom-leonardo-steiner-e-o-novo-arcebispo-de-manaus.html","og_site_name":"Not\u00edcias - Franciscanos","article_published_time":"2019-11-27T12:20:08+00:00","article_modified_time":"2019-11-27T12:31:49+00:00","og_image":[{"width":273,"height":181,"url":"https:\/\/franciscanos.org.br\/noticias\/wp-content\/uploads\/2019\/11\/uli_2711d.jpg","type":"image\/jpeg"}],"author":"moacir","twitter_card":"summary_large_image","twitter_misc":{"Escrito por":"moacir","Est. tempo de leitura":"5 minutos"},"schema":{"@context":"https:\/\/schema.org","@graph":[{"@type":"WebSite","@id":"https:\/\/franciscanos.org.br\/noticias\/#website","url":"https:\/\/franciscanos.org.br\/noticias\/","name":"Not\u00edcias - Franciscanos","description":"Prov\u00edncia Franciscana da Imaculada Concei\u00e7\u00e3o do Brasil - Ordem dos Frades Menores - OFM","potentialAction":[{"@type":"SearchAction","target":{"@type":"EntryPoint","urlTemplate":"https:\/\/franciscanos.org.br\/noticias\/?s={search_term_string}"},"query-input":"required name=search_term_string"}],"inLanguage":"pt-BR"},{"@type":"ImageObject","inLanguage":"pt-BR","@id":"https:\/\/franciscanos.org.br\/noticias\/dom-leonardo-steiner-e-o-novo-arcebispo-de-manaus.html#primaryimage","url":"https:\/\/franciscanos.org.br\/noticias\/wp-content\/uploads\/2019\/11\/uli_2711d.jpg","contentUrl":"https:\/\/franciscanos.org.br\/noticias\/wp-content\/uploads\/2019\/11\/uli_2711d.jpg","width":273,"height":181},{"@type":"WebPage","@id":"https:\/\/franciscanos.org.br\/noticias\/dom-leonardo-steiner-e-o-novo-arcebispo-de-manaus.html#webpage","url":"https:\/\/franciscanos.org.br\/noticias\/dom-leonardo-steiner-e-o-novo-arcebispo-de-manaus.html","name":"Dom Leonardo Steiner \u00e9 o novo arcebispo de Manaus - Not\u00edcias - Franciscanos","isPartOf":{"@id":"https:\/\/franciscanos.org.br\/noticias\/#website"},"primaryImageOfPage":{"@id":"https:\/\/franciscanos.org.br\/noticias\/dom-leonardo-steiner-e-o-novo-arcebispo-de-manaus.html#primaryimage"},"datePublished":"2019-11-27T12:20:08+00:00","dateModified":"2019-11-27T12:31:49+00:00","author":{"@id":"https:\/\/franciscanos.org.br\/noticias\/#\/schema\/person\/b5c8cba458c330ccff548b056e95a5d4"},"breadcrumb":{"@id":"https:\/\/franciscanos.org.br\/noticias\/dom-leonardo-steiner-e-o-novo-arcebispo-de-manaus.html#breadcrumb"},"inLanguage":"pt-BR","potentialAction":[{"@type":"ReadAction","target":["https:\/\/franciscanos.org.br\/noticias\/dom-leonardo-steiner-e-o-novo-arcebispo-de-manaus.html"]}]},{"@type":"BreadcrumbList","@id":"https:\/\/franciscanos.org.br\/noticias\/dom-leonardo-steiner-e-o-novo-arcebispo-de-manaus.html#breadcrumb","itemListElement":[{"@type":"ListItem","position":1,"name":"Home","item":"https:\/\/franciscanos.org.br\/noticias"},{"@type":"ListItem","position":2,"name":"Dom Leonardo Steiner \u00e9 o novo arcebispo de Manaus"}]},{"@type":"Person","@id":"https:\/\/franciscanos.org.br\/noticias\/#\/schema\/person\/b5c8cba458c330ccff548b056e95a5d4","name":"moacir","image":{"@type":"ImageObject","inLanguage":"pt-BR","@id":"https:\/\/franciscanos.org.br\/noticias\/#\/schema\/person\/image\/","url":"https:\/\/secure.gravatar.com\/avatar\/d08aa2ce4c8dd416d4479aa8536fcf64?s=96&d=mm&r=g","contentUrl":"https:\/\/secure.gravatar.com\/avatar\/d08aa2ce4c8dd416d4479aa8536fcf64?s=96&d=mm&r=g","caption":"moacir"},"url":"https:\/\/franciscanos.org.br\/noticias\/author\/moacir"}]}},"_links":{"self":[{"href":"https:\/\/franciscanos.org.br\/noticias\/wp-json\/wp\/v2\/posts\/214211"}],"collection":[{"href":"https:\/\/franciscanos.org.br\/noticias\/wp-json\/wp\/v2\/posts"}],"about":[{"href":"https:\/\/franciscanos.org.br\/noticias\/wp-json\/wp\/v2\/types\/post"}],"author":[{"embeddable":true,"href":"https:\/\/franciscanos.org.br\/noticias\/wp-json\/wp\/v2\/users\/3"}],"replies":[{"embeddable":true,"href":"https:\/\/franciscanos.org.br\/noticias\/wp-json\/wp\/v2\/comments?post=214211"}],"version-history":[{"count":0,"href":"https:\/\/franciscanos.org.br\/noticias\/wp-json\/wp\/v2\/posts\/214211\/revisions"}],"wp:featuredmedia":[{"embeddable":true,"href":"https:\/\/franciscanos.org.br\/noticias\/wp-json\/wp\/v2\/media\/214213"}],"wp:attachment":[{"href":"https:\/\/franciscanos.org.br\/noticias\/wp-json\/wp\/v2\/media?parent=214211"}],"wp:term":[{"taxonomy":"category","embeddable":true,"href":"https:\/\/franciscanos.org.br\/noticias\/wp-json\/wp\/v2\/categories?post=214211"},{"taxonomy":"post_tag","embeddable":true,"href":"https:\/\/franciscanos.org.br\/noticias\/wp-json\/wp\/v2\/tags?post=214211"}],"curies":[{"name":"wp","href":"https:\/\/api.w.org\/{rel}","templated":true}]}}