{"id":214125,"date":"2019-11-22T11:16:19","date_gmt":"2019-11-22T14:16:19","guid":{"rendered":"https:\/\/franciscanos.org.br\/noticias\/?p=214125"},"modified":"2019-11-22T11:16:19","modified_gmt":"2019-11-22T14:16:19","slug":"ofs-de-quissama-celebra-117-anos","status":"publish","type":"post","link":"https:\/\/franciscanos.org.br\/noticias\/ofs-de-quissama-celebra-117-anos.html","title":{"rendered":"OFS de Quissam\u00e3 celebra 117 anos"},"content":{"rendered":"<p><img loading=\"lazy\" class=\"alignnone size-full wp-image-214126\" src=\"https:\/\/franciscanos.org.br\/noticias\/wp-content\/uploads\/2019\/11\/quissama_2211.jpg\" alt=\"\" width=\"890\" height=\"593\" srcset=\"https:\/\/franciscanos.org.br\/noticias\/wp-content\/uploads\/2019\/11\/quissama_2211.jpg 890w, https:\/\/franciscanos.org.br\/noticias\/wp-content\/uploads\/2019\/11\/quissama_2211-450x300.jpg 450w, https:\/\/franciscanos.org.br\/noticias\/wp-content\/uploads\/2019\/11\/quissama_2211-768x512.jpg 768w, https:\/\/franciscanos.org.br\/noticias\/wp-content\/uploads\/2019\/11\/quissama_2211-150x100.jpg 150w\" sizes=\"(max-width: 890px) 100vw, 890px\" \/><\/p>\n<p>No domingo em que a Igreja celebrou o Dia Mundial dos Pobres (17\/11\/2019), a comunidade paroquial da cidade de Quissam\u00e3\/RJ tamb\u00e9m teve outro motivo para se alegrar: os 117 anos de funda\u00e7\u00e3o da Ordem Franciscana Secular neste local. A Par\u00f3quia desta cidade, outrora administrada e pastoralmente organizada pelos Frades Menores, foi entregue aos cuidados da Diocese de Nova Friburgo em 1996. Mas a presen\u00e7a franciscana se manteve fecunda, com muito entusiasmo e vigor, nos irm\u00e3os e irm\u00e3s professos da OFS.<\/p>\n<p>A missa das 8 horas, presidida pelo ministro provincial da Prov\u00edncia Franciscana da Imaculada Concei\u00e7\u00e3o do Brasil, Frei C\u00e9sar K\u00fclkamp, deu in\u00edcio \u00e0 manh\u00e3 de festividades. O p\u00e1roco local, padre Mauro Nunes, agradeceu a presen\u00e7a de Frei C\u00e9sar e do assistente Frei Gabriel Dellandrea, que acompanhou o grupo da OFS durante este ano. Estendeu sua gratid\u00e3o tamb\u00e9m a todos os franciscanos que se dedicaram e se dedicam a evangelizar nestas terras. Lembrou, por isso, do grande legado que os frades deixaram na par\u00f3quia e da continuidade deste carisma que a OFS mant\u00e9m na comunidade.<\/p>\n<p>Na homilia, Frei C\u00e9sar lembrou da profunda e oportuna reflex\u00e3o sobre o Dia Mundial dos Pobres. Destacou que a miseric\u00f3rdia \u00e9 a porta do cuidado para com os irm\u00e3os e irm\u00e3s que atravessam per\u00edodos de pen\u00faria. O frade lembrou que este dia n\u00e3o \u00e9 o \u00fanico momento de fazer caridade, mas que nesta data o Papa tem o desejo de que cada crist\u00e3o esteja pr\u00f3ximo dos mais necessitados. Isso significa, segundo Frei C\u00e9sar, n\u00e3o s\u00f3 oferecer um donativo, mas estar com os mais pobres, ouvi-los, ir ao seu encontro com a presen\u00e7a e o carinho.<\/p>\n<p><img loading=\"lazy\" class=\"alignnone wp-image-214127 size-full\" src=\"https:\/\/franciscanos.org.br\/noticias\/wp-content\/uploads\/2019\/11\/quissama_2211_1.jpg\" alt=\"\" width=\"890\" height=\"593\" srcset=\"https:\/\/franciscanos.org.br\/noticias\/wp-content\/uploads\/2019\/11\/quissama_2211_1.jpg 890w, https:\/\/franciscanos.org.br\/noticias\/wp-content\/uploads\/2019\/11\/quissama_2211_1-450x300.jpg 450w, https:\/\/franciscanos.org.br\/noticias\/wp-content\/uploads\/2019\/11\/quissama_2211_1-768x512.jpg 768w, https:\/\/franciscanos.org.br\/noticias\/wp-content\/uploads\/2019\/11\/quissama_2211_1-150x100.jpg 150w\" sizes=\"(max-width: 890px) 100vw, 890px\" \/><\/p>\n<p>Al\u00e9m disso, o Ministro Provincial lembrou do grande papel que a OFS pode oferecer nesse e outros \u00e2mbitos. Recordou que o carisma franciscano permanece vivo e eficaz na viv\u00eancia de irm\u00e3os e irm\u00e3s de boa vontade que se colocam no seguimento de Cristo segundo S\u00e3o Francisco de Assis. Agradeceu por todo o empenho de cada franciscano. Assim, ap\u00f3s a profiss\u00e3o de f\u00e9, na missa, os professos da OFS renovaram o seu compromisso com o ideal franciscano, portando em suas m\u00e3os velas acesas significando a miss\u00e3o de cada crist\u00e3o: \u201cSer luz do mundo\u201d (Mt 5,13-16).<\/p>\n<p>Ap\u00f3s a celebra\u00e7\u00e3o, os irm\u00e3os e irm\u00e3s da OFS e frades, reunidos no Col\u00e9gio Cenecista Nossa Senhora do Desterro, puderam conhecer um pouco mais sobre a comemora\u00e7\u00e3o de toda a fam\u00edlia franciscana deste ano: 800 anos do encontro de S\u00e3o Francisco com o Sult\u00e3o. Frei C\u00e9sar trouxe os principais elementos desse encontro e uma oportuna reflex\u00e3o sobre a necessidade do di\u00e1logo, da compreens\u00e3o. Al\u00e9m disso, salientou uma contundente provoca\u00e7\u00e3o de como atualizar essa tem\u00e1tica hoje. O momento de forma\u00e7\u00e3o foi encerrado com um pequeno ensaio de cantos, agradecimentos, a ora\u00e7\u00e3o do \u00c2ngelus e o almo\u00e7o festivo. Que Deus conserve a perseveran\u00e7a e a alegria de nossos irm\u00e3os e irm\u00e3s que vivem o carisma franciscano com a Regra da OFS.<\/p>\n","protected":false},"excerpt":{"rendered":"<p>Ordem Franciscana Secular<\/p>\n","protected":false},"author":3,"featured_media":214128,"comment_status":"open","ping_status":"open","sticky":false,"template":"","format":"standard","meta":[],"categories":[1],"tags":[60],"acf":[],"yoast_head":"<!-- This site is optimized with the Yoast SEO plugin v19.2 - https:\/\/yoast.com\/wordpress\/plugins\/seo\/ -->\n<title>OFS de Quissam\u00e3 celebra 117 anos - Not\u00edcias - Franciscanos<\/title>\n<meta name=\"robots\" content=\"index, follow, max-snippet:-1, max-image-preview:large, max-video-preview:-1\" \/>\n<link rel=\"canonical\" href=\"https:\/\/franciscanos.org.br\/noticias\/ofs-de-quissama-celebra-117-anos.html\" \/>\n<meta property=\"og:locale\" content=\"pt_BR\" \/>\n<meta property=\"og:type\" content=\"article\" \/>\n<meta property=\"og:title\" content=\"OFS de Quissam\u00e3 celebra 117 anos - Not\u00edcias - Franciscanos\" \/>\n<meta property=\"og:description\" content=\"Ordem Franciscana Secular\" \/>\n<meta property=\"og:url\" content=\"https:\/\/franciscanos.org.br\/noticias\/ofs-de-quissama-celebra-117-anos.html\" \/>\n<meta property=\"og:site_name\" content=\"Not\u00edcias - Franciscanos\" \/>\n<meta property=\"article:published_time\" content=\"2019-11-22T14:16:19+00:00\" \/>\n<meta property=\"og:image\" content=\"https:\/\/franciscanos.org.br\/noticias\/wp-content\/uploads\/2019\/11\/quissama_2211d.jpg\" \/>\n\t<meta property=\"og:image:width\" content=\"273\" \/>\n\t<meta property=\"og:image:height\" content=\"181\" \/>\n\t<meta property=\"og:image:type\" content=\"image\/jpeg\" \/>\n<meta name=\"author\" content=\"moacir\" \/>\n<meta name=\"twitter:card\" content=\"summary_large_image\" \/>\n<meta name=\"twitter:label1\" content=\"Escrito por\" \/>\n\t<meta name=\"twitter:data1\" content=\"moacir\" \/>\n\t<meta name=\"twitter:label2\" content=\"Est. tempo de leitura\" \/>\n\t<meta name=\"twitter:data2\" content=\"3 minutos\" \/>\n<script type=\"application\/ld+json\" class=\"yoast-schema-graph\">{\"@context\":\"https:\/\/schema.org\",\"@graph\":[{\"@type\":\"WebSite\",\"@id\":\"https:\/\/franciscanos.org.br\/noticias\/#website\",\"url\":\"https:\/\/franciscanos.org.br\/noticias\/\",\"name\":\"Not\u00edcias - Franciscanos\",\"description\":\"Prov\u00edncia Franciscana da Imaculada Concei\u00e7\u00e3o do Brasil - Ordem dos Frades Menores - OFM\",\"potentialAction\":[{\"@type\":\"SearchAction\",\"target\":{\"@type\":\"EntryPoint\",\"urlTemplate\":\"https:\/\/franciscanos.org.br\/noticias\/?s={search_term_string}\"},\"query-input\":\"required name=search_term_string\"}],\"inLanguage\":\"pt-BR\"},{\"@type\":\"ImageObject\",\"inLanguage\":\"pt-BR\",\"@id\":\"https:\/\/franciscanos.org.br\/noticias\/ofs-de-quissama-celebra-117-anos.html#primaryimage\",\"url\":\"https:\/\/franciscanos.org.br\/noticias\/wp-content\/uploads\/2019\/11\/quissama_2211d.jpg\",\"contentUrl\":\"https:\/\/franciscanos.org.br\/noticias\/wp-content\/uploads\/2019\/11\/quissama_2211d.jpg\",\"width\":273,\"height\":181},{\"@type\":\"WebPage\",\"@id\":\"https:\/\/franciscanos.org.br\/noticias\/ofs-de-quissama-celebra-117-anos.html#webpage\",\"url\":\"https:\/\/franciscanos.org.br\/noticias\/ofs-de-quissama-celebra-117-anos.html\",\"name\":\"OFS de Quissam\u00e3 celebra 117 anos - Not\u00edcias - Franciscanos\",\"isPartOf\":{\"@id\":\"https:\/\/franciscanos.org.br\/noticias\/#website\"},\"primaryImageOfPage\":{\"@id\":\"https:\/\/franciscanos.org.br\/noticias\/ofs-de-quissama-celebra-117-anos.html#primaryimage\"},\"datePublished\":\"2019-11-22T14:16:19+00:00\",\"dateModified\":\"2019-11-22T14:16:19+00:00\",\"author\":{\"@id\":\"https:\/\/franciscanos.org.br\/noticias\/#\/schema\/person\/b5c8cba458c330ccff548b056e95a5d4\"},\"breadcrumb\":{\"@id\":\"https:\/\/franciscanos.org.br\/noticias\/ofs-de-quissama-celebra-117-anos.html#breadcrumb\"},\"inLanguage\":\"pt-BR\",\"potentialAction\":[{\"@type\":\"ReadAction\",\"target\":[\"https:\/\/franciscanos.org.br\/noticias\/ofs-de-quissama-celebra-117-anos.html\"]}]},{\"@type\":\"BreadcrumbList\",\"@id\":\"https:\/\/franciscanos.org.br\/noticias\/ofs-de-quissama-celebra-117-anos.html#breadcrumb\",\"itemListElement\":[{\"@type\":\"ListItem\",\"position\":1,\"name\":\"Home\",\"item\":\"https:\/\/franciscanos.org.br\/noticias\"},{\"@type\":\"ListItem\",\"position\":2,\"name\":\"OFS de Quissam\u00e3 celebra 117 anos\"}]},{\"@type\":\"Person\",\"@id\":\"https:\/\/franciscanos.org.br\/noticias\/#\/schema\/person\/b5c8cba458c330ccff548b056e95a5d4\",\"name\":\"moacir\",\"image\":{\"@type\":\"ImageObject\",\"inLanguage\":\"pt-BR\",\"@id\":\"https:\/\/franciscanos.org.br\/noticias\/#\/schema\/person\/image\/\",\"url\":\"https:\/\/secure.gravatar.com\/avatar\/d08aa2ce4c8dd416d4479aa8536fcf64?s=96&d=mm&r=g\",\"contentUrl\":\"https:\/\/secure.gravatar.com\/avatar\/d08aa2ce4c8dd416d4479aa8536fcf64?s=96&d=mm&r=g\",\"caption\":\"moacir\"},\"url\":\"https:\/\/franciscanos.org.br\/noticias\/author\/moacir\"}]}<\/script>\n<!-- \/ Yoast SEO plugin. -->","yoast_head_json":{"title":"OFS de Quissam\u00e3 celebra 117 anos - Not\u00edcias - Franciscanos","robots":{"index":"index","follow":"follow","max-snippet":"max-snippet:-1","max-image-preview":"max-image-preview:large","max-video-preview":"max-video-preview:-1"},"canonical":"https:\/\/franciscanos.org.br\/noticias\/ofs-de-quissama-celebra-117-anos.html","og_locale":"pt_BR","og_type":"article","og_title":"OFS de Quissam\u00e3 celebra 117 anos - Not\u00edcias - Franciscanos","og_description":"Ordem Franciscana Secular","og_url":"https:\/\/franciscanos.org.br\/noticias\/ofs-de-quissama-celebra-117-anos.html","og_site_name":"Not\u00edcias - Franciscanos","article_published_time":"2019-11-22T14:16:19+00:00","og_image":[{"width":273,"height":181,"url":"https:\/\/franciscanos.org.br\/noticias\/wp-content\/uploads\/2019\/11\/quissama_2211d.jpg","type":"image\/jpeg"}],"author":"moacir","twitter_card":"summary_large_image","twitter_misc":{"Escrito por":"moacir","Est. tempo de leitura":"3 minutos"},"schema":{"@context":"https:\/\/schema.org","@graph":[{"@type":"WebSite","@id":"https:\/\/franciscanos.org.br\/noticias\/#website","url":"https:\/\/franciscanos.org.br\/noticias\/","name":"Not\u00edcias - Franciscanos","description":"Prov\u00edncia Franciscana da Imaculada Concei\u00e7\u00e3o do Brasil - Ordem dos Frades Menores - OFM","potentialAction":[{"@type":"SearchAction","target":{"@type":"EntryPoint","urlTemplate":"https:\/\/franciscanos.org.br\/noticias\/?s={search_term_string}"},"query-input":"required name=search_term_string"}],"inLanguage":"pt-BR"},{"@type":"ImageObject","inLanguage":"pt-BR","@id":"https:\/\/franciscanos.org.br\/noticias\/ofs-de-quissama-celebra-117-anos.html#primaryimage","url":"https:\/\/franciscanos.org.br\/noticias\/wp-content\/uploads\/2019\/11\/quissama_2211d.jpg","contentUrl":"https:\/\/franciscanos.org.br\/noticias\/wp-content\/uploads\/2019\/11\/quissama_2211d.jpg","width":273,"height":181},{"@type":"WebPage","@id":"https:\/\/franciscanos.org.br\/noticias\/ofs-de-quissama-celebra-117-anos.html#webpage","url":"https:\/\/franciscanos.org.br\/noticias\/ofs-de-quissama-celebra-117-anos.html","name":"OFS de Quissam\u00e3 celebra 117 anos - Not\u00edcias - Franciscanos","isPartOf":{"@id":"https:\/\/franciscanos.org.br\/noticias\/#website"},"primaryImageOfPage":{"@id":"https:\/\/franciscanos.org.br\/noticias\/ofs-de-quissama-celebra-117-anos.html#primaryimage"},"datePublished":"2019-11-22T14:16:19+00:00","dateModified":"2019-11-22T14:16:19+00:00","author":{"@id":"https:\/\/franciscanos.org.br\/noticias\/#\/schema\/person\/b5c8cba458c330ccff548b056e95a5d4"},"breadcrumb":{"@id":"https:\/\/franciscanos.org.br\/noticias\/ofs-de-quissama-celebra-117-anos.html#breadcrumb"},"inLanguage":"pt-BR","potentialAction":[{"@type":"ReadAction","target":["https:\/\/franciscanos.org.br\/noticias\/ofs-de-quissama-celebra-117-anos.html"]}]},{"@type":"BreadcrumbList","@id":"https:\/\/franciscanos.org.br\/noticias\/ofs-de-quissama-celebra-117-anos.html#breadcrumb","itemListElement":[{"@type":"ListItem","position":1,"name":"Home","item":"https:\/\/franciscanos.org.br\/noticias"},{"@type":"ListItem","position":2,"name":"OFS de Quissam\u00e3 celebra 117 anos"}]},{"@type":"Person","@id":"https:\/\/franciscanos.org.br\/noticias\/#\/schema\/person\/b5c8cba458c330ccff548b056e95a5d4","name":"moacir","image":{"@type":"ImageObject","inLanguage":"pt-BR","@id":"https:\/\/franciscanos.org.br\/noticias\/#\/schema\/person\/image\/","url":"https:\/\/secure.gravatar.com\/avatar\/d08aa2ce4c8dd416d4479aa8536fcf64?s=96&d=mm&r=g","contentUrl":"https:\/\/secure.gravatar.com\/avatar\/d08aa2ce4c8dd416d4479aa8536fcf64?s=96&d=mm&r=g","caption":"moacir"},"url":"https:\/\/franciscanos.org.br\/noticias\/author\/moacir"}]}},"_links":{"self":[{"href":"https:\/\/franciscanos.org.br\/noticias\/wp-json\/wp\/v2\/posts\/214125"}],"collection":[{"href":"https:\/\/franciscanos.org.br\/noticias\/wp-json\/wp\/v2\/posts"}],"about":[{"href":"https:\/\/franciscanos.org.br\/noticias\/wp-json\/wp\/v2\/types\/post"}],"author":[{"embeddable":true,"href":"https:\/\/franciscanos.org.br\/noticias\/wp-json\/wp\/v2\/users\/3"}],"replies":[{"embeddable":true,"href":"https:\/\/franciscanos.org.br\/noticias\/wp-json\/wp\/v2\/comments?post=214125"}],"version-history":[{"count":0,"href":"https:\/\/franciscanos.org.br\/noticias\/wp-json\/wp\/v2\/posts\/214125\/revisions"}],"wp:featuredmedia":[{"embeddable":true,"href":"https:\/\/franciscanos.org.br\/noticias\/wp-json\/wp\/v2\/media\/214128"}],"wp:attachment":[{"href":"https:\/\/franciscanos.org.br\/noticias\/wp-json\/wp\/v2\/media?parent=214125"}],"wp:term":[{"taxonomy":"category","embeddable":true,"href":"https:\/\/franciscanos.org.br\/noticias\/wp-json\/wp\/v2\/categories?post=214125"},{"taxonomy":"post_tag","embeddable":true,"href":"https:\/\/franciscanos.org.br\/noticias\/wp-json\/wp\/v2\/tags?post=214125"}],"curies":[{"name":"wp","href":"https:\/\/api.w.org\/{rel}","templated":true}]}}