{"id":214005,"date":"2019-11-19T07:03:20","date_gmt":"2019-11-19T10:03:20","guid":{"rendered":"https:\/\/franciscanos.org.br\/noticias\/?p=214005"},"modified":"2019-11-19T07:03:20","modified_gmt":"2019-11-19T10:03:20","slug":"alverne-espiritualidade-franciscana-como-caminho","status":"publish","type":"post","link":"https:\/\/franciscanos.org.br\/noticias\/alverne-espiritualidade-franciscana-como-caminho.html","title":{"rendered":"Alverne: espiritualidade franciscana como caminho"},"content":{"rendered":"<p><img loading=\"lazy\" class=\"alignnone size-full wp-image-214006\" src=\"https:\/\/franciscanos.org.br\/noticias\/wp-content\/uploads\/2019\/11\/alverne_1911_1.jpg\" alt=\"\" width=\"890\" height=\"389\" srcset=\"https:\/\/franciscanos.org.br\/noticias\/wp-content\/uploads\/2019\/11\/alverne_1911_1.jpg 890w, https:\/\/franciscanos.org.br\/noticias\/wp-content\/uploads\/2019\/11\/alverne_1911_1-450x197.jpg 450w, https:\/\/franciscanos.org.br\/noticias\/wp-content\/uploads\/2019\/11\/alverne_1911_1-768x336.jpg 768w, https:\/\/franciscanos.org.br\/noticias\/wp-content\/uploads\/2019\/11\/alverne_1911_1-150x66.jpg 150w\" sizes=\"(max-width: 890px) 100vw, 890px\" \/><\/p>\n<p>Entre os dias 15 e 17 de novembro, o Estado do Rio de Janeiro, pela primeira vez, acolheu o Alverne &#8211; Encontro de Forma\u00e7\u00e3o e Aprofundamento da Espiritualidade Franciscana &#8211; na cidade de Tangu\u00e1. Mais de 60 jovens do Esp\u00edrito Santo e do Rio de Janeiro se reuniram para a forma\u00e7\u00e3o franciscana, sob assessoria de Frei Vit\u00f3rio Mazzuco, mestre em espiritualidade franciscana. Frei C\u00e9sar K\u00fclkamp, Ministro Provincial, estando a caminho de Quissam\u00e3, RJ,\u00a0 para um encontro da OFS, aproveitou o ensejo e se fez presente no encontro.<\/p>\n<p>O Encontro teve in\u00edcio em Santa Catarina e faz parte do Itiner\u00e1rio Franciscano criado pelo Conselho Provincial de Juventudes, da Prov\u00edncia Franciscana da Imaculada Concei\u00e7\u00e3o. Visto a grande participa\u00e7\u00e3o em outros eventos provinciais voltados aos jovens, que tomaram propor\u00e7\u00f5es cada vez maiores, foi organizado pelo Conselho as atividades com as juventudes, surgindo assim o Itiner\u00e1rio. Desta forma, o Alverne est\u00e1 inserido nesse caminho de trabalho com as juventudes, com o objetivo de aprofundar-se no carisma franciscano, sendo um encontro de forma\u00e7\u00e3o realizado por regi\u00f5es da Prov\u00edncia.<\/p>\n<p><img loading=\"lazy\" class=\"alignnone size-full wp-image-214007\" src=\"https:\/\/franciscanos.org.br\/noticias\/wp-content\/uploads\/2019\/11\/alverne_1911_4.jpg\" alt=\"\" width=\"890\" height=\"593\" srcset=\"https:\/\/franciscanos.org.br\/noticias\/wp-content\/uploads\/2019\/11\/alverne_1911_4.jpg 890w, https:\/\/franciscanos.org.br\/noticias\/wp-content\/uploads\/2019\/11\/alverne_1911_4-450x300.jpg 450w, https:\/\/franciscanos.org.br\/noticias\/wp-content\/uploads\/2019\/11\/alverne_1911_4-768x512.jpg 768w, https:\/\/franciscanos.org.br\/noticias\/wp-content\/uploads\/2019\/11\/alverne_1911_4-150x100.jpg 150w\" sizes=\"(max-width: 890px) 100vw, 890px\" \/><\/p>\n<p>Frei Vit\u00f3rio Mazzuco, coordenador de Pastoral da Universidade S\u00e3o Francisco (USF), em Bragan\u00e7a Paulista, durante a forma\u00e7\u00e3o que teve como tema \u201cA Espiritualidade Franciscana como Caminho\u201d, provocou a juventude a se perguntar: N\u00e3o seria este o caminho? Em sua fala, Frei Vit\u00f3rio afirmou que ter f\u00e9 significa ter uma trilha de certezas e que na verdade n\u00e3o somos seres humanos vivendo uma experi\u00eancia espiritual, e sim seres espirituais vivendo uma experi\u00eancia humana. A juventude ficou muito envolvida durante a forma\u00e7\u00e3o e saiu esperan\u00e7osa em manter-se fiel ao carisma, &#8220;transmitindo ao outro aquilo que realmente \u00e9&#8221;.<\/p>\n<p>No s\u00e1bado, 16, durante a forma\u00e7\u00e3o, o Ministro Provincial, Frei C\u00e9sar K\u00fclkamp, dirigiu algumas palavras aos jovens e tamb\u00e9m visitou a cidade de Quissam\u00e3, no Rio de Janeiro, cuja a Fraternidade da Ordem Franciscana Secular est\u00e1 presente h\u00e1 120 anos, marcada com a forte atua\u00e7\u00e3o dos franciscanos na regi\u00e3o, celebrando a gratid\u00e3o pelo tempo que os frades estiveram presentes e pela continua\u00e7\u00e3o do carisma franciscano e tamb\u00e9m, o di\u00e1logo do encontro com o Sult\u00e3o &#8211; tem\u00e1tica refletida pela Ordem Franciscana durante o ano de 2019. Frei C\u00e9sar tamb\u00e9m lembrou aos jovens que o Alverne \u00e9 um momento de profundo encontro entre Francisco e Jesus crucificado, marcado pela renova\u00e7\u00e3o espiritual, fraternidade e encontro com o outro. Frei Gabriel Dellandrea tamb\u00e9m esteve presente.<\/p>\n<p><img loading=\"lazy\" class=\"alignnone size-full wp-image-214008\" src=\"https:\/\/franciscanos.org.br\/noticias\/wp-content\/uploads\/2019\/11\/alverne_1911_3.jpg\" alt=\"\" width=\"890\" height=\"403\" srcset=\"https:\/\/franciscanos.org.br\/noticias\/wp-content\/uploads\/2019\/11\/alverne_1911_3.jpg 890w, https:\/\/franciscanos.org.br\/noticias\/wp-content\/uploads\/2019\/11\/alverne_1911_3-450x204.jpg 450w, https:\/\/franciscanos.org.br\/noticias\/wp-content\/uploads\/2019\/11\/alverne_1911_3-768x348.jpg 768w, https:\/\/franciscanos.org.br\/noticias\/wp-content\/uploads\/2019\/11\/alverne_1911_3-150x68.jpg 150w\" sizes=\"(max-width: 890px) 100vw, 890px\" \/><\/p>\n<p>A jovem Andressa da Fonseca Luiz, de 24 anos, da Par\u00f3quia S\u00e3o Jo\u00e3o Batista, em S\u00e3o Jo\u00e3o de Meriti (RJ), contou que quando soube que haveria o Alverne no Rio de Janeiro ficou muito entusiasmada e feliz, pois, foi a primeira vez que a forma\u00e7\u00e3o seria realizada na Regi\u00e3o Sudeste. Nesta edi\u00e7\u00e3o, al\u00e9m de participar, Andressa foi convidada para coordenar o encontro. \u201cFiquei como coordenadora geral e as preocupa\u00e7\u00f5es de estar sempre fazendo com que os outros amigos da coordena\u00e7\u00e3o pudessem encaminhar suas fun\u00e7\u00f5es contando com o meu aux\u00edlio, eram enormes, mas gra\u00e7as a Deus creio que tenha conseguido colaborar na fun\u00e7\u00e3o\u201d, comemorou a jovem.<\/p>\n<p>\u201cVou carregar pra sempre comigo essa experi\u00eancia, esse fim de semana, esse encontro e todas as pessoas envolvidas. Mas um momento que que me marcou demais, pois eu n\u00e3o imaginava que tomaria uma propor\u00e7\u00e3o t\u00e3o grande e significativa, foi a encena\u00e7\u00e3o realizada junto aos meus amigos da Par\u00f3quia, onde eu interpretava uma usu\u00e1ria de drogas que era rejeitada ao buscar ajuda. Dentre tantas rejei\u00e7\u00f5es, recebia um olhar e esse olhar se multiplicava em outros olhares e, por fim, abra\u00e7os. Houve uma intera\u00e7\u00e3o de todos os participantes, a emo\u00e7\u00e3o tomou conta, chorei, senti-me abra\u00e7ada, abracei e foi a\u00ed que mais uma vez percebi que devemos ser seres, devemos ser franciscanos, entregar-nos, doar-nos pelo nosso irm\u00e3o, principalmente o mais marginalizado, que \u00e0s vezes s\u00f3 precisa de um olhar!\u201d, destacou Andressa sobre as atividades do Encontro.<\/p>\n<p><img loading=\"lazy\" class=\"alignnone size-full wp-image-214009\" src=\"https:\/\/franciscanos.org.br\/noticias\/wp-content\/uploads\/2019\/11\/alverne_1911_5.jpg\" alt=\"\" width=\"890\" height=\"593\" srcset=\"https:\/\/franciscanos.org.br\/noticias\/wp-content\/uploads\/2019\/11\/alverne_1911_5.jpg 890w, https:\/\/franciscanos.org.br\/noticias\/wp-content\/uploads\/2019\/11\/alverne_1911_5-450x300.jpg 450w, https:\/\/franciscanos.org.br\/noticias\/wp-content\/uploads\/2019\/11\/alverne_1911_5-768x512.jpg 768w, https:\/\/franciscanos.org.br\/noticias\/wp-content\/uploads\/2019\/11\/alverne_1911_5-150x100.jpg 150w\" sizes=\"(max-width: 890px) 100vw, 890px\" \/><\/p>\n<p>J\u00e1 para Izabela Pellegrini, 27 anos, da Par\u00f3quia Nossa Senhora do Ros\u00e1rio, em Vila Velha (ES), \u201cpara decidir dar mais um passo nesse caminho e ir ao Alverne, era preciso respirar, inspirar e transpirar. Era preciso sair do comodismo e do \u00f3bvio! Mas Francisco n\u00e3o quer de n\u00f3s o f\u00e1cil, ele quer o que nos transforma, o que nos inquieta! Ent\u00e3o eu fui!&#8221;. O acolhimento das juventudes presentes no encontro chamou a aten\u00e7\u00e3o da jovem: \u201cmais que conhecer o Francisco de Assis, o Alverne me fez conhecer e reconhecer os Franciscos de hoje: os Franciscos de S\u00e3o Jo\u00e3o do Meriti que acolheram e alimentaram os &#8220;estrangeiros&#8221;. Os Franciscos de Nil\u00f3polis que levam cuidado e amor aos mais necessitados e aqueles que usam seus dons para cantar a paz e o bem. Os Franciscos de Niter\u00f3i que, como a gente, tamb\u00e9m tem que respirar e transpirar para n\u00e3o se esquecerem que tamb\u00e9m s\u00e3o respons\u00e1veis por reconstruir nossa Igreja. E tantos outros Franciscos, que tanto nos ensinaram! Obrigada!&#8221;. Por fim, Izabela deixou uma mensagem sobre os ensinamentos do Alverne: \u201co Alverne me lembrou que ao meu lado pode estar algu\u00e9m precisa de mim e que, \u00e0s vezes, essa pessoa est\u00e1 mais pr\u00f3xima do que imagino. E isso faz a gente repensar, ter \u00e2nimo novo, abrir os olhos! \u00c9 preciso reconstruir nossos cora\u00e7\u00f5es na paz e no bem, para olhar com sensibilidade o irm\u00e3o do nosso lado\u201d.<\/p>\n<p><img loading=\"lazy\" class=\"alignnone size-full wp-image-214025\" src=\"https:\/\/franciscanos.org.br\/noticias\/wp-content\/uploads\/2019\/11\/alverne_1911_6.jpg\" alt=\"\" width=\"890\" height=\"593\" srcset=\"https:\/\/franciscanos.org.br\/noticias\/wp-content\/uploads\/2019\/11\/alverne_1911_6.jpg 890w, https:\/\/franciscanos.org.br\/noticias\/wp-content\/uploads\/2019\/11\/alverne_1911_6-450x300.jpg 450w, https:\/\/franciscanos.org.br\/noticias\/wp-content\/uploads\/2019\/11\/alverne_1911_6-768x512.jpg 768w, https:\/\/franciscanos.org.br\/noticias\/wp-content\/uploads\/2019\/11\/alverne_1911_6-150x100.jpg 150w\" sizes=\"(max-width: 890px) 100vw, 890px\" \/><\/p>\n<p>J\u00e1 para Shayana Baptista, da Comunidade Santa Rita de C\u00e1ssia, que pertence a Par\u00f3quia Nossa Senhora Aparecida, em Nil\u00f3polis (RJ), \u201co Alverne foi uma experi\u00eancia maravilhosa que nos permitiu conhecer um pouco mais do carisma franciscano e esse carisma representa pra mim um amor profundo, simples, verdadeiro e necess\u00e1rio. Quanto mais eu conhe\u00e7o, mais quero conhecer. Precisamos subir a montanha, buscar novos horizontes, enxergar a beleza da vida, tirar as sand\u00e1lias, ir ao encontro dos irm\u00e3os. S\u00e3o Francisco tinha op\u00e7\u00f5es claras e fortes. Ele nos ensina a import\u00e2ncia de mergulhar no mist\u00e9rio, a sacralidade do encontro, ser sens\u00edvel a ess\u00eancia humana e isso inclui a natureza, porque n\u00f3s fazemos parte da natureza. Francisco nos mostra que quando silenciamos o mundo ouvimos a voz de Deus falando no nosso interior, mas que \u00e0s vezes \u00e9 necess\u00e1rio gritar por justi\u00e7a e pelos menos favorecidos. Ele nos ensina diariamente a n\u00e3o perder de vista o nosso ponto de partida, nos inspira a abra\u00e7ar a vida com coragem, a viver com profundidade, a pregar o evangelho atrav\u00e9s das atitudes e que na d\u00favida devemos ficar sempre ao lado dos pobres.\u201d<\/p>\n<p>Animados com tudo que viveram no Alverne, os jovens seguem para suas comunidades com a miss\u00e3o de compartilhar todo conhecimento adquirido com suas pastorais e movimentos. Seguindo o itiner\u00e1rio, a prepara\u00e7\u00e3o dos jovens agora \u00e9 para as Miss\u00f5es Franciscanas da Juventude 2020, em Xaxim\/SC.<\/p>\n<p><strong>Equipe de Comunica\u00e7\u00e3o do Alverne<\/strong><\/p>\n<hr \/>\n<p><strong>VEJA MAIS IMAGENS DO ENCONTRO DE FORMA\u00c7\u00c3O DA JUVENTUDE DA PROV\u00cdNCIA<\/strong><\/p>\n\n\t\t<style type=\"text\/css\">\n\t\t\t#gallery-1 {\n\t\t\t\tmargin: auto;\n\t\t\t}\n\t\t\t#gallery-1 .gallery-item {\n\t\t\t\tfloat: left;\n\t\t\t\tmargin-top: 10px;\n\t\t\t\ttext-align: center;\n\t\t\t\twidth: 25%;\n\t\t\t}\n\t\t\t#gallery-1 img {\n\t\t\t\tborder: 2px solid #cfcfcf;\n\t\t\t}\n\t\t\t#gallery-1 .gallery-caption {\n\t\t\t\tmargin-left: 0;\n\t\t\t}\n\t\t\t\/* see gallery_shortcode() in wp-includes\/media.php *\/\n\t\t<\/style>\n\t\t<div id='gallery-1' class='gallery galleryid-214005 gallery-columns-4 gallery-size-thumbnail'><dl class='gallery-item'>\n\t\t\t<dt class='gallery-icon landscape'>\n\t\t\t\t<a href='https:\/\/franciscanos.org.br\/noticias\/wp-content\/uploads\/2019\/11\/alverne-1.jpg'><img width=\"300\" height=\"300\" src=\"https:\/\/franciscanos.org.br\/noticias\/wp-content\/uploads\/2019\/11\/alverne-1-300x300.jpg\" class=\"attachment-thumbnail size-thumbnail\" alt=\"\" loading=\"lazy\" srcset=\"https:\/\/franciscanos.org.br\/noticias\/wp-content\/uploads\/2019\/11\/alverne-1-300x300.jpg 300w, https:\/\/franciscanos.org.br\/noticias\/wp-content\/uploads\/2019\/11\/alverne-1-100x100.jpg 100w, https:\/\/franciscanos.org.br\/noticias\/wp-content\/uploads\/2019\/11\/alverne-1-400x400.jpg 400w\" sizes=\"(max-width: 300px) 100vw, 300px\" \/><\/a>\n\t\t\t<\/dt><\/dl><dl class='gallery-item'>\n\t\t\t<dt class='gallery-icon landscape'>\n\t\t\t\t<a href='https:\/\/franciscanos.org.br\/noticias\/wp-content\/uploads\/2019\/11\/alverne-2.jpg'><img width=\"300\" height=\"300\" src=\"https:\/\/franciscanos.org.br\/noticias\/wp-content\/uploads\/2019\/11\/alverne-2-300x300.jpg\" class=\"attachment-thumbnail size-thumbnail\" alt=\"\" loading=\"lazy\" srcset=\"https:\/\/franciscanos.org.br\/noticias\/wp-content\/uploads\/2019\/11\/alverne-2-300x300.jpg 300w, https:\/\/franciscanos.org.br\/noticias\/wp-content\/uploads\/2019\/11\/alverne-2-100x100.jpg 100w, https:\/\/franciscanos.org.br\/noticias\/wp-content\/uploads\/2019\/11\/alverne-2-400x400.jpg 400w\" sizes=\"(max-width: 300px) 100vw, 300px\" \/><\/a>\n\t\t\t<\/dt><\/dl><dl class='gallery-item'>\n\t\t\t<dt class='gallery-icon landscape'>\n\t\t\t\t<a href='https:\/\/franciscanos.org.br\/noticias\/wp-content\/uploads\/2019\/11\/alverne-3.jpg'><img width=\"300\" height=\"300\" src=\"https:\/\/franciscanos.org.br\/noticias\/wp-content\/uploads\/2019\/11\/alverne-3-300x300.jpg\" class=\"attachment-thumbnail size-thumbnail\" alt=\"\" loading=\"lazy\" srcset=\"https:\/\/franciscanos.org.br\/noticias\/wp-content\/uploads\/2019\/11\/alverne-3-300x300.jpg 300w, https:\/\/franciscanos.org.br\/noticias\/wp-content\/uploads\/2019\/11\/alverne-3-100x100.jpg 100w, https:\/\/franciscanos.org.br\/noticias\/wp-content\/uploads\/2019\/11\/alverne-3-400x400.jpg 400w\" sizes=\"(max-width: 300px) 100vw, 300px\" \/><\/a>\n\t\t\t<\/dt><\/dl><dl class='gallery-item'>\n\t\t\t<dt class='gallery-icon landscape'>\n\t\t\t\t<a href='https:\/\/franciscanos.org.br\/noticias\/wp-content\/uploads\/2019\/11\/alverne-4.jpg'><img width=\"300\" height=\"300\" src=\"https:\/\/franciscanos.org.br\/noticias\/wp-content\/uploads\/2019\/11\/alverne-4-300x300.jpg\" class=\"attachment-thumbnail size-thumbnail\" alt=\"\" loading=\"lazy\" srcset=\"https:\/\/franciscanos.org.br\/noticias\/wp-content\/uploads\/2019\/11\/alverne-4-300x300.jpg 300w, https:\/\/franciscanos.org.br\/noticias\/wp-content\/uploads\/2019\/11\/alverne-4-100x100.jpg 100w, https:\/\/franciscanos.org.br\/noticias\/wp-content\/uploads\/2019\/11\/alverne-4-400x400.jpg 400w\" sizes=\"(max-width: 300px) 100vw, 300px\" \/><\/a>\n\t\t\t<\/dt><\/dl><br style=\"clear: both\" \/><dl class='gallery-item'>\n\t\t\t<dt class='gallery-icon landscape'>\n\t\t\t\t<a href='https:\/\/franciscanos.org.br\/noticias\/wp-content\/uploads\/2019\/11\/alverne-5.jpg'><img width=\"300\" height=\"300\" src=\"https:\/\/franciscanos.org.br\/noticias\/wp-content\/uploads\/2019\/11\/alverne-5-300x300.jpg\" class=\"attachment-thumbnail size-thumbnail\" alt=\"\" loading=\"lazy\" srcset=\"https:\/\/franciscanos.org.br\/noticias\/wp-content\/uploads\/2019\/11\/alverne-5-300x300.jpg 300w, https:\/\/franciscanos.org.br\/noticias\/wp-content\/uploads\/2019\/11\/alverne-5-100x100.jpg 100w, https:\/\/franciscanos.org.br\/noticias\/wp-content\/uploads\/2019\/11\/alverne-5-400x400.jpg 400w\" sizes=\"(max-width: 300px) 100vw, 300px\" \/><\/a>\n\t\t\t<\/dt><\/dl><dl class='gallery-item'>\n\t\t\t<dt class='gallery-icon landscape'>\n\t\t\t\t<a href='https:\/\/franciscanos.org.br\/noticias\/wp-content\/uploads\/2019\/11\/alverne-6.jpg'><img width=\"300\" height=\"300\" src=\"https:\/\/franciscanos.org.br\/noticias\/wp-content\/uploads\/2019\/11\/alverne-6-300x300.jpg\" class=\"attachment-thumbnail size-thumbnail\" alt=\"\" loading=\"lazy\" srcset=\"https:\/\/franciscanos.org.br\/noticias\/wp-content\/uploads\/2019\/11\/alverne-6-300x300.jpg 300w, https:\/\/franciscanos.org.br\/noticias\/wp-content\/uploads\/2019\/11\/alverne-6-100x100.jpg 100w, https:\/\/franciscanos.org.br\/noticias\/wp-content\/uploads\/2019\/11\/alverne-6-400x400.jpg 400w\" sizes=\"(max-width: 300px) 100vw, 300px\" \/><\/a>\n\t\t\t<\/dt><\/dl><dl class='gallery-item'>\n\t\t\t<dt class='gallery-icon landscape'>\n\t\t\t\t<a href='https:\/\/franciscanos.org.br\/noticias\/wp-content\/uploads\/2019\/11\/alverne-7.jpg'><img width=\"300\" height=\"300\" src=\"https:\/\/franciscanos.org.br\/noticias\/wp-content\/uploads\/2019\/11\/alverne-7-300x300.jpg\" class=\"attachment-thumbnail size-thumbnail\" alt=\"\" loading=\"lazy\" srcset=\"https:\/\/franciscanos.org.br\/noticias\/wp-content\/uploads\/2019\/11\/alverne-7-300x300.jpg 300w, https:\/\/franciscanos.org.br\/noticias\/wp-content\/uploads\/2019\/11\/alverne-7-100x100.jpg 100w, https:\/\/franciscanos.org.br\/noticias\/wp-content\/uploads\/2019\/11\/alverne-7-400x400.jpg 400w\" sizes=\"(max-width: 300px) 100vw, 300px\" \/><\/a>\n\t\t\t<\/dt><\/dl><dl class='gallery-item'>\n\t\t\t<dt class='gallery-icon landscape'>\n\t\t\t\t<a href='https:\/\/franciscanos.org.br\/noticias\/wp-content\/uploads\/2019\/11\/alverne-8.jpg'><img width=\"300\" height=\"300\" src=\"https:\/\/franciscanos.org.br\/noticias\/wp-content\/uploads\/2019\/11\/alverne-8-300x300.jpg\" class=\"attachment-thumbnail size-thumbnail\" alt=\"\" loading=\"lazy\" srcset=\"https:\/\/franciscanos.org.br\/noticias\/wp-content\/uploads\/2019\/11\/alverne-8-300x300.jpg 300w, https:\/\/franciscanos.org.br\/noticias\/wp-content\/uploads\/2019\/11\/alverne-8-100x100.jpg 100w, https:\/\/franciscanos.org.br\/noticias\/wp-content\/uploads\/2019\/11\/alverne-8-400x400.jpg 400w\" sizes=\"(max-width: 300px) 100vw, 300px\" \/><\/a>\n\t\t\t<\/dt><\/dl><br style=\"clear: both\" \/><dl class='gallery-item'>\n\t\t\t<dt class='gallery-icon landscape'>\n\t\t\t\t<a href='https:\/\/franciscanos.org.br\/noticias\/wp-content\/uploads\/2019\/11\/alverne-9.jpg'><img width=\"300\" height=\"300\" src=\"https:\/\/franciscanos.org.br\/noticias\/wp-content\/uploads\/2019\/11\/alverne-9-300x300.jpg\" class=\"attachment-thumbnail size-thumbnail\" alt=\"\" loading=\"lazy\" srcset=\"https:\/\/franciscanos.org.br\/noticias\/wp-content\/uploads\/2019\/11\/alverne-9-300x300.jpg 300w, https:\/\/franciscanos.org.br\/noticias\/wp-content\/uploads\/2019\/11\/alverne-9-100x100.jpg 100w, https:\/\/franciscanos.org.br\/noticias\/wp-content\/uploads\/2019\/11\/alverne-9-400x400.jpg 400w\" sizes=\"(max-width: 300px) 100vw, 300px\" \/><\/a>\n\t\t\t<\/dt><\/dl><dl class='gallery-item'>\n\t\t\t<dt class='gallery-icon landscape'>\n\t\t\t\t<a href='https:\/\/franciscanos.org.br\/noticias\/wp-content\/uploads\/2019\/11\/alverne-10.jpg'><img width=\"300\" height=\"300\" src=\"https:\/\/franciscanos.org.br\/noticias\/wp-content\/uploads\/2019\/11\/alverne-10-300x300.jpg\" class=\"attachment-thumbnail size-thumbnail\" alt=\"\" loading=\"lazy\" srcset=\"https:\/\/franciscanos.org.br\/noticias\/wp-content\/uploads\/2019\/11\/alverne-10-300x300.jpg 300w, https:\/\/franciscanos.org.br\/noticias\/wp-content\/uploads\/2019\/11\/alverne-10-100x100.jpg 100w, https:\/\/franciscanos.org.br\/noticias\/wp-content\/uploads\/2019\/11\/alverne-10-400x400.jpg 400w\" sizes=\"(max-width: 300px) 100vw, 300px\" \/><\/a>\n\t\t\t<\/dt><\/dl><dl class='gallery-item'>\n\t\t\t<dt class='gallery-icon landscape'>\n\t\t\t\t<a href='https:\/\/franciscanos.org.br\/noticias\/wp-content\/uploads\/2019\/11\/alverne-11.jpg'><img width=\"300\" height=\"300\" src=\"https:\/\/franciscanos.org.br\/noticias\/wp-content\/uploads\/2019\/11\/alverne-11-300x300.jpg\" class=\"attachment-thumbnail size-thumbnail\" alt=\"\" loading=\"lazy\" srcset=\"https:\/\/franciscanos.org.br\/noticias\/wp-content\/uploads\/2019\/11\/alverne-11-300x300.jpg 300w, https:\/\/franciscanos.org.br\/noticias\/wp-content\/uploads\/2019\/11\/alverne-11-100x100.jpg 100w, https:\/\/franciscanos.org.br\/noticias\/wp-content\/uploads\/2019\/11\/alverne-11-400x400.jpg 400w\" sizes=\"(max-width: 300px) 100vw, 300px\" \/><\/a>\n\t\t\t<\/dt><\/dl><dl class='gallery-item'>\n\t\t\t<dt class='gallery-icon landscape'>\n\t\t\t\t<a href='https:\/\/franciscanos.org.br\/noticias\/wp-content\/uploads\/2019\/11\/alverne-12.jpg'><img width=\"300\" height=\"300\" src=\"https:\/\/franciscanos.org.br\/noticias\/wp-content\/uploads\/2019\/11\/alverne-12-300x300.jpg\" class=\"attachment-thumbnail size-thumbnail\" alt=\"\" loading=\"lazy\" srcset=\"https:\/\/franciscanos.org.br\/noticias\/wp-content\/uploads\/2019\/11\/alverne-12-300x300.jpg 300w, https:\/\/franciscanos.org.br\/noticias\/wp-content\/uploads\/2019\/11\/alverne-12-100x100.jpg 100w, https:\/\/franciscanos.org.br\/noticias\/wp-content\/uploads\/2019\/11\/alverne-12-400x400.jpg 400w\" sizes=\"(max-width: 300px) 100vw, 300px\" \/><\/a>\n\t\t\t<\/dt><\/dl><br style=\"clear: both\" \/><dl class='gallery-item'>\n\t\t\t<dt class='gallery-icon landscape'>\n\t\t\t\t<a href='https:\/\/franciscanos.org.br\/noticias\/wp-content\/uploads\/2019\/11\/alverne-13.jpg'><img width=\"300\" height=\"300\" src=\"https:\/\/franciscanos.org.br\/noticias\/wp-content\/uploads\/2019\/11\/alverne-13-300x300.jpg\" class=\"attachment-thumbnail size-thumbnail\" alt=\"\" loading=\"lazy\" srcset=\"https:\/\/franciscanos.org.br\/noticias\/wp-content\/uploads\/2019\/11\/alverne-13-300x300.jpg 300w, https:\/\/franciscanos.org.br\/noticias\/wp-content\/uploads\/2019\/11\/alverne-13-100x100.jpg 100w, https:\/\/franciscanos.org.br\/noticias\/wp-content\/uploads\/2019\/11\/alverne-13-400x400.jpg 400w\" sizes=\"(max-width: 300px) 100vw, 300px\" \/><\/a>\n\t\t\t<\/dt><\/dl><dl class='gallery-item'>\n\t\t\t<dt class='gallery-icon landscape'>\n\t\t\t\t<a href='https:\/\/franciscanos.org.br\/noticias\/wp-content\/uploads\/2019\/11\/alverne-14.jpg'><img width=\"300\" height=\"300\" src=\"https:\/\/franciscanos.org.br\/noticias\/wp-content\/uploads\/2019\/11\/alverne-14-300x300.jpg\" class=\"attachment-thumbnail size-thumbnail\" alt=\"\" loading=\"lazy\" srcset=\"https:\/\/franciscanos.org.br\/noticias\/wp-content\/uploads\/2019\/11\/alverne-14-300x300.jpg 300w, https:\/\/franciscanos.org.br\/noticias\/wp-content\/uploads\/2019\/11\/alverne-14-100x100.jpg 100w, https:\/\/franciscanos.org.br\/noticias\/wp-content\/uploads\/2019\/11\/alverne-14-400x400.jpg 400w\" sizes=\"(max-width: 300px) 100vw, 300px\" \/><\/a>\n\t\t\t<\/dt><\/dl><dl class='gallery-item'>\n\t\t\t<dt class='gallery-icon landscape'>\n\t\t\t\t<a href='https:\/\/franciscanos.org.br\/noticias\/wp-content\/uploads\/2019\/11\/alverne-15.jpg'><img width=\"300\" height=\"300\" src=\"https:\/\/franciscanos.org.br\/noticias\/wp-content\/uploads\/2019\/11\/alverne-15-300x300.jpg\" class=\"attachment-thumbnail size-thumbnail\" alt=\"\" loading=\"lazy\" srcset=\"https:\/\/franciscanos.org.br\/noticias\/wp-content\/uploads\/2019\/11\/alverne-15-300x300.jpg 300w, https:\/\/franciscanos.org.br\/noticias\/wp-content\/uploads\/2019\/11\/alverne-15-100x100.jpg 100w, https:\/\/franciscanos.org.br\/noticias\/wp-content\/uploads\/2019\/11\/alverne-15-400x400.jpg 400w\" sizes=\"(max-width: 300px) 100vw, 300px\" \/><\/a>\n\t\t\t<\/dt><\/dl>\n\t\t\t<br style='clear: both' \/>\n\t\t<\/div>\n\n<p>&nbsp;<\/p>\n","protected":false},"excerpt":{"rendered":"<p>Alverne &#8211; Encontro de Forma\u00e7\u00e3o e Aprofundamento da Espiritualidade Franciscana<\/p>\n","protected":false},"author":3,"featured_media":214026,"comment_status":"open","ping_status":"open","sticky":false,"template":"","format":"standard","meta":[],"categories":[1],"tags":[923],"acf":[],"yoast_head":"<!-- This site is optimized with the Yoast SEO plugin v19.2 - https:\/\/yoast.com\/wordpress\/plugins\/seo\/ -->\n<title>Alverne: espiritualidade franciscana como caminho - Not\u00edcias - Franciscanos<\/title>\n<meta name=\"robots\" content=\"index, follow, max-snippet:-1, max-image-preview:large, max-video-preview:-1\" \/>\n<link rel=\"canonical\" href=\"https:\/\/franciscanos.org.br\/noticias\/alverne-espiritualidade-franciscana-como-caminho.html\" \/>\n<meta property=\"og:locale\" content=\"pt_BR\" \/>\n<meta property=\"og:type\" content=\"article\" \/>\n<meta property=\"og:title\" content=\"Alverne: espiritualidade franciscana como caminho - Not\u00edcias - Franciscanos\" \/>\n<meta property=\"og:description\" content=\"Alverne - Encontro de Forma\u00e7\u00e3o e Aprofundamento da Espiritualidade Franciscana\" \/>\n<meta property=\"og:url\" content=\"https:\/\/franciscanos.org.br\/noticias\/alverne-espiritualidade-franciscana-como-caminho.html\" \/>\n<meta property=\"og:site_name\" content=\"Not\u00edcias - Franciscanos\" \/>\n<meta property=\"article:published_time\" content=\"2019-11-19T10:03:20+00:00\" \/>\n<meta property=\"og:image\" content=\"https:\/\/franciscanos.org.br\/noticias\/wp-content\/uploads\/2019\/11\/alverne_1911_2.jpg\" \/>\n\t<meta property=\"og:image:width\" content=\"273\" \/>\n\t<meta property=\"og:image:height\" content=\"181\" \/>\n\t<meta property=\"og:image:type\" content=\"image\/jpeg\" \/>\n<meta name=\"author\" content=\"moacir\" \/>\n<meta name=\"twitter:card\" content=\"summary_large_image\" \/>\n<meta name=\"twitter:label1\" content=\"Escrito por\" \/>\n\t<meta name=\"twitter:data1\" content=\"moacir\" \/>\n\t<meta name=\"twitter:label2\" content=\"Est. tempo de leitura\" \/>\n\t<meta name=\"twitter:data2\" content=\"6 minutos\" \/>\n<script type=\"application\/ld+json\" class=\"yoast-schema-graph\">{\"@context\":\"https:\/\/schema.org\",\"@graph\":[{\"@type\":\"WebSite\",\"@id\":\"https:\/\/franciscanos.org.br\/noticias\/#website\",\"url\":\"https:\/\/franciscanos.org.br\/noticias\/\",\"name\":\"Not\u00edcias - Franciscanos\",\"description\":\"Prov\u00edncia Franciscana da Imaculada Concei\u00e7\u00e3o do Brasil - Ordem dos Frades Menores - OFM\",\"potentialAction\":[{\"@type\":\"SearchAction\",\"target\":{\"@type\":\"EntryPoint\",\"urlTemplate\":\"https:\/\/franciscanos.org.br\/noticias\/?s={search_term_string}\"},\"query-input\":\"required name=search_term_string\"}],\"inLanguage\":\"pt-BR\"},{\"@type\":\"ImageObject\",\"inLanguage\":\"pt-BR\",\"@id\":\"https:\/\/franciscanos.org.br\/noticias\/alverne-espiritualidade-franciscana-como-caminho.html#primaryimage\",\"url\":\"https:\/\/franciscanos.org.br\/noticias\/wp-content\/uploads\/2019\/11\/alverne_1911_2.jpg\",\"contentUrl\":\"https:\/\/franciscanos.org.br\/noticias\/wp-content\/uploads\/2019\/11\/alverne_1911_2.jpg\",\"width\":273,\"height\":181},{\"@type\":\"WebPage\",\"@id\":\"https:\/\/franciscanos.org.br\/noticias\/alverne-espiritualidade-franciscana-como-caminho.html#webpage\",\"url\":\"https:\/\/franciscanos.org.br\/noticias\/alverne-espiritualidade-franciscana-como-caminho.html\",\"name\":\"Alverne: espiritualidade franciscana como caminho - Not\u00edcias - Franciscanos\",\"isPartOf\":{\"@id\":\"https:\/\/franciscanos.org.br\/noticias\/#website\"},\"primaryImageOfPage\":{\"@id\":\"https:\/\/franciscanos.org.br\/noticias\/alverne-espiritualidade-franciscana-como-caminho.html#primaryimage\"},\"datePublished\":\"2019-11-19T10:03:20+00:00\",\"dateModified\":\"2019-11-19T10:03:20+00:00\",\"author\":{\"@id\":\"https:\/\/franciscanos.org.br\/noticias\/#\/schema\/person\/b5c8cba458c330ccff548b056e95a5d4\"},\"breadcrumb\":{\"@id\":\"https:\/\/franciscanos.org.br\/noticias\/alverne-espiritualidade-franciscana-como-caminho.html#breadcrumb\"},\"inLanguage\":\"pt-BR\",\"potentialAction\":[{\"@type\":\"ReadAction\",\"target\":[\"https:\/\/franciscanos.org.br\/noticias\/alverne-espiritualidade-franciscana-como-caminho.html\"]}]},{\"@type\":\"BreadcrumbList\",\"@id\":\"https:\/\/franciscanos.org.br\/noticias\/alverne-espiritualidade-franciscana-como-caminho.html#breadcrumb\",\"itemListElement\":[{\"@type\":\"ListItem\",\"position\":1,\"name\":\"Home\",\"item\":\"https:\/\/franciscanos.org.br\/noticias\"},{\"@type\":\"ListItem\",\"position\":2,\"name\":\"Alverne: espiritualidade franciscana como caminho\"}]},{\"@type\":\"Person\",\"@id\":\"https:\/\/franciscanos.org.br\/noticias\/#\/schema\/person\/b5c8cba458c330ccff548b056e95a5d4\",\"name\":\"moacir\",\"image\":{\"@type\":\"ImageObject\",\"inLanguage\":\"pt-BR\",\"@id\":\"https:\/\/franciscanos.org.br\/noticias\/#\/schema\/person\/image\/\",\"url\":\"https:\/\/secure.gravatar.com\/avatar\/d08aa2ce4c8dd416d4479aa8536fcf64?s=96&d=mm&r=g\",\"contentUrl\":\"https:\/\/secure.gravatar.com\/avatar\/d08aa2ce4c8dd416d4479aa8536fcf64?s=96&d=mm&r=g\",\"caption\":\"moacir\"},\"url\":\"https:\/\/franciscanos.org.br\/noticias\/author\/moacir\"}]}<\/script>\n<!-- \/ Yoast SEO plugin. -->","yoast_head_json":{"title":"Alverne: espiritualidade franciscana como caminho - Not\u00edcias - Franciscanos","robots":{"index":"index","follow":"follow","max-snippet":"max-snippet:-1","max-image-preview":"max-image-preview:large","max-video-preview":"max-video-preview:-1"},"canonical":"https:\/\/franciscanos.org.br\/noticias\/alverne-espiritualidade-franciscana-como-caminho.html","og_locale":"pt_BR","og_type":"article","og_title":"Alverne: espiritualidade franciscana como caminho - Not\u00edcias - Franciscanos","og_description":"Alverne - Encontro de Forma\u00e7\u00e3o e Aprofundamento da Espiritualidade Franciscana","og_url":"https:\/\/franciscanos.org.br\/noticias\/alverne-espiritualidade-franciscana-como-caminho.html","og_site_name":"Not\u00edcias - Franciscanos","article_published_time":"2019-11-19T10:03:20+00:00","og_image":[{"width":273,"height":181,"url":"https:\/\/franciscanos.org.br\/noticias\/wp-content\/uploads\/2019\/11\/alverne_1911_2.jpg","type":"image\/jpeg"}],"author":"moacir","twitter_card":"summary_large_image","twitter_misc":{"Escrito por":"moacir","Est. tempo de leitura":"6 minutos"},"schema":{"@context":"https:\/\/schema.org","@graph":[{"@type":"WebSite","@id":"https:\/\/franciscanos.org.br\/noticias\/#website","url":"https:\/\/franciscanos.org.br\/noticias\/","name":"Not\u00edcias - Franciscanos","description":"Prov\u00edncia Franciscana da Imaculada Concei\u00e7\u00e3o do Brasil - Ordem dos Frades Menores - OFM","potentialAction":[{"@type":"SearchAction","target":{"@type":"EntryPoint","urlTemplate":"https:\/\/franciscanos.org.br\/noticias\/?s={search_term_string}"},"query-input":"required name=search_term_string"}],"inLanguage":"pt-BR"},{"@type":"ImageObject","inLanguage":"pt-BR","@id":"https:\/\/franciscanos.org.br\/noticias\/alverne-espiritualidade-franciscana-como-caminho.html#primaryimage","url":"https:\/\/franciscanos.org.br\/noticias\/wp-content\/uploads\/2019\/11\/alverne_1911_2.jpg","contentUrl":"https:\/\/franciscanos.org.br\/noticias\/wp-content\/uploads\/2019\/11\/alverne_1911_2.jpg","width":273,"height":181},{"@type":"WebPage","@id":"https:\/\/franciscanos.org.br\/noticias\/alverne-espiritualidade-franciscana-como-caminho.html#webpage","url":"https:\/\/franciscanos.org.br\/noticias\/alverne-espiritualidade-franciscana-como-caminho.html","name":"Alverne: espiritualidade franciscana como caminho - Not\u00edcias - Franciscanos","isPartOf":{"@id":"https:\/\/franciscanos.org.br\/noticias\/#website"},"primaryImageOfPage":{"@id":"https:\/\/franciscanos.org.br\/noticias\/alverne-espiritualidade-franciscana-como-caminho.html#primaryimage"},"datePublished":"2019-11-19T10:03:20+00:00","dateModified":"2019-11-19T10:03:20+00:00","author":{"@id":"https:\/\/franciscanos.org.br\/noticias\/#\/schema\/person\/b5c8cba458c330ccff548b056e95a5d4"},"breadcrumb":{"@id":"https:\/\/franciscanos.org.br\/noticias\/alverne-espiritualidade-franciscana-como-caminho.html#breadcrumb"},"inLanguage":"pt-BR","potentialAction":[{"@type":"ReadAction","target":["https:\/\/franciscanos.org.br\/noticias\/alverne-espiritualidade-franciscana-como-caminho.html"]}]},{"@type":"BreadcrumbList","@id":"https:\/\/franciscanos.org.br\/noticias\/alverne-espiritualidade-franciscana-como-caminho.html#breadcrumb","itemListElement":[{"@type":"ListItem","position":1,"name":"Home","item":"https:\/\/franciscanos.org.br\/noticias"},{"@type":"ListItem","position":2,"name":"Alverne: espiritualidade franciscana como caminho"}]},{"@type":"Person","@id":"https:\/\/franciscanos.org.br\/noticias\/#\/schema\/person\/b5c8cba458c330ccff548b056e95a5d4","name":"moacir","image":{"@type":"ImageObject","inLanguage":"pt-BR","@id":"https:\/\/franciscanos.org.br\/noticias\/#\/schema\/person\/image\/","url":"https:\/\/secure.gravatar.com\/avatar\/d08aa2ce4c8dd416d4479aa8536fcf64?s=96&d=mm&r=g","contentUrl":"https:\/\/secure.gravatar.com\/avatar\/d08aa2ce4c8dd416d4479aa8536fcf64?s=96&d=mm&r=g","caption":"moacir"},"url":"https:\/\/franciscanos.org.br\/noticias\/author\/moacir"}]}},"_links":{"self":[{"href":"https:\/\/franciscanos.org.br\/noticias\/wp-json\/wp\/v2\/posts\/214005"}],"collection":[{"href":"https:\/\/franciscanos.org.br\/noticias\/wp-json\/wp\/v2\/posts"}],"about":[{"href":"https:\/\/franciscanos.org.br\/noticias\/wp-json\/wp\/v2\/types\/post"}],"author":[{"embeddable":true,"href":"https:\/\/franciscanos.org.br\/noticias\/wp-json\/wp\/v2\/users\/3"}],"replies":[{"embeddable":true,"href":"https:\/\/franciscanos.org.br\/noticias\/wp-json\/wp\/v2\/comments?post=214005"}],"version-history":[{"count":0,"href":"https:\/\/franciscanos.org.br\/noticias\/wp-json\/wp\/v2\/posts\/214005\/revisions"}],"wp:featuredmedia":[{"embeddable":true,"href":"https:\/\/franciscanos.org.br\/noticias\/wp-json\/wp\/v2\/media\/214026"}],"wp:attachment":[{"href":"https:\/\/franciscanos.org.br\/noticias\/wp-json\/wp\/v2\/media?parent=214005"}],"wp:term":[{"taxonomy":"category","embeddable":true,"href":"https:\/\/franciscanos.org.br\/noticias\/wp-json\/wp\/v2\/categories?post=214005"},{"taxonomy":"post_tag","embeddable":true,"href":"https:\/\/franciscanos.org.br\/noticias\/wp-json\/wp\/v2\/tags?post=214005"}],"curies":[{"name":"wp","href":"https:\/\/api.w.org\/{rel}","templated":true}]}}