{"id":214000,"date":"2019-11-18T12:01:29","date_gmt":"2019-11-18T15:01:29","guid":{"rendered":"https:\/\/franciscanos.org.br\/noticias\/?p=214000"},"modified":"2021-01-21T14:04:31","modified_gmt":"2021-01-21T17:04:31","slug":"educafro-denuncia-brasil-a-onu-por-genocidio-de-negros","status":"publish","type":"post","link":"https:\/\/franciscanos.org.br\/noticias\/educafro-denuncia-brasil-a-onu-por-genocidio-de-negros.html","title":{"rendered":"Educafro denuncia Brasil \u00e0 ONU por &#8220;genoc\u00eddio&#8221; de negros"},"content":{"rendered":"<div id=\"attachment_228059\" style=\"width: 431px\" class=\"wp-caption alignright\"><img aria-describedby=\"caption-attachment-228059\" loading=\"lazy\" class=\"wp-image-228059\" src=\"https:\/\/franciscanos.org.br\/noticias\/wp-content\/uploads\/2019\/11\/joao_pedro.jpg\" alt=\"\" width=\"421\" height=\"418\" srcset=\"https:\/\/franciscanos.org.br\/noticias\/wp-content\/uploads\/2019\/11\/joao_pedro.jpg 450w, https:\/\/franciscanos.org.br\/noticias\/wp-content\/uploads\/2019\/11\/joao_pedro-150x149.jpg 150w, https:\/\/franciscanos.org.br\/noticias\/wp-content\/uploads\/2019\/11\/joao_pedro-100x100.jpg 100w\" sizes=\"(max-width: 421px) 100vw, 421px\" \/><p id=\"caption-attachment-228059\" class=\"wp-caption-text\"><em>Jo\u00e3o Pedro, morto aos 14 anos (foto: arquivo pessoal)<\/em><\/p><\/div>\n<p>A ONG Educafro denunciou o Brasil \u00e0 Organiza\u00e7\u00e3o das Na\u00e7\u00f5es Unidas (ONU) e \u00e0 Corte Interamericana de Direitos Humanos (CIDH), afirmando que a pol\u00edtica de seguran\u00e7a p\u00fablica nacional gera um &#8220;genoc\u00eddio&#8221; da popula\u00e7\u00e3o negra.<\/p>\n<p>&#8220;A fim de que essas mortes n\u00e3o sejam devidamente apuradas, a legisla\u00e7\u00e3o brasileira \u00e9 conivente com o tratamento dispensado \u00e0 popula\u00e7\u00e3o negra&#8221;, afirmou o advogado Irapu\u00e3 Santana, consultor jur\u00eddico da Educafro e a autor da den\u00fancia. No texto, Santana tamb\u00e9m afirma que &#8220;h\u00e1 uma evidente quest\u00e3o racial&#8221; por tr\u00e1s disso, &#8220;tendo em vista que 75,5% dos homic\u00eddios ocorrem com pessoas negras&#8221;.<\/p>\n<p>A Educafro \u00e9 uma entidade sem fins lucrativos que prepara pessoas negras para ingressar nas universidades.<\/p>\n<p>As den\u00fancias pediram que os dois \u00f3rg\u00e3os internacionais solicitem ao governo brasileiro que &#8220;abandone imediatamente a pol\u00edtica de enfrentamento que tem gerado um verdadeiro genoc\u00eddio de sua popula\u00e7\u00e3o negra&#8221; e invista em intelig\u00eancia policial.<\/p>\n<p>A ONG criticou o governo federal, especialmente o pacote anticrime de Sergio Moro, e as gest\u00f5es de Wilson Witzel e Jo\u00e3o Doria.<\/p>\n<p>Frases de desrespeito aos direitos humanos dos dois governadores foram citadas: &#8220;A pol\u00edcia vai fazer o correto: vai mirar na cabecinha e\u2026 fogo&#8221;, de Witzel, e &#8220;Se o bandido reagir, ele vai para o cemit\u00e9rio&#8221;, de Doria.<\/p>\n","protected":false},"excerpt":{"rendered":"<p>Educafro<\/p>\n","protected":false},"author":3,"featured_media":228059,"comment_status":"open","ping_status":"open","sticky":false,"template":"","format":"standard","meta":[],"categories":[1],"tags":[996],"acf":[],"yoast_head":"<!-- This site is optimized with the Yoast SEO plugin v19.2 - https:\/\/yoast.com\/wordpress\/plugins\/seo\/ -->\n<title>Educafro denuncia Brasil \u00e0 ONU por &quot;genoc\u00eddio&quot; de negros - Not\u00edcias - Franciscanos<\/title>\n<meta name=\"robots\" content=\"index, follow, max-snippet:-1, max-image-preview:large, max-video-preview:-1\" \/>\n<link rel=\"canonical\" href=\"https:\/\/franciscanos.org.br\/noticias\/educafro-denuncia-brasil-a-onu-por-genocidio-de-negros.html\" \/>\n<meta property=\"og:locale\" content=\"pt_BR\" \/>\n<meta property=\"og:type\" content=\"article\" \/>\n<meta property=\"og:title\" content=\"Educafro denuncia Brasil \u00e0 ONU por &quot;genoc\u00eddio&quot; de negros - Not\u00edcias - Franciscanos\" \/>\n<meta property=\"og:description\" content=\"Educafro\" \/>\n<meta property=\"og:url\" content=\"https:\/\/franciscanos.org.br\/noticias\/educafro-denuncia-brasil-a-onu-por-genocidio-de-negros.html\" \/>\n<meta property=\"og:site_name\" content=\"Not\u00edcias - Franciscanos\" \/>\n<meta property=\"article:published_time\" content=\"2019-11-18T15:01:29+00:00\" \/>\n<meta property=\"article:modified_time\" content=\"2021-01-21T17:04:31+00:00\" \/>\n<meta property=\"og:image\" content=\"https:\/\/franciscanos.org.br\/noticias\/wp-content\/uploads\/2019\/11\/joao_pedro.jpg\" \/>\n\t<meta property=\"og:image:width\" content=\"450\" \/>\n\t<meta property=\"og:image:height\" content=\"447\" \/>\n\t<meta property=\"og:image:type\" content=\"image\/jpeg\" \/>\n<meta name=\"author\" content=\"moacir\" \/>\n<meta name=\"twitter:card\" content=\"summary_large_image\" \/>\n<meta name=\"twitter:label1\" content=\"Escrito por\" \/>\n\t<meta name=\"twitter:data1\" content=\"moacir\" \/>\n\t<meta name=\"twitter:label2\" content=\"Est. tempo de leitura\" \/>\n\t<meta name=\"twitter:data2\" content=\"1 minuto\" \/>\n<script type=\"application\/ld+json\" class=\"yoast-schema-graph\">{\"@context\":\"https:\/\/schema.org\",\"@graph\":[{\"@type\":\"WebSite\",\"@id\":\"https:\/\/franciscanos.org.br\/noticias\/#website\",\"url\":\"https:\/\/franciscanos.org.br\/noticias\/\",\"name\":\"Not\u00edcias - Franciscanos\",\"description\":\"Prov\u00edncia Franciscana da Imaculada Concei\u00e7\u00e3o do Brasil - Ordem dos Frades Menores - OFM\",\"potentialAction\":[{\"@type\":\"SearchAction\",\"target\":{\"@type\":\"EntryPoint\",\"urlTemplate\":\"https:\/\/franciscanos.org.br\/noticias\/?s={search_term_string}\"},\"query-input\":\"required name=search_term_string\"}],\"inLanguage\":\"pt-BR\"},{\"@type\":\"ImageObject\",\"inLanguage\":\"pt-BR\",\"@id\":\"https:\/\/franciscanos.org.br\/noticias\/educafro-denuncia-brasil-a-onu-por-genocidio-de-negros.html#primaryimage\",\"url\":\"https:\/\/franciscanos.org.br\/noticias\/wp-content\/uploads\/2019\/11\/joao_pedro.jpg\",\"contentUrl\":\"https:\/\/franciscanos.org.br\/noticias\/wp-content\/uploads\/2019\/11\/joao_pedro.jpg\",\"width\":450,\"height\":447},{\"@type\":\"WebPage\",\"@id\":\"https:\/\/franciscanos.org.br\/noticias\/educafro-denuncia-brasil-a-onu-por-genocidio-de-negros.html#webpage\",\"url\":\"https:\/\/franciscanos.org.br\/noticias\/educafro-denuncia-brasil-a-onu-por-genocidio-de-negros.html\",\"name\":\"Educafro denuncia Brasil \u00e0 ONU por \\\"genoc\u00eddio\\\" de negros - Not\u00edcias - Franciscanos\",\"isPartOf\":{\"@id\":\"https:\/\/franciscanos.org.br\/noticias\/#website\"},\"primaryImageOfPage\":{\"@id\":\"https:\/\/franciscanos.org.br\/noticias\/educafro-denuncia-brasil-a-onu-por-genocidio-de-negros.html#primaryimage\"},\"datePublished\":\"2019-11-18T15:01:29+00:00\",\"dateModified\":\"2021-01-21T17:04:31+00:00\",\"author\":{\"@id\":\"https:\/\/franciscanos.org.br\/noticias\/#\/schema\/person\/b5c8cba458c330ccff548b056e95a5d4\"},\"breadcrumb\":{\"@id\":\"https:\/\/franciscanos.org.br\/noticias\/educafro-denuncia-brasil-a-onu-por-genocidio-de-negros.html#breadcrumb\"},\"inLanguage\":\"pt-BR\",\"potentialAction\":[{\"@type\":\"ReadAction\",\"target\":[\"https:\/\/franciscanos.org.br\/noticias\/educafro-denuncia-brasil-a-onu-por-genocidio-de-negros.html\"]}]},{\"@type\":\"BreadcrumbList\",\"@id\":\"https:\/\/franciscanos.org.br\/noticias\/educafro-denuncia-brasil-a-onu-por-genocidio-de-negros.html#breadcrumb\",\"itemListElement\":[{\"@type\":\"ListItem\",\"position\":1,\"name\":\"Home\",\"item\":\"https:\/\/franciscanos.org.br\/noticias\"},{\"@type\":\"ListItem\",\"position\":2,\"name\":\"Educafro denuncia Brasil \u00e0 ONU por &#8220;genoc\u00eddio&#8221; de negros\"}]},{\"@type\":\"Person\",\"@id\":\"https:\/\/franciscanos.org.br\/noticias\/#\/schema\/person\/b5c8cba458c330ccff548b056e95a5d4\",\"name\":\"moacir\",\"image\":{\"@type\":\"ImageObject\",\"inLanguage\":\"pt-BR\",\"@id\":\"https:\/\/franciscanos.org.br\/noticias\/#\/schema\/person\/image\/\",\"url\":\"https:\/\/secure.gravatar.com\/avatar\/d08aa2ce4c8dd416d4479aa8536fcf64?s=96&d=mm&r=g\",\"contentUrl\":\"https:\/\/secure.gravatar.com\/avatar\/d08aa2ce4c8dd416d4479aa8536fcf64?s=96&d=mm&r=g\",\"caption\":\"moacir\"},\"url\":\"https:\/\/franciscanos.org.br\/noticias\/author\/moacir\"}]}<\/script>\n<!-- \/ Yoast SEO plugin. -->","yoast_head_json":{"title":"Educafro denuncia Brasil \u00e0 ONU por \"genoc\u00eddio\" de negros - Not\u00edcias - Franciscanos","robots":{"index":"index","follow":"follow","max-snippet":"max-snippet:-1","max-image-preview":"max-image-preview:large","max-video-preview":"max-video-preview:-1"},"canonical":"https:\/\/franciscanos.org.br\/noticias\/educafro-denuncia-brasil-a-onu-por-genocidio-de-negros.html","og_locale":"pt_BR","og_type":"article","og_title":"Educafro denuncia Brasil \u00e0 ONU por \"genoc\u00eddio\" de negros - Not\u00edcias - Franciscanos","og_description":"Educafro","og_url":"https:\/\/franciscanos.org.br\/noticias\/educafro-denuncia-brasil-a-onu-por-genocidio-de-negros.html","og_site_name":"Not\u00edcias - Franciscanos","article_published_time":"2019-11-18T15:01:29+00:00","article_modified_time":"2021-01-21T17:04:31+00:00","og_image":[{"width":450,"height":447,"url":"https:\/\/franciscanos.org.br\/noticias\/wp-content\/uploads\/2019\/11\/joao_pedro.jpg","type":"image\/jpeg"}],"author":"moacir","twitter_card":"summary_large_image","twitter_misc":{"Escrito por":"moacir","Est. tempo de leitura":"1 minuto"},"schema":{"@context":"https:\/\/schema.org","@graph":[{"@type":"WebSite","@id":"https:\/\/franciscanos.org.br\/noticias\/#website","url":"https:\/\/franciscanos.org.br\/noticias\/","name":"Not\u00edcias - Franciscanos","description":"Prov\u00edncia Franciscana da Imaculada Concei\u00e7\u00e3o do Brasil - Ordem dos Frades Menores - OFM","potentialAction":[{"@type":"SearchAction","target":{"@type":"EntryPoint","urlTemplate":"https:\/\/franciscanos.org.br\/noticias\/?s={search_term_string}"},"query-input":"required name=search_term_string"}],"inLanguage":"pt-BR"},{"@type":"ImageObject","inLanguage":"pt-BR","@id":"https:\/\/franciscanos.org.br\/noticias\/educafro-denuncia-brasil-a-onu-por-genocidio-de-negros.html#primaryimage","url":"https:\/\/franciscanos.org.br\/noticias\/wp-content\/uploads\/2019\/11\/joao_pedro.jpg","contentUrl":"https:\/\/franciscanos.org.br\/noticias\/wp-content\/uploads\/2019\/11\/joao_pedro.jpg","width":450,"height":447},{"@type":"WebPage","@id":"https:\/\/franciscanos.org.br\/noticias\/educafro-denuncia-brasil-a-onu-por-genocidio-de-negros.html#webpage","url":"https:\/\/franciscanos.org.br\/noticias\/educafro-denuncia-brasil-a-onu-por-genocidio-de-negros.html","name":"Educafro denuncia Brasil \u00e0 ONU por \"genoc\u00eddio\" de negros - Not\u00edcias - Franciscanos","isPartOf":{"@id":"https:\/\/franciscanos.org.br\/noticias\/#website"},"primaryImageOfPage":{"@id":"https:\/\/franciscanos.org.br\/noticias\/educafro-denuncia-brasil-a-onu-por-genocidio-de-negros.html#primaryimage"},"datePublished":"2019-11-18T15:01:29+00:00","dateModified":"2021-01-21T17:04:31+00:00","author":{"@id":"https:\/\/franciscanos.org.br\/noticias\/#\/schema\/person\/b5c8cba458c330ccff548b056e95a5d4"},"breadcrumb":{"@id":"https:\/\/franciscanos.org.br\/noticias\/educafro-denuncia-brasil-a-onu-por-genocidio-de-negros.html#breadcrumb"},"inLanguage":"pt-BR","potentialAction":[{"@type":"ReadAction","target":["https:\/\/franciscanos.org.br\/noticias\/educafro-denuncia-brasil-a-onu-por-genocidio-de-negros.html"]}]},{"@type":"BreadcrumbList","@id":"https:\/\/franciscanos.org.br\/noticias\/educafro-denuncia-brasil-a-onu-por-genocidio-de-negros.html#breadcrumb","itemListElement":[{"@type":"ListItem","position":1,"name":"Home","item":"https:\/\/franciscanos.org.br\/noticias"},{"@type":"ListItem","position":2,"name":"Educafro denuncia Brasil \u00e0 ONU por &#8220;genoc\u00eddio&#8221; de negros"}]},{"@type":"Person","@id":"https:\/\/franciscanos.org.br\/noticias\/#\/schema\/person\/b5c8cba458c330ccff548b056e95a5d4","name":"moacir","image":{"@type":"ImageObject","inLanguage":"pt-BR","@id":"https:\/\/franciscanos.org.br\/noticias\/#\/schema\/person\/image\/","url":"https:\/\/secure.gravatar.com\/avatar\/d08aa2ce4c8dd416d4479aa8536fcf64?s=96&d=mm&r=g","contentUrl":"https:\/\/secure.gravatar.com\/avatar\/d08aa2ce4c8dd416d4479aa8536fcf64?s=96&d=mm&r=g","caption":"moacir"},"url":"https:\/\/franciscanos.org.br\/noticias\/author\/moacir"}]}},"_links":{"self":[{"href":"https:\/\/franciscanos.org.br\/noticias\/wp-json\/wp\/v2\/posts\/214000"}],"collection":[{"href":"https:\/\/franciscanos.org.br\/noticias\/wp-json\/wp\/v2\/posts"}],"about":[{"href":"https:\/\/franciscanos.org.br\/noticias\/wp-json\/wp\/v2\/types\/post"}],"author":[{"embeddable":true,"href":"https:\/\/franciscanos.org.br\/noticias\/wp-json\/wp\/v2\/users\/3"}],"replies":[{"embeddable":true,"href":"https:\/\/franciscanos.org.br\/noticias\/wp-json\/wp\/v2\/comments?post=214000"}],"version-history":[{"count":5,"href":"https:\/\/franciscanos.org.br\/noticias\/wp-json\/wp\/v2\/posts\/214000\/revisions"}],"predecessor-version":[{"id":230523,"href":"https:\/\/franciscanos.org.br\/noticias\/wp-json\/wp\/v2\/posts\/214000\/revisions\/230523"}],"wp:featuredmedia":[{"embeddable":true,"href":"https:\/\/franciscanos.org.br\/noticias\/wp-json\/wp\/v2\/media\/228059"}],"wp:attachment":[{"href":"https:\/\/franciscanos.org.br\/noticias\/wp-json\/wp\/v2\/media?parent=214000"}],"wp:term":[{"taxonomy":"category","embeddable":true,"href":"https:\/\/franciscanos.org.br\/noticias\/wp-json\/wp\/v2\/categories?post=214000"},{"taxonomy":"post_tag","embeddable":true,"href":"https:\/\/franciscanos.org.br\/noticias\/wp-json\/wp\/v2\/tags?post=214000"}],"curies":[{"name":"wp","href":"https:\/\/api.w.org\/{rel}","templated":true}]}}