{"id":213965,"date":"2019-11-18T07:19:13","date_gmt":"2019-11-18T10:19:13","guid":{"rendered":"https:\/\/franciscanos.org.br\/noticias\/?p=213965"},"modified":"2019-11-18T07:19:13","modified_gmt":"2019-11-18T10:19:13","slug":"itf-francisco-o-sultao-e-o-papa-inspiracoes-para-uma-comunicacao-nao-violenta","status":"publish","type":"post","link":"https:\/\/franciscanos.org.br\/noticias\/itf-francisco-o-sultao-e-o-papa-inspiracoes-para-uma-comunicacao-nao-violenta.html","title":{"rendered":"ITF: Francisco, o Sult\u00e3o e o Papa &#8211; Inspira\u00e7\u00f5es para uma comunica\u00e7\u00e3o n\u00e3o violenta"},"content":{"rendered":"<p><img loading=\"lazy\" class=\"alignnone size-full wp-image-213966\" src=\"https:\/\/franciscanos.org.br\/noticias\/wp-content\/uploads\/2019\/11\/simposio.jpg\" alt=\"\" width=\"890\" height=\"1183\" srcset=\"https:\/\/franciscanos.org.br\/noticias\/wp-content\/uploads\/2019\/11\/simposio.jpg 813w, https:\/\/franciscanos.org.br\/noticias\/wp-content\/uploads\/2019\/11\/simposio-339x450.jpg 339w, https:\/\/franciscanos.org.br\/noticias\/wp-content\/uploads\/2019\/11\/simposio-768x1021.jpg 768w, https:\/\/franciscanos.org.br\/noticias\/wp-content\/uploads\/2019\/11\/simposio-770x1024.jpg 770w, https:\/\/franciscanos.org.br\/noticias\/wp-content\/uploads\/2019\/11\/simposio-150x199.jpg 150w\" sizes=\"(max-width: 890px) 100vw, 890px\" \/><br \/>\n<strong>T\u00f3picos abordados:<\/strong> O encontro de Francisco com o sult\u00e3o; Papa Francisco e a constru\u00e7\u00e3o do di\u00e1logo e da paz; por uma comunica\u00e7\u00e3o n\u00e3o violenta.<\/p>\n<p>Inscri\u00e7\u00e3o: Quem puder trazer como doa\u00e7\u00e3o itens para lanche de crian\u00e7as: biscoitos, bisnaguinhas, wafers, bombons (para o Projeto Gente Viva).<\/p>\n<p><strong>Programa\u00e7\u00e3o:<\/strong><br \/>\n19:00 &#8211; 20:15; apresenta\u00e7\u00e3o e exposi\u00e7\u00e3o de Frei Sandro Roberto da Costa;<br \/>\n20:15 &#8211; 21:10: apresenta\u00e7\u00e3o do Rafael Ludolf;<br \/>\n21:10-21:30: di\u00e1logo com o p\u00fablico<\/p>\n<p><strong>Palestrantes:<\/strong><\/p>\n<p><strong>Frei Sandro Roberto da Costa<\/strong><\/p>\n<p>Frei Sandro Roberto da Costa \u00e9 frade Franciscano, professor de Hist\u00f3ria do Cristianismo no Instituto Teol\u00f3gico Franciscano. Formado em Hist\u00f3ria da Igreja na Pontif\u00edcia Universidade Gregoriana, de Roma, trabalha na \u00e1rea de hist\u00f3ria do cristianismo, hist\u00f3ria da Ordem Franciscana e da Vida Religiosa em Geral. Tem v\u00e1rios artigos sobre o tema, al\u00e9m de dar cursos e palestras na \u00e1rea. \u00c9 o Redator da Revista Grande Sinal.<\/p>\n<p><strong>Rafael Van Erven Ludolf<\/strong><\/p>\n<p>Advogado. Membro das Comiss\u00f5es de Prote\u00e7\u00e3o e Defesa Animal da OAB RJ e Niter\u00f3i. Mestre em Sistema de Gest\u00e3o para a Sustentabilidade \u2013 UFF. P\u00f3s graduado em Direito do Consumidor e Responsabilidade Civil &#8211; UCAM. Escritor e Conferencista Esp\u00edrita. Coordenador de Doutrina e Secret\u00e1rio do Grupo Esp\u00edrita Servidores de Jesus em Niter\u00f3i.<\/p>\n<p>Inscri\u00e7\u00f5es pelo site do <strong><a href=\"https:\/\/www.itf.edu.br\/\">Instituto Teol\u00f3gico Franciscano<\/a><\/strong><\/p>\n","protected":false},"excerpt":{"rendered":"<p>Instituto Teol\u00f3gico Franciscano de Petr\u00f3polis<\/p>\n","protected":false},"author":3,"featured_media":213967,"comment_status":"open","ping_status":"open","sticky":false,"template":"","format":"standard","meta":[],"categories":[1],"tags":[189],"acf":[],"yoast_head":"<!-- This site is optimized with the Yoast SEO plugin v19.2 - https:\/\/yoast.com\/wordpress\/plugins\/seo\/ -->\n<title>ITF: Francisco, o Sult\u00e3o e o Papa - Inspira\u00e7\u00f5es para uma comunica\u00e7\u00e3o n\u00e3o violenta - Not\u00edcias - Franciscanos<\/title>\n<meta name=\"robots\" content=\"index, follow, max-snippet:-1, max-image-preview:large, max-video-preview:-1\" \/>\n<link rel=\"canonical\" href=\"https:\/\/franciscanos.org.br\/noticias\/itf-francisco-o-sultao-e-o-papa-inspiracoes-para-uma-comunicacao-nao-violenta.html\" \/>\n<meta property=\"og:locale\" content=\"pt_BR\" \/>\n<meta property=\"og:type\" content=\"article\" \/>\n<meta property=\"og:title\" content=\"ITF: Francisco, o Sult\u00e3o e o Papa - Inspira\u00e7\u00f5es para uma comunica\u00e7\u00e3o n\u00e3o violenta - Not\u00edcias - Franciscanos\" \/>\n<meta property=\"og:description\" content=\"Instituto Teol\u00f3gico Franciscano de Petr\u00f3polis\" \/>\n<meta property=\"og:url\" content=\"https:\/\/franciscanos.org.br\/noticias\/itf-francisco-o-sultao-e-o-papa-inspiracoes-para-uma-comunicacao-nao-violenta.html\" \/>\n<meta property=\"og:site_name\" content=\"Not\u00edcias - Franciscanos\" \/>\n<meta property=\"article:published_time\" content=\"2019-11-18T10:19:13+00:00\" \/>\n<meta property=\"og:image\" content=\"https:\/\/franciscanos.org.br\/noticias\/wp-content\/uploads\/2019\/11\/simposio_d.jpg\" \/>\n\t<meta property=\"og:image:width\" content=\"273\" \/>\n\t<meta property=\"og:image:height\" content=\"181\" \/>\n\t<meta property=\"og:image:type\" content=\"image\/jpeg\" \/>\n<meta name=\"author\" content=\"moacir\" \/>\n<meta name=\"twitter:card\" content=\"summary_large_image\" \/>\n<meta name=\"twitter:label1\" content=\"Escrito por\" \/>\n\t<meta name=\"twitter:data1\" content=\"moacir\" \/>\n\t<meta name=\"twitter:label2\" content=\"Est. tempo de leitura\" \/>\n\t<meta name=\"twitter:data2\" content=\"1 minuto\" \/>\n<script type=\"application\/ld+json\" class=\"yoast-schema-graph\">{\"@context\":\"https:\/\/schema.org\",\"@graph\":[{\"@type\":\"WebSite\",\"@id\":\"https:\/\/franciscanos.org.br\/noticias\/#website\",\"url\":\"https:\/\/franciscanos.org.br\/noticias\/\",\"name\":\"Not\u00edcias - Franciscanos\",\"description\":\"Prov\u00edncia Franciscana da Imaculada Concei\u00e7\u00e3o do Brasil - Ordem dos Frades Menores - OFM\",\"potentialAction\":[{\"@type\":\"SearchAction\",\"target\":{\"@type\":\"EntryPoint\",\"urlTemplate\":\"https:\/\/franciscanos.org.br\/noticias\/?s={search_term_string}\"},\"query-input\":\"required name=search_term_string\"}],\"inLanguage\":\"pt-BR\"},{\"@type\":\"ImageObject\",\"inLanguage\":\"pt-BR\",\"@id\":\"https:\/\/franciscanos.org.br\/noticias\/itf-francisco-o-sultao-e-o-papa-inspiracoes-para-uma-comunicacao-nao-violenta.html#primaryimage\",\"url\":\"https:\/\/franciscanos.org.br\/noticias\/wp-content\/uploads\/2019\/11\/simposio_d.jpg\",\"contentUrl\":\"https:\/\/franciscanos.org.br\/noticias\/wp-content\/uploads\/2019\/11\/simposio_d.jpg\",\"width\":273,\"height\":181},{\"@type\":\"WebPage\",\"@id\":\"https:\/\/franciscanos.org.br\/noticias\/itf-francisco-o-sultao-e-o-papa-inspiracoes-para-uma-comunicacao-nao-violenta.html#webpage\",\"url\":\"https:\/\/franciscanos.org.br\/noticias\/itf-francisco-o-sultao-e-o-papa-inspiracoes-para-uma-comunicacao-nao-violenta.html\",\"name\":\"ITF: Francisco, o Sult\u00e3o e o Papa - Inspira\u00e7\u00f5es para uma comunica\u00e7\u00e3o n\u00e3o violenta - Not\u00edcias - Franciscanos\",\"isPartOf\":{\"@id\":\"https:\/\/franciscanos.org.br\/noticias\/#website\"},\"primaryImageOfPage\":{\"@id\":\"https:\/\/franciscanos.org.br\/noticias\/itf-francisco-o-sultao-e-o-papa-inspiracoes-para-uma-comunicacao-nao-violenta.html#primaryimage\"},\"datePublished\":\"2019-11-18T10:19:13+00:00\",\"dateModified\":\"2019-11-18T10:19:13+00:00\",\"author\":{\"@id\":\"https:\/\/franciscanos.org.br\/noticias\/#\/schema\/person\/b5c8cba458c330ccff548b056e95a5d4\"},\"breadcrumb\":{\"@id\":\"https:\/\/franciscanos.org.br\/noticias\/itf-francisco-o-sultao-e-o-papa-inspiracoes-para-uma-comunicacao-nao-violenta.html#breadcrumb\"},\"inLanguage\":\"pt-BR\",\"potentialAction\":[{\"@type\":\"ReadAction\",\"target\":[\"https:\/\/franciscanos.org.br\/noticias\/itf-francisco-o-sultao-e-o-papa-inspiracoes-para-uma-comunicacao-nao-violenta.html\"]}]},{\"@type\":\"BreadcrumbList\",\"@id\":\"https:\/\/franciscanos.org.br\/noticias\/itf-francisco-o-sultao-e-o-papa-inspiracoes-para-uma-comunicacao-nao-violenta.html#breadcrumb\",\"itemListElement\":[{\"@type\":\"ListItem\",\"position\":1,\"name\":\"Home\",\"item\":\"https:\/\/franciscanos.org.br\/noticias\"},{\"@type\":\"ListItem\",\"position\":2,\"name\":\"ITF: Francisco, o Sult\u00e3o e o Papa &#8211; Inspira\u00e7\u00f5es para uma comunica\u00e7\u00e3o n\u00e3o violenta\"}]},{\"@type\":\"Person\",\"@id\":\"https:\/\/franciscanos.org.br\/noticias\/#\/schema\/person\/b5c8cba458c330ccff548b056e95a5d4\",\"name\":\"moacir\",\"image\":{\"@type\":\"ImageObject\",\"inLanguage\":\"pt-BR\",\"@id\":\"https:\/\/franciscanos.org.br\/noticias\/#\/schema\/person\/image\/\",\"url\":\"https:\/\/secure.gravatar.com\/avatar\/d08aa2ce4c8dd416d4479aa8536fcf64?s=96&d=mm&r=g\",\"contentUrl\":\"https:\/\/secure.gravatar.com\/avatar\/d08aa2ce4c8dd416d4479aa8536fcf64?s=96&d=mm&r=g\",\"caption\":\"moacir\"},\"url\":\"https:\/\/franciscanos.org.br\/noticias\/author\/moacir\"}]}<\/script>\n<!-- \/ Yoast SEO plugin. -->","yoast_head_json":{"title":"ITF: Francisco, o Sult\u00e3o e o Papa - Inspira\u00e7\u00f5es para uma comunica\u00e7\u00e3o n\u00e3o violenta - Not\u00edcias - Franciscanos","robots":{"index":"index","follow":"follow","max-snippet":"max-snippet:-1","max-image-preview":"max-image-preview:large","max-video-preview":"max-video-preview:-1"},"canonical":"https:\/\/franciscanos.org.br\/noticias\/itf-francisco-o-sultao-e-o-papa-inspiracoes-para-uma-comunicacao-nao-violenta.html","og_locale":"pt_BR","og_type":"article","og_title":"ITF: Francisco, o Sult\u00e3o e o Papa - Inspira\u00e7\u00f5es para uma comunica\u00e7\u00e3o n\u00e3o violenta - Not\u00edcias - Franciscanos","og_description":"Instituto Teol\u00f3gico Franciscano de Petr\u00f3polis","og_url":"https:\/\/franciscanos.org.br\/noticias\/itf-francisco-o-sultao-e-o-papa-inspiracoes-para-uma-comunicacao-nao-violenta.html","og_site_name":"Not\u00edcias - Franciscanos","article_published_time":"2019-11-18T10:19:13+00:00","og_image":[{"width":273,"height":181,"url":"https:\/\/franciscanos.org.br\/noticias\/wp-content\/uploads\/2019\/11\/simposio_d.jpg","type":"image\/jpeg"}],"author":"moacir","twitter_card":"summary_large_image","twitter_misc":{"Escrito por":"moacir","Est. tempo de leitura":"1 minuto"},"schema":{"@context":"https:\/\/schema.org","@graph":[{"@type":"WebSite","@id":"https:\/\/franciscanos.org.br\/noticias\/#website","url":"https:\/\/franciscanos.org.br\/noticias\/","name":"Not\u00edcias - Franciscanos","description":"Prov\u00edncia Franciscana da Imaculada Concei\u00e7\u00e3o do Brasil - Ordem dos Frades Menores - OFM","potentialAction":[{"@type":"SearchAction","target":{"@type":"EntryPoint","urlTemplate":"https:\/\/franciscanos.org.br\/noticias\/?s={search_term_string}"},"query-input":"required name=search_term_string"}],"inLanguage":"pt-BR"},{"@type":"ImageObject","inLanguage":"pt-BR","@id":"https:\/\/franciscanos.org.br\/noticias\/itf-francisco-o-sultao-e-o-papa-inspiracoes-para-uma-comunicacao-nao-violenta.html#primaryimage","url":"https:\/\/franciscanos.org.br\/noticias\/wp-content\/uploads\/2019\/11\/simposio_d.jpg","contentUrl":"https:\/\/franciscanos.org.br\/noticias\/wp-content\/uploads\/2019\/11\/simposio_d.jpg","width":273,"height":181},{"@type":"WebPage","@id":"https:\/\/franciscanos.org.br\/noticias\/itf-francisco-o-sultao-e-o-papa-inspiracoes-para-uma-comunicacao-nao-violenta.html#webpage","url":"https:\/\/franciscanos.org.br\/noticias\/itf-francisco-o-sultao-e-o-papa-inspiracoes-para-uma-comunicacao-nao-violenta.html","name":"ITF: Francisco, o Sult\u00e3o e o Papa - Inspira\u00e7\u00f5es para uma comunica\u00e7\u00e3o n\u00e3o violenta - Not\u00edcias - Franciscanos","isPartOf":{"@id":"https:\/\/franciscanos.org.br\/noticias\/#website"},"primaryImageOfPage":{"@id":"https:\/\/franciscanos.org.br\/noticias\/itf-francisco-o-sultao-e-o-papa-inspiracoes-para-uma-comunicacao-nao-violenta.html#primaryimage"},"datePublished":"2019-11-18T10:19:13+00:00","dateModified":"2019-11-18T10:19:13+00:00","author":{"@id":"https:\/\/franciscanos.org.br\/noticias\/#\/schema\/person\/b5c8cba458c330ccff548b056e95a5d4"},"breadcrumb":{"@id":"https:\/\/franciscanos.org.br\/noticias\/itf-francisco-o-sultao-e-o-papa-inspiracoes-para-uma-comunicacao-nao-violenta.html#breadcrumb"},"inLanguage":"pt-BR","potentialAction":[{"@type":"ReadAction","target":["https:\/\/franciscanos.org.br\/noticias\/itf-francisco-o-sultao-e-o-papa-inspiracoes-para-uma-comunicacao-nao-violenta.html"]}]},{"@type":"BreadcrumbList","@id":"https:\/\/franciscanos.org.br\/noticias\/itf-francisco-o-sultao-e-o-papa-inspiracoes-para-uma-comunicacao-nao-violenta.html#breadcrumb","itemListElement":[{"@type":"ListItem","position":1,"name":"Home","item":"https:\/\/franciscanos.org.br\/noticias"},{"@type":"ListItem","position":2,"name":"ITF: Francisco, o Sult\u00e3o e o Papa &#8211; Inspira\u00e7\u00f5es para uma comunica\u00e7\u00e3o n\u00e3o violenta"}]},{"@type":"Person","@id":"https:\/\/franciscanos.org.br\/noticias\/#\/schema\/person\/b5c8cba458c330ccff548b056e95a5d4","name":"moacir","image":{"@type":"ImageObject","inLanguage":"pt-BR","@id":"https:\/\/franciscanos.org.br\/noticias\/#\/schema\/person\/image\/","url":"https:\/\/secure.gravatar.com\/avatar\/d08aa2ce4c8dd416d4479aa8536fcf64?s=96&d=mm&r=g","contentUrl":"https:\/\/secure.gravatar.com\/avatar\/d08aa2ce4c8dd416d4479aa8536fcf64?s=96&d=mm&r=g","caption":"moacir"},"url":"https:\/\/franciscanos.org.br\/noticias\/author\/moacir"}]}},"_links":{"self":[{"href":"https:\/\/franciscanos.org.br\/noticias\/wp-json\/wp\/v2\/posts\/213965"}],"collection":[{"href":"https:\/\/franciscanos.org.br\/noticias\/wp-json\/wp\/v2\/posts"}],"about":[{"href":"https:\/\/franciscanos.org.br\/noticias\/wp-json\/wp\/v2\/types\/post"}],"author":[{"embeddable":true,"href":"https:\/\/franciscanos.org.br\/noticias\/wp-json\/wp\/v2\/users\/3"}],"replies":[{"embeddable":true,"href":"https:\/\/franciscanos.org.br\/noticias\/wp-json\/wp\/v2\/comments?post=213965"}],"version-history":[{"count":0,"href":"https:\/\/franciscanos.org.br\/noticias\/wp-json\/wp\/v2\/posts\/213965\/revisions"}],"wp:featuredmedia":[{"embeddable":true,"href":"https:\/\/franciscanos.org.br\/noticias\/wp-json\/wp\/v2\/media\/213967"}],"wp:attachment":[{"href":"https:\/\/franciscanos.org.br\/noticias\/wp-json\/wp\/v2\/media?parent=213965"}],"wp:term":[{"taxonomy":"category","embeddable":true,"href":"https:\/\/franciscanos.org.br\/noticias\/wp-json\/wp\/v2\/categories?post=213965"},{"taxonomy":"post_tag","embeddable":true,"href":"https:\/\/franciscanos.org.br\/noticias\/wp-json\/wp\/v2\/tags?post=213965"}],"curies":[{"name":"wp","href":"https:\/\/api.w.org\/{rel}","templated":true}]}}