{"id":213961,"date":"2019-11-18T07:01:41","date_gmt":"2019-11-18T10:01:41","guid":{"rendered":"https:\/\/franciscanos.org.br\/noticias\/?p=213961"},"modified":"2020-06-06T07:07:34","modified_gmt":"2020-06-06T10:07:34","slug":"almoco-com-os-pobres-e-mensagem-para-a-viagem-ao-japao","status":"publish","type":"post","link":"https:\/\/franciscanos.org.br\/noticias\/almoco-com-os-pobres-e-mensagem-para-a-viagem-ao-japao.html","title":{"rendered":"Almo\u00e7o com os pobres e mensagem para a viagem ao Jap\u00e3o"},"content":{"rendered":"<p><img loading=\"lazy\" class=\"alignnone size-full wp-image-213962\" src=\"https:\/\/franciscanos.org.br\/noticias\/wp-content\/uploads\/2019\/11\/papa_1811.jpg\" alt=\"\" width=\"890\" height=\"501\" srcset=\"https:\/\/franciscanos.org.br\/noticias\/wp-content\/uploads\/2019\/11\/papa_1811.jpg 890w, https:\/\/franciscanos.org.br\/noticias\/wp-content\/uploads\/2019\/11\/papa_1811-450x253.jpg 450w, https:\/\/franciscanos.org.br\/noticias\/wp-content\/uploads\/2019\/11\/papa_1811-768x432.jpg 768w, https:\/\/franciscanos.org.br\/noticias\/wp-content\/uploads\/2019\/11\/papa_1811-150x84.jpg 150w\" sizes=\"(max-width: 890px) 100vw, 890px\" \/><\/p>\n<p><strong>Cidade do Vaticano<\/strong> &#8211; As comemora\u00e7\u00f5es do 3\u00ba Dia Mundial dos Pobres iniciou neste domingo (17) com a Santa Missa na Bas\u00edlica Vaticana presidida pelo Santo Padre que contava com a presen\u00e7a de muitos deles.<\/p>\n<p>Na homilia, o Papa recordou que os pobres facilitam o nosso acesso ao C\u00e9u\u201d, e que devemos estar ao lado deles para aprender pois \u201cs\u00e3o preciosos aos olhos de Deus, porque n\u00e3o falam a linguagem do eu\u201d.<\/p>\n<p>Depois da Missa o Papa rezou o Angelus com os fi\u00e9is e peregrinos reunidos na Pra\u00e7a S\u00e3o Pedro, em um domingo com muita chuva, e depois do Angelus o Papa Francisco recordou: \u201cHoje celebramos o Dia Mundial dos Pobres, que tem como tema as palavras do salmo \u2018A esperan\u00e7a dos pobres jamais se frustrar\u00e1\u2019 (Sal 9, 19)\u201d.<\/p>\n<p>Em seguida fez os agradecimentos: \u201cA minha gratid\u00e3o vai para todos aqueles que, nas dioceses e par\u00f3quias de todo o mundo, promoveram iniciativas de solidariedade para dar esperan\u00e7a concreta \u00e0s pessoas mais desfavorecidas. Agrade\u00e7o aos m\u00e9dicos e enfermeiros que prestaram servi\u00e7o nestes dias no Posto de Sa\u00fade aqui na Pra\u00e7a S\u00e3o Pedro&#8221;.<\/p>\n<p>No final, o Papa pede ora\u00e7\u00f5es pela sua pr\u00f3xima viagem \u00e0 Tail\u00e2ndia e Jap\u00e3o que inicia na pr\u00f3xima ter\u00e7a-feira, dia 19 at\u00e9 o dia 26 de novembro.<\/p>\n<p>O Papa almo\u00e7ou na Sala Paulo VI com cerca de 1.500 pessoas necessitadas, para testemunhar tamb\u00e9m a &#8220;aten\u00e7\u00e3o que nunca deve faltar a estes nossos irm\u00e3os e irm\u00e3s\u201d.<\/p>\n<p>Ao chegar na Sala Paulo VI o Papa saudou os presentes: &#8220;Minhas boas-vindas a todos. Desejo que hoje o Senhor aben\u00e7oe a todos n\u00f3s: que Deus nos aben\u00e7oe nesta reuni\u00e3o de amigos, neste almo\u00e7o e tamb\u00e9m b\u00ean\u00e7\u00e3os \u00e0s suas fam\u00edlias. Que o Senhor aben\u00e7oe a todos. Obrigado e bom almo\u00e7o&#8221;<\/p>\n<p>O almo\u00e7o para os pobres foi servido por 50 volunt\u00e1rios e colaboradores de associa\u00e7\u00f5es de voluntariado. O menu oferecido pelo Papa era composto por: lasanha, picadinho de frango com creme de cogumelos, batata assada, sobremesa, frutas e caf\u00e9.<\/p>\n<hr \/>\n<h3>Mensagem do Papa antes de viajar para o Jap\u00e3o<\/h3>\n<p><em>Foi divulgada nesta segunda-feira (18) a mensagem em v\u00eddeo do Papa Francisco para a sua viagem ao Jap\u00e3o, que ter\u00e1 in\u00edcio no pr\u00f3ximo s\u00e1bado, 23 de novembro. Abaixo a mensagem na \u00edntegra!<\/em><\/p>\n<p style=\"padding-left: 40px;\">Queridos amigos:<\/p>\n<p style=\"padding-left: 40px;\">Enquanto preparo a minha pr\u00f3xima visita ao Jap\u00e3o, gostaria de dirigir-lhes estas palavras de amizade.<\/p>\n<p style=\"padding-left: 40px;\">O tema escolhido para a minha visita \u00e9 &#8220;Proteger toda a Vida&#8221;. Este forte instinto que ressoa em nosso cora\u00e7\u00e3o, de defender o valor e a dignidade de cada ser humano, adquire particular import\u00e2ncia diante das amea\u00e7as \u00e0 conviv\u00eancia pac\u00edfica que hoje o mundo deve enfrentar, especialmente nos conflitos armados.<\/p>\n<p style=\"padding-left: 40px;\">O seu pa\u00eds est\u00e1 ciente do sofrimento causado pela guerra. Junto com voc\u00eas, rezo para que o poder destrutivo das armas nucleares nunca mais volte a ocorrer na hist\u00f3ria da humanidade. Usar as armas nucleares \u00e9 imoral.<\/p>\n<p style=\"padding-left: 40px;\">Sabeis tamb\u00e9m como \u00e9 importante a cultura do di\u00e1logo, da fraternidade, especialmente entre as diversas tradi\u00e7\u00f5es religiosas, que podem ajudar a superar as divis\u00f5es, promover o respeito pela dignidade humana e avan\u00e7ar no desenvolvimento integral de todos os povos.<\/p>\n<p style=\"padding-left: 40px;\">Espero que a minha visita os encoraje no caminho do respeito m\u00fatuo e do encontro que conduz a uma paz segura, que dura no tempo, que n\u00e3o volta atr\u00e1s. A paz tem esta beleza que, quando \u00e9 real, n\u00e3o se retrai: a paz se defende com os dentes.<\/p>\n<p style=\"padding-left: 40px;\">Terei tamb\u00e9m a oportunidade de apreciar a grande beleza natural que caracteriza a sua na\u00e7\u00e3o e de expressar o desejo comum de promover, refor\u00e7ar a prote\u00e7\u00e3o daquela vida que inclui a terra, a nossa casa comum e que de modo t\u00e3o bonito a sua cultura simboliza com as cerejeiras em flor.<\/p>\n<p style=\"padding-left: 40px;\">Eu sei que h\u00e1 muitas pessoas que est\u00e3o trabalhando para preparar a visita, sinceramente obrigado por esse esfor\u00e7o. E com a esperan\u00e7a de que nestes dias em que estaremos juntos sejam ricos em gra\u00e7a e alegria, asseguro-lhes a minha ora\u00e7\u00e3o solid\u00e1ria, por todos e por cada um de voc\u00eas. E pe\u00e7o-lhes, por favor, que rezem tamb\u00e9m por mim. Muito obrigado.<\/p>\n<hr \/>\n<p><em>Fonte: Vatican News<\/em><\/p>\n","protected":false},"excerpt":{"rendered":"<p>Dia Mundial dos Pobres<\/p>\n","protected":false},"author":3,"featured_media":213963,"comment_status":"open","ping_status":"open","sticky":false,"template":"","format":"standard","meta":[],"categories":[1428],"tags":[1114],"acf":[],"yoast_head":"<!-- This site is optimized with the Yoast SEO plugin v19.2 - https:\/\/yoast.com\/wordpress\/plugins\/seo\/ -->\n<title>Almo\u00e7o com os pobres e mensagem para a viagem ao Jap\u00e3o - Not\u00edcias - Franciscanos<\/title>\n<meta name=\"robots\" content=\"index, follow, max-snippet:-1, max-image-preview:large, max-video-preview:-1\" \/>\n<link rel=\"canonical\" href=\"https:\/\/franciscanos.org.br\/noticias\/almoco-com-os-pobres-e-mensagem-para-a-viagem-ao-japao.html\" \/>\n<meta property=\"og:locale\" content=\"pt_BR\" \/>\n<meta property=\"og:type\" content=\"article\" \/>\n<meta property=\"og:title\" content=\"Almo\u00e7o com os pobres e mensagem para a viagem ao Jap\u00e3o - Not\u00edcias - Franciscanos\" \/>\n<meta property=\"og:description\" content=\"Dia Mundial dos Pobres\" \/>\n<meta property=\"og:url\" content=\"https:\/\/franciscanos.org.br\/noticias\/almoco-com-os-pobres-e-mensagem-para-a-viagem-ao-japao.html\" \/>\n<meta property=\"og:site_name\" content=\"Not\u00edcias - Franciscanos\" \/>\n<meta property=\"article:published_time\" content=\"2019-11-18T10:01:41+00:00\" \/>\n<meta property=\"article:modified_time\" content=\"2020-06-06T10:07:34+00:00\" \/>\n<meta property=\"og:image\" content=\"https:\/\/franciscanos.org.br\/noticias\/wp-content\/uploads\/2019\/11\/papa_1811d.jpg\" \/>\n\t<meta property=\"og:image:width\" content=\"273\" \/>\n\t<meta property=\"og:image:height\" content=\"181\" \/>\n\t<meta property=\"og:image:type\" content=\"image\/jpeg\" \/>\n<meta name=\"author\" content=\"moacir\" \/>\n<meta name=\"twitter:card\" content=\"summary_large_image\" \/>\n<meta name=\"twitter:label1\" content=\"Escrito por\" \/>\n\t<meta name=\"twitter:data1\" content=\"moacir\" \/>\n\t<meta name=\"twitter:label2\" content=\"Est. tempo de leitura\" \/>\n\t<meta name=\"twitter:data2\" content=\"4 minutos\" \/>\n<script type=\"application\/ld+json\" class=\"yoast-schema-graph\">{\"@context\":\"https:\/\/schema.org\",\"@graph\":[{\"@type\":\"WebSite\",\"@id\":\"https:\/\/franciscanos.org.br\/noticias\/#website\",\"url\":\"https:\/\/franciscanos.org.br\/noticias\/\",\"name\":\"Not\u00edcias - Franciscanos\",\"description\":\"Prov\u00edncia Franciscana da Imaculada Concei\u00e7\u00e3o do Brasil - Ordem dos Frades Menores - OFM\",\"potentialAction\":[{\"@type\":\"SearchAction\",\"target\":{\"@type\":\"EntryPoint\",\"urlTemplate\":\"https:\/\/franciscanos.org.br\/noticias\/?s={search_term_string}\"},\"query-input\":\"required name=search_term_string\"}],\"inLanguage\":\"pt-BR\"},{\"@type\":\"ImageObject\",\"inLanguage\":\"pt-BR\",\"@id\":\"https:\/\/franciscanos.org.br\/noticias\/almoco-com-os-pobres-e-mensagem-para-a-viagem-ao-japao.html#primaryimage\",\"url\":\"https:\/\/franciscanos.org.br\/noticias\/wp-content\/uploads\/2019\/11\/papa_1811d.jpg\",\"contentUrl\":\"https:\/\/franciscanos.org.br\/noticias\/wp-content\/uploads\/2019\/11\/papa_1811d.jpg\",\"width\":273,\"height\":181},{\"@type\":\"WebPage\",\"@id\":\"https:\/\/franciscanos.org.br\/noticias\/almoco-com-os-pobres-e-mensagem-para-a-viagem-ao-japao.html#webpage\",\"url\":\"https:\/\/franciscanos.org.br\/noticias\/almoco-com-os-pobres-e-mensagem-para-a-viagem-ao-japao.html\",\"name\":\"Almo\u00e7o com os pobres e mensagem para a viagem ao Jap\u00e3o - Not\u00edcias - Franciscanos\",\"isPartOf\":{\"@id\":\"https:\/\/franciscanos.org.br\/noticias\/#website\"},\"primaryImageOfPage\":{\"@id\":\"https:\/\/franciscanos.org.br\/noticias\/almoco-com-os-pobres-e-mensagem-para-a-viagem-ao-japao.html#primaryimage\"},\"datePublished\":\"2019-11-18T10:01:41+00:00\",\"dateModified\":\"2020-06-06T10:07:34+00:00\",\"author\":{\"@id\":\"https:\/\/franciscanos.org.br\/noticias\/#\/schema\/person\/b5c8cba458c330ccff548b056e95a5d4\"},\"breadcrumb\":{\"@id\":\"https:\/\/franciscanos.org.br\/noticias\/almoco-com-os-pobres-e-mensagem-para-a-viagem-ao-japao.html#breadcrumb\"},\"inLanguage\":\"pt-BR\",\"potentialAction\":[{\"@type\":\"ReadAction\",\"target\":[\"https:\/\/franciscanos.org.br\/noticias\/almoco-com-os-pobres-e-mensagem-para-a-viagem-ao-japao.html\"]}]},{\"@type\":\"BreadcrumbList\",\"@id\":\"https:\/\/franciscanos.org.br\/noticias\/almoco-com-os-pobres-e-mensagem-para-a-viagem-ao-japao.html#breadcrumb\",\"itemListElement\":[{\"@type\":\"ListItem\",\"position\":1,\"name\":\"Home\",\"item\":\"https:\/\/franciscanos.org.br\/noticias\"},{\"@type\":\"ListItem\",\"position\":2,\"name\":\"Almo\u00e7o com os pobres e mensagem para a viagem ao Jap\u00e3o\"}]},{\"@type\":\"Person\",\"@id\":\"https:\/\/franciscanos.org.br\/noticias\/#\/schema\/person\/b5c8cba458c330ccff548b056e95a5d4\",\"name\":\"moacir\",\"image\":{\"@type\":\"ImageObject\",\"inLanguage\":\"pt-BR\",\"@id\":\"https:\/\/franciscanos.org.br\/noticias\/#\/schema\/person\/image\/\",\"url\":\"https:\/\/secure.gravatar.com\/avatar\/d08aa2ce4c8dd416d4479aa8536fcf64?s=96&d=mm&r=g\",\"contentUrl\":\"https:\/\/secure.gravatar.com\/avatar\/d08aa2ce4c8dd416d4479aa8536fcf64?s=96&d=mm&r=g\",\"caption\":\"moacir\"},\"url\":\"https:\/\/franciscanos.org.br\/noticias\/author\/moacir\"}]}<\/script>\n<!-- \/ Yoast SEO plugin. -->","yoast_head_json":{"title":"Almo\u00e7o com os pobres e mensagem para a viagem ao Jap\u00e3o - Not\u00edcias - Franciscanos","robots":{"index":"index","follow":"follow","max-snippet":"max-snippet:-1","max-image-preview":"max-image-preview:large","max-video-preview":"max-video-preview:-1"},"canonical":"https:\/\/franciscanos.org.br\/noticias\/almoco-com-os-pobres-e-mensagem-para-a-viagem-ao-japao.html","og_locale":"pt_BR","og_type":"article","og_title":"Almo\u00e7o com os pobres e mensagem para a viagem ao Jap\u00e3o - Not\u00edcias - Franciscanos","og_description":"Dia Mundial dos Pobres","og_url":"https:\/\/franciscanos.org.br\/noticias\/almoco-com-os-pobres-e-mensagem-para-a-viagem-ao-japao.html","og_site_name":"Not\u00edcias - Franciscanos","article_published_time":"2019-11-18T10:01:41+00:00","article_modified_time":"2020-06-06T10:07:34+00:00","og_image":[{"width":273,"height":181,"url":"https:\/\/franciscanos.org.br\/noticias\/wp-content\/uploads\/2019\/11\/papa_1811d.jpg","type":"image\/jpeg"}],"author":"moacir","twitter_card":"summary_large_image","twitter_misc":{"Escrito por":"moacir","Est. tempo de leitura":"4 minutos"},"schema":{"@context":"https:\/\/schema.org","@graph":[{"@type":"WebSite","@id":"https:\/\/franciscanos.org.br\/noticias\/#website","url":"https:\/\/franciscanos.org.br\/noticias\/","name":"Not\u00edcias - Franciscanos","description":"Prov\u00edncia Franciscana da Imaculada Concei\u00e7\u00e3o do Brasil - Ordem dos Frades Menores - OFM","potentialAction":[{"@type":"SearchAction","target":{"@type":"EntryPoint","urlTemplate":"https:\/\/franciscanos.org.br\/noticias\/?s={search_term_string}"},"query-input":"required name=search_term_string"}],"inLanguage":"pt-BR"},{"@type":"ImageObject","inLanguage":"pt-BR","@id":"https:\/\/franciscanos.org.br\/noticias\/almoco-com-os-pobres-e-mensagem-para-a-viagem-ao-japao.html#primaryimage","url":"https:\/\/franciscanos.org.br\/noticias\/wp-content\/uploads\/2019\/11\/papa_1811d.jpg","contentUrl":"https:\/\/franciscanos.org.br\/noticias\/wp-content\/uploads\/2019\/11\/papa_1811d.jpg","width":273,"height":181},{"@type":"WebPage","@id":"https:\/\/franciscanos.org.br\/noticias\/almoco-com-os-pobres-e-mensagem-para-a-viagem-ao-japao.html#webpage","url":"https:\/\/franciscanos.org.br\/noticias\/almoco-com-os-pobres-e-mensagem-para-a-viagem-ao-japao.html","name":"Almo\u00e7o com os pobres e mensagem para a viagem ao Jap\u00e3o - Not\u00edcias - Franciscanos","isPartOf":{"@id":"https:\/\/franciscanos.org.br\/noticias\/#website"},"primaryImageOfPage":{"@id":"https:\/\/franciscanos.org.br\/noticias\/almoco-com-os-pobres-e-mensagem-para-a-viagem-ao-japao.html#primaryimage"},"datePublished":"2019-11-18T10:01:41+00:00","dateModified":"2020-06-06T10:07:34+00:00","author":{"@id":"https:\/\/franciscanos.org.br\/noticias\/#\/schema\/person\/b5c8cba458c330ccff548b056e95a5d4"},"breadcrumb":{"@id":"https:\/\/franciscanos.org.br\/noticias\/almoco-com-os-pobres-e-mensagem-para-a-viagem-ao-japao.html#breadcrumb"},"inLanguage":"pt-BR","potentialAction":[{"@type":"ReadAction","target":["https:\/\/franciscanos.org.br\/noticias\/almoco-com-os-pobres-e-mensagem-para-a-viagem-ao-japao.html"]}]},{"@type":"BreadcrumbList","@id":"https:\/\/franciscanos.org.br\/noticias\/almoco-com-os-pobres-e-mensagem-para-a-viagem-ao-japao.html#breadcrumb","itemListElement":[{"@type":"ListItem","position":1,"name":"Home","item":"https:\/\/franciscanos.org.br\/noticias"},{"@type":"ListItem","position":2,"name":"Almo\u00e7o com os pobres e mensagem para a viagem ao Jap\u00e3o"}]},{"@type":"Person","@id":"https:\/\/franciscanos.org.br\/noticias\/#\/schema\/person\/b5c8cba458c330ccff548b056e95a5d4","name":"moacir","image":{"@type":"ImageObject","inLanguage":"pt-BR","@id":"https:\/\/franciscanos.org.br\/noticias\/#\/schema\/person\/image\/","url":"https:\/\/secure.gravatar.com\/avatar\/d08aa2ce4c8dd416d4479aa8536fcf64?s=96&d=mm&r=g","contentUrl":"https:\/\/secure.gravatar.com\/avatar\/d08aa2ce4c8dd416d4479aa8536fcf64?s=96&d=mm&r=g","caption":"moacir"},"url":"https:\/\/franciscanos.org.br\/noticias\/author\/moacir"}]}},"_links":{"self":[{"href":"https:\/\/franciscanos.org.br\/noticias\/wp-json\/wp\/v2\/posts\/213961"}],"collection":[{"href":"https:\/\/franciscanos.org.br\/noticias\/wp-json\/wp\/v2\/posts"}],"about":[{"href":"https:\/\/franciscanos.org.br\/noticias\/wp-json\/wp\/v2\/types\/post"}],"author":[{"embeddable":true,"href":"https:\/\/franciscanos.org.br\/noticias\/wp-json\/wp\/v2\/users\/3"}],"replies":[{"embeddable":true,"href":"https:\/\/franciscanos.org.br\/noticias\/wp-json\/wp\/v2\/comments?post=213961"}],"version-history":[{"count":1,"href":"https:\/\/franciscanos.org.br\/noticias\/wp-json\/wp\/v2\/posts\/213961\/revisions"}],"predecessor-version":[{"id":224411,"href":"https:\/\/franciscanos.org.br\/noticias\/wp-json\/wp\/v2\/posts\/213961\/revisions\/224411"}],"wp:featuredmedia":[{"embeddable":true,"href":"https:\/\/franciscanos.org.br\/noticias\/wp-json\/wp\/v2\/media\/213963"}],"wp:attachment":[{"href":"https:\/\/franciscanos.org.br\/noticias\/wp-json\/wp\/v2\/media?parent=213961"}],"wp:term":[{"taxonomy":"category","embeddable":true,"href":"https:\/\/franciscanos.org.br\/noticias\/wp-json\/wp\/v2\/categories?post=213961"},{"taxonomy":"post_tag","embeddable":true,"href":"https:\/\/franciscanos.org.br\/noticias\/wp-json\/wp\/v2\/tags?post=213961"}],"curies":[{"name":"wp","href":"https:\/\/api.w.org\/{rel}","templated":true}]}}