{"id":213952,"date":"2019-11-17T07:34:32","date_gmt":"2019-11-17T10:34:32","guid":{"rendered":"https:\/\/franciscanos.org.br\/noticias\/?p=213952"},"modified":"2020-06-06T07:08:13","modified_gmt":"2020-06-06T10:08:13","slug":"papa-os-pobres-facilitam-o-acesso-ao-ceu","status":"publish","type":"post","link":"https:\/\/franciscanos.org.br\/noticias\/papa-os-pobres-facilitam-o-acesso-ao-ceu.html","title":{"rendered":"Papa: &#8220;Os pobres facilitam o acesso ao C\u00e9u&#8221;"},"content":{"rendered":"<p><img loading=\"lazy\" class=\"alignleft size-full wp-image-213953\" src=\"https:\/\/franciscanos.org.br\/noticias\/wp-content\/uploads\/2019\/11\/pobres_1711_3.jpg\" alt=\"\" width=\"890\" height=\"593\" srcset=\"https:\/\/franciscanos.org.br\/noticias\/wp-content\/uploads\/2019\/11\/pobres_1711_3.jpg 890w, https:\/\/franciscanos.org.br\/noticias\/wp-content\/uploads\/2019\/11\/pobres_1711_3-450x300.jpg 450w, https:\/\/franciscanos.org.br\/noticias\/wp-content\/uploads\/2019\/11\/pobres_1711_3-768x512.jpg 768w, https:\/\/franciscanos.org.br\/noticias\/wp-content\/uploads\/2019\/11\/pobres_1711_3-150x100.jpg 150w\" sizes=\"(max-width: 890px) 100vw, 890px\" \/><\/p>\n<p><strong>Cidade do Vaticano<\/strong> &#8211; Na manh\u00e3 deste domingo (17) o Papa Francisco celebrou na Bas\u00edlica de S\u00e3o Pedro a Missa comemorativa para o 3\u00ba Dia Mundial dos Pobres. Durante a homilia que tinha como tema a cita\u00e7\u00e3o de Lucas na qual algu\u00e9m elogiava a magnific\u00eancia do templo de Jerusal\u00e9m, e Jesus disse n\u00e3o ficar\u00e1 \u2018pedra sobre pedra\u2019 (Lc 21, 6), o Pont\u00edfice refletiu: \u201cPor que profetiza que este ponto firme, nas certezas do povo de Deus, cairia?\u201d.<\/p>\n<p><strong>Coisas pen\u00faltimas e coisas \u00faltimas<\/strong><br \/>\nA partir desse ponto o Papa disse: &#8220;Procuremos respostas nas palavras de Jesus. Ele nos diz que quase tudo passar\u00e1: quase tudo, mas n\u00e3o tudo\u201d. Segundo as palavras de Jesus \u201ca desmoronar-se, a passar s\u00e3o as coisas pen\u00faltimas, n\u00e3o as \u00faltimas: o templo, n\u00e3o Deus; os reinos e as vicissitudes da humanidade, n\u00e3o o homem\u201d.<\/p>\n<p>O Papa explica: \u201cResta o que n\u00e3o passar\u00e1 jamais: o Deus vivo, infinitamente maior do que qualquer templo que Lhe construamos, e o homem, o nosso pr\u00f3ximo\u201d.<\/p>\n<p>Em seguida, o Francisco fala sobre os enganos que nos fazem desviar de Jesus para n\u00e3o ficarmos nas \u201ccoisas pen\u00faltimas\u201d, e afirma: \u201cMas esta pressa este tudo e imediatamente n\u00e3o vem de Deus. Se nos afadigarmos pelo imediatamente, esqueceremos o que permanece para sempre: seguimos as nuvens que passam, e perdemos de vista o c\u00e9u\u201d. Pois \u201catra\u00eddos pelo \u00faltimo alarido, deixamos de encontrar tempo para Deus e para o irm\u00e3o que vive ao nosso lado\u201d.<\/p>\n<p><img loading=\"lazy\" class=\"alignnone size-full wp-image-213954\" src=\"https:\/\/franciscanos.org.br\/noticias\/wp-content\/uploads\/2019\/11\/pobres_1711.jpg\" alt=\"\" width=\"890\" height=\"501\" srcset=\"https:\/\/franciscanos.org.br\/noticias\/wp-content\/uploads\/2019\/11\/pobres_1711.jpg 890w, https:\/\/franciscanos.org.br\/noticias\/wp-content\/uploads\/2019\/11\/pobres_1711-450x253.jpg 450w, https:\/\/franciscanos.org.br\/noticias\/wp-content\/uploads\/2019\/11\/pobres_1711-768x432.jpg 768w, https:\/\/franciscanos.org.br\/noticias\/wp-content\/uploads\/2019\/11\/pobres_1711-150x84.jpg 150w\" sizes=\"(max-width: 890px) 100vw, 890px\" \/><\/p>\n<p><strong>Perseveran\u00e7a e tenta\u00e7\u00e3o do &#8220;eu&#8221;<\/strong><br \/>\nComo fazer para evitar? \u201cComo ant\u00eddoto \u00e0 pressa, Jesus prop\u00f5e-nos hoje a cada um a perseveran\u00e7a\u201d, e explica: \u201cA perseveran\u00e7a \u00e9 avan\u00e7ar dia a dia com os olhos fixos naquilo que n\u00e3o passa: o Senhor e o pr\u00f3ximo\u201d.<\/p>\n<p>Um segundo enganos que nos faz desviar de Jesus, diz o Papa \u201c\u00e9 a tenta\u00e7\u00e3o do eu. Ora o crist\u00e3o, dado que n\u00e3o procura o imediatamente mas o sempre, n\u00e3o \u00e9 um disc\u00edpulo do eu, mas do tu.\u201d<\/p>\n<p>Por\u00e9m, observa o pont\u00edfice: E como se distingue a voz de Jesus? \u2018Muitos vir\u00e3o em meu nome\u00bb\u2019: diz o Senhor. Mas n\u00e3o devemos segui-los\u201d. Temos que encontrar os que falam a mesma linguagem de Jesus: \u201cA linguagem do amor, a linguagem do tu. N\u00e3o fala a linguagem de Jesus quem diz eu, mas quem sai do pr\u00f3prio eu. Todavia quantas vezes, mesmo ao fazer o bem, reina a hipocrisia do eu: fa\u00e7o o bem, mas para ser considerado virtuoso; dou, mas para receber em troca; ajudo, mas para ganhar a amizade daquela pessoa importante. Isto \u00e9 falar a linguagem do eu\u201d.<\/p>\n<p>Recordando a todos como servir, o Papa recorda: \u201cOs pobres s\u00e3o preciosos aos olhos de Deus, porque n\u00e3o falam a linguagem do eu: n\u00e3o se aguentam sozinhos, com as pr\u00f3prias for\u00e7as, precisam de quem os tome pela m\u00e3o\u201d. Ent\u00e3o o Papa convida: \u201cQuando os ouvimos bater \u00e0 nossa portas, podemos receber o seu grito de ajuda como uma chamada para sair do nosso eu, aceit\u00e1-los com o mesmo olhar de amor que Deus tem por eles. Como seria bom se os pobres ocupassem no nosso cora\u00e7\u00e3o o lugar que t\u00eam no cora\u00e7\u00e3o de Deus!\u201d.<\/p>\n<p>Francisco finalizou sua homilia recordando mais uma vez \u201cOs pobres facilitam-nos o acesso ao C\u00e9u: \u00e9 por isso que o sentido da f\u00e9 do povo de Deus os viu como os porteiros do C\u00e9u. J\u00e1 desde agora, s\u00e3o o nosso tesouro, o tesouro da Igreja\u201d.<\/p>\n<p><img loading=\"lazy\" class=\"alignnone size-full wp-image-213955\" src=\"https:\/\/franciscanos.org.br\/noticias\/wp-content\/uploads\/2019\/11\/pobres_1711_2.jpg\" alt=\"\" width=\"890\" height=\"501\" srcset=\"https:\/\/franciscanos.org.br\/noticias\/wp-content\/uploads\/2019\/11\/pobres_1711_2.jpg 890w, https:\/\/franciscanos.org.br\/noticias\/wp-content\/uploads\/2019\/11\/pobres_1711_2-450x253.jpg 450w, https:\/\/franciscanos.org.br\/noticias\/wp-content\/uploads\/2019\/11\/pobres_1711_2-768x432.jpg 768w, https:\/\/franciscanos.org.br\/noticias\/wp-content\/uploads\/2019\/11\/pobres_1711_2-150x84.jpg 150w\" sizes=\"(max-width: 890px) 100vw, 890px\" \/><\/p>\n<hr \/>\n<p><strong>\u00cdNTEGRA DA HOMILIA DO PAPA FRANCISCO<\/strong><\/p>\n<p><strong>DIA MUNDIAL DOS POBRES<\/strong><\/p>\n<p><strong>XXXIII Domingo do Tempo Comum, 17 de novembro de 2019<\/strong><\/p>\n<p>Hoje, no Evangelho, Jesus deixa os seus contempor\u00e2neos, e n\u00f3s tamb\u00e9m, surpreendidos; precisamente no momento em que algu\u00e9m elogiava a magnific\u00eancia do templo de Jerusal\u00e9m, diz Ele que n\u00e3o ficar\u00e1 \u00abpedra sobre pedra\u00bb (Lc 21, 6). Por que profere tais palavras sobre institui\u00e7\u00e3o t\u00e3o sagrada, que n\u00e3o era apenas um edif\u00edcio, mas um sinal religioso \u00fanico, uma casa para Deus e para o povo crente? Por que profetiza que este ponto firme, nas certezas do povo de Deus, cairia? Por que deixa o Senhor que, no fim, se desmoronem as certezas, enquanto o mundo est\u00e1 cada vez mais carecido delas?<\/p>\n<p>Procuremos respostas nas palavras de Jesus. Hoje diz-nos Ele que quase tudo passar\u00e1: quase tudo, mas n\u00e3o tudo. Neste pen\u00faltimo domingo do Tempo Comum, explica que, a desmoronar-se, a passar s\u00e3o as coisas pen\u00faltimas, n\u00e3o as \u00faltimas: o templo, n\u00e3o Deus; os reinos e as vicissitudes da humanidade, n\u00e3o o homem. Passam as coisas pen\u00faltimas, que muitas vezes parecem definitivas, mas n\u00e3o s\u00e3o. S\u00e3o realidades grandiosas, como os nossos templos, e pavorosas, como terremotos, sinais no c\u00e9u e guerras na terra (cf. 21, 10-11): a nossos olhos parecem acontecimentos de primeira p\u00e1gina, mas o Senhor coloca-os na segunda p\u00e1gina. Na primeira, resta o que n\u00e3o passar\u00e1 jamais: o Deus vivo, infinitamente maior do que qualquer templo que Lhe construamos, e o homem, o nosso pr\u00f3ximo, que vale mais do que dizem todas as cr\u00f4nicas do mundo. Ent\u00e3o, para nos ajudar a compreender aquilo que conta na vida, Jesus acautela-nos de duas tenta\u00e7\u00f5es.<\/p>\n<p><img loading=\"lazy\" class=\"alignnone size-full wp-image-213956\" src=\"https:\/\/franciscanos.org.br\/noticias\/wp-content\/uploads\/2019\/11\/pobres_1711_1.jpg\" alt=\"\" width=\"890\" height=\"501\" srcset=\"https:\/\/franciscanos.org.br\/noticias\/wp-content\/uploads\/2019\/11\/pobres_1711_1.jpg 890w, https:\/\/franciscanos.org.br\/noticias\/wp-content\/uploads\/2019\/11\/pobres_1711_1-450x253.jpg 450w, https:\/\/franciscanos.org.br\/noticias\/wp-content\/uploads\/2019\/11\/pobres_1711_1-768x432.jpg 768w, https:\/\/franciscanos.org.br\/noticias\/wp-content\/uploads\/2019\/11\/pobres_1711_1-150x84.jpg 150w\" sizes=\"(max-width: 890px) 100vw, 890px\" \/><\/p>\n<p>A primeira \u00e9 a tenta\u00e7\u00e3o da pressa, do imediatamente. Para Jesus, n\u00e3o \u00e9 preciso ir atr\u00e1s daqueles que dizem que o fim chega imediatamente, que \u00abo tempo est\u00e1 pr\u00f3ximo\u00bb (21, 8). Por outras palavras, n\u00e3o se devem seguir aqueles que difundem alarmismos e alimentam o medo do outro e do futuro, porque o medo paralisa o cora\u00e7\u00e3o e a mente. E, no entanto, quantas vezes nos deixamos seduzir pela pressa de querer saber tudo e imediatamente, pelo prurido da curiosidade, pela \u00faltima not\u00edcia clamorosa ou escandalosa, pelas cr\u00f4nicas morbosas, pela gritaria daqueles que berram mais alto e mais enraivecidos, por quem diz \u00abagora ou nunca mais\u00bb. Mas esta pressa, este tudo e imediatamente n\u00e3o vem de Deus. Se nos afadigarmos pelo imediatamente, esqueceremos o que permanece para sempre: seguimos as nuvens que passam, e perdemos de vista o c\u00e9u. Atra\u00eddos pelo \u00faltimo alarido, deixamos de encontrar tempo para Deus e para o irm\u00e3o que vive ao nosso lado. Como tudo isto \u00e9 verdade hoje! Com a mania de correr, de dominar tudo e imediatamente, incomoda-nos quem fica para tr\u00e1s; e consideramo-lo descart\u00e1vel. Quantos idosos, nascituros, pessoas com defici\u00eancia, pobres\u2026 considerados in\u00fateis! Vamos com pressa, sem nos preocuparmos que aumentem os desn\u00edveis, que a gan\u00e2ncia de poucos aumente a pobreza de muitos.<\/p>\n<p>Como ant\u00eddoto \u00e0 pressa, Jesus prop\u00f5e-nos hoje a cada um a perseveran\u00e7a: \u00abpela vossa const\u00e2ncia \u00e9 que sereis salvos\u00bb (21, 19). A perseveran\u00e7a \u00e9 avan\u00e7ar dia a dia com os olhos fixos naquilo que n\u00e3o passa: o Senhor e o pr\u00f3ximo. Por isso mesmo, a perseveran\u00e7a \u00e9 o dom de Deus com que se conservam todos os outros dons d\u2019Ele (cf. Santo Agostinho, De dono perseverantiae, 2, 4). Para cada um de n\u00f3s e para n\u00f3s como Igreja, pe\u00e7amos a gra\u00e7a de perseverar no bem, de n\u00e3o perder de vista aquilo que conta.<\/p>\n<p><img loading=\"lazy\" class=\"alignnone size-full wp-image-213957\" src=\"https:\/\/franciscanos.org.br\/noticias\/wp-content\/uploads\/2019\/11\/pobres_1711_4.jpg\" alt=\"\" width=\"890\" height=\"593\" srcset=\"https:\/\/franciscanos.org.br\/noticias\/wp-content\/uploads\/2019\/11\/pobres_1711_4.jpg 890w, https:\/\/franciscanos.org.br\/noticias\/wp-content\/uploads\/2019\/11\/pobres_1711_4-450x300.jpg 450w, https:\/\/franciscanos.org.br\/noticias\/wp-content\/uploads\/2019\/11\/pobres_1711_4-768x512.jpg 768w, https:\/\/franciscanos.org.br\/noticias\/wp-content\/uploads\/2019\/11\/pobres_1711_4-150x100.jpg 150w\" sizes=\"(max-width: 890px) 100vw, 890px\" \/><\/p>\n<p>H\u00e1 um segundo engano de que nos quer desviar Jesus, quando afirma: \u00abMuitos vir\u00e3o em meu nome, dizendo \u201csou eu\u201d. (\u2026) N\u00e3o os sigais\u00bb (21, 8). \u00c9 a tenta\u00e7\u00e3o do eu. Ora o crist\u00e3o, dado que n\u00e3o procura o imediatamente mas o sempre, n\u00e3o \u00e9 um disc\u00edpulo do eu, mas do tu. Isto \u00e9, n\u00e3o segue as sereias dos seus caprichos, mas a solicita\u00e7\u00e3o do amor, a voz de Jesus. E como se distingue a voz de Jesus? \u00abMuitos vir\u00e3o em meu nome\u00bb: diz o Senhor. Mas n\u00e3o devemos segui-los. N\u00e3o \u00e9 suficiente ter o r\u00f3tulo de \u00abcrist\u00e3o\u00bb ou de \u00abcat\u00f3lico\u00bb para ser de Jesus. \u00c9 preciso falar a mesma linguagem de Jesus: a linguagem do amor, a linguagem do tu. N\u00e3o fala a linguagem de Jesus quem diz eu, mas quem sai do pr\u00f3prio eu. Todavia quantas vezes, mesmo ao fazer o bem, reina a hipocrisia do eu: fa\u00e7o o bem, mas para ser considerado virtuoso; dou, mas para receber em troca; ajudo, mas para ganhar a amizade daquela pessoa importante. Isto \u00e9 falar a linguagem do eu. Ao contr\u00e1rio, a Palavra de Deus incita-nos a um amor n\u00e3o hip\u00f3crita (cf. Rm 12, 9), a dar \u00e0queles que n\u00e3o t\u00eam nada para restituir (cf. Lc 14, 14), a servir sem procurar recompensas nem retribui\u00e7\u00f5es (cf. Lc 6, 35). Ent\u00e3o ponhamo-nos a quest\u00e3o: Eu ajudo algu\u00e9m, de quem nada poderei receber? Eu, crist\u00e3o, tenho ao menos um pobre por amigo?<\/p>\n<p>Os pobres s\u00e3o preciosos aos olhos de Deus, porque n\u00e3o falam a linguagem do eu: n\u00e3o se aguentam sozinhos, com as pr\u00f3prias for\u00e7as, precisam de quem os tome pela m\u00e3o. Lembram-nos que o Evangelho se vive assim, como mendigos voltados para Deus. A presen\u00e7a dos pobres leva-nos de volta \u00e0 aragem do Evangelho, onde s\u00e3o bem-aventurados os pobres em esp\u00edrito (cf. Mt 5, 3). Ent\u00e3o, em vez de sentir aborrecimento, quando os ouvimos bater \u00e0 nossa portas, podemos receber o seu grito de ajuda como uma chamada para sair do nosso eu, aceit\u00e1-los com o mesmo olhar de amor que Deus tem por eles. Como seria bom se os pobres ocupassem no nosso cora\u00e7\u00e3o o lugar que t\u00eam no cora\u00e7\u00e3o de Deus! Quando estamos com os pobres, quando servimos os pobres, aprendemos os gostos de Jesus, compreendemos o que permanece e o que passa.<\/p>\n<p><img loading=\"lazy\" class=\"alignnone size-full wp-image-213958\" src=\"https:\/\/franciscanos.org.br\/noticias\/wp-content\/uploads\/2019\/11\/pobres_1711_5.jpg\" alt=\"\" width=\"890\" height=\"593\" srcset=\"https:\/\/franciscanos.org.br\/noticias\/wp-content\/uploads\/2019\/11\/pobres_1711_5.jpg 890w, https:\/\/franciscanos.org.br\/noticias\/wp-content\/uploads\/2019\/11\/pobres_1711_5-450x300.jpg 450w, https:\/\/franciscanos.org.br\/noticias\/wp-content\/uploads\/2019\/11\/pobres_1711_5-768x512.jpg 768w, https:\/\/franciscanos.org.br\/noticias\/wp-content\/uploads\/2019\/11\/pobres_1711_5-150x100.jpg 150w\" sizes=\"(max-width: 890px) 100vw, 890px\" \/><\/p>\n<p>E assim voltamos \u00e0s perguntas iniciais. No meio de tantas coisas pen\u00faltimas, que passam, o Senhor quer lembrar-nos hoje a coisa \u00faltima, que permanecer\u00e1 para sempre: o amor, porque \u00abDeus \u00e9 amor\u00bb (1 Jo 4, 8), e o pobre que pede o meu amor leva-me diretamente a Ele. Os pobres facilitam-nos o acesso ao C\u00e9u: \u00e9 por isso que o sentido da f\u00e9 do povo de Deus os viu como os porteiros do C\u00e9u. J\u00e1 desde agora, s\u00e3o o nosso tesouro, o tesouro da Igreja. Com efeito, desvendam-nos a riqueza que jamais envelhece, a riqueza que une terra e C\u00e9u e para a qual verdadeiramente vale a pena viver: o amor.<\/p>\n<hr \/>\n<p><em>Fonte: Vatican News<\/em><\/p>\n","protected":false},"excerpt":{"rendered":"<p>Santa Missa no Dia Mundial dos Pobres<\/p>\n","protected":false},"author":3,"featured_media":213959,"comment_status":"open","ping_status":"open","sticky":false,"template":"","format":"standard","meta":[],"categories":[1428],"tags":[1114],"acf":[],"yoast_head":"<!-- This site is optimized with the Yoast SEO plugin v19.2 - https:\/\/yoast.com\/wordpress\/plugins\/seo\/ -->\n<title>Papa: &quot;Os pobres facilitam o acesso ao C\u00e9u&quot; - Not\u00edcias - Franciscanos<\/title>\n<meta name=\"robots\" content=\"index, follow, max-snippet:-1, max-image-preview:large, max-video-preview:-1\" \/>\n<link rel=\"canonical\" href=\"https:\/\/franciscanos.org.br\/noticias\/papa-os-pobres-facilitam-o-acesso-ao-ceu.html\" \/>\n<meta property=\"og:locale\" content=\"pt_BR\" \/>\n<meta property=\"og:type\" content=\"article\" \/>\n<meta property=\"og:title\" content=\"Papa: &quot;Os pobres facilitam o acesso ao C\u00e9u&quot; - Not\u00edcias - Franciscanos\" \/>\n<meta property=\"og:description\" content=\"Santa Missa no Dia Mundial dos Pobres\" \/>\n<meta property=\"og:url\" content=\"https:\/\/franciscanos.org.br\/noticias\/papa-os-pobres-facilitam-o-acesso-ao-ceu.html\" \/>\n<meta property=\"og:site_name\" content=\"Not\u00edcias - Franciscanos\" \/>\n<meta property=\"article:published_time\" content=\"2019-11-17T10:34:32+00:00\" \/>\n<meta property=\"article:modified_time\" content=\"2020-06-06T10:08:13+00:00\" \/>\n<meta property=\"og:image\" content=\"https:\/\/franciscanos.org.br\/noticias\/wp-content\/uploads\/2019\/11\/pobres_1711_3d.jpg\" \/>\n\t<meta property=\"og:image:width\" content=\"273\" \/>\n\t<meta property=\"og:image:height\" content=\"181\" \/>\n\t<meta property=\"og:image:type\" content=\"image\/jpeg\" \/>\n<meta name=\"author\" content=\"moacir\" \/>\n<meta name=\"twitter:card\" content=\"summary_large_image\" \/>\n<meta name=\"twitter:label1\" content=\"Escrito por\" \/>\n\t<meta name=\"twitter:data1\" content=\"moacir\" \/>\n\t<meta name=\"twitter:label2\" content=\"Est. tempo de leitura\" \/>\n\t<meta name=\"twitter:data2\" content=\"9 minutos\" \/>\n<script type=\"application\/ld+json\" class=\"yoast-schema-graph\">{\"@context\":\"https:\/\/schema.org\",\"@graph\":[{\"@type\":\"WebSite\",\"@id\":\"https:\/\/franciscanos.org.br\/noticias\/#website\",\"url\":\"https:\/\/franciscanos.org.br\/noticias\/\",\"name\":\"Not\u00edcias - Franciscanos\",\"description\":\"Prov\u00edncia Franciscana da Imaculada Concei\u00e7\u00e3o do Brasil - Ordem dos Frades Menores - OFM\",\"potentialAction\":[{\"@type\":\"SearchAction\",\"target\":{\"@type\":\"EntryPoint\",\"urlTemplate\":\"https:\/\/franciscanos.org.br\/noticias\/?s={search_term_string}\"},\"query-input\":\"required name=search_term_string\"}],\"inLanguage\":\"pt-BR\"},{\"@type\":\"ImageObject\",\"inLanguage\":\"pt-BR\",\"@id\":\"https:\/\/franciscanos.org.br\/noticias\/papa-os-pobres-facilitam-o-acesso-ao-ceu.html#primaryimage\",\"url\":\"https:\/\/franciscanos.org.br\/noticias\/wp-content\/uploads\/2019\/11\/pobres_1711_3d.jpg\",\"contentUrl\":\"https:\/\/franciscanos.org.br\/noticias\/wp-content\/uploads\/2019\/11\/pobres_1711_3d.jpg\",\"width\":273,\"height\":181},{\"@type\":\"WebPage\",\"@id\":\"https:\/\/franciscanos.org.br\/noticias\/papa-os-pobres-facilitam-o-acesso-ao-ceu.html#webpage\",\"url\":\"https:\/\/franciscanos.org.br\/noticias\/papa-os-pobres-facilitam-o-acesso-ao-ceu.html\",\"name\":\"Papa: \\\"Os pobres facilitam o acesso ao C\u00e9u\\\" - Not\u00edcias - Franciscanos\",\"isPartOf\":{\"@id\":\"https:\/\/franciscanos.org.br\/noticias\/#website\"},\"primaryImageOfPage\":{\"@id\":\"https:\/\/franciscanos.org.br\/noticias\/papa-os-pobres-facilitam-o-acesso-ao-ceu.html#primaryimage\"},\"datePublished\":\"2019-11-17T10:34:32+00:00\",\"dateModified\":\"2020-06-06T10:08:13+00:00\",\"author\":{\"@id\":\"https:\/\/franciscanos.org.br\/noticias\/#\/schema\/person\/b5c8cba458c330ccff548b056e95a5d4\"},\"breadcrumb\":{\"@id\":\"https:\/\/franciscanos.org.br\/noticias\/papa-os-pobres-facilitam-o-acesso-ao-ceu.html#breadcrumb\"},\"inLanguage\":\"pt-BR\",\"potentialAction\":[{\"@type\":\"ReadAction\",\"target\":[\"https:\/\/franciscanos.org.br\/noticias\/papa-os-pobres-facilitam-o-acesso-ao-ceu.html\"]}]},{\"@type\":\"BreadcrumbList\",\"@id\":\"https:\/\/franciscanos.org.br\/noticias\/papa-os-pobres-facilitam-o-acesso-ao-ceu.html#breadcrumb\",\"itemListElement\":[{\"@type\":\"ListItem\",\"position\":1,\"name\":\"Home\",\"item\":\"https:\/\/franciscanos.org.br\/noticias\"},{\"@type\":\"ListItem\",\"position\":2,\"name\":\"Papa: &#8220;Os pobres facilitam o acesso ao C\u00e9u&#8221;\"}]},{\"@type\":\"Person\",\"@id\":\"https:\/\/franciscanos.org.br\/noticias\/#\/schema\/person\/b5c8cba458c330ccff548b056e95a5d4\",\"name\":\"moacir\",\"image\":{\"@type\":\"ImageObject\",\"inLanguage\":\"pt-BR\",\"@id\":\"https:\/\/franciscanos.org.br\/noticias\/#\/schema\/person\/image\/\",\"url\":\"https:\/\/secure.gravatar.com\/avatar\/d08aa2ce4c8dd416d4479aa8536fcf64?s=96&d=mm&r=g\",\"contentUrl\":\"https:\/\/secure.gravatar.com\/avatar\/d08aa2ce4c8dd416d4479aa8536fcf64?s=96&d=mm&r=g\",\"caption\":\"moacir\"},\"url\":\"https:\/\/franciscanos.org.br\/noticias\/author\/moacir\"}]}<\/script>\n<!-- \/ Yoast SEO plugin. -->","yoast_head_json":{"title":"Papa: \"Os pobres facilitam o acesso ao C\u00e9u\" - Not\u00edcias - Franciscanos","robots":{"index":"index","follow":"follow","max-snippet":"max-snippet:-1","max-image-preview":"max-image-preview:large","max-video-preview":"max-video-preview:-1"},"canonical":"https:\/\/franciscanos.org.br\/noticias\/papa-os-pobres-facilitam-o-acesso-ao-ceu.html","og_locale":"pt_BR","og_type":"article","og_title":"Papa: \"Os pobres facilitam o acesso ao C\u00e9u\" - Not\u00edcias - Franciscanos","og_description":"Santa Missa no Dia Mundial dos Pobres","og_url":"https:\/\/franciscanos.org.br\/noticias\/papa-os-pobres-facilitam-o-acesso-ao-ceu.html","og_site_name":"Not\u00edcias - Franciscanos","article_published_time":"2019-11-17T10:34:32+00:00","article_modified_time":"2020-06-06T10:08:13+00:00","og_image":[{"width":273,"height":181,"url":"https:\/\/franciscanos.org.br\/noticias\/wp-content\/uploads\/2019\/11\/pobres_1711_3d.jpg","type":"image\/jpeg"}],"author":"moacir","twitter_card":"summary_large_image","twitter_misc":{"Escrito por":"moacir","Est. tempo de leitura":"9 minutos"},"schema":{"@context":"https:\/\/schema.org","@graph":[{"@type":"WebSite","@id":"https:\/\/franciscanos.org.br\/noticias\/#website","url":"https:\/\/franciscanos.org.br\/noticias\/","name":"Not\u00edcias - Franciscanos","description":"Prov\u00edncia Franciscana da Imaculada Concei\u00e7\u00e3o do Brasil - Ordem dos Frades Menores - OFM","potentialAction":[{"@type":"SearchAction","target":{"@type":"EntryPoint","urlTemplate":"https:\/\/franciscanos.org.br\/noticias\/?s={search_term_string}"},"query-input":"required name=search_term_string"}],"inLanguage":"pt-BR"},{"@type":"ImageObject","inLanguage":"pt-BR","@id":"https:\/\/franciscanos.org.br\/noticias\/papa-os-pobres-facilitam-o-acesso-ao-ceu.html#primaryimage","url":"https:\/\/franciscanos.org.br\/noticias\/wp-content\/uploads\/2019\/11\/pobres_1711_3d.jpg","contentUrl":"https:\/\/franciscanos.org.br\/noticias\/wp-content\/uploads\/2019\/11\/pobres_1711_3d.jpg","width":273,"height":181},{"@type":"WebPage","@id":"https:\/\/franciscanos.org.br\/noticias\/papa-os-pobres-facilitam-o-acesso-ao-ceu.html#webpage","url":"https:\/\/franciscanos.org.br\/noticias\/papa-os-pobres-facilitam-o-acesso-ao-ceu.html","name":"Papa: \"Os pobres facilitam o acesso ao C\u00e9u\" - Not\u00edcias - Franciscanos","isPartOf":{"@id":"https:\/\/franciscanos.org.br\/noticias\/#website"},"primaryImageOfPage":{"@id":"https:\/\/franciscanos.org.br\/noticias\/papa-os-pobres-facilitam-o-acesso-ao-ceu.html#primaryimage"},"datePublished":"2019-11-17T10:34:32+00:00","dateModified":"2020-06-06T10:08:13+00:00","author":{"@id":"https:\/\/franciscanos.org.br\/noticias\/#\/schema\/person\/b5c8cba458c330ccff548b056e95a5d4"},"breadcrumb":{"@id":"https:\/\/franciscanos.org.br\/noticias\/papa-os-pobres-facilitam-o-acesso-ao-ceu.html#breadcrumb"},"inLanguage":"pt-BR","potentialAction":[{"@type":"ReadAction","target":["https:\/\/franciscanos.org.br\/noticias\/papa-os-pobres-facilitam-o-acesso-ao-ceu.html"]}]},{"@type":"BreadcrumbList","@id":"https:\/\/franciscanos.org.br\/noticias\/papa-os-pobres-facilitam-o-acesso-ao-ceu.html#breadcrumb","itemListElement":[{"@type":"ListItem","position":1,"name":"Home","item":"https:\/\/franciscanos.org.br\/noticias"},{"@type":"ListItem","position":2,"name":"Papa: &#8220;Os pobres facilitam o acesso ao C\u00e9u&#8221;"}]},{"@type":"Person","@id":"https:\/\/franciscanos.org.br\/noticias\/#\/schema\/person\/b5c8cba458c330ccff548b056e95a5d4","name":"moacir","image":{"@type":"ImageObject","inLanguage":"pt-BR","@id":"https:\/\/franciscanos.org.br\/noticias\/#\/schema\/person\/image\/","url":"https:\/\/secure.gravatar.com\/avatar\/d08aa2ce4c8dd416d4479aa8536fcf64?s=96&d=mm&r=g","contentUrl":"https:\/\/secure.gravatar.com\/avatar\/d08aa2ce4c8dd416d4479aa8536fcf64?s=96&d=mm&r=g","caption":"moacir"},"url":"https:\/\/franciscanos.org.br\/noticias\/author\/moacir"}]}},"_links":{"self":[{"href":"https:\/\/franciscanos.org.br\/noticias\/wp-json\/wp\/v2\/posts\/213952"}],"collection":[{"href":"https:\/\/franciscanos.org.br\/noticias\/wp-json\/wp\/v2\/posts"}],"about":[{"href":"https:\/\/franciscanos.org.br\/noticias\/wp-json\/wp\/v2\/types\/post"}],"author":[{"embeddable":true,"href":"https:\/\/franciscanos.org.br\/noticias\/wp-json\/wp\/v2\/users\/3"}],"replies":[{"embeddable":true,"href":"https:\/\/franciscanos.org.br\/noticias\/wp-json\/wp\/v2\/comments?post=213952"}],"version-history":[{"count":1,"href":"https:\/\/franciscanos.org.br\/noticias\/wp-json\/wp\/v2\/posts\/213952\/revisions"}],"predecessor-version":[{"id":224412,"href":"https:\/\/franciscanos.org.br\/noticias\/wp-json\/wp\/v2\/posts\/213952\/revisions\/224412"}],"wp:featuredmedia":[{"embeddable":true,"href":"https:\/\/franciscanos.org.br\/noticias\/wp-json\/wp\/v2\/media\/213959"}],"wp:attachment":[{"href":"https:\/\/franciscanos.org.br\/noticias\/wp-json\/wp\/v2\/media?parent=213952"}],"wp:term":[{"taxonomy":"category","embeddable":true,"href":"https:\/\/franciscanos.org.br\/noticias\/wp-json\/wp\/v2\/categories?post=213952"},{"taxonomy":"post_tag","embeddable":true,"href":"https:\/\/franciscanos.org.br\/noticias\/wp-json\/wp\/v2\/tags?post=213952"}],"curies":[{"name":"wp","href":"https:\/\/api.w.org\/{rel}","templated":true}]}}