{"id":213946,"date":"2019-11-16T07:27:24","date_gmt":"2019-11-16T10:27:24","guid":{"rendered":"https:\/\/franciscanos.org.br\/noticias\/?p=213946"},"modified":"2023-01-25T09:37:21","modified_gmt":"2023-01-25T12:37:21","slug":"em-imbarie-dom-frei-evaristo-e-moema-falam-sobre-o-sinodo-para-a-amazonia","status":"publish","type":"post","link":"https:\/\/franciscanos.org.br\/noticias\/em-imbarie-dom-frei-evaristo-e-moema-falam-sobre-o-sinodo-para-a-amazonia.html","title":{"rendered":"Em Imbari\u00ea, Dom Frei Evaristo e Moema falam sobre o S\u00ednodo para a Amaz\u00f4nia"},"content":{"rendered":"<p><img loading=\"lazy\" class=\"alignnone size-full wp-image-213947\" src=\"https:\/\/franciscanos.org.br\/noticias\/wp-content\/uploads\/2019\/11\/imbarie_1611.jpg\" alt=\"\" width=\"890\" height=\"492\" srcset=\"https:\/\/franciscanos.org.br\/noticias\/wp-content\/uploads\/2019\/11\/imbarie_1611.jpg 890w, https:\/\/franciscanos.org.br\/noticias\/wp-content\/uploads\/2019\/11\/imbarie_1611-450x249.jpg 450w, https:\/\/franciscanos.org.br\/noticias\/wp-content\/uploads\/2019\/11\/imbarie_1611-768x425.jpg 768w, https:\/\/franciscanos.org.br\/noticias\/wp-content\/uploads\/2019\/11\/imbarie_1611-150x83.jpg 150w\" sizes=\"(max-width: 890px) 100vw, 890px\" \/><\/p>\n<p>A Par\u00f3quia Santa Clara de Assis, em Imbari\u00ea (RJ), foi presenteada com as presen\u00e7as de Dom Evaristo Spengler, bispo da Prelazia do Maraj\u00f3, e de Moema Miranda, antrop\u00f3loga e franciscana secular, nesta semana (12\/11), quando relataram suas experi\u00eancias vividas nos 21 dias em que participaram do S\u00ednodo para Amaz\u00f4nia.<\/p>\n<p><img loading=\"lazy\" class=\"alignleft size-medium wp-image-213948\" src=\"https:\/\/franciscanos.org.br\/noticias\/wp-content\/uploads\/2019\/11\/imbarie_1611_1-450x379.jpg\" alt=\"\" width=\"450\" height=\"379\" srcset=\"https:\/\/franciscanos.org.br\/noticias\/wp-content\/uploads\/2019\/11\/imbarie_1611_1-450x379.jpg 450w, https:\/\/franciscanos.org.br\/noticias\/wp-content\/uploads\/2019\/11\/imbarie_1611_1-150x126.jpg 150w, https:\/\/franciscanos.org.br\/noticias\/wp-content\/uploads\/2019\/11\/imbarie_1611_1.jpg 500w\" sizes=\"(max-width: 450px) 100vw, 450px\" \/>Ambos testemunharam fortemente a a\u00e7\u00e3o do Esp\u00edrito Santo em todo o processo sinodal. N\u00e3o h\u00e1 d\u00favida de que o Esp\u00edrito Santo alcan\u00e7ou os sinodais em suas falas durante todo o S\u00ednodo.<\/p>\n<p>Nas coloca\u00e7\u00f5es de D. Evaristo e de Moema, chamou a aten\u00e7\u00e3o dos paroquianos de Imbari\u00ea cada detalhe sobre o S\u00ednodo narrado durante as duas horas de palestra, como por exemplo, um imenso pano levado com diversas bandeiras de cada povoado, nas quais tinham os nomes de homens, mulheres e crian\u00e7as dos povoados representados no S\u00ednodo.<\/p>\n<p>Moema foi enf\u00e1tica ao falar da import\u00e2ncia da presen\u00e7a das mulheres no S\u00ednodo, que se fizeram presente como nunca em outros S\u00ednodos. Frei Evaristo chamou a aten\u00e7\u00e3o para a sensibilidade e aten\u00e7\u00e3o do Papa Francisco quando as mulheres e os ind\u00edgenas falavam.<\/p>\n<p>Foi emocionante, durante a palestra, quando Frei Evaristo relatou o testemunho da fala de uma ind\u00edgena, chamada Yesica, que disse, em certo momento do S\u00ednodo, que o Papa conhecia mais da Amaz\u00f4nia do que todos eles que estavam l\u00e1 no S\u00ednodo. A mesma jovem conclu\u00eda sua fala, segundo o Frei, dizendo ao Papa: \u2018Irm\u00e3o Francisco, voc\u00ea n\u00e3o est\u00e1 sozinho. N\u00f3s estamos com voc\u00ea\u2019. Yesica conclu\u00eda, interpelando os bispos: \u2018Bispos, peguem o remo; vamos remar juntos\u2019. A partir desse momento, o S\u00ednodo ganhou outra forma, segundo os palestrantes da noite.<\/p>\n<p>Foi-nos falado das principais propostas do documento final do S\u00ednodo. Moema destacou um par\u00e1grafo do documento em que se fala de uma igreja Madalena, disc\u00edpula, acolhida e amada, \u00a0anunciadora da ressurrei\u00e7\u00e3o. Sejamos n\u00f3s, anunciadores da vida nova da m\u00e3e Terra, nossa Casa Comum.<\/p>\n<p>No final, foi aberto espa\u00e7o a perguntas. Nossa Par\u00f3quia agradece profundamente a Dom Frei Evaristo e a Moema por t\u00e3o grande presente a n\u00f3s, da Par\u00f3quia Santa Clara de Assis.<\/p>\n<hr \/>\n<p><em>Melry Coutinho, pela Pascom da Par\u00f3quia.<\/em><\/p>\n","protected":false},"excerpt":{"rendered":"<p>Par\u00f3quia Santa Clara de Imbari\u00ea<\/p>\n","protected":false},"author":3,"featured_media":213949,"comment_status":"open","ping_status":"open","sticky":false,"template":"","format":"standard","meta":[],"categories":[1],"tags":[1379,1535],"acf":[],"yoast_head":"<!-- This site is optimized with the Yoast SEO plugin v19.2 - https:\/\/yoast.com\/wordpress\/plugins\/seo\/ -->\n<title>Em Imbari\u00ea, Dom Frei Evaristo e Moema falam sobre o S\u00ednodo para a Amaz\u00f4nia - Not\u00edcias - Franciscanos<\/title>\n<meta name=\"robots\" content=\"index, follow, max-snippet:-1, max-image-preview:large, max-video-preview:-1\" \/>\n<link rel=\"canonical\" href=\"https:\/\/franciscanos.org.br\/noticias\/em-imbarie-dom-frei-evaristo-e-moema-falam-sobre-o-sinodo-para-a-amazonia.html\" \/>\n<meta property=\"og:locale\" content=\"pt_BR\" \/>\n<meta property=\"og:type\" content=\"article\" \/>\n<meta property=\"og:title\" content=\"Em Imbari\u00ea, Dom Frei Evaristo e Moema falam sobre o S\u00ednodo para a Amaz\u00f4nia - Not\u00edcias - Franciscanos\" \/>\n<meta property=\"og:description\" content=\"Par\u00f3quia Santa Clara de Imbari\u00ea\" \/>\n<meta property=\"og:url\" content=\"https:\/\/franciscanos.org.br\/noticias\/em-imbarie-dom-frei-evaristo-e-moema-falam-sobre-o-sinodo-para-a-amazonia.html\" \/>\n<meta property=\"og:site_name\" content=\"Not\u00edcias - Franciscanos\" \/>\n<meta property=\"article:published_time\" content=\"2019-11-16T10:27:24+00:00\" \/>\n<meta property=\"article:modified_time\" content=\"2023-01-25T12:37:21+00:00\" \/>\n<meta property=\"og:image\" content=\"https:\/\/franciscanos.org.br\/noticias\/wp-content\/uploads\/2019\/11\/imbarie_1611_d.jpg\" \/>\n\t<meta property=\"og:image:width\" content=\"273\" \/>\n\t<meta property=\"og:image:height\" content=\"181\" \/>\n\t<meta property=\"og:image:type\" content=\"image\/jpeg\" \/>\n<meta name=\"author\" content=\"moacir\" \/>\n<meta name=\"twitter:card\" content=\"summary_large_image\" \/>\n<meta name=\"twitter:label1\" content=\"Escrito por\" \/>\n\t<meta name=\"twitter:data1\" content=\"moacir\" \/>\n\t<meta name=\"twitter:label2\" content=\"Est. tempo de leitura\" \/>\n\t<meta name=\"twitter:data2\" content=\"2 minutos\" \/>\n<script type=\"application\/ld+json\" class=\"yoast-schema-graph\">{\"@context\":\"https:\/\/schema.org\",\"@graph\":[{\"@type\":\"WebSite\",\"@id\":\"https:\/\/franciscanos.org.br\/noticias\/#website\",\"url\":\"https:\/\/franciscanos.org.br\/noticias\/\",\"name\":\"Not\u00edcias - Franciscanos\",\"description\":\"Prov\u00edncia Franciscana da Imaculada Concei\u00e7\u00e3o do Brasil - Ordem dos Frades Menores - OFM\",\"potentialAction\":[{\"@type\":\"SearchAction\",\"target\":{\"@type\":\"EntryPoint\",\"urlTemplate\":\"https:\/\/franciscanos.org.br\/noticias\/?s={search_term_string}\"},\"query-input\":\"required name=search_term_string\"}],\"inLanguage\":\"pt-BR\"},{\"@type\":\"ImageObject\",\"inLanguage\":\"pt-BR\",\"@id\":\"https:\/\/franciscanos.org.br\/noticias\/em-imbarie-dom-frei-evaristo-e-moema-falam-sobre-o-sinodo-para-a-amazonia.html#primaryimage\",\"url\":\"https:\/\/franciscanos.org.br\/noticias\/wp-content\/uploads\/2019\/11\/imbarie_1611_d.jpg\",\"contentUrl\":\"https:\/\/franciscanos.org.br\/noticias\/wp-content\/uploads\/2019\/11\/imbarie_1611_d.jpg\",\"width\":273,\"height\":181},{\"@type\":\"WebPage\",\"@id\":\"https:\/\/franciscanos.org.br\/noticias\/em-imbarie-dom-frei-evaristo-e-moema-falam-sobre-o-sinodo-para-a-amazonia.html#webpage\",\"url\":\"https:\/\/franciscanos.org.br\/noticias\/em-imbarie-dom-frei-evaristo-e-moema-falam-sobre-o-sinodo-para-a-amazonia.html\",\"name\":\"Em Imbari\u00ea, Dom Frei Evaristo e Moema falam sobre o S\u00ednodo para a Amaz\u00f4nia - Not\u00edcias - Franciscanos\",\"isPartOf\":{\"@id\":\"https:\/\/franciscanos.org.br\/noticias\/#website\"},\"primaryImageOfPage\":{\"@id\":\"https:\/\/franciscanos.org.br\/noticias\/em-imbarie-dom-frei-evaristo-e-moema-falam-sobre-o-sinodo-para-a-amazonia.html#primaryimage\"},\"datePublished\":\"2019-11-16T10:27:24+00:00\",\"dateModified\":\"2023-01-25T12:37:21+00:00\",\"author\":{\"@id\":\"https:\/\/franciscanos.org.br\/noticias\/#\/schema\/person\/b5c8cba458c330ccff548b056e95a5d4\"},\"breadcrumb\":{\"@id\":\"https:\/\/franciscanos.org.br\/noticias\/em-imbarie-dom-frei-evaristo-e-moema-falam-sobre-o-sinodo-para-a-amazonia.html#breadcrumb\"},\"inLanguage\":\"pt-BR\",\"potentialAction\":[{\"@type\":\"ReadAction\",\"target\":[\"https:\/\/franciscanos.org.br\/noticias\/em-imbarie-dom-frei-evaristo-e-moema-falam-sobre-o-sinodo-para-a-amazonia.html\"]}]},{\"@type\":\"BreadcrumbList\",\"@id\":\"https:\/\/franciscanos.org.br\/noticias\/em-imbarie-dom-frei-evaristo-e-moema-falam-sobre-o-sinodo-para-a-amazonia.html#breadcrumb\",\"itemListElement\":[{\"@type\":\"ListItem\",\"position\":1,\"name\":\"Home\",\"item\":\"https:\/\/franciscanos.org.br\/noticias\"},{\"@type\":\"ListItem\",\"position\":2,\"name\":\"Em Imbari\u00ea, Dom Frei Evaristo e Moema falam sobre o S\u00ednodo para a Amaz\u00f4nia\"}]},{\"@type\":\"Person\",\"@id\":\"https:\/\/franciscanos.org.br\/noticias\/#\/schema\/person\/b5c8cba458c330ccff548b056e95a5d4\",\"name\":\"moacir\",\"image\":{\"@type\":\"ImageObject\",\"inLanguage\":\"pt-BR\",\"@id\":\"https:\/\/franciscanos.org.br\/noticias\/#\/schema\/person\/image\/\",\"url\":\"https:\/\/secure.gravatar.com\/avatar\/d08aa2ce4c8dd416d4479aa8536fcf64?s=96&d=mm&r=g\",\"contentUrl\":\"https:\/\/secure.gravatar.com\/avatar\/d08aa2ce4c8dd416d4479aa8536fcf64?s=96&d=mm&r=g\",\"caption\":\"moacir\"},\"url\":\"https:\/\/franciscanos.org.br\/noticias\/author\/moacir\"}]}<\/script>\n<!-- \/ Yoast SEO plugin. -->","yoast_head_json":{"title":"Em Imbari\u00ea, Dom Frei Evaristo e Moema falam sobre o S\u00ednodo para a Amaz\u00f4nia - Not\u00edcias - Franciscanos","robots":{"index":"index","follow":"follow","max-snippet":"max-snippet:-1","max-image-preview":"max-image-preview:large","max-video-preview":"max-video-preview:-1"},"canonical":"https:\/\/franciscanos.org.br\/noticias\/em-imbarie-dom-frei-evaristo-e-moema-falam-sobre-o-sinodo-para-a-amazonia.html","og_locale":"pt_BR","og_type":"article","og_title":"Em Imbari\u00ea, Dom Frei Evaristo e Moema falam sobre o S\u00ednodo para a Amaz\u00f4nia - Not\u00edcias - Franciscanos","og_description":"Par\u00f3quia Santa Clara de Imbari\u00ea","og_url":"https:\/\/franciscanos.org.br\/noticias\/em-imbarie-dom-frei-evaristo-e-moema-falam-sobre-o-sinodo-para-a-amazonia.html","og_site_name":"Not\u00edcias - Franciscanos","article_published_time":"2019-11-16T10:27:24+00:00","article_modified_time":"2023-01-25T12:37:21+00:00","og_image":[{"width":273,"height":181,"url":"https:\/\/franciscanos.org.br\/noticias\/wp-content\/uploads\/2019\/11\/imbarie_1611_d.jpg","type":"image\/jpeg"}],"author":"moacir","twitter_card":"summary_large_image","twitter_misc":{"Escrito por":"moacir","Est. tempo de leitura":"2 minutos"},"schema":{"@context":"https:\/\/schema.org","@graph":[{"@type":"WebSite","@id":"https:\/\/franciscanos.org.br\/noticias\/#website","url":"https:\/\/franciscanos.org.br\/noticias\/","name":"Not\u00edcias - Franciscanos","description":"Prov\u00edncia Franciscana da Imaculada Concei\u00e7\u00e3o do Brasil - Ordem dos Frades Menores - OFM","potentialAction":[{"@type":"SearchAction","target":{"@type":"EntryPoint","urlTemplate":"https:\/\/franciscanos.org.br\/noticias\/?s={search_term_string}"},"query-input":"required name=search_term_string"}],"inLanguage":"pt-BR"},{"@type":"ImageObject","inLanguage":"pt-BR","@id":"https:\/\/franciscanos.org.br\/noticias\/em-imbarie-dom-frei-evaristo-e-moema-falam-sobre-o-sinodo-para-a-amazonia.html#primaryimage","url":"https:\/\/franciscanos.org.br\/noticias\/wp-content\/uploads\/2019\/11\/imbarie_1611_d.jpg","contentUrl":"https:\/\/franciscanos.org.br\/noticias\/wp-content\/uploads\/2019\/11\/imbarie_1611_d.jpg","width":273,"height":181},{"@type":"WebPage","@id":"https:\/\/franciscanos.org.br\/noticias\/em-imbarie-dom-frei-evaristo-e-moema-falam-sobre-o-sinodo-para-a-amazonia.html#webpage","url":"https:\/\/franciscanos.org.br\/noticias\/em-imbarie-dom-frei-evaristo-e-moema-falam-sobre-o-sinodo-para-a-amazonia.html","name":"Em Imbari\u00ea, Dom Frei Evaristo e Moema falam sobre o S\u00ednodo para a Amaz\u00f4nia - Not\u00edcias - Franciscanos","isPartOf":{"@id":"https:\/\/franciscanos.org.br\/noticias\/#website"},"primaryImageOfPage":{"@id":"https:\/\/franciscanos.org.br\/noticias\/em-imbarie-dom-frei-evaristo-e-moema-falam-sobre-o-sinodo-para-a-amazonia.html#primaryimage"},"datePublished":"2019-11-16T10:27:24+00:00","dateModified":"2023-01-25T12:37:21+00:00","author":{"@id":"https:\/\/franciscanos.org.br\/noticias\/#\/schema\/person\/b5c8cba458c330ccff548b056e95a5d4"},"breadcrumb":{"@id":"https:\/\/franciscanos.org.br\/noticias\/em-imbarie-dom-frei-evaristo-e-moema-falam-sobre-o-sinodo-para-a-amazonia.html#breadcrumb"},"inLanguage":"pt-BR","potentialAction":[{"@type":"ReadAction","target":["https:\/\/franciscanos.org.br\/noticias\/em-imbarie-dom-frei-evaristo-e-moema-falam-sobre-o-sinodo-para-a-amazonia.html"]}]},{"@type":"BreadcrumbList","@id":"https:\/\/franciscanos.org.br\/noticias\/em-imbarie-dom-frei-evaristo-e-moema-falam-sobre-o-sinodo-para-a-amazonia.html#breadcrumb","itemListElement":[{"@type":"ListItem","position":1,"name":"Home","item":"https:\/\/franciscanos.org.br\/noticias"},{"@type":"ListItem","position":2,"name":"Em Imbari\u00ea, Dom Frei Evaristo e Moema falam sobre o S\u00ednodo para a Amaz\u00f4nia"}]},{"@type":"Person","@id":"https:\/\/franciscanos.org.br\/noticias\/#\/schema\/person\/b5c8cba458c330ccff548b056e95a5d4","name":"moacir","image":{"@type":"ImageObject","inLanguage":"pt-BR","@id":"https:\/\/franciscanos.org.br\/noticias\/#\/schema\/person\/image\/","url":"https:\/\/secure.gravatar.com\/avatar\/d08aa2ce4c8dd416d4479aa8536fcf64?s=96&d=mm&r=g","contentUrl":"https:\/\/secure.gravatar.com\/avatar\/d08aa2ce4c8dd416d4479aa8536fcf64?s=96&d=mm&r=g","caption":"moacir"},"url":"https:\/\/franciscanos.org.br\/noticias\/author\/moacir"}]}},"_links":{"self":[{"href":"https:\/\/franciscanos.org.br\/noticias\/wp-json\/wp\/v2\/posts\/213946"}],"collection":[{"href":"https:\/\/franciscanos.org.br\/noticias\/wp-json\/wp\/v2\/posts"}],"about":[{"href":"https:\/\/franciscanos.org.br\/noticias\/wp-json\/wp\/v2\/types\/post"}],"author":[{"embeddable":true,"href":"https:\/\/franciscanos.org.br\/noticias\/wp-json\/wp\/v2\/users\/3"}],"replies":[{"embeddable":true,"href":"https:\/\/franciscanos.org.br\/noticias\/wp-json\/wp\/v2\/comments?post=213946"}],"version-history":[{"count":1,"href":"https:\/\/franciscanos.org.br\/noticias\/wp-json\/wp\/v2\/posts\/213946\/revisions"}],"predecessor-version":[{"id":241912,"href":"https:\/\/franciscanos.org.br\/noticias\/wp-json\/wp\/v2\/posts\/213946\/revisions\/241912"}],"wp:featuredmedia":[{"embeddable":true,"href":"https:\/\/franciscanos.org.br\/noticias\/wp-json\/wp\/v2\/media\/213949"}],"wp:attachment":[{"href":"https:\/\/franciscanos.org.br\/noticias\/wp-json\/wp\/v2\/media?parent=213946"}],"wp:term":[{"taxonomy":"category","embeddable":true,"href":"https:\/\/franciscanos.org.br\/noticias\/wp-json\/wp\/v2\/categories?post=213946"},{"taxonomy":"post_tag","embeddable":true,"href":"https:\/\/franciscanos.org.br\/noticias\/wp-json\/wp\/v2\/tags?post=213946"}],"curies":[{"name":"wp","href":"https:\/\/api.w.org\/{rel}","templated":true}]}}