{"id":213940,"date":"2019-11-16T06:48:51","date_gmt":"2019-11-16T09:48:51","guid":{"rendered":"https:\/\/franciscanos.org.br\/noticias\/?p=213940"},"modified":"2020-06-06T07:08:59","modified_gmt":"2020-06-06T10:08:59","slug":"papa-surpreende-os-pobres-ao-visitar-posto-de-saude-e-inaugurar-centro-de-acolhimento","status":"publish","type":"post","link":"https:\/\/franciscanos.org.br\/noticias\/papa-surpreende-os-pobres-ao-visitar-posto-de-saude-e-inaugurar-centro-de-acolhimento.html","title":{"rendered":"Papa surpreende os pobres ao visitar Posto de Sa\u00fade e inaugurar Centro de Acolhimento"},"content":{"rendered":"<p><img loading=\"lazy\" class=\"alignnone size-full wp-image-213941\" src=\"https:\/\/franciscanos.org.br\/noticias\/wp-content\/uploads\/2019\/11\/pobres_1611.jpg\" alt=\"\" width=\"890\" height=\"501\" srcset=\"https:\/\/franciscanos.org.br\/noticias\/wp-content\/uploads\/2019\/11\/pobres_1611.jpg 890w, https:\/\/franciscanos.org.br\/noticias\/wp-content\/uploads\/2019\/11\/pobres_1611-450x253.jpg 450w, https:\/\/franciscanos.org.br\/noticias\/wp-content\/uploads\/2019\/11\/pobres_1611-768x432.jpg 768w, https:\/\/franciscanos.org.br\/noticias\/wp-content\/uploads\/2019\/11\/pobres_1611-150x84.jpg 150w\" sizes=\"(max-width: 890px) 100vw, 890px\" \/><\/p>\n<p><strong>Cidade do Vaticano &#8211;<\/strong> N\u00e3o bastasse o dia com a agenda cheia de compromissos, o Papa Francisco enfrentou o mau tempo e as chuvas torrenciais da tarde desta sexta-feira (15) em Roma para se deslocar at\u00e9 a Pra\u00e7a S\u00e3o Pedro onde est\u00e1 instalado um Posto de Sa\u00fade. Desde o in\u00edcio do semana, 8 ambulat\u00f3rios atendem gratuitamente no local os pobres e mais necessitados, por ocasi\u00e3o do Dia Mundial dos Pobres, comemorado no domingo (17).<\/p>\n<p>A visita-surpresa, caracterizada justamente pelas Sextas-Feiras da Miseric\u00f3rdia do Papa Francisco, foi emocionante sobretudo para quem estava no local, fazendo exames, na hora em que o Pont\u00edfice chegou, pouco depois das 16h. O Pont\u00edfice foi acolhido com calorosos aplausos e todos querendo saud\u00e1-lo e abra\u00e7\u00e1-lo.<\/p>\n<p>Na visita a essa esp\u00e9cie de \u201chospital tempor\u00e2neo\u201d, o Papa estava acompanhado do presidente do Pontif\u00edcio Conselho para a Promo\u00e7\u00e3o da Nova Evangeliza\u00e7\u00e3o, Dom Rino Fisichella, que apresentou ao Pont\u00edfice os m\u00e9dicos, enfermeiros e volunt\u00e1rios que trabalham nos 8 ambulat\u00f3rios. Segundo um comunicado da Sala de Imprensa da Santa S\u00e9, Francisco ficou muito satisfeito com a estrutura montada para oferecer um verdadeiro servi\u00e7o de emerg\u00eancia. O Pont\u00edfice tamb\u00e9m recebeu palavras de agradecimento por parte dos profissionais sanit\u00e1rios que realizam um trabalho volunt\u00e1rio, alguns inclusive que decidiram pegar dias de f\u00e9rias para poder compartilhar a experi\u00eancia em favor de tantos necessitados.<\/p>\n<p><img loading=\"lazy\" class=\"alignnone size-full wp-image-213942\" src=\"https:\/\/franciscanos.org.br\/noticias\/wp-content\/uploads\/2019\/11\/pobres_1611_1.jpg\" alt=\"\" width=\"890\" height=\"501\" srcset=\"https:\/\/franciscanos.org.br\/noticias\/wp-content\/uploads\/2019\/11\/pobres_1611_1.jpg 890w, https:\/\/franciscanos.org.br\/noticias\/wp-content\/uploads\/2019\/11\/pobres_1611_1-450x253.jpg 450w, https:\/\/franciscanos.org.br\/noticias\/wp-content\/uploads\/2019\/11\/pobres_1611_1-768x432.jpg 768w, https:\/\/franciscanos.org.br\/noticias\/wp-content\/uploads\/2019\/11\/pobres_1611_1-150x84.jpg 150w\" sizes=\"(max-width: 890px) 100vw, 890px\" \/><\/p>\n<p>O Papa Francisco fez uma breve ora\u00e7\u00e3o, saudou de novo todos os presentes e concluiu a sua visita-surpresa, em meio a muita gratid\u00e3o e alegria dentro do Posto de Sa\u00fade. Segundo a Sala de Imprensa da Santa S\u00e9, centenas de pobres est\u00e3o usufruindo todos os dias dos servi\u00e7os especializados, dispon\u00edveis aos pobres at\u00e9 domingo (17), que seguem a orienta\u00e7\u00e3o da Associa\u00e7\u00e3o Nacional dos M\u00e9dicos Gen\u00e9ricos, com o aux\u00edlio das Enfermeiras da Cruz Vermelha.<\/p>\n<p>Depois de visitar o Posto de Sa\u00fade, o Papa foi inaugurar o Centro de Acolhimento para moradores de rua que vai atender tanto de dia como de noite no Pal\u00e1cio Migliori. O edif\u00edcio do Vaticano de quatro andares, dotado de um elevador para facilitar o acesso de idosos e pessoas com algum tipo de defici\u00eancia, foi constru\u00eddo em 1800 e fica a poucos metros da Colunata da Pra\u00e7a S\u00e3o Pedro. O local, confiado \u00e0 Elemosineria Apost\u00f3lica, tem capacidade para receber 50 pessoas e ser\u00e1 administrado pela Comunidade de Sant\u2019Egidio, uma organiza\u00e7\u00e3o italiana n\u00e3o-governamental.<\/p>\n<p><img loading=\"lazy\" class=\"alignnone size-full wp-image-213943\" src=\"https:\/\/franciscanos.org.br\/noticias\/wp-content\/uploads\/2019\/11\/pobres_1611_2.jpg\" alt=\"\" width=\"890\" height=\"501\" srcset=\"https:\/\/franciscanos.org.br\/noticias\/wp-content\/uploads\/2019\/11\/pobres_1611_2.jpg 890w, https:\/\/franciscanos.org.br\/noticias\/wp-content\/uploads\/2019\/11\/pobres_1611_2-450x253.jpg 450w, https:\/\/franciscanos.org.br\/noticias\/wp-content\/uploads\/2019\/11\/pobres_1611_2-768x432.jpg 768w, https:\/\/franciscanos.org.br\/noticias\/wp-content\/uploads\/2019\/11\/pobres_1611_2-150x84.jpg 150w\" sizes=\"(max-width: 890px) 100vw, 890px\" \/><\/p>\n<p>No local, Francisco foi acolhido pelo cardeal Konrad Krajewski, esmoleiro do Papa, que conduziu a uma breve visita ao local, inclusive \u00e0 capela do Centro de Acolhimento dedicada a S\u00e3o Jorge. \u201cA beleza cura\u201d, expressou Francisco ao contemplar os ambientes bem decorados.<\/p>\n<p>Segundo um comunicado da Sala de Imprensa da Santa S\u00e9, depois o Papa visitou o andares dedicados aos quartos e ao refeit\u00f3rio, onde aproveitou para fazer um lanche com algumas pessoas que vivem no local e tamb\u00e9m com volunt\u00e1rios \u2013 entre eles, alguns que moravam pela estrada e que agora encontraram um trabalho e uma renda est\u00e1vel e se empenham como volunt\u00e1rios na estrutura.<\/p>\n<p>Durante o r\u00e1pido encontro com eles, o Papa falou da cultura do descarte e da necessidade de recuperar um sentido de responsabilidade pelos pobres. Francisco tamb\u00e9m escutou a hist\u00f3ria de vida dos volunt\u00e1rios, que h\u00e1 muitos anos levam o jantar a quem vive pela estrada, e \u00e0s dificuldades enfrentadas para organizar os funerais deles.<\/p>\n<p>Enfim, o Papa Francisco tamb\u00e9m lembrou durante a conversa que, quando era jovem, tinha o h\u00e1bito de deixar um prato pronto durante as refei\u00e7\u00f5es, especialmente nos dias de festa, para quem precisasse. Dessa forma, o Pont\u00edfice mostrava a necessidade de \u201ceducar os jovens \u00e0 compaix\u00e3o\u201d.<\/p>\n<hr \/>\n<p><em>Fonte: Vatican News<\/em><\/p>\n","protected":false},"excerpt":{"rendered":"<p>Dia Mundial dos Pobres<\/p>\n","protected":false},"author":3,"featured_media":213944,"comment_status":"open","ping_status":"open","sticky":false,"template":"","format":"standard","meta":[],"categories":[1428],"tags":[1114],"acf":[],"yoast_head":"<!-- This site is optimized with the Yoast SEO plugin v19.2 - https:\/\/yoast.com\/wordpress\/plugins\/seo\/ -->\n<title>Papa surpreende os pobres ao visitar Posto de Sa\u00fade e inaugurar Centro de Acolhimento - Not\u00edcias - Franciscanos<\/title>\n<meta name=\"robots\" content=\"index, follow, max-snippet:-1, max-image-preview:large, max-video-preview:-1\" \/>\n<link rel=\"canonical\" href=\"https:\/\/franciscanos.org.br\/noticias\/papa-surpreende-os-pobres-ao-visitar-posto-de-saude-e-inaugurar-centro-de-acolhimento.html\" \/>\n<meta property=\"og:locale\" content=\"pt_BR\" \/>\n<meta property=\"og:type\" content=\"article\" \/>\n<meta property=\"og:title\" content=\"Papa surpreende os pobres ao visitar Posto de Sa\u00fade e inaugurar Centro de Acolhimento - Not\u00edcias - Franciscanos\" \/>\n<meta property=\"og:description\" content=\"Dia Mundial dos Pobres\" \/>\n<meta property=\"og:url\" content=\"https:\/\/franciscanos.org.br\/noticias\/papa-surpreende-os-pobres-ao-visitar-posto-de-saude-e-inaugurar-centro-de-acolhimento.html\" \/>\n<meta property=\"og:site_name\" content=\"Not\u00edcias - Franciscanos\" \/>\n<meta property=\"article:published_time\" content=\"2019-11-16T09:48:51+00:00\" \/>\n<meta property=\"article:modified_time\" content=\"2020-06-06T10:08:59+00:00\" \/>\n<meta property=\"og:image\" content=\"https:\/\/franciscanos.org.br\/noticias\/wp-content\/uploads\/2019\/11\/pobres_1611d.jpg\" \/>\n\t<meta property=\"og:image:width\" content=\"273\" \/>\n\t<meta property=\"og:image:height\" content=\"181\" \/>\n\t<meta property=\"og:image:type\" content=\"image\/jpeg\" \/>\n<meta name=\"author\" content=\"moacir\" \/>\n<meta name=\"twitter:card\" content=\"summary_large_image\" \/>\n<meta name=\"twitter:label1\" content=\"Escrito por\" \/>\n\t<meta name=\"twitter:data1\" content=\"moacir\" \/>\n\t<meta name=\"twitter:label2\" content=\"Est. tempo de leitura\" \/>\n\t<meta name=\"twitter:data2\" content=\"3 minutos\" \/>\n<script type=\"application\/ld+json\" class=\"yoast-schema-graph\">{\"@context\":\"https:\/\/schema.org\",\"@graph\":[{\"@type\":\"WebSite\",\"@id\":\"https:\/\/franciscanos.org.br\/noticias\/#website\",\"url\":\"https:\/\/franciscanos.org.br\/noticias\/\",\"name\":\"Not\u00edcias - Franciscanos\",\"description\":\"Prov\u00edncia Franciscana da Imaculada Concei\u00e7\u00e3o do Brasil - Ordem dos Frades Menores - OFM\",\"potentialAction\":[{\"@type\":\"SearchAction\",\"target\":{\"@type\":\"EntryPoint\",\"urlTemplate\":\"https:\/\/franciscanos.org.br\/noticias\/?s={search_term_string}\"},\"query-input\":\"required name=search_term_string\"}],\"inLanguage\":\"pt-BR\"},{\"@type\":\"ImageObject\",\"inLanguage\":\"pt-BR\",\"@id\":\"https:\/\/franciscanos.org.br\/noticias\/papa-surpreende-os-pobres-ao-visitar-posto-de-saude-e-inaugurar-centro-de-acolhimento.html#primaryimage\",\"url\":\"https:\/\/franciscanos.org.br\/noticias\/wp-content\/uploads\/2019\/11\/pobres_1611d.jpg\",\"contentUrl\":\"https:\/\/franciscanos.org.br\/noticias\/wp-content\/uploads\/2019\/11\/pobres_1611d.jpg\",\"width\":273,\"height\":181},{\"@type\":\"WebPage\",\"@id\":\"https:\/\/franciscanos.org.br\/noticias\/papa-surpreende-os-pobres-ao-visitar-posto-de-saude-e-inaugurar-centro-de-acolhimento.html#webpage\",\"url\":\"https:\/\/franciscanos.org.br\/noticias\/papa-surpreende-os-pobres-ao-visitar-posto-de-saude-e-inaugurar-centro-de-acolhimento.html\",\"name\":\"Papa surpreende os pobres ao visitar Posto de Sa\u00fade e inaugurar Centro de Acolhimento - Not\u00edcias - Franciscanos\",\"isPartOf\":{\"@id\":\"https:\/\/franciscanos.org.br\/noticias\/#website\"},\"primaryImageOfPage\":{\"@id\":\"https:\/\/franciscanos.org.br\/noticias\/papa-surpreende-os-pobres-ao-visitar-posto-de-saude-e-inaugurar-centro-de-acolhimento.html#primaryimage\"},\"datePublished\":\"2019-11-16T09:48:51+00:00\",\"dateModified\":\"2020-06-06T10:08:59+00:00\",\"author\":{\"@id\":\"https:\/\/franciscanos.org.br\/noticias\/#\/schema\/person\/b5c8cba458c330ccff548b056e95a5d4\"},\"breadcrumb\":{\"@id\":\"https:\/\/franciscanos.org.br\/noticias\/papa-surpreende-os-pobres-ao-visitar-posto-de-saude-e-inaugurar-centro-de-acolhimento.html#breadcrumb\"},\"inLanguage\":\"pt-BR\",\"potentialAction\":[{\"@type\":\"ReadAction\",\"target\":[\"https:\/\/franciscanos.org.br\/noticias\/papa-surpreende-os-pobres-ao-visitar-posto-de-saude-e-inaugurar-centro-de-acolhimento.html\"]}]},{\"@type\":\"BreadcrumbList\",\"@id\":\"https:\/\/franciscanos.org.br\/noticias\/papa-surpreende-os-pobres-ao-visitar-posto-de-saude-e-inaugurar-centro-de-acolhimento.html#breadcrumb\",\"itemListElement\":[{\"@type\":\"ListItem\",\"position\":1,\"name\":\"Home\",\"item\":\"https:\/\/franciscanos.org.br\/noticias\"},{\"@type\":\"ListItem\",\"position\":2,\"name\":\"Papa surpreende os pobres ao visitar Posto de Sa\u00fade e inaugurar Centro de Acolhimento\"}]},{\"@type\":\"Person\",\"@id\":\"https:\/\/franciscanos.org.br\/noticias\/#\/schema\/person\/b5c8cba458c330ccff548b056e95a5d4\",\"name\":\"moacir\",\"image\":{\"@type\":\"ImageObject\",\"inLanguage\":\"pt-BR\",\"@id\":\"https:\/\/franciscanos.org.br\/noticias\/#\/schema\/person\/image\/\",\"url\":\"https:\/\/secure.gravatar.com\/avatar\/d08aa2ce4c8dd416d4479aa8536fcf64?s=96&d=mm&r=g\",\"contentUrl\":\"https:\/\/secure.gravatar.com\/avatar\/d08aa2ce4c8dd416d4479aa8536fcf64?s=96&d=mm&r=g\",\"caption\":\"moacir\"},\"url\":\"https:\/\/franciscanos.org.br\/noticias\/author\/moacir\"}]}<\/script>\n<!-- \/ Yoast SEO plugin. -->","yoast_head_json":{"title":"Papa surpreende os pobres ao visitar Posto de Sa\u00fade e inaugurar Centro de Acolhimento - Not\u00edcias - Franciscanos","robots":{"index":"index","follow":"follow","max-snippet":"max-snippet:-1","max-image-preview":"max-image-preview:large","max-video-preview":"max-video-preview:-1"},"canonical":"https:\/\/franciscanos.org.br\/noticias\/papa-surpreende-os-pobres-ao-visitar-posto-de-saude-e-inaugurar-centro-de-acolhimento.html","og_locale":"pt_BR","og_type":"article","og_title":"Papa surpreende os pobres ao visitar Posto de Sa\u00fade e inaugurar Centro de Acolhimento - Not\u00edcias - Franciscanos","og_description":"Dia Mundial dos Pobres","og_url":"https:\/\/franciscanos.org.br\/noticias\/papa-surpreende-os-pobres-ao-visitar-posto-de-saude-e-inaugurar-centro-de-acolhimento.html","og_site_name":"Not\u00edcias - Franciscanos","article_published_time":"2019-11-16T09:48:51+00:00","article_modified_time":"2020-06-06T10:08:59+00:00","og_image":[{"width":273,"height":181,"url":"https:\/\/franciscanos.org.br\/noticias\/wp-content\/uploads\/2019\/11\/pobres_1611d.jpg","type":"image\/jpeg"}],"author":"moacir","twitter_card":"summary_large_image","twitter_misc":{"Escrito por":"moacir","Est. tempo de leitura":"3 minutos"},"schema":{"@context":"https:\/\/schema.org","@graph":[{"@type":"WebSite","@id":"https:\/\/franciscanos.org.br\/noticias\/#website","url":"https:\/\/franciscanos.org.br\/noticias\/","name":"Not\u00edcias - Franciscanos","description":"Prov\u00edncia Franciscana da Imaculada Concei\u00e7\u00e3o do Brasil - Ordem dos Frades Menores - OFM","potentialAction":[{"@type":"SearchAction","target":{"@type":"EntryPoint","urlTemplate":"https:\/\/franciscanos.org.br\/noticias\/?s={search_term_string}"},"query-input":"required name=search_term_string"}],"inLanguage":"pt-BR"},{"@type":"ImageObject","inLanguage":"pt-BR","@id":"https:\/\/franciscanos.org.br\/noticias\/papa-surpreende-os-pobres-ao-visitar-posto-de-saude-e-inaugurar-centro-de-acolhimento.html#primaryimage","url":"https:\/\/franciscanos.org.br\/noticias\/wp-content\/uploads\/2019\/11\/pobres_1611d.jpg","contentUrl":"https:\/\/franciscanos.org.br\/noticias\/wp-content\/uploads\/2019\/11\/pobres_1611d.jpg","width":273,"height":181},{"@type":"WebPage","@id":"https:\/\/franciscanos.org.br\/noticias\/papa-surpreende-os-pobres-ao-visitar-posto-de-saude-e-inaugurar-centro-de-acolhimento.html#webpage","url":"https:\/\/franciscanos.org.br\/noticias\/papa-surpreende-os-pobres-ao-visitar-posto-de-saude-e-inaugurar-centro-de-acolhimento.html","name":"Papa surpreende os pobres ao visitar Posto de Sa\u00fade e inaugurar Centro de Acolhimento - Not\u00edcias - Franciscanos","isPartOf":{"@id":"https:\/\/franciscanos.org.br\/noticias\/#website"},"primaryImageOfPage":{"@id":"https:\/\/franciscanos.org.br\/noticias\/papa-surpreende-os-pobres-ao-visitar-posto-de-saude-e-inaugurar-centro-de-acolhimento.html#primaryimage"},"datePublished":"2019-11-16T09:48:51+00:00","dateModified":"2020-06-06T10:08:59+00:00","author":{"@id":"https:\/\/franciscanos.org.br\/noticias\/#\/schema\/person\/b5c8cba458c330ccff548b056e95a5d4"},"breadcrumb":{"@id":"https:\/\/franciscanos.org.br\/noticias\/papa-surpreende-os-pobres-ao-visitar-posto-de-saude-e-inaugurar-centro-de-acolhimento.html#breadcrumb"},"inLanguage":"pt-BR","potentialAction":[{"@type":"ReadAction","target":["https:\/\/franciscanos.org.br\/noticias\/papa-surpreende-os-pobres-ao-visitar-posto-de-saude-e-inaugurar-centro-de-acolhimento.html"]}]},{"@type":"BreadcrumbList","@id":"https:\/\/franciscanos.org.br\/noticias\/papa-surpreende-os-pobres-ao-visitar-posto-de-saude-e-inaugurar-centro-de-acolhimento.html#breadcrumb","itemListElement":[{"@type":"ListItem","position":1,"name":"Home","item":"https:\/\/franciscanos.org.br\/noticias"},{"@type":"ListItem","position":2,"name":"Papa surpreende os pobres ao visitar Posto de Sa\u00fade e inaugurar Centro de Acolhimento"}]},{"@type":"Person","@id":"https:\/\/franciscanos.org.br\/noticias\/#\/schema\/person\/b5c8cba458c330ccff548b056e95a5d4","name":"moacir","image":{"@type":"ImageObject","inLanguage":"pt-BR","@id":"https:\/\/franciscanos.org.br\/noticias\/#\/schema\/person\/image\/","url":"https:\/\/secure.gravatar.com\/avatar\/d08aa2ce4c8dd416d4479aa8536fcf64?s=96&d=mm&r=g","contentUrl":"https:\/\/secure.gravatar.com\/avatar\/d08aa2ce4c8dd416d4479aa8536fcf64?s=96&d=mm&r=g","caption":"moacir"},"url":"https:\/\/franciscanos.org.br\/noticias\/author\/moacir"}]}},"_links":{"self":[{"href":"https:\/\/franciscanos.org.br\/noticias\/wp-json\/wp\/v2\/posts\/213940"}],"collection":[{"href":"https:\/\/franciscanos.org.br\/noticias\/wp-json\/wp\/v2\/posts"}],"about":[{"href":"https:\/\/franciscanos.org.br\/noticias\/wp-json\/wp\/v2\/types\/post"}],"author":[{"embeddable":true,"href":"https:\/\/franciscanos.org.br\/noticias\/wp-json\/wp\/v2\/users\/3"}],"replies":[{"embeddable":true,"href":"https:\/\/franciscanos.org.br\/noticias\/wp-json\/wp\/v2\/comments?post=213940"}],"version-history":[{"count":1,"href":"https:\/\/franciscanos.org.br\/noticias\/wp-json\/wp\/v2\/posts\/213940\/revisions"}],"predecessor-version":[{"id":224413,"href":"https:\/\/franciscanos.org.br\/noticias\/wp-json\/wp\/v2\/posts\/213940\/revisions\/224413"}],"wp:featuredmedia":[{"embeddable":true,"href":"https:\/\/franciscanos.org.br\/noticias\/wp-json\/wp\/v2\/media\/213944"}],"wp:attachment":[{"href":"https:\/\/franciscanos.org.br\/noticias\/wp-json\/wp\/v2\/media?parent=213940"}],"wp:term":[{"taxonomy":"category","embeddable":true,"href":"https:\/\/franciscanos.org.br\/noticias\/wp-json\/wp\/v2\/categories?post=213940"},{"taxonomy":"post_tag","embeddable":true,"href":"https:\/\/franciscanos.org.br\/noticias\/wp-json\/wp\/v2\/tags?post=213940"}],"curies":[{"name":"wp","href":"https:\/\/api.w.org\/{rel}","templated":true}]}}