{"id":213888,"date":"2019-11-12T19:16:40","date_gmt":"2019-11-12T22:16:40","guid":{"rendered":"https:\/\/franciscanos.org.br\/noticias\/?p=213888"},"modified":"2019-11-27T23:37:06","modified_gmt":"2019-11-28T02:37:06","slug":"dom-johannes-pede-conversao-baseada-na-sinodalidade","status":"publish","type":"post","link":"https:\/\/franciscanos.org.br\/noticias\/dom-johannes-pede-conversao-baseada-na-sinodalidade.html","title":{"rendered":"Dom Johannes pede convers\u00e3o baseada na sinodalidade"},"content":{"rendered":"<p><img loading=\"lazy\" class=\"alignnone wp-image-213889 size-full\" src=\"https:\/\/franciscanos.org.br\/noticias\/wp-content\/uploads\/2019\/11\/segundodia_1211.jpg\" alt=\"\" width=\"890\" height=\"593\" srcset=\"https:\/\/franciscanos.org.br\/noticias\/wp-content\/uploads\/2019\/11\/segundodia_1211.jpg 890w, https:\/\/franciscanos.org.br\/noticias\/wp-content\/uploads\/2019\/11\/segundodia_1211-450x300.jpg 450w, https:\/\/franciscanos.org.br\/noticias\/wp-content\/uploads\/2019\/11\/segundodia_1211-768x512.jpg 768w, https:\/\/franciscanos.org.br\/noticias\/wp-content\/uploads\/2019\/11\/segundodia_1211-150x100.jpg 150w\" sizes=\"(max-width: 890px) 100vw, 890px\" \/><\/p>\n<p><strong>Frei Augusto Luiz Gabriel<\/strong><\/p>\n<p><strong>Petr\u00f3polis (RJ) \u2013 \u201c<\/strong>Como franciscanos, talvez esse seja o maior desafio: novos caminhos de convers\u00e3o pastoral. Devemos tra\u00e7ar novos caminhos de evangeliza\u00e7\u00e3o, mas que devem ser constru\u00eddos a partir de um di\u00e1logo\u201d. Foi o que disse o bispo franciscano Dom Bernardo Johannes Bahmann, da Diocese de \u00d3bidos, no Par\u00e1, no segundo dia do Simp\u00f3sio sobre o S\u00ednodo para a Amaz\u00f4nia \u00a0no Instituto Teol\u00f3gico Franciscano (ITF), de Petr\u00f3polis (RJ), nesta ter\u00e7a-feira, 12 de novembro. No primeiro dia, <a href=\"https:\/\/franciscanos.org.br\/noticias\/estar-do-lado-dos-indios-e-dos-pobres-e-estar-em-comunhao-com-a-igreja.html\" target=\"_blank\" rel=\"noopener noreferrer\"><strong>Dom Evaristo Spengler, bispo franciscano da Prelazia do Maraj\u00f3, falou no Simp\u00f3sio.<\/strong><\/a><\/p>\n<p>Logo no in\u00edcio da manh\u00e3, Frei F\u00e1bio C\u00e9sar Gomes, professor de Teologia Espiritual do ITF, apresentou o palestrante dizendo que o religioso sempre se caracterizou com um homem do \u201csorriso largo\u201d. Dom Bernardo \u00e9 de nacionalidade alem\u00e3, mas est\u00e1 radicado no Brasil desde 1983. Sua forma\u00e7\u00e3o religiosa se deu no caminho formativo da Prov\u00edncia Franciscana da Imaculada Concei\u00e7\u00e3o do Brasil, por\u00e9m, em 2009 foi nomeado Bispo da Diocese de \u00d3bidos pelo Papa Bento XVI, assumindo uma miss\u00e3o que vai de encontro com todos os aspectos do S\u00ednodo Pan-Amaz\u00f4nico.<\/p>\n<p>Frei Johannes, como \u00e9 conhecido entre os frades, falou de quatro dimens\u00f5es, apresentadas pelo Papa Francisco no in\u00edcio do S\u00ednodo: pastoral, social, cultura e ecologia. Segundo ele, s\u00e3o nestes aspectos que se encontram os principais \u201cDesafios da Evangeliza\u00e7\u00e3o da Amaz\u00f4nia\u201d, tem\u00e1tica proposta pelo evento.<\/p>\n<p><img loading=\"lazy\" class=\"alignnone wp-image-213890 size-full\" src=\"https:\/\/franciscanos.org.br\/noticias\/wp-content\/uploads\/2019\/11\/segundodia_1211_1.jpg\" alt=\"\" width=\"890\" height=\"593\" srcset=\"https:\/\/franciscanos.org.br\/noticias\/wp-content\/uploads\/2019\/11\/segundodia_1211_1.jpg 890w, https:\/\/franciscanos.org.br\/noticias\/wp-content\/uploads\/2019\/11\/segundodia_1211_1-450x300.jpg 450w, https:\/\/franciscanos.org.br\/noticias\/wp-content\/uploads\/2019\/11\/segundodia_1211_1-768x512.jpg 768w, https:\/\/franciscanos.org.br\/noticias\/wp-content\/uploads\/2019\/11\/segundodia_1211_1-150x100.jpg 150w\" sizes=\"(max-width: 890px) 100vw, 890px\" \/><\/p>\n<p><strong>DESAFIOS PARA A EVANGELIZA\u00c7\u00c3O NA AMAZ\u00d4NIA <\/strong><\/p>\n<p>No in\u00edcio da explana\u00e7\u00e3o, o bispo fez mem\u00f3ria dos momentos celebrativos na Bas\u00edlica de S\u00e3o Pedro em Roma. Para ele, a invoca\u00e7\u00e3o do Esp\u00edrito Santo n\u00e3o \u00e9 uma brincadeira. \u201cPrecisamos nos dar conta de que o Esp\u00edrito Santo \u00e9 um ato de f\u00e9. Ele age em quem o invoca. E eu, acredito que de fato o Esp\u00edrito soprou neste S\u00ednodo, da mesma forma que soprou no Vaticano II\u201d, disse esperan\u00e7oso.<\/p>\n<p>\u201cA mesma coisa \u00e9 em rela\u00e7\u00e3o \u00e0 Amaz\u00f4nia. Antes de tudo, precisamos compreender o que \u00e9 a Amaz\u00f4nia. Tamb\u00e9m precisamos escutar e entender sem julgar e sem preconceitos. Ser livre diante da Amaz\u00f4nia. N\u00f3s temos muitas vozes, seja na Igreja, fora dela como tamb\u00e9m na humanidade. Muita gente fala sobre a Amaz\u00f4nia, mas muitas vezes falam de uma Amaz\u00f4nia que n\u00e3o conhecem\u201d, ressalvou.<\/p>\n<p>Para ele, a infraestrutura b\u00e1sica, em quase todas as cidades da Amaz\u00f4nia nasceu por conta do esfor\u00e7o da Igreja Cat\u00f3lica. \u201cPor isso, \u00e9 muito dif\u00edcil de entender hoje quando afirmam por a\u00ed que estamos questionando a soberania do Brasil. N\u00f3s lutamos pelos direitos de todos e tamb\u00e9m pelo direito da pr\u00f3pria natureza, da ecologia e de todo cria\u00e7\u00e3o. Em momento nenhum n\u00f3s questionamos a soberania. Por isso, precisamos entender muito bem quando falamos de incultura\u00e7\u00e3o\u201d, explicou.<\/p>\n<p><img loading=\"lazy\" class=\"alignnone size-full wp-image-213891\" src=\"https:\/\/franciscanos.org.br\/noticias\/wp-content\/uploads\/2019\/11\/segundodia_1211_3.jpg\" alt=\"\" width=\"890\" height=\"593\" srcset=\"https:\/\/franciscanos.org.br\/noticias\/wp-content\/uploads\/2019\/11\/segundodia_1211_3.jpg 890w, https:\/\/franciscanos.org.br\/noticias\/wp-content\/uploads\/2019\/11\/segundodia_1211_3-450x300.jpg 450w, https:\/\/franciscanos.org.br\/noticias\/wp-content\/uploads\/2019\/11\/segundodia_1211_3-768x512.jpg 768w, https:\/\/franciscanos.org.br\/noticias\/wp-content\/uploads\/2019\/11\/segundodia_1211_3-150x100.jpg 150w\" sizes=\"(max-width: 890px) 100vw, 890px\" \/><\/p>\n<p>Frei Bernardo, ressaltou outro desafio muito grande que \u00e9 o da comunica\u00e7\u00e3o. Segundo ele, s\u00e3o produzidas muitas verdades, mas tamb\u00e9m muitas mentiras. \u201cN\u00f3s precisamos saber distinguir. Se faz julgamento do que \u00e9 errado a partir do que \u00e9 certo e vice-versa. Falam-se coisas que simplesmente n\u00e3o s\u00e3o verdades\u201d, lamentou.\u00a0 \u201cDe Roma pude perceber dois s\u00ednodos: um que foi verdadeiro e que estava acontecendo com os padres sinodais e os 300 participantes, e outro que foi o S\u00ednodo na m\u00eddia\u201d, disse Dom Bernardo, referindo aos exageros e <em>fake news<\/em> que a imprensa produziu.<\/p>\n<p>\u201cN\u00f3s n\u00e3o tivemos pretens\u00f5es de convencer o mundo inteiro com nossas propostas. N\u00f3s queremos resolver as coisas de nossa casa. O que atinge a todos ser\u00e1, sim, partilhado com o mundo todo, mas antes precisamos focar, olhar, escutar e ter consci\u00eancia do que se trata de fato\u201d, enfatizou.<\/p>\n<p>Dom Johannes explicou ainda que o S\u00ednodo n\u00e3o surgiu de uma hora para outra. \u201c\u00c9 um caminho que n\u00f3s estamos tra\u00e7ando h\u00e1 longa data\u201d, revelou o franciscano, fazendo men\u00e7\u00e3o a um encontro dos Bispos da Amaz\u00f4nia brasileira, ocorrido em 1972, em Santar\u00e9m, onde eles j\u00e1 conversavam sobre a situa\u00e7\u00e3o. \u201cE uma das coisas que surgiu desse encontro foram as Comunidades Eclesiais de Base (CEBS) por conta das preocupa\u00e7\u00f5es dos bispos. Depois, a pr\u00f3pria CNBB instituiu uma Comiss\u00e3o para a Amaz\u00f4nia e a REPAM. Foi um crescer, uma caminhada que n\u00f3s fizemos todos juntos\u201d, detalhou.<\/p>\n<p><img loading=\"lazy\" class=\"alignnone size-full wp-image-213892\" src=\"https:\/\/franciscanos.org.br\/noticias\/wp-content\/uploads\/2019\/11\/segundodia_1211_5.jpg\" alt=\"\" width=\"890\" height=\"593\" srcset=\"https:\/\/franciscanos.org.br\/noticias\/wp-content\/uploads\/2019\/11\/segundodia_1211_5.jpg 890w, https:\/\/franciscanos.org.br\/noticias\/wp-content\/uploads\/2019\/11\/segundodia_1211_5-450x300.jpg 450w, https:\/\/franciscanos.org.br\/noticias\/wp-content\/uploads\/2019\/11\/segundodia_1211_5-768x512.jpg 768w, https:\/\/franciscanos.org.br\/noticias\/wp-content\/uploads\/2019\/11\/segundodia_1211_5-150x100.jpg 150w\" sizes=\"(max-width: 890px) 100vw, 890px\" \/><\/p>\n<p>Segundo ele, o Papa Francisco come\u00e7ou a falar de S\u00ednodo j\u00e1 faz um tempo. Relatou que em 2016 esteve em Roma e aproveitou para levar uma carta ao Pont\u00edfice. Nela, relatou v\u00e1rias quest\u00f5es, como o desmatamento que ocorre na regi\u00e3o, que naquele ano era mais forte do que \u00e9 hoje. \u201cEnt\u00e3o, contei muitas situa\u00e7\u00f5es ao Papa e ele me disse: \u2018Olha, estou pensando em convocar um S\u00ednodo, fala com o Cardeal Hummes\u2019. Ou seja, o Papa Francisco, j\u00e1 estava trabalhando um poss\u00edvel S\u00ednodo faz tempo\u201d, salientou. \u201cA quest\u00e3o \u00e9 como que n\u00f3s poderemos hoje evangelizar de modo adequado e inculturado\u201d, emendou.<\/p>\n<p><strong>TUDO EST\u00c1 INTERLIGADO<\/strong><\/p>\n<p>Para Dom Bernardo, o que interliga \u00e9 a \u00e1gua, os ecossistemas, as culturas e desenvolvimentos de territ\u00f3rio. \u201cTemos muitos povos diferentes, mas todos est\u00e3o interligados. N\u00f3s temos v\u00e1rias culturas na Amaz\u00f4nia, mas todas est\u00e3o interligadas\u201d, explicou.<\/p>\n<p>Contou ainda que durante o S\u00ednodo foram ressaltados aspectos da cultura do bem viver, sobretudo \u00a0a forma de vida dos povos ind\u00edgenas, que vivem em harmonia entre eles, com os outros, com a natureza e com Deus. \u201cComo vamos viver isso em nossa sociedade atual?\u201d, questionou.<\/p>\n<p>Para o bispo, se faz necess\u00e1rio tra\u00e7ar novos caminhos de evangeliza\u00e7\u00e3o que devem ser constru\u00eddos a partir de um di\u00e1logo com conhecimento. \u201cGostaria de lembrar os mission\u00e1rios e mission\u00e1rias, mas tamb\u00e9m os m\u00e1rtires. No S\u00ednodo, \u00a0encontramos o irm\u00e3o da Irm\u00e3 Dorothy, e ele disse que estava muito orgulhoso dela e que \u00a0conheceu a Amaz\u00f4nia s\u00f3 depois que ela morreu. Ele me disse assim: \u2018A catedral da Dorothy era a Amaz\u00f4nia\u2019. Isso que n\u00f3s devemos entender quando falamos da dimens\u00e3o m\u00edstica e espiritual. Quando falamos de Igreja n\u00e3o \u00e9 s\u00f3 de pedra, a nossa Catedral \u00e9 a floresta, \u00e9 a Amaz\u00f4nia, com tudo que nela existe\u201d, ensinou.<\/p>\n<div id=\"attachment_213893\" style=\"width: 900px\" class=\"wp-caption alignnone\"><img aria-describedby=\"caption-attachment-213893\" loading=\"lazy\" class=\"wp-image-213893 size-full\" src=\"https:\/\/franciscanos.org.br\/noticias\/wp-content\/uploads\/2019\/11\/segundodia_1211_4.jpg\" alt=\"\" width=\"890\" height=\"593\" srcset=\"https:\/\/franciscanos.org.br\/noticias\/wp-content\/uploads\/2019\/11\/segundodia_1211_4.jpg 890w, https:\/\/franciscanos.org.br\/noticias\/wp-content\/uploads\/2019\/11\/segundodia_1211_4-450x300.jpg 450w, https:\/\/franciscanos.org.br\/noticias\/wp-content\/uploads\/2019\/11\/segundodia_1211_4-768x512.jpg 768w, https:\/\/franciscanos.org.br\/noticias\/wp-content\/uploads\/2019\/11\/segundodia_1211_4-150x100.jpg 150w\" sizes=\"(max-width: 890px) 100vw, 890px\" \/><p id=\"caption-attachment-213893\" class=\"wp-caption-text\"><em>Frei Gustavo Medella, Vig\u00e1rio Provincial e Secret\u00e1rio para a Evangeliza\u00e7\u00e3o da Prov\u00edncia da Imaculada<\/em><\/p><\/div>\n<p><strong>O CRISTO APONTA PARA A AMAZ\u00d4NIA <\/strong><\/p>\n<p>Segundo Dom Johannes, a convers\u00e3o ecol\u00f3gica deve ser uma espiritualidade m\u00edstica no estilo de S\u00e3o Francisco de Assis. \u201cO franciscanismo \u00e9 mais atual do que n\u00f3s imaginamos hoje. Francisco e Clara est\u00e3o anos \u00e0 nossa frente e \u00a0precisamos resgatar isso. Uma convers\u00e3o que seja baseada na sinodalidade. No entanto, a \u00fanica convers\u00e3o \u00e9 sempre ao Evangelho vivo que \u00e9 Jesus Cristo. Todas as coisas fazem parte da evangeliza\u00e7\u00e3o, do an\u00fancio, do testemunho, da caridade. \u00c9 interessante que n\u00e3o foi somente o Papa Francisco a falar da Amaz\u00f4nia. Paulo VI j\u00e1 falava: \u201cO Cristo aponta para a Amaz\u00f4nia\u201d.<\/p>\n<p>O crist\u00e3o \u00e9 um itinerante, assim define o Papa Francisco. Como franciscanos talvez esse seja o maior desafio: novos caminhos de convers\u00e3o pastoral. \u201cMuitas vezes falamos que o carisma de S\u00e3o Francisco \u00e9 a pobreza, mas talvez poder\u00edamos acrescentar a itiner\u00e2ncia.\u00a0 Ser uma Igreja itinerante, em sa\u00edda, uma Igreja que realmente se coloca como servidora, kerigm\u00e1tica, educadora, samaritana, inculturada, misericordiosa e solid\u00e1ria\u201d, sublinhou o bispo.<\/p>\n<p>Em rela\u00e7\u00e3o aos jovens, o palestrante manifestou sua preocupa\u00e7\u00e3o, perguntando: \u201cCad\u00ea os jovens? Onde eles est\u00e3o hoje? Qual \u00e9 de fato o futuro de nossos jovens? \u00c9 suficiente o que estamos fazendo hoje? Para n\u00f3s, em nossa Diocese, n\u00e3o foi suficiente. Talvez nos falamos muito pouco sobre os jovens\u201d, revelou o franciscano.<\/p>\n<p><img loading=\"lazy\" class=\"alignnone size-full wp-image-213896\" src=\"https:\/\/franciscanos.org.br\/noticias\/wp-content\/uploads\/2019\/11\/segundodia_1211_7.jpg\" alt=\"\" width=\"890\" height=\"593\" srcset=\"https:\/\/franciscanos.org.br\/noticias\/wp-content\/uploads\/2019\/11\/segundodia_1211_7.jpg 890w, https:\/\/franciscanos.org.br\/noticias\/wp-content\/uploads\/2019\/11\/segundodia_1211_7-450x300.jpg 450w, https:\/\/franciscanos.org.br\/noticias\/wp-content\/uploads\/2019\/11\/segundodia_1211_7-768x512.jpg 768w, https:\/\/franciscanos.org.br\/noticias\/wp-content\/uploads\/2019\/11\/segundodia_1211_7-150x100.jpg 150w\" sizes=\"(max-width: 890px) 100vw, 890px\" \/><\/p>\n<p>Outra quest\u00e3o abordada foram os novos caminhos de convers\u00e3o cultural. Segundo o bispo, mission\u00e1rio deve ser aquele que vai para aprender, aquele que tem uma vis\u00e3o integradora da realidade e compreende as m\u00faltiplas conex\u00f5es existentes entre tudo o que foi criado. \u201cEssa \u00e9 uma quest\u00e3o de suma import\u00e2ncia, de reciprocidade, de solidariedade, de sentido de comunidade, de igualdade, de servi\u00e7o. N\u00f3s vamos para buscar uma unidade e a vis\u00e3o do bem viver\u201d, disse, lembrando que o mundo atual apresenta muitas fragmenta\u00e7\u00f5es.<\/p>\n<p>Frei Johannes fez mem\u00f3ria ainda ao relato da cria\u00e7\u00e3o de G\u00eanesis e alertou que faz parte da evangeliza\u00e7\u00e3o cuidar da Casa Comum. \u201cPrecisamos hoje apoiar projetos que proponham uma economia solid\u00e1ria, sustent\u00e1vel, circular e ecol\u00f3gica. Precisamos realmente ver o que acontece para reverter essa situa\u00e7\u00e3o\u201d, destacou. Ele fez refer\u00eancia ao movimento da ativista ambiental de apenas 16 anos, Greta Thunberg.<\/p>\n<p>\u201cPara podermos caminhar juntos precisamos da experi\u00eancia sinodal, fortalecendo sobretudo a cultura do di\u00e1logo: n\u00f3s precisamos conversar! \u00a0A nossa experi\u00eancia no S\u00ednodo foi de realmente escutar o que o outro pensa e superar sobretudo o clericalismo e as posi\u00e7\u00f5es arbitrarias que nos temos hoje na Igreja. Ou seja, descentralizar para termos um rosto amaz\u00f4nico com o devido reconhecimento daquilo que os leigos fazem. Que n\u00f3s, de fato, entendamos que eles s\u00e3o atores privilegiados. Ampliar tamb\u00e9m os espa\u00e7os e a participa\u00e7\u00e3o do laicato\u201d, prop\u00f4s.<\/p>\n<div id=\"attachment_213895\" style=\"width: 900px\" class=\"wp-caption alignnone\"><img aria-describedby=\"caption-attachment-213895\" loading=\"lazy\" class=\"wp-image-213895 size-full\" src=\"https:\/\/franciscanos.org.br\/noticias\/wp-content\/uploads\/2019\/11\/segundodia_1211_2.jpg\" alt=\"\" width=\"890\" height=\"593\" srcset=\"https:\/\/franciscanos.org.br\/noticias\/wp-content\/uploads\/2019\/11\/segundodia_1211_2.jpg 890w, https:\/\/franciscanos.org.br\/noticias\/wp-content\/uploads\/2019\/11\/segundodia_1211_2-450x300.jpg 450w, https:\/\/franciscanos.org.br\/noticias\/wp-content\/uploads\/2019\/11\/segundodia_1211_2-768x512.jpg 768w, https:\/\/franciscanos.org.br\/noticias\/wp-content\/uploads\/2019\/11\/segundodia_1211_2-150x100.jpg 150w\" sizes=\"(max-width: 890px) 100vw, 890px\" \/><p id=\"caption-attachment-213895\" class=\"wp-caption-text\"><em>Frei F\u00e1bio C\u00e9sar Gomes, professor de Teologia Espiritual do ITF<\/em><\/p><\/div>\n<p>E finalizou dizendo que \u00e9 preciso ter coragem, pois muitos dos elementos que constam no documento final do S\u00ednodo j\u00e1 podem ser colocados em pr\u00e1tica.<\/p>\n<p>Ap\u00f3s um r\u00e1pido intervalo, a segunda parte da manh\u00e3 foi dedicada a um debate em plen\u00e1ria com os participantes. A mesa contou com a modera\u00e7\u00e3o de Frei Sandro Roberto da Costa e Frei F\u00e1bio C\u00e9sar Gomes.<\/p>\n<p>Nesta quarta-feira (13-11), a secret\u00e1ria da Prelazia do Xingu, Dorismeire Vasconcelos, vai tratar da realidade eclesial na Amaz\u00f4nia. A modera\u00e7\u00e3o ficar\u00e1 a cargo dos professores Robson Castro e Frei Ludovico Garmus.<\/p>\n<p><img loading=\"lazy\" class=\"alignnone size-full wp-image-213897\" src=\"https:\/\/franciscanos.org.br\/noticias\/wp-content\/uploads\/2019\/11\/segundodia_1211_8.jpg\" alt=\"\" width=\"890\" height=\"593\" srcset=\"https:\/\/franciscanos.org.br\/noticias\/wp-content\/uploads\/2019\/11\/segundodia_1211_8.jpg 890w, https:\/\/franciscanos.org.br\/noticias\/wp-content\/uploads\/2019\/11\/segundodia_1211_8-450x300.jpg 450w, https:\/\/franciscanos.org.br\/noticias\/wp-content\/uploads\/2019\/11\/segundodia_1211_8-768x512.jpg 768w, https:\/\/franciscanos.org.br\/noticias\/wp-content\/uploads\/2019\/11\/segundodia_1211_8-150x100.jpg 150w\" sizes=\"(max-width: 890px) 100vw, 890px\" \/><\/p>\n","protected":false},"excerpt":{"rendered":"<p>S\u00ednodo para a Amaz\u00f4nia \u00a0no Instituto Teol\u00f3gico Franciscano (ITF)<\/p>\n","protected":false},"author":5,"featured_media":213898,"comment_status":"open","ping_status":"open","sticky":false,"template":"","format":"standard","meta":[],"categories":[1],"tags":[189,190,1535],"acf":[],"yoast_head":"<!-- This site is optimized with the Yoast SEO plugin v19.2 - https:\/\/yoast.com\/wordpress\/plugins\/seo\/ -->\n<title>Dom Johannes pede convers\u00e3o baseada na sinodalidade - Not\u00edcias - Franciscanos<\/title>\n<meta name=\"robots\" content=\"index, follow, max-snippet:-1, max-image-preview:large, max-video-preview:-1\" \/>\n<link rel=\"canonical\" href=\"https:\/\/franciscanos.org.br\/noticias\/dom-johannes-pede-conversao-baseada-na-sinodalidade.html\" \/>\n<meta property=\"og:locale\" content=\"pt_BR\" \/>\n<meta property=\"og:type\" content=\"article\" \/>\n<meta property=\"og:title\" content=\"Dom Johannes pede convers\u00e3o baseada na sinodalidade - Not\u00edcias - Franciscanos\" \/>\n<meta property=\"og:description\" content=\"S\u00ednodo para a Amaz\u00f4nia \u00a0no Instituto Teol\u00f3gico Franciscano (ITF)\" \/>\n<meta property=\"og:url\" content=\"https:\/\/franciscanos.org.br\/noticias\/dom-johannes-pede-conversao-baseada-na-sinodalidade.html\" \/>\n<meta property=\"og:site_name\" content=\"Not\u00edcias - Franciscanos\" \/>\n<meta property=\"article:published_time\" content=\"2019-11-12T22:16:40+00:00\" \/>\n<meta property=\"article:modified_time\" content=\"2019-11-28T02:37:06+00:00\" \/>\n<meta property=\"og:image\" content=\"https:\/\/franciscanos.org.br\/noticias\/wp-content\/uploads\/2019\/11\/segundodia_1211d.jpg\" \/>\n\t<meta property=\"og:image:width\" content=\"273\" \/>\n\t<meta property=\"og:image:height\" content=\"181\" \/>\n\t<meta property=\"og:image:type\" content=\"image\/jpeg\" \/>\n<meta name=\"author\" content=\"freiaugusto\" \/>\n<meta name=\"twitter:card\" content=\"summary_large_image\" \/>\n<meta name=\"twitter:label1\" content=\"Escrito por\" \/>\n\t<meta name=\"twitter:data1\" content=\"freiaugusto\" \/>\n\t<meta name=\"twitter:label2\" content=\"Est. tempo de leitura\" \/>\n\t<meta name=\"twitter:data2\" content=\"9 minutos\" \/>\n<script type=\"application\/ld+json\" class=\"yoast-schema-graph\">{\"@context\":\"https:\/\/schema.org\",\"@graph\":[{\"@type\":\"WebSite\",\"@id\":\"https:\/\/franciscanos.org.br\/noticias\/#website\",\"url\":\"https:\/\/franciscanos.org.br\/noticias\/\",\"name\":\"Not\u00edcias - Franciscanos\",\"description\":\"Prov\u00edncia Franciscana da Imaculada Concei\u00e7\u00e3o do Brasil - Ordem dos Frades Menores - OFM\",\"potentialAction\":[{\"@type\":\"SearchAction\",\"target\":{\"@type\":\"EntryPoint\",\"urlTemplate\":\"https:\/\/franciscanos.org.br\/noticias\/?s={search_term_string}\"},\"query-input\":\"required name=search_term_string\"}],\"inLanguage\":\"pt-BR\"},{\"@type\":\"ImageObject\",\"inLanguage\":\"pt-BR\",\"@id\":\"https:\/\/franciscanos.org.br\/noticias\/dom-johannes-pede-conversao-baseada-na-sinodalidade.html#primaryimage\",\"url\":\"https:\/\/franciscanos.org.br\/noticias\/wp-content\/uploads\/2019\/11\/segundodia_1211d.jpg\",\"contentUrl\":\"https:\/\/franciscanos.org.br\/noticias\/wp-content\/uploads\/2019\/11\/segundodia_1211d.jpg\",\"width\":273,\"height\":181},{\"@type\":\"WebPage\",\"@id\":\"https:\/\/franciscanos.org.br\/noticias\/dom-johannes-pede-conversao-baseada-na-sinodalidade.html#webpage\",\"url\":\"https:\/\/franciscanos.org.br\/noticias\/dom-johannes-pede-conversao-baseada-na-sinodalidade.html\",\"name\":\"Dom Johannes pede convers\u00e3o baseada na sinodalidade - Not\u00edcias - Franciscanos\",\"isPartOf\":{\"@id\":\"https:\/\/franciscanos.org.br\/noticias\/#website\"},\"primaryImageOfPage\":{\"@id\":\"https:\/\/franciscanos.org.br\/noticias\/dom-johannes-pede-conversao-baseada-na-sinodalidade.html#primaryimage\"},\"datePublished\":\"2019-11-12T22:16:40+00:00\",\"dateModified\":\"2019-11-28T02:37:06+00:00\",\"author\":{\"@id\":\"https:\/\/franciscanos.org.br\/noticias\/#\/schema\/person\/37f88f0d111cd5358b12a6556a99eb91\"},\"breadcrumb\":{\"@id\":\"https:\/\/franciscanos.org.br\/noticias\/dom-johannes-pede-conversao-baseada-na-sinodalidade.html#breadcrumb\"},\"inLanguage\":\"pt-BR\",\"potentialAction\":[{\"@type\":\"ReadAction\",\"target\":[\"https:\/\/franciscanos.org.br\/noticias\/dom-johannes-pede-conversao-baseada-na-sinodalidade.html\"]}]},{\"@type\":\"BreadcrumbList\",\"@id\":\"https:\/\/franciscanos.org.br\/noticias\/dom-johannes-pede-conversao-baseada-na-sinodalidade.html#breadcrumb\",\"itemListElement\":[{\"@type\":\"ListItem\",\"position\":1,\"name\":\"Home\",\"item\":\"https:\/\/franciscanos.org.br\/noticias\"},{\"@type\":\"ListItem\",\"position\":2,\"name\":\"Dom Johannes pede convers\u00e3o baseada na sinodalidade\"}]},{\"@type\":\"Person\",\"@id\":\"https:\/\/franciscanos.org.br\/noticias\/#\/schema\/person\/37f88f0d111cd5358b12a6556a99eb91\",\"name\":\"freiaugusto\",\"image\":{\"@type\":\"ImageObject\",\"inLanguage\":\"pt-BR\",\"@id\":\"https:\/\/franciscanos.org.br\/noticias\/#\/schema\/person\/image\/\",\"url\":\"https:\/\/secure.gravatar.com\/avatar\/9840b940e621801b24f3e6b059efb4b7?s=96&d=mm&r=g\",\"contentUrl\":\"https:\/\/secure.gravatar.com\/avatar\/9840b940e621801b24f3e6b059efb4b7?s=96&d=mm&r=g\",\"caption\":\"freiaugusto\"},\"url\":\"https:\/\/franciscanos.org.br\/noticias\/author\/freiaugusto\"}]}<\/script>\n<!-- \/ Yoast SEO plugin. -->","yoast_head_json":{"title":"Dom Johannes pede convers\u00e3o baseada na sinodalidade - Not\u00edcias - Franciscanos","robots":{"index":"index","follow":"follow","max-snippet":"max-snippet:-1","max-image-preview":"max-image-preview:large","max-video-preview":"max-video-preview:-1"},"canonical":"https:\/\/franciscanos.org.br\/noticias\/dom-johannes-pede-conversao-baseada-na-sinodalidade.html","og_locale":"pt_BR","og_type":"article","og_title":"Dom Johannes pede convers\u00e3o baseada na sinodalidade - Not\u00edcias - Franciscanos","og_description":"S\u00ednodo para a Amaz\u00f4nia \u00a0no Instituto Teol\u00f3gico Franciscano (ITF)","og_url":"https:\/\/franciscanos.org.br\/noticias\/dom-johannes-pede-conversao-baseada-na-sinodalidade.html","og_site_name":"Not\u00edcias - Franciscanos","article_published_time":"2019-11-12T22:16:40+00:00","article_modified_time":"2019-11-28T02:37:06+00:00","og_image":[{"width":273,"height":181,"url":"https:\/\/franciscanos.org.br\/noticias\/wp-content\/uploads\/2019\/11\/segundodia_1211d.jpg","type":"image\/jpeg"}],"author":"freiaugusto","twitter_card":"summary_large_image","twitter_misc":{"Escrito por":"freiaugusto","Est. tempo de leitura":"9 minutos"},"schema":{"@context":"https:\/\/schema.org","@graph":[{"@type":"WebSite","@id":"https:\/\/franciscanos.org.br\/noticias\/#website","url":"https:\/\/franciscanos.org.br\/noticias\/","name":"Not\u00edcias - Franciscanos","description":"Prov\u00edncia Franciscana da Imaculada Concei\u00e7\u00e3o do Brasil - Ordem dos Frades Menores - OFM","potentialAction":[{"@type":"SearchAction","target":{"@type":"EntryPoint","urlTemplate":"https:\/\/franciscanos.org.br\/noticias\/?s={search_term_string}"},"query-input":"required name=search_term_string"}],"inLanguage":"pt-BR"},{"@type":"ImageObject","inLanguage":"pt-BR","@id":"https:\/\/franciscanos.org.br\/noticias\/dom-johannes-pede-conversao-baseada-na-sinodalidade.html#primaryimage","url":"https:\/\/franciscanos.org.br\/noticias\/wp-content\/uploads\/2019\/11\/segundodia_1211d.jpg","contentUrl":"https:\/\/franciscanos.org.br\/noticias\/wp-content\/uploads\/2019\/11\/segundodia_1211d.jpg","width":273,"height":181},{"@type":"WebPage","@id":"https:\/\/franciscanos.org.br\/noticias\/dom-johannes-pede-conversao-baseada-na-sinodalidade.html#webpage","url":"https:\/\/franciscanos.org.br\/noticias\/dom-johannes-pede-conversao-baseada-na-sinodalidade.html","name":"Dom Johannes pede convers\u00e3o baseada na sinodalidade - Not\u00edcias - Franciscanos","isPartOf":{"@id":"https:\/\/franciscanos.org.br\/noticias\/#website"},"primaryImageOfPage":{"@id":"https:\/\/franciscanos.org.br\/noticias\/dom-johannes-pede-conversao-baseada-na-sinodalidade.html#primaryimage"},"datePublished":"2019-11-12T22:16:40+00:00","dateModified":"2019-11-28T02:37:06+00:00","author":{"@id":"https:\/\/franciscanos.org.br\/noticias\/#\/schema\/person\/37f88f0d111cd5358b12a6556a99eb91"},"breadcrumb":{"@id":"https:\/\/franciscanos.org.br\/noticias\/dom-johannes-pede-conversao-baseada-na-sinodalidade.html#breadcrumb"},"inLanguage":"pt-BR","potentialAction":[{"@type":"ReadAction","target":["https:\/\/franciscanos.org.br\/noticias\/dom-johannes-pede-conversao-baseada-na-sinodalidade.html"]}]},{"@type":"BreadcrumbList","@id":"https:\/\/franciscanos.org.br\/noticias\/dom-johannes-pede-conversao-baseada-na-sinodalidade.html#breadcrumb","itemListElement":[{"@type":"ListItem","position":1,"name":"Home","item":"https:\/\/franciscanos.org.br\/noticias"},{"@type":"ListItem","position":2,"name":"Dom Johannes pede convers\u00e3o baseada na sinodalidade"}]},{"@type":"Person","@id":"https:\/\/franciscanos.org.br\/noticias\/#\/schema\/person\/37f88f0d111cd5358b12a6556a99eb91","name":"freiaugusto","image":{"@type":"ImageObject","inLanguage":"pt-BR","@id":"https:\/\/franciscanos.org.br\/noticias\/#\/schema\/person\/image\/","url":"https:\/\/secure.gravatar.com\/avatar\/9840b940e621801b24f3e6b059efb4b7?s=96&d=mm&r=g","contentUrl":"https:\/\/secure.gravatar.com\/avatar\/9840b940e621801b24f3e6b059efb4b7?s=96&d=mm&r=g","caption":"freiaugusto"},"url":"https:\/\/franciscanos.org.br\/noticias\/author\/freiaugusto"}]}},"_links":{"self":[{"href":"https:\/\/franciscanos.org.br\/noticias\/wp-json\/wp\/v2\/posts\/213888"}],"collection":[{"href":"https:\/\/franciscanos.org.br\/noticias\/wp-json\/wp\/v2\/posts"}],"about":[{"href":"https:\/\/franciscanos.org.br\/noticias\/wp-json\/wp\/v2\/types\/post"}],"author":[{"embeddable":true,"href":"https:\/\/franciscanos.org.br\/noticias\/wp-json\/wp\/v2\/users\/5"}],"replies":[{"embeddable":true,"href":"https:\/\/franciscanos.org.br\/noticias\/wp-json\/wp\/v2\/comments?post=213888"}],"version-history":[{"count":0,"href":"https:\/\/franciscanos.org.br\/noticias\/wp-json\/wp\/v2\/posts\/213888\/revisions"}],"wp:featuredmedia":[{"embeddable":true,"href":"https:\/\/franciscanos.org.br\/noticias\/wp-json\/wp\/v2\/media\/213898"}],"wp:attachment":[{"href":"https:\/\/franciscanos.org.br\/noticias\/wp-json\/wp\/v2\/media?parent=213888"}],"wp:term":[{"taxonomy":"category","embeddable":true,"href":"https:\/\/franciscanos.org.br\/noticias\/wp-json\/wp\/v2\/categories?post=213888"},{"taxonomy":"post_tag","embeddable":true,"href":"https:\/\/franciscanos.org.br\/noticias\/wp-json\/wp\/v2\/tags?post=213888"}],"curies":[{"name":"wp","href":"https:\/\/api.w.org\/{rel}","templated":true}]}}