{"id":213863,"date":"2019-11-11T17:13:17","date_gmt":"2019-11-11T20:13:17","guid":{"rendered":"https:\/\/franciscanos.org.br\/noticias\/?p=213863"},"modified":"2019-11-27T23:37:12","modified_gmt":"2019-11-28T02:37:12","slug":"estar-do-lado-dos-indios-e-dos-pobres-e-estar-em-comunhao-com-a-igreja","status":"publish","type":"post","link":"https:\/\/franciscanos.org.br\/noticias\/estar-do-lado-dos-indios-e-dos-pobres-e-estar-em-comunhao-com-a-igreja.html","title":{"rendered":"Estar do lado dos \u00edndios e dos pobres \u00e9 estar em comunh\u00e3o com a Igreja"},"content":{"rendered":"<p><img loading=\"lazy\" class=\"alignnone wp-image-213924 size-full\" src=\"https:\/\/franciscanos.org.br\/noticias\/wp-content\/uploads\/2019\/11\/simposio_111119_1.jpg\" alt=\"\" width=\"890\" height=\"500\" srcset=\"https:\/\/franciscanos.org.br\/noticias\/wp-content\/uploads\/2019\/11\/simposio_111119_1.jpg 890w, https:\/\/franciscanos.org.br\/noticias\/wp-content\/uploads\/2019\/11\/simposio_111119_1-450x253.jpg 450w, https:\/\/franciscanos.org.br\/noticias\/wp-content\/uploads\/2019\/11\/simposio_111119_1-768x431.jpg 768w, https:\/\/franciscanos.org.br\/noticias\/wp-content\/uploads\/2019\/11\/simposio_111119_1-150x84.jpg 150w\" sizes=\"(max-width: 890px) 100vw, 890px\" \/><\/p>\n<p><strong>Frei Gustavo Medella<\/strong><\/p>\n<p><strong>Petr\u00f3polis (RJ)<\/strong> &#8211; \u201cDefender a Amaz\u00f4nia e a vida dos povos origin\u00e1rios, trabalhar pela demarca\u00e7\u00e3o das terras, pelo cuidado com a Floresta e com as popula\u00e7\u00f5es que vivem naquele solo \u00e9 a posi\u00e7\u00e3o oficial da Igreja. Neste aspecto, n\u00e3o h\u00e1 escolha: ou se caminha com a Igreja ou se rompe a comunh\u00e3o com ela\u201d. Para Dom Evaristo Spengler, frade franciscano e bispo da Prelazia do Maraj\u00f3, no Estado do Par\u00e1, o S\u00ednodo para a Amaz\u00f4nia, cuja assembleia se concluiu no \u00faltimo dia 27 de outubro, em Roma, vem deixar claro que, diante dos desafios e das muitas disputas que t\u00eam atingido o territ\u00f3rio amaz\u00f4nico nos \u00faltimos tempos, a Igreja possui um posicionamento claro e incisivo em favor dos mais fr\u00e1geis. \u201cEstar do lado dos \u00edndios e dos pobres \u00e9 estar em Comunh\u00e3o com a Igreja\u201d, frisou. \u00a0Dom Evaristo foi o conferencista que abriu o Simp\u00f3sio sobre o S\u00ednodo Para a Amaz\u00f4nia, promovido pelo Instituto Teol\u00f3gico Franciscano, em Petr\u00f3polis, RJ, iniciado nesta segunda-feira, dia 11 de novembro.<\/p>\n<p><img loading=\"lazy\" class=\"alignnone size-full wp-image-213865\" src=\"https:\/\/franciscanos.org.br\/noticias\/wp-content\/uploads\/2019\/11\/itf_1111_3.jpg\" alt=\"\" width=\"890\" height=\"443\" srcset=\"https:\/\/franciscanos.org.br\/noticias\/wp-content\/uploads\/2019\/11\/itf_1111_3.jpg 890w, https:\/\/franciscanos.org.br\/noticias\/wp-content\/uploads\/2019\/11\/itf_1111_3-450x224.jpg 450w, https:\/\/franciscanos.org.br\/noticias\/wp-content\/uploads\/2019\/11\/itf_1111_3-768x382.jpg 768w, https:\/\/franciscanos.org.br\/noticias\/wp-content\/uploads\/2019\/11\/itf_1111_3-150x75.jpg 150w\" sizes=\"(max-width: 890px) 100vw, 890px\" \/><\/p>\n<p>No in\u00edcio da exposi\u00e7\u00e3o, o bispo aproveitou para agradecer ao Instituto pelo convite e destacou o fato de o ITF ter tido import\u00e2ncia fundamental em sua forma\u00e7\u00e3o pessoal, crist\u00e3 e ministerial. \u201cNa qualidade de ex-aluno, reconhe\u00e7o que o ITF deu uma contribui\u00e7\u00e3o fundamental para que eu fosse quem hoje sou\u201d, disse, em tom de gratid\u00e3o. Na introdu\u00e7\u00e3o de sua fala, que teve como tema \u201cAs disputas territoriais na Amaz\u00f4nia\u201d, Dom Evaristo assinalou que o conceito de territ\u00f3rio diz respeito ao lugar onde a pessoa constr\u00f3i sua vida, suas rela\u00e7\u00f5es e sua hist\u00f3ria, e por isso trata-se de algo importante e at\u00e9 sagrado na vida do ser humano. Destacou ainda que, na Amaz\u00f4nia, s\u00e3o diversos os povos origin\u00e1rios (ind\u00edgenas), al\u00e9m de camponeses, quilombolas e ribeirinhos, que aprenderam a viver uma rela\u00e7\u00e3o de reciprocidade e cumplicidade com a floresta, a que se convencionou chamar de \u201cflorestania\u201d, em refer\u00eancia ao termo cidadania. \u201cA rela\u00e7\u00e3o com a floresta se transforma de acordo com a experi\u00eancia que se faz em rela\u00e7\u00e3o a ela, sendo diferente para quem faz um r\u00e1pido sobrevoo, para quem navega pelas \u00e1guas dos rios e para quem vive no local. Necessariamente, estas pessoas ter\u00e3o uma l\u00f3gica diferente ao compreender a import\u00e2ncia da preserva\u00e7\u00e3o do local\u201d, explicou.<\/p>\n<p>Em seguida, apresentou alguns dados que d\u00e3o conta da dimens\u00e3o continental do territ\u00f3rio, recordando que a Amaz\u00f4nia possui 3.300 km de extens\u00e3o Leste-Oeste e 2.000 Km de Norte a Sul, com \u00e1rea que se espalha sobre nove dos treze pa\u00edses da Am\u00e9rica do Sul. Tamb\u00e9m recordou que o Amazonas, principal Rio da Bacia Amaz\u00f4nia, \u00e9 o maior do mundo em volume de \u00e1gua e tamb\u00e9m em extens\u00e3o. Fazendo refer\u00eancia a uma descri\u00e7\u00e3o realizada pelo escritor e ativista Roberto Malvezzi, conhecido como \u201cGog\u00f3\u201d, Dom Evaristo listou \u201ccinco d\u00e1divas da Amaz\u00f4nia\u201d, refor\u00e7ando a import\u00e2ncia deste bioma para a manuten\u00e7\u00e3o e o equil\u00edbrio da vida no planeta. S\u00e3o elas: o ciclo das \u00e1guas, que destaca o deslocamento de um verdadeiro \u201crio a\u00e9reo\u201d proveniente da evapora\u00e7\u00e3o promovida pelas \u00e1rvores e que \u00e9 trazido pelos ventos, proporcionando chuvas e umidade para as regi\u00f5es Sul e Sudeste; a reten\u00e7\u00e3o de milh\u00f5es de toneladas de carbono; a regula\u00e7\u00e3o do clima; a riqueza da biodiversidade animal e vegetal e a cultura e a vida dos povos origin\u00e1rios.\u00a0 \u201cA Amaz\u00f4nia j\u00e1 foi considerada o \u2018pulm\u00e3o do mundo\u2019. Hoje, a ci\u00eancia j\u00e1 deu um passo al\u00e9m, e a define como \u2018cora\u00e7\u00e3o biol\u00f3gico do mundo\u2019, referindo-se ao dinamismo, \u00e0 diversidade e \u00e0 exuber\u00e2ncia da vida que pulsa neste territ\u00f3rio\u201d, explicou.<\/p>\n<p><img loading=\"lazy\" class=\"alignnone size-full wp-image-213866\" src=\"https:\/\/franciscanos.org.br\/noticias\/wp-content\/uploads\/2019\/11\/itf_1111_2.jpg\" alt=\"\" width=\"890\" height=\"508\" srcset=\"https:\/\/franciscanos.org.br\/noticias\/wp-content\/uploads\/2019\/11\/itf_1111_2.jpg 890w, https:\/\/franciscanos.org.br\/noticias\/wp-content\/uploads\/2019\/11\/itf_1111_2-450x257.jpg 450w, https:\/\/franciscanos.org.br\/noticias\/wp-content\/uploads\/2019\/11\/itf_1111_2-768x438.jpg 768w, https:\/\/franciscanos.org.br\/noticias\/wp-content\/uploads\/2019\/11\/itf_1111_2-150x86.jpg 150w\" sizes=\"(max-width: 890px) 100vw, 890px\" \/><\/p>\n<p>O bispo ainda ressaltou a clareza que existe em se identificar, no territ\u00f3rio amaz\u00f4nico, a disputa entre dois modelos de desenvolvimento: o predat\u00f3rio e o socioambiental. O primeiro, das grandes corpora\u00e7\u00f5es e do poder financeiro, parte do pressuposto da explora\u00e7\u00e3o exaustiva dos recursos da regi\u00e3o em vista do lucro. Baseia-se na minera\u00e7\u00e3o, na pecu\u00e1ria, na monocultura, na extra\u00e7\u00e3o de madeira e em outras atividades que trazem consigo um rastro de destrui\u00e7\u00e3o e morte da floresta, do meio ambiente e de diversos m\u00e1rtires que j\u00e1 tombaram na defesa da Amaz\u00f4nia. O segundo, que pressup\u00f5e uma conviv\u00eancia harmoniosa com a \u201cfloresta em p\u00e9\u201d, beneficia os programas de origem comunit\u00e1ria e local, que buscam promover os povos origin\u00e1rios e promover um desenvolvimento compat\u00edvel com a preserva\u00e7\u00e3o do bioma. Entre estes dois modelos, segundo o bispo, n\u00e3o h\u00e1 d\u00favidas de que a Igreja apoia, defende e promove o modelo socioambiental.<\/p>\n<p><img loading=\"lazy\" class=\"alignnone size-full wp-image-213867\" src=\"https:\/\/franciscanos.org.br\/noticias\/wp-content\/uploads\/2019\/11\/itf_1111_5.jpg\" alt=\"\" width=\"890\" height=\"636\" srcset=\"https:\/\/franciscanos.org.br\/noticias\/wp-content\/uploads\/2019\/11\/itf_1111_5.jpg 890w, https:\/\/franciscanos.org.br\/noticias\/wp-content\/uploads\/2019\/11\/itf_1111_5-450x322.jpg 450w, https:\/\/franciscanos.org.br\/noticias\/wp-content\/uploads\/2019\/11\/itf_1111_5-768x549.jpg 768w, https:\/\/franciscanos.org.br\/noticias\/wp-content\/uploads\/2019\/11\/itf_1111_5-150x107.jpg 150w\" sizes=\"(max-width: 890px) 100vw, 890px\" \/><\/p>\n<p><strong>A EVANGELIZA\u00c7\u00c3O E A MISS\u00c3O DA IGREJA NA AMAZ\u00d4NIA<\/strong><\/p>\n<p>Logo ap\u00f3s a exposi\u00e7\u00e3o, houve momento para partilhas e perguntas, conduzido pelos professores Breno Herrera da Silva (doutor em Ecologia Social) e<strong> <a href=\"https:\/\/franciscanos.org.br\/noticias\/e-muito-importante-que-nos-franciscanos-e-franciscanas-assumamos-a-nossa-responsabilidade-neste-momento.html\">Moema Miranda<\/a><\/strong> (Mestra em Antropologia e participante do S\u00ednodo). Para o Professor Breno, embora haja ainda certo questionamento entre alguns grupos, n\u00e3o h\u00e1 d\u00favida de que o cuidado com a Casa Comum e a preserva\u00e7\u00e3o do meio ambiente sejam temas pertinentes \u00e0 miss\u00e3o da Igreja. \u201cTodas quest\u00f5es trazem consigo uma amea\u00e7a global e, portanto, faz parte da \u201ccatolicidade\u201d da Igreja ocupar-se desta preocupa\u00e7\u00e3o comum, tendo em vista que \u2018cat\u00f3lico\u2019 significa universal\u201d, lembrou.<\/p>\n<p>A Professora Moema Miranda, que tamb\u00e9m faz parte da Ordem Franciscana Secular, destacou a import\u00e2ncia de uma reflex\u00e3o atenta sobre o que significa \u201cevangelizar\u201d no contexto da quest\u00e3o amaz\u00f4nica. Segundo ela, faz-se necess\u00e1rio um esp\u00edrito sincero de convers\u00e3o, tamb\u00e9m pastoral, a fim de que se possam encontrar as respostas oportunas aos muitos desafios que se apresentam \u00e0 Igreja na regi\u00e3o. \u201cAo trabalhar pela defesa da vida na Amaz\u00f4nia, a Igreja est\u00e1 trabalhando pela defesa da vida do planeta e de toda a humanidade\u201d, garantiu a professora. Recordando uma preocupa\u00e7\u00e3o recorrente durante o S\u00ednodo e que tamb\u00e9m foi mencionada pelo Papa Francisco, Dom Evaristo destacou que, um dos grandes desafios eclesiais na Amaz\u00f4nia \u00e9 converter-se de uma pastoral de visitas para uma pastoral de presen\u00e7a. \u201cO primeiro modo, de visitar e oferecer esporadicamente os sacramentos \u00e0s comunidades, \u00e9 o que tem sido adotado atualmente. Importante seria pensarmos em modalidades que garantissem uma frequ\u00eancia mais efetiva e cotidiana da Igreja junto \u00e0s comunidades\u201d, frisou.<\/p>\n<p><img loading=\"lazy\" class=\"alignnone size-full wp-image-213868\" src=\"https:\/\/franciscanos.org.br\/noticias\/wp-content\/uploads\/2019\/11\/itf_1111_4.jpg\" alt=\"\" width=\"890\" height=\"610\" srcset=\"https:\/\/franciscanos.org.br\/noticias\/wp-content\/uploads\/2019\/11\/itf_1111_4.jpg 890w, https:\/\/franciscanos.org.br\/noticias\/wp-content\/uploads\/2019\/11\/itf_1111_4-450x308.jpg 450w, https:\/\/franciscanos.org.br\/noticias\/wp-content\/uploads\/2019\/11\/itf_1111_4-768x526.jpg 768w, https:\/\/franciscanos.org.br\/noticias\/wp-content\/uploads\/2019\/11\/itf_1111_4-150x103.jpg 150w, https:\/\/franciscanos.org.br\/noticias\/wp-content\/uploads\/2019\/11\/itf_1111_4-320x220.jpg 320w\" sizes=\"(max-width: 890px) 100vw, 890px\" \/><\/p>\n<p>Nesta segunda, a partir das 19h30, haver\u00e1 uma Noite Cultural com o Coral dos Canarinhos de Petr\u00f3polis e tamb\u00e9m uma exposi\u00e7\u00e3o da Professora Moema Miranda. Na ter\u00e7a-feira, dia 12, o tema do Simp\u00f3sio ser\u00e1 \u201cDesafios da Evangeliza\u00e7\u00e3o na Amaz\u00f4nia\u201d, com exposi\u00e7\u00e3o de Dom Bernardo Johannes Bahlmann, OFM, frade franciscano e bispo da Diocese de \u00d3bidos, PA, com media\u00e7\u00e3o dos professores Frei F\u00e1bio C\u00e9sar Gomes e Frei Sandro Roberto da Costa.<\/p>\n<p><img loading=\"lazy\" class=\"alignnone size-full wp-image-213869\" src=\"https:\/\/franciscanos.org.br\/noticias\/wp-content\/uploads\/2019\/11\/itf_1111_6.jpg\" alt=\"\" width=\"890\" height=\"553\" srcset=\"https:\/\/franciscanos.org.br\/noticias\/wp-content\/uploads\/2019\/11\/itf_1111_6.jpg 890w, https:\/\/franciscanos.org.br\/noticias\/wp-content\/uploads\/2019\/11\/itf_1111_6-450x280.jpg 450w, https:\/\/franciscanos.org.br\/noticias\/wp-content\/uploads\/2019\/11\/itf_1111_6-768x477.jpg 768w, https:\/\/franciscanos.org.br\/noticias\/wp-content\/uploads\/2019\/11\/itf_1111_6-150x93.jpg 150w\" sizes=\"(max-width: 890px) 100vw, 890px\" \/><\/p>\n","protected":false},"excerpt":{"rendered":"<p>Simp\u00f3sio sobre o S\u00ednodo Para a Amaz\u00f4nia<\/p>\n","protected":false},"author":3,"featured_media":213923,"comment_status":"open","ping_status":"open","sticky":false,"template":"","format":"standard","meta":[],"categories":[1],"tags":[189,190,1535],"acf":[],"yoast_head":"<!-- This site is optimized with the Yoast SEO plugin v19.2 - https:\/\/yoast.com\/wordpress\/plugins\/seo\/ -->\n<title>Estar do lado dos \u00edndios e dos pobres \u00e9 estar em comunh\u00e3o com a Igreja - Not\u00edcias - Franciscanos<\/title>\n<meta name=\"robots\" content=\"index, follow, max-snippet:-1, max-image-preview:large, max-video-preview:-1\" \/>\n<link rel=\"canonical\" href=\"https:\/\/franciscanos.org.br\/noticias\/estar-do-lado-dos-indios-e-dos-pobres-e-estar-em-comunhao-com-a-igreja.html\" \/>\n<meta property=\"og:locale\" content=\"pt_BR\" \/>\n<meta property=\"og:type\" content=\"article\" \/>\n<meta property=\"og:title\" content=\"Estar do lado dos \u00edndios e dos pobres \u00e9 estar em comunh\u00e3o com a Igreja - Not\u00edcias - Franciscanos\" \/>\n<meta property=\"og:description\" content=\"Simp\u00f3sio sobre o S\u00ednodo Para a Amaz\u00f4nia\" \/>\n<meta property=\"og:url\" content=\"https:\/\/franciscanos.org.br\/noticias\/estar-do-lado-dos-indios-e-dos-pobres-e-estar-em-comunhao-com-a-igreja.html\" \/>\n<meta property=\"og:site_name\" content=\"Not\u00edcias - Franciscanos\" \/>\n<meta property=\"article:published_time\" content=\"2019-11-11T20:13:17+00:00\" \/>\n<meta property=\"article:modified_time\" content=\"2019-11-28T02:37:12+00:00\" \/>\n<meta property=\"og:image\" content=\"https:\/\/franciscanos.org.br\/noticias\/wp-content\/uploads\/2019\/11\/simposio_111119.jpg\" \/>\n\t<meta property=\"og:image:width\" content=\"273\" \/>\n\t<meta property=\"og:image:height\" content=\"181\" \/>\n\t<meta property=\"og:image:type\" content=\"image\/jpeg\" \/>\n<meta name=\"author\" content=\"moacir\" \/>\n<meta name=\"twitter:card\" content=\"summary_large_image\" \/>\n<meta name=\"twitter:label1\" content=\"Escrito por\" \/>\n\t<meta name=\"twitter:data1\" content=\"moacir\" \/>\n\t<meta name=\"twitter:label2\" content=\"Est. tempo de leitura\" \/>\n\t<meta name=\"twitter:data2\" content=\"6 minutos\" \/>\n<script type=\"application\/ld+json\" class=\"yoast-schema-graph\">{\"@context\":\"https:\/\/schema.org\",\"@graph\":[{\"@type\":\"WebSite\",\"@id\":\"https:\/\/franciscanos.org.br\/noticias\/#website\",\"url\":\"https:\/\/franciscanos.org.br\/noticias\/\",\"name\":\"Not\u00edcias - Franciscanos\",\"description\":\"Prov\u00edncia Franciscana da Imaculada Concei\u00e7\u00e3o do Brasil - Ordem dos Frades Menores - OFM\",\"potentialAction\":[{\"@type\":\"SearchAction\",\"target\":{\"@type\":\"EntryPoint\",\"urlTemplate\":\"https:\/\/franciscanos.org.br\/noticias\/?s={search_term_string}\"},\"query-input\":\"required name=search_term_string\"}],\"inLanguage\":\"pt-BR\"},{\"@type\":\"ImageObject\",\"inLanguage\":\"pt-BR\",\"@id\":\"https:\/\/franciscanos.org.br\/noticias\/estar-do-lado-dos-indios-e-dos-pobres-e-estar-em-comunhao-com-a-igreja.html#primaryimage\",\"url\":\"https:\/\/franciscanos.org.br\/noticias\/wp-content\/uploads\/2019\/11\/simposio_111119.jpg\",\"contentUrl\":\"https:\/\/franciscanos.org.br\/noticias\/wp-content\/uploads\/2019\/11\/simposio_111119.jpg\",\"width\":273,\"height\":181},{\"@type\":\"WebPage\",\"@id\":\"https:\/\/franciscanos.org.br\/noticias\/estar-do-lado-dos-indios-e-dos-pobres-e-estar-em-comunhao-com-a-igreja.html#webpage\",\"url\":\"https:\/\/franciscanos.org.br\/noticias\/estar-do-lado-dos-indios-e-dos-pobres-e-estar-em-comunhao-com-a-igreja.html\",\"name\":\"Estar do lado dos \u00edndios e dos pobres \u00e9 estar em comunh\u00e3o com a Igreja - Not\u00edcias - Franciscanos\",\"isPartOf\":{\"@id\":\"https:\/\/franciscanos.org.br\/noticias\/#website\"},\"primaryImageOfPage\":{\"@id\":\"https:\/\/franciscanos.org.br\/noticias\/estar-do-lado-dos-indios-e-dos-pobres-e-estar-em-comunhao-com-a-igreja.html#primaryimage\"},\"datePublished\":\"2019-11-11T20:13:17+00:00\",\"dateModified\":\"2019-11-28T02:37:12+00:00\",\"author\":{\"@id\":\"https:\/\/franciscanos.org.br\/noticias\/#\/schema\/person\/b5c8cba458c330ccff548b056e95a5d4\"},\"breadcrumb\":{\"@id\":\"https:\/\/franciscanos.org.br\/noticias\/estar-do-lado-dos-indios-e-dos-pobres-e-estar-em-comunhao-com-a-igreja.html#breadcrumb\"},\"inLanguage\":\"pt-BR\",\"potentialAction\":[{\"@type\":\"ReadAction\",\"target\":[\"https:\/\/franciscanos.org.br\/noticias\/estar-do-lado-dos-indios-e-dos-pobres-e-estar-em-comunhao-com-a-igreja.html\"]}]},{\"@type\":\"BreadcrumbList\",\"@id\":\"https:\/\/franciscanos.org.br\/noticias\/estar-do-lado-dos-indios-e-dos-pobres-e-estar-em-comunhao-com-a-igreja.html#breadcrumb\",\"itemListElement\":[{\"@type\":\"ListItem\",\"position\":1,\"name\":\"Home\",\"item\":\"https:\/\/franciscanos.org.br\/noticias\"},{\"@type\":\"ListItem\",\"position\":2,\"name\":\"Estar do lado dos \u00edndios e dos pobres \u00e9 estar em comunh\u00e3o com a Igreja\"}]},{\"@type\":\"Person\",\"@id\":\"https:\/\/franciscanos.org.br\/noticias\/#\/schema\/person\/b5c8cba458c330ccff548b056e95a5d4\",\"name\":\"moacir\",\"image\":{\"@type\":\"ImageObject\",\"inLanguage\":\"pt-BR\",\"@id\":\"https:\/\/franciscanos.org.br\/noticias\/#\/schema\/person\/image\/\",\"url\":\"https:\/\/secure.gravatar.com\/avatar\/d08aa2ce4c8dd416d4479aa8536fcf64?s=96&d=mm&r=g\",\"contentUrl\":\"https:\/\/secure.gravatar.com\/avatar\/d08aa2ce4c8dd416d4479aa8536fcf64?s=96&d=mm&r=g\",\"caption\":\"moacir\"},\"url\":\"https:\/\/franciscanos.org.br\/noticias\/author\/moacir\"}]}<\/script>\n<!-- \/ Yoast SEO plugin. -->","yoast_head_json":{"title":"Estar do lado dos \u00edndios e dos pobres \u00e9 estar em comunh\u00e3o com a Igreja - Not\u00edcias - Franciscanos","robots":{"index":"index","follow":"follow","max-snippet":"max-snippet:-1","max-image-preview":"max-image-preview:large","max-video-preview":"max-video-preview:-1"},"canonical":"https:\/\/franciscanos.org.br\/noticias\/estar-do-lado-dos-indios-e-dos-pobres-e-estar-em-comunhao-com-a-igreja.html","og_locale":"pt_BR","og_type":"article","og_title":"Estar do lado dos \u00edndios e dos pobres \u00e9 estar em comunh\u00e3o com a Igreja - Not\u00edcias - Franciscanos","og_description":"Simp\u00f3sio sobre o S\u00ednodo Para a Amaz\u00f4nia","og_url":"https:\/\/franciscanos.org.br\/noticias\/estar-do-lado-dos-indios-e-dos-pobres-e-estar-em-comunhao-com-a-igreja.html","og_site_name":"Not\u00edcias - Franciscanos","article_published_time":"2019-11-11T20:13:17+00:00","article_modified_time":"2019-11-28T02:37:12+00:00","og_image":[{"width":273,"height":181,"url":"https:\/\/franciscanos.org.br\/noticias\/wp-content\/uploads\/2019\/11\/simposio_111119.jpg","type":"image\/jpeg"}],"author":"moacir","twitter_card":"summary_large_image","twitter_misc":{"Escrito por":"moacir","Est. tempo de leitura":"6 minutos"},"schema":{"@context":"https:\/\/schema.org","@graph":[{"@type":"WebSite","@id":"https:\/\/franciscanos.org.br\/noticias\/#website","url":"https:\/\/franciscanos.org.br\/noticias\/","name":"Not\u00edcias - Franciscanos","description":"Prov\u00edncia Franciscana da Imaculada Concei\u00e7\u00e3o do Brasil - Ordem dos Frades Menores - OFM","potentialAction":[{"@type":"SearchAction","target":{"@type":"EntryPoint","urlTemplate":"https:\/\/franciscanos.org.br\/noticias\/?s={search_term_string}"},"query-input":"required name=search_term_string"}],"inLanguage":"pt-BR"},{"@type":"ImageObject","inLanguage":"pt-BR","@id":"https:\/\/franciscanos.org.br\/noticias\/estar-do-lado-dos-indios-e-dos-pobres-e-estar-em-comunhao-com-a-igreja.html#primaryimage","url":"https:\/\/franciscanos.org.br\/noticias\/wp-content\/uploads\/2019\/11\/simposio_111119.jpg","contentUrl":"https:\/\/franciscanos.org.br\/noticias\/wp-content\/uploads\/2019\/11\/simposio_111119.jpg","width":273,"height":181},{"@type":"WebPage","@id":"https:\/\/franciscanos.org.br\/noticias\/estar-do-lado-dos-indios-e-dos-pobres-e-estar-em-comunhao-com-a-igreja.html#webpage","url":"https:\/\/franciscanos.org.br\/noticias\/estar-do-lado-dos-indios-e-dos-pobres-e-estar-em-comunhao-com-a-igreja.html","name":"Estar do lado dos \u00edndios e dos pobres \u00e9 estar em comunh\u00e3o com a Igreja - Not\u00edcias - Franciscanos","isPartOf":{"@id":"https:\/\/franciscanos.org.br\/noticias\/#website"},"primaryImageOfPage":{"@id":"https:\/\/franciscanos.org.br\/noticias\/estar-do-lado-dos-indios-e-dos-pobres-e-estar-em-comunhao-com-a-igreja.html#primaryimage"},"datePublished":"2019-11-11T20:13:17+00:00","dateModified":"2019-11-28T02:37:12+00:00","author":{"@id":"https:\/\/franciscanos.org.br\/noticias\/#\/schema\/person\/b5c8cba458c330ccff548b056e95a5d4"},"breadcrumb":{"@id":"https:\/\/franciscanos.org.br\/noticias\/estar-do-lado-dos-indios-e-dos-pobres-e-estar-em-comunhao-com-a-igreja.html#breadcrumb"},"inLanguage":"pt-BR","potentialAction":[{"@type":"ReadAction","target":["https:\/\/franciscanos.org.br\/noticias\/estar-do-lado-dos-indios-e-dos-pobres-e-estar-em-comunhao-com-a-igreja.html"]}]},{"@type":"BreadcrumbList","@id":"https:\/\/franciscanos.org.br\/noticias\/estar-do-lado-dos-indios-e-dos-pobres-e-estar-em-comunhao-com-a-igreja.html#breadcrumb","itemListElement":[{"@type":"ListItem","position":1,"name":"Home","item":"https:\/\/franciscanos.org.br\/noticias"},{"@type":"ListItem","position":2,"name":"Estar do lado dos \u00edndios e dos pobres \u00e9 estar em comunh\u00e3o com a Igreja"}]},{"@type":"Person","@id":"https:\/\/franciscanos.org.br\/noticias\/#\/schema\/person\/b5c8cba458c330ccff548b056e95a5d4","name":"moacir","image":{"@type":"ImageObject","inLanguage":"pt-BR","@id":"https:\/\/franciscanos.org.br\/noticias\/#\/schema\/person\/image\/","url":"https:\/\/secure.gravatar.com\/avatar\/d08aa2ce4c8dd416d4479aa8536fcf64?s=96&d=mm&r=g","contentUrl":"https:\/\/secure.gravatar.com\/avatar\/d08aa2ce4c8dd416d4479aa8536fcf64?s=96&d=mm&r=g","caption":"moacir"},"url":"https:\/\/franciscanos.org.br\/noticias\/author\/moacir"}]}},"_links":{"self":[{"href":"https:\/\/franciscanos.org.br\/noticias\/wp-json\/wp\/v2\/posts\/213863"}],"collection":[{"href":"https:\/\/franciscanos.org.br\/noticias\/wp-json\/wp\/v2\/posts"}],"about":[{"href":"https:\/\/franciscanos.org.br\/noticias\/wp-json\/wp\/v2\/types\/post"}],"author":[{"embeddable":true,"href":"https:\/\/franciscanos.org.br\/noticias\/wp-json\/wp\/v2\/users\/3"}],"replies":[{"embeddable":true,"href":"https:\/\/franciscanos.org.br\/noticias\/wp-json\/wp\/v2\/comments?post=213863"}],"version-history":[{"count":0,"href":"https:\/\/franciscanos.org.br\/noticias\/wp-json\/wp\/v2\/posts\/213863\/revisions"}],"wp:featuredmedia":[{"embeddable":true,"href":"https:\/\/franciscanos.org.br\/noticias\/wp-json\/wp\/v2\/media\/213923"}],"wp:attachment":[{"href":"https:\/\/franciscanos.org.br\/noticias\/wp-json\/wp\/v2\/media?parent=213863"}],"wp:term":[{"taxonomy":"category","embeddable":true,"href":"https:\/\/franciscanos.org.br\/noticias\/wp-json\/wp\/v2\/categories?post=213863"},{"taxonomy":"post_tag","embeddable":true,"href":"https:\/\/franciscanos.org.br\/noticias\/wp-json\/wp\/v2\/tags?post=213863"}],"curies":[{"name":"wp","href":"https:\/\/api.w.org\/{rel}","templated":true}]}}