{"id":213836,"date":"2019-11-11T13:05:36","date_gmt":"2019-11-11T16:05:36","guid":{"rendered":"https:\/\/franciscanos.org.br\/noticias\/?p=213836"},"modified":"2020-06-05T19:31:32","modified_gmt":"2020-06-05T22:31:32","slug":"capitalismo-inclusivo-ser-mais-e-nao-ter-mais-afirma-o-papa","status":"publish","type":"post","link":"https:\/\/franciscanos.org.br\/noticias\/capitalismo-inclusivo-ser-mais-e-nao-ter-mais-afirma-o-papa.html","title":{"rendered":"Capitalismo inclusivo: &#8220;ser mais&#8221; e n\u00e3o &#8220;ter mais&#8221;, afirma o Papa"},"content":{"rendered":"<p><img loading=\"lazy\" class=\"alignnone wp-image-213837 size-full\" src=\"https:\/\/franciscanos.org.br\/noticias\/wp-content\/uploads\/2019\/11\/papa_1111.jpg\" alt=\"\" width=\"890\" height=\"501\" srcset=\"https:\/\/franciscanos.org.br\/noticias\/wp-content\/uploads\/2019\/11\/papa_1111.jpg 890w, https:\/\/franciscanos.org.br\/noticias\/wp-content\/uploads\/2019\/11\/papa_1111-450x253.jpg 450w, https:\/\/franciscanos.org.br\/noticias\/wp-content\/uploads\/2019\/11\/papa_1111-768x432.jpg 768w, https:\/\/franciscanos.org.br\/noticias\/wp-content\/uploads\/2019\/11\/papa_1111-150x84.jpg 150w\" sizes=\"(max-width: 890px) 100vw, 890px\" \/><\/p>\n<p><strong>Cidade do Vaticano<\/strong> &#8211; O Papa Francisco recebeu em audi\u00eancia, no Vaticano, os membros do Conselho em prol de um Capitalismo Inclusivo, organismo que \u00e9 um dos frutos do F\u00f3rum Global \u201cFortune and Time\u201d, realizado em 2016, que havia destacado a necessidade de modelos econ\u00f4micos mais inclusivos e \u00e9quos.<\/p>\n<p>\u201cO aumento dos n\u00edveis de pobreza em escala global testemunha que a desigualdade prevalece sobre a integra\u00e7\u00e3o harmoniosa de pessoas e na\u00e7\u00f5es. \u00c9 necess\u00e1rio e urgente um sistema econ\u00f4mico justo, confi\u00e1vel e capaz de responder aos desafios mais radicais que a humanidade e o planeta devem enfrentar\u201d, defendeu o Pont\u00edfice.<\/p>\n<p>O Papa reiterou que um sistema econ\u00f4mico saud\u00e1vel n\u00e3o pode ser baseado nos lucros a curto prazo em detrimento de um desenvolvimento e investimentos produtivos, sustent\u00e1veis e socialmente respons\u00e1veis a longo prazo.\u00a0O verdadeiro desenvolvimento n\u00e3o pode se limitar somente ao crescimento econ\u00f4mico, mas favorecer a promo\u00e7\u00e3o de cada homem e de todo homem, como dizia S\u00e3o Paulo VI.<\/p>\n<p><strong>Enquadrar as contas<\/strong><br \/>\nPara Francisco, isso significa muito mais do que \u201cenquadrar as contas\u201d ou oferecer uma ampla variedade de bens de consumo, mas \u201cuma renova\u00e7\u00e3o, uma purifica\u00e7\u00e3o e um refor\u00e7o de v\u00e1lidos modelos baseados na nossa convers\u00e3o pessoal e generosidade para com os mais necessitados\u201d. \u201cUm sistema econ\u00f4mico sem preocupa\u00e7\u00f5es \u00e9ticas n\u00e3o conduz a uma ordem social mais justa, mas leva, ao inv\u00e9s, a uma cultura descart\u00e1vel dos consumos\u201d, recordou o Papa.\u00a0Somente reconhecendo a dimens\u00e3o moral da vida econ\u00f4mica somos capazes de agir com caridade fraterna, desejando, buscando e protegendo o bem dos outros e o seu desenvolvimento integral.<\/p>\n<p>Em outras palavras, acrescentou o Papa, n\u00e3o se trata simplesmente de \u201cter mais\u201d, mas \u201cser mais\u201d. Quando isto acontece, h\u00e1 uma renova\u00e7\u00e3o profunda das mentes e dos cora\u00e7\u00f5es, de modo que a pessoa humana possa ser sempre colocada no centro da vida social, cultural e econ\u00f4mica.\u00a0Francisco concluiu afirmando que o Conselho \u00e9 um sinal de esperan\u00e7a, pois seus membros se comprometeram em promover uma economia mais justa e humana, em sintonia com os princ\u00edpios da Doutrina Social da Igreja. \u201cUm capitalismo inclusivo, que n\u00e3o deixa ningu\u00e9m para tr\u00e1s, que n\u00e3o descarta nenhum dos nossos irm\u00e3os e irm\u00e3s, \u00e9 uma nobre aspira\u00e7\u00e3o, digna de seus melhores esfor\u00e7os\u201d.<\/p>\n<hr \/>\n<p><img loading=\"lazy\" class=\"alignnone size-full wp-image-213838\" src=\"https:\/\/franciscanos.org.br\/noticias\/wp-content\/uploads\/2019\/11\/papa_1111_1.jpg\" alt=\"\" width=\"890\" height=\"501\" srcset=\"https:\/\/franciscanos.org.br\/noticias\/wp-content\/uploads\/2019\/11\/papa_1111_1.jpg 890w, https:\/\/franciscanos.org.br\/noticias\/wp-content\/uploads\/2019\/11\/papa_1111_1-450x253.jpg 450w, https:\/\/franciscanos.org.br\/noticias\/wp-content\/uploads\/2019\/11\/papa_1111_1-768x432.jpg 768w, https:\/\/franciscanos.org.br\/noticias\/wp-content\/uploads\/2019\/11\/papa_1111_1-150x84.jpg 150w\" sizes=\"(max-width: 890px) 100vw, 890px\" \/><\/p>\n<h3>DIA MUNDIAL DOS POBRES<\/h3>\n<p>No pr\u00f3ximo domingo (17) ser\u00e1 celebrado no Vaticano o III Dia Mundial dos Pobres. O Papa Francisco vai presidir a celebra\u00e7\u00e3o eucar\u00edstica na Bas\u00edlica de S\u00e3o Pedro, com a participa\u00e7\u00e3o de milhares deles. A cerim\u00f4nia ser\u00e1 transmitida ao vivo pela R\u00e1dio Vaticano \u2013 Vatican News, com coment\u00e1rios em portugu\u00eas, a partir das 10h, hora italiana, 6h no hor\u00e1rio de Bras\u00edlia.<\/p>\n<p>Desde ontem (10) est\u00e1 aberto o Posto de Sa\u00fade Solid\u00e1rio, como j\u00e1 aconteceu no ano passado, na Pra\u00e7a S\u00e3o Pedro. O Posto conta com oito ambulat\u00f3rios para atender pacientes pobres e mais necessitados.\u00a0Segundo um comunicado do Pontif\u00edcio Conselho para a Promo\u00e7\u00e3o da Nova Evangeliza\u00e7\u00e3o ser\u00e3o disponibilizadas consultas m\u00e9dicas com especialistas, cuidados especiais, an\u00e1lises cl\u00ednicas e outros exames espec\u00edficos. Tudo completamente gratuito e oferecido a pessoas que normalmente tem dificuldade de acesso a este tipo de servi\u00e7o.<\/p>\n<p>Gra\u00e7as a este importante apoio \u00e0 realidade sanit\u00e1ria e \u00e0 difus\u00e3o que de ano em ano a iniciativa ganha, neste ano \u2013 prossegue o comunicado \u2013 aumentaram as especializa\u00e7\u00f5es oferecidas que ser\u00e3o: medicina geral, cardiologia, diabetologia, dermatologia, reumatologia, doen\u00e7as infecciosas, ginecologia, oftalmologia, podologia, e ambulat\u00f3rio de an\u00e1lises cl\u00ednicas, vacina\u00e7\u00e3o contra a gripe e para exames ultrassom\u201d.\u00a0O Posto ficar\u00e1 aberto at\u00e9 dia 17 de novembro, Dia Mundial do Pobre. No ano passado o Posto de Sa\u00fade atendeu em uma semana cerca de 2.000 pacientes, e foram feitas, gr\u00e1tis, mais de 3.500 consultas m\u00e9dicas.<\/p>\n<hr \/>\n<h3>&#8220;Primeiro os \u00faltimos&#8221;, vozes de um mundo melhor<\/h3>\n<p><img loading=\"lazy\" class=\"size-full wp-image-213839 alignleft\" src=\"https:\/\/franciscanos.org.br\/noticias\/wp-content\/uploads\/2019\/11\/papa_1111_2.jpg\" alt=\"\" width=\"263\" height=\"402\" srcset=\"https:\/\/franciscanos.org.br\/noticias\/wp-content\/uploads\/2019\/11\/papa_1111_2.jpg 263w, https:\/\/franciscanos.org.br\/noticias\/wp-content\/uploads\/2019\/11\/papa_1111_2-150x229.jpg 150w\" sizes=\"(max-width: 263px) 100vw, 263px\" \/>&#8220;Primeiro os \u00faltimos&#8221;, publicado pelas Paulinas, n\u00e3o \u00e9 uma boa cole\u00e7\u00e3o de hist\u00f3rias de vida, nem um exerc\u00edcio de bonzinhos convencidos. \u00c9, ao inv\u00e9s, um doce e forte apelo \u00e0 responsabilidade que cada um de n\u00f3s tem para com os nossos irm\u00e3os, para com aquela humanidade ferida que muitas vezes, nestes tempos, chega do mar exausta e violada. Bastaria ler a quem \u00e9 dedicado o livro e a carta do Papa Francisco ao autor &#8211; Rino Canzoneri -, para ler as 230 p\u00e1ginas fora das d\u00favidas e pol\u00eamicas que tantas vezes sufocam nossos cora\u00e7\u00f5es.<\/p>\n<p><strong>Consci\u00eancia e Evangelho<\/strong><br \/>\nA dedica\u00e7\u00e3o tem o gosto de uma incis\u00e3o a fogo nas consci\u00eancias, com seu chamado t\u00e3o pouco &#8220;politicamente correto&#8221;:<\/p>\n<p>A todos aqueles que morreram nas travessias do deserto e do Mediterr\u00e2neo; \u00e0queles que sofreram e sofrem viol\u00eancia nos campos de deten\u00e7\u00e3o e nas pris\u00f5es l\u00edbias. Ningu\u00e9m poder\u00e1 nos perdoar por n\u00e3o termos salvado voc\u00eas, por n\u00e3o termos ajudado a viver com dignidade.<\/p>\n<p>Com as cores da esperan\u00e7a s\u00e3o, ao inv\u00e9s, as palavras do Papa Francisco ao autor Canzoneri. Um agradecimento ao trabalho realizado pelo jornalista, capaz de &#8220;dar voz &#8211; escreve o Papa -, \u00e0quela parte da realidade que, gra\u00e7as a Deus, \u00e9 ainda a mais difundida, a realidade daqueles que n\u00e3o cedem \u00e0 indiferen\u00e7a&#8221;:<\/p>\n<p>Em uma \u00e9poca como aquela em que vivemos, caracterizada pela polariza\u00e7\u00e3o, pelas simplifica\u00e7\u00f5es medi\u00e1ticas, pelas manchetes dos jornais &#8220;gritadas&#8221; que podem criar uma representa\u00e7\u00e3o errada da realidade, pelos slogans e &#8211; infelizmente &#8211; por tantas m\u00e1s not\u00edcias, tenho certeza de que seu trabalho representar\u00e1 um sopro de ar bom: far\u00e1 muito bem! Sua iniciativa \u00e9 uma oportunidade para dar voz tamb\u00e9m \u00e0quela parte da realidade que, gra\u00e7as a Deus, ainda \u00e9 a mais difusa: a realidade daqueles que n\u00e3o cedem \u00e0 indiferen\u00e7a.<\/p>\n<p>A carta de Francisco corre ent\u00e3o entre as linhas do Evangelho, devolvendo-nos a Palavra de Cristo tantas vezes esquecida mas, por muitos, profundamente vivida:<\/p>\n<p>\u00c9 bonito e reconfortante saber que tantas pessoas colocam em pr\u00e1tica as palavras de Jesus que lemos no cap\u00edtulo 25 do Evangelho de Mateus, aquelas palavras que eu gosto de chamar &#8220;o protocolo&#8221; com base no qual todos seremos julgados: &#8220;Tive fome e me destes de comer, tive sede e me destes de beber; era estrangeiro e me acolhestes, nu e me vestistes, doente e me visitastes, prisioneiro e viestes me ver&#8221;.<\/p>\n<p><strong>Os protagonistas do livro<\/strong><br \/>\nOs protagonistas de &#8220;Primeiro os \u00faltimos&#8221; n\u00e3o s\u00e3o her\u00f3is, mas se comprometem com a vida. Como? Olhando o problema no rosto, perguntando-se o que podiam fazer e decidindo dar uma m\u00e3o \u00e0queles que pediam ajuda. Em que modo? Adotando &#8220;crian\u00e7as de poucos meses, que chegaram sozinhas porque suas m\u00e3es morreram no mar&#8221; ou &#8220;crian\u00e7as abandonadas por jovens mulheres estupradas; trabalhando &#8220;para garantir um futuro para crian\u00e7as em situa\u00e7\u00f5es dif\u00edceis ou apoiando &#8220;jovens migrantes at\u00e9 levando \u00e0 meta por eles sonhada&#8221;. H\u00e1 muitas f\u00f3rmulas para restaurar a esperan\u00e7a e a vida &#8220;sem se virar para o outro lado&#8221;, como diz o subt\u00edtulo do livro, pois h\u00e1 muitas hist\u00f3rias, emo\u00e7\u00f5es e alegrias recolhidas nestas 230 p\u00e1ginas que, uma ap\u00f3s a outra, nos convidam \u00e0 esperan\u00e7a porque o sentido da humanidade n\u00e3o est\u00e1 morto e outro mundo, melhor, n\u00e3o \u00e9 uma utopia.<\/p>\n<p>(Quando ouvi o choro da rec\u00e9m-nascida, seu rosto se iluminou com imensa alegria, banhado pelas l\u00e1grimas que corriam de seus grandes olhos. Finalmente l\u00e1grimas de felicidade, depois de anos de calv\u00e1rio. Naquele momento pensei que se tinha realizado um milagre incr\u00edvel. (de Primeiro os \u00faltimos)<\/p>\n<hr \/>\n<p><em>Fonte: Vatican News<\/em><\/p>\n","protected":false},"excerpt":{"rendered":"<p>Conselho em prol de um Capitalismo Inclusivo<\/p>\n","protected":false},"author":3,"featured_media":213840,"comment_status":"open","ping_status":"open","sticky":false,"template":"","format":"standard","meta":[],"categories":[1428],"tags":[55],"acf":[],"yoast_head":"<!-- This site is optimized with the Yoast SEO plugin v19.2 - https:\/\/yoast.com\/wordpress\/plugins\/seo\/ -->\n<title>Capitalismo inclusivo: &quot;ser mais&quot; e n\u00e3o &quot;ter mais&quot;, afirma o Papa - Not\u00edcias - Franciscanos<\/title>\n<meta name=\"robots\" content=\"index, follow, max-snippet:-1, max-image-preview:large, max-video-preview:-1\" \/>\n<link rel=\"canonical\" href=\"https:\/\/franciscanos.org.br\/noticias\/capitalismo-inclusivo-ser-mais-e-nao-ter-mais-afirma-o-papa.html\" \/>\n<meta property=\"og:locale\" content=\"pt_BR\" \/>\n<meta property=\"og:type\" content=\"article\" \/>\n<meta property=\"og:title\" content=\"Capitalismo inclusivo: &quot;ser mais&quot; e n\u00e3o &quot;ter mais&quot;, afirma o Papa - Not\u00edcias - Franciscanos\" \/>\n<meta property=\"og:description\" content=\"Conselho em prol de um Capitalismo Inclusivo\" \/>\n<meta property=\"og:url\" content=\"https:\/\/franciscanos.org.br\/noticias\/capitalismo-inclusivo-ser-mais-e-nao-ter-mais-afirma-o-papa.html\" \/>\n<meta property=\"og:site_name\" content=\"Not\u00edcias - Franciscanos\" \/>\n<meta property=\"article:published_time\" content=\"2019-11-11T16:05:36+00:00\" \/>\n<meta property=\"article:modified_time\" content=\"2020-06-05T22:31:32+00:00\" \/>\n<meta property=\"og:image\" content=\"https:\/\/franciscanos.org.br\/noticias\/wp-content\/uploads\/2019\/11\/papa_1111d.jpg\" \/>\n\t<meta property=\"og:image:width\" content=\"273\" \/>\n\t<meta property=\"og:image:height\" content=\"181\" \/>\n\t<meta property=\"og:image:type\" content=\"image\/jpeg\" \/>\n<meta name=\"author\" content=\"moacir\" \/>\n<meta name=\"twitter:card\" content=\"summary_large_image\" \/>\n<meta name=\"twitter:label1\" content=\"Escrito por\" \/>\n\t<meta name=\"twitter:data1\" content=\"moacir\" \/>\n\t<meta name=\"twitter:label2\" content=\"Est. tempo de leitura\" \/>\n\t<meta name=\"twitter:data2\" content=\"7 minutos\" \/>\n<script type=\"application\/ld+json\" class=\"yoast-schema-graph\">{\"@context\":\"https:\/\/schema.org\",\"@graph\":[{\"@type\":\"WebSite\",\"@id\":\"https:\/\/franciscanos.org.br\/noticias\/#website\",\"url\":\"https:\/\/franciscanos.org.br\/noticias\/\",\"name\":\"Not\u00edcias - Franciscanos\",\"description\":\"Prov\u00edncia Franciscana da Imaculada Concei\u00e7\u00e3o do Brasil - Ordem dos Frades Menores - OFM\",\"potentialAction\":[{\"@type\":\"SearchAction\",\"target\":{\"@type\":\"EntryPoint\",\"urlTemplate\":\"https:\/\/franciscanos.org.br\/noticias\/?s={search_term_string}\"},\"query-input\":\"required name=search_term_string\"}],\"inLanguage\":\"pt-BR\"},{\"@type\":\"ImageObject\",\"inLanguage\":\"pt-BR\",\"@id\":\"https:\/\/franciscanos.org.br\/noticias\/capitalismo-inclusivo-ser-mais-e-nao-ter-mais-afirma-o-papa.html#primaryimage\",\"url\":\"https:\/\/franciscanos.org.br\/noticias\/wp-content\/uploads\/2019\/11\/papa_1111d.jpg\",\"contentUrl\":\"https:\/\/franciscanos.org.br\/noticias\/wp-content\/uploads\/2019\/11\/papa_1111d.jpg\",\"width\":273,\"height\":181},{\"@type\":\"WebPage\",\"@id\":\"https:\/\/franciscanos.org.br\/noticias\/capitalismo-inclusivo-ser-mais-e-nao-ter-mais-afirma-o-papa.html#webpage\",\"url\":\"https:\/\/franciscanos.org.br\/noticias\/capitalismo-inclusivo-ser-mais-e-nao-ter-mais-afirma-o-papa.html\",\"name\":\"Capitalismo inclusivo: \\\"ser mais\\\" e n\u00e3o \\\"ter mais\\\", afirma o Papa - Not\u00edcias - Franciscanos\",\"isPartOf\":{\"@id\":\"https:\/\/franciscanos.org.br\/noticias\/#website\"},\"primaryImageOfPage\":{\"@id\":\"https:\/\/franciscanos.org.br\/noticias\/capitalismo-inclusivo-ser-mais-e-nao-ter-mais-afirma-o-papa.html#primaryimage\"},\"datePublished\":\"2019-11-11T16:05:36+00:00\",\"dateModified\":\"2020-06-05T22:31:32+00:00\",\"author\":{\"@id\":\"https:\/\/franciscanos.org.br\/noticias\/#\/schema\/person\/b5c8cba458c330ccff548b056e95a5d4\"},\"breadcrumb\":{\"@id\":\"https:\/\/franciscanos.org.br\/noticias\/capitalismo-inclusivo-ser-mais-e-nao-ter-mais-afirma-o-papa.html#breadcrumb\"},\"inLanguage\":\"pt-BR\",\"potentialAction\":[{\"@type\":\"ReadAction\",\"target\":[\"https:\/\/franciscanos.org.br\/noticias\/capitalismo-inclusivo-ser-mais-e-nao-ter-mais-afirma-o-papa.html\"]}]},{\"@type\":\"BreadcrumbList\",\"@id\":\"https:\/\/franciscanos.org.br\/noticias\/capitalismo-inclusivo-ser-mais-e-nao-ter-mais-afirma-o-papa.html#breadcrumb\",\"itemListElement\":[{\"@type\":\"ListItem\",\"position\":1,\"name\":\"Home\",\"item\":\"https:\/\/franciscanos.org.br\/noticias\"},{\"@type\":\"ListItem\",\"position\":2,\"name\":\"Capitalismo inclusivo: &#8220;ser mais&#8221; e n\u00e3o &#8220;ter mais&#8221;, afirma o Papa\"}]},{\"@type\":\"Person\",\"@id\":\"https:\/\/franciscanos.org.br\/noticias\/#\/schema\/person\/b5c8cba458c330ccff548b056e95a5d4\",\"name\":\"moacir\",\"image\":{\"@type\":\"ImageObject\",\"inLanguage\":\"pt-BR\",\"@id\":\"https:\/\/franciscanos.org.br\/noticias\/#\/schema\/person\/image\/\",\"url\":\"https:\/\/secure.gravatar.com\/avatar\/d08aa2ce4c8dd416d4479aa8536fcf64?s=96&d=mm&r=g\",\"contentUrl\":\"https:\/\/secure.gravatar.com\/avatar\/d08aa2ce4c8dd416d4479aa8536fcf64?s=96&d=mm&r=g\",\"caption\":\"moacir\"},\"url\":\"https:\/\/franciscanos.org.br\/noticias\/author\/moacir\"}]}<\/script>\n<!-- \/ Yoast SEO plugin. -->","yoast_head_json":{"title":"Capitalismo inclusivo: \"ser mais\" e n\u00e3o \"ter mais\", afirma o Papa - Not\u00edcias - Franciscanos","robots":{"index":"index","follow":"follow","max-snippet":"max-snippet:-1","max-image-preview":"max-image-preview:large","max-video-preview":"max-video-preview:-1"},"canonical":"https:\/\/franciscanos.org.br\/noticias\/capitalismo-inclusivo-ser-mais-e-nao-ter-mais-afirma-o-papa.html","og_locale":"pt_BR","og_type":"article","og_title":"Capitalismo inclusivo: \"ser mais\" e n\u00e3o \"ter mais\", afirma o Papa - Not\u00edcias - Franciscanos","og_description":"Conselho em prol de um Capitalismo Inclusivo","og_url":"https:\/\/franciscanos.org.br\/noticias\/capitalismo-inclusivo-ser-mais-e-nao-ter-mais-afirma-o-papa.html","og_site_name":"Not\u00edcias - Franciscanos","article_published_time":"2019-11-11T16:05:36+00:00","article_modified_time":"2020-06-05T22:31:32+00:00","og_image":[{"width":273,"height":181,"url":"https:\/\/franciscanos.org.br\/noticias\/wp-content\/uploads\/2019\/11\/papa_1111d.jpg","type":"image\/jpeg"}],"author":"moacir","twitter_card":"summary_large_image","twitter_misc":{"Escrito por":"moacir","Est. tempo de leitura":"7 minutos"},"schema":{"@context":"https:\/\/schema.org","@graph":[{"@type":"WebSite","@id":"https:\/\/franciscanos.org.br\/noticias\/#website","url":"https:\/\/franciscanos.org.br\/noticias\/","name":"Not\u00edcias - Franciscanos","description":"Prov\u00edncia Franciscana da Imaculada Concei\u00e7\u00e3o do Brasil - Ordem dos Frades Menores - OFM","potentialAction":[{"@type":"SearchAction","target":{"@type":"EntryPoint","urlTemplate":"https:\/\/franciscanos.org.br\/noticias\/?s={search_term_string}"},"query-input":"required name=search_term_string"}],"inLanguage":"pt-BR"},{"@type":"ImageObject","inLanguage":"pt-BR","@id":"https:\/\/franciscanos.org.br\/noticias\/capitalismo-inclusivo-ser-mais-e-nao-ter-mais-afirma-o-papa.html#primaryimage","url":"https:\/\/franciscanos.org.br\/noticias\/wp-content\/uploads\/2019\/11\/papa_1111d.jpg","contentUrl":"https:\/\/franciscanos.org.br\/noticias\/wp-content\/uploads\/2019\/11\/papa_1111d.jpg","width":273,"height":181},{"@type":"WebPage","@id":"https:\/\/franciscanos.org.br\/noticias\/capitalismo-inclusivo-ser-mais-e-nao-ter-mais-afirma-o-papa.html#webpage","url":"https:\/\/franciscanos.org.br\/noticias\/capitalismo-inclusivo-ser-mais-e-nao-ter-mais-afirma-o-papa.html","name":"Capitalismo inclusivo: \"ser mais\" e n\u00e3o \"ter mais\", afirma o Papa - Not\u00edcias - Franciscanos","isPartOf":{"@id":"https:\/\/franciscanos.org.br\/noticias\/#website"},"primaryImageOfPage":{"@id":"https:\/\/franciscanos.org.br\/noticias\/capitalismo-inclusivo-ser-mais-e-nao-ter-mais-afirma-o-papa.html#primaryimage"},"datePublished":"2019-11-11T16:05:36+00:00","dateModified":"2020-06-05T22:31:32+00:00","author":{"@id":"https:\/\/franciscanos.org.br\/noticias\/#\/schema\/person\/b5c8cba458c330ccff548b056e95a5d4"},"breadcrumb":{"@id":"https:\/\/franciscanos.org.br\/noticias\/capitalismo-inclusivo-ser-mais-e-nao-ter-mais-afirma-o-papa.html#breadcrumb"},"inLanguage":"pt-BR","potentialAction":[{"@type":"ReadAction","target":["https:\/\/franciscanos.org.br\/noticias\/capitalismo-inclusivo-ser-mais-e-nao-ter-mais-afirma-o-papa.html"]}]},{"@type":"BreadcrumbList","@id":"https:\/\/franciscanos.org.br\/noticias\/capitalismo-inclusivo-ser-mais-e-nao-ter-mais-afirma-o-papa.html#breadcrumb","itemListElement":[{"@type":"ListItem","position":1,"name":"Home","item":"https:\/\/franciscanos.org.br\/noticias"},{"@type":"ListItem","position":2,"name":"Capitalismo inclusivo: &#8220;ser mais&#8221; e n\u00e3o &#8220;ter mais&#8221;, afirma o Papa"}]},{"@type":"Person","@id":"https:\/\/franciscanos.org.br\/noticias\/#\/schema\/person\/b5c8cba458c330ccff548b056e95a5d4","name":"moacir","image":{"@type":"ImageObject","inLanguage":"pt-BR","@id":"https:\/\/franciscanos.org.br\/noticias\/#\/schema\/person\/image\/","url":"https:\/\/secure.gravatar.com\/avatar\/d08aa2ce4c8dd416d4479aa8536fcf64?s=96&d=mm&r=g","contentUrl":"https:\/\/secure.gravatar.com\/avatar\/d08aa2ce4c8dd416d4479aa8536fcf64?s=96&d=mm&r=g","caption":"moacir"},"url":"https:\/\/franciscanos.org.br\/noticias\/author\/moacir"}]}},"_links":{"self":[{"href":"https:\/\/franciscanos.org.br\/noticias\/wp-json\/wp\/v2\/posts\/213836"}],"collection":[{"href":"https:\/\/franciscanos.org.br\/noticias\/wp-json\/wp\/v2\/posts"}],"about":[{"href":"https:\/\/franciscanos.org.br\/noticias\/wp-json\/wp\/v2\/types\/post"}],"author":[{"embeddable":true,"href":"https:\/\/franciscanos.org.br\/noticias\/wp-json\/wp\/v2\/users\/3"}],"replies":[{"embeddable":true,"href":"https:\/\/franciscanos.org.br\/noticias\/wp-json\/wp\/v2\/comments?post=213836"}],"version-history":[{"count":1,"href":"https:\/\/franciscanos.org.br\/noticias\/wp-json\/wp\/v2\/posts\/213836\/revisions"}],"predecessor-version":[{"id":224375,"href":"https:\/\/franciscanos.org.br\/noticias\/wp-json\/wp\/v2\/posts\/213836\/revisions\/224375"}],"wp:featuredmedia":[{"embeddable":true,"href":"https:\/\/franciscanos.org.br\/noticias\/wp-json\/wp\/v2\/media\/213840"}],"wp:attachment":[{"href":"https:\/\/franciscanos.org.br\/noticias\/wp-json\/wp\/v2\/media?parent=213836"}],"wp:term":[{"taxonomy":"category","embeddable":true,"href":"https:\/\/franciscanos.org.br\/noticias\/wp-json\/wp\/v2\/categories?post=213836"},{"taxonomy":"post_tag","embeddable":true,"href":"https:\/\/franciscanos.org.br\/noticias\/wp-json\/wp\/v2\/tags?post=213836"}],"curies":[{"name":"wp","href":"https:\/\/api.w.org\/{rel}","templated":true}]}}