{"id":213824,"date":"2019-11-11T09:17:08","date_gmt":"2019-11-11T12:17:08","guid":{"rendered":"https:\/\/franciscanos.org.br\/noticias\/?p=213824"},"modified":"2019-11-14T10:58:42","modified_gmt":"2019-11-14T13:58:42","slug":"lancamentos-da-vozes-para-presentes-de-natal","status":"publish","type":"post","link":"https:\/\/franciscanos.org.br\/noticias\/lancamentos-da-vozes-para-presentes-de-natal.html","title":{"rendered":"Lan\u00e7amentos da Vozes para presentes de Natal"},"content":{"rendered":"<h3><img loading=\"lazy\" src=\"https:\/\/franciscanos.org.br\/noticias\/wp-content\/uploads\/2019\/11\/livros-840.jpg\" alt=\"\" width=\"840\" height=\"520\" \/><\/h3>\n<p>&nbsp;<\/p>\n<h3><strong><img loading=\"lazy\" class=\"alignleft wp-image-213827\" src=\"https:\/\/franciscanos.org.br\/noticias\/wp-content\/uploads\/2019\/11\/SERMOES.jpg\" alt=\"\" width=\"150\" height=\"217\" srcset=\"https:\/\/franciscanos.org.br\/noticias\/wp-content\/uploads\/2019\/11\/SERMOES.jpg 200w, https:\/\/franciscanos.org.br\/noticias\/wp-content\/uploads\/2019\/11\/SERMOES-150x217.jpg 150w\" sizes=\"(max-width: 150px) 100vw, 150px\" \/>Serm\u00f5es<\/strong><\/h3>\n<p><strong>Santo Ant\u00f4nio<\/strong><\/p>\n<p>Santo Ant\u00f4nio (1195-1231) \u00e9 popularmente reconhecido como grande pregador. A Igreja, sabiamente, atribuiu ao frade menor o t\u00edtulo de \u201cdoutor evang\u00e9lico\u201d, justamente pela relev\u00e2ncia dos evangelhos em sua obra. Para Ant\u00f4nio a fundamenta\u00e7\u00e3o b\u00edblica \u00e9 imprescind\u00edvel para uma boa teologia e para uma boa prega\u00e7\u00e3o. Isso faz com que seus textos sejam, ainda hoje, ensinamentos pertinentes e de uma beleza po\u00e9tica.<\/p>\n<p>\u00c9 comum ao imagin\u00e1rio popular a cena do pregador, rodeado de ouvintes que, atentos, escutam seus ensinamentos. E por mais que cada discurso de Ant\u00f4nio seja chamado de serm\u00e3o, trata-se de uma abordagem teol\u00f3gica acerca de um tema que n\u00e3o abdica de uma ex\u00edmia fundamenta\u00e7\u00e3o b\u00edblica. A maioria dos serm\u00f5es aqui apresentados era destinada a seus confrades, preparando-os teologicamente para que anunciassem o Evangelho.<\/p>\n<p>A obra de Santo Ant\u00f4nio, seja pelo objetivo que se prop\u00f4s, seja pelo m\u00e9todo seguido, pode ser definida como um tratado de doutrina sagrada extra\u00edda da Escritura, e n\u00e3o uma simples s\u00e9rie de homilias. Tem somente a estrutura exterior do serm\u00e3o; esta \u00e9 apenas um g\u00eanero liter\u00e1rio, ou seja, um m\u00e9todo para transmitir o ensinamento. \u00c9 a Sagrada Escritura que fornece toda a estrutura interna e essencial.<\/p>\n<p>As palavras de Ant\u00f4nio possibilitam ao leitor adentrar \u00e0 Palavra, saciando o anseio por Deus. Sem nenhuma pretens\u00e3o de substituir as Escrituras, mas de aproxim\u00e1-las de seus ouvintes, os serm\u00f5es de Ant\u00f4nio s\u00e3o palat\u00e1veis palavras que transmitem a literatura e a espiritualidade medieval.<\/p>\n<h3><strong><img loading=\"lazy\" class=\"alignleft wp-image-213832\" src=\"https:\/\/franciscanos.org.br\/noticias\/wp-content\/uploads\/2019\/11\/felicidade-1.jpg\" alt=\"\" width=\"150\" height=\"230\" srcset=\"https:\/\/franciscanos.org.br\/noticias\/wp-content\/uploads\/2019\/11\/felicidade-1.jpg 200w, https:\/\/franciscanos.org.br\/noticias\/wp-content\/uploads\/2019\/11\/felicidade-1-150x230.jpg 150w\" sizes=\"(max-width: 150px) 100vw, 150px\" \/>O livro da felicidade<\/strong><\/h3>\n<p><strong>Joan Chittister<\/strong><\/p>\n<p>Joan Chittister \u00e9 beneditina, autora best-seller e palestrante conhecida internacionalmente. J\u00e1 participou de diversos programas, incluindo o da renomada apresentadora americana Oprah Winfrey. \u00c9 defensora da justi\u00e7a, paz e igualdade, especialmente para as mulheres do mundo todo, e \u00e9 uma das mais influentes l\u00edderes sociais e religiosas do nosso tempo.<\/p>\n<p>Escreveu v\u00e1rios livros que buscam entender o ser humano em perspectiva existencial e religiosa, com linguagem sempre atual e vivencial. Esta nova obra tem a felicidade como tema central.<\/p>\n<p>Para Chittister, a felicidade n\u00e3o \u00e9 um derivado da riqueza ou do sucesso, mas uma qualidade pessoal a ser aprendida, regida e destemidamente exercida. Por\u00e9m, muitos, erroneamente, acreditam que a felicidade resulta de ter bastante dinheiro, fama, conforto, sucesso mundano ou at\u00e9 pura sorte.<\/p>\n<p>Ao longo destas p\u00e1ginas, Chittister desenvolve \u201cuma arqueologia da felicidade\u201d enquanto conduz uma \u201cescava\u00e7\u00e3o\u201d atrav\u00e9s da sociologia, biologia, neurologia, psicologia, filosofia, hist\u00f3ria e religi\u00f5es, oferecendo insights inspiradores que ajudar\u00e3o peregrinos de todos os lugares a aprenderem a cultivar a verdadeira e duradoura felicidade dentro de si mesmo.<\/p>\n<p>Joan Chittister \u00e9 autora tamb\u00e9m de \u201cPara tudo h\u00e1 um tempo\u201d e \u201cEntre a escurid\u00e3o e a luz do dia\u201d, ambos publicados pela Editora Vozes.<\/p>\n<p>Este livro \u00e9 uma \u00f3tima op\u00e7\u00e3o de presente para o Natal!!<\/p>\n<h3><strong><img loading=\"lazy\" class=\"alignleft wp-image-213826\" src=\"https:\/\/franciscanos.org.br\/noticias\/wp-content\/uploads\/2019\/11\/santa-clara.jpg\" alt=\"\" width=\"150\" height=\"239\" srcset=\"https:\/\/franciscanos.org.br\/noticias\/wp-content\/uploads\/2019\/11\/santa-clara.jpg 200w, https:\/\/franciscanos.org.br\/noticias\/wp-content\/uploads\/2019\/11\/santa-clara-150x239.jpg 150w\" sizes=\"(max-width: 150px) 100vw, 150px\" \/>Santa Clara de Assis<br \/>\n<\/strong><strong>\u00c9poca, carisma e espiritualidade<\/strong><\/h3>\n<p><strong>Fr. Jos\u00e9 Ant\u00f3nio Correia Pereira<\/strong><\/p>\n<p>Quem conhece Santa Clara de Assis apenas atrav\u00e9s de respigadas biografias de S\u00e3o Francisco de Assis, como de algu\u00e9m que s\u00f3 tivesse vida e movimento na \u00f3rbita do Santo de Assis, ficar\u00e1 surpreendido ao encontrar neste livro o retrato de uma mulher de forte personalidade, pensamento aut\u00f4nomo e vontade pr\u00f3pria que, pela sua vida e obra, marcou o seu tempo e\u00a0 se\u00a0 projetou\u00a0 na\u00a0 hist\u00f3ria.<\/p>\n<p>Os resultados da investiga\u00e7\u00e3o hist\u00f3rica mais recente e os numerosos estudos publicados sobre Santa Clara revelam a coragem e determina\u00e7\u00e3o de uma mulher que sempre soube lutar pelos seus ideais, e mostram claramente que ela \u00e9 n\u00e3o apenas a fundadora de uma nova comunidade religiosa, mas a iniciadora de uma nova forma de pensar e viver a vida religiosa feminina, prenunciando, com muita anteced\u00eancia, a problem\u00e1tica contempor\u00e2nea sobre a import\u00e2ncia e o lugar da mulher na Igreja e na sociedade.<\/p>\n<p><strong><em>Fr. Jos\u00e9 Ant\u00f3nio Correia Pereira<\/em><\/strong><em>, sacerdote franciscano, \u00e9 membro da Prov\u00edncia Portuguesa da Ordem Franciscana. Al\u00e9m de Portugal, estudou e trabalhou na Alemanha, Guin\u00e9-Bissau e Mo\u00e7ambique. Em 1985 publicou a primeira edi\u00e7\u00e3o dos Escritos de Santa Clara em portugu\u00eas, cuja segundaedi\u00e7\u00e3o saiu dez anos depois. Foi diretor do Centro de Franciscanismo da Fam\u00edlia Franciscana Portuguesa durante tr\u00eas anos e diretor da Editorial Franciscana durante quinze anos.<\/em><\/p>\n","protected":false},"excerpt":{"rendered":"<p>Lan\u00e7amentos da Editora Vozes<\/p>\n","protected":false},"author":7,"featured_media":213830,"comment_status":"open","ping_status":"open","sticky":false,"template":"","format":"standard","meta":[],"categories":[1],"tags":[238],"acf":[],"yoast_head":"<!-- This site is optimized with the Yoast SEO plugin v19.2 - https:\/\/yoast.com\/wordpress\/plugins\/seo\/ -->\n<title>Lan\u00e7amentos da Vozes para presentes de Natal - Not\u00edcias - Franciscanos<\/title>\n<meta name=\"robots\" content=\"index, follow, max-snippet:-1, max-image-preview:large, max-video-preview:-1\" \/>\n<link rel=\"canonical\" href=\"https:\/\/franciscanos.org.br\/noticias\/lancamentos-da-vozes-para-presentes-de-natal.html\" \/>\n<meta property=\"og:locale\" content=\"pt_BR\" \/>\n<meta property=\"og:type\" content=\"article\" \/>\n<meta property=\"og:title\" content=\"Lan\u00e7amentos da Vozes para presentes de Natal - Not\u00edcias - Franciscanos\" \/>\n<meta property=\"og:description\" content=\"Lan\u00e7amentos da Editora Vozes\" \/>\n<meta property=\"og:url\" content=\"https:\/\/franciscanos.org.br\/noticias\/lancamentos-da-vozes-para-presentes-de-natal.html\" \/>\n<meta property=\"og:site_name\" content=\"Not\u00edcias - Franciscanos\" \/>\n<meta property=\"article:published_time\" content=\"2019-11-11T12:17:08+00:00\" \/>\n<meta property=\"article:modified_time\" content=\"2019-11-14T13:58:42+00:00\" \/>\n<meta property=\"og:image\" content=\"https:\/\/franciscanos.org.br\/noticias\/wp-content\/uploads\/2019\/11\/livros-273.jpg\" \/>\n\t<meta property=\"og:image:width\" content=\"273\" \/>\n\t<meta property=\"og:image:height\" content=\"181\" \/>\n\t<meta property=\"og:image:type\" content=\"image\/jpeg\" \/>\n<meta name=\"author\" content=\"jovenal\" \/>\n<meta name=\"twitter:card\" content=\"summary_large_image\" \/>\n<meta name=\"twitter:label1\" content=\"Escrito por\" \/>\n\t<meta name=\"twitter:data1\" content=\"jovenal\" \/>\n\t<meta name=\"twitter:label2\" content=\"Est. tempo de leitura\" \/>\n\t<meta name=\"twitter:data2\" content=\"4 minutos\" \/>\n<script type=\"application\/ld+json\" class=\"yoast-schema-graph\">{\"@context\":\"https:\/\/schema.org\",\"@graph\":[{\"@type\":\"WebSite\",\"@id\":\"https:\/\/franciscanos.org.br\/noticias\/#website\",\"url\":\"https:\/\/franciscanos.org.br\/noticias\/\",\"name\":\"Not\u00edcias - Franciscanos\",\"description\":\"Prov\u00edncia Franciscana da Imaculada Concei\u00e7\u00e3o do Brasil - Ordem dos Frades Menores - OFM\",\"potentialAction\":[{\"@type\":\"SearchAction\",\"target\":{\"@type\":\"EntryPoint\",\"urlTemplate\":\"https:\/\/franciscanos.org.br\/noticias\/?s={search_term_string}\"},\"query-input\":\"required name=search_term_string\"}],\"inLanguage\":\"pt-BR\"},{\"@type\":\"ImageObject\",\"inLanguage\":\"pt-BR\",\"@id\":\"https:\/\/franciscanos.org.br\/noticias\/lancamentos-da-vozes-para-presentes-de-natal.html#primaryimage\",\"url\":\"https:\/\/franciscanos.org.br\/noticias\/wp-content\/uploads\/2019\/11\/livros-273.jpg\",\"contentUrl\":\"https:\/\/franciscanos.org.br\/noticias\/wp-content\/uploads\/2019\/11\/livros-273.jpg\",\"width\":273,\"height\":181},{\"@type\":\"WebPage\",\"@id\":\"https:\/\/franciscanos.org.br\/noticias\/lancamentos-da-vozes-para-presentes-de-natal.html#webpage\",\"url\":\"https:\/\/franciscanos.org.br\/noticias\/lancamentos-da-vozes-para-presentes-de-natal.html\",\"name\":\"Lan\u00e7amentos da Vozes para presentes de Natal - Not\u00edcias - Franciscanos\",\"isPartOf\":{\"@id\":\"https:\/\/franciscanos.org.br\/noticias\/#website\"},\"primaryImageOfPage\":{\"@id\":\"https:\/\/franciscanos.org.br\/noticias\/lancamentos-da-vozes-para-presentes-de-natal.html#primaryimage\"},\"datePublished\":\"2019-11-11T12:17:08+00:00\",\"dateModified\":\"2019-11-14T13:58:42+00:00\",\"author\":{\"@id\":\"https:\/\/franciscanos.org.br\/noticias\/#\/schema\/person\/c3a26b08313dd1772495ce300ab257cc\"},\"breadcrumb\":{\"@id\":\"https:\/\/franciscanos.org.br\/noticias\/lancamentos-da-vozes-para-presentes-de-natal.html#breadcrumb\"},\"inLanguage\":\"pt-BR\",\"potentialAction\":[{\"@type\":\"ReadAction\",\"target\":[\"https:\/\/franciscanos.org.br\/noticias\/lancamentos-da-vozes-para-presentes-de-natal.html\"]}]},{\"@type\":\"BreadcrumbList\",\"@id\":\"https:\/\/franciscanos.org.br\/noticias\/lancamentos-da-vozes-para-presentes-de-natal.html#breadcrumb\",\"itemListElement\":[{\"@type\":\"ListItem\",\"position\":1,\"name\":\"Home\",\"item\":\"https:\/\/franciscanos.org.br\/noticias\"},{\"@type\":\"ListItem\",\"position\":2,\"name\":\"Lan\u00e7amentos da Vozes para presentes de Natal\"}]},{\"@type\":\"Person\",\"@id\":\"https:\/\/franciscanos.org.br\/noticias\/#\/schema\/person\/c3a26b08313dd1772495ce300ab257cc\",\"name\":\"jovenal\",\"image\":{\"@type\":\"ImageObject\",\"inLanguage\":\"pt-BR\",\"@id\":\"https:\/\/franciscanos.org.br\/noticias\/#\/schema\/person\/image\/\",\"url\":\"https:\/\/secure.gravatar.com\/avatar\/e94509f531086e2eaf97e72f29ea00f9?s=96&d=mm&r=g\",\"contentUrl\":\"https:\/\/secure.gravatar.com\/avatar\/e94509f531086e2eaf97e72f29ea00f9?s=96&d=mm&r=g\",\"caption\":\"jovenal\"},\"url\":\"https:\/\/franciscanos.org.br\/noticias\/author\/jovenal\"}]}<\/script>\n<!-- \/ Yoast SEO plugin. -->","yoast_head_json":{"title":"Lan\u00e7amentos da Vozes para presentes de Natal - Not\u00edcias - Franciscanos","robots":{"index":"index","follow":"follow","max-snippet":"max-snippet:-1","max-image-preview":"max-image-preview:large","max-video-preview":"max-video-preview:-1"},"canonical":"https:\/\/franciscanos.org.br\/noticias\/lancamentos-da-vozes-para-presentes-de-natal.html","og_locale":"pt_BR","og_type":"article","og_title":"Lan\u00e7amentos da Vozes para presentes de Natal - Not\u00edcias - Franciscanos","og_description":"Lan\u00e7amentos da Editora Vozes","og_url":"https:\/\/franciscanos.org.br\/noticias\/lancamentos-da-vozes-para-presentes-de-natal.html","og_site_name":"Not\u00edcias - Franciscanos","article_published_time":"2019-11-11T12:17:08+00:00","article_modified_time":"2019-11-14T13:58:42+00:00","og_image":[{"width":273,"height":181,"url":"https:\/\/franciscanos.org.br\/noticias\/wp-content\/uploads\/2019\/11\/livros-273.jpg","type":"image\/jpeg"}],"author":"jovenal","twitter_card":"summary_large_image","twitter_misc":{"Escrito por":"jovenal","Est. tempo de leitura":"4 minutos"},"schema":{"@context":"https:\/\/schema.org","@graph":[{"@type":"WebSite","@id":"https:\/\/franciscanos.org.br\/noticias\/#website","url":"https:\/\/franciscanos.org.br\/noticias\/","name":"Not\u00edcias - Franciscanos","description":"Prov\u00edncia Franciscana da Imaculada Concei\u00e7\u00e3o do Brasil - Ordem dos Frades Menores - OFM","potentialAction":[{"@type":"SearchAction","target":{"@type":"EntryPoint","urlTemplate":"https:\/\/franciscanos.org.br\/noticias\/?s={search_term_string}"},"query-input":"required name=search_term_string"}],"inLanguage":"pt-BR"},{"@type":"ImageObject","inLanguage":"pt-BR","@id":"https:\/\/franciscanos.org.br\/noticias\/lancamentos-da-vozes-para-presentes-de-natal.html#primaryimage","url":"https:\/\/franciscanos.org.br\/noticias\/wp-content\/uploads\/2019\/11\/livros-273.jpg","contentUrl":"https:\/\/franciscanos.org.br\/noticias\/wp-content\/uploads\/2019\/11\/livros-273.jpg","width":273,"height":181},{"@type":"WebPage","@id":"https:\/\/franciscanos.org.br\/noticias\/lancamentos-da-vozes-para-presentes-de-natal.html#webpage","url":"https:\/\/franciscanos.org.br\/noticias\/lancamentos-da-vozes-para-presentes-de-natal.html","name":"Lan\u00e7amentos da Vozes para presentes de Natal - Not\u00edcias - Franciscanos","isPartOf":{"@id":"https:\/\/franciscanos.org.br\/noticias\/#website"},"primaryImageOfPage":{"@id":"https:\/\/franciscanos.org.br\/noticias\/lancamentos-da-vozes-para-presentes-de-natal.html#primaryimage"},"datePublished":"2019-11-11T12:17:08+00:00","dateModified":"2019-11-14T13:58:42+00:00","author":{"@id":"https:\/\/franciscanos.org.br\/noticias\/#\/schema\/person\/c3a26b08313dd1772495ce300ab257cc"},"breadcrumb":{"@id":"https:\/\/franciscanos.org.br\/noticias\/lancamentos-da-vozes-para-presentes-de-natal.html#breadcrumb"},"inLanguage":"pt-BR","potentialAction":[{"@type":"ReadAction","target":["https:\/\/franciscanos.org.br\/noticias\/lancamentos-da-vozes-para-presentes-de-natal.html"]}]},{"@type":"BreadcrumbList","@id":"https:\/\/franciscanos.org.br\/noticias\/lancamentos-da-vozes-para-presentes-de-natal.html#breadcrumb","itemListElement":[{"@type":"ListItem","position":1,"name":"Home","item":"https:\/\/franciscanos.org.br\/noticias"},{"@type":"ListItem","position":2,"name":"Lan\u00e7amentos da Vozes para presentes de Natal"}]},{"@type":"Person","@id":"https:\/\/franciscanos.org.br\/noticias\/#\/schema\/person\/c3a26b08313dd1772495ce300ab257cc","name":"jovenal","image":{"@type":"ImageObject","inLanguage":"pt-BR","@id":"https:\/\/franciscanos.org.br\/noticias\/#\/schema\/person\/image\/","url":"https:\/\/secure.gravatar.com\/avatar\/e94509f531086e2eaf97e72f29ea00f9?s=96&d=mm&r=g","contentUrl":"https:\/\/secure.gravatar.com\/avatar\/e94509f531086e2eaf97e72f29ea00f9?s=96&d=mm&r=g","caption":"jovenal"},"url":"https:\/\/franciscanos.org.br\/noticias\/author\/jovenal"}]}},"_links":{"self":[{"href":"https:\/\/franciscanos.org.br\/noticias\/wp-json\/wp\/v2\/posts\/213824"}],"collection":[{"href":"https:\/\/franciscanos.org.br\/noticias\/wp-json\/wp\/v2\/posts"}],"about":[{"href":"https:\/\/franciscanos.org.br\/noticias\/wp-json\/wp\/v2\/types\/post"}],"author":[{"embeddable":true,"href":"https:\/\/franciscanos.org.br\/noticias\/wp-json\/wp\/v2\/users\/7"}],"replies":[{"embeddable":true,"href":"https:\/\/franciscanos.org.br\/noticias\/wp-json\/wp\/v2\/comments?post=213824"}],"version-history":[{"count":0,"href":"https:\/\/franciscanos.org.br\/noticias\/wp-json\/wp\/v2\/posts\/213824\/revisions"}],"wp:featuredmedia":[{"embeddable":true,"href":"https:\/\/franciscanos.org.br\/noticias\/wp-json\/wp\/v2\/media\/213830"}],"wp:attachment":[{"href":"https:\/\/franciscanos.org.br\/noticias\/wp-json\/wp\/v2\/media?parent=213824"}],"wp:term":[{"taxonomy":"category","embeddable":true,"href":"https:\/\/franciscanos.org.br\/noticias\/wp-json\/wp\/v2\/categories?post=213824"},{"taxonomy":"post_tag","embeddable":true,"href":"https:\/\/franciscanos.org.br\/noticias\/wp-json\/wp\/v2\/tags?post=213824"}],"curies":[{"name":"wp","href":"https:\/\/api.w.org\/{rel}","templated":true}]}}