{"id":213819,"date":"2019-11-10T09:37:13","date_gmt":"2019-11-10T12:37:13","guid":{"rendered":"https:\/\/franciscanos.org.br\/noticias\/?p=213819"},"modified":"2020-06-05T19:32:03","modified_gmt":"2020-06-05T22:32:03","slug":"angelus-e-na-fraternidade-que-a-vida-e-mais-forte-do-que-a-morte","status":"publish","type":"post","link":"https:\/\/franciscanos.org.br\/noticias\/angelus-e-na-fraternidade-que-a-vida-e-mais-forte-do-que-a-morte.html","title":{"rendered":"Angelus: \u00e9 na fraternidade que a vida \u00e9 mais forte do que a morte"},"content":{"rendered":"<p><img loading=\"lazy\" class=\"alignnone size-full wp-image-213820\" src=\"https:\/\/franciscanos.org.br\/noticias\/wp-content\/uploads\/2019\/11\/angelus_1011.jpg\" alt=\"\" width=\"890\" height=\"504\" srcset=\"https:\/\/franciscanos.org.br\/noticias\/wp-content\/uploads\/2019\/11\/angelus_1011.jpg 890w, https:\/\/franciscanos.org.br\/noticias\/wp-content\/uploads\/2019\/11\/angelus_1011-450x255.jpg 450w, https:\/\/franciscanos.org.br\/noticias\/wp-content\/uploads\/2019\/11\/angelus_1011-768x435.jpg 768w, https:\/\/franciscanos.org.br\/noticias\/wp-content\/uploads\/2019\/11\/angelus_1011-150x85.jpg 150w\" sizes=\"(max-width: 890px) 100vw, 890px\" \/><br \/>\n<strong>Cidade do Vaticano<\/strong> &#8211; Depois desta peregrina\u00e7\u00e3o terrena, o que ser\u00e1 da nossa vida? A este quesito existencial o Papa respondeu em sua alocu\u00e7\u00e3o dominical, ao comentar o Evangelho do 32\u00ba Domingo do Tempo Comum. No trecho de Lucas (cfr Lc 20,27-38), Jesus oferece um ensinamento sobre a ressurrei\u00e7\u00e3o dos mortos ao responder a uma pergunta insidiosa dos saduceus, que n\u00e3o acreditavam na ressurrei\u00e7\u00e3o.<\/p>\n<p>A pergunta faz refer\u00eancia a um caso paradoxal: de quem ser\u00e1 esposa, na ressurrei\u00e7\u00e3o, uma mulher que teve sete maridos sucessivos, todos irm\u00e3os entre si, os quais um ap\u00f3s o outro morreram?<\/p>\n<p>Jesus, por\u00e9m, n\u00e3o cai na armadilha e replica que os ressuscitados no al\u00e9m &#8220;nem eles se casam nem elas se d\u00e3o em casamento; e j\u00e1 n\u00e3o poder\u00e3o morrer, pois ser\u00e3o iguais aos anjos, ser\u00e3o filhos de Deus, porque ressuscitaram&#8221;.<\/p>\n<p>Com esta resposta, explicou o Papa, antes de tudo Jesus convida os seus interlocutores \u2013 e tamb\u00e9m a n\u00f3s \u2013 a pensar que esta dimens\u00e3o terrena em que vivemos agora n\u00e3o \u00e9 a \u00fanica, mas existe outra, n\u00e3o mais sujeita \u00e0 morte, em que se manifestar\u00e1 plenamente que somos filhos de Deus: \u201c\u00c9 de grande consola\u00e7\u00e3o e esperan\u00e7a ouvir esta palavra simples e clara de Jesus sobre a vida al\u00e9m da morte; \u00e9 disto de que precisamos no nosso tempo, t\u00e3o rico de conhecimento sobre o universo, mas t\u00e3o pobre de sabedoria sobre a vida eterna\u201d.<\/p>\n<p><strong>O mist\u00e9rio da vida<\/strong><br \/>\nPor tr\u00e1s da interroga\u00e7\u00e3o dos saduceus, prosseguiu Francisco, se esconde outra ainda mais profunda: depois desta peregrina\u00e7\u00e3o terrena, o que ser\u00e1 da nossa vida?<br \/>\nJesus responde que a vida pertence a Deus, o qual nos ama a ponto de unir o seu nome ao nosso: \u00e9 &#8220;o Deus de Abra\u00e3o, o Deus de Isaac e o Deus de Jac\u00f3\u2019. Deus n\u00e3o \u00e9 Deus dos mortos, mas dos vivos, pois todos vivem para ele&#8221; (vv. 37-38): \u201cA vida subsiste onde h\u00e1 rela\u00e7\u00e3o, comunh\u00e3o, fraternidade; e \u00e9 uma vida mais forte do que a morte quando \u00e9 constru\u00edda sobre rela\u00e7\u00f5es verdadeiras e la\u00e7os de fidelidade\u201d.<\/p>\n<p>Do contr\u00e1rio, acrescentou o Papa, n\u00e3o h\u00e1 vida onde se tem a pretens\u00e3o de pertencer somente a si mesmos e viver como ilhas: nessas atitudes prevalece a morte. &#8220;\u00c9 o ego\u00edsmo. Eu vivo para mim mesmo: estou semeando morte no meu cora\u00e7\u00e3o&#8221;.<\/p>\n<p>\u201cQue a Virgem Maria nos ajude a viver todos os dias na perspectiva daquilo que afirmamos no Creio: &#8216;Creio na ressurrei\u00e7\u00e3o da carne e na vida eterna&#8221;.<\/p>\n<hr \/>\n<p><em>Fonte: Vatican News<\/em><\/p>\n","protected":false},"excerpt":{"rendered":"<p>Angelus do 32\u00ba Domingo do Tempo Comum<\/p>\n","protected":false},"author":3,"featured_media":213821,"comment_status":"open","ping_status":"open","sticky":false,"template":"","format":"standard","meta":[],"categories":[1428],"tags":[403],"acf":[],"yoast_head":"<!-- This site is optimized with the Yoast SEO plugin v19.2 - https:\/\/yoast.com\/wordpress\/plugins\/seo\/ -->\n<title>Angelus: \u00e9 na fraternidade que a vida \u00e9 mais forte do que a morte - Not\u00edcias - Franciscanos<\/title>\n<meta name=\"robots\" content=\"index, follow, max-snippet:-1, max-image-preview:large, max-video-preview:-1\" \/>\n<link rel=\"canonical\" href=\"https:\/\/franciscanos.org.br\/noticias\/angelus-e-na-fraternidade-que-a-vida-e-mais-forte-do-que-a-morte.html\" \/>\n<meta property=\"og:locale\" content=\"pt_BR\" \/>\n<meta property=\"og:type\" content=\"article\" \/>\n<meta property=\"og:title\" content=\"Angelus: \u00e9 na fraternidade que a vida \u00e9 mais forte do que a morte - Not\u00edcias - Franciscanos\" \/>\n<meta property=\"og:description\" content=\"Angelus do 32\u00ba Domingo do Tempo Comum\" \/>\n<meta property=\"og:url\" content=\"https:\/\/franciscanos.org.br\/noticias\/angelus-e-na-fraternidade-que-a-vida-e-mais-forte-do-que-a-morte.html\" \/>\n<meta property=\"og:site_name\" content=\"Not\u00edcias - Franciscanos\" \/>\n<meta property=\"article:published_time\" content=\"2019-11-10T12:37:13+00:00\" \/>\n<meta property=\"article:modified_time\" content=\"2020-06-05T22:32:03+00:00\" \/>\n<meta property=\"og:image\" content=\"https:\/\/franciscanos.org.br\/noticias\/wp-content\/uploads\/2019\/11\/angelus_1011d.jpg\" \/>\n\t<meta property=\"og:image:width\" content=\"273\" \/>\n\t<meta property=\"og:image:height\" content=\"181\" \/>\n\t<meta property=\"og:image:type\" content=\"image\/jpeg\" \/>\n<meta name=\"author\" content=\"moacir\" \/>\n<meta name=\"twitter:card\" content=\"summary_large_image\" \/>\n<meta name=\"twitter:label1\" content=\"Escrito por\" \/>\n\t<meta name=\"twitter:data1\" content=\"moacir\" \/>\n\t<meta name=\"twitter:label2\" content=\"Est. tempo de leitura\" \/>\n\t<meta name=\"twitter:data2\" content=\"2 minutos\" \/>\n<script type=\"application\/ld+json\" class=\"yoast-schema-graph\">{\"@context\":\"https:\/\/schema.org\",\"@graph\":[{\"@type\":\"WebSite\",\"@id\":\"https:\/\/franciscanos.org.br\/noticias\/#website\",\"url\":\"https:\/\/franciscanos.org.br\/noticias\/\",\"name\":\"Not\u00edcias - Franciscanos\",\"description\":\"Prov\u00edncia Franciscana da Imaculada Concei\u00e7\u00e3o do Brasil - Ordem dos Frades Menores - OFM\",\"potentialAction\":[{\"@type\":\"SearchAction\",\"target\":{\"@type\":\"EntryPoint\",\"urlTemplate\":\"https:\/\/franciscanos.org.br\/noticias\/?s={search_term_string}\"},\"query-input\":\"required name=search_term_string\"}],\"inLanguage\":\"pt-BR\"},{\"@type\":\"ImageObject\",\"inLanguage\":\"pt-BR\",\"@id\":\"https:\/\/franciscanos.org.br\/noticias\/angelus-e-na-fraternidade-que-a-vida-e-mais-forte-do-que-a-morte.html#primaryimage\",\"url\":\"https:\/\/franciscanos.org.br\/noticias\/wp-content\/uploads\/2019\/11\/angelus_1011d.jpg\",\"contentUrl\":\"https:\/\/franciscanos.org.br\/noticias\/wp-content\/uploads\/2019\/11\/angelus_1011d.jpg\",\"width\":273,\"height\":181},{\"@type\":\"WebPage\",\"@id\":\"https:\/\/franciscanos.org.br\/noticias\/angelus-e-na-fraternidade-que-a-vida-e-mais-forte-do-que-a-morte.html#webpage\",\"url\":\"https:\/\/franciscanos.org.br\/noticias\/angelus-e-na-fraternidade-que-a-vida-e-mais-forte-do-que-a-morte.html\",\"name\":\"Angelus: \u00e9 na fraternidade que a vida \u00e9 mais forte do que a morte - Not\u00edcias - Franciscanos\",\"isPartOf\":{\"@id\":\"https:\/\/franciscanos.org.br\/noticias\/#website\"},\"primaryImageOfPage\":{\"@id\":\"https:\/\/franciscanos.org.br\/noticias\/angelus-e-na-fraternidade-que-a-vida-e-mais-forte-do-que-a-morte.html#primaryimage\"},\"datePublished\":\"2019-11-10T12:37:13+00:00\",\"dateModified\":\"2020-06-05T22:32:03+00:00\",\"author\":{\"@id\":\"https:\/\/franciscanos.org.br\/noticias\/#\/schema\/person\/b5c8cba458c330ccff548b056e95a5d4\"},\"breadcrumb\":{\"@id\":\"https:\/\/franciscanos.org.br\/noticias\/angelus-e-na-fraternidade-que-a-vida-e-mais-forte-do-que-a-morte.html#breadcrumb\"},\"inLanguage\":\"pt-BR\",\"potentialAction\":[{\"@type\":\"ReadAction\",\"target\":[\"https:\/\/franciscanos.org.br\/noticias\/angelus-e-na-fraternidade-que-a-vida-e-mais-forte-do-que-a-morte.html\"]}]},{\"@type\":\"BreadcrumbList\",\"@id\":\"https:\/\/franciscanos.org.br\/noticias\/angelus-e-na-fraternidade-que-a-vida-e-mais-forte-do-que-a-morte.html#breadcrumb\",\"itemListElement\":[{\"@type\":\"ListItem\",\"position\":1,\"name\":\"Home\",\"item\":\"https:\/\/franciscanos.org.br\/noticias\"},{\"@type\":\"ListItem\",\"position\":2,\"name\":\"Angelus: \u00e9 na fraternidade que a vida \u00e9 mais forte do que a morte\"}]},{\"@type\":\"Person\",\"@id\":\"https:\/\/franciscanos.org.br\/noticias\/#\/schema\/person\/b5c8cba458c330ccff548b056e95a5d4\",\"name\":\"moacir\",\"image\":{\"@type\":\"ImageObject\",\"inLanguage\":\"pt-BR\",\"@id\":\"https:\/\/franciscanos.org.br\/noticias\/#\/schema\/person\/image\/\",\"url\":\"https:\/\/secure.gravatar.com\/avatar\/d08aa2ce4c8dd416d4479aa8536fcf64?s=96&d=mm&r=g\",\"contentUrl\":\"https:\/\/secure.gravatar.com\/avatar\/d08aa2ce4c8dd416d4479aa8536fcf64?s=96&d=mm&r=g\",\"caption\":\"moacir\"},\"url\":\"https:\/\/franciscanos.org.br\/noticias\/author\/moacir\"}]}<\/script>\n<!-- \/ Yoast SEO plugin. -->","yoast_head_json":{"title":"Angelus: \u00e9 na fraternidade que a vida \u00e9 mais forte do que a morte - Not\u00edcias - Franciscanos","robots":{"index":"index","follow":"follow","max-snippet":"max-snippet:-1","max-image-preview":"max-image-preview:large","max-video-preview":"max-video-preview:-1"},"canonical":"https:\/\/franciscanos.org.br\/noticias\/angelus-e-na-fraternidade-que-a-vida-e-mais-forte-do-que-a-morte.html","og_locale":"pt_BR","og_type":"article","og_title":"Angelus: \u00e9 na fraternidade que a vida \u00e9 mais forte do que a morte - Not\u00edcias - Franciscanos","og_description":"Angelus do 32\u00ba Domingo do Tempo Comum","og_url":"https:\/\/franciscanos.org.br\/noticias\/angelus-e-na-fraternidade-que-a-vida-e-mais-forte-do-que-a-morte.html","og_site_name":"Not\u00edcias - Franciscanos","article_published_time":"2019-11-10T12:37:13+00:00","article_modified_time":"2020-06-05T22:32:03+00:00","og_image":[{"width":273,"height":181,"url":"https:\/\/franciscanos.org.br\/noticias\/wp-content\/uploads\/2019\/11\/angelus_1011d.jpg","type":"image\/jpeg"}],"author":"moacir","twitter_card":"summary_large_image","twitter_misc":{"Escrito por":"moacir","Est. tempo de leitura":"2 minutos"},"schema":{"@context":"https:\/\/schema.org","@graph":[{"@type":"WebSite","@id":"https:\/\/franciscanos.org.br\/noticias\/#website","url":"https:\/\/franciscanos.org.br\/noticias\/","name":"Not\u00edcias - Franciscanos","description":"Prov\u00edncia Franciscana da Imaculada Concei\u00e7\u00e3o do Brasil - Ordem dos Frades Menores - OFM","potentialAction":[{"@type":"SearchAction","target":{"@type":"EntryPoint","urlTemplate":"https:\/\/franciscanos.org.br\/noticias\/?s={search_term_string}"},"query-input":"required name=search_term_string"}],"inLanguage":"pt-BR"},{"@type":"ImageObject","inLanguage":"pt-BR","@id":"https:\/\/franciscanos.org.br\/noticias\/angelus-e-na-fraternidade-que-a-vida-e-mais-forte-do-que-a-morte.html#primaryimage","url":"https:\/\/franciscanos.org.br\/noticias\/wp-content\/uploads\/2019\/11\/angelus_1011d.jpg","contentUrl":"https:\/\/franciscanos.org.br\/noticias\/wp-content\/uploads\/2019\/11\/angelus_1011d.jpg","width":273,"height":181},{"@type":"WebPage","@id":"https:\/\/franciscanos.org.br\/noticias\/angelus-e-na-fraternidade-que-a-vida-e-mais-forte-do-que-a-morte.html#webpage","url":"https:\/\/franciscanos.org.br\/noticias\/angelus-e-na-fraternidade-que-a-vida-e-mais-forte-do-que-a-morte.html","name":"Angelus: \u00e9 na fraternidade que a vida \u00e9 mais forte do que a morte - Not\u00edcias - Franciscanos","isPartOf":{"@id":"https:\/\/franciscanos.org.br\/noticias\/#website"},"primaryImageOfPage":{"@id":"https:\/\/franciscanos.org.br\/noticias\/angelus-e-na-fraternidade-que-a-vida-e-mais-forte-do-que-a-morte.html#primaryimage"},"datePublished":"2019-11-10T12:37:13+00:00","dateModified":"2020-06-05T22:32:03+00:00","author":{"@id":"https:\/\/franciscanos.org.br\/noticias\/#\/schema\/person\/b5c8cba458c330ccff548b056e95a5d4"},"breadcrumb":{"@id":"https:\/\/franciscanos.org.br\/noticias\/angelus-e-na-fraternidade-que-a-vida-e-mais-forte-do-que-a-morte.html#breadcrumb"},"inLanguage":"pt-BR","potentialAction":[{"@type":"ReadAction","target":["https:\/\/franciscanos.org.br\/noticias\/angelus-e-na-fraternidade-que-a-vida-e-mais-forte-do-que-a-morte.html"]}]},{"@type":"BreadcrumbList","@id":"https:\/\/franciscanos.org.br\/noticias\/angelus-e-na-fraternidade-que-a-vida-e-mais-forte-do-que-a-morte.html#breadcrumb","itemListElement":[{"@type":"ListItem","position":1,"name":"Home","item":"https:\/\/franciscanos.org.br\/noticias"},{"@type":"ListItem","position":2,"name":"Angelus: \u00e9 na fraternidade que a vida \u00e9 mais forte do que a morte"}]},{"@type":"Person","@id":"https:\/\/franciscanos.org.br\/noticias\/#\/schema\/person\/b5c8cba458c330ccff548b056e95a5d4","name":"moacir","image":{"@type":"ImageObject","inLanguage":"pt-BR","@id":"https:\/\/franciscanos.org.br\/noticias\/#\/schema\/person\/image\/","url":"https:\/\/secure.gravatar.com\/avatar\/d08aa2ce4c8dd416d4479aa8536fcf64?s=96&d=mm&r=g","contentUrl":"https:\/\/secure.gravatar.com\/avatar\/d08aa2ce4c8dd416d4479aa8536fcf64?s=96&d=mm&r=g","caption":"moacir"},"url":"https:\/\/franciscanos.org.br\/noticias\/author\/moacir"}]}},"_links":{"self":[{"href":"https:\/\/franciscanos.org.br\/noticias\/wp-json\/wp\/v2\/posts\/213819"}],"collection":[{"href":"https:\/\/franciscanos.org.br\/noticias\/wp-json\/wp\/v2\/posts"}],"about":[{"href":"https:\/\/franciscanos.org.br\/noticias\/wp-json\/wp\/v2\/types\/post"}],"author":[{"embeddable":true,"href":"https:\/\/franciscanos.org.br\/noticias\/wp-json\/wp\/v2\/users\/3"}],"replies":[{"embeddable":true,"href":"https:\/\/franciscanos.org.br\/noticias\/wp-json\/wp\/v2\/comments?post=213819"}],"version-history":[{"count":1,"href":"https:\/\/franciscanos.org.br\/noticias\/wp-json\/wp\/v2\/posts\/213819\/revisions"}],"predecessor-version":[{"id":224376,"href":"https:\/\/franciscanos.org.br\/noticias\/wp-json\/wp\/v2\/posts\/213819\/revisions\/224376"}],"wp:featuredmedia":[{"embeddable":true,"href":"https:\/\/franciscanos.org.br\/noticias\/wp-json\/wp\/v2\/media\/213821"}],"wp:attachment":[{"href":"https:\/\/franciscanos.org.br\/noticias\/wp-json\/wp\/v2\/media?parent=213819"}],"wp:term":[{"taxonomy":"category","embeddable":true,"href":"https:\/\/franciscanos.org.br\/noticias\/wp-json\/wp\/v2\/categories?post=213819"},{"taxonomy":"post_tag","embeddable":true,"href":"https:\/\/franciscanos.org.br\/noticias\/wp-json\/wp\/v2\/tags?post=213819"}],"curies":[{"name":"wp","href":"https:\/\/api.w.org\/{rel}","templated":true}]}}